{"id":5354,"date":"2020-09-08T16:03:18","date_gmt":"2020-09-08T19:03:18","guid":{"rendered":"http:\/\/diarioprincipios.com\/?p=5354"},"modified":"2020-09-08T16:04:42","modified_gmt":"2020-09-08T19:04:42","slug":"ferraresi-participo-de-una-reunion-de-intendentes-con-el-ministro-arroyo","status":"publish","type":"post","link":"https:\/\/diarioprincipios.com\/index.php\/2020\/09\/08\/ferraresi-participo-de-una-reunion-de-intendentes-con-el-ministro-arroyo\/","title":{"rendered":"Ferraresi particip\u00f3 de una reuni\u00f3n de intendentes con el ministro Arroyo"},"content":{"rendered":"\n<p>Junto al titular de Desarrollo Social y una decena de colegas de la tercera secci\u00f3n electoral, conversaron sobre la continuidad y la puesta en marcha de diferentes programas sociales en la regi\u00f3n.<\/p>\n\n\n\n<p>Un grupo de intendentes e intendentas de la tercera secci\u00f3n electoral, se reunieron ayer en el distrito de Almirante Brown con el ministro de Desarrollo Social de la Naci\u00f3n, Daniel Arroyo, con el objetivo de seguir coordinando acciones vinculadas con el abordaje social de la pandemia.<\/p>\n\n\n\n<figure class=\"wp-block-image size-large\"><img loading=\"lazy\" decoding=\"async\" width=\"1024\" height=\"684\" src=\"https:\/\/diarioprincipios.com\/wp-content\/uploads\/2020\/09\/EhWduZ6XcAYXntm-1024x684.jpg\" alt=\"\" class=\"wp-image-5355\" srcset=\"https:\/\/diarioprincipios.com\/wp-content\/uploads\/2020\/09\/EhWduZ6XcAYXntm-1024x684.jpg 1024w, https:\/\/diarioprincipios.com\/wp-content\/uploads\/2020\/09\/EhWduZ6XcAYXntm-300x200.jpg 300w, https:\/\/diarioprincipios.com\/wp-content\/uploads\/2020\/09\/EhWduZ6XcAYXntm-768x513.jpg 768w, https:\/\/diarioprincipios.com\/wp-content\/uploads\/2020\/09\/EhWduZ6XcAYXntm.jpg 1137w\" sizes=\"auto, (max-width: 1024px) 100vw, 1024px\" \/><\/figure>\n\n\n\n<p>El intendente Jorge Ferraresi destac\u00f3 que \u201cse analizaron las pol\u00edticas sociales que se llevan adelante en los distritos y se proyectaron nuevas herramientas para el crecimiento\u201d.<br><\/p>\n","protected":false},"excerpt":{"rendered":"<p>Junto al titular de Desarrollo Social y una decena de colegas de la tercera secci\u00f3n electoral, conversaron sobre la continuidad y la puesta en marcha de diferentes programas sociales en la regi\u00f3n. Un grupo de intendentes e intendentas de la tercera secci\u00f3n electoral, se reunieron ayer en el distrito de Almirante Brown con el ministro&#8230;<\/p>\n","protected":false},"author":2,"featured_media":5358,"comment_status":"open","ping_status":"open","sticky":false,"template":"","format":"standard","meta":{"footnotes":""},"categories":[5],"tags":[],"class_list":["post-5354","post","type-post","status-publish","format-standard","has-post-thumbnail","hentry","category-avellaneda"],"featured_image_src":"https:\/\/diarioprincipios.com\/wp-content\/uploads\/2020\/09\/20200908_160346.jpg","blog_images":{"medium":"https:\/\/diarioprincipios.com\/wp-content\/uploads\/2020\/09\/20200908_160346-300x179.jpg","large":"https:\/\/diarioprincipios.com\/wp-content\/uploads\/2020\/09\/20200908_160346.jpg"},"ams_acf":[],"yoast_head":"<!-- This site is optimized with the Yoast SEO plugin v27.3 - https:\/\/yoast.com\/product\/yoast-seo-wordpress\/ -->\n<title>Ferraresi particip\u00f3 de una reuni\u00f3n de intendentes con el ministro Arroyo - Principios<\/title>\n<meta name=\"robots\" content=\"index, follow, max-snippet:-1, max-image-preview:large, max-video-preview:-1\" \/>\n<link rel=\"canonical\" href=\"https:\/\/diarioprincipios.com\/index.php\/2020\/09\/08\/ferraresi-participo-de-una-reunion-de-intendentes-con-el-ministro-arroyo\/\" \/>\n<meta property=\"og:locale\" content=\"es_ES\" \/>\n<meta property=\"og:type\" content=\"article\" \/>\n<meta property=\"og:title\" content=\"Ferraresi particip\u00f3 de una reuni\u00f3n de intendentes con el ministro Arroyo - Principios\" \/>\n<meta property=\"og:description\" content=\"Junto al titular de Desarrollo Social y una decena de colegas de la tercera secci\u00f3n electoral, conversaron sobre la continuidad y la puesta en marcha de diferentes programas sociales en la regi\u00f3n. Un grupo de intendentes e intendentas de la tercera secci\u00f3n electoral, se reunieron ayer en el distrito de Almirante Brown con el ministro...\" \/>\n<meta property=\"og:url\" content=\"https:\/\/diarioprincipios.com\/index.php\/2020\/09\/08\/ferraresi-participo-de-una-reunion-de-intendentes-con-el-ministro-arroyo\/\" \/>\n<meta property=\"og:site_name\" content=\"Principios\" \/>\n<meta property=\"article:published_time\" content=\"2020-09-08T19:03:18+00:00\" \/>\n<meta property=\"article:modified_time\" content=\"2020-09-08T19:04:42+00:00\" \/>\n<meta property=\"og:image\" content=\"https:\/\/diarioprincipios.com\/wp-content\/uploads\/2020\/09\/20200908_160346.jpg\" \/>\n\t<meta property=\"og:image:width\" content=\"359\" \/>\n\t<meta property=\"og:image:height\" content=\"214\" \/>\n\t<meta property=\"og:image:type\" content=\"image\/jpeg\" \/>\n<meta name=\"author\" content=\"Hern\u00e1n L\u00f3pez\" \/>\n<meta name=\"twitter:card\" content=\"summary_large_image\" \/>\n<meta name=\"twitter:label1\" content=\"Escrito por\" \/>\n\t<meta name=\"twitter:data1\" content=\"Hern\u00e1n L\u00f3pez\" \/>\n\t<meta name=\"twitter:label2\" content=\"Tiempo de lectura\" \/>\n\t<meta name=\"twitter:data2\" content=\"1 minuto\" \/>\n<script type=\"application\/ld+json\" class=\"yoast-schema-graph\">{\"@context\":\"https:\\\/\\\/schema.org\",\"@graph\":[{\"@type\":\"Article\",\"@id\":\"https:\\\/\\\/diarioprincipios.com\\\/index.php\\\/2020\\\/09\\\/08\\\/ferraresi-participo-de-una-reunion-de-intendentes-con-el-ministro-arroyo\\\/#article\",\"isPartOf\":{\"@id\":\"https:\\\/\\\/diarioprincipios.com\\\/index.php\\\/2020\\\/09\\\/08\\\/ferraresi-participo-de-una-reunion-de-intendentes-con-el-ministro-arroyo\\\/\"},\"author\":{\"name\":\"Hern\u00e1n L\u00f3pez\",\"@id\":\"https:\\\/\\\/diarioprincipios.com\\\/#\\\/schema\\\/person\\\/436d5a1fd41a5e250e23ff5a6a7cb080\"},\"headline\":\"Ferraresi particip\u00f3 de una reuni\u00f3n de intendentes con el ministro Arroyo\",\"datePublished\":\"2020-09-08T19:03:18+00:00\",\"dateModified\":\"2020-09-08T19:04:42+00:00\",\"mainEntityOfPage\":{\"@id\":\"https:\\\/\\\/diarioprincipios.com\\\/index.php\\\/2020\\\/09\\\/08\\\/ferraresi-participo-de-una-reunion-de-intendentes-con-el-ministro-arroyo\\\/\"},\"wordCount\":121,\"commentCount\":0,\"publisher\":{\"@id\":\"https:\\\/\\\/diarioprincipios.com\\\/#organization\"},\"image\":{\"@id\":\"https:\\\/\\\/diarioprincipios.com\\\/index.php\\\/2020\\\/09\\\/08\\\/ferraresi-participo-de-una-reunion-de-intendentes-con-el-ministro-arroyo\\\/#primaryimage\"},\"thumbnailUrl\":\"https:\\\/\\\/diarioprincipios.com\\\/wp-content\\\/uploads\\\/2020\\\/09\\\/20200908_160346.jpg\",\"articleSection\":[\"Avellaneda\"],\"inLanguage\":\"es\",\"potentialAction\":[{\"@type\":\"CommentAction\",\"name\":\"Comment\",\"target\":[\"https:\\\/\\\/diarioprincipios.com\\\/index.php\\\/2020\\\/09\\\/08\\\/ferraresi-participo-de-una-reunion-de-intendentes-con-el-ministro-arroyo\\\/#respond\"]}]},{\"@type\":\"WebPage\",\"@id\":\"https:\\\/\\\/diarioprincipios.com\\\/index.php\\\/2020\\\/09\\\/08\\\/ferraresi-participo-de-una-reunion-de-intendentes-con-el-ministro-arroyo\\\/\",\"url\":\"https:\\\/\\\/diarioprincipios.com\\\/index.php\\\/2020\\\/09\\\/08\\\/ferraresi-participo-de-una-reunion-de-intendentes-con-el-ministro-arroyo\\\/\",\"name\":\"Ferraresi particip\u00f3 de una reuni\u00f3n de intendentes con el ministro Arroyo - Principios\",\"isPartOf\":{\"@id\":\"https:\\\/\\\/diarioprincipios.com\\\/#website\"},\"primaryImageOfPage\":{\"@id\":\"https:\\\/\\\/diarioprincipios.com\\\/index.php\\\/2020\\\/09\\\/08\\\/ferraresi-participo-de-una-reunion-de-intendentes-con-el-ministro-arroyo\\\/#primaryimage\"},\"image\":{\"@id\":\"https:\\\/\\\/diarioprincipios.com\\\/index.php\\\/2020\\\/09\\\/08\\\/ferraresi-participo-de-una-reunion-de-intendentes-con-el-ministro-arroyo\\\/#primaryimage\"},\"thumbnailUrl\":\"https:\\\/\\\/diarioprincipios.com\\\/wp-content\\\/uploads\\\/2020\\\/09\\\/20200908_160346.jpg\",\"datePublished\":\"2020-09-08T19:03:18+00:00\",\"dateModified\":\"2020-09-08T19:04:42+00:00\",\"breadcrumb\":{\"@id\":\"https:\\\/\\\/diarioprincipios.com\\\/index.php\\\/2020\\\/09\\\/08\\\/ferraresi-participo-de-una-reunion-de-intendentes-con-el-ministro-arroyo\\\/#breadcrumb\"},\"inLanguage\":\"es\",\"potentialAction\":[{\"@type\":\"ReadAction\",\"target\":[\"https:\\\/\\\/diarioprincipios.com\\\/index.php\\\/2020\\\/09\\\/08\\\/ferraresi-participo-de-una-reunion-de-intendentes-con-el-ministro-arroyo\\\/\"]}]},{\"@type\":\"ImageObject\",\"inLanguage\":\"es\",\"@id\":\"https:\\\/\\\/diarioprincipios.com\\\/index.php\\\/2020\\\/09\\\/08\\\/ferraresi-participo-de-una-reunion-de-intendentes-con-el-ministro-arroyo\\\/#primaryimage\",\"url\":\"https:\\\/\\\/diarioprincipios.com\\\/wp-content\\\/uploads\\\/2020\\\/09\\\/20200908_160346.jpg\",\"contentUrl\":\"https:\\\/\\\/diarioprincipios.com\\\/wp-content\\\/uploads\\\/2020\\\/09\\\/20200908_160346.jpg\",\"width\":359,\"height\":214},{\"@type\":\"BreadcrumbList\",\"@id\":\"https:\\\/\\\/diarioprincipios.com\\\/index.php\\\/2020\\\/09\\\/08\\\/ferraresi-participo-de-una-reunion-de-intendentes-con-el-ministro-arroyo\\\/#breadcrumb\",\"itemListElement\":[{\"@type\":\"ListItem\",\"position\":1,\"name\":\"Portada\",\"item\":\"https:\\\/\\\/diarioprincipios.com\\\/\"},{\"@type\":\"ListItem\",\"position\":2,\"name\":\"Ferraresi particip\u00f3 de una reuni\u00f3n de intendentes con el ministro Arroyo\"}]},{\"@type\":\"WebSite\",\"@id\":\"https:\\\/\\\/diarioprincipios.com\\\/#website\",\"url\":\"https:\\\/\\\/diarioprincipios.com\\\/\",\"name\":\"Principios\",\"description\":\"Principios Diario\",\"publisher\":{\"@id\":\"https:\\\/\\\/diarioprincipios.com\\\/#organization\"},\"potentialAction\":[{\"@type\":\"SearchAction\",\"target\":{\"@type\":\"EntryPoint\",\"urlTemplate\":\"https:\\\/\\\/diarioprincipios.com\\\/?s={search_term_string}\"},\"query-input\":{\"@type\":\"PropertyValueSpecification\",\"valueRequired\":true,\"valueName\":\"search_term_string\"}}],\"inLanguage\":\"es\"},{\"@type\":\"Organization\",\"@id\":\"https:\\\/\\\/diarioprincipios.com\\\/#organization\",\"name\":\"Principios\",\"url\":\"https:\\\/\\\/diarioprincipios.com\\\/\",\"logo\":{\"@type\":\"ImageObject\",\"inLanguage\":\"es\",\"@id\":\"https:\\\/\\\/diarioprincipios.com\\\/#\\\/schema\\\/logo\\\/image\\\/\",\"url\":\"https:\\\/\\\/diarioprincipios.com\\\/wp-content\\\/uploads\\\/2024\\\/04\\\/cropped-www.diarioprincipios.com_-1.png\",\"contentUrl\":\"https:\\\/\\\/diarioprincipios.com\\\/wp-content\\\/uploads\\\/2024\\\/04\\\/cropped-www.diarioprincipios.com_-1.png\",\"width\":5325,\"height\":1454,\"caption\":\"Principios\"},\"image\":{\"@id\":\"https:\\\/\\\/diarioprincipios.com\\\/#\\\/schema\\\/logo\\\/image\\\/\"}},{\"@type\":\"Person\",\"@id\":\"https:\\\/\\\/diarioprincipios.com\\\/#\\\/schema\\\/person\\\/436d5a1fd41a5e250e23ff5a6a7cb080\",\"name\":\"Hern\u00e1n L\u00f3pez\",\"image\":{\"@type\":\"ImageObject\",\"inLanguage\":\"es\",\"@id\":\"https:\\\/\\\/diarioprincipios.com\\\/wp-content\\\/litespeed\\\/avatar\\\/11ddfe5610ff3bd100522525b2571f48.jpg?ver=1777048341\",\"url\":\"https:\\\/\\\/diarioprincipios.com\\\/wp-content\\\/litespeed\\\/avatar\\\/11ddfe5610ff3bd100522525b2571f48.jpg?ver=1777048341\",\"contentUrl\":\"https:\\\/\\\/diarioprincipios.com\\\/wp-content\\\/litespeed\\\/avatar\\\/11ddfe5610ff3bd100522525b2571f48.jpg?ver=1777048341\",\"caption\":\"Hern\u00e1n L\u00f3pez\"},\"url\":\"https:\\\/\\\/diarioprincipios.com\\\/index.php\\\/author\\\/hernan\\\/\"}]}<\/script>\n<!-- \/ Yoast SEO plugin. -->","yoast_head_json":{"title":"Ferraresi particip\u00f3 de una reuni\u00f3n de intendentes con el ministro Arroyo - Principios","robots":{"index":"index","follow":"follow","max-snippet":"max-snippet:-1","max-image-preview":"max-image-preview:large","max-video-preview":"max-video-preview:-1"},"canonical":"https:\/\/diarioprincipios.com\/index.php\/2020\/09\/08\/ferraresi-participo-de-una-reunion-de-intendentes-con-el-ministro-arroyo\/","og_locale":"es_ES","og_type":"article","og_title":"Ferraresi particip\u00f3 de una reuni\u00f3n de intendentes con el ministro Arroyo - Principios","og_description":"Junto al titular de Desarrollo Social y una decena de colegas de la tercera secci\u00f3n electoral, conversaron sobre la continuidad y la puesta en marcha de diferentes programas sociales en la regi\u00f3n. Un grupo de intendentes e intendentas de la tercera secci\u00f3n electoral, se reunieron ayer en el distrito de Almirante Brown con el ministro...","og_url":"https:\/\/diarioprincipios.com\/index.php\/2020\/09\/08\/ferraresi-participo-de-una-reunion-de-intendentes-con-el-ministro-arroyo\/","og_site_name":"Principios","article_published_time":"2020-09-08T19:03:18+00:00","article_modified_time":"2020-09-08T19:04:42+00:00","og_image":[{"width":359,"height":214,"url":"https:\/\/diarioprincipios.com\/wp-content\/uploads\/2020\/09\/20200908_160346.jpg","type":"image\/jpeg"}],"author":"Hern\u00e1n L\u00f3pez","twitter_card":"summary_large_image","twitter_misc":{"Escrito por":"Hern\u00e1n L\u00f3pez","Tiempo de lectura":"1 minuto"},"schema":{"@context":"https:\/\/schema.org","@graph":[{"@type":"Article","@id":"https:\/\/diarioprincipios.com\/index.php\/2020\/09\/08\/ferraresi-participo-de-una-reunion-de-intendentes-con-el-ministro-arroyo\/#article","isPartOf":{"@id":"https:\/\/diarioprincipios.com\/index.php\/2020\/09\/08\/ferraresi-participo-de-una-reunion-de-intendentes-con-el-ministro-arroyo\/"},"author":{"name":"Hern\u00e1n L\u00f3pez","@id":"https:\/\/diarioprincipios.com\/#\/schema\/person\/436d5a1fd41a5e250e23ff5a6a7cb080"},"headline":"Ferraresi particip\u00f3 de una reuni\u00f3n de intendentes con el ministro Arroyo","datePublished":"2020-09-08T19:03:18+00:00","dateModified":"2020-09-08T19:04:42+00:00","mainEntityOfPage":{"@id":"https:\/\/diarioprincipios.com\/index.php\/2020\/09\/08\/ferraresi-participo-de-una-reunion-de-intendentes-con-el-ministro-arroyo\/"},"wordCount":121,"commentCount":0,"publisher":{"@id":"https:\/\/diarioprincipios.com\/#organization"},"image":{"@id":"https:\/\/diarioprincipios.com\/index.php\/2020\/09\/08\/ferraresi-participo-de-una-reunion-de-intendentes-con-el-ministro-arroyo\/#primaryimage"},"thumbnailUrl":"https:\/\/diarioprincipios.com\/wp-content\/uploads\/2020\/09\/20200908_160346.jpg","articleSection":["Avellaneda"],"inLanguage":"es","potentialAction":[{"@type":"CommentAction","name":"Comment","target":["https:\/\/diarioprincipios.com\/index.php\/2020\/09\/08\/ferraresi-participo-de-una-reunion-de-intendentes-con-el-ministro-arroyo\/#respond"]}]},{"@type":"WebPage","@id":"https:\/\/diarioprincipios.com\/index.php\/2020\/09\/08\/ferraresi-participo-de-una-reunion-de-intendentes-con-el-ministro-arroyo\/","url":"https:\/\/diarioprincipios.com\/index.php\/2020\/09\/08\/ferraresi-participo-de-una-reunion-de-intendentes-con-el-ministro-arroyo\/","name":"Ferraresi particip\u00f3 de una reuni\u00f3n de intendentes con el ministro Arroyo - Principios","isPartOf":{"@id":"https:\/\/diarioprincipios.com\/#website"},"primaryImageOfPage":{"@id":"https:\/\/diarioprincipios.com\/index.php\/2020\/09\/08\/ferraresi-participo-de-una-reunion-de-intendentes-con-el-ministro-arroyo\/#primaryimage"},"image":{"@id":"https:\/\/diarioprincipios.com\/index.php\/2020\/09\/08\/ferraresi-participo-de-una-reunion-de-intendentes-con-el-ministro-arroyo\/#primaryimage"},"thumbnailUrl":"https:\/\/diarioprincipios.com\/wp-content\/uploads\/2020\/09\/20200908_160346.jpg","datePublished":"2020-09-08T19:03:18+00:00","dateModified":"2020-09-08T19:04:42+00:00","breadcrumb":{"@id":"https:\/\/diarioprincipios.com\/index.php\/2020\/09\/08\/ferraresi-participo-de-una-reunion-de-intendentes-con-el-ministro-arroyo\/#breadcrumb"},"inLanguage":"es","potentialAction":[{"@type":"ReadAction","target":["https:\/\/diarioprincipios.com\/index.php\/2020\/09\/08\/ferraresi-participo-de-una-reunion-de-intendentes-con-el-ministro-arroyo\/"]}]},{"@type":"ImageObject","inLanguage":"es","@id":"https:\/\/diarioprincipios.com\/index.php\/2020\/09\/08\/ferraresi-participo-de-una-reunion-de-intendentes-con-el-ministro-arroyo\/#primaryimage","url":"https:\/\/diarioprincipios.com\/wp-content\/uploads\/2020\/09\/20200908_160346.jpg","contentUrl":"https:\/\/diarioprincipios.com\/wp-content\/uploads\/2020\/09\/20200908_160346.jpg","width":359,"height":214},{"@type":"BreadcrumbList","@id":"https:\/\/diarioprincipios.com\/index.php\/2020\/09\/08\/ferraresi-participo-de-una-reunion-de-intendentes-con-el-ministro-arroyo\/#breadcrumb","itemListElement":[{"@type":"ListItem","position":1,"name":"Portada","item":"https:\/\/diarioprincipios.com\/"},{"@type":"ListItem","position":2,"name":"Ferraresi particip\u00f3 de una reuni\u00f3n de intendentes con el ministro Arroyo"}]},{"@type":"WebSite","@id":"https:\/\/diarioprincipios.com\/#website","url":"https:\/\/diarioprincipios.com\/","name":"Principios","description":"Principios Diario","publisher":{"@id":"https:\/\/diarioprincipios.com\/#organization"},"potentialAction":[{"@type":"SearchAction","target":{"@type":"EntryPoint","urlTemplate":"https:\/\/diarioprincipios.com\/?s={search_term_string}"},"query-input":{"@type":"PropertyValueSpecification","valueRequired":true,"valueName":"search_term_string"}}],"inLanguage":"es"},{"@type":"Organization","@id":"https:\/\/diarioprincipios.com\/#organization","name":"Principios","url":"https:\/\/diarioprincipios.com\/","logo":{"@type":"ImageObject","inLanguage":"es","@id":"https:\/\/diarioprincipios.com\/#\/schema\/logo\/image\/","url":"https:\/\/diarioprincipios.com\/wp-content\/uploads\/2024\/04\/cropped-www.diarioprincipios.com_-1.png","contentUrl":"https:\/\/diarioprincipios.com\/wp-content\/uploads\/2024\/04\/cropped-www.diarioprincipios.com_-1.png","width":5325,"height":1454,"caption":"Principios"},"image":{"@id":"https:\/\/diarioprincipios.com\/#\/schema\/logo\/image\/"}},{"@type":"Person","@id":"https:\/\/diarioprincipios.com\/#\/schema\/person\/436d5a1fd41a5e250e23ff5a6a7cb080","name":"Hern\u00e1n L\u00f3pez","image":{"@type":"ImageObject","inLanguage":"es","@id":"https:\/\/diarioprincipios.com\/wp-content\/litespeed\/avatar\/11ddfe5610ff3bd100522525b2571f48.jpg?ver=1777048341","url":"https:\/\/diarioprincipios.com\/wp-content\/litespeed\/avatar\/11ddfe5610ff3bd100522525b2571f48.jpg?ver=1777048341","contentUrl":"https:\/\/diarioprincipios.com\/wp-content\/litespeed\/avatar\/11ddfe5610ff3bd100522525b2571f48.jpg?ver=1777048341","caption":"Hern\u00e1n L\u00f3pez"},"url":"https:\/\/diarioprincipios.com\/index.php\/author\/hernan\/"}]}},"jetpack_featured_media_url":"https:\/\/diarioprincipios.com\/wp-content\/uploads\/2020\/09\/20200908_160346.jpg","_links":{"self":[{"href":"https:\/\/diarioprincipios.com\/index.php\/wp-json\/wp\/v2\/posts\/5354","targetHints":{"allow":["GET"]}}],"collection":[{"href":"https:\/\/diarioprincipios.com\/index.php\/wp-json\/wp\/v2\/posts"}],"about":[{"href":"https:\/\/diarioprincipios.com\/index.php\/wp-json\/wp\/v2\/types\/post"}],"author":[{"embeddable":true,"href":"https:\/\/diarioprincipios.com\/index.php\/wp-json\/wp\/v2\/users\/2"}],"replies":[{"embeddable":true,"href":"https:\/\/diarioprincipios.com\/index.php\/wp-json\/wp\/v2\/comments?post=5354"}],"version-history":[{"count":1,"href":"https:\/\/diarioprincipios.com\/index.php\/wp-json\/wp\/v2\/posts\/5354\/revisions"}],"predecessor-version":[{"id":5357,"href":"https:\/\/diarioprincipios.com\/index.php\/wp-json\/wp\/v2\/posts\/5354\/revisions\/5357"}],"wp:featuredmedia":[{"embeddable":true,"href":"https:\/\/diarioprincipios.com\/index.php\/wp-json\/wp\/v2\/media\/5358"}],"wp:attachment":[{"href":"https:\/\/diarioprincipios.com\/index.php\/wp-json\/wp\/v2\/media?parent=5354"}],"wp:term":[{"taxonomy":"category","embeddable":true,"href":"https:\/\/diarioprincipios.com\/index.php\/wp-json\/wp\/v2\/categories?post=5354"},{"taxonomy":"post_tag","embeddable":true,"href":"https:\/\/diarioprincipios.com\/index.php\/wp-json\/wp\/v2\/tags?post=5354"}],"curies":[{"name":"wp","href":"https:\/\/api.w.org\/{rel}","templated":true}]}}