{"id":5331,"date":"2020-09-07T13:56:55","date_gmt":"2020-09-07T16:56:55","guid":{"rendered":"http:\/\/diarioprincipios.com\/?p=5331"},"modified":"2020-09-07T13:57:00","modified_gmt":"2020-09-07T16:57:00","slug":"el-equipo-de-profesionales-del-hospital-el-cruce-presento-el-nuevo-protocolo-de-cuidados-humanizados","status":"publish","type":"post","link":"https:\/\/diarioprincipios.com\/index.php\/2020\/09\/07\/el-equipo-de-profesionales-del-hospital-el-cruce-presento-el-nuevo-protocolo-de-cuidados-humanizados\/","title":{"rendered":"El equipo de profesionales del Hospital El Cruce present\u00f3 el nuevo protocolo de cuidados humanizados"},"content":{"rendered":"\n<p>El protocolo implica una serie de medidas de prevenci\u00f3n que permiten el acercamiento y una atenci\u00f3n m\u00e1s personalizada, emp\u00e1tica y de contenci\u00f3n por parte del personal hacia familiares y pacientes.<\/p>\n\n\n\n<p>La pandemia por COVID no solo transform\u00f3 la manera de vivir, sino tambi\u00e9n la de morir. Durante el lanzamiento, que se realiz\u00f3 este jueves 03 de septiembre por v\u00eda zoom, el secretario de Calidad en Salud del Ministerio de Salud de la Naci\u00f3n, Arnaldo Medina, destac\u00f3 que con la implementaci\u00f3n de este protocolo se busca que \u201cel proceso de morir sea con dignidad. En nuestra cultura necesitamos de ciertos rituales para realizar el duelo por eso necesitamos de la presencia f\u00edsica de familiares en el final de la vida. Y para eso, los centros sanitarios requieren entornos m\u00e1s emp\u00e1ticos, ponerse en el lugar del otro\u201d.<\/p>\n\n\n\n<p>\u201cEstamos atravesando un momento muy dif\u00edcil en nuestro sistema de salud y esto lo sufren tanto los pacientes como los trabajadores de la salud. Los trabajadores tambi\u00e9n sienten mucho dolor, mucha angustia, algunos intentan escapar con mecanismos de defensa, pero las instituciones tambi\u00e9n deben estar a la altura y ayudar en este tema\u201d, agreg\u00f3 Medina.<\/p>\n\n\n\n<figure class=\"wp-block-image\"><a href=\"https:\/\/www.unaj.edu.ar\/wp-content\/uploads\/2020\/09\/Protocolo-Salud-03.jpg\"><img decoding=\"async\" src=\"https:\/\/www.unaj.edu.ar\/wp-content\/uploads\/2020\/09\/Protocolo-Salud-03-300x300.jpg\" alt=\"\"\/><\/a><\/figure>\n\n\n\n<figure class=\"wp-block-image\"><a href=\"https:\/\/www.unaj.edu.ar\/wp-content\/uploads\/2020\/09\/Protocolo-Salud-05.jpg\"><img decoding=\"async\" src=\"https:\/\/www.unaj.edu.ar\/wp-content\/uploads\/2020\/09\/Protocolo-Salud-05-300x300.jpg\" alt=\"\"\/><\/a><\/figure>\n\n\n\n<h3 class=\"wp-block-heading\"><strong>Un asunto \u00e9tico<\/strong><\/h3>\n\n\n\n<p>Para el director del Hospital El Cruce, Ariel S\u00e1ez de Guinoa, \u201cesta pandemia vino a decirnos a todos que no existen las certezas y que humanizar los cuidados es un asunto \u00e9tico, tiene que ver con los valores, ser conscientes de la necesidad de la empat\u00eda, de ser solidarios, afectuosos, comunicativos. Es una dimensi\u00f3n social y \u00e9tica (\u2026) Sentarse y saber escuchar es fundamental en la tarea de un m\u00e9dico\u201d.<\/p>\n\n\n\n<p>El protocolo establece ciertas recomendaciones tanto para el trato con los pacientes como con los familiares desde que ingresan al hospital hasta que se van. \u201cEs un alivio para los familiares. Si bien la humanizaci\u00f3n es un camino que se ha iniciado hace tiempo en el hospital hoy le pusimos estructura\u201d, detall\u00f3 la licenciada en Psicolog\u00eda, Paola Andreatta.<\/p>\n\n\n\n<p>En tanto, el doctor Osvaldo Fari\u00f1a sentenci\u00f3: \u201cEl amor siempre hace bien, eso es innegable. La aplicaci\u00f3n de este protocolo nos hace mejores como instituci\u00f3n y como personas\u201d. \u201cEs una respuesta a ese pedido desesperado de familiares. Nuestro granito de arena en un gran desierto\u201d, agreg\u00f3 la doctora Beatriz Caballeira.<\/p>\n\n\n\n<p>Del lanzamiento participaron autoridades nacionales, autoridades provinciales y autoridades de la Red Sudeste, Secretarios de Salud y Directores de Hospitales. Para conocer el protocolo, ingresar a la web oficial del Hospital&nbsp;<a href=\"https:\/\/www.hospitalelcruce.org\/\" target=\"_blank\" rel=\"noreferrer noopener\">https:\/\/www.hospitalelcruce.org\/<\/a><\/p>\n","protected":false},"excerpt":{"rendered":"<p>El protocolo implica una serie de medidas de prevenci\u00f3n que permiten el acercamiento y una atenci\u00f3n m\u00e1s personalizada, emp\u00e1tica y de contenci\u00f3n por parte del personal hacia familiares y pacientes. La pandemia por COVID no solo transform\u00f3 la manera de vivir, sino tambi\u00e9n la de morir. Durante el lanzamiento, que se realiz\u00f3 este jueves 03&#8230;<\/p>\n","protected":false},"author":2,"featured_media":5332,"comment_status":"open","ping_status":"open","sticky":false,"template":"","format":"standard","meta":{"footnotes":""},"categories":[10],"tags":[],"class_list":["post-5331","post","type-post","status-publish","format-standard","has-post-thumbnail","hentry","category-nacion"],"featured_image_src":"https:\/\/diarioprincipios.com\/wp-content\/uploads\/2020\/09\/2.jpg","blog_images":{"medium":"https:\/\/diarioprincipios.com\/wp-content\/uploads\/2020\/09\/2-300x169.jpg","large":"https:\/\/diarioprincipios.com\/wp-content\/uploads\/2020\/09\/2.jpg"},"ams_acf":[],"yoast_head":"<!-- This site is optimized with the Yoast SEO plugin v27.3 - https:\/\/yoast.com\/product\/yoast-seo-wordpress\/ -->\n<title>El equipo de profesionales del Hospital El Cruce present\u00f3 el nuevo protocolo de cuidados humanizados - Principios<\/title>\n<meta name=\"robots\" content=\"index, follow, max-snippet:-1, max-image-preview:large, max-video-preview:-1\" \/>\n<link rel=\"canonical\" href=\"https:\/\/diarioprincipios.com\/index.php\/2020\/09\/07\/el-equipo-de-profesionales-del-hospital-el-cruce-presento-el-nuevo-protocolo-de-cuidados-humanizados\/\" \/>\n<meta property=\"og:locale\" content=\"es_ES\" \/>\n<meta property=\"og:type\" content=\"article\" \/>\n<meta property=\"og:title\" content=\"El equipo de profesionales del Hospital El Cruce present\u00f3 el nuevo protocolo de cuidados humanizados - Principios\" \/>\n<meta property=\"og:description\" content=\"El protocolo implica una serie de medidas de prevenci\u00f3n que permiten el acercamiento y una atenci\u00f3n m\u00e1s personalizada, emp\u00e1tica y de contenci\u00f3n por parte del personal hacia familiares y pacientes. La pandemia por COVID no solo transform\u00f3 la manera de vivir, sino tambi\u00e9n la de morir. Durante el lanzamiento, que se realiz\u00f3 este jueves 03...\" \/>\n<meta property=\"og:url\" content=\"https:\/\/diarioprincipios.com\/index.php\/2020\/09\/07\/el-equipo-de-profesionales-del-hospital-el-cruce-presento-el-nuevo-protocolo-de-cuidados-humanizados\/\" \/>\n<meta property=\"og:site_name\" content=\"Principios\" \/>\n<meta property=\"article:published_time\" content=\"2020-09-07T16:56:55+00:00\" \/>\n<meta property=\"article:modified_time\" content=\"2020-09-07T16:57:00+00:00\" \/>\n<meta property=\"og:image\" content=\"https:\/\/diarioprincipios.com\/wp-content\/uploads\/2020\/09\/2.jpg\" \/>\n\t<meta property=\"og:image:width\" content=\"680\" \/>\n\t<meta property=\"og:image:height\" content=\"383\" \/>\n\t<meta property=\"og:image:type\" content=\"image\/jpeg\" \/>\n<meta name=\"author\" content=\"Hern\u00e1n L\u00f3pez\" \/>\n<meta name=\"twitter:card\" content=\"summary_large_image\" \/>\n<meta name=\"twitter:label1\" content=\"Escrito por\" \/>\n\t<meta name=\"twitter:data1\" content=\"Hern\u00e1n L\u00f3pez\" \/>\n\t<meta name=\"twitter:label2\" content=\"Tiempo de lectura\" \/>\n\t<meta name=\"twitter:data2\" content=\"2 minutos\" \/>\n<script type=\"application\/ld+json\" class=\"yoast-schema-graph\">{\"@context\":\"https:\\\/\\\/schema.org\",\"@graph\":[{\"@type\":\"Article\",\"@id\":\"https:\\\/\\\/diarioprincipios.com\\\/index.php\\\/2020\\\/09\\\/07\\\/el-equipo-de-profesionales-del-hospital-el-cruce-presento-el-nuevo-protocolo-de-cuidados-humanizados\\\/#article\",\"isPartOf\":{\"@id\":\"https:\\\/\\\/diarioprincipios.com\\\/index.php\\\/2020\\\/09\\\/07\\\/el-equipo-de-profesionales-del-hospital-el-cruce-presento-el-nuevo-protocolo-de-cuidados-humanizados\\\/\"},\"author\":{\"name\":\"Hern\u00e1n L\u00f3pez\",\"@id\":\"https:\\\/\\\/diarioprincipios.com\\\/#\\\/schema\\\/person\\\/436d5a1fd41a5e250e23ff5a6a7cb080\"},\"headline\":\"El equipo de profesionales del Hospital El Cruce present\u00f3 el nuevo protocolo de cuidados humanizados\",\"datePublished\":\"2020-09-07T16:56:55+00:00\",\"dateModified\":\"2020-09-07T16:57:00+00:00\",\"mainEntityOfPage\":{\"@id\":\"https:\\\/\\\/diarioprincipios.com\\\/index.php\\\/2020\\\/09\\\/07\\\/el-equipo-de-profesionales-del-hospital-el-cruce-presento-el-nuevo-protocolo-de-cuidados-humanizados\\\/\"},\"wordCount\":444,\"commentCount\":0,\"publisher\":{\"@id\":\"https:\\\/\\\/diarioprincipios.com\\\/#organization\"},\"image\":{\"@id\":\"https:\\\/\\\/diarioprincipios.com\\\/index.php\\\/2020\\\/09\\\/07\\\/el-equipo-de-profesionales-del-hospital-el-cruce-presento-el-nuevo-protocolo-de-cuidados-humanizados\\\/#primaryimage\"},\"thumbnailUrl\":\"https:\\\/\\\/diarioprincipios.com\\\/wp-content\\\/uploads\\\/2020\\\/09\\\/2.jpg\",\"articleSection\":[\"Naci\u00f3n\"],\"inLanguage\":\"es\",\"potentialAction\":[{\"@type\":\"CommentAction\",\"name\":\"Comment\",\"target\":[\"https:\\\/\\\/diarioprincipios.com\\\/index.php\\\/2020\\\/09\\\/07\\\/el-equipo-de-profesionales-del-hospital-el-cruce-presento-el-nuevo-protocolo-de-cuidados-humanizados\\\/#respond\"]}]},{\"@type\":\"WebPage\",\"@id\":\"https:\\\/\\\/diarioprincipios.com\\\/index.php\\\/2020\\\/09\\\/07\\\/el-equipo-de-profesionales-del-hospital-el-cruce-presento-el-nuevo-protocolo-de-cuidados-humanizados\\\/\",\"url\":\"https:\\\/\\\/diarioprincipios.com\\\/index.php\\\/2020\\\/09\\\/07\\\/el-equipo-de-profesionales-del-hospital-el-cruce-presento-el-nuevo-protocolo-de-cuidados-humanizados\\\/\",\"name\":\"El equipo de profesionales del Hospital El Cruce present\u00f3 el nuevo protocolo de cuidados humanizados - Principios\",\"isPartOf\":{\"@id\":\"https:\\\/\\\/diarioprincipios.com\\\/#website\"},\"primaryImageOfPage\":{\"@id\":\"https:\\\/\\\/diarioprincipios.com\\\/index.php\\\/2020\\\/09\\\/07\\\/el-equipo-de-profesionales-del-hospital-el-cruce-presento-el-nuevo-protocolo-de-cuidados-humanizados\\\/#primaryimage\"},\"image\":{\"@id\":\"https:\\\/\\\/diarioprincipios.com\\\/index.php\\\/2020\\\/09\\\/07\\\/el-equipo-de-profesionales-del-hospital-el-cruce-presento-el-nuevo-protocolo-de-cuidados-humanizados\\\/#primaryimage\"},\"thumbnailUrl\":\"https:\\\/\\\/diarioprincipios.com\\\/wp-content\\\/uploads\\\/2020\\\/09\\\/2.jpg\",\"datePublished\":\"2020-09-07T16:56:55+00:00\",\"dateModified\":\"2020-09-07T16:57:00+00:00\",\"breadcrumb\":{\"@id\":\"https:\\\/\\\/diarioprincipios.com\\\/index.php\\\/2020\\\/09\\\/07\\\/el-equipo-de-profesionales-del-hospital-el-cruce-presento-el-nuevo-protocolo-de-cuidados-humanizados\\\/#breadcrumb\"},\"inLanguage\":\"es\",\"potentialAction\":[{\"@type\":\"ReadAction\",\"target\":[\"https:\\\/\\\/diarioprincipios.com\\\/index.php\\\/2020\\\/09\\\/07\\\/el-equipo-de-profesionales-del-hospital-el-cruce-presento-el-nuevo-protocolo-de-cuidados-humanizados\\\/\"]}]},{\"@type\":\"ImageObject\",\"inLanguage\":\"es\",\"@id\":\"https:\\\/\\\/diarioprincipios.com\\\/index.php\\\/2020\\\/09\\\/07\\\/el-equipo-de-profesionales-del-hospital-el-cruce-presento-el-nuevo-protocolo-de-cuidados-humanizados\\\/#primaryimage\",\"url\":\"https:\\\/\\\/diarioprincipios.com\\\/wp-content\\\/uploads\\\/2020\\\/09\\\/2.jpg\",\"contentUrl\":\"https:\\\/\\\/diarioprincipios.com\\\/wp-content\\\/uploads\\\/2020\\\/09\\\/2.jpg\",\"width\":680,\"height\":383},{\"@type\":\"BreadcrumbList\",\"@id\":\"https:\\\/\\\/diarioprincipios.com\\\/index.php\\\/2020\\\/09\\\/07\\\/el-equipo-de-profesionales-del-hospital-el-cruce-presento-el-nuevo-protocolo-de-cuidados-humanizados\\\/#breadcrumb\",\"itemListElement\":[{\"@type\":\"ListItem\",\"position\":1,\"name\":\"Portada\",\"item\":\"https:\\\/\\\/diarioprincipios.com\\\/\"},{\"@type\":\"ListItem\",\"position\":2,\"name\":\"El equipo de profesionales del Hospital El Cruce present\u00f3 el nuevo protocolo de cuidados humanizados\"}]},{\"@type\":\"WebSite\",\"@id\":\"https:\\\/\\\/diarioprincipios.com\\\/#website\",\"url\":\"https:\\\/\\\/diarioprincipios.com\\\/\",\"name\":\"Principios\",\"description\":\"Principios Diario\",\"publisher\":{\"@id\":\"https:\\\/\\\/diarioprincipios.com\\\/#organization\"},\"potentialAction\":[{\"@type\":\"SearchAction\",\"target\":{\"@type\":\"EntryPoint\",\"urlTemplate\":\"https:\\\/\\\/diarioprincipios.com\\\/?s={search_term_string}\"},\"query-input\":{\"@type\":\"PropertyValueSpecification\",\"valueRequired\":true,\"valueName\":\"search_term_string\"}}],\"inLanguage\":\"es\"},{\"@type\":\"Organization\",\"@id\":\"https:\\\/\\\/diarioprincipios.com\\\/#organization\",\"name\":\"Principios\",\"url\":\"https:\\\/\\\/diarioprincipios.com\\\/\",\"logo\":{\"@type\":\"ImageObject\",\"inLanguage\":\"es\",\"@id\":\"https:\\\/\\\/diarioprincipios.com\\\/#\\\/schema\\\/logo\\\/image\\\/\",\"url\":\"https:\\\/\\\/diarioprincipios.com\\\/wp-content\\\/uploads\\\/2024\\\/04\\\/cropped-www.diarioprincipios.com_-1.png\",\"contentUrl\":\"https:\\\/\\\/diarioprincipios.com\\\/wp-content\\\/uploads\\\/2024\\\/04\\\/cropped-www.diarioprincipios.com_-1.png\",\"width\":5325,\"height\":1454,\"caption\":\"Principios\"},\"image\":{\"@id\":\"https:\\\/\\\/diarioprincipios.com\\\/#\\\/schema\\\/logo\\\/image\\\/\"}},{\"@type\":\"Person\",\"@id\":\"https:\\\/\\\/diarioprincipios.com\\\/#\\\/schema\\\/person\\\/436d5a1fd41a5e250e23ff5a6a7cb080\",\"name\":\"Hern\u00e1n L\u00f3pez\",\"image\":{\"@type\":\"ImageObject\",\"inLanguage\":\"es\",\"@id\":\"https:\\\/\\\/diarioprincipios.com\\\/wp-content\\\/litespeed\\\/avatar\\\/11ddfe5610ff3bd100522525b2571f48.jpg?ver=1777048341\",\"url\":\"https:\\\/\\\/diarioprincipios.com\\\/wp-content\\\/litespeed\\\/avatar\\\/11ddfe5610ff3bd100522525b2571f48.jpg?ver=1777048341\",\"contentUrl\":\"https:\\\/\\\/diarioprincipios.com\\\/wp-content\\\/litespeed\\\/avatar\\\/11ddfe5610ff3bd100522525b2571f48.jpg?ver=1777048341\",\"caption\":\"Hern\u00e1n L\u00f3pez\"},\"url\":\"https:\\\/\\\/diarioprincipios.com\\\/index.php\\\/author\\\/hernan\\\/\"}]}<\/script>\n<!-- \/ Yoast SEO plugin. -->","yoast_head_json":{"title":"El equipo de profesionales del Hospital El Cruce present\u00f3 el nuevo protocolo de cuidados humanizados - Principios","robots":{"index":"index","follow":"follow","max-snippet":"max-snippet:-1","max-image-preview":"max-image-preview:large","max-video-preview":"max-video-preview:-1"},"canonical":"https:\/\/diarioprincipios.com\/index.php\/2020\/09\/07\/el-equipo-de-profesionales-del-hospital-el-cruce-presento-el-nuevo-protocolo-de-cuidados-humanizados\/","og_locale":"es_ES","og_type":"article","og_title":"El equipo de profesionales del Hospital El Cruce present\u00f3 el nuevo protocolo de cuidados humanizados - Principios","og_description":"El protocolo implica una serie de medidas de prevenci\u00f3n que permiten el acercamiento y una atenci\u00f3n m\u00e1s personalizada, emp\u00e1tica y de contenci\u00f3n por parte del personal hacia familiares y pacientes. La pandemia por COVID no solo transform\u00f3 la manera de vivir, sino tambi\u00e9n la de morir. Durante el lanzamiento, que se realiz\u00f3 este jueves 03...","og_url":"https:\/\/diarioprincipios.com\/index.php\/2020\/09\/07\/el-equipo-de-profesionales-del-hospital-el-cruce-presento-el-nuevo-protocolo-de-cuidados-humanizados\/","og_site_name":"Principios","article_published_time":"2020-09-07T16:56:55+00:00","article_modified_time":"2020-09-07T16:57:00+00:00","og_image":[{"width":680,"height":383,"url":"https:\/\/diarioprincipios.com\/wp-content\/uploads\/2020\/09\/2.jpg","type":"image\/jpeg"}],"author":"Hern\u00e1n L\u00f3pez","twitter_card":"summary_large_image","twitter_misc":{"Escrito por":"Hern\u00e1n L\u00f3pez","Tiempo de lectura":"2 minutos"},"schema":{"@context":"https:\/\/schema.org","@graph":[{"@type":"Article","@id":"https:\/\/diarioprincipios.com\/index.php\/2020\/09\/07\/el-equipo-de-profesionales-del-hospital-el-cruce-presento-el-nuevo-protocolo-de-cuidados-humanizados\/#article","isPartOf":{"@id":"https:\/\/diarioprincipios.com\/index.php\/2020\/09\/07\/el-equipo-de-profesionales-del-hospital-el-cruce-presento-el-nuevo-protocolo-de-cuidados-humanizados\/"},"author":{"name":"Hern\u00e1n L\u00f3pez","@id":"https:\/\/diarioprincipios.com\/#\/schema\/person\/436d5a1fd41a5e250e23ff5a6a7cb080"},"headline":"El equipo de profesionales del Hospital El Cruce present\u00f3 el nuevo protocolo de cuidados humanizados","datePublished":"2020-09-07T16:56:55+00:00","dateModified":"2020-09-07T16:57:00+00:00","mainEntityOfPage":{"@id":"https:\/\/diarioprincipios.com\/index.php\/2020\/09\/07\/el-equipo-de-profesionales-del-hospital-el-cruce-presento-el-nuevo-protocolo-de-cuidados-humanizados\/"},"wordCount":444,"commentCount":0,"publisher":{"@id":"https:\/\/diarioprincipios.com\/#organization"},"image":{"@id":"https:\/\/diarioprincipios.com\/index.php\/2020\/09\/07\/el-equipo-de-profesionales-del-hospital-el-cruce-presento-el-nuevo-protocolo-de-cuidados-humanizados\/#primaryimage"},"thumbnailUrl":"https:\/\/diarioprincipios.com\/wp-content\/uploads\/2020\/09\/2.jpg","articleSection":["Naci\u00f3n"],"inLanguage":"es","potentialAction":[{"@type":"CommentAction","name":"Comment","target":["https:\/\/diarioprincipios.com\/index.php\/2020\/09\/07\/el-equipo-de-profesionales-del-hospital-el-cruce-presento-el-nuevo-protocolo-de-cuidados-humanizados\/#respond"]}]},{"@type":"WebPage","@id":"https:\/\/diarioprincipios.com\/index.php\/2020\/09\/07\/el-equipo-de-profesionales-del-hospital-el-cruce-presento-el-nuevo-protocolo-de-cuidados-humanizados\/","url":"https:\/\/diarioprincipios.com\/index.php\/2020\/09\/07\/el-equipo-de-profesionales-del-hospital-el-cruce-presento-el-nuevo-protocolo-de-cuidados-humanizados\/","name":"El equipo de profesionales del Hospital El Cruce present\u00f3 el nuevo protocolo de cuidados humanizados - Principios","isPartOf":{"@id":"https:\/\/diarioprincipios.com\/#website"},"primaryImageOfPage":{"@id":"https:\/\/diarioprincipios.com\/index.php\/2020\/09\/07\/el-equipo-de-profesionales-del-hospital-el-cruce-presento-el-nuevo-protocolo-de-cuidados-humanizados\/#primaryimage"},"image":{"@id":"https:\/\/diarioprincipios.com\/index.php\/2020\/09\/07\/el-equipo-de-profesionales-del-hospital-el-cruce-presento-el-nuevo-protocolo-de-cuidados-humanizados\/#primaryimage"},"thumbnailUrl":"https:\/\/diarioprincipios.com\/wp-content\/uploads\/2020\/09\/2.jpg","datePublished":"2020-09-07T16:56:55+00:00","dateModified":"2020-09-07T16:57:00+00:00","breadcrumb":{"@id":"https:\/\/diarioprincipios.com\/index.php\/2020\/09\/07\/el-equipo-de-profesionales-del-hospital-el-cruce-presento-el-nuevo-protocolo-de-cuidados-humanizados\/#breadcrumb"},"inLanguage":"es","potentialAction":[{"@type":"ReadAction","target":["https:\/\/diarioprincipios.com\/index.php\/2020\/09\/07\/el-equipo-de-profesionales-del-hospital-el-cruce-presento-el-nuevo-protocolo-de-cuidados-humanizados\/"]}]},{"@type":"ImageObject","inLanguage":"es","@id":"https:\/\/diarioprincipios.com\/index.php\/2020\/09\/07\/el-equipo-de-profesionales-del-hospital-el-cruce-presento-el-nuevo-protocolo-de-cuidados-humanizados\/#primaryimage","url":"https:\/\/diarioprincipios.com\/wp-content\/uploads\/2020\/09\/2.jpg","contentUrl":"https:\/\/diarioprincipios.com\/wp-content\/uploads\/2020\/09\/2.jpg","width":680,"height":383},{"@type":"BreadcrumbList","@id":"https:\/\/diarioprincipios.com\/index.php\/2020\/09\/07\/el-equipo-de-profesionales-del-hospital-el-cruce-presento-el-nuevo-protocolo-de-cuidados-humanizados\/#breadcrumb","itemListElement":[{"@type":"ListItem","position":1,"name":"Portada","item":"https:\/\/diarioprincipios.com\/"},{"@type":"ListItem","position":2,"name":"El equipo de profesionales del Hospital El Cruce present\u00f3 el nuevo protocolo de cuidados humanizados"}]},{"@type":"WebSite","@id":"https:\/\/diarioprincipios.com\/#website","url":"https:\/\/diarioprincipios.com\/","name":"Principios","description":"Principios Diario","publisher":{"@id":"https:\/\/diarioprincipios.com\/#organization"},"potentialAction":[{"@type":"SearchAction","target":{"@type":"EntryPoint","urlTemplate":"https:\/\/diarioprincipios.com\/?s={search_term_string}"},"query-input":{"@type":"PropertyValueSpecification","valueRequired":true,"valueName":"search_term_string"}}],"inLanguage":"es"},{"@type":"Organization","@id":"https:\/\/diarioprincipios.com\/#organization","name":"Principios","url":"https:\/\/diarioprincipios.com\/","logo":{"@type":"ImageObject","inLanguage":"es","@id":"https:\/\/diarioprincipios.com\/#\/schema\/logo\/image\/","url":"https:\/\/diarioprincipios.com\/wp-content\/uploads\/2024\/04\/cropped-www.diarioprincipios.com_-1.png","contentUrl":"https:\/\/diarioprincipios.com\/wp-content\/uploads\/2024\/04\/cropped-www.diarioprincipios.com_-1.png","width":5325,"height":1454,"caption":"Principios"},"image":{"@id":"https:\/\/diarioprincipios.com\/#\/schema\/logo\/image\/"}},{"@type":"Person","@id":"https:\/\/diarioprincipios.com\/#\/schema\/person\/436d5a1fd41a5e250e23ff5a6a7cb080","name":"Hern\u00e1n L\u00f3pez","image":{"@type":"ImageObject","inLanguage":"es","@id":"https:\/\/diarioprincipios.com\/wp-content\/litespeed\/avatar\/11ddfe5610ff3bd100522525b2571f48.jpg?ver=1777048341","url":"https:\/\/diarioprincipios.com\/wp-content\/litespeed\/avatar\/11ddfe5610ff3bd100522525b2571f48.jpg?ver=1777048341","contentUrl":"https:\/\/diarioprincipios.com\/wp-content\/litespeed\/avatar\/11ddfe5610ff3bd100522525b2571f48.jpg?ver=1777048341","caption":"Hern\u00e1n L\u00f3pez"},"url":"https:\/\/diarioprincipios.com\/index.php\/author\/hernan\/"}]}},"jetpack_featured_media_url":"https:\/\/diarioprincipios.com\/wp-content\/uploads\/2020\/09\/2.jpg","_links":{"self":[{"href":"https:\/\/diarioprincipios.com\/index.php\/wp-json\/wp\/v2\/posts\/5331","targetHints":{"allow":["GET"]}}],"collection":[{"href":"https:\/\/diarioprincipios.com\/index.php\/wp-json\/wp\/v2\/posts"}],"about":[{"href":"https:\/\/diarioprincipios.com\/index.php\/wp-json\/wp\/v2\/types\/post"}],"author":[{"embeddable":true,"href":"https:\/\/diarioprincipios.com\/index.php\/wp-json\/wp\/v2\/users\/2"}],"replies":[{"embeddable":true,"href":"https:\/\/diarioprincipios.com\/index.php\/wp-json\/wp\/v2\/comments?post=5331"}],"version-history":[{"count":1,"href":"https:\/\/diarioprincipios.com\/index.php\/wp-json\/wp\/v2\/posts\/5331\/revisions"}],"predecessor-version":[{"id":5333,"href":"https:\/\/diarioprincipios.com\/index.php\/wp-json\/wp\/v2\/posts\/5331\/revisions\/5333"}],"wp:featuredmedia":[{"embeddable":true,"href":"https:\/\/diarioprincipios.com\/index.php\/wp-json\/wp\/v2\/media\/5332"}],"wp:attachment":[{"href":"https:\/\/diarioprincipios.com\/index.php\/wp-json\/wp\/v2\/media?parent=5331"}],"wp:term":[{"taxonomy":"category","embeddable":true,"href":"https:\/\/diarioprincipios.com\/index.php\/wp-json\/wp\/v2\/categories?post=5331"},{"taxonomy":"post_tag","embeddable":true,"href":"https:\/\/diarioprincipios.com\/index.php\/wp-json\/wp\/v2\/tags?post=5331"}],"curies":[{"name":"wp","href":"https:\/\/api.w.org\/{rel}","templated":true}]}}