{"id":533,"date":"2020-03-30T21:47:11","date_gmt":"2020-03-30T21:47:11","guid":{"rendered":"http:\/\/diarioprincipios.com\/?p=533"},"modified":"2020-03-30T21:47:13","modified_gmt":"2020-03-30T21:47:13","slug":"comenzo-en-quilmes-la-aplicacion-de-la-vacuna-antigripal","status":"publish","type":"post","link":"https:\/\/diarioprincipios.com\/index.php\/2020\/03\/30\/comenzo-en-quilmes-la-aplicacion-de-la-vacuna-antigripal\/","title":{"rendered":"Comenz\u00f3 en Quilmes la aplicaci\u00f3n de la Vacuna Antigripal"},"content":{"rendered":"\n<p>El Municipio de Quilmes inici\u00f3 la vacunaci\u00f3n contra la gripe en adultos mayores de 65 a\u00f1os, embarazadas, pu\u00e9rperas, ni\u00f1os y ni\u00f1as de 6 a 24 meses, personal de salud y grupos de riesgo, con el objetivo de disminuir las complicaciones vinculadas al virus de influenza que predomina en la \u00e9poca invernal.<\/p>\n\n\n\n<p>Desde la Secretar\u00eda de Salud informaron que ante las medidas de prevenci\u00f3n y distanciamiento social para evitar la propagaci\u00f3n del COVID-19, se lanzaron operativos de vacunaci\u00f3n casa por casa y a partir del mi\u00e9rcoles la vacuna antigripal estar\u00e1 disponible en forma gratuita en todos los centros de salud, solo con turno previo, asignado a trav\u00e9s de la web (<a rel=\"noreferrer noopener\" target=\"_blank\" href=\"http:\/\/www.quilmes.gov.ar\">www.quilmes.gov.ar<\/a>.) o v\u00eda telef\u00f3nica (0800-999-5656).<\/p>\n\n\n\n<p>\u201cHemos desplegado una estrategia de vacunaci\u00f3n antigripal casa por casa en Bernal Oeste, el CIC Mar\u00eda Eva, el barrio IAPI y seguiremos en todas las localidades. Tambi\u00e9n, desde el mi\u00e9rcoles, la vacuna antigripal estar\u00e1 disponible en todos los centros de salud. Para evitar la acumulaci\u00f3n de gente hemos implementado un sistema de turnos que en breve estar\u00e1 dosponible a trav\u00e9s del tel\u00e9fono de Atenci\u00f3n al Vecino y de la p\u00e1gina web del Municipio de Quilmes\u201d, indic\u00f3 el secretario de Salud, doctor Jonatan Konfino.<\/p>\n\n\n\n<p>Asimismo, record\u00f3 que la vacunaci\u00f3n est\u00e1 indicada para mayores de 65 a\u00f1os, adultos con enfermedades cardiovasculares, obesidad, enfermedades renales, respiratorias, entre otros factores de riesgo, embarazadas, pu\u00e9rperas, beb\u00e9s de 6 a 24 meses y personal de salud. Y que si bien la vacuna antigripal no evita ni protege contra el Covid-19, las personas mayores de 65 a\u00f1os y los grupos de riesgo deben aplic\u00e1rsela, como todos los a\u00f1os.<\/p>\n\n\n\n<p>Indicaciones de vacunaci\u00f3n antigripal:<br>\u2022 Ni\u00f1os de 6 a 24 meses inclusive.<br>\u2022 Embarazadas en cualquier trimestre de la gestaci\u00f3n.<br>\u2022 Pu\u00e9rperas (hasta 10 d\u00edas despu\u00e9s del parto).<br>\u2022 Trabajadores de la salud.<br>\u2022 Personas mayores de 65 a\u00f1os.<br>\u2022 Personas entre 2 y 64 a\u00f1os con factores de riesgo.<\/p>\n\n\n\n<p>Grupos de riesgo:<\/p>\n\n\n\n<p>Grupo 1 Enfermedades respiratorias:<br>a) Enfermedad respiratoria cr\u00f3nica (hernia diafragm\u00e1tica, enfermedad pulmonar obstructiva cr\u00f3nica (EPOC), enfisema cong\u00e9nito, displasia broncopulmonar, traqueostomizados cr\u00f3nicos, bronquiectasias, fibrosis qu\u00edstica, etc.).<br>&nbsp; &nbsp; &nbsp; &nbsp; b) Asma moderada y grave.<\/p>\n\n\n\n<p>Grupo 2 Enfermedades card\u00edacas:<br>a) Insuficiencia card\u00edaca, enfermedad coronaria, reemplazo valvular, valvulopat\u00eda.<br>b) Cardiopat\u00edas cong\u00e9nitas.<\/p>\n\n\n\n<p>Grupo 3: Inmunodeficiencias cong\u00e9nitas o adquiridas (no oncohemapatol\u00f3gica):<br>a) Infecci\u00f3n por VIH.<br>b) Utilizaci\u00f3n de medicaci\u00f3n inmunosupresora o corticoides en altas dosis (mayor a 2 mg\/kg\/d\u00eda de metilprednisona o m\u00e1s de 20 mg\/d\u00eda o su equivalente por m\u00e1s de 14 d\u00edas).<br>c) Inmunodeficiencia cong\u00e9nita.<br>d) Asplenia funcional o anat\u00f3mica (incluida anemia drepanoc\u00edtica).<br>e) Desnutrici\u00f3n grave.<\/p>\n\n\n\n<p>Grupo 4: Pacientes oncohematol\u00f3gicos y trasplantados:<br>a) Tumor de \u00f3rgano s\u00f3lido en tratamiento.<br>b) Enfermedad oncohematol\u00f3gica, hasta seis meses posteriores a la remisi\u00f3n completa.<br>c) Trasplantados de \u00f3rganos s\u00f3lidos o precursores hematopoy\u00e9ticos.<\/p>\n\n\n\n<p>Grupo 5: Otros:<br>a) Obesos con \u00edndice de masa corporal (IMC) mayor a 40.<br>b) Diab\u00e9ticos.<br>c) Personas con insuficiencia renal cr\u00f3nica en di\u00e1lisis o con expectativas de ingresar a di\u00e1lisis en los siguientes meses.<br>d) Retraso madurativo grave en menores de 18 a\u00f1os de edad.<br>e) S\u00edndromes gen\u00e9ticos, enfermedades neuromusculares con compromiso respiratorio y malformaciones cong\u00e9nitas graves.<br>f) Tratamiento cr\u00f3nico con \u00e1cido acetilsalic\u00edlico en menores de 18 a\u00f1os.<br>g) Convivientes o contactos estrechos de enfermos oncohematol\u00f3gicos.<br>h) Convivientes de prematuros menores de 1.500 g.<\/p>\n\n\n\n<p>Consultas y turnos: Atenci\u00f3n al Vecino: 0800-999-5656.<br>P\u00e1gina web del Municipio de Quilmes:&nbsp;<a rel=\"noreferrer noopener\" target=\"_blank\" href=\"http:\/\/www.quilmes.gov.ar\">www.quilmes.gov.ar<\/a><br>Centros de salud:&nbsp;<a rel=\"noreferrer noopener\" target=\"_blank\" href=\"https:\/\/www.quilmes.gov.ar\/ciudad\/salud.php\">https:\/\/www.quilmes.gov.ar\/ciudad\/salud.php<\/a>.<br><\/p>\n\n\n\n<figure class=\"wp-block-table\"><table class=\"\"><tbody><tr><td><a rel=\"noreferrer noopener\" target=\"_blank\" href=\"https:\/\/www.avast.com\/sig-email?utm_medium=email&amp;utm_source=link&amp;utm_campaign=sig-email&amp;utm_content=webmail\"><\/a><\/td><td><\/td><\/tr><\/tbody><\/table><\/figure>\n","protected":false},"excerpt":{"rendered":"<p>El Municipio de Quilmes inici\u00f3 la vacunaci\u00f3n contra la gripe en adultos mayores de 65 a\u00f1os, embarazadas, pu\u00e9rperas, ni\u00f1os y ni\u00f1as de 6 a 24 meses, personal de salud y grupos de riesgo, con el objetivo de disminuir las complicaciones vinculadas al virus de influenza que predomina en la \u00e9poca invernal. Desde la Secretar\u00eda de&#8230;<\/p>\n","protected":false},"author":2,"featured_media":534,"comment_status":"open","ping_status":"open","sticky":false,"template":"","format":"standard","meta":{"footnotes":""},"categories":[4],"tags":[],"class_list":["post-533","post","type-post","status-publish","format-standard","has-post-thumbnail","hentry","category-quilmes"],"featured_image_src":"https:\/\/diarioprincipios.com\/wp-content\/uploads\/2020\/03\/VACUNA-ANTIGRIPAL-3-1024x682.jpeg","blog_images":{"medium":"https:\/\/diarioprincipios.com\/wp-content\/uploads\/2020\/03\/VACUNA-ANTIGRIPAL-3-300x200.jpeg","large":"https:\/\/diarioprincipios.com\/wp-content\/uploads\/2020\/03\/VACUNA-ANTIGRIPAL-3-1024x682.jpeg"},"ams_acf":[],"yoast_head":"<!-- This site is optimized with the Yoast SEO plugin v27.3 - https:\/\/yoast.com\/product\/yoast-seo-wordpress\/ -->\n<title>Comenz\u00f3 en Quilmes la aplicaci\u00f3n de la Vacuna Antigripal - Principios<\/title>\n<meta name=\"robots\" content=\"index, follow, max-snippet:-1, max-image-preview:large, max-video-preview:-1\" \/>\n<link rel=\"canonical\" href=\"https:\/\/diarioprincipios.com\/index.php\/2020\/03\/30\/comenzo-en-quilmes-la-aplicacion-de-la-vacuna-antigripal\/\" \/>\n<meta property=\"og:locale\" content=\"es_ES\" \/>\n<meta property=\"og:type\" content=\"article\" \/>\n<meta property=\"og:title\" content=\"Comenz\u00f3 en Quilmes la aplicaci\u00f3n de la Vacuna Antigripal - Principios\" \/>\n<meta property=\"og:description\" content=\"El Municipio de Quilmes inici\u00f3 la vacunaci\u00f3n contra la gripe en adultos mayores de 65 a\u00f1os, embarazadas, pu\u00e9rperas, ni\u00f1os y ni\u00f1as de 6 a 24 meses, personal de salud y grupos de riesgo, con el objetivo de disminuir las complicaciones vinculadas al virus de influenza que predomina en la \u00e9poca invernal. Desde la Secretar\u00eda de...\" \/>\n<meta property=\"og:url\" content=\"https:\/\/diarioprincipios.com\/index.php\/2020\/03\/30\/comenzo-en-quilmes-la-aplicacion-de-la-vacuna-antigripal\/\" \/>\n<meta property=\"og:site_name\" content=\"Principios\" \/>\n<meta property=\"article:published_time\" content=\"2020-03-30T21:47:11+00:00\" \/>\n<meta property=\"article:modified_time\" content=\"2020-03-30T21:47:13+00:00\" \/>\n<meta property=\"og:image\" content=\"https:\/\/diarioprincipios.com\/wp-content\/uploads\/2020\/03\/VACUNA-ANTIGRIPAL-3.jpeg\" \/>\n\t<meta property=\"og:image:width\" content=\"1280\" \/>\n\t<meta property=\"og:image:height\" content=\"853\" \/>\n\t<meta property=\"og:image:type\" content=\"image\/jpeg\" \/>\n<meta name=\"author\" content=\"Hern\u00e1n L\u00f3pez\" \/>\n<meta name=\"twitter:card\" content=\"summary_large_image\" \/>\n<meta name=\"twitter:label1\" content=\"Escrito por\" \/>\n\t<meta name=\"twitter:data1\" content=\"Hern\u00e1n L\u00f3pez\" \/>\n\t<meta name=\"twitter:label2\" content=\"Tiempo de lectura\" \/>\n\t<meta name=\"twitter:data2\" content=\"3 minutos\" \/>\n<script type=\"application\/ld+json\" class=\"yoast-schema-graph\">{\"@context\":\"https:\\\/\\\/schema.org\",\"@graph\":[{\"@type\":\"Article\",\"@id\":\"https:\\\/\\\/diarioprincipios.com\\\/index.php\\\/2020\\\/03\\\/30\\\/comenzo-en-quilmes-la-aplicacion-de-la-vacuna-antigripal\\\/#article\",\"isPartOf\":{\"@id\":\"https:\\\/\\\/diarioprincipios.com\\\/index.php\\\/2020\\\/03\\\/30\\\/comenzo-en-quilmes-la-aplicacion-de-la-vacuna-antigripal\\\/\"},\"author\":{\"name\":\"Hern\u00e1n L\u00f3pez\",\"@id\":\"https:\\\/\\\/diarioprincipios.com\\\/#\\\/schema\\\/person\\\/436d5a1fd41a5e250e23ff5a6a7cb080\"},\"headline\":\"Comenz\u00f3 en Quilmes la aplicaci\u00f3n de la Vacuna Antigripal\",\"datePublished\":\"2020-03-30T21:47:11+00:00\",\"dateModified\":\"2020-03-30T21:47:13+00:00\",\"mainEntityOfPage\":{\"@id\":\"https:\\\/\\\/diarioprincipios.com\\\/index.php\\\/2020\\\/03\\\/30\\\/comenzo-en-quilmes-la-aplicacion-de-la-vacuna-antigripal\\\/\"},\"wordCount\":638,\"commentCount\":0,\"publisher\":{\"@id\":\"https:\\\/\\\/diarioprincipios.com\\\/#organization\"},\"image\":{\"@id\":\"https:\\\/\\\/diarioprincipios.com\\\/index.php\\\/2020\\\/03\\\/30\\\/comenzo-en-quilmes-la-aplicacion-de-la-vacuna-antigripal\\\/#primaryimage\"},\"thumbnailUrl\":\"https:\\\/\\\/diarioprincipios.com\\\/wp-content\\\/uploads\\\/2020\\\/03\\\/VACUNA-ANTIGRIPAL-3.jpeg\",\"articleSection\":[\"Quilmes\"],\"inLanguage\":\"es\",\"potentialAction\":[{\"@type\":\"CommentAction\",\"name\":\"Comment\",\"target\":[\"https:\\\/\\\/diarioprincipios.com\\\/index.php\\\/2020\\\/03\\\/30\\\/comenzo-en-quilmes-la-aplicacion-de-la-vacuna-antigripal\\\/#respond\"]}]},{\"@type\":\"WebPage\",\"@id\":\"https:\\\/\\\/diarioprincipios.com\\\/index.php\\\/2020\\\/03\\\/30\\\/comenzo-en-quilmes-la-aplicacion-de-la-vacuna-antigripal\\\/\",\"url\":\"https:\\\/\\\/diarioprincipios.com\\\/index.php\\\/2020\\\/03\\\/30\\\/comenzo-en-quilmes-la-aplicacion-de-la-vacuna-antigripal\\\/\",\"name\":\"Comenz\u00f3 en Quilmes la aplicaci\u00f3n de la Vacuna Antigripal - Principios\",\"isPartOf\":{\"@id\":\"https:\\\/\\\/diarioprincipios.com\\\/#website\"},\"primaryImageOfPage\":{\"@id\":\"https:\\\/\\\/diarioprincipios.com\\\/index.php\\\/2020\\\/03\\\/30\\\/comenzo-en-quilmes-la-aplicacion-de-la-vacuna-antigripal\\\/#primaryimage\"},\"image\":{\"@id\":\"https:\\\/\\\/diarioprincipios.com\\\/index.php\\\/2020\\\/03\\\/30\\\/comenzo-en-quilmes-la-aplicacion-de-la-vacuna-antigripal\\\/#primaryimage\"},\"thumbnailUrl\":\"https:\\\/\\\/diarioprincipios.com\\\/wp-content\\\/uploads\\\/2020\\\/03\\\/VACUNA-ANTIGRIPAL-3.jpeg\",\"datePublished\":\"2020-03-30T21:47:11+00:00\",\"dateModified\":\"2020-03-30T21:47:13+00:00\",\"breadcrumb\":{\"@id\":\"https:\\\/\\\/diarioprincipios.com\\\/index.php\\\/2020\\\/03\\\/30\\\/comenzo-en-quilmes-la-aplicacion-de-la-vacuna-antigripal\\\/#breadcrumb\"},\"inLanguage\":\"es\",\"potentialAction\":[{\"@type\":\"ReadAction\",\"target\":[\"https:\\\/\\\/diarioprincipios.com\\\/index.php\\\/2020\\\/03\\\/30\\\/comenzo-en-quilmes-la-aplicacion-de-la-vacuna-antigripal\\\/\"]}]},{\"@type\":\"ImageObject\",\"inLanguage\":\"es\",\"@id\":\"https:\\\/\\\/diarioprincipios.com\\\/index.php\\\/2020\\\/03\\\/30\\\/comenzo-en-quilmes-la-aplicacion-de-la-vacuna-antigripal\\\/#primaryimage\",\"url\":\"https:\\\/\\\/diarioprincipios.com\\\/wp-content\\\/uploads\\\/2020\\\/03\\\/VACUNA-ANTIGRIPAL-3.jpeg\",\"contentUrl\":\"https:\\\/\\\/diarioprincipios.com\\\/wp-content\\\/uploads\\\/2020\\\/03\\\/VACUNA-ANTIGRIPAL-3.jpeg\",\"width\":1280,\"height\":853},{\"@type\":\"BreadcrumbList\",\"@id\":\"https:\\\/\\\/diarioprincipios.com\\\/index.php\\\/2020\\\/03\\\/30\\\/comenzo-en-quilmes-la-aplicacion-de-la-vacuna-antigripal\\\/#breadcrumb\",\"itemListElement\":[{\"@type\":\"ListItem\",\"position\":1,\"name\":\"Portada\",\"item\":\"https:\\\/\\\/diarioprincipios.com\\\/\"},{\"@type\":\"ListItem\",\"position\":2,\"name\":\"Comenz\u00f3 en Quilmes la aplicaci\u00f3n de la Vacuna Antigripal\"}]},{\"@type\":\"WebSite\",\"@id\":\"https:\\\/\\\/diarioprincipios.com\\\/#website\",\"url\":\"https:\\\/\\\/diarioprincipios.com\\\/\",\"name\":\"Principios\",\"description\":\"Principios Diario\",\"publisher\":{\"@id\":\"https:\\\/\\\/diarioprincipios.com\\\/#organization\"},\"potentialAction\":[{\"@type\":\"SearchAction\",\"target\":{\"@type\":\"EntryPoint\",\"urlTemplate\":\"https:\\\/\\\/diarioprincipios.com\\\/?s={search_term_string}\"},\"query-input\":{\"@type\":\"PropertyValueSpecification\",\"valueRequired\":true,\"valueName\":\"search_term_string\"}}],\"inLanguage\":\"es\"},{\"@type\":\"Organization\",\"@id\":\"https:\\\/\\\/diarioprincipios.com\\\/#organization\",\"name\":\"Principios\",\"url\":\"https:\\\/\\\/diarioprincipios.com\\\/\",\"logo\":{\"@type\":\"ImageObject\",\"inLanguage\":\"es\",\"@id\":\"https:\\\/\\\/diarioprincipios.com\\\/#\\\/schema\\\/logo\\\/image\\\/\",\"url\":\"https:\\\/\\\/diarioprincipios.com\\\/wp-content\\\/uploads\\\/2024\\\/04\\\/cropped-www.diarioprincipios.com_-1.png\",\"contentUrl\":\"https:\\\/\\\/diarioprincipios.com\\\/wp-content\\\/uploads\\\/2024\\\/04\\\/cropped-www.diarioprincipios.com_-1.png\",\"width\":5325,\"height\":1454,\"caption\":\"Principios\"},\"image\":{\"@id\":\"https:\\\/\\\/diarioprincipios.com\\\/#\\\/schema\\\/logo\\\/image\\\/\"}},{\"@type\":\"Person\",\"@id\":\"https:\\\/\\\/diarioprincipios.com\\\/#\\\/schema\\\/person\\\/436d5a1fd41a5e250e23ff5a6a7cb080\",\"name\":\"Hern\u00e1n L\u00f3pez\",\"image\":{\"@type\":\"ImageObject\",\"inLanguage\":\"es\",\"@id\":\"https:\\\/\\\/diarioprincipios.com\\\/wp-content\\\/litespeed\\\/avatar\\\/11ddfe5610ff3bd100522525b2571f48.jpg?ver=1777653193\",\"url\":\"https:\\\/\\\/diarioprincipios.com\\\/wp-content\\\/litespeed\\\/avatar\\\/11ddfe5610ff3bd100522525b2571f48.jpg?ver=1777653193\",\"contentUrl\":\"https:\\\/\\\/diarioprincipios.com\\\/wp-content\\\/litespeed\\\/avatar\\\/11ddfe5610ff3bd100522525b2571f48.jpg?ver=1777653193\",\"caption\":\"Hern\u00e1n L\u00f3pez\"},\"url\":\"https:\\\/\\\/diarioprincipios.com\\\/index.php\\\/author\\\/hernan\\\/\"}]}<\/script>\n<!-- \/ Yoast SEO plugin. -->","yoast_head_json":{"title":"Comenz\u00f3 en Quilmes la aplicaci\u00f3n de la Vacuna Antigripal - Principios","robots":{"index":"index","follow":"follow","max-snippet":"max-snippet:-1","max-image-preview":"max-image-preview:large","max-video-preview":"max-video-preview:-1"},"canonical":"https:\/\/diarioprincipios.com\/index.php\/2020\/03\/30\/comenzo-en-quilmes-la-aplicacion-de-la-vacuna-antigripal\/","og_locale":"es_ES","og_type":"article","og_title":"Comenz\u00f3 en Quilmes la aplicaci\u00f3n de la Vacuna Antigripal - Principios","og_description":"El Municipio de Quilmes inici\u00f3 la vacunaci\u00f3n contra la gripe en adultos mayores de 65 a\u00f1os, embarazadas, pu\u00e9rperas, ni\u00f1os y ni\u00f1as de 6 a 24 meses, personal de salud y grupos de riesgo, con el objetivo de disminuir las complicaciones vinculadas al virus de influenza que predomina en la \u00e9poca invernal. Desde la Secretar\u00eda de...","og_url":"https:\/\/diarioprincipios.com\/index.php\/2020\/03\/30\/comenzo-en-quilmes-la-aplicacion-de-la-vacuna-antigripal\/","og_site_name":"Principios","article_published_time":"2020-03-30T21:47:11+00:00","article_modified_time":"2020-03-30T21:47:13+00:00","og_image":[{"width":1280,"height":853,"url":"https:\/\/diarioprincipios.com\/wp-content\/uploads\/2020\/03\/VACUNA-ANTIGRIPAL-3.jpeg","type":"image\/jpeg"}],"author":"Hern\u00e1n L\u00f3pez","twitter_card":"summary_large_image","twitter_misc":{"Escrito por":"Hern\u00e1n L\u00f3pez","Tiempo de lectura":"3 minutos"},"schema":{"@context":"https:\/\/schema.org","@graph":[{"@type":"Article","@id":"https:\/\/diarioprincipios.com\/index.php\/2020\/03\/30\/comenzo-en-quilmes-la-aplicacion-de-la-vacuna-antigripal\/#article","isPartOf":{"@id":"https:\/\/diarioprincipios.com\/index.php\/2020\/03\/30\/comenzo-en-quilmes-la-aplicacion-de-la-vacuna-antigripal\/"},"author":{"name":"Hern\u00e1n L\u00f3pez","@id":"https:\/\/diarioprincipios.com\/#\/schema\/person\/436d5a1fd41a5e250e23ff5a6a7cb080"},"headline":"Comenz\u00f3 en Quilmes la aplicaci\u00f3n de la Vacuna Antigripal","datePublished":"2020-03-30T21:47:11+00:00","dateModified":"2020-03-30T21:47:13+00:00","mainEntityOfPage":{"@id":"https:\/\/diarioprincipios.com\/index.php\/2020\/03\/30\/comenzo-en-quilmes-la-aplicacion-de-la-vacuna-antigripal\/"},"wordCount":638,"commentCount":0,"publisher":{"@id":"https:\/\/diarioprincipios.com\/#organization"},"image":{"@id":"https:\/\/diarioprincipios.com\/index.php\/2020\/03\/30\/comenzo-en-quilmes-la-aplicacion-de-la-vacuna-antigripal\/#primaryimage"},"thumbnailUrl":"https:\/\/diarioprincipios.com\/wp-content\/uploads\/2020\/03\/VACUNA-ANTIGRIPAL-3.jpeg","articleSection":["Quilmes"],"inLanguage":"es","potentialAction":[{"@type":"CommentAction","name":"Comment","target":["https:\/\/diarioprincipios.com\/index.php\/2020\/03\/30\/comenzo-en-quilmes-la-aplicacion-de-la-vacuna-antigripal\/#respond"]}]},{"@type":"WebPage","@id":"https:\/\/diarioprincipios.com\/index.php\/2020\/03\/30\/comenzo-en-quilmes-la-aplicacion-de-la-vacuna-antigripal\/","url":"https:\/\/diarioprincipios.com\/index.php\/2020\/03\/30\/comenzo-en-quilmes-la-aplicacion-de-la-vacuna-antigripal\/","name":"Comenz\u00f3 en Quilmes la aplicaci\u00f3n de la Vacuna Antigripal - Principios","isPartOf":{"@id":"https:\/\/diarioprincipios.com\/#website"},"primaryImageOfPage":{"@id":"https:\/\/diarioprincipios.com\/index.php\/2020\/03\/30\/comenzo-en-quilmes-la-aplicacion-de-la-vacuna-antigripal\/#primaryimage"},"image":{"@id":"https:\/\/diarioprincipios.com\/index.php\/2020\/03\/30\/comenzo-en-quilmes-la-aplicacion-de-la-vacuna-antigripal\/#primaryimage"},"thumbnailUrl":"https:\/\/diarioprincipios.com\/wp-content\/uploads\/2020\/03\/VACUNA-ANTIGRIPAL-3.jpeg","datePublished":"2020-03-30T21:47:11+00:00","dateModified":"2020-03-30T21:47:13+00:00","breadcrumb":{"@id":"https:\/\/diarioprincipios.com\/index.php\/2020\/03\/30\/comenzo-en-quilmes-la-aplicacion-de-la-vacuna-antigripal\/#breadcrumb"},"inLanguage":"es","potentialAction":[{"@type":"ReadAction","target":["https:\/\/diarioprincipios.com\/index.php\/2020\/03\/30\/comenzo-en-quilmes-la-aplicacion-de-la-vacuna-antigripal\/"]}]},{"@type":"ImageObject","inLanguage":"es","@id":"https:\/\/diarioprincipios.com\/index.php\/2020\/03\/30\/comenzo-en-quilmes-la-aplicacion-de-la-vacuna-antigripal\/#primaryimage","url":"https:\/\/diarioprincipios.com\/wp-content\/uploads\/2020\/03\/VACUNA-ANTIGRIPAL-3.jpeg","contentUrl":"https:\/\/diarioprincipios.com\/wp-content\/uploads\/2020\/03\/VACUNA-ANTIGRIPAL-3.jpeg","width":1280,"height":853},{"@type":"BreadcrumbList","@id":"https:\/\/diarioprincipios.com\/index.php\/2020\/03\/30\/comenzo-en-quilmes-la-aplicacion-de-la-vacuna-antigripal\/#breadcrumb","itemListElement":[{"@type":"ListItem","position":1,"name":"Portada","item":"https:\/\/diarioprincipios.com\/"},{"@type":"ListItem","position":2,"name":"Comenz\u00f3 en Quilmes la aplicaci\u00f3n de la Vacuna Antigripal"}]},{"@type":"WebSite","@id":"https:\/\/diarioprincipios.com\/#website","url":"https:\/\/diarioprincipios.com\/","name":"Principios","description":"Principios Diario","publisher":{"@id":"https:\/\/diarioprincipios.com\/#organization"},"potentialAction":[{"@type":"SearchAction","target":{"@type":"EntryPoint","urlTemplate":"https:\/\/diarioprincipios.com\/?s={search_term_string}"},"query-input":{"@type":"PropertyValueSpecification","valueRequired":true,"valueName":"search_term_string"}}],"inLanguage":"es"},{"@type":"Organization","@id":"https:\/\/diarioprincipios.com\/#organization","name":"Principios","url":"https:\/\/diarioprincipios.com\/","logo":{"@type":"ImageObject","inLanguage":"es","@id":"https:\/\/diarioprincipios.com\/#\/schema\/logo\/image\/","url":"https:\/\/diarioprincipios.com\/wp-content\/uploads\/2024\/04\/cropped-www.diarioprincipios.com_-1.png","contentUrl":"https:\/\/diarioprincipios.com\/wp-content\/uploads\/2024\/04\/cropped-www.diarioprincipios.com_-1.png","width":5325,"height":1454,"caption":"Principios"},"image":{"@id":"https:\/\/diarioprincipios.com\/#\/schema\/logo\/image\/"}},{"@type":"Person","@id":"https:\/\/diarioprincipios.com\/#\/schema\/person\/436d5a1fd41a5e250e23ff5a6a7cb080","name":"Hern\u00e1n L\u00f3pez","image":{"@type":"ImageObject","inLanguage":"es","@id":"https:\/\/diarioprincipios.com\/wp-content\/litespeed\/avatar\/11ddfe5610ff3bd100522525b2571f48.jpg?ver=1777653193","url":"https:\/\/diarioprincipios.com\/wp-content\/litespeed\/avatar\/11ddfe5610ff3bd100522525b2571f48.jpg?ver=1777653193","contentUrl":"https:\/\/diarioprincipios.com\/wp-content\/litespeed\/avatar\/11ddfe5610ff3bd100522525b2571f48.jpg?ver=1777653193","caption":"Hern\u00e1n L\u00f3pez"},"url":"https:\/\/diarioprincipios.com\/index.php\/author\/hernan\/"}]}},"jetpack_featured_media_url":"https:\/\/diarioprincipios.com\/wp-content\/uploads\/2020\/03\/VACUNA-ANTIGRIPAL-3.jpeg","_links":{"self":[{"href":"https:\/\/diarioprincipios.com\/index.php\/wp-json\/wp\/v2\/posts\/533","targetHints":{"allow":["GET"]}}],"collection":[{"href":"https:\/\/diarioprincipios.com\/index.php\/wp-json\/wp\/v2\/posts"}],"about":[{"href":"https:\/\/diarioprincipios.com\/index.php\/wp-json\/wp\/v2\/types\/post"}],"author":[{"embeddable":true,"href":"https:\/\/diarioprincipios.com\/index.php\/wp-json\/wp\/v2\/users\/2"}],"replies":[{"embeddable":true,"href":"https:\/\/diarioprincipios.com\/index.php\/wp-json\/wp\/v2\/comments?post=533"}],"version-history":[{"count":1,"href":"https:\/\/diarioprincipios.com\/index.php\/wp-json\/wp\/v2\/posts\/533\/revisions"}],"predecessor-version":[{"id":535,"href":"https:\/\/diarioprincipios.com\/index.php\/wp-json\/wp\/v2\/posts\/533\/revisions\/535"}],"wp:featuredmedia":[{"embeddable":true,"href":"https:\/\/diarioprincipios.com\/index.php\/wp-json\/wp\/v2\/media\/534"}],"wp:attachment":[{"href":"https:\/\/diarioprincipios.com\/index.php\/wp-json\/wp\/v2\/media?parent=533"}],"wp:term":[{"taxonomy":"category","embeddable":true,"href":"https:\/\/diarioprincipios.com\/index.php\/wp-json\/wp\/v2\/categories?post=533"},{"taxonomy":"post_tag","embeddable":true,"href":"https:\/\/diarioprincipios.com\/index.php\/wp-json\/wp\/v2\/tags?post=533"}],"curies":[{"name":"wp","href":"https:\/\/api.w.org\/{rel}","templated":true}]}}