{"id":5324,"date":"2020-09-07T13:02:16","date_gmt":"2020-09-07T16:02:16","guid":{"rendered":"http:\/\/diarioprincipios.com\/?p=5324"},"modified":"2020-09-07T13:02:56","modified_gmt":"2020-09-07T16:02:56","slug":"meoni-dijo-que-se-piensa-en-el-1-de-octubre-para-el-retorno-de-los-vuelos-regulares","status":"publish","type":"post","link":"https:\/\/diarioprincipios.com\/index.php\/2020\/09\/07\/meoni-dijo-que-se-piensa-en-el-1-de-octubre-para-el-retorno-de-los-vuelos-regulares\/","title":{"rendered":"Meoni dijo que se piensa en el 1\u00b0 de Octubre para el retorno de los vuelos regulares"},"content":{"rendered":"\n<p>El ministro de Transporte, Mario Meoni, dijo hoy que \u00abse est\u00e1 pensando en el 1\u00b0 de octubre para el retorno de los vuelos regulares, tanto dom\u00e9sticos como internacionales\u00bb, y que para ello trabajan en los correspondientes protocolos, en el marco de la pandemia de coronavirus.<\/p>\n\n\n\n<p>No obstante, el funcionario aclar\u00f3 que la cantidad de viajeros va a estar condicionada por la apertura de fronteras internacionales y la decisi\u00f3n que al respecto vayan tomando las provincias, al inaugurar la remodelaci\u00f3n de la estaci\u00f3n Boulogne sur Mer del tren Belgrano Norte.<\/p>\n","protected":false},"excerpt":{"rendered":"<p>El ministro de Transporte, Mario Meoni, dijo hoy que \u00abse est\u00e1 pensando en el 1\u00b0 de octubre para el retorno de los vuelos regulares, tanto dom\u00e9sticos como internacionales\u00bb, y que para ello trabajan en los correspondientes protocolos, en el marco de la pandemia de coronavirus. No obstante, el funcionario aclar\u00f3 que la cantidad de viajeros&#8230;<\/p>\n","protected":false},"author":2,"featured_media":5325,"comment_status":"open","ping_status":"open","sticky":false,"template":"","format":"standard","meta":{"footnotes":""},"categories":[10],"tags":[],"class_list":["post-5324","post","type-post","status-publish","format-standard","has-post-thumbnail","hentry","category-nacion"],"featured_image_src":"https:\/\/diarioprincipios.com\/wp-content\/uploads\/2020\/09\/1477076235_325058_1477077428_noticia_normal.jpg","blog_images":{"medium":"https:\/\/diarioprincipios.com\/wp-content\/uploads\/2020\/09\/1477076235_325058_1477077428_noticia_normal-300x198.jpg","large":"https:\/\/diarioprincipios.com\/wp-content\/uploads\/2020\/09\/1477076235_325058_1477077428_noticia_normal.jpg"},"ams_acf":[],"yoast_head":"<!-- This site is optimized with the Yoast SEO plugin v27.3 - https:\/\/yoast.com\/product\/yoast-seo-wordpress\/ -->\n<title>Meoni dijo que se piensa en el 1\u00b0 de Octubre para el retorno de los vuelos regulares - Principios<\/title>\n<meta name=\"robots\" content=\"index, follow, max-snippet:-1, max-image-preview:large, max-video-preview:-1\" \/>\n<link rel=\"canonical\" href=\"https:\/\/diarioprincipios.com\/index.php\/2020\/09\/07\/meoni-dijo-que-se-piensa-en-el-1-de-octubre-para-el-retorno-de-los-vuelos-regulares\/\" \/>\n<meta property=\"og:locale\" content=\"es_ES\" \/>\n<meta property=\"og:type\" content=\"article\" \/>\n<meta property=\"og:title\" content=\"Meoni dijo que se piensa en el 1\u00b0 de Octubre para el retorno de los vuelos regulares - Principios\" \/>\n<meta property=\"og:description\" content=\"El ministro de Transporte, Mario Meoni, dijo hoy que \u00abse est\u00e1 pensando en el 1\u00b0 de octubre para el retorno de los vuelos regulares, tanto dom\u00e9sticos como internacionales\u00bb, y que para ello trabajan en los correspondientes protocolos, en el marco de la pandemia de coronavirus. No obstante, el funcionario aclar\u00f3 que la cantidad de viajeros...\" \/>\n<meta property=\"og:url\" content=\"https:\/\/diarioprincipios.com\/index.php\/2020\/09\/07\/meoni-dijo-que-se-piensa-en-el-1-de-octubre-para-el-retorno-de-los-vuelos-regulares\/\" \/>\n<meta property=\"og:site_name\" content=\"Principios\" \/>\n<meta property=\"article:published_time\" content=\"2020-09-07T16:02:16+00:00\" \/>\n<meta property=\"article:modified_time\" content=\"2020-09-07T16:02:56+00:00\" \/>\n<meta property=\"og:image\" content=\"https:\/\/diarioprincipios.com\/wp-content\/uploads\/2020\/09\/1477076235_325058_1477077428_noticia_normal.jpg\" \/>\n\t<meta property=\"og:image:width\" content=\"980\" \/>\n\t<meta property=\"og:image:height\" content=\"648\" \/>\n\t<meta property=\"og:image:type\" content=\"image\/jpeg\" \/>\n<meta name=\"author\" content=\"Hern\u00e1n L\u00f3pez\" \/>\n<meta name=\"twitter:card\" content=\"summary_large_image\" \/>\n<meta name=\"twitter:label1\" content=\"Escrito por\" \/>\n\t<meta name=\"twitter:data1\" content=\"Hern\u00e1n L\u00f3pez\" \/>\n<script type=\"application\/ld+json\" class=\"yoast-schema-graph\">{\"@context\":\"https:\\\/\\\/schema.org\",\"@graph\":[{\"@type\":\"Article\",\"@id\":\"https:\\\/\\\/diarioprincipios.com\\\/index.php\\\/2020\\\/09\\\/07\\\/meoni-dijo-que-se-piensa-en-el-1-de-octubre-para-el-retorno-de-los-vuelos-regulares\\\/#article\",\"isPartOf\":{\"@id\":\"https:\\\/\\\/diarioprincipios.com\\\/index.php\\\/2020\\\/09\\\/07\\\/meoni-dijo-que-se-piensa-en-el-1-de-octubre-para-el-retorno-de-los-vuelos-regulares\\\/\"},\"author\":{\"name\":\"Hern\u00e1n L\u00f3pez\",\"@id\":\"https:\\\/\\\/diarioprincipios.com\\\/#\\\/schema\\\/person\\\/436d5a1fd41a5e250e23ff5a6a7cb080\"},\"headline\":\"Meoni dijo que se piensa en el 1\u00b0 de Octubre para el retorno de los vuelos regulares\",\"datePublished\":\"2020-09-07T16:02:16+00:00\",\"dateModified\":\"2020-09-07T16:02:56+00:00\",\"mainEntityOfPage\":{\"@id\":\"https:\\\/\\\/diarioprincipios.com\\\/index.php\\\/2020\\\/09\\\/07\\\/meoni-dijo-que-se-piensa-en-el-1-de-octubre-para-el-retorno-de-los-vuelos-regulares\\\/\"},\"wordCount\":108,\"commentCount\":0,\"publisher\":{\"@id\":\"https:\\\/\\\/diarioprincipios.com\\\/#organization\"},\"image\":{\"@id\":\"https:\\\/\\\/diarioprincipios.com\\\/index.php\\\/2020\\\/09\\\/07\\\/meoni-dijo-que-se-piensa-en-el-1-de-octubre-para-el-retorno-de-los-vuelos-regulares\\\/#primaryimage\"},\"thumbnailUrl\":\"https:\\\/\\\/diarioprincipios.com\\\/wp-content\\\/uploads\\\/2020\\\/09\\\/1477076235_325058_1477077428_noticia_normal.jpg\",\"articleSection\":[\"Naci\u00f3n\"],\"inLanguage\":\"es\",\"potentialAction\":[{\"@type\":\"CommentAction\",\"name\":\"Comment\",\"target\":[\"https:\\\/\\\/diarioprincipios.com\\\/index.php\\\/2020\\\/09\\\/07\\\/meoni-dijo-que-se-piensa-en-el-1-de-octubre-para-el-retorno-de-los-vuelos-regulares\\\/#respond\"]}]},{\"@type\":\"WebPage\",\"@id\":\"https:\\\/\\\/diarioprincipios.com\\\/index.php\\\/2020\\\/09\\\/07\\\/meoni-dijo-que-se-piensa-en-el-1-de-octubre-para-el-retorno-de-los-vuelos-regulares\\\/\",\"url\":\"https:\\\/\\\/diarioprincipios.com\\\/index.php\\\/2020\\\/09\\\/07\\\/meoni-dijo-que-se-piensa-en-el-1-de-octubre-para-el-retorno-de-los-vuelos-regulares\\\/\",\"name\":\"Meoni dijo que se piensa en el 1\u00b0 de Octubre para el retorno de los vuelos regulares - Principios\",\"isPartOf\":{\"@id\":\"https:\\\/\\\/diarioprincipios.com\\\/#website\"},\"primaryImageOfPage\":{\"@id\":\"https:\\\/\\\/diarioprincipios.com\\\/index.php\\\/2020\\\/09\\\/07\\\/meoni-dijo-que-se-piensa-en-el-1-de-octubre-para-el-retorno-de-los-vuelos-regulares\\\/#primaryimage\"},\"image\":{\"@id\":\"https:\\\/\\\/diarioprincipios.com\\\/index.php\\\/2020\\\/09\\\/07\\\/meoni-dijo-que-se-piensa-en-el-1-de-octubre-para-el-retorno-de-los-vuelos-regulares\\\/#primaryimage\"},\"thumbnailUrl\":\"https:\\\/\\\/diarioprincipios.com\\\/wp-content\\\/uploads\\\/2020\\\/09\\\/1477076235_325058_1477077428_noticia_normal.jpg\",\"datePublished\":\"2020-09-07T16:02:16+00:00\",\"dateModified\":\"2020-09-07T16:02:56+00:00\",\"breadcrumb\":{\"@id\":\"https:\\\/\\\/diarioprincipios.com\\\/index.php\\\/2020\\\/09\\\/07\\\/meoni-dijo-que-se-piensa-en-el-1-de-octubre-para-el-retorno-de-los-vuelos-regulares\\\/#breadcrumb\"},\"inLanguage\":\"es\",\"potentialAction\":[{\"@type\":\"ReadAction\",\"target\":[\"https:\\\/\\\/diarioprincipios.com\\\/index.php\\\/2020\\\/09\\\/07\\\/meoni-dijo-que-se-piensa-en-el-1-de-octubre-para-el-retorno-de-los-vuelos-regulares\\\/\"]}]},{\"@type\":\"ImageObject\",\"inLanguage\":\"es\",\"@id\":\"https:\\\/\\\/diarioprincipios.com\\\/index.php\\\/2020\\\/09\\\/07\\\/meoni-dijo-que-se-piensa-en-el-1-de-octubre-para-el-retorno-de-los-vuelos-regulares\\\/#primaryimage\",\"url\":\"https:\\\/\\\/diarioprincipios.com\\\/wp-content\\\/uploads\\\/2020\\\/09\\\/1477076235_325058_1477077428_noticia_normal.jpg\",\"contentUrl\":\"https:\\\/\\\/diarioprincipios.com\\\/wp-content\\\/uploads\\\/2020\\\/09\\\/1477076235_325058_1477077428_noticia_normal.jpg\",\"width\":980,\"height\":648},{\"@type\":\"BreadcrumbList\",\"@id\":\"https:\\\/\\\/diarioprincipios.com\\\/index.php\\\/2020\\\/09\\\/07\\\/meoni-dijo-que-se-piensa-en-el-1-de-octubre-para-el-retorno-de-los-vuelos-regulares\\\/#breadcrumb\",\"itemListElement\":[{\"@type\":\"ListItem\",\"position\":1,\"name\":\"Portada\",\"item\":\"https:\\\/\\\/diarioprincipios.com\\\/\"},{\"@type\":\"ListItem\",\"position\":2,\"name\":\"Meoni dijo que se piensa en el 1\u00b0 de Octubre para el retorno de los vuelos regulares\"}]},{\"@type\":\"WebSite\",\"@id\":\"https:\\\/\\\/diarioprincipios.com\\\/#website\",\"url\":\"https:\\\/\\\/diarioprincipios.com\\\/\",\"name\":\"Principios\",\"description\":\"Principios Diario\",\"publisher\":{\"@id\":\"https:\\\/\\\/diarioprincipios.com\\\/#organization\"},\"potentialAction\":[{\"@type\":\"SearchAction\",\"target\":{\"@type\":\"EntryPoint\",\"urlTemplate\":\"https:\\\/\\\/diarioprincipios.com\\\/?s={search_term_string}\"},\"query-input\":{\"@type\":\"PropertyValueSpecification\",\"valueRequired\":true,\"valueName\":\"search_term_string\"}}],\"inLanguage\":\"es\"},{\"@type\":\"Organization\",\"@id\":\"https:\\\/\\\/diarioprincipios.com\\\/#organization\",\"name\":\"Principios\",\"url\":\"https:\\\/\\\/diarioprincipios.com\\\/\",\"logo\":{\"@type\":\"ImageObject\",\"inLanguage\":\"es\",\"@id\":\"https:\\\/\\\/diarioprincipios.com\\\/#\\\/schema\\\/logo\\\/image\\\/\",\"url\":\"https:\\\/\\\/diarioprincipios.com\\\/wp-content\\\/uploads\\\/2024\\\/04\\\/cropped-www.diarioprincipios.com_-1.png\",\"contentUrl\":\"https:\\\/\\\/diarioprincipios.com\\\/wp-content\\\/uploads\\\/2024\\\/04\\\/cropped-www.diarioprincipios.com_-1.png\",\"width\":5325,\"height\":1454,\"caption\":\"Principios\"},\"image\":{\"@id\":\"https:\\\/\\\/diarioprincipios.com\\\/#\\\/schema\\\/logo\\\/image\\\/\"}},{\"@type\":\"Person\",\"@id\":\"https:\\\/\\\/diarioprincipios.com\\\/#\\\/schema\\\/person\\\/436d5a1fd41a5e250e23ff5a6a7cb080\",\"name\":\"Hern\u00e1n L\u00f3pez\",\"image\":{\"@type\":\"ImageObject\",\"inLanguage\":\"es\",\"@id\":\"https:\\\/\\\/diarioprincipios.com\\\/wp-content\\\/litespeed\\\/avatar\\\/11ddfe5610ff3bd100522525b2571f48.jpg?ver=1777048341\",\"url\":\"https:\\\/\\\/diarioprincipios.com\\\/wp-content\\\/litespeed\\\/avatar\\\/11ddfe5610ff3bd100522525b2571f48.jpg?ver=1777048341\",\"contentUrl\":\"https:\\\/\\\/diarioprincipios.com\\\/wp-content\\\/litespeed\\\/avatar\\\/11ddfe5610ff3bd100522525b2571f48.jpg?ver=1777048341\",\"caption\":\"Hern\u00e1n L\u00f3pez\"},\"url\":\"https:\\\/\\\/diarioprincipios.com\\\/index.php\\\/author\\\/hernan\\\/\"}]}<\/script>\n<!-- \/ Yoast SEO plugin. -->","yoast_head_json":{"title":"Meoni dijo que se piensa en el 1\u00b0 de Octubre para el retorno de los vuelos regulares - Principios","robots":{"index":"index","follow":"follow","max-snippet":"max-snippet:-1","max-image-preview":"max-image-preview:large","max-video-preview":"max-video-preview:-1"},"canonical":"https:\/\/diarioprincipios.com\/index.php\/2020\/09\/07\/meoni-dijo-que-se-piensa-en-el-1-de-octubre-para-el-retorno-de-los-vuelos-regulares\/","og_locale":"es_ES","og_type":"article","og_title":"Meoni dijo que se piensa en el 1\u00b0 de Octubre para el retorno de los vuelos regulares - Principios","og_description":"El ministro de Transporte, Mario Meoni, dijo hoy que \u00abse est\u00e1 pensando en el 1\u00b0 de octubre para el retorno de los vuelos regulares, tanto dom\u00e9sticos como internacionales\u00bb, y que para ello trabajan en los correspondientes protocolos, en el marco de la pandemia de coronavirus. No obstante, el funcionario aclar\u00f3 que la cantidad de viajeros...","og_url":"https:\/\/diarioprincipios.com\/index.php\/2020\/09\/07\/meoni-dijo-que-se-piensa-en-el-1-de-octubre-para-el-retorno-de-los-vuelos-regulares\/","og_site_name":"Principios","article_published_time":"2020-09-07T16:02:16+00:00","article_modified_time":"2020-09-07T16:02:56+00:00","og_image":[{"width":980,"height":648,"url":"https:\/\/diarioprincipios.com\/wp-content\/uploads\/2020\/09\/1477076235_325058_1477077428_noticia_normal.jpg","type":"image\/jpeg"}],"author":"Hern\u00e1n L\u00f3pez","twitter_card":"summary_large_image","twitter_misc":{"Escrito por":"Hern\u00e1n L\u00f3pez"},"schema":{"@context":"https:\/\/schema.org","@graph":[{"@type":"Article","@id":"https:\/\/diarioprincipios.com\/index.php\/2020\/09\/07\/meoni-dijo-que-se-piensa-en-el-1-de-octubre-para-el-retorno-de-los-vuelos-regulares\/#article","isPartOf":{"@id":"https:\/\/diarioprincipios.com\/index.php\/2020\/09\/07\/meoni-dijo-que-se-piensa-en-el-1-de-octubre-para-el-retorno-de-los-vuelos-regulares\/"},"author":{"name":"Hern\u00e1n L\u00f3pez","@id":"https:\/\/diarioprincipios.com\/#\/schema\/person\/436d5a1fd41a5e250e23ff5a6a7cb080"},"headline":"Meoni dijo que se piensa en el 1\u00b0 de Octubre para el retorno de los vuelos regulares","datePublished":"2020-09-07T16:02:16+00:00","dateModified":"2020-09-07T16:02:56+00:00","mainEntityOfPage":{"@id":"https:\/\/diarioprincipios.com\/index.php\/2020\/09\/07\/meoni-dijo-que-se-piensa-en-el-1-de-octubre-para-el-retorno-de-los-vuelos-regulares\/"},"wordCount":108,"commentCount":0,"publisher":{"@id":"https:\/\/diarioprincipios.com\/#organization"},"image":{"@id":"https:\/\/diarioprincipios.com\/index.php\/2020\/09\/07\/meoni-dijo-que-se-piensa-en-el-1-de-octubre-para-el-retorno-de-los-vuelos-regulares\/#primaryimage"},"thumbnailUrl":"https:\/\/diarioprincipios.com\/wp-content\/uploads\/2020\/09\/1477076235_325058_1477077428_noticia_normal.jpg","articleSection":["Naci\u00f3n"],"inLanguage":"es","potentialAction":[{"@type":"CommentAction","name":"Comment","target":["https:\/\/diarioprincipios.com\/index.php\/2020\/09\/07\/meoni-dijo-que-se-piensa-en-el-1-de-octubre-para-el-retorno-de-los-vuelos-regulares\/#respond"]}]},{"@type":"WebPage","@id":"https:\/\/diarioprincipios.com\/index.php\/2020\/09\/07\/meoni-dijo-que-se-piensa-en-el-1-de-octubre-para-el-retorno-de-los-vuelos-regulares\/","url":"https:\/\/diarioprincipios.com\/index.php\/2020\/09\/07\/meoni-dijo-que-se-piensa-en-el-1-de-octubre-para-el-retorno-de-los-vuelos-regulares\/","name":"Meoni dijo que se piensa en el 1\u00b0 de Octubre para el retorno de los vuelos regulares - Principios","isPartOf":{"@id":"https:\/\/diarioprincipios.com\/#website"},"primaryImageOfPage":{"@id":"https:\/\/diarioprincipios.com\/index.php\/2020\/09\/07\/meoni-dijo-que-se-piensa-en-el-1-de-octubre-para-el-retorno-de-los-vuelos-regulares\/#primaryimage"},"image":{"@id":"https:\/\/diarioprincipios.com\/index.php\/2020\/09\/07\/meoni-dijo-que-se-piensa-en-el-1-de-octubre-para-el-retorno-de-los-vuelos-regulares\/#primaryimage"},"thumbnailUrl":"https:\/\/diarioprincipios.com\/wp-content\/uploads\/2020\/09\/1477076235_325058_1477077428_noticia_normal.jpg","datePublished":"2020-09-07T16:02:16+00:00","dateModified":"2020-09-07T16:02:56+00:00","breadcrumb":{"@id":"https:\/\/diarioprincipios.com\/index.php\/2020\/09\/07\/meoni-dijo-que-se-piensa-en-el-1-de-octubre-para-el-retorno-de-los-vuelos-regulares\/#breadcrumb"},"inLanguage":"es","potentialAction":[{"@type":"ReadAction","target":["https:\/\/diarioprincipios.com\/index.php\/2020\/09\/07\/meoni-dijo-que-se-piensa-en-el-1-de-octubre-para-el-retorno-de-los-vuelos-regulares\/"]}]},{"@type":"ImageObject","inLanguage":"es","@id":"https:\/\/diarioprincipios.com\/index.php\/2020\/09\/07\/meoni-dijo-que-se-piensa-en-el-1-de-octubre-para-el-retorno-de-los-vuelos-regulares\/#primaryimage","url":"https:\/\/diarioprincipios.com\/wp-content\/uploads\/2020\/09\/1477076235_325058_1477077428_noticia_normal.jpg","contentUrl":"https:\/\/diarioprincipios.com\/wp-content\/uploads\/2020\/09\/1477076235_325058_1477077428_noticia_normal.jpg","width":980,"height":648},{"@type":"BreadcrumbList","@id":"https:\/\/diarioprincipios.com\/index.php\/2020\/09\/07\/meoni-dijo-que-se-piensa-en-el-1-de-octubre-para-el-retorno-de-los-vuelos-regulares\/#breadcrumb","itemListElement":[{"@type":"ListItem","position":1,"name":"Portada","item":"https:\/\/diarioprincipios.com\/"},{"@type":"ListItem","position":2,"name":"Meoni dijo que se piensa en el 1\u00b0 de Octubre para el retorno de los vuelos regulares"}]},{"@type":"WebSite","@id":"https:\/\/diarioprincipios.com\/#website","url":"https:\/\/diarioprincipios.com\/","name":"Principios","description":"Principios Diario","publisher":{"@id":"https:\/\/diarioprincipios.com\/#organization"},"potentialAction":[{"@type":"SearchAction","target":{"@type":"EntryPoint","urlTemplate":"https:\/\/diarioprincipios.com\/?s={search_term_string}"},"query-input":{"@type":"PropertyValueSpecification","valueRequired":true,"valueName":"search_term_string"}}],"inLanguage":"es"},{"@type":"Organization","@id":"https:\/\/diarioprincipios.com\/#organization","name":"Principios","url":"https:\/\/diarioprincipios.com\/","logo":{"@type":"ImageObject","inLanguage":"es","@id":"https:\/\/diarioprincipios.com\/#\/schema\/logo\/image\/","url":"https:\/\/diarioprincipios.com\/wp-content\/uploads\/2024\/04\/cropped-www.diarioprincipios.com_-1.png","contentUrl":"https:\/\/diarioprincipios.com\/wp-content\/uploads\/2024\/04\/cropped-www.diarioprincipios.com_-1.png","width":5325,"height":1454,"caption":"Principios"},"image":{"@id":"https:\/\/diarioprincipios.com\/#\/schema\/logo\/image\/"}},{"@type":"Person","@id":"https:\/\/diarioprincipios.com\/#\/schema\/person\/436d5a1fd41a5e250e23ff5a6a7cb080","name":"Hern\u00e1n L\u00f3pez","image":{"@type":"ImageObject","inLanguage":"es","@id":"https:\/\/diarioprincipios.com\/wp-content\/litespeed\/avatar\/11ddfe5610ff3bd100522525b2571f48.jpg?ver=1777048341","url":"https:\/\/diarioprincipios.com\/wp-content\/litespeed\/avatar\/11ddfe5610ff3bd100522525b2571f48.jpg?ver=1777048341","contentUrl":"https:\/\/diarioprincipios.com\/wp-content\/litespeed\/avatar\/11ddfe5610ff3bd100522525b2571f48.jpg?ver=1777048341","caption":"Hern\u00e1n L\u00f3pez"},"url":"https:\/\/diarioprincipios.com\/index.php\/author\/hernan\/"}]}},"jetpack_featured_media_url":"https:\/\/diarioprincipios.com\/wp-content\/uploads\/2020\/09\/1477076235_325058_1477077428_noticia_normal.jpg","_links":{"self":[{"href":"https:\/\/diarioprincipios.com\/index.php\/wp-json\/wp\/v2\/posts\/5324","targetHints":{"allow":["GET"]}}],"collection":[{"href":"https:\/\/diarioprincipios.com\/index.php\/wp-json\/wp\/v2\/posts"}],"about":[{"href":"https:\/\/diarioprincipios.com\/index.php\/wp-json\/wp\/v2\/types\/post"}],"author":[{"embeddable":true,"href":"https:\/\/diarioprincipios.com\/index.php\/wp-json\/wp\/v2\/users\/2"}],"replies":[{"embeddable":true,"href":"https:\/\/diarioprincipios.com\/index.php\/wp-json\/wp\/v2\/comments?post=5324"}],"version-history":[{"count":2,"href":"https:\/\/diarioprincipios.com\/index.php\/wp-json\/wp\/v2\/posts\/5324\/revisions"}],"predecessor-version":[{"id":5327,"href":"https:\/\/diarioprincipios.com\/index.php\/wp-json\/wp\/v2\/posts\/5324\/revisions\/5327"}],"wp:featuredmedia":[{"embeddable":true,"href":"https:\/\/diarioprincipios.com\/index.php\/wp-json\/wp\/v2\/media\/5325"}],"wp:attachment":[{"href":"https:\/\/diarioprincipios.com\/index.php\/wp-json\/wp\/v2\/media?parent=5324"}],"wp:term":[{"taxonomy":"category","embeddable":true,"href":"https:\/\/diarioprincipios.com\/index.php\/wp-json\/wp\/v2\/categories?post=5324"},{"taxonomy":"post_tag","embeddable":true,"href":"https:\/\/diarioprincipios.com\/index.php\/wp-json\/wp\/v2\/tags?post=5324"}],"curies":[{"name":"wp","href":"https:\/\/api.w.org\/{rel}","templated":true}]}}