{"id":5310,"date":"2020-09-06T20:15:01","date_gmt":"2020-09-06T23:15:01","guid":{"rendered":"http:\/\/diarioprincipios.com\/?p=5310"},"modified":"2020-09-06T20:15:07","modified_gmt":"2020-09-06T23:15:07","slug":"continua-la-vacunacion-contra-la-gripe-y-la-neumonia-en-los-barrios","status":"publish","type":"post","link":"https:\/\/diarioprincipios.com\/index.php\/2020\/09\/06\/continua-la-vacunacion-contra-la-gripe-y-la-neumonia-en-los-barrios\/","title":{"rendered":"Contin\u00faa la vacunaci\u00f3n contra la gripe y la neumon\u00eda en los barrios"},"content":{"rendered":"\n<p><strong>La Secretar\u00eda de Salud P\u00fablica e Higiene de la Municipalidad de Berazategui contin\u00faa recorriendo los barrios de la ciudad para aplicar la vacuna antigripal y contra la neumon\u00eda a quienes pertenecen al grupo de riesgo, y adem\u00e1s, para aquellos que lo requieran, se completa el Calendario Nacional de Vacunaci\u00f3n. En esta oportunidad estuvieron aplicando dosis en la Sociedad de Fomento San Carlos, ubicada en la calle 103 e\/ 4 y 5.<\/strong><\/p>\n\n\n\n<p>\u201cEstamos agradecidos porque, a pesar del d\u00eda lluvioso, el intendente Juan Jos\u00e9 Mussi envi\u00f3 a los agentes para realizar la vacunaci\u00f3n, como todos los a\u00f1os, siempre respondiendo a las necesidades de la gente, especialmente de aquellos mayores que no pueden acercarse a un hospital. Ahora ellos tienen la posibilidad de aplic\u00e1rselas cerca de su casa a trav\u00e9s de esta instituci\u00f3n\u201d, expres\u00f3 Walter Escobar.<\/p>\n\n\n\n<p>Flavia Barreto, enfermera de la Secretar\u00eda de Salud e Higiene de la Municipalidad de Berazategui, explic\u00f3: \u201cHoy nos encontramos en el Barrio San Carlos vacunando contra la gripe a todos los vecinos y vecinas que deseen acercarse y contra la neumon\u00eda a las personas mayores de 65 a\u00f1os y a pacientes de riesgo. Al mismo tiempo, nos encontramos aplicando vacunas del Calendario Nacional, y complet\u00e1ndolo para las familias que lo precisen\u201d.<\/p>\n\n\n\n<p>En tanto, los vecinos y vecinas del barrio se mostraron sumamente conformes y agradecidos con esta iniciativa.&nbsp;<\/p>\n\n\n\n<p>Dami\u00e1n Montejo, vecino de la zona, dijo: \u201cEl operativo me parece fant\u00e1stico. Ya acerqu\u00e9 a mi hijo para que se le aplique una vacuna que necesitaba y complete su Calendario de Vacunaci\u00f3n, tambi\u00e9n traje a mi esposa y a mi hija. Voy a seguir haciendo la ronda, acercando a los vecinos que por el d\u00eda de lluvia tengan dificultades para asistir. Esta es una gran oportunidad para aprovechar en el barrio\u201d.&nbsp;&nbsp;<\/p>\n\n\n\n<p>Asimismo, desde la Secretar\u00eda de Salud e Higiene Municipal, se recuerda que quienes a\u00fan no recibieron su dosis, pueden acercarse a cualquiera de los Centros de Atenci\u00f3n Primaria de Salud (CAPS) de Berazategui, en los horarios de sus respectivos Vacunatorios, que se pueden conocer en <a rel=\"noreferrer noopener\" target=\"_blank\" href=\"http:\/\/berazategui.gob.ar\/salud\">berazategui.gob.ar\/salud<\/a>.<\/p>\n\n\n\n<p><strong>Vacunatorios anexos<\/strong><\/p>\n\n\n\n<p>Debido a la emergencia sanitaria, el Municipio descentraliz\u00f3 el servicio de vacunaci\u00f3n de los Centros de Atenci\u00f3n Primaria de Salud (CAPS) que cuentan con guardia las 24 horas. El fin es ofrecer condiciones apropiadas para la aplicaci\u00f3n de las vacunas incluidas en el calendario anual obligatorio o la antigripal.<\/p>\n\n\n\n<p>As\u00ed, los Vacunatorios anexos funcionan de lunes a lunes, de 10.00 a 14.00, en los siguientes espacios:<\/p>\n\n\n\n<p>&#8211; CAPS N\u00b0 2: Iglesia Santa Mar\u00eda de Hudson (calle 159, entre 53 y 54).<\/p>\n\n\n\n<p>&#8211; CAPS N\u00b0 5: Sociedad de Fomento Jacarand\u00e1 (calle 160, entre 23 y 24).<\/p>\n\n\n\n<p>&#8211; CAPS N\u00b0 11: Sociedad de Fomento Uni\u00f3n (calle 515, entre 611 y colectora).<\/p>\n\n\n\n<p>&#8211; CAPS N\u00b0 3: Hospital m\u00f3vil en calle 457 A, esquina 415.<\/p>\n\n\n\n<p>&#8211; CAPS N\u00b0 14: calle 151 A, esquina 35.<\/p>\n\n\n\n<figure class=\"wp-block-image\"><img decoding=\"async\" src=\"https:\/\/ecp.yusercontent.com\/mail?url=https%3A%2F%2Fdocs.google.com%2Fuc%3Fexport%3Ddownload%26id%3D1LlE4DrwGC5XSdPioN0vKkrbP1V3SF6if%26revid%3D0ByTTxIP6k4ePVUVBYTNoYzF0RlZ1MzNkaGZKMmFDaGZ2aC9nPQ&amp;t=1599337188&amp;ymreqid=5799fcab-b43d-2794-22d2-14000201d400&amp;sig=93NktPvwidGBFL4rKdX9gQ--~D\" alt=\"\"\/><\/figure>\n","protected":false},"excerpt":{"rendered":"<p>La Secretar\u00eda de Salud P\u00fablica e Higiene de la Municipalidad de Berazategui contin\u00faa recorriendo los barrios de la ciudad para aplicar la vacuna antigripal y contra la neumon\u00eda a quienes pertenecen al grupo de riesgo, y adem\u00e1s, para aquellos que lo requieran, se completa el Calendario Nacional de Vacunaci\u00f3n. En esta oportunidad estuvieron aplicando dosis&#8230;<\/p>\n","protected":false},"author":2,"featured_media":5311,"comment_status":"open","ping_status":"open","sticky":false,"template":"","format":"standard","meta":{"footnotes":""},"categories":[3],"tags":[],"class_list":["post-5310","post","type-post","status-publish","format-standard","has-post-thumbnail","hentry","category-berazategui"],"featured_image_src":"https:\/\/diarioprincipios.com\/wp-content\/uploads\/2020\/09\/VACUNACION_SAN_CARLOS_2-1024x682.jpeg","blog_images":{"medium":"https:\/\/diarioprincipios.com\/wp-content\/uploads\/2020\/09\/VACUNACION_SAN_CARLOS_2-300x200.jpeg","large":"https:\/\/diarioprincipios.com\/wp-content\/uploads\/2020\/09\/VACUNACION_SAN_CARLOS_2-1024x682.jpeg"},"ams_acf":[],"yoast_head":"<!-- This site is optimized with the Yoast SEO plugin v27.3 - https:\/\/yoast.com\/product\/yoast-seo-wordpress\/ -->\n<title>Contin\u00faa la vacunaci\u00f3n contra la gripe y la neumon\u00eda en los barrios - Principios<\/title>\n<meta name=\"robots\" content=\"index, follow, max-snippet:-1, max-image-preview:large, max-video-preview:-1\" \/>\n<link rel=\"canonical\" href=\"https:\/\/diarioprincipios.com\/index.php\/2020\/09\/06\/continua-la-vacunacion-contra-la-gripe-y-la-neumonia-en-los-barrios\/\" \/>\n<meta property=\"og:locale\" content=\"es_ES\" \/>\n<meta property=\"og:type\" content=\"article\" \/>\n<meta property=\"og:title\" content=\"Contin\u00faa la vacunaci\u00f3n contra la gripe y la neumon\u00eda en los barrios - Principios\" \/>\n<meta property=\"og:description\" content=\"La Secretar\u00eda de Salud P\u00fablica e Higiene de la Municipalidad de Berazategui contin\u00faa recorriendo los barrios de la ciudad para aplicar la vacuna antigripal y contra la neumon\u00eda a quienes pertenecen al grupo de riesgo, y adem\u00e1s, para aquellos que lo requieran, se completa el Calendario Nacional de Vacunaci\u00f3n. En esta oportunidad estuvieron aplicando dosis...\" \/>\n<meta property=\"og:url\" content=\"https:\/\/diarioprincipios.com\/index.php\/2020\/09\/06\/continua-la-vacunacion-contra-la-gripe-y-la-neumonia-en-los-barrios\/\" \/>\n<meta property=\"og:site_name\" content=\"Principios\" \/>\n<meta property=\"article:published_time\" content=\"2020-09-06T23:15:01+00:00\" \/>\n<meta property=\"article:modified_time\" content=\"2020-09-06T23:15:07+00:00\" \/>\n<meta property=\"og:image\" content=\"https:\/\/diarioprincipios.com\/wp-content\/uploads\/2020\/09\/VACUNACION_SAN_CARLOS_2.jpeg\" \/>\n\t<meta property=\"og:image:width\" content=\"1280\" \/>\n\t<meta property=\"og:image:height\" content=\"853\" \/>\n\t<meta property=\"og:image:type\" content=\"image\/jpeg\" \/>\n<meta name=\"author\" content=\"Hern\u00e1n L\u00f3pez\" \/>\n<meta name=\"twitter:card\" content=\"summary_large_image\" \/>\n<meta name=\"twitter:label1\" content=\"Escrito por\" \/>\n\t<meta name=\"twitter:data1\" content=\"Hern\u00e1n L\u00f3pez\" \/>\n\t<meta name=\"twitter:label2\" content=\"Tiempo de lectura\" \/>\n\t<meta name=\"twitter:data2\" content=\"2 minutos\" \/>\n<script type=\"application\/ld+json\" class=\"yoast-schema-graph\">{\"@context\":\"https:\\\/\\\/schema.org\",\"@graph\":[{\"@type\":\"Article\",\"@id\":\"https:\\\/\\\/diarioprincipios.com\\\/index.php\\\/2020\\\/09\\\/06\\\/continua-la-vacunacion-contra-la-gripe-y-la-neumonia-en-los-barrios\\\/#article\",\"isPartOf\":{\"@id\":\"https:\\\/\\\/diarioprincipios.com\\\/index.php\\\/2020\\\/09\\\/06\\\/continua-la-vacunacion-contra-la-gripe-y-la-neumonia-en-los-barrios\\\/\"},\"author\":{\"name\":\"Hern\u00e1n L\u00f3pez\",\"@id\":\"https:\\\/\\\/diarioprincipios.com\\\/#\\\/schema\\\/person\\\/436d5a1fd41a5e250e23ff5a6a7cb080\"},\"headline\":\"Contin\u00faa la vacunaci\u00f3n contra la gripe y la neumon\u00eda en los barrios\",\"datePublished\":\"2020-09-06T23:15:01+00:00\",\"dateModified\":\"2020-09-06T23:15:07+00:00\",\"mainEntityOfPage\":{\"@id\":\"https:\\\/\\\/diarioprincipios.com\\\/index.php\\\/2020\\\/09\\\/06\\\/continua-la-vacunacion-contra-la-gripe-y-la-neumonia-en-los-barrios\\\/\"},\"wordCount\":498,\"commentCount\":0,\"publisher\":{\"@id\":\"https:\\\/\\\/diarioprincipios.com\\\/#organization\"},\"image\":{\"@id\":\"https:\\\/\\\/diarioprincipios.com\\\/index.php\\\/2020\\\/09\\\/06\\\/continua-la-vacunacion-contra-la-gripe-y-la-neumonia-en-los-barrios\\\/#primaryimage\"},\"thumbnailUrl\":\"https:\\\/\\\/diarioprincipios.com\\\/wp-content\\\/uploads\\\/2020\\\/09\\\/VACUNACION_SAN_CARLOS_2.jpeg\",\"articleSection\":[\"Berazategui\"],\"inLanguage\":\"es\",\"potentialAction\":[{\"@type\":\"CommentAction\",\"name\":\"Comment\",\"target\":[\"https:\\\/\\\/diarioprincipios.com\\\/index.php\\\/2020\\\/09\\\/06\\\/continua-la-vacunacion-contra-la-gripe-y-la-neumonia-en-los-barrios\\\/#respond\"]}]},{\"@type\":\"WebPage\",\"@id\":\"https:\\\/\\\/diarioprincipios.com\\\/index.php\\\/2020\\\/09\\\/06\\\/continua-la-vacunacion-contra-la-gripe-y-la-neumonia-en-los-barrios\\\/\",\"url\":\"https:\\\/\\\/diarioprincipios.com\\\/index.php\\\/2020\\\/09\\\/06\\\/continua-la-vacunacion-contra-la-gripe-y-la-neumonia-en-los-barrios\\\/\",\"name\":\"Contin\u00faa la vacunaci\u00f3n contra la gripe y la neumon\u00eda en los barrios - Principios\",\"isPartOf\":{\"@id\":\"https:\\\/\\\/diarioprincipios.com\\\/#website\"},\"primaryImageOfPage\":{\"@id\":\"https:\\\/\\\/diarioprincipios.com\\\/index.php\\\/2020\\\/09\\\/06\\\/continua-la-vacunacion-contra-la-gripe-y-la-neumonia-en-los-barrios\\\/#primaryimage\"},\"image\":{\"@id\":\"https:\\\/\\\/diarioprincipios.com\\\/index.php\\\/2020\\\/09\\\/06\\\/continua-la-vacunacion-contra-la-gripe-y-la-neumonia-en-los-barrios\\\/#primaryimage\"},\"thumbnailUrl\":\"https:\\\/\\\/diarioprincipios.com\\\/wp-content\\\/uploads\\\/2020\\\/09\\\/VACUNACION_SAN_CARLOS_2.jpeg\",\"datePublished\":\"2020-09-06T23:15:01+00:00\",\"dateModified\":\"2020-09-06T23:15:07+00:00\",\"breadcrumb\":{\"@id\":\"https:\\\/\\\/diarioprincipios.com\\\/index.php\\\/2020\\\/09\\\/06\\\/continua-la-vacunacion-contra-la-gripe-y-la-neumonia-en-los-barrios\\\/#breadcrumb\"},\"inLanguage\":\"es\",\"potentialAction\":[{\"@type\":\"ReadAction\",\"target\":[\"https:\\\/\\\/diarioprincipios.com\\\/index.php\\\/2020\\\/09\\\/06\\\/continua-la-vacunacion-contra-la-gripe-y-la-neumonia-en-los-barrios\\\/\"]}]},{\"@type\":\"ImageObject\",\"inLanguage\":\"es\",\"@id\":\"https:\\\/\\\/diarioprincipios.com\\\/index.php\\\/2020\\\/09\\\/06\\\/continua-la-vacunacion-contra-la-gripe-y-la-neumonia-en-los-barrios\\\/#primaryimage\",\"url\":\"https:\\\/\\\/diarioprincipios.com\\\/wp-content\\\/uploads\\\/2020\\\/09\\\/VACUNACION_SAN_CARLOS_2.jpeg\",\"contentUrl\":\"https:\\\/\\\/diarioprincipios.com\\\/wp-content\\\/uploads\\\/2020\\\/09\\\/VACUNACION_SAN_CARLOS_2.jpeg\",\"width\":1280,\"height\":853},{\"@type\":\"BreadcrumbList\",\"@id\":\"https:\\\/\\\/diarioprincipios.com\\\/index.php\\\/2020\\\/09\\\/06\\\/continua-la-vacunacion-contra-la-gripe-y-la-neumonia-en-los-barrios\\\/#breadcrumb\",\"itemListElement\":[{\"@type\":\"ListItem\",\"position\":1,\"name\":\"Portada\",\"item\":\"https:\\\/\\\/diarioprincipios.com\\\/\"},{\"@type\":\"ListItem\",\"position\":2,\"name\":\"Contin\u00faa la vacunaci\u00f3n contra la gripe y la neumon\u00eda en los barrios\"}]},{\"@type\":\"WebSite\",\"@id\":\"https:\\\/\\\/diarioprincipios.com\\\/#website\",\"url\":\"https:\\\/\\\/diarioprincipios.com\\\/\",\"name\":\"Principios\",\"description\":\"Principios Diario\",\"publisher\":{\"@id\":\"https:\\\/\\\/diarioprincipios.com\\\/#organization\"},\"potentialAction\":[{\"@type\":\"SearchAction\",\"target\":{\"@type\":\"EntryPoint\",\"urlTemplate\":\"https:\\\/\\\/diarioprincipios.com\\\/?s={search_term_string}\"},\"query-input\":{\"@type\":\"PropertyValueSpecification\",\"valueRequired\":true,\"valueName\":\"search_term_string\"}}],\"inLanguage\":\"es\"},{\"@type\":\"Organization\",\"@id\":\"https:\\\/\\\/diarioprincipios.com\\\/#organization\",\"name\":\"Principios\",\"url\":\"https:\\\/\\\/diarioprincipios.com\\\/\",\"logo\":{\"@type\":\"ImageObject\",\"inLanguage\":\"es\",\"@id\":\"https:\\\/\\\/diarioprincipios.com\\\/#\\\/schema\\\/logo\\\/image\\\/\",\"url\":\"https:\\\/\\\/diarioprincipios.com\\\/wp-content\\\/uploads\\\/2024\\\/04\\\/cropped-www.diarioprincipios.com_-1.png\",\"contentUrl\":\"https:\\\/\\\/diarioprincipios.com\\\/wp-content\\\/uploads\\\/2024\\\/04\\\/cropped-www.diarioprincipios.com_-1.png\",\"width\":5325,\"height\":1454,\"caption\":\"Principios\"},\"image\":{\"@id\":\"https:\\\/\\\/diarioprincipios.com\\\/#\\\/schema\\\/logo\\\/image\\\/\"}},{\"@type\":\"Person\",\"@id\":\"https:\\\/\\\/diarioprincipios.com\\\/#\\\/schema\\\/person\\\/436d5a1fd41a5e250e23ff5a6a7cb080\",\"name\":\"Hern\u00e1n L\u00f3pez\",\"image\":{\"@type\":\"ImageObject\",\"inLanguage\":\"es\",\"@id\":\"https:\\\/\\\/diarioprincipios.com\\\/wp-content\\\/litespeed\\\/avatar\\\/11ddfe5610ff3bd100522525b2571f48.jpg?ver=1777048341\",\"url\":\"https:\\\/\\\/diarioprincipios.com\\\/wp-content\\\/litespeed\\\/avatar\\\/11ddfe5610ff3bd100522525b2571f48.jpg?ver=1777048341\",\"contentUrl\":\"https:\\\/\\\/diarioprincipios.com\\\/wp-content\\\/litespeed\\\/avatar\\\/11ddfe5610ff3bd100522525b2571f48.jpg?ver=1777048341\",\"caption\":\"Hern\u00e1n L\u00f3pez\"},\"url\":\"https:\\\/\\\/diarioprincipios.com\\\/index.php\\\/author\\\/hernan\\\/\"}]}<\/script>\n<!-- \/ Yoast SEO plugin. -->","yoast_head_json":{"title":"Contin\u00faa la vacunaci\u00f3n contra la gripe y la neumon\u00eda en los barrios - Principios","robots":{"index":"index","follow":"follow","max-snippet":"max-snippet:-1","max-image-preview":"max-image-preview:large","max-video-preview":"max-video-preview:-1"},"canonical":"https:\/\/diarioprincipios.com\/index.php\/2020\/09\/06\/continua-la-vacunacion-contra-la-gripe-y-la-neumonia-en-los-barrios\/","og_locale":"es_ES","og_type":"article","og_title":"Contin\u00faa la vacunaci\u00f3n contra la gripe y la neumon\u00eda en los barrios - Principios","og_description":"La Secretar\u00eda de Salud P\u00fablica e Higiene de la Municipalidad de Berazategui contin\u00faa recorriendo los barrios de la ciudad para aplicar la vacuna antigripal y contra la neumon\u00eda a quienes pertenecen al grupo de riesgo, y adem\u00e1s, para aquellos que lo requieran, se completa el Calendario Nacional de Vacunaci\u00f3n. En esta oportunidad estuvieron aplicando dosis...","og_url":"https:\/\/diarioprincipios.com\/index.php\/2020\/09\/06\/continua-la-vacunacion-contra-la-gripe-y-la-neumonia-en-los-barrios\/","og_site_name":"Principios","article_published_time":"2020-09-06T23:15:01+00:00","article_modified_time":"2020-09-06T23:15:07+00:00","og_image":[{"width":1280,"height":853,"url":"https:\/\/diarioprincipios.com\/wp-content\/uploads\/2020\/09\/VACUNACION_SAN_CARLOS_2.jpeg","type":"image\/jpeg"}],"author":"Hern\u00e1n L\u00f3pez","twitter_card":"summary_large_image","twitter_misc":{"Escrito por":"Hern\u00e1n L\u00f3pez","Tiempo de lectura":"2 minutos"},"schema":{"@context":"https:\/\/schema.org","@graph":[{"@type":"Article","@id":"https:\/\/diarioprincipios.com\/index.php\/2020\/09\/06\/continua-la-vacunacion-contra-la-gripe-y-la-neumonia-en-los-barrios\/#article","isPartOf":{"@id":"https:\/\/diarioprincipios.com\/index.php\/2020\/09\/06\/continua-la-vacunacion-contra-la-gripe-y-la-neumonia-en-los-barrios\/"},"author":{"name":"Hern\u00e1n L\u00f3pez","@id":"https:\/\/diarioprincipios.com\/#\/schema\/person\/436d5a1fd41a5e250e23ff5a6a7cb080"},"headline":"Contin\u00faa la vacunaci\u00f3n contra la gripe y la neumon\u00eda en los barrios","datePublished":"2020-09-06T23:15:01+00:00","dateModified":"2020-09-06T23:15:07+00:00","mainEntityOfPage":{"@id":"https:\/\/diarioprincipios.com\/index.php\/2020\/09\/06\/continua-la-vacunacion-contra-la-gripe-y-la-neumonia-en-los-barrios\/"},"wordCount":498,"commentCount":0,"publisher":{"@id":"https:\/\/diarioprincipios.com\/#organization"},"image":{"@id":"https:\/\/diarioprincipios.com\/index.php\/2020\/09\/06\/continua-la-vacunacion-contra-la-gripe-y-la-neumonia-en-los-barrios\/#primaryimage"},"thumbnailUrl":"https:\/\/diarioprincipios.com\/wp-content\/uploads\/2020\/09\/VACUNACION_SAN_CARLOS_2.jpeg","articleSection":["Berazategui"],"inLanguage":"es","potentialAction":[{"@type":"CommentAction","name":"Comment","target":["https:\/\/diarioprincipios.com\/index.php\/2020\/09\/06\/continua-la-vacunacion-contra-la-gripe-y-la-neumonia-en-los-barrios\/#respond"]}]},{"@type":"WebPage","@id":"https:\/\/diarioprincipios.com\/index.php\/2020\/09\/06\/continua-la-vacunacion-contra-la-gripe-y-la-neumonia-en-los-barrios\/","url":"https:\/\/diarioprincipios.com\/index.php\/2020\/09\/06\/continua-la-vacunacion-contra-la-gripe-y-la-neumonia-en-los-barrios\/","name":"Contin\u00faa la vacunaci\u00f3n contra la gripe y la neumon\u00eda en los barrios - Principios","isPartOf":{"@id":"https:\/\/diarioprincipios.com\/#website"},"primaryImageOfPage":{"@id":"https:\/\/diarioprincipios.com\/index.php\/2020\/09\/06\/continua-la-vacunacion-contra-la-gripe-y-la-neumonia-en-los-barrios\/#primaryimage"},"image":{"@id":"https:\/\/diarioprincipios.com\/index.php\/2020\/09\/06\/continua-la-vacunacion-contra-la-gripe-y-la-neumonia-en-los-barrios\/#primaryimage"},"thumbnailUrl":"https:\/\/diarioprincipios.com\/wp-content\/uploads\/2020\/09\/VACUNACION_SAN_CARLOS_2.jpeg","datePublished":"2020-09-06T23:15:01+00:00","dateModified":"2020-09-06T23:15:07+00:00","breadcrumb":{"@id":"https:\/\/diarioprincipios.com\/index.php\/2020\/09\/06\/continua-la-vacunacion-contra-la-gripe-y-la-neumonia-en-los-barrios\/#breadcrumb"},"inLanguage":"es","potentialAction":[{"@type":"ReadAction","target":["https:\/\/diarioprincipios.com\/index.php\/2020\/09\/06\/continua-la-vacunacion-contra-la-gripe-y-la-neumonia-en-los-barrios\/"]}]},{"@type":"ImageObject","inLanguage":"es","@id":"https:\/\/diarioprincipios.com\/index.php\/2020\/09\/06\/continua-la-vacunacion-contra-la-gripe-y-la-neumonia-en-los-barrios\/#primaryimage","url":"https:\/\/diarioprincipios.com\/wp-content\/uploads\/2020\/09\/VACUNACION_SAN_CARLOS_2.jpeg","contentUrl":"https:\/\/diarioprincipios.com\/wp-content\/uploads\/2020\/09\/VACUNACION_SAN_CARLOS_2.jpeg","width":1280,"height":853},{"@type":"BreadcrumbList","@id":"https:\/\/diarioprincipios.com\/index.php\/2020\/09\/06\/continua-la-vacunacion-contra-la-gripe-y-la-neumonia-en-los-barrios\/#breadcrumb","itemListElement":[{"@type":"ListItem","position":1,"name":"Portada","item":"https:\/\/diarioprincipios.com\/"},{"@type":"ListItem","position":2,"name":"Contin\u00faa la vacunaci\u00f3n contra la gripe y la neumon\u00eda en los barrios"}]},{"@type":"WebSite","@id":"https:\/\/diarioprincipios.com\/#website","url":"https:\/\/diarioprincipios.com\/","name":"Principios","description":"Principios Diario","publisher":{"@id":"https:\/\/diarioprincipios.com\/#organization"},"potentialAction":[{"@type":"SearchAction","target":{"@type":"EntryPoint","urlTemplate":"https:\/\/diarioprincipios.com\/?s={search_term_string}"},"query-input":{"@type":"PropertyValueSpecification","valueRequired":true,"valueName":"search_term_string"}}],"inLanguage":"es"},{"@type":"Organization","@id":"https:\/\/diarioprincipios.com\/#organization","name":"Principios","url":"https:\/\/diarioprincipios.com\/","logo":{"@type":"ImageObject","inLanguage":"es","@id":"https:\/\/diarioprincipios.com\/#\/schema\/logo\/image\/","url":"https:\/\/diarioprincipios.com\/wp-content\/uploads\/2024\/04\/cropped-www.diarioprincipios.com_-1.png","contentUrl":"https:\/\/diarioprincipios.com\/wp-content\/uploads\/2024\/04\/cropped-www.diarioprincipios.com_-1.png","width":5325,"height":1454,"caption":"Principios"},"image":{"@id":"https:\/\/diarioprincipios.com\/#\/schema\/logo\/image\/"}},{"@type":"Person","@id":"https:\/\/diarioprincipios.com\/#\/schema\/person\/436d5a1fd41a5e250e23ff5a6a7cb080","name":"Hern\u00e1n L\u00f3pez","image":{"@type":"ImageObject","inLanguage":"es","@id":"https:\/\/diarioprincipios.com\/wp-content\/litespeed\/avatar\/11ddfe5610ff3bd100522525b2571f48.jpg?ver=1777048341","url":"https:\/\/diarioprincipios.com\/wp-content\/litespeed\/avatar\/11ddfe5610ff3bd100522525b2571f48.jpg?ver=1777048341","contentUrl":"https:\/\/diarioprincipios.com\/wp-content\/litespeed\/avatar\/11ddfe5610ff3bd100522525b2571f48.jpg?ver=1777048341","caption":"Hern\u00e1n L\u00f3pez"},"url":"https:\/\/diarioprincipios.com\/index.php\/author\/hernan\/"}]}},"jetpack_featured_media_url":"https:\/\/diarioprincipios.com\/wp-content\/uploads\/2020\/09\/VACUNACION_SAN_CARLOS_2.jpeg","_links":{"self":[{"href":"https:\/\/diarioprincipios.com\/index.php\/wp-json\/wp\/v2\/posts\/5310","targetHints":{"allow":["GET"]}}],"collection":[{"href":"https:\/\/diarioprincipios.com\/index.php\/wp-json\/wp\/v2\/posts"}],"about":[{"href":"https:\/\/diarioprincipios.com\/index.php\/wp-json\/wp\/v2\/types\/post"}],"author":[{"embeddable":true,"href":"https:\/\/diarioprincipios.com\/index.php\/wp-json\/wp\/v2\/users\/2"}],"replies":[{"embeddable":true,"href":"https:\/\/diarioprincipios.com\/index.php\/wp-json\/wp\/v2\/comments?post=5310"}],"version-history":[{"count":1,"href":"https:\/\/diarioprincipios.com\/index.php\/wp-json\/wp\/v2\/posts\/5310\/revisions"}],"predecessor-version":[{"id":5312,"href":"https:\/\/diarioprincipios.com\/index.php\/wp-json\/wp\/v2\/posts\/5310\/revisions\/5312"}],"wp:featuredmedia":[{"embeddable":true,"href":"https:\/\/diarioprincipios.com\/index.php\/wp-json\/wp\/v2\/media\/5311"}],"wp:attachment":[{"href":"https:\/\/diarioprincipios.com\/index.php\/wp-json\/wp\/v2\/media?parent=5310"}],"wp:term":[{"taxonomy":"category","embeddable":true,"href":"https:\/\/diarioprincipios.com\/index.php\/wp-json\/wp\/v2\/categories?post=5310"},{"taxonomy":"post_tag","embeddable":true,"href":"https:\/\/diarioprincipios.com\/index.php\/wp-json\/wp\/v2\/tags?post=5310"}],"curies":[{"name":"wp","href":"https:\/\/api.w.org\/{rel}","templated":true}]}}