{"id":5306,"date":"2020-09-05T19:59:24","date_gmt":"2020-09-05T22:59:24","guid":{"rendered":"http:\/\/diarioprincipios.com\/?p=5306"},"modified":"2020-09-05T19:59:28","modified_gmt":"2020-09-05T22:59:28","slug":"mussi-participo-de-videoconferencia-en-la-que-kicillof-lanzo-un-programa-integral-de-reactivacion-economica","status":"publish","type":"post","link":"https:\/\/diarioprincipios.com\/index.php\/2020\/09\/05\/mussi-participo-de-videoconferencia-en-la-que-kicillof-lanzo-un-programa-integral-de-reactivacion-economica\/","title":{"rendered":"Mussi particip\u00f3 de Videoconferencia en la que Kicillof lanz\u00f3 un Programa Integral de Reactivaci\u00f3n Econ\u00f3mica"},"content":{"rendered":"\n<p><strong><br>Junto a otros intendentes e intendentas, el jefe comunal de Berazategui, Juan Jos\u00e9 Mussi, particip\u00f3 de una videoconferencia con el gobernador de la Provincia de Buenos Aires, Axel Kicillof, quien les brind\u00f3 detalles del nuevo Plan Integral de Reactivaci\u00f3n Productiva \u201cProvincia en Marcha\u201d, que tendr\u00e1 como objetivos, la infraestructura y la obras p\u00fablica, la asistencia crediticia para el sector productivo y un plan para la generaci\u00f3n de empleo.<br><\/strong><br>\u201cPresentamos el Plan Integral de Reactivaci\u00f3n Productiva para reconstruir el mercado interno, el empleo y dar respuesta a necesidades b\u00e1sicas postergadas\u201d, anunci\u00f3 Kicillof. En este sentido, el gobernador explic\u00f3: \u201cTiene como ejes centrales el fomento de la demanda, un plan de obra p\u00fablica y asistencia crediticia para el desarrollo y el sostenimiento\u201d, y destac\u00f3: \u201cEl Estado va a acompa\u00f1ar, potenciar e impulsar el proceso de reactivaci\u00f3n, para poner a la provincia en marcha cuando todo esto pase\u201d.<\/p>\n\n\n\n<p>En primer t\u00e9rmino, con una inversi\u00f3n prevista de 130.964 millones de pesos, la propuesta consistir\u00e1 en un ambicioso plan de desarrollo productivo y fomento de la demanda basado en los siguientes pilares: el Plan Provincial de Impulso a los Sectores Productivos, el Programa Provincial de Reactivaci\u00f3n del Turismo y la Cultura, el Programa Provincial de Fortalecimiento de Cadenas Productivas, el congelamiento de tarifas de energ\u00eda y el Programa Provincial de Asistencia Tributaria. Este \u00faltimo, por ejemplo, incluir\u00e1 la reducci\u00f3n de al\u00edcuotas de ingresos brutos a m\u00e1s de 200.000 pymes y la regularizaci\u00f3n impositiva -en hasta 60 cuotas- para 1.200.000 contribuyentes.<\/p>\n\n\n\n<p>En segunda instancia, se realizar\u00e1 un plan de infraestructura y obra p\u00fablica por 120.663 millones de pesos, que prev\u00e9 un plan provincial de desarrollo y ampliaci\u00f3n de la infraestructura el\u00e9ctrica, de redes de gas natural de BAGSA, un plan de reactivaci\u00f3n de obras en rutas provinciales, viviendas, agua y obras hidr\u00e1ulicas, entre otros.<\/p>\n\n\n\n<p>El tercer eje, en tanto, consiste en un plan de asistencia crediticia para el desarrollo productivo por un total de 36.100 millones de pesos, con el programa RePyME.<\/p>\n\n\n\n<p>Finalmente, el proyecto del gobierno bonaerense tambi\u00e9n incluye un plan de sostenimiento y generaci\u00f3n de empleo. El objetivo de esta \u00faltima medida, para la cual se destinar\u00e1n 950 millones de pesos, ser\u00e1 fomentar la creaci\u00f3n de puestos laborales a trav\u00e9s del Programa \u201cImpulsar\u201d, la L\u00ednea de Apoyo para la Formaci\u00f3n y el Trabajo, y el Programa para Preservar la Producci\u00f3n y el Trabajo (PPT).<\/p>\n\n\n\n<p>\u201cMientras lidiamos con el Coronavirus (COVID-19), ponemos a disposici\u00f3n de los empresarios y trabajadores una serie de instrumentos y medidas para que la recuperaci\u00f3n sea m\u00e1s r\u00e1pida y contundente cuando finalice la pandemia\u201d, expres\u00f3 el gobernador, quien durante el acto lanzamiento de \u201cProvincia en Marcha\u201d estuvo acompa\u00f1ado por los ministros de Producci\u00f3n, Augusto Costa; de Infraestructura, Agust\u00edn Simone; y de Trabajo, Mara Ruiz Malec; el presidente del Banco Provincia, Juan Cuattromo; y el director ejecutivo de la Agencia de Recaudaci\u00f3n de Buenos Aires (ARBA), Cristian Girard.<\/p>\n\n\n\n<p><\/p>\n\n\n\n<p><\/p>\n\n\n\n<figure class=\"wp-block-image\"><img decoding=\"async\" src=\"https:\/\/ecp.yusercontent.com\/mail?url=https%3A%2F%2Fdocs.google.com%2Fuc%3Fexport%3Ddownload%26id%3D1O9ySDGVjFwLiWj3yWiMdjtCw6pHI7T-F%26revid%3D0B9CZhG6aa0VidWpSQjZNZGVndGpYeWM5ZWtiUFNuM1JQV3U4PQ&amp;t=1599262329&amp;ymreqid=5799fcab-b43d-2794-22d2-14001501c900&amp;sig=YgsupjyChCvknLDvAlMedw--~D\" alt=\"\"\/><\/figure>\n\n\n\n<p><\/p>\n","protected":false},"excerpt":{"rendered":"<p>Junto a otros intendentes e intendentas, el jefe comunal de Berazategui, Juan Jos\u00e9 Mussi, particip\u00f3 de una videoconferencia con el gobernador de la Provincia de Buenos Aires, Axel Kicillof, quien les brind\u00f3 detalles del nuevo Plan Integral de Reactivaci\u00f3n Productiva \u201cProvincia en Marcha\u201d, que tendr\u00e1 como objetivos, la infraestructura y la obras p\u00fablica, la asistencia&#8230;<\/p>\n","protected":false},"author":2,"featured_media":5307,"comment_status":"open","ping_status":"open","sticky":false,"template":"","format":"standard","meta":{"footnotes":""},"categories":[3],"tags":[],"class_list":["post-5306","post","type-post","status-publish","format-standard","has-post-thumbnail","hentry","category-berazategui"],"featured_image_src":"https:\/\/diarioprincipios.com\/wp-content\/uploads\/2020\/09\/KICILLOF-LANZO-UN-PROGRAMA-INTEGRAL-DE-REACTIVACION-ECONOMICA.jpg","blog_images":{"medium":"https:\/\/diarioprincipios.com\/wp-content\/uploads\/2020\/09\/KICILLOF-LANZO-UN-PROGRAMA-INTEGRAL-DE-REACTIVACION-ECONOMICA-300x300.jpg","large":"https:\/\/diarioprincipios.com\/wp-content\/uploads\/2020\/09\/KICILLOF-LANZO-UN-PROGRAMA-INTEGRAL-DE-REACTIVACION-ECONOMICA.jpg"},"ams_acf":[],"yoast_head":"<!-- This site is optimized with the Yoast SEO plugin v27.3 - https:\/\/yoast.com\/product\/yoast-seo-wordpress\/ -->\n<title>Mussi particip\u00f3 de Videoconferencia en la que Kicillof lanz\u00f3 un Programa Integral de Reactivaci\u00f3n Econ\u00f3mica - Principios<\/title>\n<meta name=\"robots\" content=\"index, follow, max-snippet:-1, max-image-preview:large, max-video-preview:-1\" \/>\n<link rel=\"canonical\" href=\"https:\/\/diarioprincipios.com\/index.php\/2020\/09\/05\/mussi-participo-de-videoconferencia-en-la-que-kicillof-lanzo-un-programa-integral-de-reactivacion-economica\/\" \/>\n<meta property=\"og:locale\" content=\"es_ES\" \/>\n<meta property=\"og:type\" content=\"article\" \/>\n<meta property=\"og:title\" content=\"Mussi particip\u00f3 de Videoconferencia en la que Kicillof lanz\u00f3 un Programa Integral de Reactivaci\u00f3n Econ\u00f3mica - Principios\" \/>\n<meta property=\"og:description\" content=\"Junto a otros intendentes e intendentas, el jefe comunal de Berazategui, Juan Jos\u00e9 Mussi, particip\u00f3 de una videoconferencia con el gobernador de la Provincia de Buenos Aires, Axel Kicillof, quien les brind\u00f3 detalles del nuevo Plan Integral de Reactivaci\u00f3n Productiva \u201cProvincia en Marcha\u201d, que tendr\u00e1 como objetivos, la infraestructura y la obras p\u00fablica, la asistencia...\" \/>\n<meta property=\"og:url\" content=\"https:\/\/diarioprincipios.com\/index.php\/2020\/09\/05\/mussi-participo-de-videoconferencia-en-la-que-kicillof-lanzo-un-programa-integral-de-reactivacion-economica\/\" \/>\n<meta property=\"og:site_name\" content=\"Principios\" \/>\n<meta property=\"article:published_time\" content=\"2020-09-05T22:59:24+00:00\" \/>\n<meta property=\"article:modified_time\" content=\"2020-09-05T22:59:28+00:00\" \/>\n<meta property=\"og:image\" content=\"https:\/\/diarioprincipios.com\/wp-content\/uploads\/2020\/09\/KICILLOF-LANZO-UN-PROGRAMA-INTEGRAL-DE-REACTIVACION-ECONOMICA.jpg\" \/>\n\t<meta property=\"og:image:width\" content=\"960\" \/>\n\t<meta property=\"og:image:height\" content=\"960\" \/>\n\t<meta property=\"og:image:type\" content=\"image\/jpeg\" \/>\n<meta name=\"author\" content=\"Hern\u00e1n L\u00f3pez\" \/>\n<meta name=\"twitter:card\" content=\"summary_large_image\" \/>\n<meta name=\"twitter:label1\" content=\"Escrito por\" \/>\n\t<meta name=\"twitter:data1\" content=\"Hern\u00e1n L\u00f3pez\" \/>\n\t<meta name=\"twitter:label2\" content=\"Tiempo de lectura\" \/>\n\t<meta name=\"twitter:data2\" content=\"3 minutos\" \/>\n<script type=\"application\/ld+json\" class=\"yoast-schema-graph\">{\"@context\":\"https:\\\/\\\/schema.org\",\"@graph\":[{\"@type\":\"Article\",\"@id\":\"https:\\\/\\\/diarioprincipios.com\\\/index.php\\\/2020\\\/09\\\/05\\\/mussi-participo-de-videoconferencia-en-la-que-kicillof-lanzo-un-programa-integral-de-reactivacion-economica\\\/#article\",\"isPartOf\":{\"@id\":\"https:\\\/\\\/diarioprincipios.com\\\/index.php\\\/2020\\\/09\\\/05\\\/mussi-participo-de-videoconferencia-en-la-que-kicillof-lanzo-un-programa-integral-de-reactivacion-economica\\\/\"},\"author\":{\"name\":\"Hern\u00e1n L\u00f3pez\",\"@id\":\"https:\\\/\\\/diarioprincipios.com\\\/#\\\/schema\\\/person\\\/436d5a1fd41a5e250e23ff5a6a7cb080\"},\"headline\":\"Mussi particip\u00f3 de Videoconferencia en la que Kicillof lanz\u00f3 un Programa Integral de Reactivaci\u00f3n Econ\u00f3mica\",\"datePublished\":\"2020-09-05T22:59:24+00:00\",\"dateModified\":\"2020-09-05T22:59:28+00:00\",\"mainEntityOfPage\":{\"@id\":\"https:\\\/\\\/diarioprincipios.com\\\/index.php\\\/2020\\\/09\\\/05\\\/mussi-participo-de-videoconferencia-en-la-que-kicillof-lanzo-un-programa-integral-de-reactivacion-economica\\\/\"},\"wordCount\":523,\"commentCount\":0,\"publisher\":{\"@id\":\"https:\\\/\\\/diarioprincipios.com\\\/#organization\"},\"image\":{\"@id\":\"https:\\\/\\\/diarioprincipios.com\\\/index.php\\\/2020\\\/09\\\/05\\\/mussi-participo-de-videoconferencia-en-la-que-kicillof-lanzo-un-programa-integral-de-reactivacion-economica\\\/#primaryimage\"},\"thumbnailUrl\":\"https:\\\/\\\/diarioprincipios.com\\\/wp-content\\\/uploads\\\/2020\\\/09\\\/KICILLOF-LANZO-UN-PROGRAMA-INTEGRAL-DE-REACTIVACION-ECONOMICA.jpg\",\"articleSection\":[\"Berazategui\"],\"inLanguage\":\"es\",\"potentialAction\":[{\"@type\":\"CommentAction\",\"name\":\"Comment\",\"target\":[\"https:\\\/\\\/diarioprincipios.com\\\/index.php\\\/2020\\\/09\\\/05\\\/mussi-participo-de-videoconferencia-en-la-que-kicillof-lanzo-un-programa-integral-de-reactivacion-economica\\\/#respond\"]}]},{\"@type\":\"WebPage\",\"@id\":\"https:\\\/\\\/diarioprincipios.com\\\/index.php\\\/2020\\\/09\\\/05\\\/mussi-participo-de-videoconferencia-en-la-que-kicillof-lanzo-un-programa-integral-de-reactivacion-economica\\\/\",\"url\":\"https:\\\/\\\/diarioprincipios.com\\\/index.php\\\/2020\\\/09\\\/05\\\/mussi-participo-de-videoconferencia-en-la-que-kicillof-lanzo-un-programa-integral-de-reactivacion-economica\\\/\",\"name\":\"Mussi particip\u00f3 de Videoconferencia en la que Kicillof lanz\u00f3 un Programa Integral de Reactivaci\u00f3n Econ\u00f3mica - Principios\",\"isPartOf\":{\"@id\":\"https:\\\/\\\/diarioprincipios.com\\\/#website\"},\"primaryImageOfPage\":{\"@id\":\"https:\\\/\\\/diarioprincipios.com\\\/index.php\\\/2020\\\/09\\\/05\\\/mussi-participo-de-videoconferencia-en-la-que-kicillof-lanzo-un-programa-integral-de-reactivacion-economica\\\/#primaryimage\"},\"image\":{\"@id\":\"https:\\\/\\\/diarioprincipios.com\\\/index.php\\\/2020\\\/09\\\/05\\\/mussi-participo-de-videoconferencia-en-la-que-kicillof-lanzo-un-programa-integral-de-reactivacion-economica\\\/#primaryimage\"},\"thumbnailUrl\":\"https:\\\/\\\/diarioprincipios.com\\\/wp-content\\\/uploads\\\/2020\\\/09\\\/KICILLOF-LANZO-UN-PROGRAMA-INTEGRAL-DE-REACTIVACION-ECONOMICA.jpg\",\"datePublished\":\"2020-09-05T22:59:24+00:00\",\"dateModified\":\"2020-09-05T22:59:28+00:00\",\"breadcrumb\":{\"@id\":\"https:\\\/\\\/diarioprincipios.com\\\/index.php\\\/2020\\\/09\\\/05\\\/mussi-participo-de-videoconferencia-en-la-que-kicillof-lanzo-un-programa-integral-de-reactivacion-economica\\\/#breadcrumb\"},\"inLanguage\":\"es\",\"potentialAction\":[{\"@type\":\"ReadAction\",\"target\":[\"https:\\\/\\\/diarioprincipios.com\\\/index.php\\\/2020\\\/09\\\/05\\\/mussi-participo-de-videoconferencia-en-la-que-kicillof-lanzo-un-programa-integral-de-reactivacion-economica\\\/\"]}]},{\"@type\":\"ImageObject\",\"inLanguage\":\"es\",\"@id\":\"https:\\\/\\\/diarioprincipios.com\\\/index.php\\\/2020\\\/09\\\/05\\\/mussi-participo-de-videoconferencia-en-la-que-kicillof-lanzo-un-programa-integral-de-reactivacion-economica\\\/#primaryimage\",\"url\":\"https:\\\/\\\/diarioprincipios.com\\\/wp-content\\\/uploads\\\/2020\\\/09\\\/KICILLOF-LANZO-UN-PROGRAMA-INTEGRAL-DE-REACTIVACION-ECONOMICA.jpg\",\"contentUrl\":\"https:\\\/\\\/diarioprincipios.com\\\/wp-content\\\/uploads\\\/2020\\\/09\\\/KICILLOF-LANZO-UN-PROGRAMA-INTEGRAL-DE-REACTIVACION-ECONOMICA.jpg\",\"width\":960,\"height\":960},{\"@type\":\"BreadcrumbList\",\"@id\":\"https:\\\/\\\/diarioprincipios.com\\\/index.php\\\/2020\\\/09\\\/05\\\/mussi-participo-de-videoconferencia-en-la-que-kicillof-lanzo-un-programa-integral-de-reactivacion-economica\\\/#breadcrumb\",\"itemListElement\":[{\"@type\":\"ListItem\",\"position\":1,\"name\":\"Portada\",\"item\":\"https:\\\/\\\/diarioprincipios.com\\\/\"},{\"@type\":\"ListItem\",\"position\":2,\"name\":\"Mussi particip\u00f3 de Videoconferencia en la que Kicillof lanz\u00f3 un Programa Integral de Reactivaci\u00f3n Econ\u00f3mica\"}]},{\"@type\":\"WebSite\",\"@id\":\"https:\\\/\\\/diarioprincipios.com\\\/#website\",\"url\":\"https:\\\/\\\/diarioprincipios.com\\\/\",\"name\":\"Principios\",\"description\":\"Principios Diario\",\"publisher\":{\"@id\":\"https:\\\/\\\/diarioprincipios.com\\\/#organization\"},\"potentialAction\":[{\"@type\":\"SearchAction\",\"target\":{\"@type\":\"EntryPoint\",\"urlTemplate\":\"https:\\\/\\\/diarioprincipios.com\\\/?s={search_term_string}\"},\"query-input\":{\"@type\":\"PropertyValueSpecification\",\"valueRequired\":true,\"valueName\":\"search_term_string\"}}],\"inLanguage\":\"es\"},{\"@type\":\"Organization\",\"@id\":\"https:\\\/\\\/diarioprincipios.com\\\/#organization\",\"name\":\"Principios\",\"url\":\"https:\\\/\\\/diarioprincipios.com\\\/\",\"logo\":{\"@type\":\"ImageObject\",\"inLanguage\":\"es\",\"@id\":\"https:\\\/\\\/diarioprincipios.com\\\/#\\\/schema\\\/logo\\\/image\\\/\",\"url\":\"https:\\\/\\\/diarioprincipios.com\\\/wp-content\\\/uploads\\\/2024\\\/04\\\/cropped-www.diarioprincipios.com_-1.png\",\"contentUrl\":\"https:\\\/\\\/diarioprincipios.com\\\/wp-content\\\/uploads\\\/2024\\\/04\\\/cropped-www.diarioprincipios.com_-1.png\",\"width\":5325,\"height\":1454,\"caption\":\"Principios\"},\"image\":{\"@id\":\"https:\\\/\\\/diarioprincipios.com\\\/#\\\/schema\\\/logo\\\/image\\\/\"}},{\"@type\":\"Person\",\"@id\":\"https:\\\/\\\/diarioprincipios.com\\\/#\\\/schema\\\/person\\\/436d5a1fd41a5e250e23ff5a6a7cb080\",\"name\":\"Hern\u00e1n L\u00f3pez\",\"image\":{\"@type\":\"ImageObject\",\"inLanguage\":\"es\",\"@id\":\"https:\\\/\\\/diarioprincipios.com\\\/wp-content\\\/litespeed\\\/avatar\\\/11ddfe5610ff3bd100522525b2571f48.jpg?ver=1777048341\",\"url\":\"https:\\\/\\\/diarioprincipios.com\\\/wp-content\\\/litespeed\\\/avatar\\\/11ddfe5610ff3bd100522525b2571f48.jpg?ver=1777048341\",\"contentUrl\":\"https:\\\/\\\/diarioprincipios.com\\\/wp-content\\\/litespeed\\\/avatar\\\/11ddfe5610ff3bd100522525b2571f48.jpg?ver=1777048341\",\"caption\":\"Hern\u00e1n L\u00f3pez\"},\"url\":\"https:\\\/\\\/diarioprincipios.com\\\/index.php\\\/author\\\/hernan\\\/\"}]}<\/script>\n<!-- \/ Yoast SEO plugin. -->","yoast_head_json":{"title":"Mussi particip\u00f3 de Videoconferencia en la que Kicillof lanz\u00f3 un Programa Integral de Reactivaci\u00f3n Econ\u00f3mica - Principios","robots":{"index":"index","follow":"follow","max-snippet":"max-snippet:-1","max-image-preview":"max-image-preview:large","max-video-preview":"max-video-preview:-1"},"canonical":"https:\/\/diarioprincipios.com\/index.php\/2020\/09\/05\/mussi-participo-de-videoconferencia-en-la-que-kicillof-lanzo-un-programa-integral-de-reactivacion-economica\/","og_locale":"es_ES","og_type":"article","og_title":"Mussi particip\u00f3 de Videoconferencia en la que Kicillof lanz\u00f3 un Programa Integral de Reactivaci\u00f3n Econ\u00f3mica - Principios","og_description":"Junto a otros intendentes e intendentas, el jefe comunal de Berazategui, Juan Jos\u00e9 Mussi, particip\u00f3 de una videoconferencia con el gobernador de la Provincia de Buenos Aires, Axel Kicillof, quien les brind\u00f3 detalles del nuevo Plan Integral de Reactivaci\u00f3n Productiva \u201cProvincia en Marcha\u201d, que tendr\u00e1 como objetivos, la infraestructura y la obras p\u00fablica, la asistencia...","og_url":"https:\/\/diarioprincipios.com\/index.php\/2020\/09\/05\/mussi-participo-de-videoconferencia-en-la-que-kicillof-lanzo-un-programa-integral-de-reactivacion-economica\/","og_site_name":"Principios","article_published_time":"2020-09-05T22:59:24+00:00","article_modified_time":"2020-09-05T22:59:28+00:00","og_image":[{"width":960,"height":960,"url":"https:\/\/diarioprincipios.com\/wp-content\/uploads\/2020\/09\/KICILLOF-LANZO-UN-PROGRAMA-INTEGRAL-DE-REACTIVACION-ECONOMICA.jpg","type":"image\/jpeg"}],"author":"Hern\u00e1n L\u00f3pez","twitter_card":"summary_large_image","twitter_misc":{"Escrito por":"Hern\u00e1n L\u00f3pez","Tiempo de lectura":"3 minutos"},"schema":{"@context":"https:\/\/schema.org","@graph":[{"@type":"Article","@id":"https:\/\/diarioprincipios.com\/index.php\/2020\/09\/05\/mussi-participo-de-videoconferencia-en-la-que-kicillof-lanzo-un-programa-integral-de-reactivacion-economica\/#article","isPartOf":{"@id":"https:\/\/diarioprincipios.com\/index.php\/2020\/09\/05\/mussi-participo-de-videoconferencia-en-la-que-kicillof-lanzo-un-programa-integral-de-reactivacion-economica\/"},"author":{"name":"Hern\u00e1n L\u00f3pez","@id":"https:\/\/diarioprincipios.com\/#\/schema\/person\/436d5a1fd41a5e250e23ff5a6a7cb080"},"headline":"Mussi particip\u00f3 de Videoconferencia en la que Kicillof lanz\u00f3 un Programa Integral de Reactivaci\u00f3n Econ\u00f3mica","datePublished":"2020-09-05T22:59:24+00:00","dateModified":"2020-09-05T22:59:28+00:00","mainEntityOfPage":{"@id":"https:\/\/diarioprincipios.com\/index.php\/2020\/09\/05\/mussi-participo-de-videoconferencia-en-la-que-kicillof-lanzo-un-programa-integral-de-reactivacion-economica\/"},"wordCount":523,"commentCount":0,"publisher":{"@id":"https:\/\/diarioprincipios.com\/#organization"},"image":{"@id":"https:\/\/diarioprincipios.com\/index.php\/2020\/09\/05\/mussi-participo-de-videoconferencia-en-la-que-kicillof-lanzo-un-programa-integral-de-reactivacion-economica\/#primaryimage"},"thumbnailUrl":"https:\/\/diarioprincipios.com\/wp-content\/uploads\/2020\/09\/KICILLOF-LANZO-UN-PROGRAMA-INTEGRAL-DE-REACTIVACION-ECONOMICA.jpg","articleSection":["Berazategui"],"inLanguage":"es","potentialAction":[{"@type":"CommentAction","name":"Comment","target":["https:\/\/diarioprincipios.com\/index.php\/2020\/09\/05\/mussi-participo-de-videoconferencia-en-la-que-kicillof-lanzo-un-programa-integral-de-reactivacion-economica\/#respond"]}]},{"@type":"WebPage","@id":"https:\/\/diarioprincipios.com\/index.php\/2020\/09\/05\/mussi-participo-de-videoconferencia-en-la-que-kicillof-lanzo-un-programa-integral-de-reactivacion-economica\/","url":"https:\/\/diarioprincipios.com\/index.php\/2020\/09\/05\/mussi-participo-de-videoconferencia-en-la-que-kicillof-lanzo-un-programa-integral-de-reactivacion-economica\/","name":"Mussi particip\u00f3 de Videoconferencia en la que Kicillof lanz\u00f3 un Programa Integral de Reactivaci\u00f3n Econ\u00f3mica - Principios","isPartOf":{"@id":"https:\/\/diarioprincipios.com\/#website"},"primaryImageOfPage":{"@id":"https:\/\/diarioprincipios.com\/index.php\/2020\/09\/05\/mussi-participo-de-videoconferencia-en-la-que-kicillof-lanzo-un-programa-integral-de-reactivacion-economica\/#primaryimage"},"image":{"@id":"https:\/\/diarioprincipios.com\/index.php\/2020\/09\/05\/mussi-participo-de-videoconferencia-en-la-que-kicillof-lanzo-un-programa-integral-de-reactivacion-economica\/#primaryimage"},"thumbnailUrl":"https:\/\/diarioprincipios.com\/wp-content\/uploads\/2020\/09\/KICILLOF-LANZO-UN-PROGRAMA-INTEGRAL-DE-REACTIVACION-ECONOMICA.jpg","datePublished":"2020-09-05T22:59:24+00:00","dateModified":"2020-09-05T22:59:28+00:00","breadcrumb":{"@id":"https:\/\/diarioprincipios.com\/index.php\/2020\/09\/05\/mussi-participo-de-videoconferencia-en-la-que-kicillof-lanzo-un-programa-integral-de-reactivacion-economica\/#breadcrumb"},"inLanguage":"es","potentialAction":[{"@type":"ReadAction","target":["https:\/\/diarioprincipios.com\/index.php\/2020\/09\/05\/mussi-participo-de-videoconferencia-en-la-que-kicillof-lanzo-un-programa-integral-de-reactivacion-economica\/"]}]},{"@type":"ImageObject","inLanguage":"es","@id":"https:\/\/diarioprincipios.com\/index.php\/2020\/09\/05\/mussi-participo-de-videoconferencia-en-la-que-kicillof-lanzo-un-programa-integral-de-reactivacion-economica\/#primaryimage","url":"https:\/\/diarioprincipios.com\/wp-content\/uploads\/2020\/09\/KICILLOF-LANZO-UN-PROGRAMA-INTEGRAL-DE-REACTIVACION-ECONOMICA.jpg","contentUrl":"https:\/\/diarioprincipios.com\/wp-content\/uploads\/2020\/09\/KICILLOF-LANZO-UN-PROGRAMA-INTEGRAL-DE-REACTIVACION-ECONOMICA.jpg","width":960,"height":960},{"@type":"BreadcrumbList","@id":"https:\/\/diarioprincipios.com\/index.php\/2020\/09\/05\/mussi-participo-de-videoconferencia-en-la-que-kicillof-lanzo-un-programa-integral-de-reactivacion-economica\/#breadcrumb","itemListElement":[{"@type":"ListItem","position":1,"name":"Portada","item":"https:\/\/diarioprincipios.com\/"},{"@type":"ListItem","position":2,"name":"Mussi particip\u00f3 de Videoconferencia en la que Kicillof lanz\u00f3 un Programa Integral de Reactivaci\u00f3n Econ\u00f3mica"}]},{"@type":"WebSite","@id":"https:\/\/diarioprincipios.com\/#website","url":"https:\/\/diarioprincipios.com\/","name":"Principios","description":"Principios Diario","publisher":{"@id":"https:\/\/diarioprincipios.com\/#organization"},"potentialAction":[{"@type":"SearchAction","target":{"@type":"EntryPoint","urlTemplate":"https:\/\/diarioprincipios.com\/?s={search_term_string}"},"query-input":{"@type":"PropertyValueSpecification","valueRequired":true,"valueName":"search_term_string"}}],"inLanguage":"es"},{"@type":"Organization","@id":"https:\/\/diarioprincipios.com\/#organization","name":"Principios","url":"https:\/\/diarioprincipios.com\/","logo":{"@type":"ImageObject","inLanguage":"es","@id":"https:\/\/diarioprincipios.com\/#\/schema\/logo\/image\/","url":"https:\/\/diarioprincipios.com\/wp-content\/uploads\/2024\/04\/cropped-www.diarioprincipios.com_-1.png","contentUrl":"https:\/\/diarioprincipios.com\/wp-content\/uploads\/2024\/04\/cropped-www.diarioprincipios.com_-1.png","width":5325,"height":1454,"caption":"Principios"},"image":{"@id":"https:\/\/diarioprincipios.com\/#\/schema\/logo\/image\/"}},{"@type":"Person","@id":"https:\/\/diarioprincipios.com\/#\/schema\/person\/436d5a1fd41a5e250e23ff5a6a7cb080","name":"Hern\u00e1n L\u00f3pez","image":{"@type":"ImageObject","inLanguage":"es","@id":"https:\/\/diarioprincipios.com\/wp-content\/litespeed\/avatar\/11ddfe5610ff3bd100522525b2571f48.jpg?ver=1777048341","url":"https:\/\/diarioprincipios.com\/wp-content\/litespeed\/avatar\/11ddfe5610ff3bd100522525b2571f48.jpg?ver=1777048341","contentUrl":"https:\/\/diarioprincipios.com\/wp-content\/litespeed\/avatar\/11ddfe5610ff3bd100522525b2571f48.jpg?ver=1777048341","caption":"Hern\u00e1n L\u00f3pez"},"url":"https:\/\/diarioprincipios.com\/index.php\/author\/hernan\/"}]}},"jetpack_featured_media_url":"https:\/\/diarioprincipios.com\/wp-content\/uploads\/2020\/09\/KICILLOF-LANZO-UN-PROGRAMA-INTEGRAL-DE-REACTIVACION-ECONOMICA.jpg","_links":{"self":[{"href":"https:\/\/diarioprincipios.com\/index.php\/wp-json\/wp\/v2\/posts\/5306","targetHints":{"allow":["GET"]}}],"collection":[{"href":"https:\/\/diarioprincipios.com\/index.php\/wp-json\/wp\/v2\/posts"}],"about":[{"href":"https:\/\/diarioprincipios.com\/index.php\/wp-json\/wp\/v2\/types\/post"}],"author":[{"embeddable":true,"href":"https:\/\/diarioprincipios.com\/index.php\/wp-json\/wp\/v2\/users\/2"}],"replies":[{"embeddable":true,"href":"https:\/\/diarioprincipios.com\/index.php\/wp-json\/wp\/v2\/comments?post=5306"}],"version-history":[{"count":1,"href":"https:\/\/diarioprincipios.com\/index.php\/wp-json\/wp\/v2\/posts\/5306\/revisions"}],"predecessor-version":[{"id":5308,"href":"https:\/\/diarioprincipios.com\/index.php\/wp-json\/wp\/v2\/posts\/5306\/revisions\/5308"}],"wp:featuredmedia":[{"embeddable":true,"href":"https:\/\/diarioprincipios.com\/index.php\/wp-json\/wp\/v2\/media\/5307"}],"wp:attachment":[{"href":"https:\/\/diarioprincipios.com\/index.php\/wp-json\/wp\/v2\/media?parent=5306"}],"wp:term":[{"taxonomy":"category","embeddable":true,"href":"https:\/\/diarioprincipios.com\/index.php\/wp-json\/wp\/v2\/categories?post=5306"},{"taxonomy":"post_tag","embeddable":true,"href":"https:\/\/diarioprincipios.com\/index.php\/wp-json\/wp\/v2\/tags?post=5306"}],"curies":[{"name":"wp","href":"https:\/\/api.w.org\/{rel}","templated":true}]}}