{"id":5293,"date":"2020-09-04T17:16:55","date_gmt":"2020-09-04T20:16:55","guid":{"rendered":"http:\/\/diarioprincipios.com\/?p=5293"},"modified":"2020-09-04T17:17:00","modified_gmt":"2020-09-04T20:17:00","slug":"alberto-fernandez-volvio-a-participar-de-un-encuentro-por-zoom-del-que-mussi-fue-uno-de-los-oradores","status":"publish","type":"post","link":"https:\/\/diarioprincipios.com\/index.php\/2020\/09\/04\/alberto-fernandez-volvio-a-participar-de-un-encuentro-por-zoom-del-que-mussi-fue-uno-de-los-oradores\/","title":{"rendered":"Alberto Fern\u00e1ndez volvi\u00f3 a participar de un encuentro por Zoom del que Mussi fue uno de los oradores"},"content":{"rendered":"\n<p><strong>El presidente de la Naci\u00f3n, Alberto Fern\u00e1ndez, volvi\u00f3 a participar de un encuentro por Zoom con la militancia, organizado por el diputado nacional, Eduardo V\u00e1ldez, Agrupaciones Peronistas del Sur, el Partido Justicialista de Berazategui, y el Partido Justicialista de Almirante Brown. El encuentro virtual cont\u00f3 con la participaci\u00f3n de 300 militantes; jefes y jefas comunales; la vicegobernadora de la provincia de Buenos Aires, Ver\u00f3nica Magario; el presidente del Partido Justicialista Nacional, Jos\u00e9 Luis Gioja y referentes peronistas de toda la provincia de Buenos Aires.<\/strong><\/p>\n\n\n\n<p>Entre los oradores se destacaron: Eduardo Vald\u00e9s, Ver\u00f3nica Magario, Jorge Ferraresi, Gustavo Men\u00e9ndez, Luis Gioja, Leonardo Nardini, Julio Marini, Julio Rodr\u00edguez y Juan Jos\u00e9 Mussi.<\/p>\n\n\n\n<p>Durante la videoconferencia, titulada \u201cAlberto con la Militancia\u201d, se abord\u00f3 fundamentalmente la situaci\u00f3n del pa\u00eds y el rol del peronismo en la actual coyuntura.<\/p>\n\n\n\n<p>\u201cComo siempre digo, el peronismo naci\u00f3 para darle voz a los que no la ten\u00edan y estar al lado de los que m\u00e1s nos necesitan. Para eso sali\u00f3 a la calle el pueblo un 17 de octubre y por eso Juan Per\u00f3n y Evita se encargaron de darles derechos a los argentinos que no ten\u00edan derechos reconocidos\u201d, expres\u00f3 el presidente al inicio de su charla.<br><br>A continuaci\u00f3n, record\u00f3 cuando en la d\u00e9cada del 90\u2019, en el inicio de su v\u00ednculo con N\u00e9stor y Cristina, analizaban&nbsp;juntos el ejercicio de la pol\u00edtica. \u201cHabl\u00e1bamos y lleg\u00e1bamos a la conclusi\u00f3n de que la pol\u00edtica siempre consiste en una puja de intereses, donde el secreto es saber muy bien qu\u00e9 intereses representa cada uno, que en nuestro caso es romper con esa desigualdad de una sociedad en la que pocos tienen mucho y muchos tienen poco. Precisamente, porque somos conscientes de esa injusticia es que abrazamos al peronismo, porque nuestra obligaci\u00f3n es incluir a los que menos tienen\u201d, grafic\u00f3.<\/p>\n\n\n\n<p>Asimismo, Alberto Fern\u00e1ndez analiz\u00f3 que tampoco \u201cdebemos olvidar que cuando llegamos al Gobierno, el 36% de los argentinos estaba en situaci\u00f3n de pobreza, al igual que el 40\u2019% de la provincia de Buenos Aires y el 60% de los j\u00f3venes de todo el pa\u00eds\u201d; y agreg\u00f3: \u201cA esos sectores debemos privilegiar para que la sociedad viva \u00e9ticamente m\u00e1s tranquila, sobre todo teniendo en cuenta que recibimos un pa\u00eds econ\u00f3micamente destruido y que en los \u00faltimos cuatro a\u00f1os se organiz\u00f3 para ser dependiente. Y eso no fue para nada casual, porque no fue casualidad la apertura indiscriminada de importaciones, diezmando la capacidad industrial argentina y generando el cierre de 25 mil pymes\u201d.<\/p>\n\n\n\n<p>Fern\u00e1ndez, adem\u00e1s, hizo hincapi\u00e9 en la importancia de la unidad. \u201cSi hay algo que valoro de este momento es que todos comprendimos la importancia de estar unidos. As\u00ed que, m\u00e1s all\u00e1 de que nos quieran hacer pelear, tenemos que ser inteligentes y estar m\u00e1s unidos que nunca, sin caer en falsas disputas entre nosotros\u201d, asegur\u00f3 Fern\u00e1ndez.<\/p>\n\n\n\n<p>Por su parte, Mussi, quien ofici\u00f3 de anfitri\u00f3n del acto, manifest\u00f3 su orgullo de poder \u201cdarle la palabra a un presidente peronista\u201d, y le asegur\u00f3: \u201cCompa\u00f1ero, sepa usted que lo vamos a acompa\u00f1ar a ultranza, fundamentalmente en este concepto que tiene usted de la unidad del peronismo\u201d.<\/p>\n\n\n\n<p>Tambi\u00e9n fueron parte del encuentro las intendentas e intendentes, Germ\u00e1n Lago (Alberti), Stella Maris Cl\u00e9rici (Ca\u00f1ada de G\u00f3mez, provincia de Santa Fe), Andr\u00e9s Watson (Florencio Varela), Juan Manuel \u00c1lvarez (General Paz), Santiago Maggiotti (Navarro), Hern\u00e1n Yzurieta (Punta Indio), Nicol\u00e1s Mategazza (San Vicente) y Gustavo Cocconi (Tapalqu\u00e9).<br><\/p>\n\n\n\n<p><br><\/p>\n","protected":false},"excerpt":{"rendered":"<p>El presidente de la Naci\u00f3n, Alberto Fern\u00e1ndez, volvi\u00f3 a participar de un encuentro por Zoom con la militancia, organizado por el diputado nacional, Eduardo V\u00e1ldez, Agrupaciones Peronistas del Sur, el Partido Justicialista de Berazategui, y el Partido Justicialista de Almirante Brown. El encuentro virtual cont\u00f3 con la participaci\u00f3n de 300 militantes; jefes y jefas comunales;&#8230;<\/p>\n","protected":false},"author":2,"featured_media":5294,"comment_status":"open","ping_status":"open","sticky":false,"template":"","format":"standard","meta":{"footnotes":""},"categories":[3],"tags":[],"class_list":["post-5293","post","type-post","status-publish","format-standard","has-post-thumbnail","hentry","category-berazategui"],"featured_image_src":"https:\/\/diarioprincipios.com\/wp-content\/uploads\/2020\/09\/ALBERTO-CON-LA-MILITANCIA-1024x1024.jpeg","blog_images":{"medium":"https:\/\/diarioprincipios.com\/wp-content\/uploads\/2020\/09\/ALBERTO-CON-LA-MILITANCIA-300x300.jpeg","large":"https:\/\/diarioprincipios.com\/wp-content\/uploads\/2020\/09\/ALBERTO-CON-LA-MILITANCIA-1024x1024.jpeg"},"ams_acf":[],"yoast_head":"<!-- This site is optimized with the Yoast SEO plugin v27.3 - https:\/\/yoast.com\/product\/yoast-seo-wordpress\/ -->\n<title>Alberto Fern\u00e1ndez volvi\u00f3 a participar de un encuentro por Zoom del que Mussi fue uno de los oradores - Principios<\/title>\n<meta name=\"robots\" content=\"index, follow, max-snippet:-1, max-image-preview:large, max-video-preview:-1\" \/>\n<link rel=\"canonical\" href=\"https:\/\/diarioprincipios.com\/index.php\/2020\/09\/04\/alberto-fernandez-volvio-a-participar-de-un-encuentro-por-zoom-del-que-mussi-fue-uno-de-los-oradores\/\" \/>\n<meta property=\"og:locale\" content=\"es_ES\" \/>\n<meta property=\"og:type\" content=\"article\" \/>\n<meta property=\"og:title\" content=\"Alberto Fern\u00e1ndez volvi\u00f3 a participar de un encuentro por Zoom del que Mussi fue uno de los oradores - Principios\" \/>\n<meta property=\"og:description\" content=\"El presidente de la Naci\u00f3n, Alberto Fern\u00e1ndez, volvi\u00f3 a participar de un encuentro por Zoom con la militancia, organizado por el diputado nacional, Eduardo V\u00e1ldez, Agrupaciones Peronistas del Sur, el Partido Justicialista de Berazategui, y el Partido Justicialista de Almirante Brown. El encuentro virtual cont\u00f3 con la participaci\u00f3n de 300 militantes; jefes y jefas comunales;...\" \/>\n<meta property=\"og:url\" content=\"https:\/\/diarioprincipios.com\/index.php\/2020\/09\/04\/alberto-fernandez-volvio-a-participar-de-un-encuentro-por-zoom-del-que-mussi-fue-uno-de-los-oradores\/\" \/>\n<meta property=\"og:site_name\" content=\"Principios\" \/>\n<meta property=\"article:published_time\" content=\"2020-09-04T20:16:55+00:00\" \/>\n<meta property=\"article:modified_time\" content=\"2020-09-04T20:17:00+00:00\" \/>\n<meta property=\"og:image\" content=\"https:\/\/diarioprincipios.com\/wp-content\/uploads\/2020\/09\/ALBERTO-CON-LA-MILITANCIA.jpeg\" \/>\n\t<meta property=\"og:image:width\" content=\"1280\" \/>\n\t<meta property=\"og:image:height\" content=\"1280\" \/>\n\t<meta property=\"og:image:type\" content=\"image\/jpeg\" \/>\n<meta name=\"author\" content=\"Hern\u00e1n L\u00f3pez\" \/>\n<meta name=\"twitter:card\" content=\"summary_large_image\" \/>\n<meta name=\"twitter:label1\" content=\"Escrito por\" \/>\n\t<meta name=\"twitter:data1\" content=\"Hern\u00e1n L\u00f3pez\" \/>\n\t<meta name=\"twitter:label2\" content=\"Tiempo de lectura\" \/>\n\t<meta name=\"twitter:data2\" content=\"3 minutos\" \/>\n<script type=\"application\/ld+json\" class=\"yoast-schema-graph\">{\"@context\":\"https:\\\/\\\/schema.org\",\"@graph\":[{\"@type\":\"Article\",\"@id\":\"https:\\\/\\\/diarioprincipios.com\\\/index.php\\\/2020\\\/09\\\/04\\\/alberto-fernandez-volvio-a-participar-de-un-encuentro-por-zoom-del-que-mussi-fue-uno-de-los-oradores\\\/#article\",\"isPartOf\":{\"@id\":\"https:\\\/\\\/diarioprincipios.com\\\/index.php\\\/2020\\\/09\\\/04\\\/alberto-fernandez-volvio-a-participar-de-un-encuentro-por-zoom-del-que-mussi-fue-uno-de-los-oradores\\\/\"},\"author\":{\"name\":\"Hern\u00e1n L\u00f3pez\",\"@id\":\"https:\\\/\\\/diarioprincipios.com\\\/#\\\/schema\\\/person\\\/436d5a1fd41a5e250e23ff5a6a7cb080\"},\"headline\":\"Alberto Fern\u00e1ndez volvi\u00f3 a participar de un encuentro por Zoom del que Mussi fue uno de los oradores\",\"datePublished\":\"2020-09-04T20:16:55+00:00\",\"dateModified\":\"2020-09-04T20:17:00+00:00\",\"mainEntityOfPage\":{\"@id\":\"https:\\\/\\\/diarioprincipios.com\\\/index.php\\\/2020\\\/09\\\/04\\\/alberto-fernandez-volvio-a-participar-de-un-encuentro-por-zoom-del-que-mussi-fue-uno-de-los-oradores\\\/\"},\"wordCount\":620,\"commentCount\":0,\"publisher\":{\"@id\":\"https:\\\/\\\/diarioprincipios.com\\\/#organization\"},\"image\":{\"@id\":\"https:\\\/\\\/diarioprincipios.com\\\/index.php\\\/2020\\\/09\\\/04\\\/alberto-fernandez-volvio-a-participar-de-un-encuentro-por-zoom-del-que-mussi-fue-uno-de-los-oradores\\\/#primaryimage\"},\"thumbnailUrl\":\"https:\\\/\\\/diarioprincipios.com\\\/wp-content\\\/uploads\\\/2020\\\/09\\\/ALBERTO-CON-LA-MILITANCIA.jpeg\",\"articleSection\":[\"Berazategui\"],\"inLanguage\":\"es\",\"potentialAction\":[{\"@type\":\"CommentAction\",\"name\":\"Comment\",\"target\":[\"https:\\\/\\\/diarioprincipios.com\\\/index.php\\\/2020\\\/09\\\/04\\\/alberto-fernandez-volvio-a-participar-de-un-encuentro-por-zoom-del-que-mussi-fue-uno-de-los-oradores\\\/#respond\"]}]},{\"@type\":\"WebPage\",\"@id\":\"https:\\\/\\\/diarioprincipios.com\\\/index.php\\\/2020\\\/09\\\/04\\\/alberto-fernandez-volvio-a-participar-de-un-encuentro-por-zoom-del-que-mussi-fue-uno-de-los-oradores\\\/\",\"url\":\"https:\\\/\\\/diarioprincipios.com\\\/index.php\\\/2020\\\/09\\\/04\\\/alberto-fernandez-volvio-a-participar-de-un-encuentro-por-zoom-del-que-mussi-fue-uno-de-los-oradores\\\/\",\"name\":\"Alberto Fern\u00e1ndez volvi\u00f3 a participar de un encuentro por Zoom del que Mussi fue uno de los oradores - Principios\",\"isPartOf\":{\"@id\":\"https:\\\/\\\/diarioprincipios.com\\\/#website\"},\"primaryImageOfPage\":{\"@id\":\"https:\\\/\\\/diarioprincipios.com\\\/index.php\\\/2020\\\/09\\\/04\\\/alberto-fernandez-volvio-a-participar-de-un-encuentro-por-zoom-del-que-mussi-fue-uno-de-los-oradores\\\/#primaryimage\"},\"image\":{\"@id\":\"https:\\\/\\\/diarioprincipios.com\\\/index.php\\\/2020\\\/09\\\/04\\\/alberto-fernandez-volvio-a-participar-de-un-encuentro-por-zoom-del-que-mussi-fue-uno-de-los-oradores\\\/#primaryimage\"},\"thumbnailUrl\":\"https:\\\/\\\/diarioprincipios.com\\\/wp-content\\\/uploads\\\/2020\\\/09\\\/ALBERTO-CON-LA-MILITANCIA.jpeg\",\"datePublished\":\"2020-09-04T20:16:55+00:00\",\"dateModified\":\"2020-09-04T20:17:00+00:00\",\"breadcrumb\":{\"@id\":\"https:\\\/\\\/diarioprincipios.com\\\/index.php\\\/2020\\\/09\\\/04\\\/alberto-fernandez-volvio-a-participar-de-un-encuentro-por-zoom-del-que-mussi-fue-uno-de-los-oradores\\\/#breadcrumb\"},\"inLanguage\":\"es\",\"potentialAction\":[{\"@type\":\"ReadAction\",\"target\":[\"https:\\\/\\\/diarioprincipios.com\\\/index.php\\\/2020\\\/09\\\/04\\\/alberto-fernandez-volvio-a-participar-de-un-encuentro-por-zoom-del-que-mussi-fue-uno-de-los-oradores\\\/\"]}]},{\"@type\":\"ImageObject\",\"inLanguage\":\"es\",\"@id\":\"https:\\\/\\\/diarioprincipios.com\\\/index.php\\\/2020\\\/09\\\/04\\\/alberto-fernandez-volvio-a-participar-de-un-encuentro-por-zoom-del-que-mussi-fue-uno-de-los-oradores\\\/#primaryimage\",\"url\":\"https:\\\/\\\/diarioprincipios.com\\\/wp-content\\\/uploads\\\/2020\\\/09\\\/ALBERTO-CON-LA-MILITANCIA.jpeg\",\"contentUrl\":\"https:\\\/\\\/diarioprincipios.com\\\/wp-content\\\/uploads\\\/2020\\\/09\\\/ALBERTO-CON-LA-MILITANCIA.jpeg\",\"width\":1280,\"height\":1280},{\"@type\":\"BreadcrumbList\",\"@id\":\"https:\\\/\\\/diarioprincipios.com\\\/index.php\\\/2020\\\/09\\\/04\\\/alberto-fernandez-volvio-a-participar-de-un-encuentro-por-zoom-del-que-mussi-fue-uno-de-los-oradores\\\/#breadcrumb\",\"itemListElement\":[{\"@type\":\"ListItem\",\"position\":1,\"name\":\"Portada\",\"item\":\"https:\\\/\\\/diarioprincipios.com\\\/\"},{\"@type\":\"ListItem\",\"position\":2,\"name\":\"Alberto Fern\u00e1ndez volvi\u00f3 a participar de un encuentro por Zoom del que Mussi fue uno de los oradores\"}]},{\"@type\":\"WebSite\",\"@id\":\"https:\\\/\\\/diarioprincipios.com\\\/#website\",\"url\":\"https:\\\/\\\/diarioprincipios.com\\\/\",\"name\":\"Principios\",\"description\":\"Principios Diario\",\"publisher\":{\"@id\":\"https:\\\/\\\/diarioprincipios.com\\\/#organization\"},\"potentialAction\":[{\"@type\":\"SearchAction\",\"target\":{\"@type\":\"EntryPoint\",\"urlTemplate\":\"https:\\\/\\\/diarioprincipios.com\\\/?s={search_term_string}\"},\"query-input\":{\"@type\":\"PropertyValueSpecification\",\"valueRequired\":true,\"valueName\":\"search_term_string\"}}],\"inLanguage\":\"es\"},{\"@type\":\"Organization\",\"@id\":\"https:\\\/\\\/diarioprincipios.com\\\/#organization\",\"name\":\"Principios\",\"url\":\"https:\\\/\\\/diarioprincipios.com\\\/\",\"logo\":{\"@type\":\"ImageObject\",\"inLanguage\":\"es\",\"@id\":\"https:\\\/\\\/diarioprincipios.com\\\/#\\\/schema\\\/logo\\\/image\\\/\",\"url\":\"https:\\\/\\\/diarioprincipios.com\\\/wp-content\\\/uploads\\\/2024\\\/04\\\/cropped-www.diarioprincipios.com_-1.png\",\"contentUrl\":\"https:\\\/\\\/diarioprincipios.com\\\/wp-content\\\/uploads\\\/2024\\\/04\\\/cropped-www.diarioprincipios.com_-1.png\",\"width\":5325,\"height\":1454,\"caption\":\"Principios\"},\"image\":{\"@id\":\"https:\\\/\\\/diarioprincipios.com\\\/#\\\/schema\\\/logo\\\/image\\\/\"}},{\"@type\":\"Person\",\"@id\":\"https:\\\/\\\/diarioprincipios.com\\\/#\\\/schema\\\/person\\\/436d5a1fd41a5e250e23ff5a6a7cb080\",\"name\":\"Hern\u00e1n L\u00f3pez\",\"image\":{\"@type\":\"ImageObject\",\"inLanguage\":\"es\",\"@id\":\"https:\\\/\\\/diarioprincipios.com\\\/wp-content\\\/litespeed\\\/avatar\\\/11ddfe5610ff3bd100522525b2571f48.jpg?ver=1777048341\",\"url\":\"https:\\\/\\\/diarioprincipios.com\\\/wp-content\\\/litespeed\\\/avatar\\\/11ddfe5610ff3bd100522525b2571f48.jpg?ver=1777048341\",\"contentUrl\":\"https:\\\/\\\/diarioprincipios.com\\\/wp-content\\\/litespeed\\\/avatar\\\/11ddfe5610ff3bd100522525b2571f48.jpg?ver=1777048341\",\"caption\":\"Hern\u00e1n L\u00f3pez\"},\"url\":\"https:\\\/\\\/diarioprincipios.com\\\/index.php\\\/author\\\/hernan\\\/\"}]}<\/script>\n<!-- \/ Yoast SEO plugin. -->","yoast_head_json":{"title":"Alberto Fern\u00e1ndez volvi\u00f3 a participar de un encuentro por Zoom del que Mussi fue uno de los oradores - Principios","robots":{"index":"index","follow":"follow","max-snippet":"max-snippet:-1","max-image-preview":"max-image-preview:large","max-video-preview":"max-video-preview:-1"},"canonical":"https:\/\/diarioprincipios.com\/index.php\/2020\/09\/04\/alberto-fernandez-volvio-a-participar-de-un-encuentro-por-zoom-del-que-mussi-fue-uno-de-los-oradores\/","og_locale":"es_ES","og_type":"article","og_title":"Alberto Fern\u00e1ndez volvi\u00f3 a participar de un encuentro por Zoom del que Mussi fue uno de los oradores - Principios","og_description":"El presidente de la Naci\u00f3n, Alberto Fern\u00e1ndez, volvi\u00f3 a participar de un encuentro por Zoom con la militancia, organizado por el diputado nacional, Eduardo V\u00e1ldez, Agrupaciones Peronistas del Sur, el Partido Justicialista de Berazategui, y el Partido Justicialista de Almirante Brown. El encuentro virtual cont\u00f3 con la participaci\u00f3n de 300 militantes; jefes y jefas comunales;...","og_url":"https:\/\/diarioprincipios.com\/index.php\/2020\/09\/04\/alberto-fernandez-volvio-a-participar-de-un-encuentro-por-zoom-del-que-mussi-fue-uno-de-los-oradores\/","og_site_name":"Principios","article_published_time":"2020-09-04T20:16:55+00:00","article_modified_time":"2020-09-04T20:17:00+00:00","og_image":[{"width":1280,"height":1280,"url":"https:\/\/diarioprincipios.com\/wp-content\/uploads\/2020\/09\/ALBERTO-CON-LA-MILITANCIA.jpeg","type":"image\/jpeg"}],"author":"Hern\u00e1n L\u00f3pez","twitter_card":"summary_large_image","twitter_misc":{"Escrito por":"Hern\u00e1n L\u00f3pez","Tiempo de lectura":"3 minutos"},"schema":{"@context":"https:\/\/schema.org","@graph":[{"@type":"Article","@id":"https:\/\/diarioprincipios.com\/index.php\/2020\/09\/04\/alberto-fernandez-volvio-a-participar-de-un-encuentro-por-zoom-del-que-mussi-fue-uno-de-los-oradores\/#article","isPartOf":{"@id":"https:\/\/diarioprincipios.com\/index.php\/2020\/09\/04\/alberto-fernandez-volvio-a-participar-de-un-encuentro-por-zoom-del-que-mussi-fue-uno-de-los-oradores\/"},"author":{"name":"Hern\u00e1n L\u00f3pez","@id":"https:\/\/diarioprincipios.com\/#\/schema\/person\/436d5a1fd41a5e250e23ff5a6a7cb080"},"headline":"Alberto Fern\u00e1ndez volvi\u00f3 a participar de un encuentro por Zoom del que Mussi fue uno de los oradores","datePublished":"2020-09-04T20:16:55+00:00","dateModified":"2020-09-04T20:17:00+00:00","mainEntityOfPage":{"@id":"https:\/\/diarioprincipios.com\/index.php\/2020\/09\/04\/alberto-fernandez-volvio-a-participar-de-un-encuentro-por-zoom-del-que-mussi-fue-uno-de-los-oradores\/"},"wordCount":620,"commentCount":0,"publisher":{"@id":"https:\/\/diarioprincipios.com\/#organization"},"image":{"@id":"https:\/\/diarioprincipios.com\/index.php\/2020\/09\/04\/alberto-fernandez-volvio-a-participar-de-un-encuentro-por-zoom-del-que-mussi-fue-uno-de-los-oradores\/#primaryimage"},"thumbnailUrl":"https:\/\/diarioprincipios.com\/wp-content\/uploads\/2020\/09\/ALBERTO-CON-LA-MILITANCIA.jpeg","articleSection":["Berazategui"],"inLanguage":"es","potentialAction":[{"@type":"CommentAction","name":"Comment","target":["https:\/\/diarioprincipios.com\/index.php\/2020\/09\/04\/alberto-fernandez-volvio-a-participar-de-un-encuentro-por-zoom-del-que-mussi-fue-uno-de-los-oradores\/#respond"]}]},{"@type":"WebPage","@id":"https:\/\/diarioprincipios.com\/index.php\/2020\/09\/04\/alberto-fernandez-volvio-a-participar-de-un-encuentro-por-zoom-del-que-mussi-fue-uno-de-los-oradores\/","url":"https:\/\/diarioprincipios.com\/index.php\/2020\/09\/04\/alberto-fernandez-volvio-a-participar-de-un-encuentro-por-zoom-del-que-mussi-fue-uno-de-los-oradores\/","name":"Alberto Fern\u00e1ndez volvi\u00f3 a participar de un encuentro por Zoom del que Mussi fue uno de los oradores - Principios","isPartOf":{"@id":"https:\/\/diarioprincipios.com\/#website"},"primaryImageOfPage":{"@id":"https:\/\/diarioprincipios.com\/index.php\/2020\/09\/04\/alberto-fernandez-volvio-a-participar-de-un-encuentro-por-zoom-del-que-mussi-fue-uno-de-los-oradores\/#primaryimage"},"image":{"@id":"https:\/\/diarioprincipios.com\/index.php\/2020\/09\/04\/alberto-fernandez-volvio-a-participar-de-un-encuentro-por-zoom-del-que-mussi-fue-uno-de-los-oradores\/#primaryimage"},"thumbnailUrl":"https:\/\/diarioprincipios.com\/wp-content\/uploads\/2020\/09\/ALBERTO-CON-LA-MILITANCIA.jpeg","datePublished":"2020-09-04T20:16:55+00:00","dateModified":"2020-09-04T20:17:00+00:00","breadcrumb":{"@id":"https:\/\/diarioprincipios.com\/index.php\/2020\/09\/04\/alberto-fernandez-volvio-a-participar-de-un-encuentro-por-zoom-del-que-mussi-fue-uno-de-los-oradores\/#breadcrumb"},"inLanguage":"es","potentialAction":[{"@type":"ReadAction","target":["https:\/\/diarioprincipios.com\/index.php\/2020\/09\/04\/alberto-fernandez-volvio-a-participar-de-un-encuentro-por-zoom-del-que-mussi-fue-uno-de-los-oradores\/"]}]},{"@type":"ImageObject","inLanguage":"es","@id":"https:\/\/diarioprincipios.com\/index.php\/2020\/09\/04\/alberto-fernandez-volvio-a-participar-de-un-encuentro-por-zoom-del-que-mussi-fue-uno-de-los-oradores\/#primaryimage","url":"https:\/\/diarioprincipios.com\/wp-content\/uploads\/2020\/09\/ALBERTO-CON-LA-MILITANCIA.jpeg","contentUrl":"https:\/\/diarioprincipios.com\/wp-content\/uploads\/2020\/09\/ALBERTO-CON-LA-MILITANCIA.jpeg","width":1280,"height":1280},{"@type":"BreadcrumbList","@id":"https:\/\/diarioprincipios.com\/index.php\/2020\/09\/04\/alberto-fernandez-volvio-a-participar-de-un-encuentro-por-zoom-del-que-mussi-fue-uno-de-los-oradores\/#breadcrumb","itemListElement":[{"@type":"ListItem","position":1,"name":"Portada","item":"https:\/\/diarioprincipios.com\/"},{"@type":"ListItem","position":2,"name":"Alberto Fern\u00e1ndez volvi\u00f3 a participar de un encuentro por Zoom del que Mussi fue uno de los oradores"}]},{"@type":"WebSite","@id":"https:\/\/diarioprincipios.com\/#website","url":"https:\/\/diarioprincipios.com\/","name":"Principios","description":"Principios Diario","publisher":{"@id":"https:\/\/diarioprincipios.com\/#organization"},"potentialAction":[{"@type":"SearchAction","target":{"@type":"EntryPoint","urlTemplate":"https:\/\/diarioprincipios.com\/?s={search_term_string}"},"query-input":{"@type":"PropertyValueSpecification","valueRequired":true,"valueName":"search_term_string"}}],"inLanguage":"es"},{"@type":"Organization","@id":"https:\/\/diarioprincipios.com\/#organization","name":"Principios","url":"https:\/\/diarioprincipios.com\/","logo":{"@type":"ImageObject","inLanguage":"es","@id":"https:\/\/diarioprincipios.com\/#\/schema\/logo\/image\/","url":"https:\/\/diarioprincipios.com\/wp-content\/uploads\/2024\/04\/cropped-www.diarioprincipios.com_-1.png","contentUrl":"https:\/\/diarioprincipios.com\/wp-content\/uploads\/2024\/04\/cropped-www.diarioprincipios.com_-1.png","width":5325,"height":1454,"caption":"Principios"},"image":{"@id":"https:\/\/diarioprincipios.com\/#\/schema\/logo\/image\/"}},{"@type":"Person","@id":"https:\/\/diarioprincipios.com\/#\/schema\/person\/436d5a1fd41a5e250e23ff5a6a7cb080","name":"Hern\u00e1n L\u00f3pez","image":{"@type":"ImageObject","inLanguage":"es","@id":"https:\/\/diarioprincipios.com\/wp-content\/litespeed\/avatar\/11ddfe5610ff3bd100522525b2571f48.jpg?ver=1777048341","url":"https:\/\/diarioprincipios.com\/wp-content\/litespeed\/avatar\/11ddfe5610ff3bd100522525b2571f48.jpg?ver=1777048341","contentUrl":"https:\/\/diarioprincipios.com\/wp-content\/litespeed\/avatar\/11ddfe5610ff3bd100522525b2571f48.jpg?ver=1777048341","caption":"Hern\u00e1n L\u00f3pez"},"url":"https:\/\/diarioprincipios.com\/index.php\/author\/hernan\/"}]}},"jetpack_featured_media_url":"https:\/\/diarioprincipios.com\/wp-content\/uploads\/2020\/09\/ALBERTO-CON-LA-MILITANCIA.jpeg","_links":{"self":[{"href":"https:\/\/diarioprincipios.com\/index.php\/wp-json\/wp\/v2\/posts\/5293","targetHints":{"allow":["GET"]}}],"collection":[{"href":"https:\/\/diarioprincipios.com\/index.php\/wp-json\/wp\/v2\/posts"}],"about":[{"href":"https:\/\/diarioprincipios.com\/index.php\/wp-json\/wp\/v2\/types\/post"}],"author":[{"embeddable":true,"href":"https:\/\/diarioprincipios.com\/index.php\/wp-json\/wp\/v2\/users\/2"}],"replies":[{"embeddable":true,"href":"https:\/\/diarioprincipios.com\/index.php\/wp-json\/wp\/v2\/comments?post=5293"}],"version-history":[{"count":1,"href":"https:\/\/diarioprincipios.com\/index.php\/wp-json\/wp\/v2\/posts\/5293\/revisions"}],"predecessor-version":[{"id":5295,"href":"https:\/\/diarioprincipios.com\/index.php\/wp-json\/wp\/v2\/posts\/5293\/revisions\/5295"}],"wp:featuredmedia":[{"embeddable":true,"href":"https:\/\/diarioprincipios.com\/index.php\/wp-json\/wp\/v2\/media\/5294"}],"wp:attachment":[{"href":"https:\/\/diarioprincipios.com\/index.php\/wp-json\/wp\/v2\/media?parent=5293"}],"wp:term":[{"taxonomy":"category","embeddable":true,"href":"https:\/\/diarioprincipios.com\/index.php\/wp-json\/wp\/v2\/categories?post=5293"},{"taxonomy":"post_tag","embeddable":true,"href":"https:\/\/diarioprincipios.com\/index.php\/wp-json\/wp\/v2\/tags?post=5293"}],"curies":[{"name":"wp","href":"https:\/\/api.w.org\/{rel}","templated":true}]}}