{"id":5277,"date":"2020-09-03T22:40:43","date_gmt":"2020-09-04T01:40:43","guid":{"rendered":"http:\/\/diarioprincipios.com\/?p=5277"},"modified":"2020-09-03T22:40:47","modified_gmt":"2020-09-04T01:40:47","slug":"alberto-fernandez-llamo-a-la-unidad-del-frente-de-todos-para-seguir-salvando-vidas","status":"publish","type":"post","link":"https:\/\/diarioprincipios.com\/index.php\/2020\/09\/03\/alberto-fernandez-llamo-a-la-unidad-del-frente-de-todos-para-seguir-salvando-vidas\/","title":{"rendered":"Alberto Fern\u00e1ndez llam\u00f3 a la unidad del Frente de Todos para \u00abseguir salvando vidas\u00bb"},"content":{"rendered":"\n<p>El Presidente Alberto Fern\u00e1ndez llam\u00f3 hoy a referentes legislativos y territoriales del Frente de Todos del sur bonaerense, a \u00abestar m\u00e1s unidos que nunca\u00bb para \u00abseguir cuidando la salud de los argentinos, salvando vidas y trabajando para que el pa\u00eds \u00abrecupere cuanto antes su econom\u00eda\u00bb.<\/p>\n\n\n\n<p>\u00abSi hay algo que valoro de este tiempo es que creo que todos entendimos la importancia de estar unidos\u00bb, sostuvo Fern\u00e1ndez durante un encuentro realizado via zoom con Agrupaciones peronistas del sur y los partidos justicialistas de Berazategui y de Almirante Brown.<\/p>\n\n\n\n<p>\u00abNuestro deber es estar unidos porque debemos seguir cuidando la salud de los argentinos, debemos seguir salvando vidas y debemos seguir trabajando para que la Argentina cuanto antes recupere su econom\u00eda y eso nos obliga a estar m\u00e1s unidos que nunca\u00bb, sostuvo.<\/p>\n\n\n\n<p>\u00abEsa es la tarea que tenemos por delante m\u00e1s all\u00e1 de la pandemia. Lo que recibimos fue un pa\u00eds econ\u00f3micamente destruido, un pa\u00eds que en los \u00faltimos a\u00f1os se organiz\u00f3 para que la Argentina fuera un pa\u00eds m\u00e1s dependiente\u00bb, agreg\u00f3 en el encuentro organizado por el diputado Eduardo Vald\u00e9s (Frente de Todos)<\/p>\n\n\n\n<p>El jefe de Estado se refiri\u00f3 tambi\u00e9n a la reestructuraci\u00f3n de la deuda llevada a cabo por el Gobierno Nacional.<\/p>\n\n\n\n<p>El 31 de agosto logr\u00f3 cerrar con \u00e9xito su oferta de reestructuraci\u00f3n de deuda por cerca 63.500 millones de d\u00f3lares, en la que obtuvo un nivel de adhesi\u00f3n del 99%, con lo que no quedaron holdouts como sucedi\u00f3 en 2005, y que cont\u00f3 con el apoyo del FMI.<\/p>\n\n\n\n<p>\u00abNosotros ahora lo que tenemos es que mostrarnos mas unidos que nunca porque lo que estamos enfrentando en este momento es precisamente una pandemia en una economia que trata de levantarse que ha tirado un muro muy importante que es el muro de la deuda\u00bb, reiter\u00f3.<\/p>\n\n\n\n<p>\u00abArgentina entre el ano 2020 y 2025 estaba obligada a pagar 48.000 millones de d\u00f3lares, dinero que hoy podemos destinar al desarrollo, a la salud,a la educaci\u00f3, dinero que no le vamos a sacar a los jubilados como hicieron antes\u00bb, record\u00f3.<\/p>\n","protected":false},"excerpt":{"rendered":"<p>El Presidente Alberto Fern\u00e1ndez llam\u00f3 hoy a referentes legislativos y territoriales del Frente de Todos del sur bonaerense, a \u00abestar m\u00e1s unidos que nunca\u00bb para \u00abseguir cuidando la salud de los argentinos, salvando vidas y trabajando para que el pa\u00eds \u00abrecupere cuanto antes su econom\u00eda\u00bb. \u00abSi hay algo que valoro de este tiempo es que&#8230;<\/p>\n","protected":false},"author":2,"featured_media":5278,"comment_status":"open","ping_status":"open","sticky":false,"template":"","format":"standard","meta":{"footnotes":""},"categories":[10],"tags":[],"class_list":["post-5277","post","type-post","status-publish","format-standard","has-post-thumbnail","hentry","category-nacion"],"featured_image_src":"https:\/\/diarioprincipios.com\/wp-content\/uploads\/2020\/09\/alberto-fernandez-telam-25082020-1006860.jpg","blog_images":{"medium":"https:\/\/diarioprincipios.com\/wp-content\/uploads\/2020\/09\/alberto-fernandez-telam-25082020-1006860-300x169.jpg","large":"https:\/\/diarioprincipios.com\/wp-content\/uploads\/2020\/09\/alberto-fernandez-telam-25082020-1006860.jpg"},"ams_acf":[],"yoast_head":"<!-- This site is optimized with the Yoast SEO plugin v27.3 - https:\/\/yoast.com\/product\/yoast-seo-wordpress\/ -->\n<title>Alberto Fern\u00e1ndez llam\u00f3 a la unidad del Frente de Todos para &quot;seguir salvando vidas&quot; - Principios<\/title>\n<meta name=\"robots\" content=\"index, follow, max-snippet:-1, max-image-preview:large, max-video-preview:-1\" \/>\n<link rel=\"canonical\" href=\"https:\/\/diarioprincipios.com\/index.php\/2020\/09\/03\/alberto-fernandez-llamo-a-la-unidad-del-frente-de-todos-para-seguir-salvando-vidas\/\" \/>\n<meta property=\"og:locale\" content=\"es_ES\" \/>\n<meta property=\"og:type\" content=\"article\" \/>\n<meta property=\"og:title\" content=\"Alberto Fern\u00e1ndez llam\u00f3 a la unidad del Frente de Todos para &quot;seguir salvando vidas&quot; - Principios\" \/>\n<meta property=\"og:description\" content=\"El Presidente Alberto Fern\u00e1ndez llam\u00f3 hoy a referentes legislativos y territoriales del Frente de Todos del sur bonaerense, a \u00abestar m\u00e1s unidos que nunca\u00bb para \u00abseguir cuidando la salud de los argentinos, salvando vidas y trabajando para que el pa\u00eds \u00abrecupere cuanto antes su econom\u00eda\u00bb. \u00abSi hay algo que valoro de este tiempo es que...\" \/>\n<meta property=\"og:url\" content=\"https:\/\/diarioprincipios.com\/index.php\/2020\/09\/03\/alberto-fernandez-llamo-a-la-unidad-del-frente-de-todos-para-seguir-salvando-vidas\/\" \/>\n<meta property=\"og:site_name\" content=\"Principios\" \/>\n<meta property=\"article:published_time\" content=\"2020-09-04T01:40:43+00:00\" \/>\n<meta property=\"article:modified_time\" content=\"2020-09-04T01:40:47+00:00\" \/>\n<meta property=\"og:image\" content=\"https:\/\/diarioprincipios.com\/wp-content\/uploads\/2020\/09\/alberto-fernandez-telam-25082020-1006860.jpg\" \/>\n\t<meta property=\"og:image:width\" content=\"420\" \/>\n\t<meta property=\"og:image:height\" content=\"236\" \/>\n\t<meta property=\"og:image:type\" content=\"image\/jpeg\" \/>\n<meta name=\"author\" content=\"Hern\u00e1n L\u00f3pez\" \/>\n<meta name=\"twitter:card\" content=\"summary_large_image\" \/>\n<meta name=\"twitter:label1\" content=\"Escrito por\" \/>\n\t<meta name=\"twitter:data1\" content=\"Hern\u00e1n L\u00f3pez\" \/>\n\t<meta name=\"twitter:label2\" content=\"Tiempo de lectura\" \/>\n\t<meta name=\"twitter:data2\" content=\"2 minutos\" \/>\n<script type=\"application\/ld+json\" class=\"yoast-schema-graph\">{\"@context\":\"https:\\\/\\\/schema.org\",\"@graph\":[{\"@type\":\"Article\",\"@id\":\"https:\\\/\\\/diarioprincipios.com\\\/index.php\\\/2020\\\/09\\\/03\\\/alberto-fernandez-llamo-a-la-unidad-del-frente-de-todos-para-seguir-salvando-vidas\\\/#article\",\"isPartOf\":{\"@id\":\"https:\\\/\\\/diarioprincipios.com\\\/index.php\\\/2020\\\/09\\\/03\\\/alberto-fernandez-llamo-a-la-unidad-del-frente-de-todos-para-seguir-salvando-vidas\\\/\"},\"author\":{\"name\":\"Hern\u00e1n L\u00f3pez\",\"@id\":\"https:\\\/\\\/diarioprincipios.com\\\/#\\\/schema\\\/person\\\/436d5a1fd41a5e250e23ff5a6a7cb080\"},\"headline\":\"Alberto Fern\u00e1ndez llam\u00f3 a la unidad del Frente de Todos para \u00abseguir salvando vidas\u00bb\",\"datePublished\":\"2020-09-04T01:40:43+00:00\",\"dateModified\":\"2020-09-04T01:40:47+00:00\",\"mainEntityOfPage\":{\"@id\":\"https:\\\/\\\/diarioprincipios.com\\\/index.php\\\/2020\\\/09\\\/03\\\/alberto-fernandez-llamo-a-la-unidad-del-frente-de-todos-para-seguir-salvando-vidas\\\/\"},\"wordCount\":366,\"commentCount\":0,\"publisher\":{\"@id\":\"https:\\\/\\\/diarioprincipios.com\\\/#organization\"},\"image\":{\"@id\":\"https:\\\/\\\/diarioprincipios.com\\\/index.php\\\/2020\\\/09\\\/03\\\/alberto-fernandez-llamo-a-la-unidad-del-frente-de-todos-para-seguir-salvando-vidas\\\/#primaryimage\"},\"thumbnailUrl\":\"https:\\\/\\\/diarioprincipios.com\\\/wp-content\\\/uploads\\\/2020\\\/09\\\/alberto-fernandez-telam-25082020-1006860.jpg\",\"articleSection\":[\"Naci\u00f3n\"],\"inLanguage\":\"es\",\"potentialAction\":[{\"@type\":\"CommentAction\",\"name\":\"Comment\",\"target\":[\"https:\\\/\\\/diarioprincipios.com\\\/index.php\\\/2020\\\/09\\\/03\\\/alberto-fernandez-llamo-a-la-unidad-del-frente-de-todos-para-seguir-salvando-vidas\\\/#respond\"]}]},{\"@type\":\"WebPage\",\"@id\":\"https:\\\/\\\/diarioprincipios.com\\\/index.php\\\/2020\\\/09\\\/03\\\/alberto-fernandez-llamo-a-la-unidad-del-frente-de-todos-para-seguir-salvando-vidas\\\/\",\"url\":\"https:\\\/\\\/diarioprincipios.com\\\/index.php\\\/2020\\\/09\\\/03\\\/alberto-fernandez-llamo-a-la-unidad-del-frente-de-todos-para-seguir-salvando-vidas\\\/\",\"name\":\"Alberto Fern\u00e1ndez llam\u00f3 a la unidad del Frente de Todos para \\\"seguir salvando vidas\\\" - Principios\",\"isPartOf\":{\"@id\":\"https:\\\/\\\/diarioprincipios.com\\\/#website\"},\"primaryImageOfPage\":{\"@id\":\"https:\\\/\\\/diarioprincipios.com\\\/index.php\\\/2020\\\/09\\\/03\\\/alberto-fernandez-llamo-a-la-unidad-del-frente-de-todos-para-seguir-salvando-vidas\\\/#primaryimage\"},\"image\":{\"@id\":\"https:\\\/\\\/diarioprincipios.com\\\/index.php\\\/2020\\\/09\\\/03\\\/alberto-fernandez-llamo-a-la-unidad-del-frente-de-todos-para-seguir-salvando-vidas\\\/#primaryimage\"},\"thumbnailUrl\":\"https:\\\/\\\/diarioprincipios.com\\\/wp-content\\\/uploads\\\/2020\\\/09\\\/alberto-fernandez-telam-25082020-1006860.jpg\",\"datePublished\":\"2020-09-04T01:40:43+00:00\",\"dateModified\":\"2020-09-04T01:40:47+00:00\",\"breadcrumb\":{\"@id\":\"https:\\\/\\\/diarioprincipios.com\\\/index.php\\\/2020\\\/09\\\/03\\\/alberto-fernandez-llamo-a-la-unidad-del-frente-de-todos-para-seguir-salvando-vidas\\\/#breadcrumb\"},\"inLanguage\":\"es\",\"potentialAction\":[{\"@type\":\"ReadAction\",\"target\":[\"https:\\\/\\\/diarioprincipios.com\\\/index.php\\\/2020\\\/09\\\/03\\\/alberto-fernandez-llamo-a-la-unidad-del-frente-de-todos-para-seguir-salvando-vidas\\\/\"]}]},{\"@type\":\"ImageObject\",\"inLanguage\":\"es\",\"@id\":\"https:\\\/\\\/diarioprincipios.com\\\/index.php\\\/2020\\\/09\\\/03\\\/alberto-fernandez-llamo-a-la-unidad-del-frente-de-todos-para-seguir-salvando-vidas\\\/#primaryimage\",\"url\":\"https:\\\/\\\/diarioprincipios.com\\\/wp-content\\\/uploads\\\/2020\\\/09\\\/alberto-fernandez-telam-25082020-1006860.jpg\",\"contentUrl\":\"https:\\\/\\\/diarioprincipios.com\\\/wp-content\\\/uploads\\\/2020\\\/09\\\/alberto-fernandez-telam-25082020-1006860.jpg\",\"width\":420,\"height\":236},{\"@type\":\"BreadcrumbList\",\"@id\":\"https:\\\/\\\/diarioprincipios.com\\\/index.php\\\/2020\\\/09\\\/03\\\/alberto-fernandez-llamo-a-la-unidad-del-frente-de-todos-para-seguir-salvando-vidas\\\/#breadcrumb\",\"itemListElement\":[{\"@type\":\"ListItem\",\"position\":1,\"name\":\"Portada\",\"item\":\"https:\\\/\\\/diarioprincipios.com\\\/\"},{\"@type\":\"ListItem\",\"position\":2,\"name\":\"Alberto Fern\u00e1ndez llam\u00f3 a la unidad del Frente de Todos para \u00abseguir salvando vidas\u00bb\"}]},{\"@type\":\"WebSite\",\"@id\":\"https:\\\/\\\/diarioprincipios.com\\\/#website\",\"url\":\"https:\\\/\\\/diarioprincipios.com\\\/\",\"name\":\"Principios\",\"description\":\"Principios Diario\",\"publisher\":{\"@id\":\"https:\\\/\\\/diarioprincipios.com\\\/#organization\"},\"potentialAction\":[{\"@type\":\"SearchAction\",\"target\":{\"@type\":\"EntryPoint\",\"urlTemplate\":\"https:\\\/\\\/diarioprincipios.com\\\/?s={search_term_string}\"},\"query-input\":{\"@type\":\"PropertyValueSpecification\",\"valueRequired\":true,\"valueName\":\"search_term_string\"}}],\"inLanguage\":\"es\"},{\"@type\":\"Organization\",\"@id\":\"https:\\\/\\\/diarioprincipios.com\\\/#organization\",\"name\":\"Principios\",\"url\":\"https:\\\/\\\/diarioprincipios.com\\\/\",\"logo\":{\"@type\":\"ImageObject\",\"inLanguage\":\"es\",\"@id\":\"https:\\\/\\\/diarioprincipios.com\\\/#\\\/schema\\\/logo\\\/image\\\/\",\"url\":\"https:\\\/\\\/diarioprincipios.com\\\/wp-content\\\/uploads\\\/2024\\\/04\\\/cropped-www.diarioprincipios.com_-1.png\",\"contentUrl\":\"https:\\\/\\\/diarioprincipios.com\\\/wp-content\\\/uploads\\\/2024\\\/04\\\/cropped-www.diarioprincipios.com_-1.png\",\"width\":5325,\"height\":1454,\"caption\":\"Principios\"},\"image\":{\"@id\":\"https:\\\/\\\/diarioprincipios.com\\\/#\\\/schema\\\/logo\\\/image\\\/\"}},{\"@type\":\"Person\",\"@id\":\"https:\\\/\\\/diarioprincipios.com\\\/#\\\/schema\\\/person\\\/436d5a1fd41a5e250e23ff5a6a7cb080\",\"name\":\"Hern\u00e1n L\u00f3pez\",\"image\":{\"@type\":\"ImageObject\",\"inLanguage\":\"es\",\"@id\":\"https:\\\/\\\/diarioprincipios.com\\\/wp-content\\\/litespeed\\\/avatar\\\/11ddfe5610ff3bd100522525b2571f48.jpg?ver=1777048341\",\"url\":\"https:\\\/\\\/diarioprincipios.com\\\/wp-content\\\/litespeed\\\/avatar\\\/11ddfe5610ff3bd100522525b2571f48.jpg?ver=1777048341\",\"contentUrl\":\"https:\\\/\\\/diarioprincipios.com\\\/wp-content\\\/litespeed\\\/avatar\\\/11ddfe5610ff3bd100522525b2571f48.jpg?ver=1777048341\",\"caption\":\"Hern\u00e1n L\u00f3pez\"},\"url\":\"https:\\\/\\\/diarioprincipios.com\\\/index.php\\\/author\\\/hernan\\\/\"}]}<\/script>\n<!-- \/ Yoast SEO plugin. -->","yoast_head_json":{"title":"Alberto Fern\u00e1ndez llam\u00f3 a la unidad del Frente de Todos para \"seguir salvando vidas\" - Principios","robots":{"index":"index","follow":"follow","max-snippet":"max-snippet:-1","max-image-preview":"max-image-preview:large","max-video-preview":"max-video-preview:-1"},"canonical":"https:\/\/diarioprincipios.com\/index.php\/2020\/09\/03\/alberto-fernandez-llamo-a-la-unidad-del-frente-de-todos-para-seguir-salvando-vidas\/","og_locale":"es_ES","og_type":"article","og_title":"Alberto Fern\u00e1ndez llam\u00f3 a la unidad del Frente de Todos para \"seguir salvando vidas\" - Principios","og_description":"El Presidente Alberto Fern\u00e1ndez llam\u00f3 hoy a referentes legislativos y territoriales del Frente de Todos del sur bonaerense, a \u00abestar m\u00e1s unidos que nunca\u00bb para \u00abseguir cuidando la salud de los argentinos, salvando vidas y trabajando para que el pa\u00eds \u00abrecupere cuanto antes su econom\u00eda\u00bb. \u00abSi hay algo que valoro de este tiempo es que...","og_url":"https:\/\/diarioprincipios.com\/index.php\/2020\/09\/03\/alberto-fernandez-llamo-a-la-unidad-del-frente-de-todos-para-seguir-salvando-vidas\/","og_site_name":"Principios","article_published_time":"2020-09-04T01:40:43+00:00","article_modified_time":"2020-09-04T01:40:47+00:00","og_image":[{"width":420,"height":236,"url":"https:\/\/diarioprincipios.com\/wp-content\/uploads\/2020\/09\/alberto-fernandez-telam-25082020-1006860.jpg","type":"image\/jpeg"}],"author":"Hern\u00e1n L\u00f3pez","twitter_card":"summary_large_image","twitter_misc":{"Escrito por":"Hern\u00e1n L\u00f3pez","Tiempo de lectura":"2 minutos"},"schema":{"@context":"https:\/\/schema.org","@graph":[{"@type":"Article","@id":"https:\/\/diarioprincipios.com\/index.php\/2020\/09\/03\/alberto-fernandez-llamo-a-la-unidad-del-frente-de-todos-para-seguir-salvando-vidas\/#article","isPartOf":{"@id":"https:\/\/diarioprincipios.com\/index.php\/2020\/09\/03\/alberto-fernandez-llamo-a-la-unidad-del-frente-de-todos-para-seguir-salvando-vidas\/"},"author":{"name":"Hern\u00e1n L\u00f3pez","@id":"https:\/\/diarioprincipios.com\/#\/schema\/person\/436d5a1fd41a5e250e23ff5a6a7cb080"},"headline":"Alberto Fern\u00e1ndez llam\u00f3 a la unidad del Frente de Todos para \u00abseguir salvando vidas\u00bb","datePublished":"2020-09-04T01:40:43+00:00","dateModified":"2020-09-04T01:40:47+00:00","mainEntityOfPage":{"@id":"https:\/\/diarioprincipios.com\/index.php\/2020\/09\/03\/alberto-fernandez-llamo-a-la-unidad-del-frente-de-todos-para-seguir-salvando-vidas\/"},"wordCount":366,"commentCount":0,"publisher":{"@id":"https:\/\/diarioprincipios.com\/#organization"},"image":{"@id":"https:\/\/diarioprincipios.com\/index.php\/2020\/09\/03\/alberto-fernandez-llamo-a-la-unidad-del-frente-de-todos-para-seguir-salvando-vidas\/#primaryimage"},"thumbnailUrl":"https:\/\/diarioprincipios.com\/wp-content\/uploads\/2020\/09\/alberto-fernandez-telam-25082020-1006860.jpg","articleSection":["Naci\u00f3n"],"inLanguage":"es","potentialAction":[{"@type":"CommentAction","name":"Comment","target":["https:\/\/diarioprincipios.com\/index.php\/2020\/09\/03\/alberto-fernandez-llamo-a-la-unidad-del-frente-de-todos-para-seguir-salvando-vidas\/#respond"]}]},{"@type":"WebPage","@id":"https:\/\/diarioprincipios.com\/index.php\/2020\/09\/03\/alberto-fernandez-llamo-a-la-unidad-del-frente-de-todos-para-seguir-salvando-vidas\/","url":"https:\/\/diarioprincipios.com\/index.php\/2020\/09\/03\/alberto-fernandez-llamo-a-la-unidad-del-frente-de-todos-para-seguir-salvando-vidas\/","name":"Alberto Fern\u00e1ndez llam\u00f3 a la unidad del Frente de Todos para \"seguir salvando vidas\" - Principios","isPartOf":{"@id":"https:\/\/diarioprincipios.com\/#website"},"primaryImageOfPage":{"@id":"https:\/\/diarioprincipios.com\/index.php\/2020\/09\/03\/alberto-fernandez-llamo-a-la-unidad-del-frente-de-todos-para-seguir-salvando-vidas\/#primaryimage"},"image":{"@id":"https:\/\/diarioprincipios.com\/index.php\/2020\/09\/03\/alberto-fernandez-llamo-a-la-unidad-del-frente-de-todos-para-seguir-salvando-vidas\/#primaryimage"},"thumbnailUrl":"https:\/\/diarioprincipios.com\/wp-content\/uploads\/2020\/09\/alberto-fernandez-telam-25082020-1006860.jpg","datePublished":"2020-09-04T01:40:43+00:00","dateModified":"2020-09-04T01:40:47+00:00","breadcrumb":{"@id":"https:\/\/diarioprincipios.com\/index.php\/2020\/09\/03\/alberto-fernandez-llamo-a-la-unidad-del-frente-de-todos-para-seguir-salvando-vidas\/#breadcrumb"},"inLanguage":"es","potentialAction":[{"@type":"ReadAction","target":["https:\/\/diarioprincipios.com\/index.php\/2020\/09\/03\/alberto-fernandez-llamo-a-la-unidad-del-frente-de-todos-para-seguir-salvando-vidas\/"]}]},{"@type":"ImageObject","inLanguage":"es","@id":"https:\/\/diarioprincipios.com\/index.php\/2020\/09\/03\/alberto-fernandez-llamo-a-la-unidad-del-frente-de-todos-para-seguir-salvando-vidas\/#primaryimage","url":"https:\/\/diarioprincipios.com\/wp-content\/uploads\/2020\/09\/alberto-fernandez-telam-25082020-1006860.jpg","contentUrl":"https:\/\/diarioprincipios.com\/wp-content\/uploads\/2020\/09\/alberto-fernandez-telam-25082020-1006860.jpg","width":420,"height":236},{"@type":"BreadcrumbList","@id":"https:\/\/diarioprincipios.com\/index.php\/2020\/09\/03\/alberto-fernandez-llamo-a-la-unidad-del-frente-de-todos-para-seguir-salvando-vidas\/#breadcrumb","itemListElement":[{"@type":"ListItem","position":1,"name":"Portada","item":"https:\/\/diarioprincipios.com\/"},{"@type":"ListItem","position":2,"name":"Alberto Fern\u00e1ndez llam\u00f3 a la unidad del Frente de Todos para \u00abseguir salvando vidas\u00bb"}]},{"@type":"WebSite","@id":"https:\/\/diarioprincipios.com\/#website","url":"https:\/\/diarioprincipios.com\/","name":"Principios","description":"Principios Diario","publisher":{"@id":"https:\/\/diarioprincipios.com\/#organization"},"potentialAction":[{"@type":"SearchAction","target":{"@type":"EntryPoint","urlTemplate":"https:\/\/diarioprincipios.com\/?s={search_term_string}"},"query-input":{"@type":"PropertyValueSpecification","valueRequired":true,"valueName":"search_term_string"}}],"inLanguage":"es"},{"@type":"Organization","@id":"https:\/\/diarioprincipios.com\/#organization","name":"Principios","url":"https:\/\/diarioprincipios.com\/","logo":{"@type":"ImageObject","inLanguage":"es","@id":"https:\/\/diarioprincipios.com\/#\/schema\/logo\/image\/","url":"https:\/\/diarioprincipios.com\/wp-content\/uploads\/2024\/04\/cropped-www.diarioprincipios.com_-1.png","contentUrl":"https:\/\/diarioprincipios.com\/wp-content\/uploads\/2024\/04\/cropped-www.diarioprincipios.com_-1.png","width":5325,"height":1454,"caption":"Principios"},"image":{"@id":"https:\/\/diarioprincipios.com\/#\/schema\/logo\/image\/"}},{"@type":"Person","@id":"https:\/\/diarioprincipios.com\/#\/schema\/person\/436d5a1fd41a5e250e23ff5a6a7cb080","name":"Hern\u00e1n L\u00f3pez","image":{"@type":"ImageObject","inLanguage":"es","@id":"https:\/\/diarioprincipios.com\/wp-content\/litespeed\/avatar\/11ddfe5610ff3bd100522525b2571f48.jpg?ver=1777048341","url":"https:\/\/diarioprincipios.com\/wp-content\/litespeed\/avatar\/11ddfe5610ff3bd100522525b2571f48.jpg?ver=1777048341","contentUrl":"https:\/\/diarioprincipios.com\/wp-content\/litespeed\/avatar\/11ddfe5610ff3bd100522525b2571f48.jpg?ver=1777048341","caption":"Hern\u00e1n L\u00f3pez"},"url":"https:\/\/diarioprincipios.com\/index.php\/author\/hernan\/"}]}},"jetpack_featured_media_url":"https:\/\/diarioprincipios.com\/wp-content\/uploads\/2020\/09\/alberto-fernandez-telam-25082020-1006860.jpg","_links":{"self":[{"href":"https:\/\/diarioprincipios.com\/index.php\/wp-json\/wp\/v2\/posts\/5277","targetHints":{"allow":["GET"]}}],"collection":[{"href":"https:\/\/diarioprincipios.com\/index.php\/wp-json\/wp\/v2\/posts"}],"about":[{"href":"https:\/\/diarioprincipios.com\/index.php\/wp-json\/wp\/v2\/types\/post"}],"author":[{"embeddable":true,"href":"https:\/\/diarioprincipios.com\/index.php\/wp-json\/wp\/v2\/users\/2"}],"replies":[{"embeddable":true,"href":"https:\/\/diarioprincipios.com\/index.php\/wp-json\/wp\/v2\/comments?post=5277"}],"version-history":[{"count":1,"href":"https:\/\/diarioprincipios.com\/index.php\/wp-json\/wp\/v2\/posts\/5277\/revisions"}],"predecessor-version":[{"id":5279,"href":"https:\/\/diarioprincipios.com\/index.php\/wp-json\/wp\/v2\/posts\/5277\/revisions\/5279"}],"wp:featuredmedia":[{"embeddable":true,"href":"https:\/\/diarioprincipios.com\/index.php\/wp-json\/wp\/v2\/media\/5278"}],"wp:attachment":[{"href":"https:\/\/diarioprincipios.com\/index.php\/wp-json\/wp\/v2\/media?parent=5277"}],"wp:term":[{"taxonomy":"category","embeddable":true,"href":"https:\/\/diarioprincipios.com\/index.php\/wp-json\/wp\/v2\/categories?post=5277"},{"taxonomy":"post_tag","embeddable":true,"href":"https:\/\/diarioprincipios.com\/index.php\/wp-json\/wp\/v2\/tags?post=5277"}],"curies":[{"name":"wp","href":"https:\/\/api.w.org\/{rel}","templated":true}]}}