{"id":5247,"date":"2020-09-03T14:14:51","date_gmt":"2020-09-03T17:14:51","guid":{"rendered":"http:\/\/diarioprincipios.com\/?p=5247"},"modified":"2020-09-03T14:14:56","modified_gmt":"2020-09-03T17:14:56","slug":"documento-de-los-intendentes-de-la-tercera-seccion-sobre-la-toma-de-tierras","status":"publish","type":"post","link":"https:\/\/diarioprincipios.com\/index.php\/2020\/09\/03\/documento-de-los-intendentes-de-la-tercera-seccion-sobre-la-toma-de-tierras\/","title":{"rendered":"Documento de los intendentes de la tercera secci\u00f3n sobre la toma de tierras"},"content":{"rendered":"\n<p><strong>LA URBANIZACI\u00d3N DEBE SER UNA POL\u00cdTICA DE ESTADO<\/strong><\/p>\n\n\n\n<p>Los intendentes e intendentas de la tercera secci\u00f3n electoral reunidos hoy en el municipio de Presidente Per\u00f3n ante la situaci\u00f3n de la toma de tierras en nuestros distritos expresamos nuestra preocupaci\u00f3n y repudio. No podemos tener una mirada contemplativa con aquellos que utilizan la necesidad de la gente para llevar adelante sus negocios inescrupulosos. El Estado debe ser firme para poner un l\u00edmite a quienes hacen de las desigualdades un negocio. Condenamos rotundamente la ocupaci\u00f3n ilegal de tierras y viviendas. Es un delito y, como tal, la Justicia debe intervenir para hacer cumplir la Ley.<\/p>\n\n\n\n<p>Nos reunimos para abordar de manera conjunta esta preocupante situaci\u00f3n y llevar respuestas a nuestras comunidades. En este sentido, nos comunicamos con el Ministro de Justicia bonaerense, Julio Alak; y haremos lo propio con el Departamento Judicial de La Plata, que act\u00faa en el caso de la toma de terrenos en Guernica. Adem\u00e1s, le solicitamos al gobernador Axel Kicillof una reuni\u00f3n de trabajo sobre este tema para coordinar acciones en conjunto. Tambi\u00e9n nos reuniremos con nuestros diputados y senadores provinciales para analizar la legislaci\u00f3n actual.<\/p>\n\n\n\n<p>Entendemos que la crisis sanitaria que el mundo est\u00e1 atravesando ha expuesto tambi\u00e9n la crisis social y la desigualdad que hoy en d\u00eda miles de argentinos y argentinas a\u00fan siguen padeciendo. Por esta raz\u00f3n, tenemos que trabajar todos juntos sobre qu\u00e9 modelo de sociedad queremos. La urbanizaci\u00f3n debe ser una pol\u00edtica de Estado y es necesario trabajar en coordinaci\u00f3n entre Naci\u00f3n, provincia y los municipios para facilitar el acceso al h\u00e1bitat con viviendas dignas para el conjunto de la sociedad.<\/p>\n\n\n\n<p>Desde el Estado Nacional y el Estado provincial se tiene que establecer una pol\u00edtica clara para el desarrollo urbano, el h\u00e1bitat y la construcci\u00f3n de viviendas para las familias que a\u00fan no cuentan con un lugar digno donde vivir. Lo que debemos hacer es responder a esa necesidad con programas y pol\u00edticas p\u00fablicas que reviertan esta situaci\u00f3n. La urbanizaci\u00f3n de los barrios populares no puede quedar en una consigna, tenemos que discutir seriamente c\u00f3mo se va a financiar la pol\u00edtica de vivienda. Para construir una sociedad m\u00e1s justa es necesario discutir la distribuci\u00f3n de la riqueza en la Argentina y el proyecto de ley del aporte extraordinario de las grandes fortunas es un paso en este sentido, sobre el cual debemos seguir profundizando.<\/p>\n\n\n\n<p>No podemos seguir viviendo en la hipocres\u00eda de ver como muchos chicos y chicas nacen y crecen en la inmoralidad de la exclusi\u00f3n, sin tener las condiciones m\u00ednimas de vivienda aseguradas. Nuestro deber es con ellos.<\/p>\n\n\n\n<p>Al mismo tiempo, no podemos tener una mirada contemplativa con aquellos que utilizan la necesidad de la gente para llevar adelante sus negocios inescrupulosos. El Estado debe ser firme para poner un l\u00edmite a quienes hacen de las desigualdades un negocio. Condenamos rotundamente la ocupaci\u00f3n ilegal de tierras y viviendas. Es un delito y, como tal, la Justicia debe intervenir para hacer cumplir la Ley.<\/p>\n","protected":false},"excerpt":{"rendered":"<p>LA URBANIZACI\u00d3N DEBE SER UNA POL\u00cdTICA DE ESTADO Los intendentes e intendentas de la tercera secci\u00f3n electoral reunidos hoy en el municipio de Presidente Per\u00f3n ante la situaci\u00f3n de la toma de tierras en nuestros distritos expresamos nuestra preocupaci\u00f3n y repudio. No podemos tener una mirada contemplativa con aquellos que utilizan la necesidad de la&#8230;<\/p>\n","protected":false},"author":2,"featured_media":5248,"comment_status":"open","ping_status":"open","sticky":false,"template":"","format":"standard","meta":{"footnotes":""},"categories":[7],"tags":[],"class_list":["post-5247","post","type-post","status-publish","format-standard","has-post-thumbnail","hentry","category-provincia"],"featured_image_src":"https:\/\/diarioprincipios.com\/wp-content\/uploads\/2020\/09\/LA-URBANIZACION-DEBE-SER-UNA-POLITICA-DE-ESTADO-1024x682.jpeg","blog_images":{"medium":"https:\/\/diarioprincipios.com\/wp-content\/uploads\/2020\/09\/LA-URBANIZACION-DEBE-SER-UNA-POLITICA-DE-ESTADO-300x200.jpeg","large":"https:\/\/diarioprincipios.com\/wp-content\/uploads\/2020\/09\/LA-URBANIZACION-DEBE-SER-UNA-POLITICA-DE-ESTADO-1024x682.jpeg"},"ams_acf":[],"yoast_head":"<!-- This site is optimized with the Yoast SEO plugin v27.3 - https:\/\/yoast.com\/product\/yoast-seo-wordpress\/ -->\n<title>Documento de los intendentes de la tercera secci\u00f3n sobre la toma de tierras - Principios<\/title>\n<meta name=\"robots\" content=\"index, follow, max-snippet:-1, max-image-preview:large, max-video-preview:-1\" \/>\n<link rel=\"canonical\" href=\"https:\/\/diarioprincipios.com\/index.php\/2020\/09\/03\/documento-de-los-intendentes-de-la-tercera-seccion-sobre-la-toma-de-tierras\/\" \/>\n<meta property=\"og:locale\" content=\"es_ES\" \/>\n<meta property=\"og:type\" content=\"article\" \/>\n<meta property=\"og:title\" content=\"Documento de los intendentes de la tercera secci\u00f3n sobre la toma de tierras - Principios\" \/>\n<meta property=\"og:description\" content=\"LA URBANIZACI\u00d3N DEBE SER UNA POL\u00cdTICA DE ESTADO Los intendentes e intendentas de la tercera secci\u00f3n electoral reunidos hoy en el municipio de Presidente Per\u00f3n ante la situaci\u00f3n de la toma de tierras en nuestros distritos expresamos nuestra preocupaci\u00f3n y repudio. No podemos tener una mirada contemplativa con aquellos que utilizan la necesidad de la...\" \/>\n<meta property=\"og:url\" content=\"https:\/\/diarioprincipios.com\/index.php\/2020\/09\/03\/documento-de-los-intendentes-de-la-tercera-seccion-sobre-la-toma-de-tierras\/\" \/>\n<meta property=\"og:site_name\" content=\"Principios\" \/>\n<meta property=\"article:published_time\" content=\"2020-09-03T17:14:51+00:00\" \/>\n<meta property=\"article:modified_time\" content=\"2020-09-03T17:14:56+00:00\" \/>\n<meta property=\"og:image\" content=\"https:\/\/diarioprincipios.com\/wp-content\/uploads\/2020\/09\/LA-URBANIZACION-DEBE-SER-UNA-POLITICA-DE-ESTADO.jpeg\" \/>\n\t<meta property=\"og:image:width\" content=\"1280\" \/>\n\t<meta property=\"og:image:height\" content=\"853\" \/>\n\t<meta property=\"og:image:type\" content=\"image\/jpeg\" \/>\n<meta name=\"author\" content=\"Hern\u00e1n L\u00f3pez\" \/>\n<meta name=\"twitter:card\" content=\"summary_large_image\" \/>\n<meta name=\"twitter:label1\" content=\"Escrito por\" \/>\n\t<meta name=\"twitter:data1\" content=\"Hern\u00e1n L\u00f3pez\" \/>\n\t<meta name=\"twitter:label2\" content=\"Tiempo de lectura\" \/>\n\t<meta name=\"twitter:data2\" content=\"3 minutos\" \/>\n<script type=\"application\/ld+json\" class=\"yoast-schema-graph\">{\"@context\":\"https:\\\/\\\/schema.org\",\"@graph\":[{\"@type\":\"Article\",\"@id\":\"https:\\\/\\\/diarioprincipios.com\\\/index.php\\\/2020\\\/09\\\/03\\\/documento-de-los-intendentes-de-la-tercera-seccion-sobre-la-toma-de-tierras\\\/#article\",\"isPartOf\":{\"@id\":\"https:\\\/\\\/diarioprincipios.com\\\/index.php\\\/2020\\\/09\\\/03\\\/documento-de-los-intendentes-de-la-tercera-seccion-sobre-la-toma-de-tierras\\\/\"},\"author\":{\"name\":\"Hern\u00e1n L\u00f3pez\",\"@id\":\"https:\\\/\\\/diarioprincipios.com\\\/#\\\/schema\\\/person\\\/436d5a1fd41a5e250e23ff5a6a7cb080\"},\"headline\":\"Documento de los intendentes de la tercera secci\u00f3n sobre la toma de tierras\",\"datePublished\":\"2020-09-03T17:14:51+00:00\",\"dateModified\":\"2020-09-03T17:14:56+00:00\",\"mainEntityOfPage\":{\"@id\":\"https:\\\/\\\/diarioprincipios.com\\\/index.php\\\/2020\\\/09\\\/03\\\/documento-de-los-intendentes-de-la-tercera-seccion-sobre-la-toma-de-tierras\\\/\"},\"wordCount\":546,\"commentCount\":0,\"publisher\":{\"@id\":\"https:\\\/\\\/diarioprincipios.com\\\/#organization\"},\"image\":{\"@id\":\"https:\\\/\\\/diarioprincipios.com\\\/index.php\\\/2020\\\/09\\\/03\\\/documento-de-los-intendentes-de-la-tercera-seccion-sobre-la-toma-de-tierras\\\/#primaryimage\"},\"thumbnailUrl\":\"https:\\\/\\\/diarioprincipios.com\\\/wp-content\\\/uploads\\\/2020\\\/09\\\/LA-URBANIZACION-DEBE-SER-UNA-POLITICA-DE-ESTADO.jpeg\",\"articleSection\":[\"Provincia\"],\"inLanguage\":\"es\",\"potentialAction\":[{\"@type\":\"CommentAction\",\"name\":\"Comment\",\"target\":[\"https:\\\/\\\/diarioprincipios.com\\\/index.php\\\/2020\\\/09\\\/03\\\/documento-de-los-intendentes-de-la-tercera-seccion-sobre-la-toma-de-tierras\\\/#respond\"]}]},{\"@type\":\"WebPage\",\"@id\":\"https:\\\/\\\/diarioprincipios.com\\\/index.php\\\/2020\\\/09\\\/03\\\/documento-de-los-intendentes-de-la-tercera-seccion-sobre-la-toma-de-tierras\\\/\",\"url\":\"https:\\\/\\\/diarioprincipios.com\\\/index.php\\\/2020\\\/09\\\/03\\\/documento-de-los-intendentes-de-la-tercera-seccion-sobre-la-toma-de-tierras\\\/\",\"name\":\"Documento de los intendentes de la tercera secci\u00f3n sobre la toma de tierras - Principios\",\"isPartOf\":{\"@id\":\"https:\\\/\\\/diarioprincipios.com\\\/#website\"},\"primaryImageOfPage\":{\"@id\":\"https:\\\/\\\/diarioprincipios.com\\\/index.php\\\/2020\\\/09\\\/03\\\/documento-de-los-intendentes-de-la-tercera-seccion-sobre-la-toma-de-tierras\\\/#primaryimage\"},\"image\":{\"@id\":\"https:\\\/\\\/diarioprincipios.com\\\/index.php\\\/2020\\\/09\\\/03\\\/documento-de-los-intendentes-de-la-tercera-seccion-sobre-la-toma-de-tierras\\\/#primaryimage\"},\"thumbnailUrl\":\"https:\\\/\\\/diarioprincipios.com\\\/wp-content\\\/uploads\\\/2020\\\/09\\\/LA-URBANIZACION-DEBE-SER-UNA-POLITICA-DE-ESTADO.jpeg\",\"datePublished\":\"2020-09-03T17:14:51+00:00\",\"dateModified\":\"2020-09-03T17:14:56+00:00\",\"breadcrumb\":{\"@id\":\"https:\\\/\\\/diarioprincipios.com\\\/index.php\\\/2020\\\/09\\\/03\\\/documento-de-los-intendentes-de-la-tercera-seccion-sobre-la-toma-de-tierras\\\/#breadcrumb\"},\"inLanguage\":\"es\",\"potentialAction\":[{\"@type\":\"ReadAction\",\"target\":[\"https:\\\/\\\/diarioprincipios.com\\\/index.php\\\/2020\\\/09\\\/03\\\/documento-de-los-intendentes-de-la-tercera-seccion-sobre-la-toma-de-tierras\\\/\"]}]},{\"@type\":\"ImageObject\",\"inLanguage\":\"es\",\"@id\":\"https:\\\/\\\/diarioprincipios.com\\\/index.php\\\/2020\\\/09\\\/03\\\/documento-de-los-intendentes-de-la-tercera-seccion-sobre-la-toma-de-tierras\\\/#primaryimage\",\"url\":\"https:\\\/\\\/diarioprincipios.com\\\/wp-content\\\/uploads\\\/2020\\\/09\\\/LA-URBANIZACION-DEBE-SER-UNA-POLITICA-DE-ESTADO.jpeg\",\"contentUrl\":\"https:\\\/\\\/diarioprincipios.com\\\/wp-content\\\/uploads\\\/2020\\\/09\\\/LA-URBANIZACION-DEBE-SER-UNA-POLITICA-DE-ESTADO.jpeg\",\"width\":1280,\"height\":853},{\"@type\":\"BreadcrumbList\",\"@id\":\"https:\\\/\\\/diarioprincipios.com\\\/index.php\\\/2020\\\/09\\\/03\\\/documento-de-los-intendentes-de-la-tercera-seccion-sobre-la-toma-de-tierras\\\/#breadcrumb\",\"itemListElement\":[{\"@type\":\"ListItem\",\"position\":1,\"name\":\"Portada\",\"item\":\"https:\\\/\\\/diarioprincipios.com\\\/\"},{\"@type\":\"ListItem\",\"position\":2,\"name\":\"Documento de los intendentes de la tercera secci\u00f3n sobre la toma de tierras\"}]},{\"@type\":\"WebSite\",\"@id\":\"https:\\\/\\\/diarioprincipios.com\\\/#website\",\"url\":\"https:\\\/\\\/diarioprincipios.com\\\/\",\"name\":\"Principios\",\"description\":\"Principios Diario\",\"publisher\":{\"@id\":\"https:\\\/\\\/diarioprincipios.com\\\/#organization\"},\"potentialAction\":[{\"@type\":\"SearchAction\",\"target\":{\"@type\":\"EntryPoint\",\"urlTemplate\":\"https:\\\/\\\/diarioprincipios.com\\\/?s={search_term_string}\"},\"query-input\":{\"@type\":\"PropertyValueSpecification\",\"valueRequired\":true,\"valueName\":\"search_term_string\"}}],\"inLanguage\":\"es\"},{\"@type\":\"Organization\",\"@id\":\"https:\\\/\\\/diarioprincipios.com\\\/#organization\",\"name\":\"Principios\",\"url\":\"https:\\\/\\\/diarioprincipios.com\\\/\",\"logo\":{\"@type\":\"ImageObject\",\"inLanguage\":\"es\",\"@id\":\"https:\\\/\\\/diarioprincipios.com\\\/#\\\/schema\\\/logo\\\/image\\\/\",\"url\":\"https:\\\/\\\/diarioprincipios.com\\\/wp-content\\\/uploads\\\/2024\\\/04\\\/cropped-www.diarioprincipios.com_-1.png\",\"contentUrl\":\"https:\\\/\\\/diarioprincipios.com\\\/wp-content\\\/uploads\\\/2024\\\/04\\\/cropped-www.diarioprincipios.com_-1.png\",\"width\":5325,\"height\":1454,\"caption\":\"Principios\"},\"image\":{\"@id\":\"https:\\\/\\\/diarioprincipios.com\\\/#\\\/schema\\\/logo\\\/image\\\/\"}},{\"@type\":\"Person\",\"@id\":\"https:\\\/\\\/diarioprincipios.com\\\/#\\\/schema\\\/person\\\/436d5a1fd41a5e250e23ff5a6a7cb080\",\"name\":\"Hern\u00e1n L\u00f3pez\",\"image\":{\"@type\":\"ImageObject\",\"inLanguage\":\"es\",\"@id\":\"https:\\\/\\\/diarioprincipios.com\\\/wp-content\\\/litespeed\\\/avatar\\\/11ddfe5610ff3bd100522525b2571f48.jpg?ver=1777048341\",\"url\":\"https:\\\/\\\/diarioprincipios.com\\\/wp-content\\\/litespeed\\\/avatar\\\/11ddfe5610ff3bd100522525b2571f48.jpg?ver=1777048341\",\"contentUrl\":\"https:\\\/\\\/diarioprincipios.com\\\/wp-content\\\/litespeed\\\/avatar\\\/11ddfe5610ff3bd100522525b2571f48.jpg?ver=1777048341\",\"caption\":\"Hern\u00e1n L\u00f3pez\"},\"url\":\"https:\\\/\\\/diarioprincipios.com\\\/index.php\\\/author\\\/hernan\\\/\"}]}<\/script>\n<!-- \/ Yoast SEO plugin. -->","yoast_head_json":{"title":"Documento de los intendentes de la tercera secci\u00f3n sobre la toma de tierras - Principios","robots":{"index":"index","follow":"follow","max-snippet":"max-snippet:-1","max-image-preview":"max-image-preview:large","max-video-preview":"max-video-preview:-1"},"canonical":"https:\/\/diarioprincipios.com\/index.php\/2020\/09\/03\/documento-de-los-intendentes-de-la-tercera-seccion-sobre-la-toma-de-tierras\/","og_locale":"es_ES","og_type":"article","og_title":"Documento de los intendentes de la tercera secci\u00f3n sobre la toma de tierras - Principios","og_description":"LA URBANIZACI\u00d3N DEBE SER UNA POL\u00cdTICA DE ESTADO Los intendentes e intendentas de la tercera secci\u00f3n electoral reunidos hoy en el municipio de Presidente Per\u00f3n ante la situaci\u00f3n de la toma de tierras en nuestros distritos expresamos nuestra preocupaci\u00f3n y repudio. No podemos tener una mirada contemplativa con aquellos que utilizan la necesidad de la...","og_url":"https:\/\/diarioprincipios.com\/index.php\/2020\/09\/03\/documento-de-los-intendentes-de-la-tercera-seccion-sobre-la-toma-de-tierras\/","og_site_name":"Principios","article_published_time":"2020-09-03T17:14:51+00:00","article_modified_time":"2020-09-03T17:14:56+00:00","og_image":[{"width":1280,"height":853,"url":"https:\/\/diarioprincipios.com\/wp-content\/uploads\/2020\/09\/LA-URBANIZACION-DEBE-SER-UNA-POLITICA-DE-ESTADO.jpeg","type":"image\/jpeg"}],"author":"Hern\u00e1n L\u00f3pez","twitter_card":"summary_large_image","twitter_misc":{"Escrito por":"Hern\u00e1n L\u00f3pez","Tiempo de lectura":"3 minutos"},"schema":{"@context":"https:\/\/schema.org","@graph":[{"@type":"Article","@id":"https:\/\/diarioprincipios.com\/index.php\/2020\/09\/03\/documento-de-los-intendentes-de-la-tercera-seccion-sobre-la-toma-de-tierras\/#article","isPartOf":{"@id":"https:\/\/diarioprincipios.com\/index.php\/2020\/09\/03\/documento-de-los-intendentes-de-la-tercera-seccion-sobre-la-toma-de-tierras\/"},"author":{"name":"Hern\u00e1n L\u00f3pez","@id":"https:\/\/diarioprincipios.com\/#\/schema\/person\/436d5a1fd41a5e250e23ff5a6a7cb080"},"headline":"Documento de los intendentes de la tercera secci\u00f3n sobre la toma de tierras","datePublished":"2020-09-03T17:14:51+00:00","dateModified":"2020-09-03T17:14:56+00:00","mainEntityOfPage":{"@id":"https:\/\/diarioprincipios.com\/index.php\/2020\/09\/03\/documento-de-los-intendentes-de-la-tercera-seccion-sobre-la-toma-de-tierras\/"},"wordCount":546,"commentCount":0,"publisher":{"@id":"https:\/\/diarioprincipios.com\/#organization"},"image":{"@id":"https:\/\/diarioprincipios.com\/index.php\/2020\/09\/03\/documento-de-los-intendentes-de-la-tercera-seccion-sobre-la-toma-de-tierras\/#primaryimage"},"thumbnailUrl":"https:\/\/diarioprincipios.com\/wp-content\/uploads\/2020\/09\/LA-URBANIZACION-DEBE-SER-UNA-POLITICA-DE-ESTADO.jpeg","articleSection":["Provincia"],"inLanguage":"es","potentialAction":[{"@type":"CommentAction","name":"Comment","target":["https:\/\/diarioprincipios.com\/index.php\/2020\/09\/03\/documento-de-los-intendentes-de-la-tercera-seccion-sobre-la-toma-de-tierras\/#respond"]}]},{"@type":"WebPage","@id":"https:\/\/diarioprincipios.com\/index.php\/2020\/09\/03\/documento-de-los-intendentes-de-la-tercera-seccion-sobre-la-toma-de-tierras\/","url":"https:\/\/diarioprincipios.com\/index.php\/2020\/09\/03\/documento-de-los-intendentes-de-la-tercera-seccion-sobre-la-toma-de-tierras\/","name":"Documento de los intendentes de la tercera secci\u00f3n sobre la toma de tierras - Principios","isPartOf":{"@id":"https:\/\/diarioprincipios.com\/#website"},"primaryImageOfPage":{"@id":"https:\/\/diarioprincipios.com\/index.php\/2020\/09\/03\/documento-de-los-intendentes-de-la-tercera-seccion-sobre-la-toma-de-tierras\/#primaryimage"},"image":{"@id":"https:\/\/diarioprincipios.com\/index.php\/2020\/09\/03\/documento-de-los-intendentes-de-la-tercera-seccion-sobre-la-toma-de-tierras\/#primaryimage"},"thumbnailUrl":"https:\/\/diarioprincipios.com\/wp-content\/uploads\/2020\/09\/LA-URBANIZACION-DEBE-SER-UNA-POLITICA-DE-ESTADO.jpeg","datePublished":"2020-09-03T17:14:51+00:00","dateModified":"2020-09-03T17:14:56+00:00","breadcrumb":{"@id":"https:\/\/diarioprincipios.com\/index.php\/2020\/09\/03\/documento-de-los-intendentes-de-la-tercera-seccion-sobre-la-toma-de-tierras\/#breadcrumb"},"inLanguage":"es","potentialAction":[{"@type":"ReadAction","target":["https:\/\/diarioprincipios.com\/index.php\/2020\/09\/03\/documento-de-los-intendentes-de-la-tercera-seccion-sobre-la-toma-de-tierras\/"]}]},{"@type":"ImageObject","inLanguage":"es","@id":"https:\/\/diarioprincipios.com\/index.php\/2020\/09\/03\/documento-de-los-intendentes-de-la-tercera-seccion-sobre-la-toma-de-tierras\/#primaryimage","url":"https:\/\/diarioprincipios.com\/wp-content\/uploads\/2020\/09\/LA-URBANIZACION-DEBE-SER-UNA-POLITICA-DE-ESTADO.jpeg","contentUrl":"https:\/\/diarioprincipios.com\/wp-content\/uploads\/2020\/09\/LA-URBANIZACION-DEBE-SER-UNA-POLITICA-DE-ESTADO.jpeg","width":1280,"height":853},{"@type":"BreadcrumbList","@id":"https:\/\/diarioprincipios.com\/index.php\/2020\/09\/03\/documento-de-los-intendentes-de-la-tercera-seccion-sobre-la-toma-de-tierras\/#breadcrumb","itemListElement":[{"@type":"ListItem","position":1,"name":"Portada","item":"https:\/\/diarioprincipios.com\/"},{"@type":"ListItem","position":2,"name":"Documento de los intendentes de la tercera secci\u00f3n sobre la toma de tierras"}]},{"@type":"WebSite","@id":"https:\/\/diarioprincipios.com\/#website","url":"https:\/\/diarioprincipios.com\/","name":"Principios","description":"Principios Diario","publisher":{"@id":"https:\/\/diarioprincipios.com\/#organization"},"potentialAction":[{"@type":"SearchAction","target":{"@type":"EntryPoint","urlTemplate":"https:\/\/diarioprincipios.com\/?s={search_term_string}"},"query-input":{"@type":"PropertyValueSpecification","valueRequired":true,"valueName":"search_term_string"}}],"inLanguage":"es"},{"@type":"Organization","@id":"https:\/\/diarioprincipios.com\/#organization","name":"Principios","url":"https:\/\/diarioprincipios.com\/","logo":{"@type":"ImageObject","inLanguage":"es","@id":"https:\/\/diarioprincipios.com\/#\/schema\/logo\/image\/","url":"https:\/\/diarioprincipios.com\/wp-content\/uploads\/2024\/04\/cropped-www.diarioprincipios.com_-1.png","contentUrl":"https:\/\/diarioprincipios.com\/wp-content\/uploads\/2024\/04\/cropped-www.diarioprincipios.com_-1.png","width":5325,"height":1454,"caption":"Principios"},"image":{"@id":"https:\/\/diarioprincipios.com\/#\/schema\/logo\/image\/"}},{"@type":"Person","@id":"https:\/\/diarioprincipios.com\/#\/schema\/person\/436d5a1fd41a5e250e23ff5a6a7cb080","name":"Hern\u00e1n L\u00f3pez","image":{"@type":"ImageObject","inLanguage":"es","@id":"https:\/\/diarioprincipios.com\/wp-content\/litespeed\/avatar\/11ddfe5610ff3bd100522525b2571f48.jpg?ver=1777048341","url":"https:\/\/diarioprincipios.com\/wp-content\/litespeed\/avatar\/11ddfe5610ff3bd100522525b2571f48.jpg?ver=1777048341","contentUrl":"https:\/\/diarioprincipios.com\/wp-content\/litespeed\/avatar\/11ddfe5610ff3bd100522525b2571f48.jpg?ver=1777048341","caption":"Hern\u00e1n L\u00f3pez"},"url":"https:\/\/diarioprincipios.com\/index.php\/author\/hernan\/"}]}},"jetpack_featured_media_url":"https:\/\/diarioprincipios.com\/wp-content\/uploads\/2020\/09\/LA-URBANIZACION-DEBE-SER-UNA-POLITICA-DE-ESTADO.jpeg","_links":{"self":[{"href":"https:\/\/diarioprincipios.com\/index.php\/wp-json\/wp\/v2\/posts\/5247","targetHints":{"allow":["GET"]}}],"collection":[{"href":"https:\/\/diarioprincipios.com\/index.php\/wp-json\/wp\/v2\/posts"}],"about":[{"href":"https:\/\/diarioprincipios.com\/index.php\/wp-json\/wp\/v2\/types\/post"}],"author":[{"embeddable":true,"href":"https:\/\/diarioprincipios.com\/index.php\/wp-json\/wp\/v2\/users\/2"}],"replies":[{"embeddable":true,"href":"https:\/\/diarioprincipios.com\/index.php\/wp-json\/wp\/v2\/comments?post=5247"}],"version-history":[{"count":1,"href":"https:\/\/diarioprincipios.com\/index.php\/wp-json\/wp\/v2\/posts\/5247\/revisions"}],"predecessor-version":[{"id":5249,"href":"https:\/\/diarioprincipios.com\/index.php\/wp-json\/wp\/v2\/posts\/5247\/revisions\/5249"}],"wp:featuredmedia":[{"embeddable":true,"href":"https:\/\/diarioprincipios.com\/index.php\/wp-json\/wp\/v2\/media\/5248"}],"wp:attachment":[{"href":"https:\/\/diarioprincipios.com\/index.php\/wp-json\/wp\/v2\/media?parent=5247"}],"wp:term":[{"taxonomy":"category","embeddable":true,"href":"https:\/\/diarioprincipios.com\/index.php\/wp-json\/wp\/v2\/categories?post=5247"},{"taxonomy":"post_tag","embeddable":true,"href":"https:\/\/diarioprincipios.com\/index.php\/wp-json\/wp\/v2\/tags?post=5247"}],"curies":[{"name":"wp","href":"https:\/\/api.w.org\/{rel}","templated":true}]}}