{"id":5242,"date":"2020-09-03T13:28:19","date_gmt":"2020-09-03T16:28:19","guid":{"rendered":"http:\/\/diarioprincipios.com\/?p=5242"},"modified":"2020-09-03T16:12:48","modified_gmt":"2020-09-03T19:12:48","slug":"avanza-la-obra-de-renovacion-de-la-avenida-14","status":"publish","type":"post","link":"https:\/\/diarioprincipios.com\/index.php\/2020\/09\/03\/avanza-la-obra-de-renovacion-de-la-avenida-14\/","title":{"rendered":"Avanza la obra de renovaci\u00f3n  de la Avenida 14"},"content":{"rendered":"\n<p><strong>A pesar de la emergencia sanitaria, la Municipalidad de Berazategui contin\u00faa llevando a cabo la intervenci\u00f3n integral de la Avenida 14 que incluye la construcci\u00f3n de veredas, colocaci\u00f3n de nuevo mobiliario urbano e iluminaci\u00f3n. Asimismo, se est\u00e1n realizando trabajos de bacheo en diferentes barrios del distrito.<\/strong><\/p>\n\n\n\n<p>La obra de renovaci\u00f3n de la Avenida 14 se da en el marco de la Red de Espacios P\u00fablicos, en este caso avanzando sobre Berazategui Oeste. Actualmente, a la altura de la calle 142 solo falta colocar los ladrillos intertrabados de una vereda, mientras que desde 130 a 132 se est\u00e1 ejecutando la construcci\u00f3n de d\u00e1rsenas de estacionamiento como trabajo previo a la reconstrucci\u00f3n de las aceras.<\/p>\n\n\n\n<figure class=\"wp-block-image size-large\"><img loading=\"lazy\" decoding=\"async\" width=\"1024\" height=\"682\" src=\"https:\/\/diarioprincipios.com\/wp-content\/uploads\/2020\/09\/AVANZA-LA-OBRA-DE-RENOVACION-DE-LA-AVENIDA-14-3-1024x682.jpg\" alt=\"\" class=\"wp-image-5250\" srcset=\"https:\/\/diarioprincipios.com\/wp-content\/uploads\/2020\/09\/AVANZA-LA-OBRA-DE-RENOVACION-DE-LA-AVENIDA-14-3-1024x682.jpg 1024w, https:\/\/diarioprincipios.com\/wp-content\/uploads\/2020\/09\/AVANZA-LA-OBRA-DE-RENOVACION-DE-LA-AVENIDA-14-3-300x200.jpg 300w, https:\/\/diarioprincipios.com\/wp-content\/uploads\/2020\/09\/AVANZA-LA-OBRA-DE-RENOVACION-DE-LA-AVENIDA-14-3-768x512.jpg 768w, https:\/\/diarioprincipios.com\/wp-content\/uploads\/2020\/09\/AVANZA-LA-OBRA-DE-RENOVACION-DE-LA-AVENIDA-14-3.jpg 1280w\" sizes=\"auto, (max-width: 1024px) 100vw, 1024px\" \/><\/figure>\n\n\n\n<p>La intervenci\u00f3n integral comprende baldosas t\u00e1ctiles en las esquinas para la orientaci\u00f3n de personas con dificultades visuales, colocaci\u00f3n de nuevo mobiliario urbano, esquineros para orientar el cruce peatonal, arbolado e iluminaci\u00f3n. Por otra parte, el trabajo incluye el pasaje del cableado a\u00e9reo a subterr\u00e1neo, para poder liberar el paisaje de la Ciudad.<\/p>\n\n\n\n<p>BACHEO<\/p>\n\n\n\n<p>Por otra parte, siguen los trabajos de mantenimiento y mejora de las calles de distintos barrios de Berazategui. De esta manera se realiz\u00f3 bacheo de carpeta asf\u00e1ltica en los siguientes puntos:<\/p>\n\n\n\n<p>\u2022 Calle 21 entre 144 y 145.<br>\u2022 Calle 4 a entre 101 y 102.<br>\u2022 Calle 4 A y 102.<br>\u2022 Calle 104 y 4.<br>\u2022 Calle 104 entre 4 y 5.<br>\u2022 Calle 161 entre 27 y 28.<br>\u2022 Av. Eva Per\u00f3n entre 264 y 264 A.<br>\u2022 Calle 366 entre 313 y 314.<br>\u2022 Calle 313 entre 370 a 372.<br>\u2022 Calle 28 entre 160 y 161.<br>\u2022 Av. Italia y 367.<br>\u2022 Calle 311 y 362.<br>\u2022 Calle 311 entre 362 y 363.<br>\u2022 Calle 156 entre 9 y 10.<br>\u2022 Calle 160 entre 19 y 20.<br>\u2022 Calle 160 y 20.<br>\u2022 Calle 130 entre 14 y 15.<br>\u2022 Calle 132 entre 20 y 21.<br>\u2022 Calle 131 A entre 18 y 20.<br>\u2022 Calle 20 entre 159 y 160.<\/p>\n\n\n\n<figure class=\"wp-block-image size-large\"><img loading=\"lazy\" decoding=\"async\" width=\"1024\" height=\"731\" src=\"https:\/\/diarioprincipios.com\/wp-content\/uploads\/2020\/09\/AVANZA-LA-OBRA-DE-RENOVACION-DE-LA-AVENIDA-14-1-1024x731.jpg\" alt=\"\" class=\"wp-image-5244\" srcset=\"https:\/\/diarioprincipios.com\/wp-content\/uploads\/2020\/09\/AVANZA-LA-OBRA-DE-RENOVACION-DE-LA-AVENIDA-14-1-1024x731.jpg 1024w, https:\/\/diarioprincipios.com\/wp-content\/uploads\/2020\/09\/AVANZA-LA-OBRA-DE-RENOVACION-DE-LA-AVENIDA-14-1-300x214.jpg 300w, https:\/\/diarioprincipios.com\/wp-content\/uploads\/2020\/09\/AVANZA-LA-OBRA-DE-RENOVACION-DE-LA-AVENIDA-14-1-768x548.jpg 768w, https:\/\/diarioprincipios.com\/wp-content\/uploads\/2020\/09\/AVANZA-LA-OBRA-DE-RENOVACION-DE-LA-AVENIDA-14-1.jpg 1280w\" sizes=\"auto, (max-width: 1024px) 100vw, 1024px\" \/><\/figure>\n\n\n\n<p>En tanto, a continuaci\u00f3n se detallan las direcciones donde se realiz\u00f3 bacheo de hormig\u00f3n:<\/p>\n\n\n\n<p>\u2022 Av. Italia entre 151 y 152.<br>\u2022 Calle 155 entre 33 y 34.<br>\u2022 Calle 152 esquina 36.<br>\u2022 Calle 13 entre 144 y 145.<br>\u2022 Calle Lisandro de la Torre (este) entre 16 y 17.<br>\u2022 Av.14 entre 139 y 140.<br>\u2022 Calle 126 esquina 23.<\/p>\n\n\n\n<p><\/p>\n\n\n\n<p><\/p>\n","protected":false},"excerpt":{"rendered":"<p>A pesar de la emergencia sanitaria, la Municipalidad de Berazategui contin\u00faa llevando a cabo la intervenci\u00f3n integral de la Avenida 14 que incluye la construcci\u00f3n de veredas, colocaci\u00f3n de nuevo mobiliario urbano e iluminaci\u00f3n. Asimismo, se est\u00e1n realizando trabajos de bacheo en diferentes barrios del distrito. La obra de renovaci\u00f3n de la Avenida 14 se&#8230;<\/p>\n","protected":false},"author":2,"featured_media":5243,"comment_status":"open","ping_status":"open","sticky":false,"template":"","format":"standard","meta":{"footnotes":""},"categories":[3],"tags":[],"class_list":["post-5242","post","type-post","status-publish","format-standard","has-post-thumbnail","hentry","category-berazategui"],"featured_image_src":"https:\/\/diarioprincipios.com\/wp-content\/uploads\/2020\/09\/AVANZA-LA-OBRA-DE-RENOVACION-DE-LA-AVENIDA-14-2-1024x731.jpg","blog_images":{"medium":"https:\/\/diarioprincipios.com\/wp-content\/uploads\/2020\/09\/AVANZA-LA-OBRA-DE-RENOVACION-DE-LA-AVENIDA-14-2-300x214.jpg","large":"https:\/\/diarioprincipios.com\/wp-content\/uploads\/2020\/09\/AVANZA-LA-OBRA-DE-RENOVACION-DE-LA-AVENIDA-14-2-1024x731.jpg"},"ams_acf":[],"yoast_head":"<!-- This site is optimized with the Yoast SEO plugin v27.3 - https:\/\/yoast.com\/product\/yoast-seo-wordpress\/ -->\n<title>Avanza la obra de renovaci\u00f3n de la Avenida 14 - Principios<\/title>\n<meta name=\"robots\" content=\"index, follow, max-snippet:-1, max-image-preview:large, max-video-preview:-1\" \/>\n<link rel=\"canonical\" href=\"https:\/\/diarioprincipios.com\/index.php\/2020\/09\/03\/avanza-la-obra-de-renovacion-de-la-avenida-14\/\" \/>\n<meta property=\"og:locale\" content=\"es_ES\" \/>\n<meta property=\"og:type\" content=\"article\" \/>\n<meta property=\"og:title\" content=\"Avanza la obra de renovaci\u00f3n de la Avenida 14 - Principios\" \/>\n<meta property=\"og:description\" content=\"A pesar de la emergencia sanitaria, la Municipalidad de Berazategui contin\u00faa llevando a cabo la intervenci\u00f3n integral de la Avenida 14 que incluye la construcci\u00f3n de veredas, colocaci\u00f3n de nuevo mobiliario urbano e iluminaci\u00f3n. Asimismo, se est\u00e1n realizando trabajos de bacheo en diferentes barrios del distrito. La obra de renovaci\u00f3n de la Avenida 14 se...\" \/>\n<meta property=\"og:url\" content=\"https:\/\/diarioprincipios.com\/index.php\/2020\/09\/03\/avanza-la-obra-de-renovacion-de-la-avenida-14\/\" \/>\n<meta property=\"og:site_name\" content=\"Principios\" \/>\n<meta property=\"article:published_time\" content=\"2020-09-03T16:28:19+00:00\" \/>\n<meta property=\"article:modified_time\" content=\"2020-09-03T19:12:48+00:00\" \/>\n<meta property=\"og:image\" content=\"https:\/\/diarioprincipios.com\/wp-content\/uploads\/2020\/09\/AVANZA-LA-OBRA-DE-RENOVACION-DE-LA-AVENIDA-14-2.jpg\" \/>\n\t<meta property=\"og:image:width\" content=\"1280\" \/>\n\t<meta property=\"og:image:height\" content=\"914\" \/>\n\t<meta property=\"og:image:type\" content=\"image\/jpeg\" \/>\n<meta name=\"author\" content=\"Hern\u00e1n L\u00f3pez\" \/>\n<meta name=\"twitter:card\" content=\"summary_large_image\" \/>\n<meta name=\"twitter:label1\" content=\"Escrito por\" \/>\n\t<meta name=\"twitter:data1\" content=\"Hern\u00e1n L\u00f3pez\" \/>\n\t<meta name=\"twitter:label2\" content=\"Tiempo de lectura\" \/>\n\t<meta name=\"twitter:data2\" content=\"2 minutos\" \/>\n<script type=\"application\/ld+json\" class=\"yoast-schema-graph\">{\"@context\":\"https:\\\/\\\/schema.org\",\"@graph\":[{\"@type\":\"Article\",\"@id\":\"https:\\\/\\\/diarioprincipios.com\\\/index.php\\\/2020\\\/09\\\/03\\\/avanza-la-obra-de-renovacion-de-la-avenida-14\\\/#article\",\"isPartOf\":{\"@id\":\"https:\\\/\\\/diarioprincipios.com\\\/index.php\\\/2020\\\/09\\\/03\\\/avanza-la-obra-de-renovacion-de-la-avenida-14\\\/\"},\"author\":{\"name\":\"Hern\u00e1n L\u00f3pez\",\"@id\":\"https:\\\/\\\/diarioprincipios.com\\\/#\\\/schema\\\/person\\\/436d5a1fd41a5e250e23ff5a6a7cb080\"},\"headline\":\"Avanza la obra de renovaci\u00f3n de la Avenida 14\",\"datePublished\":\"2020-09-03T16:28:19+00:00\",\"dateModified\":\"2020-09-03T19:12:48+00:00\",\"mainEntityOfPage\":{\"@id\":\"https:\\\/\\\/diarioprincipios.com\\\/index.php\\\/2020\\\/09\\\/03\\\/avanza-la-obra-de-renovacion-de-la-avenida-14\\\/\"},\"wordCount\":324,\"commentCount\":0,\"publisher\":{\"@id\":\"https:\\\/\\\/diarioprincipios.com\\\/#organization\"},\"image\":{\"@id\":\"https:\\\/\\\/diarioprincipios.com\\\/index.php\\\/2020\\\/09\\\/03\\\/avanza-la-obra-de-renovacion-de-la-avenida-14\\\/#primaryimage\"},\"thumbnailUrl\":\"https:\\\/\\\/diarioprincipios.com\\\/wp-content\\\/uploads\\\/2020\\\/09\\\/AVANZA-LA-OBRA-DE-RENOVACION-DE-LA-AVENIDA-14-2.jpg\",\"articleSection\":[\"Berazategui\"],\"inLanguage\":\"es\",\"potentialAction\":[{\"@type\":\"CommentAction\",\"name\":\"Comment\",\"target\":[\"https:\\\/\\\/diarioprincipios.com\\\/index.php\\\/2020\\\/09\\\/03\\\/avanza-la-obra-de-renovacion-de-la-avenida-14\\\/#respond\"]}]},{\"@type\":\"WebPage\",\"@id\":\"https:\\\/\\\/diarioprincipios.com\\\/index.php\\\/2020\\\/09\\\/03\\\/avanza-la-obra-de-renovacion-de-la-avenida-14\\\/\",\"url\":\"https:\\\/\\\/diarioprincipios.com\\\/index.php\\\/2020\\\/09\\\/03\\\/avanza-la-obra-de-renovacion-de-la-avenida-14\\\/\",\"name\":\"Avanza la obra de renovaci\u00f3n de la Avenida 14 - Principios\",\"isPartOf\":{\"@id\":\"https:\\\/\\\/diarioprincipios.com\\\/#website\"},\"primaryImageOfPage\":{\"@id\":\"https:\\\/\\\/diarioprincipios.com\\\/index.php\\\/2020\\\/09\\\/03\\\/avanza-la-obra-de-renovacion-de-la-avenida-14\\\/#primaryimage\"},\"image\":{\"@id\":\"https:\\\/\\\/diarioprincipios.com\\\/index.php\\\/2020\\\/09\\\/03\\\/avanza-la-obra-de-renovacion-de-la-avenida-14\\\/#primaryimage\"},\"thumbnailUrl\":\"https:\\\/\\\/diarioprincipios.com\\\/wp-content\\\/uploads\\\/2020\\\/09\\\/AVANZA-LA-OBRA-DE-RENOVACION-DE-LA-AVENIDA-14-2.jpg\",\"datePublished\":\"2020-09-03T16:28:19+00:00\",\"dateModified\":\"2020-09-03T19:12:48+00:00\",\"breadcrumb\":{\"@id\":\"https:\\\/\\\/diarioprincipios.com\\\/index.php\\\/2020\\\/09\\\/03\\\/avanza-la-obra-de-renovacion-de-la-avenida-14\\\/#breadcrumb\"},\"inLanguage\":\"es\",\"potentialAction\":[{\"@type\":\"ReadAction\",\"target\":[\"https:\\\/\\\/diarioprincipios.com\\\/index.php\\\/2020\\\/09\\\/03\\\/avanza-la-obra-de-renovacion-de-la-avenida-14\\\/\"]}]},{\"@type\":\"ImageObject\",\"inLanguage\":\"es\",\"@id\":\"https:\\\/\\\/diarioprincipios.com\\\/index.php\\\/2020\\\/09\\\/03\\\/avanza-la-obra-de-renovacion-de-la-avenida-14\\\/#primaryimage\",\"url\":\"https:\\\/\\\/diarioprincipios.com\\\/wp-content\\\/uploads\\\/2020\\\/09\\\/AVANZA-LA-OBRA-DE-RENOVACION-DE-LA-AVENIDA-14-2.jpg\",\"contentUrl\":\"https:\\\/\\\/diarioprincipios.com\\\/wp-content\\\/uploads\\\/2020\\\/09\\\/AVANZA-LA-OBRA-DE-RENOVACION-DE-LA-AVENIDA-14-2.jpg\",\"width\":1280,\"height\":914},{\"@type\":\"BreadcrumbList\",\"@id\":\"https:\\\/\\\/diarioprincipios.com\\\/index.php\\\/2020\\\/09\\\/03\\\/avanza-la-obra-de-renovacion-de-la-avenida-14\\\/#breadcrumb\",\"itemListElement\":[{\"@type\":\"ListItem\",\"position\":1,\"name\":\"Portada\",\"item\":\"https:\\\/\\\/diarioprincipios.com\\\/\"},{\"@type\":\"ListItem\",\"position\":2,\"name\":\"Avanza la obra de renovaci\u00f3n de la Avenida 14\"}]},{\"@type\":\"WebSite\",\"@id\":\"https:\\\/\\\/diarioprincipios.com\\\/#website\",\"url\":\"https:\\\/\\\/diarioprincipios.com\\\/\",\"name\":\"Principios\",\"description\":\"Principios Diario\",\"publisher\":{\"@id\":\"https:\\\/\\\/diarioprincipios.com\\\/#organization\"},\"potentialAction\":[{\"@type\":\"SearchAction\",\"target\":{\"@type\":\"EntryPoint\",\"urlTemplate\":\"https:\\\/\\\/diarioprincipios.com\\\/?s={search_term_string}\"},\"query-input\":{\"@type\":\"PropertyValueSpecification\",\"valueRequired\":true,\"valueName\":\"search_term_string\"}}],\"inLanguage\":\"es\"},{\"@type\":\"Organization\",\"@id\":\"https:\\\/\\\/diarioprincipios.com\\\/#organization\",\"name\":\"Principios\",\"url\":\"https:\\\/\\\/diarioprincipios.com\\\/\",\"logo\":{\"@type\":\"ImageObject\",\"inLanguage\":\"es\",\"@id\":\"https:\\\/\\\/diarioprincipios.com\\\/#\\\/schema\\\/logo\\\/image\\\/\",\"url\":\"https:\\\/\\\/diarioprincipios.com\\\/wp-content\\\/uploads\\\/2024\\\/04\\\/cropped-www.diarioprincipios.com_-1.png\",\"contentUrl\":\"https:\\\/\\\/diarioprincipios.com\\\/wp-content\\\/uploads\\\/2024\\\/04\\\/cropped-www.diarioprincipios.com_-1.png\",\"width\":5325,\"height\":1454,\"caption\":\"Principios\"},\"image\":{\"@id\":\"https:\\\/\\\/diarioprincipios.com\\\/#\\\/schema\\\/logo\\\/image\\\/\"}},{\"@type\":\"Person\",\"@id\":\"https:\\\/\\\/diarioprincipios.com\\\/#\\\/schema\\\/person\\\/436d5a1fd41a5e250e23ff5a6a7cb080\",\"name\":\"Hern\u00e1n L\u00f3pez\",\"image\":{\"@type\":\"ImageObject\",\"inLanguage\":\"es\",\"@id\":\"https:\\\/\\\/diarioprincipios.com\\\/wp-content\\\/litespeed\\\/avatar\\\/11ddfe5610ff3bd100522525b2571f48.jpg?ver=1777048341\",\"url\":\"https:\\\/\\\/diarioprincipios.com\\\/wp-content\\\/litespeed\\\/avatar\\\/11ddfe5610ff3bd100522525b2571f48.jpg?ver=1777048341\",\"contentUrl\":\"https:\\\/\\\/diarioprincipios.com\\\/wp-content\\\/litespeed\\\/avatar\\\/11ddfe5610ff3bd100522525b2571f48.jpg?ver=1777048341\",\"caption\":\"Hern\u00e1n L\u00f3pez\"},\"url\":\"https:\\\/\\\/diarioprincipios.com\\\/index.php\\\/author\\\/hernan\\\/\"}]}<\/script>\n<!-- \/ Yoast SEO plugin. -->","yoast_head_json":{"title":"Avanza la obra de renovaci\u00f3n de la Avenida 14 - Principios","robots":{"index":"index","follow":"follow","max-snippet":"max-snippet:-1","max-image-preview":"max-image-preview:large","max-video-preview":"max-video-preview:-1"},"canonical":"https:\/\/diarioprincipios.com\/index.php\/2020\/09\/03\/avanza-la-obra-de-renovacion-de-la-avenida-14\/","og_locale":"es_ES","og_type":"article","og_title":"Avanza la obra de renovaci\u00f3n de la Avenida 14 - Principios","og_description":"A pesar de la emergencia sanitaria, la Municipalidad de Berazategui contin\u00faa llevando a cabo la intervenci\u00f3n integral de la Avenida 14 que incluye la construcci\u00f3n de veredas, colocaci\u00f3n de nuevo mobiliario urbano e iluminaci\u00f3n. Asimismo, se est\u00e1n realizando trabajos de bacheo en diferentes barrios del distrito. La obra de renovaci\u00f3n de la Avenida 14 se...","og_url":"https:\/\/diarioprincipios.com\/index.php\/2020\/09\/03\/avanza-la-obra-de-renovacion-de-la-avenida-14\/","og_site_name":"Principios","article_published_time":"2020-09-03T16:28:19+00:00","article_modified_time":"2020-09-03T19:12:48+00:00","og_image":[{"width":1280,"height":914,"url":"https:\/\/diarioprincipios.com\/wp-content\/uploads\/2020\/09\/AVANZA-LA-OBRA-DE-RENOVACION-DE-LA-AVENIDA-14-2.jpg","type":"image\/jpeg"}],"author":"Hern\u00e1n L\u00f3pez","twitter_card":"summary_large_image","twitter_misc":{"Escrito por":"Hern\u00e1n L\u00f3pez","Tiempo de lectura":"2 minutos"},"schema":{"@context":"https:\/\/schema.org","@graph":[{"@type":"Article","@id":"https:\/\/diarioprincipios.com\/index.php\/2020\/09\/03\/avanza-la-obra-de-renovacion-de-la-avenida-14\/#article","isPartOf":{"@id":"https:\/\/diarioprincipios.com\/index.php\/2020\/09\/03\/avanza-la-obra-de-renovacion-de-la-avenida-14\/"},"author":{"name":"Hern\u00e1n L\u00f3pez","@id":"https:\/\/diarioprincipios.com\/#\/schema\/person\/436d5a1fd41a5e250e23ff5a6a7cb080"},"headline":"Avanza la obra de renovaci\u00f3n de la Avenida 14","datePublished":"2020-09-03T16:28:19+00:00","dateModified":"2020-09-03T19:12:48+00:00","mainEntityOfPage":{"@id":"https:\/\/diarioprincipios.com\/index.php\/2020\/09\/03\/avanza-la-obra-de-renovacion-de-la-avenida-14\/"},"wordCount":324,"commentCount":0,"publisher":{"@id":"https:\/\/diarioprincipios.com\/#organization"},"image":{"@id":"https:\/\/diarioprincipios.com\/index.php\/2020\/09\/03\/avanza-la-obra-de-renovacion-de-la-avenida-14\/#primaryimage"},"thumbnailUrl":"https:\/\/diarioprincipios.com\/wp-content\/uploads\/2020\/09\/AVANZA-LA-OBRA-DE-RENOVACION-DE-LA-AVENIDA-14-2.jpg","articleSection":["Berazategui"],"inLanguage":"es","potentialAction":[{"@type":"CommentAction","name":"Comment","target":["https:\/\/diarioprincipios.com\/index.php\/2020\/09\/03\/avanza-la-obra-de-renovacion-de-la-avenida-14\/#respond"]}]},{"@type":"WebPage","@id":"https:\/\/diarioprincipios.com\/index.php\/2020\/09\/03\/avanza-la-obra-de-renovacion-de-la-avenida-14\/","url":"https:\/\/diarioprincipios.com\/index.php\/2020\/09\/03\/avanza-la-obra-de-renovacion-de-la-avenida-14\/","name":"Avanza la obra de renovaci\u00f3n de la Avenida 14 - Principios","isPartOf":{"@id":"https:\/\/diarioprincipios.com\/#website"},"primaryImageOfPage":{"@id":"https:\/\/diarioprincipios.com\/index.php\/2020\/09\/03\/avanza-la-obra-de-renovacion-de-la-avenida-14\/#primaryimage"},"image":{"@id":"https:\/\/diarioprincipios.com\/index.php\/2020\/09\/03\/avanza-la-obra-de-renovacion-de-la-avenida-14\/#primaryimage"},"thumbnailUrl":"https:\/\/diarioprincipios.com\/wp-content\/uploads\/2020\/09\/AVANZA-LA-OBRA-DE-RENOVACION-DE-LA-AVENIDA-14-2.jpg","datePublished":"2020-09-03T16:28:19+00:00","dateModified":"2020-09-03T19:12:48+00:00","breadcrumb":{"@id":"https:\/\/diarioprincipios.com\/index.php\/2020\/09\/03\/avanza-la-obra-de-renovacion-de-la-avenida-14\/#breadcrumb"},"inLanguage":"es","potentialAction":[{"@type":"ReadAction","target":["https:\/\/diarioprincipios.com\/index.php\/2020\/09\/03\/avanza-la-obra-de-renovacion-de-la-avenida-14\/"]}]},{"@type":"ImageObject","inLanguage":"es","@id":"https:\/\/diarioprincipios.com\/index.php\/2020\/09\/03\/avanza-la-obra-de-renovacion-de-la-avenida-14\/#primaryimage","url":"https:\/\/diarioprincipios.com\/wp-content\/uploads\/2020\/09\/AVANZA-LA-OBRA-DE-RENOVACION-DE-LA-AVENIDA-14-2.jpg","contentUrl":"https:\/\/diarioprincipios.com\/wp-content\/uploads\/2020\/09\/AVANZA-LA-OBRA-DE-RENOVACION-DE-LA-AVENIDA-14-2.jpg","width":1280,"height":914},{"@type":"BreadcrumbList","@id":"https:\/\/diarioprincipios.com\/index.php\/2020\/09\/03\/avanza-la-obra-de-renovacion-de-la-avenida-14\/#breadcrumb","itemListElement":[{"@type":"ListItem","position":1,"name":"Portada","item":"https:\/\/diarioprincipios.com\/"},{"@type":"ListItem","position":2,"name":"Avanza la obra de renovaci\u00f3n de la Avenida 14"}]},{"@type":"WebSite","@id":"https:\/\/diarioprincipios.com\/#website","url":"https:\/\/diarioprincipios.com\/","name":"Principios","description":"Principios Diario","publisher":{"@id":"https:\/\/diarioprincipios.com\/#organization"},"potentialAction":[{"@type":"SearchAction","target":{"@type":"EntryPoint","urlTemplate":"https:\/\/diarioprincipios.com\/?s={search_term_string}"},"query-input":{"@type":"PropertyValueSpecification","valueRequired":true,"valueName":"search_term_string"}}],"inLanguage":"es"},{"@type":"Organization","@id":"https:\/\/diarioprincipios.com\/#organization","name":"Principios","url":"https:\/\/diarioprincipios.com\/","logo":{"@type":"ImageObject","inLanguage":"es","@id":"https:\/\/diarioprincipios.com\/#\/schema\/logo\/image\/","url":"https:\/\/diarioprincipios.com\/wp-content\/uploads\/2024\/04\/cropped-www.diarioprincipios.com_-1.png","contentUrl":"https:\/\/diarioprincipios.com\/wp-content\/uploads\/2024\/04\/cropped-www.diarioprincipios.com_-1.png","width":5325,"height":1454,"caption":"Principios"},"image":{"@id":"https:\/\/diarioprincipios.com\/#\/schema\/logo\/image\/"}},{"@type":"Person","@id":"https:\/\/diarioprincipios.com\/#\/schema\/person\/436d5a1fd41a5e250e23ff5a6a7cb080","name":"Hern\u00e1n L\u00f3pez","image":{"@type":"ImageObject","inLanguage":"es","@id":"https:\/\/diarioprincipios.com\/wp-content\/litespeed\/avatar\/11ddfe5610ff3bd100522525b2571f48.jpg?ver=1777048341","url":"https:\/\/diarioprincipios.com\/wp-content\/litespeed\/avatar\/11ddfe5610ff3bd100522525b2571f48.jpg?ver=1777048341","contentUrl":"https:\/\/diarioprincipios.com\/wp-content\/litespeed\/avatar\/11ddfe5610ff3bd100522525b2571f48.jpg?ver=1777048341","caption":"Hern\u00e1n L\u00f3pez"},"url":"https:\/\/diarioprincipios.com\/index.php\/author\/hernan\/"}]}},"jetpack_featured_media_url":"https:\/\/diarioprincipios.com\/wp-content\/uploads\/2020\/09\/AVANZA-LA-OBRA-DE-RENOVACION-DE-LA-AVENIDA-14-2.jpg","_links":{"self":[{"href":"https:\/\/diarioprincipios.com\/index.php\/wp-json\/wp\/v2\/posts\/5242","targetHints":{"allow":["GET"]}}],"collection":[{"href":"https:\/\/diarioprincipios.com\/index.php\/wp-json\/wp\/v2\/posts"}],"about":[{"href":"https:\/\/diarioprincipios.com\/index.php\/wp-json\/wp\/v2\/types\/post"}],"author":[{"embeddable":true,"href":"https:\/\/diarioprincipios.com\/index.php\/wp-json\/wp\/v2\/users\/2"}],"replies":[{"embeddable":true,"href":"https:\/\/diarioprincipios.com\/index.php\/wp-json\/wp\/v2\/comments?post=5242"}],"version-history":[{"count":2,"href":"https:\/\/diarioprincipios.com\/index.php\/wp-json\/wp\/v2\/posts\/5242\/revisions"}],"predecessor-version":[{"id":5251,"href":"https:\/\/diarioprincipios.com\/index.php\/wp-json\/wp\/v2\/posts\/5242\/revisions\/5251"}],"wp:featuredmedia":[{"embeddable":true,"href":"https:\/\/diarioprincipios.com\/index.php\/wp-json\/wp\/v2\/media\/5243"}],"wp:attachment":[{"href":"https:\/\/diarioprincipios.com\/index.php\/wp-json\/wp\/v2\/media?parent=5242"}],"wp:term":[{"taxonomy":"category","embeddable":true,"href":"https:\/\/diarioprincipios.com\/index.php\/wp-json\/wp\/v2\/categories?post=5242"},{"taxonomy":"post_tag","embeddable":true,"href":"https:\/\/diarioprincipios.com\/index.php\/wp-json\/wp\/v2\/tags?post=5242"}],"curies":[{"name":"wp","href":"https:\/\/api.w.org\/{rel}","templated":true}]}}