{"id":5235,"date":"2020-09-03T12:52:09","date_gmt":"2020-09-03T15:52:09","guid":{"rendered":"http:\/\/diarioprincipios.com\/?p=5235"},"modified":"2020-09-03T12:52:13","modified_gmt":"2020-09-03T15:52:13","slug":"precios-solidarios-en-panaderias-de-la-ciudad","status":"publish","type":"post","link":"https:\/\/diarioprincipios.com\/index.php\/2020\/09\/03\/precios-solidarios-en-panaderias-de-la-ciudad\/","title":{"rendered":"Precios solidarios en panader\u00edas de la ciudad"},"content":{"rendered":"\n<p><strong>Con el objetivo de llevar a cabo pol\u00edticas de intervenci\u00f3n para evitar el exceso de precios en alimentos de panader\u00eda y poder cuidar la econom\u00eda de las familias de Berazategui, la Municipalidad, a trav\u00e9s de la Secretar\u00eda de Trabajo, confecciona listados de precios solidarios en panader\u00edas para que todos puedan acceder a productos frescos, variados, de calidad y a un precio accesible.<br><\/strong><br>En el pan, un alimento esencial, el precio justo establecido en las panader\u00edas adheridas es de $90 el kg, aunque tambi\u00e9n puede estar por debajo de este monto. Los vecinos podr\u00e1n identificar f\u00e1cilmente a los 4 comercios que se sumaron al acuerdo hasta el momento, con una calcoman\u00eda visible, donde se explicita \u201cPANADER\u00cdA ADHERIDA\u201d.<\/p>\n\n\n\n<p>Las panader\u00edas adheridas al acuerdo son: Macarena (Calle 38 N\u00ba 941), Anguita (Calle 24, N\u00ba 5939), La Italiana (Av. Italia, N\u00ba 5201) y La Primera (Av. Ant\u00e1rtida Argentina N\u00ba 610).<\/p>\n\n\n\n<p>Asimismo, la Direcci\u00f3n General de Desarrollo Comercial de la Municipalidad de Berazategui tambi\u00e9n ha extendido este programa de acuerdo de precios hacia otros rubros, como carnicer\u00edas, verduler\u00edas y granjas del partido.<\/p>\n\n\n\n<p><strong>INSPECCIONES COMERCIALES<br><\/strong><br>Por otro lado, el Municipio tambi\u00e9n sigue realizando controles de precios. Inspectores recorren comercios barriales de todo el distrito para garantizar que se implemente el acuerdo de precios establecido. Los vecinos pueden consultar el listado en&nbsp;<a rel=\"noreferrer noopener\" target=\"_blank\" href=\"http:\/\/berazategui.gob.ar\/acuerdosdeprecios\">berazategui.gob.ar\/acuerdosdeprecios<\/a>.<\/p>\n\n\n\n<p>Aquellos que quieran denunciar irregularidades, pueden comunicarse al 4256-1004, de lunes a viernes, de 8.00 a 17.00. Tambi\u00e9n pueden hacerlo por WhatsApp, al 11-2452-8972; v\u00eda mail a&nbsp;<a rel=\"noreferrer noopener\" target=\"_blank\" href=\"mailto:omic@berazategui.gob.ar\">omic@berazategui.gob.ar<\/a>; o ingresando en&nbsp;<a rel=\"noreferrer noopener\" target=\"_blank\" href=\"http:\/\/simap.gba.gob.ar\/\">simap.gba.gob.ar<\/a>.<\/p>\n\n\n\n<p><\/p>\n\n\n\n<p><\/p>\n\n\n\n<figure class=\"wp-block-image\"><img decoding=\"async\" src=\"https:\/\/ecp.yusercontent.com\/mail?url=https%3A%2F%2Fdocs.google.com%2Fuc%3Fexport%3Ddownload%26id%3D1O9ySDGVjFwLiWj3yWiMdjtCw6pHI7T-F%26revid%3D0B9CZhG6aa0VidWpSQjZNZGVndGpYeWM5ZWtiUFNuM1JQV3U4PQ&amp;t=1599085696&amp;ymreqid=5799fcab-b43d-2794-22d2-14000901b000&amp;sig=ElSjCshaVX1GPpoh4tLplQ--~D\" alt=\"\"\/><\/figure>\n\n\n\n<p><\/p>\n","protected":false},"excerpt":{"rendered":"<p>Con el objetivo de llevar a cabo pol\u00edticas de intervenci\u00f3n para evitar el exceso de precios en alimentos de panader\u00eda y poder cuidar la econom\u00eda de las familias de Berazategui, la Municipalidad, a trav\u00e9s de la Secretar\u00eda de Trabajo, confecciona listados de precios solidarios en panader\u00edas para que todos puedan acceder a productos frescos, variados,&#8230;<\/p>\n","protected":false},"author":2,"featured_media":5236,"comment_status":"open","ping_status":"open","sticky":false,"template":"","format":"standard","meta":{"footnotes":""},"categories":[3],"tags":[],"class_list":["post-5235","post","type-post","status-publish","format-standard","has-post-thumbnail","hentry","category-berazategui"],"featured_image_src":"https:\/\/diarioprincipios.com\/wp-content\/uploads\/2020\/09\/PRECIOS-SOLIDARIOS-EN-PANADERIAS-DE-LA-CIUDAD.jpg","blog_images":{"medium":"https:\/\/diarioprincipios.com\/wp-content\/uploads\/2020\/09\/PRECIOS-SOLIDARIOS-EN-PANADERIAS-DE-LA-CIUDAD-300x150.jpg","large":"https:\/\/diarioprincipios.com\/wp-content\/uploads\/2020\/09\/PRECIOS-SOLIDARIOS-EN-PANADERIAS-DE-LA-CIUDAD.jpg"},"ams_acf":[],"yoast_head":"<!-- This site is optimized with the Yoast SEO plugin v27.3 - https:\/\/yoast.com\/product\/yoast-seo-wordpress\/ -->\n<title>Precios solidarios en panader\u00edas de la ciudad - Principios<\/title>\n<meta name=\"robots\" content=\"index, follow, max-snippet:-1, max-image-preview:large, max-video-preview:-1\" \/>\n<link rel=\"canonical\" href=\"https:\/\/diarioprincipios.com\/index.php\/2020\/09\/03\/precios-solidarios-en-panaderias-de-la-ciudad\/\" \/>\n<meta property=\"og:locale\" content=\"es_ES\" \/>\n<meta property=\"og:type\" content=\"article\" \/>\n<meta property=\"og:title\" content=\"Precios solidarios en panader\u00edas de la ciudad - Principios\" \/>\n<meta property=\"og:description\" content=\"Con el objetivo de llevar a cabo pol\u00edticas de intervenci\u00f3n para evitar el exceso de precios en alimentos de panader\u00eda y poder cuidar la econom\u00eda de las familias de Berazategui, la Municipalidad, a trav\u00e9s de la Secretar\u00eda de Trabajo, confecciona listados de precios solidarios en panader\u00edas para que todos puedan acceder a productos frescos, variados,...\" \/>\n<meta property=\"og:url\" content=\"https:\/\/diarioprincipios.com\/index.php\/2020\/09\/03\/precios-solidarios-en-panaderias-de-la-ciudad\/\" \/>\n<meta property=\"og:site_name\" content=\"Principios\" \/>\n<meta property=\"article:published_time\" content=\"2020-09-03T15:52:09+00:00\" \/>\n<meta property=\"article:modified_time\" content=\"2020-09-03T15:52:13+00:00\" \/>\n<meta property=\"og:image\" content=\"https:\/\/diarioprincipios.com\/wp-content\/uploads\/2020\/09\/PRECIOS-SOLIDARIOS-EN-PANADERIAS-DE-LA-CIUDAD.jpg\" \/>\n\t<meta property=\"og:image:width\" content=\"800\" \/>\n\t<meta property=\"og:image:height\" content=\"400\" \/>\n\t<meta property=\"og:image:type\" content=\"image\/jpeg\" \/>\n<meta name=\"author\" content=\"Hern\u00e1n L\u00f3pez\" \/>\n<meta name=\"twitter:card\" content=\"summary_large_image\" \/>\n<meta name=\"twitter:label1\" content=\"Escrito por\" \/>\n\t<meta name=\"twitter:data1\" content=\"Hern\u00e1n L\u00f3pez\" \/>\n\t<meta name=\"twitter:label2\" content=\"Tiempo de lectura\" \/>\n\t<meta name=\"twitter:data2\" content=\"1 minuto\" \/>\n<script type=\"application\/ld+json\" class=\"yoast-schema-graph\">{\"@context\":\"https:\\\/\\\/schema.org\",\"@graph\":[{\"@type\":\"Article\",\"@id\":\"https:\\\/\\\/diarioprincipios.com\\\/index.php\\\/2020\\\/09\\\/03\\\/precios-solidarios-en-panaderias-de-la-ciudad\\\/#article\",\"isPartOf\":{\"@id\":\"https:\\\/\\\/diarioprincipios.com\\\/index.php\\\/2020\\\/09\\\/03\\\/precios-solidarios-en-panaderias-de-la-ciudad\\\/\"},\"author\":{\"name\":\"Hern\u00e1n L\u00f3pez\",\"@id\":\"https:\\\/\\\/diarioprincipios.com\\\/#\\\/schema\\\/person\\\/436d5a1fd41a5e250e23ff5a6a7cb080\"},\"headline\":\"Precios solidarios en panader\u00edas de la ciudad\",\"datePublished\":\"2020-09-03T15:52:09+00:00\",\"dateModified\":\"2020-09-03T15:52:13+00:00\",\"mainEntityOfPage\":{\"@id\":\"https:\\\/\\\/diarioprincipios.com\\\/index.php\\\/2020\\\/09\\\/03\\\/precios-solidarios-en-panaderias-de-la-ciudad\\\/\"},\"wordCount\":281,\"commentCount\":0,\"publisher\":{\"@id\":\"https:\\\/\\\/diarioprincipios.com\\\/#organization\"},\"image\":{\"@id\":\"https:\\\/\\\/diarioprincipios.com\\\/index.php\\\/2020\\\/09\\\/03\\\/precios-solidarios-en-panaderias-de-la-ciudad\\\/#primaryimage\"},\"thumbnailUrl\":\"https:\\\/\\\/diarioprincipios.com\\\/wp-content\\\/uploads\\\/2020\\\/09\\\/PRECIOS-SOLIDARIOS-EN-PANADERIAS-DE-LA-CIUDAD.jpg\",\"articleSection\":[\"Berazategui\"],\"inLanguage\":\"es\",\"potentialAction\":[{\"@type\":\"CommentAction\",\"name\":\"Comment\",\"target\":[\"https:\\\/\\\/diarioprincipios.com\\\/index.php\\\/2020\\\/09\\\/03\\\/precios-solidarios-en-panaderias-de-la-ciudad\\\/#respond\"]}]},{\"@type\":\"WebPage\",\"@id\":\"https:\\\/\\\/diarioprincipios.com\\\/index.php\\\/2020\\\/09\\\/03\\\/precios-solidarios-en-panaderias-de-la-ciudad\\\/\",\"url\":\"https:\\\/\\\/diarioprincipios.com\\\/index.php\\\/2020\\\/09\\\/03\\\/precios-solidarios-en-panaderias-de-la-ciudad\\\/\",\"name\":\"Precios solidarios en panader\u00edas de la ciudad - Principios\",\"isPartOf\":{\"@id\":\"https:\\\/\\\/diarioprincipios.com\\\/#website\"},\"primaryImageOfPage\":{\"@id\":\"https:\\\/\\\/diarioprincipios.com\\\/index.php\\\/2020\\\/09\\\/03\\\/precios-solidarios-en-panaderias-de-la-ciudad\\\/#primaryimage\"},\"image\":{\"@id\":\"https:\\\/\\\/diarioprincipios.com\\\/index.php\\\/2020\\\/09\\\/03\\\/precios-solidarios-en-panaderias-de-la-ciudad\\\/#primaryimage\"},\"thumbnailUrl\":\"https:\\\/\\\/diarioprincipios.com\\\/wp-content\\\/uploads\\\/2020\\\/09\\\/PRECIOS-SOLIDARIOS-EN-PANADERIAS-DE-LA-CIUDAD.jpg\",\"datePublished\":\"2020-09-03T15:52:09+00:00\",\"dateModified\":\"2020-09-03T15:52:13+00:00\",\"breadcrumb\":{\"@id\":\"https:\\\/\\\/diarioprincipios.com\\\/index.php\\\/2020\\\/09\\\/03\\\/precios-solidarios-en-panaderias-de-la-ciudad\\\/#breadcrumb\"},\"inLanguage\":\"es\",\"potentialAction\":[{\"@type\":\"ReadAction\",\"target\":[\"https:\\\/\\\/diarioprincipios.com\\\/index.php\\\/2020\\\/09\\\/03\\\/precios-solidarios-en-panaderias-de-la-ciudad\\\/\"]}]},{\"@type\":\"ImageObject\",\"inLanguage\":\"es\",\"@id\":\"https:\\\/\\\/diarioprincipios.com\\\/index.php\\\/2020\\\/09\\\/03\\\/precios-solidarios-en-panaderias-de-la-ciudad\\\/#primaryimage\",\"url\":\"https:\\\/\\\/diarioprincipios.com\\\/wp-content\\\/uploads\\\/2020\\\/09\\\/PRECIOS-SOLIDARIOS-EN-PANADERIAS-DE-LA-CIUDAD.jpg\",\"contentUrl\":\"https:\\\/\\\/diarioprincipios.com\\\/wp-content\\\/uploads\\\/2020\\\/09\\\/PRECIOS-SOLIDARIOS-EN-PANADERIAS-DE-LA-CIUDAD.jpg\",\"width\":800,\"height\":400},{\"@type\":\"BreadcrumbList\",\"@id\":\"https:\\\/\\\/diarioprincipios.com\\\/index.php\\\/2020\\\/09\\\/03\\\/precios-solidarios-en-panaderias-de-la-ciudad\\\/#breadcrumb\",\"itemListElement\":[{\"@type\":\"ListItem\",\"position\":1,\"name\":\"Portada\",\"item\":\"https:\\\/\\\/diarioprincipios.com\\\/\"},{\"@type\":\"ListItem\",\"position\":2,\"name\":\"Precios solidarios en panader\u00edas de la ciudad\"}]},{\"@type\":\"WebSite\",\"@id\":\"https:\\\/\\\/diarioprincipios.com\\\/#website\",\"url\":\"https:\\\/\\\/diarioprincipios.com\\\/\",\"name\":\"Principios\",\"description\":\"Principios Diario\",\"publisher\":{\"@id\":\"https:\\\/\\\/diarioprincipios.com\\\/#organization\"},\"potentialAction\":[{\"@type\":\"SearchAction\",\"target\":{\"@type\":\"EntryPoint\",\"urlTemplate\":\"https:\\\/\\\/diarioprincipios.com\\\/?s={search_term_string}\"},\"query-input\":{\"@type\":\"PropertyValueSpecification\",\"valueRequired\":true,\"valueName\":\"search_term_string\"}}],\"inLanguage\":\"es\"},{\"@type\":\"Organization\",\"@id\":\"https:\\\/\\\/diarioprincipios.com\\\/#organization\",\"name\":\"Principios\",\"url\":\"https:\\\/\\\/diarioprincipios.com\\\/\",\"logo\":{\"@type\":\"ImageObject\",\"inLanguage\":\"es\",\"@id\":\"https:\\\/\\\/diarioprincipios.com\\\/#\\\/schema\\\/logo\\\/image\\\/\",\"url\":\"https:\\\/\\\/diarioprincipios.com\\\/wp-content\\\/uploads\\\/2024\\\/04\\\/cropped-www.diarioprincipios.com_-1.png\",\"contentUrl\":\"https:\\\/\\\/diarioprincipios.com\\\/wp-content\\\/uploads\\\/2024\\\/04\\\/cropped-www.diarioprincipios.com_-1.png\",\"width\":5325,\"height\":1454,\"caption\":\"Principios\"},\"image\":{\"@id\":\"https:\\\/\\\/diarioprincipios.com\\\/#\\\/schema\\\/logo\\\/image\\\/\"}},{\"@type\":\"Person\",\"@id\":\"https:\\\/\\\/diarioprincipios.com\\\/#\\\/schema\\\/person\\\/436d5a1fd41a5e250e23ff5a6a7cb080\",\"name\":\"Hern\u00e1n L\u00f3pez\",\"image\":{\"@type\":\"ImageObject\",\"inLanguage\":\"es\",\"@id\":\"https:\\\/\\\/diarioprincipios.com\\\/wp-content\\\/litespeed\\\/avatar\\\/11ddfe5610ff3bd100522525b2571f48.jpg?ver=1777048341\",\"url\":\"https:\\\/\\\/diarioprincipios.com\\\/wp-content\\\/litespeed\\\/avatar\\\/11ddfe5610ff3bd100522525b2571f48.jpg?ver=1777048341\",\"contentUrl\":\"https:\\\/\\\/diarioprincipios.com\\\/wp-content\\\/litespeed\\\/avatar\\\/11ddfe5610ff3bd100522525b2571f48.jpg?ver=1777048341\",\"caption\":\"Hern\u00e1n L\u00f3pez\"},\"url\":\"https:\\\/\\\/diarioprincipios.com\\\/index.php\\\/author\\\/hernan\\\/\"}]}<\/script>\n<!-- \/ Yoast SEO plugin. -->","yoast_head_json":{"title":"Precios solidarios en panader\u00edas de la ciudad - Principios","robots":{"index":"index","follow":"follow","max-snippet":"max-snippet:-1","max-image-preview":"max-image-preview:large","max-video-preview":"max-video-preview:-1"},"canonical":"https:\/\/diarioprincipios.com\/index.php\/2020\/09\/03\/precios-solidarios-en-panaderias-de-la-ciudad\/","og_locale":"es_ES","og_type":"article","og_title":"Precios solidarios en panader\u00edas de la ciudad - Principios","og_description":"Con el objetivo de llevar a cabo pol\u00edticas de intervenci\u00f3n para evitar el exceso de precios en alimentos de panader\u00eda y poder cuidar la econom\u00eda de las familias de Berazategui, la Municipalidad, a trav\u00e9s de la Secretar\u00eda de Trabajo, confecciona listados de precios solidarios en panader\u00edas para que todos puedan acceder a productos frescos, variados,...","og_url":"https:\/\/diarioprincipios.com\/index.php\/2020\/09\/03\/precios-solidarios-en-panaderias-de-la-ciudad\/","og_site_name":"Principios","article_published_time":"2020-09-03T15:52:09+00:00","article_modified_time":"2020-09-03T15:52:13+00:00","og_image":[{"width":800,"height":400,"url":"https:\/\/diarioprincipios.com\/wp-content\/uploads\/2020\/09\/PRECIOS-SOLIDARIOS-EN-PANADERIAS-DE-LA-CIUDAD.jpg","type":"image\/jpeg"}],"author":"Hern\u00e1n L\u00f3pez","twitter_card":"summary_large_image","twitter_misc":{"Escrito por":"Hern\u00e1n L\u00f3pez","Tiempo de lectura":"1 minuto"},"schema":{"@context":"https:\/\/schema.org","@graph":[{"@type":"Article","@id":"https:\/\/diarioprincipios.com\/index.php\/2020\/09\/03\/precios-solidarios-en-panaderias-de-la-ciudad\/#article","isPartOf":{"@id":"https:\/\/diarioprincipios.com\/index.php\/2020\/09\/03\/precios-solidarios-en-panaderias-de-la-ciudad\/"},"author":{"name":"Hern\u00e1n L\u00f3pez","@id":"https:\/\/diarioprincipios.com\/#\/schema\/person\/436d5a1fd41a5e250e23ff5a6a7cb080"},"headline":"Precios solidarios en panader\u00edas de la ciudad","datePublished":"2020-09-03T15:52:09+00:00","dateModified":"2020-09-03T15:52:13+00:00","mainEntityOfPage":{"@id":"https:\/\/diarioprincipios.com\/index.php\/2020\/09\/03\/precios-solidarios-en-panaderias-de-la-ciudad\/"},"wordCount":281,"commentCount":0,"publisher":{"@id":"https:\/\/diarioprincipios.com\/#organization"},"image":{"@id":"https:\/\/diarioprincipios.com\/index.php\/2020\/09\/03\/precios-solidarios-en-panaderias-de-la-ciudad\/#primaryimage"},"thumbnailUrl":"https:\/\/diarioprincipios.com\/wp-content\/uploads\/2020\/09\/PRECIOS-SOLIDARIOS-EN-PANADERIAS-DE-LA-CIUDAD.jpg","articleSection":["Berazategui"],"inLanguage":"es","potentialAction":[{"@type":"CommentAction","name":"Comment","target":["https:\/\/diarioprincipios.com\/index.php\/2020\/09\/03\/precios-solidarios-en-panaderias-de-la-ciudad\/#respond"]}]},{"@type":"WebPage","@id":"https:\/\/diarioprincipios.com\/index.php\/2020\/09\/03\/precios-solidarios-en-panaderias-de-la-ciudad\/","url":"https:\/\/diarioprincipios.com\/index.php\/2020\/09\/03\/precios-solidarios-en-panaderias-de-la-ciudad\/","name":"Precios solidarios en panader\u00edas de la ciudad - Principios","isPartOf":{"@id":"https:\/\/diarioprincipios.com\/#website"},"primaryImageOfPage":{"@id":"https:\/\/diarioprincipios.com\/index.php\/2020\/09\/03\/precios-solidarios-en-panaderias-de-la-ciudad\/#primaryimage"},"image":{"@id":"https:\/\/diarioprincipios.com\/index.php\/2020\/09\/03\/precios-solidarios-en-panaderias-de-la-ciudad\/#primaryimage"},"thumbnailUrl":"https:\/\/diarioprincipios.com\/wp-content\/uploads\/2020\/09\/PRECIOS-SOLIDARIOS-EN-PANADERIAS-DE-LA-CIUDAD.jpg","datePublished":"2020-09-03T15:52:09+00:00","dateModified":"2020-09-03T15:52:13+00:00","breadcrumb":{"@id":"https:\/\/diarioprincipios.com\/index.php\/2020\/09\/03\/precios-solidarios-en-panaderias-de-la-ciudad\/#breadcrumb"},"inLanguage":"es","potentialAction":[{"@type":"ReadAction","target":["https:\/\/diarioprincipios.com\/index.php\/2020\/09\/03\/precios-solidarios-en-panaderias-de-la-ciudad\/"]}]},{"@type":"ImageObject","inLanguage":"es","@id":"https:\/\/diarioprincipios.com\/index.php\/2020\/09\/03\/precios-solidarios-en-panaderias-de-la-ciudad\/#primaryimage","url":"https:\/\/diarioprincipios.com\/wp-content\/uploads\/2020\/09\/PRECIOS-SOLIDARIOS-EN-PANADERIAS-DE-LA-CIUDAD.jpg","contentUrl":"https:\/\/diarioprincipios.com\/wp-content\/uploads\/2020\/09\/PRECIOS-SOLIDARIOS-EN-PANADERIAS-DE-LA-CIUDAD.jpg","width":800,"height":400},{"@type":"BreadcrumbList","@id":"https:\/\/diarioprincipios.com\/index.php\/2020\/09\/03\/precios-solidarios-en-panaderias-de-la-ciudad\/#breadcrumb","itemListElement":[{"@type":"ListItem","position":1,"name":"Portada","item":"https:\/\/diarioprincipios.com\/"},{"@type":"ListItem","position":2,"name":"Precios solidarios en panader\u00edas de la ciudad"}]},{"@type":"WebSite","@id":"https:\/\/diarioprincipios.com\/#website","url":"https:\/\/diarioprincipios.com\/","name":"Principios","description":"Principios Diario","publisher":{"@id":"https:\/\/diarioprincipios.com\/#organization"},"potentialAction":[{"@type":"SearchAction","target":{"@type":"EntryPoint","urlTemplate":"https:\/\/diarioprincipios.com\/?s={search_term_string}"},"query-input":{"@type":"PropertyValueSpecification","valueRequired":true,"valueName":"search_term_string"}}],"inLanguage":"es"},{"@type":"Organization","@id":"https:\/\/diarioprincipios.com\/#organization","name":"Principios","url":"https:\/\/diarioprincipios.com\/","logo":{"@type":"ImageObject","inLanguage":"es","@id":"https:\/\/diarioprincipios.com\/#\/schema\/logo\/image\/","url":"https:\/\/diarioprincipios.com\/wp-content\/uploads\/2024\/04\/cropped-www.diarioprincipios.com_-1.png","contentUrl":"https:\/\/diarioprincipios.com\/wp-content\/uploads\/2024\/04\/cropped-www.diarioprincipios.com_-1.png","width":5325,"height":1454,"caption":"Principios"},"image":{"@id":"https:\/\/diarioprincipios.com\/#\/schema\/logo\/image\/"}},{"@type":"Person","@id":"https:\/\/diarioprincipios.com\/#\/schema\/person\/436d5a1fd41a5e250e23ff5a6a7cb080","name":"Hern\u00e1n L\u00f3pez","image":{"@type":"ImageObject","inLanguage":"es","@id":"https:\/\/diarioprincipios.com\/wp-content\/litespeed\/avatar\/11ddfe5610ff3bd100522525b2571f48.jpg?ver=1777048341","url":"https:\/\/diarioprincipios.com\/wp-content\/litespeed\/avatar\/11ddfe5610ff3bd100522525b2571f48.jpg?ver=1777048341","contentUrl":"https:\/\/diarioprincipios.com\/wp-content\/litespeed\/avatar\/11ddfe5610ff3bd100522525b2571f48.jpg?ver=1777048341","caption":"Hern\u00e1n L\u00f3pez"},"url":"https:\/\/diarioprincipios.com\/index.php\/author\/hernan\/"}]}},"jetpack_featured_media_url":"https:\/\/diarioprincipios.com\/wp-content\/uploads\/2020\/09\/PRECIOS-SOLIDARIOS-EN-PANADERIAS-DE-LA-CIUDAD.jpg","_links":{"self":[{"href":"https:\/\/diarioprincipios.com\/index.php\/wp-json\/wp\/v2\/posts\/5235","targetHints":{"allow":["GET"]}}],"collection":[{"href":"https:\/\/diarioprincipios.com\/index.php\/wp-json\/wp\/v2\/posts"}],"about":[{"href":"https:\/\/diarioprincipios.com\/index.php\/wp-json\/wp\/v2\/types\/post"}],"author":[{"embeddable":true,"href":"https:\/\/diarioprincipios.com\/index.php\/wp-json\/wp\/v2\/users\/2"}],"replies":[{"embeddable":true,"href":"https:\/\/diarioprincipios.com\/index.php\/wp-json\/wp\/v2\/comments?post=5235"}],"version-history":[{"count":1,"href":"https:\/\/diarioprincipios.com\/index.php\/wp-json\/wp\/v2\/posts\/5235\/revisions"}],"predecessor-version":[{"id":5237,"href":"https:\/\/diarioprincipios.com\/index.php\/wp-json\/wp\/v2\/posts\/5235\/revisions\/5237"}],"wp:featuredmedia":[{"embeddable":true,"href":"https:\/\/diarioprincipios.com\/index.php\/wp-json\/wp\/v2\/media\/5236"}],"wp:attachment":[{"href":"https:\/\/diarioprincipios.com\/index.php\/wp-json\/wp\/v2\/media?parent=5235"}],"wp:term":[{"taxonomy":"category","embeddable":true,"href":"https:\/\/diarioprincipios.com\/index.php\/wp-json\/wp\/v2\/categories?post=5235"},{"taxonomy":"post_tag","embeddable":true,"href":"https:\/\/diarioprincipios.com\/index.php\/wp-json\/wp\/v2\/tags?post=5235"}],"curies":[{"name":"wp","href":"https:\/\/api.w.org\/{rel}","templated":true}]}}