{"id":5187,"date":"2020-09-01T16:31:20","date_gmt":"2020-09-01T19:31:20","guid":{"rendered":"http:\/\/diarioprincipios.com\/?p=5187"},"modified":"2020-09-01T16:31:25","modified_gmt":"2020-09-01T19:31:25","slug":"desde-el-viernes-los-platenses-podran-ver-cine-teatro-y-recitales-desde-su-automovil","status":"publish","type":"post","link":"https:\/\/diarioprincipios.com\/index.php\/2020\/09\/01\/desde-el-viernes-los-platenses-podran-ver-cine-teatro-y-recitales-desde-su-automovil\/","title":{"rendered":"Desde el viernes, los platenses podr\u00e1n ver cine, teatro y recitales desde su autom\u00f3vil"},"content":{"rendered":"\n<p>Desde el pr\u00f3ximo viernes 4 de septiembre, los habitantes de La Plata podr\u00e1n concurrir a la Rep\u00fablica de los Ni\u00f1os para ver cine, o\u00edr a bandas musicales y hasta ver funciones de teatro desde su autom\u00f3vil y con estrictos protocolos de seguridad sanitaria, inform\u00f3 la municipalidad platense.<\/p>\n\n\n\n<p>\u00abDesarrollamos una propuesta innovadora, que permitir\u00e1 disfrutar de pel\u00edculas, bandas musicales y hasta actuaciones de teatro sin salir del autom\u00f3vil, y pudiendo cumplir con todos los protocolos sanitarios correspondientes\u00bb, explic\u00f3 el Secretario de Cultura y Educaci\u00f3n de la Comuna, Martiniano Ferrer Picado, que est\u00e1 a cargo del proyecto \u00abAuto Flap\u00bb, una iniciativa que permitir\u00e1, de jueves a domingo, ver cine en el emblem\u00e1tico paseo del Camino General Belgrano y 501, en La Plata.<\/p>\n\n\n\n<p>Seg\u00fan se anticip\u00f3, a trav\u00e9s del sitio web https:\/\/autoflap.com.ar\/, los vecinos ya pueden adquirir sus entradas y conocer el cronograma de propuestas que el \u00abAuto Flap\u00bb ofrecer\u00e1 con distintas alternativas y horarios.<\/p>\n\n\n\n<p>Se aclar\u00f3 que en primera instancia se desarrollar\u00e1 el Cine m\u00f3vil, que iniciar\u00e1 a partir del pr\u00f3ximo viernes; al tiempo que desde el Municipio anticiparon que ya se est\u00e1 trabajando para sumar de forma progresiva y con los permisos correspondientes a bandas de m\u00fasica y grupos de teatro.<\/p>\n\n\n\n<p>\u00abLa propuesta prev\u00e9 cumplir con todos los protocolos, sabemos que su desarrollo ser\u00e1 gradual ya que dependemos de las autorizaciones que expide la Naci\u00f3n y la Provincia para cada actividad, es por eso que iniciaremos con el cine, pero tendremos todo armado para cuando el teatro y las bandas puedan volver a los escenarios\u00bb, a\u00f1adi\u00f3 Ferrer Pircado.<\/p>\n\n\n\n<p>\u00abCreemos que puede ser una gran oportunidad para retomar de forma progresiva la actividad cultural en la ciudad\u00bb, consider\u00f3 el funcionario; y remarc\u00f3 que \u00absabemos el gran esfuerzo que han significado todos estos meses de estricto aislamiento para el sector, es por eso que buscamos esta alternativa para que puedan volver a los escenarios los artistas platenses\u00bb.<\/p>\n\n\n\n<p>La comuna precis\u00f3 que de jueves a domingo solo est\u00e1 permitido el ingreso de personas con veh\u00edculos y detall\u00f3 que se podr\u00e1 entrar una hora antes del comienzo de la funci\u00f3n y con la entrada ya adquirida.<\/p>\n\n\n\n<p>Una vez realizada la compra del ticket, le llegar\u00e1 al usuario un mail con la confirmaci\u00f3n; mientras que en el ingreso se le escanear\u00e1 el QR de la entrada. De esta manera, queda prohibido vender entradas en el lugar, ya que las mismas solo se pueden adquirir desde https:\/\/autoflap.com.ar\/.<\/p>\n\n\n\n<p>Para disfrutar de las propuestas de cine, ser\u00e1 imprescindible que todos los veh\u00edculos que asistan cuenten con est\u00e9reo, ya que al llegar al predio el p\u00fablico recibir\u00e1 indicaciones sobre que dial sintonizar para poder escuchar el sonido a trav\u00e9s de sus propios parlantes.<\/p>\n\n\n\n<p>Entre otras atracciones, la jornada contar\u00e1 con un puesto gastron\u00f3mico, el cual dispondr\u00e1 de un servicio de delivery v\u00eda WhatsApp para que el p\u00fablico haga su encargo y disfrute de diversas comidas sin bajar del autom\u00f3vil.<\/p>\n","protected":false},"excerpt":{"rendered":"<p>Desde el pr\u00f3ximo viernes 4 de septiembre, los habitantes de La Plata podr\u00e1n concurrir a la Rep\u00fablica de los Ni\u00f1os para ver cine, o\u00edr a bandas musicales y hasta ver funciones de teatro desde su autom\u00f3vil y con estrictos protocolos de seguridad sanitaria, inform\u00f3 la municipalidad platense. \u00abDesarrollamos una propuesta innovadora, que permitir\u00e1 disfrutar de&#8230;<\/p>\n","protected":false},"author":2,"featured_media":5188,"comment_status":"open","ping_status":"open","sticky":false,"template":"","format":"standard","meta":{"footnotes":""},"categories":[7],"tags":[],"class_list":["post-5187","post","type-post","status-publish","format-standard","has-post-thumbnail","hentry","category-provincia"],"featured_image_src":"https:\/\/diarioprincipios.com\/wp-content\/uploads\/2020\/09\/29052020_072546.jpg","blog_images":{"medium":"https:\/\/diarioprincipios.com\/wp-content\/uploads\/2020\/09\/29052020_072546-300x169.jpg","large":"https:\/\/diarioprincipios.com\/wp-content\/uploads\/2020\/09\/29052020_072546.jpg"},"ams_acf":[],"yoast_head":"<!-- This site is optimized with the Yoast SEO plugin v27.3 - https:\/\/yoast.com\/product\/yoast-seo-wordpress\/ -->\n<title>Desde el viernes, los platenses podr\u00e1n ver cine, teatro y recitales desde su autom\u00f3vil - Principios<\/title>\n<meta name=\"robots\" content=\"index, follow, max-snippet:-1, max-image-preview:large, max-video-preview:-1\" \/>\n<link rel=\"canonical\" href=\"https:\/\/diarioprincipios.com\/index.php\/2020\/09\/01\/desde-el-viernes-los-platenses-podran-ver-cine-teatro-y-recitales-desde-su-automovil\/\" \/>\n<meta property=\"og:locale\" content=\"es_ES\" \/>\n<meta property=\"og:type\" content=\"article\" \/>\n<meta property=\"og:title\" content=\"Desde el viernes, los platenses podr\u00e1n ver cine, teatro y recitales desde su autom\u00f3vil - Principios\" \/>\n<meta property=\"og:description\" content=\"Desde el pr\u00f3ximo viernes 4 de septiembre, los habitantes de La Plata podr\u00e1n concurrir a la Rep\u00fablica de los Ni\u00f1os para ver cine, o\u00edr a bandas musicales y hasta ver funciones de teatro desde su autom\u00f3vil y con estrictos protocolos de seguridad sanitaria, inform\u00f3 la municipalidad platense. \u00abDesarrollamos una propuesta innovadora, que permitir\u00e1 disfrutar de...\" \/>\n<meta property=\"og:url\" content=\"https:\/\/diarioprincipios.com\/index.php\/2020\/09\/01\/desde-el-viernes-los-platenses-podran-ver-cine-teatro-y-recitales-desde-su-automovil\/\" \/>\n<meta property=\"og:site_name\" content=\"Principios\" \/>\n<meta property=\"article:published_time\" content=\"2020-09-01T19:31:20+00:00\" \/>\n<meta property=\"article:modified_time\" content=\"2020-09-01T19:31:25+00:00\" \/>\n<meta property=\"og:image\" content=\"https:\/\/diarioprincipios.com\/wp-content\/uploads\/2020\/09\/29052020_072546.jpg\" \/>\n\t<meta property=\"og:image:width\" content=\"1024\" \/>\n\t<meta property=\"og:image:height\" content=\"576\" \/>\n\t<meta property=\"og:image:type\" content=\"image\/jpeg\" \/>\n<meta name=\"author\" content=\"Hern\u00e1n L\u00f3pez\" \/>\n<meta name=\"twitter:card\" content=\"summary_large_image\" \/>\n<meta name=\"twitter:label1\" content=\"Escrito por\" \/>\n\t<meta name=\"twitter:data1\" content=\"Hern\u00e1n L\u00f3pez\" \/>\n\t<meta name=\"twitter:label2\" content=\"Tiempo de lectura\" \/>\n\t<meta name=\"twitter:data2\" content=\"3 minutos\" \/>\n<script type=\"application\/ld+json\" class=\"yoast-schema-graph\">{\"@context\":\"https:\\\/\\\/schema.org\",\"@graph\":[{\"@type\":\"Article\",\"@id\":\"https:\\\/\\\/diarioprincipios.com\\\/index.php\\\/2020\\\/09\\\/01\\\/desde-el-viernes-los-platenses-podran-ver-cine-teatro-y-recitales-desde-su-automovil\\\/#article\",\"isPartOf\":{\"@id\":\"https:\\\/\\\/diarioprincipios.com\\\/index.php\\\/2020\\\/09\\\/01\\\/desde-el-viernes-los-platenses-podran-ver-cine-teatro-y-recitales-desde-su-automovil\\\/\"},\"author\":{\"name\":\"Hern\u00e1n L\u00f3pez\",\"@id\":\"https:\\\/\\\/diarioprincipios.com\\\/#\\\/schema\\\/person\\\/436d5a1fd41a5e250e23ff5a6a7cb080\"},\"headline\":\"Desde el viernes, los platenses podr\u00e1n ver cine, teatro y recitales desde su autom\u00f3vil\",\"datePublished\":\"2020-09-01T19:31:20+00:00\",\"dateModified\":\"2020-09-01T19:31:25+00:00\",\"mainEntityOfPage\":{\"@id\":\"https:\\\/\\\/diarioprincipios.com\\\/index.php\\\/2020\\\/09\\\/01\\\/desde-el-viernes-los-platenses-podran-ver-cine-teatro-y-recitales-desde-su-automovil\\\/\"},\"wordCount\":527,\"commentCount\":0,\"publisher\":{\"@id\":\"https:\\\/\\\/diarioprincipios.com\\\/#organization\"},\"image\":{\"@id\":\"https:\\\/\\\/diarioprincipios.com\\\/index.php\\\/2020\\\/09\\\/01\\\/desde-el-viernes-los-platenses-podran-ver-cine-teatro-y-recitales-desde-su-automovil\\\/#primaryimage\"},\"thumbnailUrl\":\"https:\\\/\\\/diarioprincipios.com\\\/wp-content\\\/uploads\\\/2020\\\/09\\\/29052020_072546.jpg\",\"articleSection\":[\"Provincia\"],\"inLanguage\":\"es\",\"potentialAction\":[{\"@type\":\"CommentAction\",\"name\":\"Comment\",\"target\":[\"https:\\\/\\\/diarioprincipios.com\\\/index.php\\\/2020\\\/09\\\/01\\\/desde-el-viernes-los-platenses-podran-ver-cine-teatro-y-recitales-desde-su-automovil\\\/#respond\"]}]},{\"@type\":\"WebPage\",\"@id\":\"https:\\\/\\\/diarioprincipios.com\\\/index.php\\\/2020\\\/09\\\/01\\\/desde-el-viernes-los-platenses-podran-ver-cine-teatro-y-recitales-desde-su-automovil\\\/\",\"url\":\"https:\\\/\\\/diarioprincipios.com\\\/index.php\\\/2020\\\/09\\\/01\\\/desde-el-viernes-los-platenses-podran-ver-cine-teatro-y-recitales-desde-su-automovil\\\/\",\"name\":\"Desde el viernes, los platenses podr\u00e1n ver cine, teatro y recitales desde su autom\u00f3vil - Principios\",\"isPartOf\":{\"@id\":\"https:\\\/\\\/diarioprincipios.com\\\/#website\"},\"primaryImageOfPage\":{\"@id\":\"https:\\\/\\\/diarioprincipios.com\\\/index.php\\\/2020\\\/09\\\/01\\\/desde-el-viernes-los-platenses-podran-ver-cine-teatro-y-recitales-desde-su-automovil\\\/#primaryimage\"},\"image\":{\"@id\":\"https:\\\/\\\/diarioprincipios.com\\\/index.php\\\/2020\\\/09\\\/01\\\/desde-el-viernes-los-platenses-podran-ver-cine-teatro-y-recitales-desde-su-automovil\\\/#primaryimage\"},\"thumbnailUrl\":\"https:\\\/\\\/diarioprincipios.com\\\/wp-content\\\/uploads\\\/2020\\\/09\\\/29052020_072546.jpg\",\"datePublished\":\"2020-09-01T19:31:20+00:00\",\"dateModified\":\"2020-09-01T19:31:25+00:00\",\"breadcrumb\":{\"@id\":\"https:\\\/\\\/diarioprincipios.com\\\/index.php\\\/2020\\\/09\\\/01\\\/desde-el-viernes-los-platenses-podran-ver-cine-teatro-y-recitales-desde-su-automovil\\\/#breadcrumb\"},\"inLanguage\":\"es\",\"potentialAction\":[{\"@type\":\"ReadAction\",\"target\":[\"https:\\\/\\\/diarioprincipios.com\\\/index.php\\\/2020\\\/09\\\/01\\\/desde-el-viernes-los-platenses-podran-ver-cine-teatro-y-recitales-desde-su-automovil\\\/\"]}]},{\"@type\":\"ImageObject\",\"inLanguage\":\"es\",\"@id\":\"https:\\\/\\\/diarioprincipios.com\\\/index.php\\\/2020\\\/09\\\/01\\\/desde-el-viernes-los-platenses-podran-ver-cine-teatro-y-recitales-desde-su-automovil\\\/#primaryimage\",\"url\":\"https:\\\/\\\/diarioprincipios.com\\\/wp-content\\\/uploads\\\/2020\\\/09\\\/29052020_072546.jpg\",\"contentUrl\":\"https:\\\/\\\/diarioprincipios.com\\\/wp-content\\\/uploads\\\/2020\\\/09\\\/29052020_072546.jpg\",\"width\":1024,\"height\":576},{\"@type\":\"BreadcrumbList\",\"@id\":\"https:\\\/\\\/diarioprincipios.com\\\/index.php\\\/2020\\\/09\\\/01\\\/desde-el-viernes-los-platenses-podran-ver-cine-teatro-y-recitales-desde-su-automovil\\\/#breadcrumb\",\"itemListElement\":[{\"@type\":\"ListItem\",\"position\":1,\"name\":\"Portada\",\"item\":\"https:\\\/\\\/diarioprincipios.com\\\/\"},{\"@type\":\"ListItem\",\"position\":2,\"name\":\"Desde el viernes, los platenses podr\u00e1n ver cine, teatro y recitales desde su autom\u00f3vil\"}]},{\"@type\":\"WebSite\",\"@id\":\"https:\\\/\\\/diarioprincipios.com\\\/#website\",\"url\":\"https:\\\/\\\/diarioprincipios.com\\\/\",\"name\":\"Principios\",\"description\":\"Principios Diario\",\"publisher\":{\"@id\":\"https:\\\/\\\/diarioprincipios.com\\\/#organization\"},\"potentialAction\":[{\"@type\":\"SearchAction\",\"target\":{\"@type\":\"EntryPoint\",\"urlTemplate\":\"https:\\\/\\\/diarioprincipios.com\\\/?s={search_term_string}\"},\"query-input\":{\"@type\":\"PropertyValueSpecification\",\"valueRequired\":true,\"valueName\":\"search_term_string\"}}],\"inLanguage\":\"es\"},{\"@type\":\"Organization\",\"@id\":\"https:\\\/\\\/diarioprincipios.com\\\/#organization\",\"name\":\"Principios\",\"url\":\"https:\\\/\\\/diarioprincipios.com\\\/\",\"logo\":{\"@type\":\"ImageObject\",\"inLanguage\":\"es\",\"@id\":\"https:\\\/\\\/diarioprincipios.com\\\/#\\\/schema\\\/logo\\\/image\\\/\",\"url\":\"https:\\\/\\\/diarioprincipios.com\\\/wp-content\\\/uploads\\\/2024\\\/04\\\/cropped-www.diarioprincipios.com_-1.png\",\"contentUrl\":\"https:\\\/\\\/diarioprincipios.com\\\/wp-content\\\/uploads\\\/2024\\\/04\\\/cropped-www.diarioprincipios.com_-1.png\",\"width\":5325,\"height\":1454,\"caption\":\"Principios\"},\"image\":{\"@id\":\"https:\\\/\\\/diarioprincipios.com\\\/#\\\/schema\\\/logo\\\/image\\\/\"}},{\"@type\":\"Person\",\"@id\":\"https:\\\/\\\/diarioprincipios.com\\\/#\\\/schema\\\/person\\\/436d5a1fd41a5e250e23ff5a6a7cb080\",\"name\":\"Hern\u00e1n L\u00f3pez\",\"image\":{\"@type\":\"ImageObject\",\"inLanguage\":\"es\",\"@id\":\"https:\\\/\\\/diarioprincipios.com\\\/wp-content\\\/litespeed\\\/avatar\\\/11ddfe5610ff3bd100522525b2571f48.jpg?ver=1777048341\",\"url\":\"https:\\\/\\\/diarioprincipios.com\\\/wp-content\\\/litespeed\\\/avatar\\\/11ddfe5610ff3bd100522525b2571f48.jpg?ver=1777048341\",\"contentUrl\":\"https:\\\/\\\/diarioprincipios.com\\\/wp-content\\\/litespeed\\\/avatar\\\/11ddfe5610ff3bd100522525b2571f48.jpg?ver=1777048341\",\"caption\":\"Hern\u00e1n L\u00f3pez\"},\"url\":\"https:\\\/\\\/diarioprincipios.com\\\/index.php\\\/author\\\/hernan\\\/\"}]}<\/script>\n<!-- \/ Yoast SEO plugin. -->","yoast_head_json":{"title":"Desde el viernes, los platenses podr\u00e1n ver cine, teatro y recitales desde su autom\u00f3vil - Principios","robots":{"index":"index","follow":"follow","max-snippet":"max-snippet:-1","max-image-preview":"max-image-preview:large","max-video-preview":"max-video-preview:-1"},"canonical":"https:\/\/diarioprincipios.com\/index.php\/2020\/09\/01\/desde-el-viernes-los-platenses-podran-ver-cine-teatro-y-recitales-desde-su-automovil\/","og_locale":"es_ES","og_type":"article","og_title":"Desde el viernes, los platenses podr\u00e1n ver cine, teatro y recitales desde su autom\u00f3vil - Principios","og_description":"Desde el pr\u00f3ximo viernes 4 de septiembre, los habitantes de La Plata podr\u00e1n concurrir a la Rep\u00fablica de los Ni\u00f1os para ver cine, o\u00edr a bandas musicales y hasta ver funciones de teatro desde su autom\u00f3vil y con estrictos protocolos de seguridad sanitaria, inform\u00f3 la municipalidad platense. \u00abDesarrollamos una propuesta innovadora, que permitir\u00e1 disfrutar de...","og_url":"https:\/\/diarioprincipios.com\/index.php\/2020\/09\/01\/desde-el-viernes-los-platenses-podran-ver-cine-teatro-y-recitales-desde-su-automovil\/","og_site_name":"Principios","article_published_time":"2020-09-01T19:31:20+00:00","article_modified_time":"2020-09-01T19:31:25+00:00","og_image":[{"width":1024,"height":576,"url":"https:\/\/diarioprincipios.com\/wp-content\/uploads\/2020\/09\/29052020_072546.jpg","type":"image\/jpeg"}],"author":"Hern\u00e1n L\u00f3pez","twitter_card":"summary_large_image","twitter_misc":{"Escrito por":"Hern\u00e1n L\u00f3pez","Tiempo de lectura":"3 minutos"},"schema":{"@context":"https:\/\/schema.org","@graph":[{"@type":"Article","@id":"https:\/\/diarioprincipios.com\/index.php\/2020\/09\/01\/desde-el-viernes-los-platenses-podran-ver-cine-teatro-y-recitales-desde-su-automovil\/#article","isPartOf":{"@id":"https:\/\/diarioprincipios.com\/index.php\/2020\/09\/01\/desde-el-viernes-los-platenses-podran-ver-cine-teatro-y-recitales-desde-su-automovil\/"},"author":{"name":"Hern\u00e1n L\u00f3pez","@id":"https:\/\/diarioprincipios.com\/#\/schema\/person\/436d5a1fd41a5e250e23ff5a6a7cb080"},"headline":"Desde el viernes, los platenses podr\u00e1n ver cine, teatro y recitales desde su autom\u00f3vil","datePublished":"2020-09-01T19:31:20+00:00","dateModified":"2020-09-01T19:31:25+00:00","mainEntityOfPage":{"@id":"https:\/\/diarioprincipios.com\/index.php\/2020\/09\/01\/desde-el-viernes-los-platenses-podran-ver-cine-teatro-y-recitales-desde-su-automovil\/"},"wordCount":527,"commentCount":0,"publisher":{"@id":"https:\/\/diarioprincipios.com\/#organization"},"image":{"@id":"https:\/\/diarioprincipios.com\/index.php\/2020\/09\/01\/desde-el-viernes-los-platenses-podran-ver-cine-teatro-y-recitales-desde-su-automovil\/#primaryimage"},"thumbnailUrl":"https:\/\/diarioprincipios.com\/wp-content\/uploads\/2020\/09\/29052020_072546.jpg","articleSection":["Provincia"],"inLanguage":"es","potentialAction":[{"@type":"CommentAction","name":"Comment","target":["https:\/\/diarioprincipios.com\/index.php\/2020\/09\/01\/desde-el-viernes-los-platenses-podran-ver-cine-teatro-y-recitales-desde-su-automovil\/#respond"]}]},{"@type":"WebPage","@id":"https:\/\/diarioprincipios.com\/index.php\/2020\/09\/01\/desde-el-viernes-los-platenses-podran-ver-cine-teatro-y-recitales-desde-su-automovil\/","url":"https:\/\/diarioprincipios.com\/index.php\/2020\/09\/01\/desde-el-viernes-los-platenses-podran-ver-cine-teatro-y-recitales-desde-su-automovil\/","name":"Desde el viernes, los platenses podr\u00e1n ver cine, teatro y recitales desde su autom\u00f3vil - Principios","isPartOf":{"@id":"https:\/\/diarioprincipios.com\/#website"},"primaryImageOfPage":{"@id":"https:\/\/diarioprincipios.com\/index.php\/2020\/09\/01\/desde-el-viernes-los-platenses-podran-ver-cine-teatro-y-recitales-desde-su-automovil\/#primaryimage"},"image":{"@id":"https:\/\/diarioprincipios.com\/index.php\/2020\/09\/01\/desde-el-viernes-los-platenses-podran-ver-cine-teatro-y-recitales-desde-su-automovil\/#primaryimage"},"thumbnailUrl":"https:\/\/diarioprincipios.com\/wp-content\/uploads\/2020\/09\/29052020_072546.jpg","datePublished":"2020-09-01T19:31:20+00:00","dateModified":"2020-09-01T19:31:25+00:00","breadcrumb":{"@id":"https:\/\/diarioprincipios.com\/index.php\/2020\/09\/01\/desde-el-viernes-los-platenses-podran-ver-cine-teatro-y-recitales-desde-su-automovil\/#breadcrumb"},"inLanguage":"es","potentialAction":[{"@type":"ReadAction","target":["https:\/\/diarioprincipios.com\/index.php\/2020\/09\/01\/desde-el-viernes-los-platenses-podran-ver-cine-teatro-y-recitales-desde-su-automovil\/"]}]},{"@type":"ImageObject","inLanguage":"es","@id":"https:\/\/diarioprincipios.com\/index.php\/2020\/09\/01\/desde-el-viernes-los-platenses-podran-ver-cine-teatro-y-recitales-desde-su-automovil\/#primaryimage","url":"https:\/\/diarioprincipios.com\/wp-content\/uploads\/2020\/09\/29052020_072546.jpg","contentUrl":"https:\/\/diarioprincipios.com\/wp-content\/uploads\/2020\/09\/29052020_072546.jpg","width":1024,"height":576},{"@type":"BreadcrumbList","@id":"https:\/\/diarioprincipios.com\/index.php\/2020\/09\/01\/desde-el-viernes-los-platenses-podran-ver-cine-teatro-y-recitales-desde-su-automovil\/#breadcrumb","itemListElement":[{"@type":"ListItem","position":1,"name":"Portada","item":"https:\/\/diarioprincipios.com\/"},{"@type":"ListItem","position":2,"name":"Desde el viernes, los platenses podr\u00e1n ver cine, teatro y recitales desde su autom\u00f3vil"}]},{"@type":"WebSite","@id":"https:\/\/diarioprincipios.com\/#website","url":"https:\/\/diarioprincipios.com\/","name":"Principios","description":"Principios Diario","publisher":{"@id":"https:\/\/diarioprincipios.com\/#organization"},"potentialAction":[{"@type":"SearchAction","target":{"@type":"EntryPoint","urlTemplate":"https:\/\/diarioprincipios.com\/?s={search_term_string}"},"query-input":{"@type":"PropertyValueSpecification","valueRequired":true,"valueName":"search_term_string"}}],"inLanguage":"es"},{"@type":"Organization","@id":"https:\/\/diarioprincipios.com\/#organization","name":"Principios","url":"https:\/\/diarioprincipios.com\/","logo":{"@type":"ImageObject","inLanguage":"es","@id":"https:\/\/diarioprincipios.com\/#\/schema\/logo\/image\/","url":"https:\/\/diarioprincipios.com\/wp-content\/uploads\/2024\/04\/cropped-www.diarioprincipios.com_-1.png","contentUrl":"https:\/\/diarioprincipios.com\/wp-content\/uploads\/2024\/04\/cropped-www.diarioprincipios.com_-1.png","width":5325,"height":1454,"caption":"Principios"},"image":{"@id":"https:\/\/diarioprincipios.com\/#\/schema\/logo\/image\/"}},{"@type":"Person","@id":"https:\/\/diarioprincipios.com\/#\/schema\/person\/436d5a1fd41a5e250e23ff5a6a7cb080","name":"Hern\u00e1n L\u00f3pez","image":{"@type":"ImageObject","inLanguage":"es","@id":"https:\/\/diarioprincipios.com\/wp-content\/litespeed\/avatar\/11ddfe5610ff3bd100522525b2571f48.jpg?ver=1777048341","url":"https:\/\/diarioprincipios.com\/wp-content\/litespeed\/avatar\/11ddfe5610ff3bd100522525b2571f48.jpg?ver=1777048341","contentUrl":"https:\/\/diarioprincipios.com\/wp-content\/litespeed\/avatar\/11ddfe5610ff3bd100522525b2571f48.jpg?ver=1777048341","caption":"Hern\u00e1n L\u00f3pez"},"url":"https:\/\/diarioprincipios.com\/index.php\/author\/hernan\/"}]}},"jetpack_featured_media_url":"https:\/\/diarioprincipios.com\/wp-content\/uploads\/2020\/09\/29052020_072546.jpg","_links":{"self":[{"href":"https:\/\/diarioprincipios.com\/index.php\/wp-json\/wp\/v2\/posts\/5187","targetHints":{"allow":["GET"]}}],"collection":[{"href":"https:\/\/diarioprincipios.com\/index.php\/wp-json\/wp\/v2\/posts"}],"about":[{"href":"https:\/\/diarioprincipios.com\/index.php\/wp-json\/wp\/v2\/types\/post"}],"author":[{"embeddable":true,"href":"https:\/\/diarioprincipios.com\/index.php\/wp-json\/wp\/v2\/users\/2"}],"replies":[{"embeddable":true,"href":"https:\/\/diarioprincipios.com\/index.php\/wp-json\/wp\/v2\/comments?post=5187"}],"version-history":[{"count":1,"href":"https:\/\/diarioprincipios.com\/index.php\/wp-json\/wp\/v2\/posts\/5187\/revisions"}],"predecessor-version":[{"id":5189,"href":"https:\/\/diarioprincipios.com\/index.php\/wp-json\/wp\/v2\/posts\/5187\/revisions\/5189"}],"wp:featuredmedia":[{"embeddable":true,"href":"https:\/\/diarioprincipios.com\/index.php\/wp-json\/wp\/v2\/media\/5188"}],"wp:attachment":[{"href":"https:\/\/diarioprincipios.com\/index.php\/wp-json\/wp\/v2\/media?parent=5187"}],"wp:term":[{"taxonomy":"category","embeddable":true,"href":"https:\/\/diarioprincipios.com\/index.php\/wp-json\/wp\/v2\/categories?post=5187"},{"taxonomy":"post_tag","embeddable":true,"href":"https:\/\/diarioprincipios.com\/index.php\/wp-json\/wp\/v2\/tags?post=5187"}],"curies":[{"name":"wp","href":"https:\/\/api.w.org\/{rel}","templated":true}]}}