{"id":517,"date":"2020-03-29T14:47:20","date_gmt":"2020-03-29T14:47:20","guid":{"rendered":"http:\/\/diarioprincipios.com\/?p=517"},"modified":"2020-03-29T14:47:22","modified_gmt":"2020-03-29T14:47:22","slug":"clausuran-empresa-avicola-por-remarcacion-abusiva-de-precios","status":"publish","type":"post","link":"https:\/\/diarioprincipios.com\/index.php\/2020\/03\/29\/clausuran-empresa-avicola-por-remarcacion-abusiva-de-precios\/","title":{"rendered":"Clausuran empresa av\u00edcola por remarcaci\u00f3n abusiva de precios"},"content":{"rendered":"\n<p> El Municipio de Quilmes clausur\u00f3 este fin de semana la empresa av\u00edcola Pluma Blanca, ubicada en Amoedo y Av La Plata, por la remarcaci\u00f3n abusiva de sus precios.<\/p>\n\n\n\n<p>La multa impuesta por la Intendenta Mayra Mendoza es una donaci\u00f3n de 100 mil pesos en kilos de pollo que ser\u00e1n utilizados en los m\u00e1s de 110 \u00abPuntos Solidarios\u00bb que est\u00e1n distribuidos en el &nbsp;distrito, donde vecinos y vecinas se alimentan diariamente.<\/p>\n\n\n\n<p>Con el objetivo de cuidar el bolsillo de los vecinos y vecinas de Quilmes, se realiz\u00f3 este operativo conjunto de la Secretar\u00eda Legal y T\u00e9cnica y la Agencia de Fiscalizaci\u00f3n y Control para hacer cumplir la Ley 24.240 de Defensa del Consumidor y el Usuario.<\/p>\n\n\n\n<p>\u00abEstamos pidiendo responsabilidad a todos los empresarios para que no especulen con la necesidad de la gente. Si no cumplen con lo dispuesto por el Gobierno Nacional se los proceder\u00e1 a clausurar.&nbsp; No es momento para vivos, es momento para ser solidarios\u00bb, afirm\u00f3 Mayra Mendoza.<\/p>\n\n\n\n<p><\/p>\n","protected":false},"excerpt":{"rendered":"<p>El Municipio de Quilmes clausur\u00f3 este fin de semana la empresa av\u00edcola Pluma Blanca, ubicada en Amoedo y Av La Plata, por la remarcaci\u00f3n abusiva de sus precios. La multa impuesta por la Intendenta Mayra Mendoza es una donaci\u00f3n de 100 mil pesos en kilos de pollo que ser\u00e1n utilizados en los m\u00e1s de 110&#8230;<\/p>\n","protected":false},"author":2,"featured_media":518,"comment_status":"open","ping_status":"open","sticky":false,"template":"","format":"standard","meta":{"footnotes":""},"categories":[4],"tags":[],"class_list":["post-517","post","type-post","status-publish","format-standard","has-post-thumbnail","hentry","category-quilmes"],"featured_image_src":"https:\/\/diarioprincipios.com\/wp-content\/uploads\/2020\/03\/CONTROLES-EN-COMERCIOS-2.jpeg","blog_images":{"medium":"https:\/\/diarioprincipios.com\/wp-content\/uploads\/2020\/03\/CONTROLES-EN-COMERCIOS-2-300x300.jpeg","large":"https:\/\/diarioprincipios.com\/wp-content\/uploads\/2020\/03\/CONTROLES-EN-COMERCIOS-2.jpeg"},"ams_acf":[],"yoast_head":"<!-- This site is optimized with the Yoast SEO plugin v27.3 - https:\/\/yoast.com\/product\/yoast-seo-wordpress\/ -->\n<title>Clausuran empresa av\u00edcola por remarcaci\u00f3n abusiva de precios - Principios<\/title>\n<meta name=\"robots\" content=\"index, follow, max-snippet:-1, max-image-preview:large, max-video-preview:-1\" \/>\n<link rel=\"canonical\" href=\"https:\/\/diarioprincipios.com\/index.php\/2020\/03\/29\/clausuran-empresa-avicola-por-remarcacion-abusiva-de-precios\/\" \/>\n<meta property=\"og:locale\" content=\"es_ES\" \/>\n<meta property=\"og:type\" content=\"article\" \/>\n<meta property=\"og:title\" content=\"Clausuran empresa av\u00edcola por remarcaci\u00f3n abusiva de precios - Principios\" \/>\n<meta property=\"og:description\" content=\"El Municipio de Quilmes clausur\u00f3 este fin de semana la empresa av\u00edcola Pluma Blanca, ubicada en Amoedo y Av La Plata, por la remarcaci\u00f3n abusiva de sus precios. La multa impuesta por la Intendenta Mayra Mendoza es una donaci\u00f3n de 100 mil pesos en kilos de pollo que ser\u00e1n utilizados en los m\u00e1s de 110...\" \/>\n<meta property=\"og:url\" content=\"https:\/\/diarioprincipios.com\/index.php\/2020\/03\/29\/clausuran-empresa-avicola-por-remarcacion-abusiva-de-precios\/\" \/>\n<meta property=\"og:site_name\" content=\"Principios\" \/>\n<meta property=\"article:published_time\" content=\"2020-03-29T14:47:20+00:00\" \/>\n<meta property=\"article:modified_time\" content=\"2020-03-29T14:47:22+00:00\" \/>\n<meta property=\"og:image\" content=\"https:\/\/diarioprincipios.com\/wp-content\/uploads\/2020\/03\/CONTROLES-EN-COMERCIOS-2.jpeg\" \/>\n\t<meta property=\"og:image:width\" content=\"958\" \/>\n\t<meta property=\"og:image:height\" content=\"958\" \/>\n\t<meta property=\"og:image:type\" content=\"image\/jpeg\" \/>\n<meta name=\"author\" content=\"Hern\u00e1n L\u00f3pez\" \/>\n<meta name=\"twitter:card\" content=\"summary_large_image\" \/>\n<meta name=\"twitter:label1\" content=\"Escrito por\" \/>\n\t<meta name=\"twitter:data1\" content=\"Hern\u00e1n L\u00f3pez\" \/>\n\t<meta name=\"twitter:label2\" content=\"Tiempo de lectura\" \/>\n\t<meta name=\"twitter:data2\" content=\"1 minuto\" \/>\n<script type=\"application\/ld+json\" class=\"yoast-schema-graph\">{\"@context\":\"https:\\\/\\\/schema.org\",\"@graph\":[{\"@type\":\"Article\",\"@id\":\"https:\\\/\\\/diarioprincipios.com\\\/index.php\\\/2020\\\/03\\\/29\\\/clausuran-empresa-avicola-por-remarcacion-abusiva-de-precios\\\/#article\",\"isPartOf\":{\"@id\":\"https:\\\/\\\/diarioprincipios.com\\\/index.php\\\/2020\\\/03\\\/29\\\/clausuran-empresa-avicola-por-remarcacion-abusiva-de-precios\\\/\"},\"author\":{\"name\":\"Hern\u00e1n L\u00f3pez\",\"@id\":\"https:\\\/\\\/diarioprincipios.com\\\/#\\\/schema\\\/person\\\/436d5a1fd41a5e250e23ff5a6a7cb080\"},\"headline\":\"Clausuran empresa av\u00edcola por remarcaci\u00f3n abusiva de precios\",\"datePublished\":\"2020-03-29T14:47:20+00:00\",\"dateModified\":\"2020-03-29T14:47:22+00:00\",\"mainEntityOfPage\":{\"@id\":\"https:\\\/\\\/diarioprincipios.com\\\/index.php\\\/2020\\\/03\\\/29\\\/clausuran-empresa-avicola-por-remarcacion-abusiva-de-precios\\\/\"},\"wordCount\":178,\"commentCount\":0,\"publisher\":{\"@id\":\"https:\\\/\\\/diarioprincipios.com\\\/#organization\"},\"image\":{\"@id\":\"https:\\\/\\\/diarioprincipios.com\\\/index.php\\\/2020\\\/03\\\/29\\\/clausuran-empresa-avicola-por-remarcacion-abusiva-de-precios\\\/#primaryimage\"},\"thumbnailUrl\":\"https:\\\/\\\/diarioprincipios.com\\\/wp-content\\\/uploads\\\/2020\\\/03\\\/CONTROLES-EN-COMERCIOS-2.jpeg\",\"articleSection\":[\"Quilmes\"],\"inLanguage\":\"es\",\"potentialAction\":[{\"@type\":\"CommentAction\",\"name\":\"Comment\",\"target\":[\"https:\\\/\\\/diarioprincipios.com\\\/index.php\\\/2020\\\/03\\\/29\\\/clausuran-empresa-avicola-por-remarcacion-abusiva-de-precios\\\/#respond\"]}]},{\"@type\":\"WebPage\",\"@id\":\"https:\\\/\\\/diarioprincipios.com\\\/index.php\\\/2020\\\/03\\\/29\\\/clausuran-empresa-avicola-por-remarcacion-abusiva-de-precios\\\/\",\"url\":\"https:\\\/\\\/diarioprincipios.com\\\/index.php\\\/2020\\\/03\\\/29\\\/clausuran-empresa-avicola-por-remarcacion-abusiva-de-precios\\\/\",\"name\":\"Clausuran empresa av\u00edcola por remarcaci\u00f3n abusiva de precios - Principios\",\"isPartOf\":{\"@id\":\"https:\\\/\\\/diarioprincipios.com\\\/#website\"},\"primaryImageOfPage\":{\"@id\":\"https:\\\/\\\/diarioprincipios.com\\\/index.php\\\/2020\\\/03\\\/29\\\/clausuran-empresa-avicola-por-remarcacion-abusiva-de-precios\\\/#primaryimage\"},\"image\":{\"@id\":\"https:\\\/\\\/diarioprincipios.com\\\/index.php\\\/2020\\\/03\\\/29\\\/clausuran-empresa-avicola-por-remarcacion-abusiva-de-precios\\\/#primaryimage\"},\"thumbnailUrl\":\"https:\\\/\\\/diarioprincipios.com\\\/wp-content\\\/uploads\\\/2020\\\/03\\\/CONTROLES-EN-COMERCIOS-2.jpeg\",\"datePublished\":\"2020-03-29T14:47:20+00:00\",\"dateModified\":\"2020-03-29T14:47:22+00:00\",\"breadcrumb\":{\"@id\":\"https:\\\/\\\/diarioprincipios.com\\\/index.php\\\/2020\\\/03\\\/29\\\/clausuran-empresa-avicola-por-remarcacion-abusiva-de-precios\\\/#breadcrumb\"},\"inLanguage\":\"es\",\"potentialAction\":[{\"@type\":\"ReadAction\",\"target\":[\"https:\\\/\\\/diarioprincipios.com\\\/index.php\\\/2020\\\/03\\\/29\\\/clausuran-empresa-avicola-por-remarcacion-abusiva-de-precios\\\/\"]}]},{\"@type\":\"ImageObject\",\"inLanguage\":\"es\",\"@id\":\"https:\\\/\\\/diarioprincipios.com\\\/index.php\\\/2020\\\/03\\\/29\\\/clausuran-empresa-avicola-por-remarcacion-abusiva-de-precios\\\/#primaryimage\",\"url\":\"https:\\\/\\\/diarioprincipios.com\\\/wp-content\\\/uploads\\\/2020\\\/03\\\/CONTROLES-EN-COMERCIOS-2.jpeg\",\"contentUrl\":\"https:\\\/\\\/diarioprincipios.com\\\/wp-content\\\/uploads\\\/2020\\\/03\\\/CONTROLES-EN-COMERCIOS-2.jpeg\",\"width\":958,\"height\":958},{\"@type\":\"BreadcrumbList\",\"@id\":\"https:\\\/\\\/diarioprincipios.com\\\/index.php\\\/2020\\\/03\\\/29\\\/clausuran-empresa-avicola-por-remarcacion-abusiva-de-precios\\\/#breadcrumb\",\"itemListElement\":[{\"@type\":\"ListItem\",\"position\":1,\"name\":\"Portada\",\"item\":\"https:\\\/\\\/diarioprincipios.com\\\/\"},{\"@type\":\"ListItem\",\"position\":2,\"name\":\"Clausuran empresa av\u00edcola por remarcaci\u00f3n abusiva de precios\"}]},{\"@type\":\"WebSite\",\"@id\":\"https:\\\/\\\/diarioprincipios.com\\\/#website\",\"url\":\"https:\\\/\\\/diarioprincipios.com\\\/\",\"name\":\"Principios\",\"description\":\"Principios Diario\",\"publisher\":{\"@id\":\"https:\\\/\\\/diarioprincipios.com\\\/#organization\"},\"potentialAction\":[{\"@type\":\"SearchAction\",\"target\":{\"@type\":\"EntryPoint\",\"urlTemplate\":\"https:\\\/\\\/diarioprincipios.com\\\/?s={search_term_string}\"},\"query-input\":{\"@type\":\"PropertyValueSpecification\",\"valueRequired\":true,\"valueName\":\"search_term_string\"}}],\"inLanguage\":\"es\"},{\"@type\":\"Organization\",\"@id\":\"https:\\\/\\\/diarioprincipios.com\\\/#organization\",\"name\":\"Principios\",\"url\":\"https:\\\/\\\/diarioprincipios.com\\\/\",\"logo\":{\"@type\":\"ImageObject\",\"inLanguage\":\"es\",\"@id\":\"https:\\\/\\\/diarioprincipios.com\\\/#\\\/schema\\\/logo\\\/image\\\/\",\"url\":\"https:\\\/\\\/diarioprincipios.com\\\/wp-content\\\/uploads\\\/2024\\\/04\\\/cropped-www.diarioprincipios.com_-1.png\",\"contentUrl\":\"https:\\\/\\\/diarioprincipios.com\\\/wp-content\\\/uploads\\\/2024\\\/04\\\/cropped-www.diarioprincipios.com_-1.png\",\"width\":5325,\"height\":1454,\"caption\":\"Principios\"},\"image\":{\"@id\":\"https:\\\/\\\/diarioprincipios.com\\\/#\\\/schema\\\/logo\\\/image\\\/\"}},{\"@type\":\"Person\",\"@id\":\"https:\\\/\\\/diarioprincipios.com\\\/#\\\/schema\\\/person\\\/436d5a1fd41a5e250e23ff5a6a7cb080\",\"name\":\"Hern\u00e1n L\u00f3pez\",\"image\":{\"@type\":\"ImageObject\",\"inLanguage\":\"es\",\"@id\":\"https:\\\/\\\/diarioprincipios.com\\\/wp-content\\\/litespeed\\\/avatar\\\/11ddfe5610ff3bd100522525b2571f48.jpg?ver=1777653193\",\"url\":\"https:\\\/\\\/diarioprincipios.com\\\/wp-content\\\/litespeed\\\/avatar\\\/11ddfe5610ff3bd100522525b2571f48.jpg?ver=1777653193\",\"contentUrl\":\"https:\\\/\\\/diarioprincipios.com\\\/wp-content\\\/litespeed\\\/avatar\\\/11ddfe5610ff3bd100522525b2571f48.jpg?ver=1777653193\",\"caption\":\"Hern\u00e1n L\u00f3pez\"},\"url\":\"https:\\\/\\\/diarioprincipios.com\\\/index.php\\\/author\\\/hernan\\\/\"}]}<\/script>\n<!-- \/ Yoast SEO plugin. -->","yoast_head_json":{"title":"Clausuran empresa av\u00edcola por remarcaci\u00f3n abusiva de precios - Principios","robots":{"index":"index","follow":"follow","max-snippet":"max-snippet:-1","max-image-preview":"max-image-preview:large","max-video-preview":"max-video-preview:-1"},"canonical":"https:\/\/diarioprincipios.com\/index.php\/2020\/03\/29\/clausuran-empresa-avicola-por-remarcacion-abusiva-de-precios\/","og_locale":"es_ES","og_type":"article","og_title":"Clausuran empresa av\u00edcola por remarcaci\u00f3n abusiva de precios - Principios","og_description":"El Municipio de Quilmes clausur\u00f3 este fin de semana la empresa av\u00edcola Pluma Blanca, ubicada en Amoedo y Av La Plata, por la remarcaci\u00f3n abusiva de sus precios. La multa impuesta por la Intendenta Mayra Mendoza es una donaci\u00f3n de 100 mil pesos en kilos de pollo que ser\u00e1n utilizados en los m\u00e1s de 110...","og_url":"https:\/\/diarioprincipios.com\/index.php\/2020\/03\/29\/clausuran-empresa-avicola-por-remarcacion-abusiva-de-precios\/","og_site_name":"Principios","article_published_time":"2020-03-29T14:47:20+00:00","article_modified_time":"2020-03-29T14:47:22+00:00","og_image":[{"width":958,"height":958,"url":"https:\/\/diarioprincipios.com\/wp-content\/uploads\/2020\/03\/CONTROLES-EN-COMERCIOS-2.jpeg","type":"image\/jpeg"}],"author":"Hern\u00e1n L\u00f3pez","twitter_card":"summary_large_image","twitter_misc":{"Escrito por":"Hern\u00e1n L\u00f3pez","Tiempo de lectura":"1 minuto"},"schema":{"@context":"https:\/\/schema.org","@graph":[{"@type":"Article","@id":"https:\/\/diarioprincipios.com\/index.php\/2020\/03\/29\/clausuran-empresa-avicola-por-remarcacion-abusiva-de-precios\/#article","isPartOf":{"@id":"https:\/\/diarioprincipios.com\/index.php\/2020\/03\/29\/clausuran-empresa-avicola-por-remarcacion-abusiva-de-precios\/"},"author":{"name":"Hern\u00e1n L\u00f3pez","@id":"https:\/\/diarioprincipios.com\/#\/schema\/person\/436d5a1fd41a5e250e23ff5a6a7cb080"},"headline":"Clausuran empresa av\u00edcola por remarcaci\u00f3n abusiva de precios","datePublished":"2020-03-29T14:47:20+00:00","dateModified":"2020-03-29T14:47:22+00:00","mainEntityOfPage":{"@id":"https:\/\/diarioprincipios.com\/index.php\/2020\/03\/29\/clausuran-empresa-avicola-por-remarcacion-abusiva-de-precios\/"},"wordCount":178,"commentCount":0,"publisher":{"@id":"https:\/\/diarioprincipios.com\/#organization"},"image":{"@id":"https:\/\/diarioprincipios.com\/index.php\/2020\/03\/29\/clausuran-empresa-avicola-por-remarcacion-abusiva-de-precios\/#primaryimage"},"thumbnailUrl":"https:\/\/diarioprincipios.com\/wp-content\/uploads\/2020\/03\/CONTROLES-EN-COMERCIOS-2.jpeg","articleSection":["Quilmes"],"inLanguage":"es","potentialAction":[{"@type":"CommentAction","name":"Comment","target":["https:\/\/diarioprincipios.com\/index.php\/2020\/03\/29\/clausuran-empresa-avicola-por-remarcacion-abusiva-de-precios\/#respond"]}]},{"@type":"WebPage","@id":"https:\/\/diarioprincipios.com\/index.php\/2020\/03\/29\/clausuran-empresa-avicola-por-remarcacion-abusiva-de-precios\/","url":"https:\/\/diarioprincipios.com\/index.php\/2020\/03\/29\/clausuran-empresa-avicola-por-remarcacion-abusiva-de-precios\/","name":"Clausuran empresa av\u00edcola por remarcaci\u00f3n abusiva de precios - Principios","isPartOf":{"@id":"https:\/\/diarioprincipios.com\/#website"},"primaryImageOfPage":{"@id":"https:\/\/diarioprincipios.com\/index.php\/2020\/03\/29\/clausuran-empresa-avicola-por-remarcacion-abusiva-de-precios\/#primaryimage"},"image":{"@id":"https:\/\/diarioprincipios.com\/index.php\/2020\/03\/29\/clausuran-empresa-avicola-por-remarcacion-abusiva-de-precios\/#primaryimage"},"thumbnailUrl":"https:\/\/diarioprincipios.com\/wp-content\/uploads\/2020\/03\/CONTROLES-EN-COMERCIOS-2.jpeg","datePublished":"2020-03-29T14:47:20+00:00","dateModified":"2020-03-29T14:47:22+00:00","breadcrumb":{"@id":"https:\/\/diarioprincipios.com\/index.php\/2020\/03\/29\/clausuran-empresa-avicola-por-remarcacion-abusiva-de-precios\/#breadcrumb"},"inLanguage":"es","potentialAction":[{"@type":"ReadAction","target":["https:\/\/diarioprincipios.com\/index.php\/2020\/03\/29\/clausuran-empresa-avicola-por-remarcacion-abusiva-de-precios\/"]}]},{"@type":"ImageObject","inLanguage":"es","@id":"https:\/\/diarioprincipios.com\/index.php\/2020\/03\/29\/clausuran-empresa-avicola-por-remarcacion-abusiva-de-precios\/#primaryimage","url":"https:\/\/diarioprincipios.com\/wp-content\/uploads\/2020\/03\/CONTROLES-EN-COMERCIOS-2.jpeg","contentUrl":"https:\/\/diarioprincipios.com\/wp-content\/uploads\/2020\/03\/CONTROLES-EN-COMERCIOS-2.jpeg","width":958,"height":958},{"@type":"BreadcrumbList","@id":"https:\/\/diarioprincipios.com\/index.php\/2020\/03\/29\/clausuran-empresa-avicola-por-remarcacion-abusiva-de-precios\/#breadcrumb","itemListElement":[{"@type":"ListItem","position":1,"name":"Portada","item":"https:\/\/diarioprincipios.com\/"},{"@type":"ListItem","position":2,"name":"Clausuran empresa av\u00edcola por remarcaci\u00f3n abusiva de precios"}]},{"@type":"WebSite","@id":"https:\/\/diarioprincipios.com\/#website","url":"https:\/\/diarioprincipios.com\/","name":"Principios","description":"Principios Diario","publisher":{"@id":"https:\/\/diarioprincipios.com\/#organization"},"potentialAction":[{"@type":"SearchAction","target":{"@type":"EntryPoint","urlTemplate":"https:\/\/diarioprincipios.com\/?s={search_term_string}"},"query-input":{"@type":"PropertyValueSpecification","valueRequired":true,"valueName":"search_term_string"}}],"inLanguage":"es"},{"@type":"Organization","@id":"https:\/\/diarioprincipios.com\/#organization","name":"Principios","url":"https:\/\/diarioprincipios.com\/","logo":{"@type":"ImageObject","inLanguage":"es","@id":"https:\/\/diarioprincipios.com\/#\/schema\/logo\/image\/","url":"https:\/\/diarioprincipios.com\/wp-content\/uploads\/2024\/04\/cropped-www.diarioprincipios.com_-1.png","contentUrl":"https:\/\/diarioprincipios.com\/wp-content\/uploads\/2024\/04\/cropped-www.diarioprincipios.com_-1.png","width":5325,"height":1454,"caption":"Principios"},"image":{"@id":"https:\/\/diarioprincipios.com\/#\/schema\/logo\/image\/"}},{"@type":"Person","@id":"https:\/\/diarioprincipios.com\/#\/schema\/person\/436d5a1fd41a5e250e23ff5a6a7cb080","name":"Hern\u00e1n L\u00f3pez","image":{"@type":"ImageObject","inLanguage":"es","@id":"https:\/\/diarioprincipios.com\/wp-content\/litespeed\/avatar\/11ddfe5610ff3bd100522525b2571f48.jpg?ver=1777653193","url":"https:\/\/diarioprincipios.com\/wp-content\/litespeed\/avatar\/11ddfe5610ff3bd100522525b2571f48.jpg?ver=1777653193","contentUrl":"https:\/\/diarioprincipios.com\/wp-content\/litespeed\/avatar\/11ddfe5610ff3bd100522525b2571f48.jpg?ver=1777653193","caption":"Hern\u00e1n L\u00f3pez"},"url":"https:\/\/diarioprincipios.com\/index.php\/author\/hernan\/"}]}},"jetpack_featured_media_url":"https:\/\/diarioprincipios.com\/wp-content\/uploads\/2020\/03\/CONTROLES-EN-COMERCIOS-2.jpeg","_links":{"self":[{"href":"https:\/\/diarioprincipios.com\/index.php\/wp-json\/wp\/v2\/posts\/517","targetHints":{"allow":["GET"]}}],"collection":[{"href":"https:\/\/diarioprincipios.com\/index.php\/wp-json\/wp\/v2\/posts"}],"about":[{"href":"https:\/\/diarioprincipios.com\/index.php\/wp-json\/wp\/v2\/types\/post"}],"author":[{"embeddable":true,"href":"https:\/\/diarioprincipios.com\/index.php\/wp-json\/wp\/v2\/users\/2"}],"replies":[{"embeddable":true,"href":"https:\/\/diarioprincipios.com\/index.php\/wp-json\/wp\/v2\/comments?post=517"}],"version-history":[{"count":1,"href":"https:\/\/diarioprincipios.com\/index.php\/wp-json\/wp\/v2\/posts\/517\/revisions"}],"predecessor-version":[{"id":519,"href":"https:\/\/diarioprincipios.com\/index.php\/wp-json\/wp\/v2\/posts\/517\/revisions\/519"}],"wp:featuredmedia":[{"embeddable":true,"href":"https:\/\/diarioprincipios.com\/index.php\/wp-json\/wp\/v2\/media\/518"}],"wp:attachment":[{"href":"https:\/\/diarioprincipios.com\/index.php\/wp-json\/wp\/v2\/media?parent=517"}],"wp:term":[{"taxonomy":"category","embeddable":true,"href":"https:\/\/diarioprincipios.com\/index.php\/wp-json\/wp\/v2\/categories?post=517"},{"taxonomy":"post_tag","embeddable":true,"href":"https:\/\/diarioprincipios.com\/index.php\/wp-json\/wp\/v2\/tags?post=517"}],"curies":[{"name":"wp","href":"https:\/\/api.w.org\/{rel}","templated":true}]}}