{"id":514,"date":"2020-03-28T23:43:18","date_gmt":"2020-03-28T23:43:18","guid":{"rendered":"http:\/\/diarioprincipios.com\/?p=514"},"modified":"2020-03-28T23:43:20","modified_gmt":"2020-03-28T23:43:20","slug":"el-hospital-evita-pueblo-recibio-camas-de-la-provincia","status":"publish","type":"post","link":"https:\/\/diarioprincipios.com\/index.php\/2020\/03\/28\/el-hospital-evita-pueblo-recibio-camas-de-la-provincia\/","title":{"rendered":"El Hospital Evita Pueblo recibi\u00f3 camas de la Provincia"},"content":{"rendered":"\n<p> Este s\u00e1bado el Hospital Evita Pueblo de Berazategui recibi\u00f3 una cantidad de diez camas de un total de dieciocho, que fueron enviadas por el Ministerio de salud provincial, a cargo del Dr. Daniel Gollan, para cubrir la necesidad imperiosa contar con el suficiente equipamiento para enfrentar las circunstancias e incertidumbre el virus Covid &#8211; 19 (coronavirus) impone en estos tiempos a nivel mundial. <br> Las mismas, son camas de \u00faltima generaci\u00f3n, con 8 posiciones, adecuadas para internaci\u00f3n transitoria. A su vez, facilitan el traslado del paciente sin necesidad de movilizarlo, ya que vienen con ruedas. Tambi\u00e9n enviaron almohadas y colchones ortop\u00e9dicos.<br> Esta nueva entrega se suma a la que se realiz\u00f3 a mediados de la semana pasada, en la que el hospital local fue acreedor de todo tipo de materiales descartables (barbijos, guantes, antiparras, kits de atenci\u00f3n, entre otros) para esperar el pico de la pandemia que se predice que ser\u00e1 dentro de dos semanas.  <br> El material recibido y por llegar fue gestionado por la direcci\u00f3n del Hospital Evita Pueblo, encabezada por el Director Ejecutivo Dr. Juan Marini, junto a los directores asociados, Dr. Mart\u00edn Garaycochea, Dr. Javier Arregui, Dr. Hern\u00e1n Maiza  , contadora Mariana Martinez Dir. Adm. y Dr. Antonio Hraste (Director UPA 10 de Hudson). H(Director UPA 10 de Hudson).Juan Manuel SoriaDiego Veroli<\/p>\n","protected":false},"excerpt":{"rendered":"<p>Este s\u00e1bado el Hospital Evita Pueblo de Berazategui recibi\u00f3 una cantidad de diez camas de un total de dieciocho, que fueron enviadas por el Ministerio de salud provincial, a cargo del Dr. Daniel Gollan, para cubrir la necesidad imperiosa contar con el suficiente equipamiento para enfrentar las circunstancias e incertidumbre el virus Covid &#8211; 19&#8230;<\/p>\n","protected":false},"author":2,"featured_media":515,"comment_status":"open","ping_status":"open","sticky":false,"template":"","format":"standard","meta":{"footnotes":""},"categories":[3],"tags":[],"class_list":["post-514","post","type-post","status-publish","format-standard","has-post-thumbnail","hentry","category-berazategui"],"featured_image_src":"https:\/\/diarioprincipios.com\/wp-content\/uploads\/2020\/03\/FB_IMG_1585438871302.jpg","blog_images":{"medium":"https:\/\/diarioprincipios.com\/wp-content\/uploads\/2020\/03\/FB_IMG_1585438871302-225x300.jpg","large":"https:\/\/diarioprincipios.com\/wp-content\/uploads\/2020\/03\/FB_IMG_1585438871302.jpg"},"ams_acf":[],"yoast_head":"<!-- This site is optimized with the Yoast SEO plugin v27.3 - https:\/\/yoast.com\/product\/yoast-seo-wordpress\/ -->\n<title>El Hospital Evita Pueblo recibi\u00f3 camas de la Provincia - Principios<\/title>\n<meta name=\"robots\" content=\"index, follow, max-snippet:-1, max-image-preview:large, max-video-preview:-1\" \/>\n<link rel=\"canonical\" href=\"https:\/\/diarioprincipios.com\/index.php\/2020\/03\/28\/el-hospital-evita-pueblo-recibio-camas-de-la-provincia\/\" \/>\n<meta property=\"og:locale\" content=\"es_ES\" \/>\n<meta property=\"og:type\" content=\"article\" \/>\n<meta property=\"og:title\" content=\"El Hospital Evita Pueblo recibi\u00f3 camas de la Provincia - Principios\" \/>\n<meta property=\"og:description\" content=\"Este s\u00e1bado el Hospital Evita Pueblo de Berazategui recibi\u00f3 una cantidad de diez camas de un total de dieciocho, que fueron enviadas por el Ministerio de salud provincial, a cargo del Dr. Daniel Gollan, para cubrir la necesidad imperiosa contar con el suficiente equipamiento para enfrentar las circunstancias e incertidumbre el virus Covid &#8211; 19...\" \/>\n<meta property=\"og:url\" content=\"https:\/\/diarioprincipios.com\/index.php\/2020\/03\/28\/el-hospital-evita-pueblo-recibio-camas-de-la-provincia\/\" \/>\n<meta property=\"og:site_name\" content=\"Principios\" \/>\n<meta property=\"article:published_time\" content=\"2020-03-28T23:43:18+00:00\" \/>\n<meta property=\"article:modified_time\" content=\"2020-03-28T23:43:20+00:00\" \/>\n<meta property=\"og:image\" content=\"https:\/\/diarioprincipios.com\/wp-content\/uploads\/2020\/03\/FB_IMG_1585438871302.jpg\" \/>\n\t<meta property=\"og:image:width\" content=\"720\" \/>\n\t<meta property=\"og:image:height\" content=\"960\" \/>\n\t<meta property=\"og:image:type\" content=\"image\/jpeg\" \/>\n<meta name=\"author\" content=\"Hern\u00e1n L\u00f3pez\" \/>\n<meta name=\"twitter:card\" content=\"summary_large_image\" \/>\n<meta name=\"twitter:label1\" content=\"Escrito por\" \/>\n\t<meta name=\"twitter:data1\" content=\"Hern\u00e1n L\u00f3pez\" \/>\n\t<meta name=\"twitter:label2\" content=\"Tiempo de lectura\" \/>\n\t<meta name=\"twitter:data2\" content=\"1 minuto\" \/>\n<script type=\"application\/ld+json\" class=\"yoast-schema-graph\">{\"@context\":\"https:\\\/\\\/schema.org\",\"@graph\":[{\"@type\":\"Article\",\"@id\":\"https:\\\/\\\/diarioprincipios.com\\\/index.php\\\/2020\\\/03\\\/28\\\/el-hospital-evita-pueblo-recibio-camas-de-la-provincia\\\/#article\",\"isPartOf\":{\"@id\":\"https:\\\/\\\/diarioprincipios.com\\\/index.php\\\/2020\\\/03\\\/28\\\/el-hospital-evita-pueblo-recibio-camas-de-la-provincia\\\/\"},\"author\":{\"name\":\"Hern\u00e1n L\u00f3pez\",\"@id\":\"https:\\\/\\\/diarioprincipios.com\\\/#\\\/schema\\\/person\\\/436d5a1fd41a5e250e23ff5a6a7cb080\"},\"headline\":\"El Hospital Evita Pueblo recibi\u00f3 camas de la Provincia\",\"datePublished\":\"2020-03-28T23:43:18+00:00\",\"dateModified\":\"2020-03-28T23:43:20+00:00\",\"mainEntityOfPage\":{\"@id\":\"https:\\\/\\\/diarioprincipios.com\\\/index.php\\\/2020\\\/03\\\/28\\\/el-hospital-evita-pueblo-recibio-camas-de-la-provincia\\\/\"},\"wordCount\":229,\"commentCount\":0,\"publisher\":{\"@id\":\"https:\\\/\\\/diarioprincipios.com\\\/#organization\"},\"image\":{\"@id\":\"https:\\\/\\\/diarioprincipios.com\\\/index.php\\\/2020\\\/03\\\/28\\\/el-hospital-evita-pueblo-recibio-camas-de-la-provincia\\\/#primaryimage\"},\"thumbnailUrl\":\"https:\\\/\\\/diarioprincipios.com\\\/wp-content\\\/uploads\\\/2020\\\/03\\\/FB_IMG_1585438871302.jpg\",\"articleSection\":[\"Berazategui\"],\"inLanguage\":\"es\",\"potentialAction\":[{\"@type\":\"CommentAction\",\"name\":\"Comment\",\"target\":[\"https:\\\/\\\/diarioprincipios.com\\\/index.php\\\/2020\\\/03\\\/28\\\/el-hospital-evita-pueblo-recibio-camas-de-la-provincia\\\/#respond\"]}]},{\"@type\":\"WebPage\",\"@id\":\"https:\\\/\\\/diarioprincipios.com\\\/index.php\\\/2020\\\/03\\\/28\\\/el-hospital-evita-pueblo-recibio-camas-de-la-provincia\\\/\",\"url\":\"https:\\\/\\\/diarioprincipios.com\\\/index.php\\\/2020\\\/03\\\/28\\\/el-hospital-evita-pueblo-recibio-camas-de-la-provincia\\\/\",\"name\":\"El Hospital Evita Pueblo recibi\u00f3 camas de la Provincia - Principios\",\"isPartOf\":{\"@id\":\"https:\\\/\\\/diarioprincipios.com\\\/#website\"},\"primaryImageOfPage\":{\"@id\":\"https:\\\/\\\/diarioprincipios.com\\\/index.php\\\/2020\\\/03\\\/28\\\/el-hospital-evita-pueblo-recibio-camas-de-la-provincia\\\/#primaryimage\"},\"image\":{\"@id\":\"https:\\\/\\\/diarioprincipios.com\\\/index.php\\\/2020\\\/03\\\/28\\\/el-hospital-evita-pueblo-recibio-camas-de-la-provincia\\\/#primaryimage\"},\"thumbnailUrl\":\"https:\\\/\\\/diarioprincipios.com\\\/wp-content\\\/uploads\\\/2020\\\/03\\\/FB_IMG_1585438871302.jpg\",\"datePublished\":\"2020-03-28T23:43:18+00:00\",\"dateModified\":\"2020-03-28T23:43:20+00:00\",\"breadcrumb\":{\"@id\":\"https:\\\/\\\/diarioprincipios.com\\\/index.php\\\/2020\\\/03\\\/28\\\/el-hospital-evita-pueblo-recibio-camas-de-la-provincia\\\/#breadcrumb\"},\"inLanguage\":\"es\",\"potentialAction\":[{\"@type\":\"ReadAction\",\"target\":[\"https:\\\/\\\/diarioprincipios.com\\\/index.php\\\/2020\\\/03\\\/28\\\/el-hospital-evita-pueblo-recibio-camas-de-la-provincia\\\/\"]}]},{\"@type\":\"ImageObject\",\"inLanguage\":\"es\",\"@id\":\"https:\\\/\\\/diarioprincipios.com\\\/index.php\\\/2020\\\/03\\\/28\\\/el-hospital-evita-pueblo-recibio-camas-de-la-provincia\\\/#primaryimage\",\"url\":\"https:\\\/\\\/diarioprincipios.com\\\/wp-content\\\/uploads\\\/2020\\\/03\\\/FB_IMG_1585438871302.jpg\",\"contentUrl\":\"https:\\\/\\\/diarioprincipios.com\\\/wp-content\\\/uploads\\\/2020\\\/03\\\/FB_IMG_1585438871302.jpg\",\"width\":720,\"height\":960},{\"@type\":\"BreadcrumbList\",\"@id\":\"https:\\\/\\\/diarioprincipios.com\\\/index.php\\\/2020\\\/03\\\/28\\\/el-hospital-evita-pueblo-recibio-camas-de-la-provincia\\\/#breadcrumb\",\"itemListElement\":[{\"@type\":\"ListItem\",\"position\":1,\"name\":\"Portada\",\"item\":\"https:\\\/\\\/diarioprincipios.com\\\/\"},{\"@type\":\"ListItem\",\"position\":2,\"name\":\"El Hospital Evita Pueblo recibi\u00f3 camas de la Provincia\"}]},{\"@type\":\"WebSite\",\"@id\":\"https:\\\/\\\/diarioprincipios.com\\\/#website\",\"url\":\"https:\\\/\\\/diarioprincipios.com\\\/\",\"name\":\"Principios\",\"description\":\"Principios Diario\",\"publisher\":{\"@id\":\"https:\\\/\\\/diarioprincipios.com\\\/#organization\"},\"potentialAction\":[{\"@type\":\"SearchAction\",\"target\":{\"@type\":\"EntryPoint\",\"urlTemplate\":\"https:\\\/\\\/diarioprincipios.com\\\/?s={search_term_string}\"},\"query-input\":{\"@type\":\"PropertyValueSpecification\",\"valueRequired\":true,\"valueName\":\"search_term_string\"}}],\"inLanguage\":\"es\"},{\"@type\":\"Organization\",\"@id\":\"https:\\\/\\\/diarioprincipios.com\\\/#organization\",\"name\":\"Principios\",\"url\":\"https:\\\/\\\/diarioprincipios.com\\\/\",\"logo\":{\"@type\":\"ImageObject\",\"inLanguage\":\"es\",\"@id\":\"https:\\\/\\\/diarioprincipios.com\\\/#\\\/schema\\\/logo\\\/image\\\/\",\"url\":\"https:\\\/\\\/diarioprincipios.com\\\/wp-content\\\/uploads\\\/2024\\\/04\\\/cropped-www.diarioprincipios.com_-1.png\",\"contentUrl\":\"https:\\\/\\\/diarioprincipios.com\\\/wp-content\\\/uploads\\\/2024\\\/04\\\/cropped-www.diarioprincipios.com_-1.png\",\"width\":5325,\"height\":1454,\"caption\":\"Principios\"},\"image\":{\"@id\":\"https:\\\/\\\/diarioprincipios.com\\\/#\\\/schema\\\/logo\\\/image\\\/\"}},{\"@type\":\"Person\",\"@id\":\"https:\\\/\\\/diarioprincipios.com\\\/#\\\/schema\\\/person\\\/436d5a1fd41a5e250e23ff5a6a7cb080\",\"name\":\"Hern\u00e1n L\u00f3pez\",\"image\":{\"@type\":\"ImageObject\",\"inLanguage\":\"es\",\"@id\":\"https:\\\/\\\/diarioprincipios.com\\\/wp-content\\\/litespeed\\\/avatar\\\/11ddfe5610ff3bd100522525b2571f48.jpg?ver=1777653193\",\"url\":\"https:\\\/\\\/diarioprincipios.com\\\/wp-content\\\/litespeed\\\/avatar\\\/11ddfe5610ff3bd100522525b2571f48.jpg?ver=1777653193\",\"contentUrl\":\"https:\\\/\\\/diarioprincipios.com\\\/wp-content\\\/litespeed\\\/avatar\\\/11ddfe5610ff3bd100522525b2571f48.jpg?ver=1777653193\",\"caption\":\"Hern\u00e1n L\u00f3pez\"},\"url\":\"https:\\\/\\\/diarioprincipios.com\\\/index.php\\\/author\\\/hernan\\\/\"}]}<\/script>\n<!-- \/ Yoast SEO plugin. -->","yoast_head_json":{"title":"El Hospital Evita Pueblo recibi\u00f3 camas de la Provincia - Principios","robots":{"index":"index","follow":"follow","max-snippet":"max-snippet:-1","max-image-preview":"max-image-preview:large","max-video-preview":"max-video-preview:-1"},"canonical":"https:\/\/diarioprincipios.com\/index.php\/2020\/03\/28\/el-hospital-evita-pueblo-recibio-camas-de-la-provincia\/","og_locale":"es_ES","og_type":"article","og_title":"El Hospital Evita Pueblo recibi\u00f3 camas de la Provincia - Principios","og_description":"Este s\u00e1bado el Hospital Evita Pueblo de Berazategui recibi\u00f3 una cantidad de diez camas de un total de dieciocho, que fueron enviadas por el Ministerio de salud provincial, a cargo del Dr. Daniel Gollan, para cubrir la necesidad imperiosa contar con el suficiente equipamiento para enfrentar las circunstancias e incertidumbre el virus Covid &#8211; 19...","og_url":"https:\/\/diarioprincipios.com\/index.php\/2020\/03\/28\/el-hospital-evita-pueblo-recibio-camas-de-la-provincia\/","og_site_name":"Principios","article_published_time":"2020-03-28T23:43:18+00:00","article_modified_time":"2020-03-28T23:43:20+00:00","og_image":[{"width":720,"height":960,"url":"https:\/\/diarioprincipios.com\/wp-content\/uploads\/2020\/03\/FB_IMG_1585438871302.jpg","type":"image\/jpeg"}],"author":"Hern\u00e1n L\u00f3pez","twitter_card":"summary_large_image","twitter_misc":{"Escrito por":"Hern\u00e1n L\u00f3pez","Tiempo de lectura":"1 minuto"},"schema":{"@context":"https:\/\/schema.org","@graph":[{"@type":"Article","@id":"https:\/\/diarioprincipios.com\/index.php\/2020\/03\/28\/el-hospital-evita-pueblo-recibio-camas-de-la-provincia\/#article","isPartOf":{"@id":"https:\/\/diarioprincipios.com\/index.php\/2020\/03\/28\/el-hospital-evita-pueblo-recibio-camas-de-la-provincia\/"},"author":{"name":"Hern\u00e1n L\u00f3pez","@id":"https:\/\/diarioprincipios.com\/#\/schema\/person\/436d5a1fd41a5e250e23ff5a6a7cb080"},"headline":"El Hospital Evita Pueblo recibi\u00f3 camas de la Provincia","datePublished":"2020-03-28T23:43:18+00:00","dateModified":"2020-03-28T23:43:20+00:00","mainEntityOfPage":{"@id":"https:\/\/diarioprincipios.com\/index.php\/2020\/03\/28\/el-hospital-evita-pueblo-recibio-camas-de-la-provincia\/"},"wordCount":229,"commentCount":0,"publisher":{"@id":"https:\/\/diarioprincipios.com\/#organization"},"image":{"@id":"https:\/\/diarioprincipios.com\/index.php\/2020\/03\/28\/el-hospital-evita-pueblo-recibio-camas-de-la-provincia\/#primaryimage"},"thumbnailUrl":"https:\/\/diarioprincipios.com\/wp-content\/uploads\/2020\/03\/FB_IMG_1585438871302.jpg","articleSection":["Berazategui"],"inLanguage":"es","potentialAction":[{"@type":"CommentAction","name":"Comment","target":["https:\/\/diarioprincipios.com\/index.php\/2020\/03\/28\/el-hospital-evita-pueblo-recibio-camas-de-la-provincia\/#respond"]}]},{"@type":"WebPage","@id":"https:\/\/diarioprincipios.com\/index.php\/2020\/03\/28\/el-hospital-evita-pueblo-recibio-camas-de-la-provincia\/","url":"https:\/\/diarioprincipios.com\/index.php\/2020\/03\/28\/el-hospital-evita-pueblo-recibio-camas-de-la-provincia\/","name":"El Hospital Evita Pueblo recibi\u00f3 camas de la Provincia - Principios","isPartOf":{"@id":"https:\/\/diarioprincipios.com\/#website"},"primaryImageOfPage":{"@id":"https:\/\/diarioprincipios.com\/index.php\/2020\/03\/28\/el-hospital-evita-pueblo-recibio-camas-de-la-provincia\/#primaryimage"},"image":{"@id":"https:\/\/diarioprincipios.com\/index.php\/2020\/03\/28\/el-hospital-evita-pueblo-recibio-camas-de-la-provincia\/#primaryimage"},"thumbnailUrl":"https:\/\/diarioprincipios.com\/wp-content\/uploads\/2020\/03\/FB_IMG_1585438871302.jpg","datePublished":"2020-03-28T23:43:18+00:00","dateModified":"2020-03-28T23:43:20+00:00","breadcrumb":{"@id":"https:\/\/diarioprincipios.com\/index.php\/2020\/03\/28\/el-hospital-evita-pueblo-recibio-camas-de-la-provincia\/#breadcrumb"},"inLanguage":"es","potentialAction":[{"@type":"ReadAction","target":["https:\/\/diarioprincipios.com\/index.php\/2020\/03\/28\/el-hospital-evita-pueblo-recibio-camas-de-la-provincia\/"]}]},{"@type":"ImageObject","inLanguage":"es","@id":"https:\/\/diarioprincipios.com\/index.php\/2020\/03\/28\/el-hospital-evita-pueblo-recibio-camas-de-la-provincia\/#primaryimage","url":"https:\/\/diarioprincipios.com\/wp-content\/uploads\/2020\/03\/FB_IMG_1585438871302.jpg","contentUrl":"https:\/\/diarioprincipios.com\/wp-content\/uploads\/2020\/03\/FB_IMG_1585438871302.jpg","width":720,"height":960},{"@type":"BreadcrumbList","@id":"https:\/\/diarioprincipios.com\/index.php\/2020\/03\/28\/el-hospital-evita-pueblo-recibio-camas-de-la-provincia\/#breadcrumb","itemListElement":[{"@type":"ListItem","position":1,"name":"Portada","item":"https:\/\/diarioprincipios.com\/"},{"@type":"ListItem","position":2,"name":"El Hospital Evita Pueblo recibi\u00f3 camas de la Provincia"}]},{"@type":"WebSite","@id":"https:\/\/diarioprincipios.com\/#website","url":"https:\/\/diarioprincipios.com\/","name":"Principios","description":"Principios Diario","publisher":{"@id":"https:\/\/diarioprincipios.com\/#organization"},"potentialAction":[{"@type":"SearchAction","target":{"@type":"EntryPoint","urlTemplate":"https:\/\/diarioprincipios.com\/?s={search_term_string}"},"query-input":{"@type":"PropertyValueSpecification","valueRequired":true,"valueName":"search_term_string"}}],"inLanguage":"es"},{"@type":"Organization","@id":"https:\/\/diarioprincipios.com\/#organization","name":"Principios","url":"https:\/\/diarioprincipios.com\/","logo":{"@type":"ImageObject","inLanguage":"es","@id":"https:\/\/diarioprincipios.com\/#\/schema\/logo\/image\/","url":"https:\/\/diarioprincipios.com\/wp-content\/uploads\/2024\/04\/cropped-www.diarioprincipios.com_-1.png","contentUrl":"https:\/\/diarioprincipios.com\/wp-content\/uploads\/2024\/04\/cropped-www.diarioprincipios.com_-1.png","width":5325,"height":1454,"caption":"Principios"},"image":{"@id":"https:\/\/diarioprincipios.com\/#\/schema\/logo\/image\/"}},{"@type":"Person","@id":"https:\/\/diarioprincipios.com\/#\/schema\/person\/436d5a1fd41a5e250e23ff5a6a7cb080","name":"Hern\u00e1n L\u00f3pez","image":{"@type":"ImageObject","inLanguage":"es","@id":"https:\/\/diarioprincipios.com\/wp-content\/litespeed\/avatar\/11ddfe5610ff3bd100522525b2571f48.jpg?ver=1777653193","url":"https:\/\/diarioprincipios.com\/wp-content\/litespeed\/avatar\/11ddfe5610ff3bd100522525b2571f48.jpg?ver=1777653193","contentUrl":"https:\/\/diarioprincipios.com\/wp-content\/litespeed\/avatar\/11ddfe5610ff3bd100522525b2571f48.jpg?ver=1777653193","caption":"Hern\u00e1n L\u00f3pez"},"url":"https:\/\/diarioprincipios.com\/index.php\/author\/hernan\/"}]}},"jetpack_featured_media_url":"https:\/\/diarioprincipios.com\/wp-content\/uploads\/2020\/03\/FB_IMG_1585438871302.jpg","_links":{"self":[{"href":"https:\/\/diarioprincipios.com\/index.php\/wp-json\/wp\/v2\/posts\/514","targetHints":{"allow":["GET"]}}],"collection":[{"href":"https:\/\/diarioprincipios.com\/index.php\/wp-json\/wp\/v2\/posts"}],"about":[{"href":"https:\/\/diarioprincipios.com\/index.php\/wp-json\/wp\/v2\/types\/post"}],"author":[{"embeddable":true,"href":"https:\/\/diarioprincipios.com\/index.php\/wp-json\/wp\/v2\/users\/2"}],"replies":[{"embeddable":true,"href":"https:\/\/diarioprincipios.com\/index.php\/wp-json\/wp\/v2\/comments?post=514"}],"version-history":[{"count":1,"href":"https:\/\/diarioprincipios.com\/index.php\/wp-json\/wp\/v2\/posts\/514\/revisions"}],"predecessor-version":[{"id":516,"href":"https:\/\/diarioprincipios.com\/index.php\/wp-json\/wp\/v2\/posts\/514\/revisions\/516"}],"wp:featuredmedia":[{"embeddable":true,"href":"https:\/\/diarioprincipios.com\/index.php\/wp-json\/wp\/v2\/media\/515"}],"wp:attachment":[{"href":"https:\/\/diarioprincipios.com\/index.php\/wp-json\/wp\/v2\/media?parent=514"}],"wp:term":[{"taxonomy":"category","embeddable":true,"href":"https:\/\/diarioprincipios.com\/index.php\/wp-json\/wp\/v2\/categories?post=514"},{"taxonomy":"post_tag","embeddable":true,"href":"https:\/\/diarioprincipios.com\/index.php\/wp-json\/wp\/v2\/tags?post=514"}],"curies":[{"name":"wp","href":"https:\/\/api.w.org\/{rel}","templated":true}]}}