{"id":5107,"date":"2020-08-27T17:04:41","date_gmt":"2020-08-27T20:04:41","guid":{"rendered":"http:\/\/diarioprincipios.com\/?p=5107"},"modified":"2020-08-27T17:04:46","modified_gmt":"2020-08-27T20:04:46","slug":"ferraresi-firmo-un-convenio-con-el-organismo-provincial-de-integracion-social-y-urbana-para-mejorar-la-calidad-de-vida-de-los-barrios-populares","status":"publish","type":"post","link":"https:\/\/diarioprincipios.com\/index.php\/2020\/08\/27\/ferraresi-firmo-un-convenio-con-el-organismo-provincial-de-integracion-social-y-urbana-para-mejorar-la-calidad-de-vida-de-los-barrios-populares\/","title":{"rendered":"Ferraresi firm\u00f3 un convenio con el Organismo Provincial de Integraci\u00f3n Social y Urbana para mejorar la calidad de vida de los barrios populares"},"content":{"rendered":"\n<p>La r\u00fabrica del convenio marco se llev\u00f3 a cabo con el Jefe de Gabinete de la Provincia de Buenos Aires, Carlos Bianco y la directora del (OPISU), Romina Barrios. Este acuerdo de colaboraci\u00f3n rec\u00edproca busca impulsar diferentes medidas que mejoren de manera integral las condiciones de vida de los vecinxs que habitan los barrios m\u00e1s carenciados.\u00a0<\/p>\n\n\n\n<p>El intendente de Avellaneda, Jorge Ferraresi firm\u00f3 este convenio de colaboraci\u00f3n entre el municipio y el Organismo Provincial de Integraci\u00f3n Social y Urbana, que tiene como objetivo mejorar&nbsp;a trav\u00e9s de proyectos e iniciativas urbanas la calidad de vida de los sectores populares de la ciudad.&nbsp;<\/p>\n\n\n\n<p>En el marco de este acuerdo se realizar\u00e1n estudios, investigaciones, censos poblacionales y proyectos de factibilidad t\u00e9cnica as\u00ed como el dise\u00f1o y planificaci\u00f3n para la creaci\u00f3n de barrios, atenci\u00f3n de las situaciones de emergencia y asistencia comunitaria.\u00a0<\/p>\n","protected":false},"excerpt":{"rendered":"<p>La r\u00fabrica del convenio marco se llev\u00f3 a cabo con el Jefe de Gabinete de la Provincia de Buenos Aires, Carlos Bianco y la directora del (OPISU), Romina Barrios. Este acuerdo de colaboraci\u00f3n rec\u00edproca busca impulsar diferentes medidas que mejoren de manera integral las condiciones de vida de los vecinxs que habitan los barrios m\u00e1s&#8230;<\/p>\n","protected":false},"author":2,"featured_media":5108,"comment_status":"open","ping_status":"open","sticky":false,"template":"","format":"standard","meta":{"footnotes":""},"categories":[5],"tags":[],"class_list":["post-5107","post","type-post","status-publish","format-standard","has-post-thumbnail","hentry","category-avellaneda"],"featured_image_src":"https:\/\/diarioprincipios.com\/wp-content\/uploads\/2020\/08\/7b2d9ea9-216b-49dc-8381-30cbeee4d6d4-1024x628.jpg","blog_images":{"medium":"https:\/\/diarioprincipios.com\/wp-content\/uploads\/2020\/08\/7b2d9ea9-216b-49dc-8381-30cbeee4d6d4-300x184.jpg","large":"https:\/\/diarioprincipios.com\/wp-content\/uploads\/2020\/08\/7b2d9ea9-216b-49dc-8381-30cbeee4d6d4-1024x628.jpg"},"ams_acf":[],"yoast_head":"<!-- This site is optimized with the Yoast SEO plugin v27.3 - https:\/\/yoast.com\/product\/yoast-seo-wordpress\/ -->\n<title>Ferraresi firm\u00f3 un convenio con el Organismo Provincial de Integraci\u00f3n Social y Urbana para mejorar la calidad de vida de los barrios populares - Principios<\/title>\n<meta name=\"robots\" content=\"index, follow, max-snippet:-1, max-image-preview:large, max-video-preview:-1\" \/>\n<link rel=\"canonical\" href=\"https:\/\/diarioprincipios.com\/index.php\/2020\/08\/27\/ferraresi-firmo-un-convenio-con-el-organismo-provincial-de-integracion-social-y-urbana-para-mejorar-la-calidad-de-vida-de-los-barrios-populares\/\" \/>\n<meta property=\"og:locale\" content=\"es_ES\" \/>\n<meta property=\"og:type\" content=\"article\" \/>\n<meta property=\"og:title\" content=\"Ferraresi firm\u00f3 un convenio con el Organismo Provincial de Integraci\u00f3n Social y Urbana para mejorar la calidad de vida de los barrios populares - Principios\" \/>\n<meta property=\"og:description\" content=\"La r\u00fabrica del convenio marco se llev\u00f3 a cabo con el Jefe de Gabinete de la Provincia de Buenos Aires, Carlos Bianco y la directora del (OPISU), Romina Barrios. Este acuerdo de colaboraci\u00f3n rec\u00edproca busca impulsar diferentes medidas que mejoren de manera integral las condiciones de vida de los vecinxs que habitan los barrios m\u00e1s...\" \/>\n<meta property=\"og:url\" content=\"https:\/\/diarioprincipios.com\/index.php\/2020\/08\/27\/ferraresi-firmo-un-convenio-con-el-organismo-provincial-de-integracion-social-y-urbana-para-mejorar-la-calidad-de-vida-de-los-barrios-populares\/\" \/>\n<meta property=\"og:site_name\" content=\"Principios\" \/>\n<meta property=\"article:published_time\" content=\"2020-08-27T20:04:41+00:00\" \/>\n<meta property=\"article:modified_time\" content=\"2020-08-27T20:04:46+00:00\" \/>\n<meta property=\"og:image\" content=\"https:\/\/diarioprincipios.com\/wp-content\/uploads\/2020\/08\/7b2d9ea9-216b-49dc-8381-30cbeee4d6d4.jpg\" \/>\n\t<meta property=\"og:image:width\" content=\"1050\" \/>\n\t<meta property=\"og:image:height\" content=\"644\" \/>\n\t<meta property=\"og:image:type\" content=\"image\/jpeg\" \/>\n<meta name=\"author\" content=\"Hern\u00e1n L\u00f3pez\" \/>\n<meta name=\"twitter:card\" content=\"summary_large_image\" \/>\n<meta name=\"twitter:label1\" content=\"Escrito por\" \/>\n\t<meta name=\"twitter:data1\" content=\"Hern\u00e1n L\u00f3pez\" \/>\n\t<meta name=\"twitter:label2\" content=\"Tiempo de lectura\" \/>\n\t<meta name=\"twitter:data2\" content=\"1 minuto\" \/>\n<script type=\"application\/ld+json\" class=\"yoast-schema-graph\">{\"@context\":\"https:\\\/\\\/schema.org\",\"@graph\":[{\"@type\":\"Article\",\"@id\":\"https:\\\/\\\/diarioprincipios.com\\\/index.php\\\/2020\\\/08\\\/27\\\/ferraresi-firmo-un-convenio-con-el-organismo-provincial-de-integracion-social-y-urbana-para-mejorar-la-calidad-de-vida-de-los-barrios-populares\\\/#article\",\"isPartOf\":{\"@id\":\"https:\\\/\\\/diarioprincipios.com\\\/index.php\\\/2020\\\/08\\\/27\\\/ferraresi-firmo-un-convenio-con-el-organismo-provincial-de-integracion-social-y-urbana-para-mejorar-la-calidad-de-vida-de-los-barrios-populares\\\/\"},\"author\":{\"name\":\"Hern\u00e1n L\u00f3pez\",\"@id\":\"https:\\\/\\\/diarioprincipios.com\\\/#\\\/schema\\\/person\\\/436d5a1fd41a5e250e23ff5a6a7cb080\"},\"headline\":\"Ferraresi firm\u00f3 un convenio con el Organismo Provincial de Integraci\u00f3n Social y Urbana para mejorar la calidad de vida de los barrios populares\",\"datePublished\":\"2020-08-27T20:04:41+00:00\",\"dateModified\":\"2020-08-27T20:04:46+00:00\",\"mainEntityOfPage\":{\"@id\":\"https:\\\/\\\/diarioprincipios.com\\\/index.php\\\/2020\\\/08\\\/27\\\/ferraresi-firmo-un-convenio-con-el-organismo-provincial-de-integracion-social-y-urbana-para-mejorar-la-calidad-de-vida-de-los-barrios-populares\\\/\"},\"wordCount\":178,\"commentCount\":0,\"publisher\":{\"@id\":\"https:\\\/\\\/diarioprincipios.com\\\/#organization\"},\"image\":{\"@id\":\"https:\\\/\\\/diarioprincipios.com\\\/index.php\\\/2020\\\/08\\\/27\\\/ferraresi-firmo-un-convenio-con-el-organismo-provincial-de-integracion-social-y-urbana-para-mejorar-la-calidad-de-vida-de-los-barrios-populares\\\/#primaryimage\"},\"thumbnailUrl\":\"https:\\\/\\\/diarioprincipios.com\\\/wp-content\\\/uploads\\\/2020\\\/08\\\/7b2d9ea9-216b-49dc-8381-30cbeee4d6d4.jpg\",\"articleSection\":[\"Avellaneda\"],\"inLanguage\":\"es\",\"potentialAction\":[{\"@type\":\"CommentAction\",\"name\":\"Comment\",\"target\":[\"https:\\\/\\\/diarioprincipios.com\\\/index.php\\\/2020\\\/08\\\/27\\\/ferraresi-firmo-un-convenio-con-el-organismo-provincial-de-integracion-social-y-urbana-para-mejorar-la-calidad-de-vida-de-los-barrios-populares\\\/#respond\"]}]},{\"@type\":\"WebPage\",\"@id\":\"https:\\\/\\\/diarioprincipios.com\\\/index.php\\\/2020\\\/08\\\/27\\\/ferraresi-firmo-un-convenio-con-el-organismo-provincial-de-integracion-social-y-urbana-para-mejorar-la-calidad-de-vida-de-los-barrios-populares\\\/\",\"url\":\"https:\\\/\\\/diarioprincipios.com\\\/index.php\\\/2020\\\/08\\\/27\\\/ferraresi-firmo-un-convenio-con-el-organismo-provincial-de-integracion-social-y-urbana-para-mejorar-la-calidad-de-vida-de-los-barrios-populares\\\/\",\"name\":\"Ferraresi firm\u00f3 un convenio con el Organismo Provincial de Integraci\u00f3n Social y Urbana para mejorar la calidad de vida de los barrios populares - Principios\",\"isPartOf\":{\"@id\":\"https:\\\/\\\/diarioprincipios.com\\\/#website\"},\"primaryImageOfPage\":{\"@id\":\"https:\\\/\\\/diarioprincipios.com\\\/index.php\\\/2020\\\/08\\\/27\\\/ferraresi-firmo-un-convenio-con-el-organismo-provincial-de-integracion-social-y-urbana-para-mejorar-la-calidad-de-vida-de-los-barrios-populares\\\/#primaryimage\"},\"image\":{\"@id\":\"https:\\\/\\\/diarioprincipios.com\\\/index.php\\\/2020\\\/08\\\/27\\\/ferraresi-firmo-un-convenio-con-el-organismo-provincial-de-integracion-social-y-urbana-para-mejorar-la-calidad-de-vida-de-los-barrios-populares\\\/#primaryimage\"},\"thumbnailUrl\":\"https:\\\/\\\/diarioprincipios.com\\\/wp-content\\\/uploads\\\/2020\\\/08\\\/7b2d9ea9-216b-49dc-8381-30cbeee4d6d4.jpg\",\"datePublished\":\"2020-08-27T20:04:41+00:00\",\"dateModified\":\"2020-08-27T20:04:46+00:00\",\"breadcrumb\":{\"@id\":\"https:\\\/\\\/diarioprincipios.com\\\/index.php\\\/2020\\\/08\\\/27\\\/ferraresi-firmo-un-convenio-con-el-organismo-provincial-de-integracion-social-y-urbana-para-mejorar-la-calidad-de-vida-de-los-barrios-populares\\\/#breadcrumb\"},\"inLanguage\":\"es\",\"potentialAction\":[{\"@type\":\"ReadAction\",\"target\":[\"https:\\\/\\\/diarioprincipios.com\\\/index.php\\\/2020\\\/08\\\/27\\\/ferraresi-firmo-un-convenio-con-el-organismo-provincial-de-integracion-social-y-urbana-para-mejorar-la-calidad-de-vida-de-los-barrios-populares\\\/\"]}]},{\"@type\":\"ImageObject\",\"inLanguage\":\"es\",\"@id\":\"https:\\\/\\\/diarioprincipios.com\\\/index.php\\\/2020\\\/08\\\/27\\\/ferraresi-firmo-un-convenio-con-el-organismo-provincial-de-integracion-social-y-urbana-para-mejorar-la-calidad-de-vida-de-los-barrios-populares\\\/#primaryimage\",\"url\":\"https:\\\/\\\/diarioprincipios.com\\\/wp-content\\\/uploads\\\/2020\\\/08\\\/7b2d9ea9-216b-49dc-8381-30cbeee4d6d4.jpg\",\"contentUrl\":\"https:\\\/\\\/diarioprincipios.com\\\/wp-content\\\/uploads\\\/2020\\\/08\\\/7b2d9ea9-216b-49dc-8381-30cbeee4d6d4.jpg\",\"width\":1050,\"height\":644},{\"@type\":\"BreadcrumbList\",\"@id\":\"https:\\\/\\\/diarioprincipios.com\\\/index.php\\\/2020\\\/08\\\/27\\\/ferraresi-firmo-un-convenio-con-el-organismo-provincial-de-integracion-social-y-urbana-para-mejorar-la-calidad-de-vida-de-los-barrios-populares\\\/#breadcrumb\",\"itemListElement\":[{\"@type\":\"ListItem\",\"position\":1,\"name\":\"Portada\",\"item\":\"https:\\\/\\\/diarioprincipios.com\\\/\"},{\"@type\":\"ListItem\",\"position\":2,\"name\":\"Ferraresi firm\u00f3 un convenio con el Organismo Provincial de Integraci\u00f3n Social y Urbana para mejorar la calidad de vida de los barrios populares\"}]},{\"@type\":\"WebSite\",\"@id\":\"https:\\\/\\\/diarioprincipios.com\\\/#website\",\"url\":\"https:\\\/\\\/diarioprincipios.com\\\/\",\"name\":\"Principios\",\"description\":\"Principios Diario\",\"publisher\":{\"@id\":\"https:\\\/\\\/diarioprincipios.com\\\/#organization\"},\"potentialAction\":[{\"@type\":\"SearchAction\",\"target\":{\"@type\":\"EntryPoint\",\"urlTemplate\":\"https:\\\/\\\/diarioprincipios.com\\\/?s={search_term_string}\"},\"query-input\":{\"@type\":\"PropertyValueSpecification\",\"valueRequired\":true,\"valueName\":\"search_term_string\"}}],\"inLanguage\":\"es\"},{\"@type\":\"Organization\",\"@id\":\"https:\\\/\\\/diarioprincipios.com\\\/#organization\",\"name\":\"Principios\",\"url\":\"https:\\\/\\\/diarioprincipios.com\\\/\",\"logo\":{\"@type\":\"ImageObject\",\"inLanguage\":\"es\",\"@id\":\"https:\\\/\\\/diarioprincipios.com\\\/#\\\/schema\\\/logo\\\/image\\\/\",\"url\":\"https:\\\/\\\/diarioprincipios.com\\\/wp-content\\\/uploads\\\/2024\\\/04\\\/cropped-www.diarioprincipios.com_-1.png\",\"contentUrl\":\"https:\\\/\\\/diarioprincipios.com\\\/wp-content\\\/uploads\\\/2024\\\/04\\\/cropped-www.diarioprincipios.com_-1.png\",\"width\":5325,\"height\":1454,\"caption\":\"Principios\"},\"image\":{\"@id\":\"https:\\\/\\\/diarioprincipios.com\\\/#\\\/schema\\\/logo\\\/image\\\/\"}},{\"@type\":\"Person\",\"@id\":\"https:\\\/\\\/diarioprincipios.com\\\/#\\\/schema\\\/person\\\/436d5a1fd41a5e250e23ff5a6a7cb080\",\"name\":\"Hern\u00e1n L\u00f3pez\",\"image\":{\"@type\":\"ImageObject\",\"inLanguage\":\"es\",\"@id\":\"https:\\\/\\\/diarioprincipios.com\\\/wp-content\\\/litespeed\\\/avatar\\\/11ddfe5610ff3bd100522525b2571f48.jpg?ver=1777048341\",\"url\":\"https:\\\/\\\/diarioprincipios.com\\\/wp-content\\\/litespeed\\\/avatar\\\/11ddfe5610ff3bd100522525b2571f48.jpg?ver=1777048341\",\"contentUrl\":\"https:\\\/\\\/diarioprincipios.com\\\/wp-content\\\/litespeed\\\/avatar\\\/11ddfe5610ff3bd100522525b2571f48.jpg?ver=1777048341\",\"caption\":\"Hern\u00e1n L\u00f3pez\"},\"url\":\"https:\\\/\\\/diarioprincipios.com\\\/index.php\\\/author\\\/hernan\\\/\"}]}<\/script>\n<!-- \/ Yoast SEO plugin. -->","yoast_head_json":{"title":"Ferraresi firm\u00f3 un convenio con el Organismo Provincial de Integraci\u00f3n Social y Urbana para mejorar la calidad de vida de los barrios populares - Principios","robots":{"index":"index","follow":"follow","max-snippet":"max-snippet:-1","max-image-preview":"max-image-preview:large","max-video-preview":"max-video-preview:-1"},"canonical":"https:\/\/diarioprincipios.com\/index.php\/2020\/08\/27\/ferraresi-firmo-un-convenio-con-el-organismo-provincial-de-integracion-social-y-urbana-para-mejorar-la-calidad-de-vida-de-los-barrios-populares\/","og_locale":"es_ES","og_type":"article","og_title":"Ferraresi firm\u00f3 un convenio con el Organismo Provincial de Integraci\u00f3n Social y Urbana para mejorar la calidad de vida de los barrios populares - Principios","og_description":"La r\u00fabrica del convenio marco se llev\u00f3 a cabo con el Jefe de Gabinete de la Provincia de Buenos Aires, Carlos Bianco y la directora del (OPISU), Romina Barrios. Este acuerdo de colaboraci\u00f3n rec\u00edproca busca impulsar diferentes medidas que mejoren de manera integral las condiciones de vida de los vecinxs que habitan los barrios m\u00e1s...","og_url":"https:\/\/diarioprincipios.com\/index.php\/2020\/08\/27\/ferraresi-firmo-un-convenio-con-el-organismo-provincial-de-integracion-social-y-urbana-para-mejorar-la-calidad-de-vida-de-los-barrios-populares\/","og_site_name":"Principios","article_published_time":"2020-08-27T20:04:41+00:00","article_modified_time":"2020-08-27T20:04:46+00:00","og_image":[{"width":1050,"height":644,"url":"https:\/\/diarioprincipios.com\/wp-content\/uploads\/2020\/08\/7b2d9ea9-216b-49dc-8381-30cbeee4d6d4.jpg","type":"image\/jpeg"}],"author":"Hern\u00e1n L\u00f3pez","twitter_card":"summary_large_image","twitter_misc":{"Escrito por":"Hern\u00e1n L\u00f3pez","Tiempo de lectura":"1 minuto"},"schema":{"@context":"https:\/\/schema.org","@graph":[{"@type":"Article","@id":"https:\/\/diarioprincipios.com\/index.php\/2020\/08\/27\/ferraresi-firmo-un-convenio-con-el-organismo-provincial-de-integracion-social-y-urbana-para-mejorar-la-calidad-de-vida-de-los-barrios-populares\/#article","isPartOf":{"@id":"https:\/\/diarioprincipios.com\/index.php\/2020\/08\/27\/ferraresi-firmo-un-convenio-con-el-organismo-provincial-de-integracion-social-y-urbana-para-mejorar-la-calidad-de-vida-de-los-barrios-populares\/"},"author":{"name":"Hern\u00e1n L\u00f3pez","@id":"https:\/\/diarioprincipios.com\/#\/schema\/person\/436d5a1fd41a5e250e23ff5a6a7cb080"},"headline":"Ferraresi firm\u00f3 un convenio con el Organismo Provincial de Integraci\u00f3n Social y Urbana para mejorar la calidad de vida de los barrios populares","datePublished":"2020-08-27T20:04:41+00:00","dateModified":"2020-08-27T20:04:46+00:00","mainEntityOfPage":{"@id":"https:\/\/diarioprincipios.com\/index.php\/2020\/08\/27\/ferraresi-firmo-un-convenio-con-el-organismo-provincial-de-integracion-social-y-urbana-para-mejorar-la-calidad-de-vida-de-los-barrios-populares\/"},"wordCount":178,"commentCount":0,"publisher":{"@id":"https:\/\/diarioprincipios.com\/#organization"},"image":{"@id":"https:\/\/diarioprincipios.com\/index.php\/2020\/08\/27\/ferraresi-firmo-un-convenio-con-el-organismo-provincial-de-integracion-social-y-urbana-para-mejorar-la-calidad-de-vida-de-los-barrios-populares\/#primaryimage"},"thumbnailUrl":"https:\/\/diarioprincipios.com\/wp-content\/uploads\/2020\/08\/7b2d9ea9-216b-49dc-8381-30cbeee4d6d4.jpg","articleSection":["Avellaneda"],"inLanguage":"es","potentialAction":[{"@type":"CommentAction","name":"Comment","target":["https:\/\/diarioprincipios.com\/index.php\/2020\/08\/27\/ferraresi-firmo-un-convenio-con-el-organismo-provincial-de-integracion-social-y-urbana-para-mejorar-la-calidad-de-vida-de-los-barrios-populares\/#respond"]}]},{"@type":"WebPage","@id":"https:\/\/diarioprincipios.com\/index.php\/2020\/08\/27\/ferraresi-firmo-un-convenio-con-el-organismo-provincial-de-integracion-social-y-urbana-para-mejorar-la-calidad-de-vida-de-los-barrios-populares\/","url":"https:\/\/diarioprincipios.com\/index.php\/2020\/08\/27\/ferraresi-firmo-un-convenio-con-el-organismo-provincial-de-integracion-social-y-urbana-para-mejorar-la-calidad-de-vida-de-los-barrios-populares\/","name":"Ferraresi firm\u00f3 un convenio con el Organismo Provincial de Integraci\u00f3n Social y Urbana para mejorar la calidad de vida de los barrios populares - Principios","isPartOf":{"@id":"https:\/\/diarioprincipios.com\/#website"},"primaryImageOfPage":{"@id":"https:\/\/diarioprincipios.com\/index.php\/2020\/08\/27\/ferraresi-firmo-un-convenio-con-el-organismo-provincial-de-integracion-social-y-urbana-para-mejorar-la-calidad-de-vida-de-los-barrios-populares\/#primaryimage"},"image":{"@id":"https:\/\/diarioprincipios.com\/index.php\/2020\/08\/27\/ferraresi-firmo-un-convenio-con-el-organismo-provincial-de-integracion-social-y-urbana-para-mejorar-la-calidad-de-vida-de-los-barrios-populares\/#primaryimage"},"thumbnailUrl":"https:\/\/diarioprincipios.com\/wp-content\/uploads\/2020\/08\/7b2d9ea9-216b-49dc-8381-30cbeee4d6d4.jpg","datePublished":"2020-08-27T20:04:41+00:00","dateModified":"2020-08-27T20:04:46+00:00","breadcrumb":{"@id":"https:\/\/diarioprincipios.com\/index.php\/2020\/08\/27\/ferraresi-firmo-un-convenio-con-el-organismo-provincial-de-integracion-social-y-urbana-para-mejorar-la-calidad-de-vida-de-los-barrios-populares\/#breadcrumb"},"inLanguage":"es","potentialAction":[{"@type":"ReadAction","target":["https:\/\/diarioprincipios.com\/index.php\/2020\/08\/27\/ferraresi-firmo-un-convenio-con-el-organismo-provincial-de-integracion-social-y-urbana-para-mejorar-la-calidad-de-vida-de-los-barrios-populares\/"]}]},{"@type":"ImageObject","inLanguage":"es","@id":"https:\/\/diarioprincipios.com\/index.php\/2020\/08\/27\/ferraresi-firmo-un-convenio-con-el-organismo-provincial-de-integracion-social-y-urbana-para-mejorar-la-calidad-de-vida-de-los-barrios-populares\/#primaryimage","url":"https:\/\/diarioprincipios.com\/wp-content\/uploads\/2020\/08\/7b2d9ea9-216b-49dc-8381-30cbeee4d6d4.jpg","contentUrl":"https:\/\/diarioprincipios.com\/wp-content\/uploads\/2020\/08\/7b2d9ea9-216b-49dc-8381-30cbeee4d6d4.jpg","width":1050,"height":644},{"@type":"BreadcrumbList","@id":"https:\/\/diarioprincipios.com\/index.php\/2020\/08\/27\/ferraresi-firmo-un-convenio-con-el-organismo-provincial-de-integracion-social-y-urbana-para-mejorar-la-calidad-de-vida-de-los-barrios-populares\/#breadcrumb","itemListElement":[{"@type":"ListItem","position":1,"name":"Portada","item":"https:\/\/diarioprincipios.com\/"},{"@type":"ListItem","position":2,"name":"Ferraresi firm\u00f3 un convenio con el Organismo Provincial de Integraci\u00f3n Social y Urbana para mejorar la calidad de vida de los barrios populares"}]},{"@type":"WebSite","@id":"https:\/\/diarioprincipios.com\/#website","url":"https:\/\/diarioprincipios.com\/","name":"Principios","description":"Principios Diario","publisher":{"@id":"https:\/\/diarioprincipios.com\/#organization"},"potentialAction":[{"@type":"SearchAction","target":{"@type":"EntryPoint","urlTemplate":"https:\/\/diarioprincipios.com\/?s={search_term_string}"},"query-input":{"@type":"PropertyValueSpecification","valueRequired":true,"valueName":"search_term_string"}}],"inLanguage":"es"},{"@type":"Organization","@id":"https:\/\/diarioprincipios.com\/#organization","name":"Principios","url":"https:\/\/diarioprincipios.com\/","logo":{"@type":"ImageObject","inLanguage":"es","@id":"https:\/\/diarioprincipios.com\/#\/schema\/logo\/image\/","url":"https:\/\/diarioprincipios.com\/wp-content\/uploads\/2024\/04\/cropped-www.diarioprincipios.com_-1.png","contentUrl":"https:\/\/diarioprincipios.com\/wp-content\/uploads\/2024\/04\/cropped-www.diarioprincipios.com_-1.png","width":5325,"height":1454,"caption":"Principios"},"image":{"@id":"https:\/\/diarioprincipios.com\/#\/schema\/logo\/image\/"}},{"@type":"Person","@id":"https:\/\/diarioprincipios.com\/#\/schema\/person\/436d5a1fd41a5e250e23ff5a6a7cb080","name":"Hern\u00e1n L\u00f3pez","image":{"@type":"ImageObject","inLanguage":"es","@id":"https:\/\/diarioprincipios.com\/wp-content\/litespeed\/avatar\/11ddfe5610ff3bd100522525b2571f48.jpg?ver=1777048341","url":"https:\/\/diarioprincipios.com\/wp-content\/litespeed\/avatar\/11ddfe5610ff3bd100522525b2571f48.jpg?ver=1777048341","contentUrl":"https:\/\/diarioprincipios.com\/wp-content\/litespeed\/avatar\/11ddfe5610ff3bd100522525b2571f48.jpg?ver=1777048341","caption":"Hern\u00e1n L\u00f3pez"},"url":"https:\/\/diarioprincipios.com\/index.php\/author\/hernan\/"}]}},"jetpack_featured_media_url":"https:\/\/diarioprincipios.com\/wp-content\/uploads\/2020\/08\/7b2d9ea9-216b-49dc-8381-30cbeee4d6d4.jpg","_links":{"self":[{"href":"https:\/\/diarioprincipios.com\/index.php\/wp-json\/wp\/v2\/posts\/5107","targetHints":{"allow":["GET"]}}],"collection":[{"href":"https:\/\/diarioprincipios.com\/index.php\/wp-json\/wp\/v2\/posts"}],"about":[{"href":"https:\/\/diarioprincipios.com\/index.php\/wp-json\/wp\/v2\/types\/post"}],"author":[{"embeddable":true,"href":"https:\/\/diarioprincipios.com\/index.php\/wp-json\/wp\/v2\/users\/2"}],"replies":[{"embeddable":true,"href":"https:\/\/diarioprincipios.com\/index.php\/wp-json\/wp\/v2\/comments?post=5107"}],"version-history":[{"count":1,"href":"https:\/\/diarioprincipios.com\/index.php\/wp-json\/wp\/v2\/posts\/5107\/revisions"}],"predecessor-version":[{"id":5109,"href":"https:\/\/diarioprincipios.com\/index.php\/wp-json\/wp\/v2\/posts\/5107\/revisions\/5109"}],"wp:featuredmedia":[{"embeddable":true,"href":"https:\/\/diarioprincipios.com\/index.php\/wp-json\/wp\/v2\/media\/5108"}],"wp:attachment":[{"href":"https:\/\/diarioprincipios.com\/index.php\/wp-json\/wp\/v2\/media?parent=5107"}],"wp:term":[{"taxonomy":"category","embeddable":true,"href":"https:\/\/diarioprincipios.com\/index.php\/wp-json\/wp\/v2\/categories?post=5107"},{"taxonomy":"post_tag","embeddable":true,"href":"https:\/\/diarioprincipios.com\/index.php\/wp-json\/wp\/v2\/tags?post=5107"}],"curies":[{"name":"wp","href":"https:\/\/api.w.org\/{rel}","templated":true}]}}