{"id":5104,"date":"2020-08-27T16:47:15","date_gmt":"2020-08-27T19:47:15","guid":{"rendered":"http:\/\/diarioprincipios.com\/?p=5104"},"modified":"2020-08-27T16:47:19","modified_gmt":"2020-08-27T19:47:19","slug":"dictan-la-prision-preventiva-para-los-cuatro-imputados-por-el-robo-a-la-casa-del-jubilado-en-quilmes","status":"publish","type":"post","link":"https:\/\/diarioprincipios.com\/index.php\/2020\/08\/27\/dictan-la-prision-preventiva-para-los-cuatro-imputados-por-el-robo-a-la-casa-del-jubilado-en-quilmes\/","title":{"rendered":"Dictan la prisi\u00f3n preventiva para los cuatro imputados por el robo a la casa del jubilado en Quilmes"},"content":{"rendered":"\n<p>Los cuatro sospechosos de haber ingresado a robar el mes pasado a la casa de Jorge R\u00edos, el herrero jubilado que luego persigui\u00f3 y mat\u00f3 de un balazo a un quinto c\u00f3mplice a unos 50 metros de su vivienda, continuar\u00e1n con prisi\u00f3n preventiva, seg\u00fan lo determin\u00f3 un juez de Garant\u00edas de Quilmes.<\/p>\n\n\n\n<p>Se trata de los detenidos Christian Javier \u201cDibu\u201d Chara (23), David Ezequiel C\u00f3rdoba (25), Mart\u00edn Ariel \u201cPerro\u201d Salto (27) y Claudio Nicol\u00e1s \u201cEl Enano\u201d Dahmer (27), quienes est\u00e1n acusados de ser coautores de los delitos de \u201churto agravado por su perpetraci\u00f3n con escalamiento y robo agravado por el empleo de arma, en grado de tentativa, en concurso real entre s\u00ed\u201d.<\/p>\n\n\n\n<p>De esta manera, el juez de Garant\u00edas 2 del Departamento Judicial de Quilmes, Mart\u00edn Miguel Nolfi, aval\u00f3 el pedido del fiscal Ariel Rivas, quien hab\u00eda solicitado la prisi\u00f3n preventiva de los imputados ya que la expectativa de pena que tiene el delito que se les imputad prev\u00e9 \u00abuna condena de prisi\u00f3n efectiva\u00bb y que existe un peligro de fuga.<\/p>\n\n\n\n<p>\u00abLa magnitud de la pena que podr\u00eda corresponderles, entonces, hace presunci\u00f3n fundada de que es leg\u00edtimo y necesario asegurar la m\u00e1s eficiente administraci\u00f3n de justicia a trav\u00e9s de la medida cautelar que a su respecto reclama la Fiscal\u00eda actuante, persuadido de que tal amenaza punitiva significar\u00eda en el \u00e1nimo de los aqu\u00ed detenidos un motivo suficiente para evadir la actividad judicial\u00bb, se\u00f1al\u00f3 el juez Nolfi en su escrito, al que tuvo acceso T\u00e9lam.<\/p>\n\n\n\n<p>En tanto, en el marco del expediente, tambi\u00e9n est\u00e1 imputado aunque sin prisi\u00f3n preventiva el due\u00f1o de la casa asaltada, el jubilado Jorge R\u00edos (71), como autor del delito de \u201chomicidio agravado por el uso de arma de fuego\u201d de Franco Mart\u00edn Moreyra (26), alias \u00abPiolo\u00bb, el quinto integrante de la banda que ingres\u00f3 a su vivienda a robar.<\/p>\n\n\n\n<p>Seg\u00fan describi\u00f3 el juez en su resoluci\u00f3n, los hechos ocurrieron entre las 4 y las 4.50 de la madrugada del 17 de julio pasado en una casa de la calle Ayolas al 2700, en Quilmes Oeste, cuando cinco j\u00f3venes \u201cescalaron las rejas perimetrales -de una altura aproximada de dos metros- que posee la vivienda\u201d e ingresaron a un taller ubicado en los fondos de la propiedad, \u00abde donde se apoderaron de una bicicleta mountain bike rodado 26, de color gris, y de una cortadora de c\u00e9sped\u00bb.<\/p>\n\n\n\n<p>Luego, los mismos asaltantes regresaron cerca de las 4.30 pero ingresaron al domicilio, donde intimidaron a R\u00edos, \u201ca quien agredieron mediante el uso de un destornillador, caus\u00e1ndole a la v\u00edctima heridas en el dorso de la mano derecha, antebrazo derecho, codo derecho, mu\u00f1eca derecha y en regi\u00f3n pectoral y frontal, e intentaron desapoderarlo ileg\u00edtimamente de cosas de valor existentes en la propiedad\u201d.<\/p>\n\n\n\n<p>Sin embargo, los ladrones no pudieron lograr su objetivo porque, seg\u00fan el juez, qued\u00f3 acreditado que R\u00edos \u201copuso resistencia armada (una pistola Bersa Thunder calibre 9 mil\u00edmetros), poniendo en fuga a los ladrones\u201d.<\/p>\n\n\n\n<p>En las im\u00e1genes de las c\u00e1maras de seguridad que registraron el episodio -y son prueba clave en el expediente-, se ve que uno de los ladrones, luego identificado como Moreyra, qued\u00f3 rezagado del resto de la banda porque estaba herido en un tobillo y trat\u00f3 de huir rengueando hasta que cay\u00f3 a la vuelta de la esquina.<\/p>\n\n\n\n<p>En la resoluci\u00f3n qued\u00f3 descripto que se escucharon una serie de detonaciones mientras un testigo observ\u00f3 a R\u00edos d\u00e1ndole puntapi\u00e9s a Moreyra, quien yac\u00eda en el piso, mientras dec\u00eda \u201cya me tienen cansado, es la tercera vez que me roban\u00bb.<\/p>\n\n\n\n<p>Personal policial arrib\u00f3 minutos despu\u00e9s tras un llamado al 911 y encontr\u00f3 tres vainas servidas en el lugar del hecho correspondientes a un arma calibre 9 mil\u00edmetros.<\/p>\n\n\n\n<p>La autopsia al cuerpo de \u201cPiolo\u201d Moreyra indic\u00f3 que el delincuente recibi\u00f3 dos balazos, uno en el t\u00f3rax y otro en la regi\u00f3n abdominal que le caus\u00f3 la muerte.<\/p>\n\n\n\n<p>En tanto, en la vivienda del jubilado se encontr\u00f3 el Documento Nacional de Identidad de Moreyra, y adem\u00e1s se secuestraron dos credenciales de leg\u00edtimo usuario y de tenencia de armas de fuego, y la pistola calibre 9 mil\u00edmetros.<\/p>\n\n\n\n<p>En tanto, en el patio se hall\u00f3 un destornillador de 30 cent\u00edmetros de longitud y un mango envuelto en cinta, cinco vainas servidas calibre 9mm, y se observ\u00f3 sobre la pared lindante un impacto de proyectil de arma de fuego.<\/p>\n\n\n\n<p>Por la muerte de Moreyra, Rivas estuvo 12 d\u00edas detenido, primero en una comisar\u00eda y luego con prisi\u00f3n domiciliaria, hasta que el fiscal pidi\u00f3 el cese de su detenci\u00f3n por el estado de salud del imputado y porque advert\u00eda que no hab\u00eda riesgos procesales de fuga o entorpecimiento de la investigaci\u00f3n.<\/p>\n","protected":false},"excerpt":{"rendered":"<p>Los cuatro sospechosos de haber ingresado a robar el mes pasado a la casa de Jorge R\u00edos, el herrero jubilado que luego persigui\u00f3 y mat\u00f3 de un balazo a un quinto c\u00f3mplice a unos 50 metros de su vivienda, continuar\u00e1n con prisi\u00f3n preventiva, seg\u00fan lo determin\u00f3 un juez de Garant\u00edas de Quilmes. Se trata de&#8230;<\/p>\n","protected":false},"author":2,"featured_media":5105,"comment_status":"open","ping_status":"open","sticky":false,"template":"","format":"standard","meta":{"footnotes":""},"categories":[4],"tags":[],"class_list":["post-5104","post","type-post","status-publish","format-standard","has-post-thumbnail","hentry","category-quilmes"],"featured_image_src":"https:\/\/diarioprincipios.com\/wp-content\/uploads\/2020\/08\/jorge-rios-internado.jpg","blog_images":{"medium":"https:\/\/diarioprincipios.com\/wp-content\/uploads\/2020\/08\/jorge-rios-internado-300x170.jpg","large":"https:\/\/diarioprincipios.com\/wp-content\/uploads\/2020\/08\/jorge-rios-internado.jpg"},"ams_acf":[],"yoast_head":"<!-- This site is optimized with the Yoast SEO plugin v27.3 - https:\/\/yoast.com\/product\/yoast-seo-wordpress\/ -->\n<title>Dictan la prisi\u00f3n preventiva para los cuatro imputados por el robo a la casa del jubilado en Quilmes - Principios<\/title>\n<meta name=\"robots\" content=\"index, follow, max-snippet:-1, max-image-preview:large, max-video-preview:-1\" \/>\n<link rel=\"canonical\" href=\"https:\/\/diarioprincipios.com\/index.php\/2020\/08\/27\/dictan-la-prision-preventiva-para-los-cuatro-imputados-por-el-robo-a-la-casa-del-jubilado-en-quilmes\/\" \/>\n<meta property=\"og:locale\" content=\"es_ES\" \/>\n<meta property=\"og:type\" content=\"article\" \/>\n<meta property=\"og:title\" content=\"Dictan la prisi\u00f3n preventiva para los cuatro imputados por el robo a la casa del jubilado en Quilmes - Principios\" \/>\n<meta property=\"og:description\" content=\"Los cuatro sospechosos de haber ingresado a robar el mes pasado a la casa de Jorge R\u00edos, el herrero jubilado que luego persigui\u00f3 y mat\u00f3 de un balazo a un quinto c\u00f3mplice a unos 50 metros de su vivienda, continuar\u00e1n con prisi\u00f3n preventiva, seg\u00fan lo determin\u00f3 un juez de Garant\u00edas de Quilmes. Se trata de...\" \/>\n<meta property=\"og:url\" content=\"https:\/\/diarioprincipios.com\/index.php\/2020\/08\/27\/dictan-la-prision-preventiva-para-los-cuatro-imputados-por-el-robo-a-la-casa-del-jubilado-en-quilmes\/\" \/>\n<meta property=\"og:site_name\" content=\"Principios\" \/>\n<meta property=\"article:published_time\" content=\"2020-08-27T19:47:15+00:00\" \/>\n<meta property=\"article:modified_time\" content=\"2020-08-27T19:47:19+00:00\" \/>\n<meta property=\"og:image\" content=\"https:\/\/diarioprincipios.com\/wp-content\/uploads\/2020\/08\/jorge-rios-internado.jpg\" \/>\n\t<meta property=\"og:image:width\" content=\"960\" \/>\n\t<meta property=\"og:image:height\" content=\"543\" \/>\n\t<meta property=\"og:image:type\" content=\"image\/jpeg\" \/>\n<meta name=\"author\" content=\"Hern\u00e1n L\u00f3pez\" \/>\n<meta name=\"twitter:card\" content=\"summary_large_image\" \/>\n<meta name=\"twitter:label1\" content=\"Escrito por\" \/>\n\t<meta name=\"twitter:data1\" content=\"Hern\u00e1n L\u00f3pez\" \/>\n\t<meta name=\"twitter:label2\" content=\"Tiempo de lectura\" \/>\n\t<meta name=\"twitter:data2\" content=\"4 minutos\" \/>\n<script type=\"application\/ld+json\" class=\"yoast-schema-graph\">{\"@context\":\"https:\\\/\\\/schema.org\",\"@graph\":[{\"@type\":\"Article\",\"@id\":\"https:\\\/\\\/diarioprincipios.com\\\/index.php\\\/2020\\\/08\\\/27\\\/dictan-la-prision-preventiva-para-los-cuatro-imputados-por-el-robo-a-la-casa-del-jubilado-en-quilmes\\\/#article\",\"isPartOf\":{\"@id\":\"https:\\\/\\\/diarioprincipios.com\\\/index.php\\\/2020\\\/08\\\/27\\\/dictan-la-prision-preventiva-para-los-cuatro-imputados-por-el-robo-a-la-casa-del-jubilado-en-quilmes\\\/\"},\"author\":{\"name\":\"Hern\u00e1n L\u00f3pez\",\"@id\":\"https:\\\/\\\/diarioprincipios.com\\\/#\\\/schema\\\/person\\\/436d5a1fd41a5e250e23ff5a6a7cb080\"},\"headline\":\"Dictan la prisi\u00f3n preventiva para los cuatro imputados por el robo a la casa del jubilado en Quilmes\",\"datePublished\":\"2020-08-27T19:47:15+00:00\",\"dateModified\":\"2020-08-27T19:47:19+00:00\",\"mainEntityOfPage\":{\"@id\":\"https:\\\/\\\/diarioprincipios.com\\\/index.php\\\/2020\\\/08\\\/27\\\/dictan-la-prision-preventiva-para-los-cuatro-imputados-por-el-robo-a-la-casa-del-jubilado-en-quilmes\\\/\"},\"wordCount\":832,\"commentCount\":0,\"publisher\":{\"@id\":\"https:\\\/\\\/diarioprincipios.com\\\/#organization\"},\"image\":{\"@id\":\"https:\\\/\\\/diarioprincipios.com\\\/index.php\\\/2020\\\/08\\\/27\\\/dictan-la-prision-preventiva-para-los-cuatro-imputados-por-el-robo-a-la-casa-del-jubilado-en-quilmes\\\/#primaryimage\"},\"thumbnailUrl\":\"https:\\\/\\\/diarioprincipios.com\\\/wp-content\\\/uploads\\\/2020\\\/08\\\/jorge-rios-internado.jpg\",\"articleSection\":[\"Quilmes\"],\"inLanguage\":\"es\",\"potentialAction\":[{\"@type\":\"CommentAction\",\"name\":\"Comment\",\"target\":[\"https:\\\/\\\/diarioprincipios.com\\\/index.php\\\/2020\\\/08\\\/27\\\/dictan-la-prision-preventiva-para-los-cuatro-imputados-por-el-robo-a-la-casa-del-jubilado-en-quilmes\\\/#respond\"]}]},{\"@type\":\"WebPage\",\"@id\":\"https:\\\/\\\/diarioprincipios.com\\\/index.php\\\/2020\\\/08\\\/27\\\/dictan-la-prision-preventiva-para-los-cuatro-imputados-por-el-robo-a-la-casa-del-jubilado-en-quilmes\\\/\",\"url\":\"https:\\\/\\\/diarioprincipios.com\\\/index.php\\\/2020\\\/08\\\/27\\\/dictan-la-prision-preventiva-para-los-cuatro-imputados-por-el-robo-a-la-casa-del-jubilado-en-quilmes\\\/\",\"name\":\"Dictan la prisi\u00f3n preventiva para los cuatro imputados por el robo a la casa del jubilado en Quilmes - Principios\",\"isPartOf\":{\"@id\":\"https:\\\/\\\/diarioprincipios.com\\\/#website\"},\"primaryImageOfPage\":{\"@id\":\"https:\\\/\\\/diarioprincipios.com\\\/index.php\\\/2020\\\/08\\\/27\\\/dictan-la-prision-preventiva-para-los-cuatro-imputados-por-el-robo-a-la-casa-del-jubilado-en-quilmes\\\/#primaryimage\"},\"image\":{\"@id\":\"https:\\\/\\\/diarioprincipios.com\\\/index.php\\\/2020\\\/08\\\/27\\\/dictan-la-prision-preventiva-para-los-cuatro-imputados-por-el-robo-a-la-casa-del-jubilado-en-quilmes\\\/#primaryimage\"},\"thumbnailUrl\":\"https:\\\/\\\/diarioprincipios.com\\\/wp-content\\\/uploads\\\/2020\\\/08\\\/jorge-rios-internado.jpg\",\"datePublished\":\"2020-08-27T19:47:15+00:00\",\"dateModified\":\"2020-08-27T19:47:19+00:00\",\"breadcrumb\":{\"@id\":\"https:\\\/\\\/diarioprincipios.com\\\/index.php\\\/2020\\\/08\\\/27\\\/dictan-la-prision-preventiva-para-los-cuatro-imputados-por-el-robo-a-la-casa-del-jubilado-en-quilmes\\\/#breadcrumb\"},\"inLanguage\":\"es\",\"potentialAction\":[{\"@type\":\"ReadAction\",\"target\":[\"https:\\\/\\\/diarioprincipios.com\\\/index.php\\\/2020\\\/08\\\/27\\\/dictan-la-prision-preventiva-para-los-cuatro-imputados-por-el-robo-a-la-casa-del-jubilado-en-quilmes\\\/\"]}]},{\"@type\":\"ImageObject\",\"inLanguage\":\"es\",\"@id\":\"https:\\\/\\\/diarioprincipios.com\\\/index.php\\\/2020\\\/08\\\/27\\\/dictan-la-prision-preventiva-para-los-cuatro-imputados-por-el-robo-a-la-casa-del-jubilado-en-quilmes\\\/#primaryimage\",\"url\":\"https:\\\/\\\/diarioprincipios.com\\\/wp-content\\\/uploads\\\/2020\\\/08\\\/jorge-rios-internado.jpg\",\"contentUrl\":\"https:\\\/\\\/diarioprincipios.com\\\/wp-content\\\/uploads\\\/2020\\\/08\\\/jorge-rios-internado.jpg\",\"width\":960,\"height\":543},{\"@type\":\"BreadcrumbList\",\"@id\":\"https:\\\/\\\/diarioprincipios.com\\\/index.php\\\/2020\\\/08\\\/27\\\/dictan-la-prision-preventiva-para-los-cuatro-imputados-por-el-robo-a-la-casa-del-jubilado-en-quilmes\\\/#breadcrumb\",\"itemListElement\":[{\"@type\":\"ListItem\",\"position\":1,\"name\":\"Portada\",\"item\":\"https:\\\/\\\/diarioprincipios.com\\\/\"},{\"@type\":\"ListItem\",\"position\":2,\"name\":\"Dictan la prisi\u00f3n preventiva para los cuatro imputados por el robo a la casa del jubilado en Quilmes\"}]},{\"@type\":\"WebSite\",\"@id\":\"https:\\\/\\\/diarioprincipios.com\\\/#website\",\"url\":\"https:\\\/\\\/diarioprincipios.com\\\/\",\"name\":\"Principios\",\"description\":\"Principios Diario\",\"publisher\":{\"@id\":\"https:\\\/\\\/diarioprincipios.com\\\/#organization\"},\"potentialAction\":[{\"@type\":\"SearchAction\",\"target\":{\"@type\":\"EntryPoint\",\"urlTemplate\":\"https:\\\/\\\/diarioprincipios.com\\\/?s={search_term_string}\"},\"query-input\":{\"@type\":\"PropertyValueSpecification\",\"valueRequired\":true,\"valueName\":\"search_term_string\"}}],\"inLanguage\":\"es\"},{\"@type\":\"Organization\",\"@id\":\"https:\\\/\\\/diarioprincipios.com\\\/#organization\",\"name\":\"Principios\",\"url\":\"https:\\\/\\\/diarioprincipios.com\\\/\",\"logo\":{\"@type\":\"ImageObject\",\"inLanguage\":\"es\",\"@id\":\"https:\\\/\\\/diarioprincipios.com\\\/#\\\/schema\\\/logo\\\/image\\\/\",\"url\":\"https:\\\/\\\/diarioprincipios.com\\\/wp-content\\\/uploads\\\/2024\\\/04\\\/cropped-www.diarioprincipios.com_-1.png\",\"contentUrl\":\"https:\\\/\\\/diarioprincipios.com\\\/wp-content\\\/uploads\\\/2024\\\/04\\\/cropped-www.diarioprincipios.com_-1.png\",\"width\":5325,\"height\":1454,\"caption\":\"Principios\"},\"image\":{\"@id\":\"https:\\\/\\\/diarioprincipios.com\\\/#\\\/schema\\\/logo\\\/image\\\/\"}},{\"@type\":\"Person\",\"@id\":\"https:\\\/\\\/diarioprincipios.com\\\/#\\\/schema\\\/person\\\/436d5a1fd41a5e250e23ff5a6a7cb080\",\"name\":\"Hern\u00e1n L\u00f3pez\",\"image\":{\"@type\":\"ImageObject\",\"inLanguage\":\"es\",\"@id\":\"https:\\\/\\\/diarioprincipios.com\\\/wp-content\\\/litespeed\\\/avatar\\\/11ddfe5610ff3bd100522525b2571f48.jpg?ver=1777048341\",\"url\":\"https:\\\/\\\/diarioprincipios.com\\\/wp-content\\\/litespeed\\\/avatar\\\/11ddfe5610ff3bd100522525b2571f48.jpg?ver=1777048341\",\"contentUrl\":\"https:\\\/\\\/diarioprincipios.com\\\/wp-content\\\/litespeed\\\/avatar\\\/11ddfe5610ff3bd100522525b2571f48.jpg?ver=1777048341\",\"caption\":\"Hern\u00e1n L\u00f3pez\"},\"url\":\"https:\\\/\\\/diarioprincipios.com\\\/index.php\\\/author\\\/hernan\\\/\"}]}<\/script>\n<!-- \/ Yoast SEO plugin. -->","yoast_head_json":{"title":"Dictan la prisi\u00f3n preventiva para los cuatro imputados por el robo a la casa del jubilado en Quilmes - Principios","robots":{"index":"index","follow":"follow","max-snippet":"max-snippet:-1","max-image-preview":"max-image-preview:large","max-video-preview":"max-video-preview:-1"},"canonical":"https:\/\/diarioprincipios.com\/index.php\/2020\/08\/27\/dictan-la-prision-preventiva-para-los-cuatro-imputados-por-el-robo-a-la-casa-del-jubilado-en-quilmes\/","og_locale":"es_ES","og_type":"article","og_title":"Dictan la prisi\u00f3n preventiva para los cuatro imputados por el robo a la casa del jubilado en Quilmes - Principios","og_description":"Los cuatro sospechosos de haber ingresado a robar el mes pasado a la casa de Jorge R\u00edos, el herrero jubilado que luego persigui\u00f3 y mat\u00f3 de un balazo a un quinto c\u00f3mplice a unos 50 metros de su vivienda, continuar\u00e1n con prisi\u00f3n preventiva, seg\u00fan lo determin\u00f3 un juez de Garant\u00edas de Quilmes. Se trata de...","og_url":"https:\/\/diarioprincipios.com\/index.php\/2020\/08\/27\/dictan-la-prision-preventiva-para-los-cuatro-imputados-por-el-robo-a-la-casa-del-jubilado-en-quilmes\/","og_site_name":"Principios","article_published_time":"2020-08-27T19:47:15+00:00","article_modified_time":"2020-08-27T19:47:19+00:00","og_image":[{"width":960,"height":543,"url":"https:\/\/diarioprincipios.com\/wp-content\/uploads\/2020\/08\/jorge-rios-internado.jpg","type":"image\/jpeg"}],"author":"Hern\u00e1n L\u00f3pez","twitter_card":"summary_large_image","twitter_misc":{"Escrito por":"Hern\u00e1n L\u00f3pez","Tiempo de lectura":"4 minutos"},"schema":{"@context":"https:\/\/schema.org","@graph":[{"@type":"Article","@id":"https:\/\/diarioprincipios.com\/index.php\/2020\/08\/27\/dictan-la-prision-preventiva-para-los-cuatro-imputados-por-el-robo-a-la-casa-del-jubilado-en-quilmes\/#article","isPartOf":{"@id":"https:\/\/diarioprincipios.com\/index.php\/2020\/08\/27\/dictan-la-prision-preventiva-para-los-cuatro-imputados-por-el-robo-a-la-casa-del-jubilado-en-quilmes\/"},"author":{"name":"Hern\u00e1n L\u00f3pez","@id":"https:\/\/diarioprincipios.com\/#\/schema\/person\/436d5a1fd41a5e250e23ff5a6a7cb080"},"headline":"Dictan la prisi\u00f3n preventiva para los cuatro imputados por el robo a la casa del jubilado en Quilmes","datePublished":"2020-08-27T19:47:15+00:00","dateModified":"2020-08-27T19:47:19+00:00","mainEntityOfPage":{"@id":"https:\/\/diarioprincipios.com\/index.php\/2020\/08\/27\/dictan-la-prision-preventiva-para-los-cuatro-imputados-por-el-robo-a-la-casa-del-jubilado-en-quilmes\/"},"wordCount":832,"commentCount":0,"publisher":{"@id":"https:\/\/diarioprincipios.com\/#organization"},"image":{"@id":"https:\/\/diarioprincipios.com\/index.php\/2020\/08\/27\/dictan-la-prision-preventiva-para-los-cuatro-imputados-por-el-robo-a-la-casa-del-jubilado-en-quilmes\/#primaryimage"},"thumbnailUrl":"https:\/\/diarioprincipios.com\/wp-content\/uploads\/2020\/08\/jorge-rios-internado.jpg","articleSection":["Quilmes"],"inLanguage":"es","potentialAction":[{"@type":"CommentAction","name":"Comment","target":["https:\/\/diarioprincipios.com\/index.php\/2020\/08\/27\/dictan-la-prision-preventiva-para-los-cuatro-imputados-por-el-robo-a-la-casa-del-jubilado-en-quilmes\/#respond"]}]},{"@type":"WebPage","@id":"https:\/\/diarioprincipios.com\/index.php\/2020\/08\/27\/dictan-la-prision-preventiva-para-los-cuatro-imputados-por-el-robo-a-la-casa-del-jubilado-en-quilmes\/","url":"https:\/\/diarioprincipios.com\/index.php\/2020\/08\/27\/dictan-la-prision-preventiva-para-los-cuatro-imputados-por-el-robo-a-la-casa-del-jubilado-en-quilmes\/","name":"Dictan la prisi\u00f3n preventiva para los cuatro imputados por el robo a la casa del jubilado en Quilmes - Principios","isPartOf":{"@id":"https:\/\/diarioprincipios.com\/#website"},"primaryImageOfPage":{"@id":"https:\/\/diarioprincipios.com\/index.php\/2020\/08\/27\/dictan-la-prision-preventiva-para-los-cuatro-imputados-por-el-robo-a-la-casa-del-jubilado-en-quilmes\/#primaryimage"},"image":{"@id":"https:\/\/diarioprincipios.com\/index.php\/2020\/08\/27\/dictan-la-prision-preventiva-para-los-cuatro-imputados-por-el-robo-a-la-casa-del-jubilado-en-quilmes\/#primaryimage"},"thumbnailUrl":"https:\/\/diarioprincipios.com\/wp-content\/uploads\/2020\/08\/jorge-rios-internado.jpg","datePublished":"2020-08-27T19:47:15+00:00","dateModified":"2020-08-27T19:47:19+00:00","breadcrumb":{"@id":"https:\/\/diarioprincipios.com\/index.php\/2020\/08\/27\/dictan-la-prision-preventiva-para-los-cuatro-imputados-por-el-robo-a-la-casa-del-jubilado-en-quilmes\/#breadcrumb"},"inLanguage":"es","potentialAction":[{"@type":"ReadAction","target":["https:\/\/diarioprincipios.com\/index.php\/2020\/08\/27\/dictan-la-prision-preventiva-para-los-cuatro-imputados-por-el-robo-a-la-casa-del-jubilado-en-quilmes\/"]}]},{"@type":"ImageObject","inLanguage":"es","@id":"https:\/\/diarioprincipios.com\/index.php\/2020\/08\/27\/dictan-la-prision-preventiva-para-los-cuatro-imputados-por-el-robo-a-la-casa-del-jubilado-en-quilmes\/#primaryimage","url":"https:\/\/diarioprincipios.com\/wp-content\/uploads\/2020\/08\/jorge-rios-internado.jpg","contentUrl":"https:\/\/diarioprincipios.com\/wp-content\/uploads\/2020\/08\/jorge-rios-internado.jpg","width":960,"height":543},{"@type":"BreadcrumbList","@id":"https:\/\/diarioprincipios.com\/index.php\/2020\/08\/27\/dictan-la-prision-preventiva-para-los-cuatro-imputados-por-el-robo-a-la-casa-del-jubilado-en-quilmes\/#breadcrumb","itemListElement":[{"@type":"ListItem","position":1,"name":"Portada","item":"https:\/\/diarioprincipios.com\/"},{"@type":"ListItem","position":2,"name":"Dictan la prisi\u00f3n preventiva para los cuatro imputados por el robo a la casa del jubilado en Quilmes"}]},{"@type":"WebSite","@id":"https:\/\/diarioprincipios.com\/#website","url":"https:\/\/diarioprincipios.com\/","name":"Principios","description":"Principios Diario","publisher":{"@id":"https:\/\/diarioprincipios.com\/#organization"},"potentialAction":[{"@type":"SearchAction","target":{"@type":"EntryPoint","urlTemplate":"https:\/\/diarioprincipios.com\/?s={search_term_string}"},"query-input":{"@type":"PropertyValueSpecification","valueRequired":true,"valueName":"search_term_string"}}],"inLanguage":"es"},{"@type":"Organization","@id":"https:\/\/diarioprincipios.com\/#organization","name":"Principios","url":"https:\/\/diarioprincipios.com\/","logo":{"@type":"ImageObject","inLanguage":"es","@id":"https:\/\/diarioprincipios.com\/#\/schema\/logo\/image\/","url":"https:\/\/diarioprincipios.com\/wp-content\/uploads\/2024\/04\/cropped-www.diarioprincipios.com_-1.png","contentUrl":"https:\/\/diarioprincipios.com\/wp-content\/uploads\/2024\/04\/cropped-www.diarioprincipios.com_-1.png","width":5325,"height":1454,"caption":"Principios"},"image":{"@id":"https:\/\/diarioprincipios.com\/#\/schema\/logo\/image\/"}},{"@type":"Person","@id":"https:\/\/diarioprincipios.com\/#\/schema\/person\/436d5a1fd41a5e250e23ff5a6a7cb080","name":"Hern\u00e1n L\u00f3pez","image":{"@type":"ImageObject","inLanguage":"es","@id":"https:\/\/diarioprincipios.com\/wp-content\/litespeed\/avatar\/11ddfe5610ff3bd100522525b2571f48.jpg?ver=1777048341","url":"https:\/\/diarioprincipios.com\/wp-content\/litespeed\/avatar\/11ddfe5610ff3bd100522525b2571f48.jpg?ver=1777048341","contentUrl":"https:\/\/diarioprincipios.com\/wp-content\/litespeed\/avatar\/11ddfe5610ff3bd100522525b2571f48.jpg?ver=1777048341","caption":"Hern\u00e1n L\u00f3pez"},"url":"https:\/\/diarioprincipios.com\/index.php\/author\/hernan\/"}]}},"jetpack_featured_media_url":"https:\/\/diarioprincipios.com\/wp-content\/uploads\/2020\/08\/jorge-rios-internado.jpg","_links":{"self":[{"href":"https:\/\/diarioprincipios.com\/index.php\/wp-json\/wp\/v2\/posts\/5104","targetHints":{"allow":["GET"]}}],"collection":[{"href":"https:\/\/diarioprincipios.com\/index.php\/wp-json\/wp\/v2\/posts"}],"about":[{"href":"https:\/\/diarioprincipios.com\/index.php\/wp-json\/wp\/v2\/types\/post"}],"author":[{"embeddable":true,"href":"https:\/\/diarioprincipios.com\/index.php\/wp-json\/wp\/v2\/users\/2"}],"replies":[{"embeddable":true,"href":"https:\/\/diarioprincipios.com\/index.php\/wp-json\/wp\/v2\/comments?post=5104"}],"version-history":[{"count":1,"href":"https:\/\/diarioprincipios.com\/index.php\/wp-json\/wp\/v2\/posts\/5104\/revisions"}],"predecessor-version":[{"id":5106,"href":"https:\/\/diarioprincipios.com\/index.php\/wp-json\/wp\/v2\/posts\/5104\/revisions\/5106"}],"wp:featuredmedia":[{"embeddable":true,"href":"https:\/\/diarioprincipios.com\/index.php\/wp-json\/wp\/v2\/media\/5105"}],"wp:attachment":[{"href":"https:\/\/diarioprincipios.com\/index.php\/wp-json\/wp\/v2\/media?parent=5104"}],"wp:term":[{"taxonomy":"category","embeddable":true,"href":"https:\/\/diarioprincipios.com\/index.php\/wp-json\/wp\/v2\/categories?post=5104"},{"taxonomy":"post_tag","embeddable":true,"href":"https:\/\/diarioprincipios.com\/index.php\/wp-json\/wp\/v2\/tags?post=5104"}],"curies":[{"name":"wp","href":"https:\/\/api.w.org\/{rel}","templated":true}]}}