{"id":5097,"date":"2020-08-27T16:01:41","date_gmt":"2020-08-27T19:01:41","guid":{"rendered":"http:\/\/diarioprincipios.com\/?p=5097"},"modified":"2020-08-27T16:05:06","modified_gmt":"2020-08-27T19:05:06","slug":"nuevo-curso-de-capacitacion-para-pymes-sobre-tecnicas-de-comunicacion-visual","status":"publish","type":"post","link":"https:\/\/diarioprincipios.com\/index.php\/2020\/08\/27\/nuevo-curso-de-capacitacion-para-pymes-sobre-tecnicas-de-comunicacion-visual\/","title":{"rendered":"Nuevo Curso de capacitaci\u00f3n para Pymes sobre T\u00e9cnicas de Comunicaci\u00f3n Visual"},"content":{"rendered":"\n<p><strong>La Municipalidad de Berazategui dise\u00f1\u00f3 un nuevo curso de capacitaci\u00f3n para PyMEs, comerciantes y emprendedores, titulado \u00abVideo Pitch como t\u00e9cnica de comunicaci\u00f3n visual\u00bb, una herramienta para preservar y vender un negocio propio. Se brindar\u00e1 de manera digital, este mi\u00e9rcoles 2 de septiembre, y la inscripci\u00f3n ser\u00e1 v\u00eda mail o por tel\u00e9fono.<\/strong><\/p>\n\n\n\n<figure class=\"wp-block-image size-large\"><img loading=\"lazy\" decoding=\"async\" width=\"901\" height=\"901\" src=\"https:\/\/diarioprincipios.com\/wp-content\/uploads\/2020\/08\/VIDEOPITCH-COMO-TECNICA-DE-COMUNICACION-VISUAL-CAPACITACION-PARA-COMERCIANTES-YEMPRENDEDORES-2.jpg\" alt=\"\" class=\"wp-image-5102\" srcset=\"https:\/\/diarioprincipios.com\/wp-content\/uploads\/2020\/08\/VIDEOPITCH-COMO-TECNICA-DE-COMUNICACION-VISUAL-CAPACITACION-PARA-COMERCIANTES-YEMPRENDEDORES-2.jpg 901w, https:\/\/diarioprincipios.com\/wp-content\/uploads\/2020\/08\/VIDEOPITCH-COMO-TECNICA-DE-COMUNICACION-VISUAL-CAPACITACION-PARA-COMERCIANTES-YEMPRENDEDORES-2-300x300.jpg 300w, https:\/\/diarioprincipios.com\/wp-content\/uploads\/2020\/08\/VIDEOPITCH-COMO-TECNICA-DE-COMUNICACION-VISUAL-CAPACITACION-PARA-COMERCIANTES-YEMPRENDEDORES-2-150x150.jpg 150w, https:\/\/diarioprincipios.com\/wp-content\/uploads\/2020\/08\/VIDEOPITCH-COMO-TECNICA-DE-COMUNICACION-VISUAL-CAPACITACION-PARA-COMERCIANTES-YEMPRENDEDORES-2-768x768.jpg 768w\" sizes=\"auto, (max-width: 901px) 100vw, 901px\" \/><\/figure>\n\n\n\n<p>La Secretar\u00eda de Trabajo del Municipio, en conjunto con el Club de Emprendedores de la Universidad Nacional Arturo Jauretche, ofrece un nuevo curso destinado a comerciantes, emprendedores y PyMEs, con el objetivo de capacitarlos en la t\u00e9cnica de Video Pitch, una herramienta eficaz de comunicaci\u00f3n visual para preservar y potenciar un emprendimiento comercial propio.<\/p>\n\n\n\n<p>Se brindar\u00e1 este mi\u00e9rcoles 2 de septiembre, de 17.00 a 19.00, en forma online y gratuita. Quienes deseen realizar este curso de capacitaci\u00f3n, pueden inscribirse v\u00eda mail a&nbsp;<a rel=\"noreferrer noopener\" target=\"_blank\" href=\"mailto:secretariadetrabajo@berazategui.gob.ar\">secretariadetrabajo@berazategui.gob.ar<\/a>&nbsp;o llamando al 4215-1395 y 4356-9200 (Interno 1194), de 9.00 a 15.00.<\/p>\n","protected":false},"excerpt":{"rendered":"<p>La Municipalidad de Berazategui dise\u00f1\u00f3 un nuevo curso de capacitaci\u00f3n para PyMEs, comerciantes y emprendedores, titulado \u00abVideo Pitch como t\u00e9cnica de comunicaci\u00f3n visual\u00bb, una herramienta para preservar y vender un negocio propio. Se brindar\u00e1 de manera digital, este mi\u00e9rcoles 2 de septiembre, y la inscripci\u00f3n ser\u00e1 v\u00eda mail o por tel\u00e9fono. La Secretar\u00eda de Trabajo&#8230;<\/p>\n","protected":false},"author":2,"featured_media":5098,"comment_status":"open","ping_status":"open","sticky":false,"template":"","format":"standard","meta":{"footnotes":""},"categories":[3],"tags":[],"class_list":["post-5097","post","type-post","status-publish","format-standard","has-post-thumbnail","hentry","category-berazategui"],"featured_image_src":"https:\/\/diarioprincipios.com\/wp-content\/uploads\/2020\/08\/VIDEOPITCH-COMO-TECNICA-DE-COMUNICACION-VISUAL-CAPACITACION-PARA-COMERCIANTES-YEMPRENDEDORES.jpg","blog_images":{"medium":"https:\/\/diarioprincipios.com\/wp-content\/uploads\/2020\/08\/VIDEOPITCH-COMO-TECNICA-DE-COMUNICACION-VISUAL-CAPACITACION-PARA-COMERCIANTES-YEMPRENDEDORES-300x300.jpg","large":"https:\/\/diarioprincipios.com\/wp-content\/uploads\/2020\/08\/VIDEOPITCH-COMO-TECNICA-DE-COMUNICACION-VISUAL-CAPACITACION-PARA-COMERCIANTES-YEMPRENDEDORES.jpg"},"ams_acf":[],"yoast_head":"<!-- This site is optimized with the Yoast SEO plugin v27.3 - https:\/\/yoast.com\/product\/yoast-seo-wordpress\/ -->\n<title>Nuevo Curso de capacitaci\u00f3n para Pymes sobre T\u00e9cnicas de Comunicaci\u00f3n Visual - Principios<\/title>\n<meta name=\"robots\" content=\"index, follow, max-snippet:-1, max-image-preview:large, max-video-preview:-1\" \/>\n<link rel=\"canonical\" href=\"https:\/\/diarioprincipios.com\/index.php\/2020\/08\/27\/nuevo-curso-de-capacitacion-para-pymes-sobre-tecnicas-de-comunicacion-visual\/\" \/>\n<meta property=\"og:locale\" content=\"es_ES\" \/>\n<meta property=\"og:type\" content=\"article\" \/>\n<meta property=\"og:title\" content=\"Nuevo Curso de capacitaci\u00f3n para Pymes sobre T\u00e9cnicas de Comunicaci\u00f3n Visual - Principios\" \/>\n<meta property=\"og:description\" content=\"La Municipalidad de Berazategui dise\u00f1\u00f3 un nuevo curso de capacitaci\u00f3n para PyMEs, comerciantes y emprendedores, titulado \u00abVideo Pitch como t\u00e9cnica de comunicaci\u00f3n visual\u00bb, una herramienta para preservar y vender un negocio propio. Se brindar\u00e1 de manera digital, este mi\u00e9rcoles 2 de septiembre, y la inscripci\u00f3n ser\u00e1 v\u00eda mail o por tel\u00e9fono. La Secretar\u00eda de Trabajo...\" \/>\n<meta property=\"og:url\" content=\"https:\/\/diarioprincipios.com\/index.php\/2020\/08\/27\/nuevo-curso-de-capacitacion-para-pymes-sobre-tecnicas-de-comunicacion-visual\/\" \/>\n<meta property=\"og:site_name\" content=\"Principios\" \/>\n<meta property=\"article:published_time\" content=\"2020-08-27T19:01:41+00:00\" \/>\n<meta property=\"article:modified_time\" content=\"2020-08-27T19:05:06+00:00\" \/>\n<meta property=\"og:image\" content=\"https:\/\/diarioprincipios.com\/wp-content\/uploads\/2020\/08\/VIDEOPITCH-COMO-TECNICA-DE-COMUNICACION-VISUAL-CAPACITACION-PARA-COMERCIANTES-YEMPRENDEDORES.jpg\" \/>\n\t<meta property=\"og:image:width\" content=\"901\" \/>\n\t<meta property=\"og:image:height\" content=\"901\" \/>\n\t<meta property=\"og:image:type\" content=\"image\/jpeg\" \/>\n<meta name=\"author\" content=\"Hern\u00e1n L\u00f3pez\" \/>\n<meta name=\"twitter:card\" content=\"summary_large_image\" \/>\n<meta name=\"twitter:label1\" content=\"Escrito por\" \/>\n\t<meta name=\"twitter:data1\" content=\"Hern\u00e1n L\u00f3pez\" \/>\n\t<meta name=\"twitter:label2\" content=\"Tiempo de lectura\" \/>\n\t<meta name=\"twitter:data2\" content=\"1 minuto\" \/>\n<script type=\"application\/ld+json\" class=\"yoast-schema-graph\">{\"@context\":\"https:\\\/\\\/schema.org\",\"@graph\":[{\"@type\":\"Article\",\"@id\":\"https:\\\/\\\/diarioprincipios.com\\\/index.php\\\/2020\\\/08\\\/27\\\/nuevo-curso-de-capacitacion-para-pymes-sobre-tecnicas-de-comunicacion-visual\\\/#article\",\"isPartOf\":{\"@id\":\"https:\\\/\\\/diarioprincipios.com\\\/index.php\\\/2020\\\/08\\\/27\\\/nuevo-curso-de-capacitacion-para-pymes-sobre-tecnicas-de-comunicacion-visual\\\/\"},\"author\":{\"name\":\"Hern\u00e1n L\u00f3pez\",\"@id\":\"https:\\\/\\\/diarioprincipios.com\\\/#\\\/schema\\\/person\\\/436d5a1fd41a5e250e23ff5a6a7cb080\"},\"headline\":\"Nuevo Curso de capacitaci\u00f3n para Pymes sobre T\u00e9cnicas de Comunicaci\u00f3n Visual\",\"datePublished\":\"2020-08-27T19:01:41+00:00\",\"dateModified\":\"2020-08-27T19:05:06+00:00\",\"mainEntityOfPage\":{\"@id\":\"https:\\\/\\\/diarioprincipios.com\\\/index.php\\\/2020\\\/08\\\/27\\\/nuevo-curso-de-capacitacion-para-pymes-sobre-tecnicas-de-comunicacion-visual\\\/\"},\"wordCount\":171,\"commentCount\":0,\"publisher\":{\"@id\":\"https:\\\/\\\/diarioprincipios.com\\\/#organization\"},\"image\":{\"@id\":\"https:\\\/\\\/diarioprincipios.com\\\/index.php\\\/2020\\\/08\\\/27\\\/nuevo-curso-de-capacitacion-para-pymes-sobre-tecnicas-de-comunicacion-visual\\\/#primaryimage\"},\"thumbnailUrl\":\"https:\\\/\\\/diarioprincipios.com\\\/wp-content\\\/uploads\\\/2020\\\/08\\\/VIDEOPITCH-COMO-TECNICA-DE-COMUNICACION-VISUAL-CAPACITACION-PARA-COMERCIANTES-YEMPRENDEDORES.jpg\",\"articleSection\":[\"Berazategui\"],\"inLanguage\":\"es\",\"potentialAction\":[{\"@type\":\"CommentAction\",\"name\":\"Comment\",\"target\":[\"https:\\\/\\\/diarioprincipios.com\\\/index.php\\\/2020\\\/08\\\/27\\\/nuevo-curso-de-capacitacion-para-pymes-sobre-tecnicas-de-comunicacion-visual\\\/#respond\"]}]},{\"@type\":\"WebPage\",\"@id\":\"https:\\\/\\\/diarioprincipios.com\\\/index.php\\\/2020\\\/08\\\/27\\\/nuevo-curso-de-capacitacion-para-pymes-sobre-tecnicas-de-comunicacion-visual\\\/\",\"url\":\"https:\\\/\\\/diarioprincipios.com\\\/index.php\\\/2020\\\/08\\\/27\\\/nuevo-curso-de-capacitacion-para-pymes-sobre-tecnicas-de-comunicacion-visual\\\/\",\"name\":\"Nuevo Curso de capacitaci\u00f3n para Pymes sobre T\u00e9cnicas de Comunicaci\u00f3n Visual - Principios\",\"isPartOf\":{\"@id\":\"https:\\\/\\\/diarioprincipios.com\\\/#website\"},\"primaryImageOfPage\":{\"@id\":\"https:\\\/\\\/diarioprincipios.com\\\/index.php\\\/2020\\\/08\\\/27\\\/nuevo-curso-de-capacitacion-para-pymes-sobre-tecnicas-de-comunicacion-visual\\\/#primaryimage\"},\"image\":{\"@id\":\"https:\\\/\\\/diarioprincipios.com\\\/index.php\\\/2020\\\/08\\\/27\\\/nuevo-curso-de-capacitacion-para-pymes-sobre-tecnicas-de-comunicacion-visual\\\/#primaryimage\"},\"thumbnailUrl\":\"https:\\\/\\\/diarioprincipios.com\\\/wp-content\\\/uploads\\\/2020\\\/08\\\/VIDEOPITCH-COMO-TECNICA-DE-COMUNICACION-VISUAL-CAPACITACION-PARA-COMERCIANTES-YEMPRENDEDORES.jpg\",\"datePublished\":\"2020-08-27T19:01:41+00:00\",\"dateModified\":\"2020-08-27T19:05:06+00:00\",\"breadcrumb\":{\"@id\":\"https:\\\/\\\/diarioprincipios.com\\\/index.php\\\/2020\\\/08\\\/27\\\/nuevo-curso-de-capacitacion-para-pymes-sobre-tecnicas-de-comunicacion-visual\\\/#breadcrumb\"},\"inLanguage\":\"es\",\"potentialAction\":[{\"@type\":\"ReadAction\",\"target\":[\"https:\\\/\\\/diarioprincipios.com\\\/index.php\\\/2020\\\/08\\\/27\\\/nuevo-curso-de-capacitacion-para-pymes-sobre-tecnicas-de-comunicacion-visual\\\/\"]}]},{\"@type\":\"ImageObject\",\"inLanguage\":\"es\",\"@id\":\"https:\\\/\\\/diarioprincipios.com\\\/index.php\\\/2020\\\/08\\\/27\\\/nuevo-curso-de-capacitacion-para-pymes-sobre-tecnicas-de-comunicacion-visual\\\/#primaryimage\",\"url\":\"https:\\\/\\\/diarioprincipios.com\\\/wp-content\\\/uploads\\\/2020\\\/08\\\/VIDEOPITCH-COMO-TECNICA-DE-COMUNICACION-VISUAL-CAPACITACION-PARA-COMERCIANTES-YEMPRENDEDORES.jpg\",\"contentUrl\":\"https:\\\/\\\/diarioprincipios.com\\\/wp-content\\\/uploads\\\/2020\\\/08\\\/VIDEOPITCH-COMO-TECNICA-DE-COMUNICACION-VISUAL-CAPACITACION-PARA-COMERCIANTES-YEMPRENDEDORES.jpg\",\"width\":901,\"height\":901},{\"@type\":\"BreadcrumbList\",\"@id\":\"https:\\\/\\\/diarioprincipios.com\\\/index.php\\\/2020\\\/08\\\/27\\\/nuevo-curso-de-capacitacion-para-pymes-sobre-tecnicas-de-comunicacion-visual\\\/#breadcrumb\",\"itemListElement\":[{\"@type\":\"ListItem\",\"position\":1,\"name\":\"Portada\",\"item\":\"https:\\\/\\\/diarioprincipios.com\\\/\"},{\"@type\":\"ListItem\",\"position\":2,\"name\":\"Nuevo Curso de capacitaci\u00f3n para Pymes sobre T\u00e9cnicas de Comunicaci\u00f3n Visual\"}]},{\"@type\":\"WebSite\",\"@id\":\"https:\\\/\\\/diarioprincipios.com\\\/#website\",\"url\":\"https:\\\/\\\/diarioprincipios.com\\\/\",\"name\":\"Principios\",\"description\":\"Principios Diario\",\"publisher\":{\"@id\":\"https:\\\/\\\/diarioprincipios.com\\\/#organization\"},\"potentialAction\":[{\"@type\":\"SearchAction\",\"target\":{\"@type\":\"EntryPoint\",\"urlTemplate\":\"https:\\\/\\\/diarioprincipios.com\\\/?s={search_term_string}\"},\"query-input\":{\"@type\":\"PropertyValueSpecification\",\"valueRequired\":true,\"valueName\":\"search_term_string\"}}],\"inLanguage\":\"es\"},{\"@type\":\"Organization\",\"@id\":\"https:\\\/\\\/diarioprincipios.com\\\/#organization\",\"name\":\"Principios\",\"url\":\"https:\\\/\\\/diarioprincipios.com\\\/\",\"logo\":{\"@type\":\"ImageObject\",\"inLanguage\":\"es\",\"@id\":\"https:\\\/\\\/diarioprincipios.com\\\/#\\\/schema\\\/logo\\\/image\\\/\",\"url\":\"https:\\\/\\\/diarioprincipios.com\\\/wp-content\\\/uploads\\\/2024\\\/04\\\/cropped-www.diarioprincipios.com_-1.png\",\"contentUrl\":\"https:\\\/\\\/diarioprincipios.com\\\/wp-content\\\/uploads\\\/2024\\\/04\\\/cropped-www.diarioprincipios.com_-1.png\",\"width\":5325,\"height\":1454,\"caption\":\"Principios\"},\"image\":{\"@id\":\"https:\\\/\\\/diarioprincipios.com\\\/#\\\/schema\\\/logo\\\/image\\\/\"}},{\"@type\":\"Person\",\"@id\":\"https:\\\/\\\/diarioprincipios.com\\\/#\\\/schema\\\/person\\\/436d5a1fd41a5e250e23ff5a6a7cb080\",\"name\":\"Hern\u00e1n L\u00f3pez\",\"image\":{\"@type\":\"ImageObject\",\"inLanguage\":\"es\",\"@id\":\"https:\\\/\\\/diarioprincipios.com\\\/wp-content\\\/litespeed\\\/avatar\\\/11ddfe5610ff3bd100522525b2571f48.jpg?ver=1777048341\",\"url\":\"https:\\\/\\\/diarioprincipios.com\\\/wp-content\\\/litespeed\\\/avatar\\\/11ddfe5610ff3bd100522525b2571f48.jpg?ver=1777048341\",\"contentUrl\":\"https:\\\/\\\/diarioprincipios.com\\\/wp-content\\\/litespeed\\\/avatar\\\/11ddfe5610ff3bd100522525b2571f48.jpg?ver=1777048341\",\"caption\":\"Hern\u00e1n L\u00f3pez\"},\"url\":\"https:\\\/\\\/diarioprincipios.com\\\/index.php\\\/author\\\/hernan\\\/\"}]}<\/script>\n<!-- \/ Yoast SEO plugin. -->","yoast_head_json":{"title":"Nuevo Curso de capacitaci\u00f3n para Pymes sobre T\u00e9cnicas de Comunicaci\u00f3n Visual - Principios","robots":{"index":"index","follow":"follow","max-snippet":"max-snippet:-1","max-image-preview":"max-image-preview:large","max-video-preview":"max-video-preview:-1"},"canonical":"https:\/\/diarioprincipios.com\/index.php\/2020\/08\/27\/nuevo-curso-de-capacitacion-para-pymes-sobre-tecnicas-de-comunicacion-visual\/","og_locale":"es_ES","og_type":"article","og_title":"Nuevo Curso de capacitaci\u00f3n para Pymes sobre T\u00e9cnicas de Comunicaci\u00f3n Visual - Principios","og_description":"La Municipalidad de Berazategui dise\u00f1\u00f3 un nuevo curso de capacitaci\u00f3n para PyMEs, comerciantes y emprendedores, titulado \u00abVideo Pitch como t\u00e9cnica de comunicaci\u00f3n visual\u00bb, una herramienta para preservar y vender un negocio propio. Se brindar\u00e1 de manera digital, este mi\u00e9rcoles 2 de septiembre, y la inscripci\u00f3n ser\u00e1 v\u00eda mail o por tel\u00e9fono. La Secretar\u00eda de Trabajo...","og_url":"https:\/\/diarioprincipios.com\/index.php\/2020\/08\/27\/nuevo-curso-de-capacitacion-para-pymes-sobre-tecnicas-de-comunicacion-visual\/","og_site_name":"Principios","article_published_time":"2020-08-27T19:01:41+00:00","article_modified_time":"2020-08-27T19:05:06+00:00","og_image":[{"width":901,"height":901,"url":"https:\/\/diarioprincipios.com\/wp-content\/uploads\/2020\/08\/VIDEOPITCH-COMO-TECNICA-DE-COMUNICACION-VISUAL-CAPACITACION-PARA-COMERCIANTES-YEMPRENDEDORES.jpg","type":"image\/jpeg"}],"author":"Hern\u00e1n L\u00f3pez","twitter_card":"summary_large_image","twitter_misc":{"Escrito por":"Hern\u00e1n L\u00f3pez","Tiempo de lectura":"1 minuto"},"schema":{"@context":"https:\/\/schema.org","@graph":[{"@type":"Article","@id":"https:\/\/diarioprincipios.com\/index.php\/2020\/08\/27\/nuevo-curso-de-capacitacion-para-pymes-sobre-tecnicas-de-comunicacion-visual\/#article","isPartOf":{"@id":"https:\/\/diarioprincipios.com\/index.php\/2020\/08\/27\/nuevo-curso-de-capacitacion-para-pymes-sobre-tecnicas-de-comunicacion-visual\/"},"author":{"name":"Hern\u00e1n L\u00f3pez","@id":"https:\/\/diarioprincipios.com\/#\/schema\/person\/436d5a1fd41a5e250e23ff5a6a7cb080"},"headline":"Nuevo Curso de capacitaci\u00f3n para Pymes sobre T\u00e9cnicas de Comunicaci\u00f3n Visual","datePublished":"2020-08-27T19:01:41+00:00","dateModified":"2020-08-27T19:05:06+00:00","mainEntityOfPage":{"@id":"https:\/\/diarioprincipios.com\/index.php\/2020\/08\/27\/nuevo-curso-de-capacitacion-para-pymes-sobre-tecnicas-de-comunicacion-visual\/"},"wordCount":171,"commentCount":0,"publisher":{"@id":"https:\/\/diarioprincipios.com\/#organization"},"image":{"@id":"https:\/\/diarioprincipios.com\/index.php\/2020\/08\/27\/nuevo-curso-de-capacitacion-para-pymes-sobre-tecnicas-de-comunicacion-visual\/#primaryimage"},"thumbnailUrl":"https:\/\/diarioprincipios.com\/wp-content\/uploads\/2020\/08\/VIDEOPITCH-COMO-TECNICA-DE-COMUNICACION-VISUAL-CAPACITACION-PARA-COMERCIANTES-YEMPRENDEDORES.jpg","articleSection":["Berazategui"],"inLanguage":"es","potentialAction":[{"@type":"CommentAction","name":"Comment","target":["https:\/\/diarioprincipios.com\/index.php\/2020\/08\/27\/nuevo-curso-de-capacitacion-para-pymes-sobre-tecnicas-de-comunicacion-visual\/#respond"]}]},{"@type":"WebPage","@id":"https:\/\/diarioprincipios.com\/index.php\/2020\/08\/27\/nuevo-curso-de-capacitacion-para-pymes-sobre-tecnicas-de-comunicacion-visual\/","url":"https:\/\/diarioprincipios.com\/index.php\/2020\/08\/27\/nuevo-curso-de-capacitacion-para-pymes-sobre-tecnicas-de-comunicacion-visual\/","name":"Nuevo Curso de capacitaci\u00f3n para Pymes sobre T\u00e9cnicas de Comunicaci\u00f3n Visual - Principios","isPartOf":{"@id":"https:\/\/diarioprincipios.com\/#website"},"primaryImageOfPage":{"@id":"https:\/\/diarioprincipios.com\/index.php\/2020\/08\/27\/nuevo-curso-de-capacitacion-para-pymes-sobre-tecnicas-de-comunicacion-visual\/#primaryimage"},"image":{"@id":"https:\/\/diarioprincipios.com\/index.php\/2020\/08\/27\/nuevo-curso-de-capacitacion-para-pymes-sobre-tecnicas-de-comunicacion-visual\/#primaryimage"},"thumbnailUrl":"https:\/\/diarioprincipios.com\/wp-content\/uploads\/2020\/08\/VIDEOPITCH-COMO-TECNICA-DE-COMUNICACION-VISUAL-CAPACITACION-PARA-COMERCIANTES-YEMPRENDEDORES.jpg","datePublished":"2020-08-27T19:01:41+00:00","dateModified":"2020-08-27T19:05:06+00:00","breadcrumb":{"@id":"https:\/\/diarioprincipios.com\/index.php\/2020\/08\/27\/nuevo-curso-de-capacitacion-para-pymes-sobre-tecnicas-de-comunicacion-visual\/#breadcrumb"},"inLanguage":"es","potentialAction":[{"@type":"ReadAction","target":["https:\/\/diarioprincipios.com\/index.php\/2020\/08\/27\/nuevo-curso-de-capacitacion-para-pymes-sobre-tecnicas-de-comunicacion-visual\/"]}]},{"@type":"ImageObject","inLanguage":"es","@id":"https:\/\/diarioprincipios.com\/index.php\/2020\/08\/27\/nuevo-curso-de-capacitacion-para-pymes-sobre-tecnicas-de-comunicacion-visual\/#primaryimage","url":"https:\/\/diarioprincipios.com\/wp-content\/uploads\/2020\/08\/VIDEOPITCH-COMO-TECNICA-DE-COMUNICACION-VISUAL-CAPACITACION-PARA-COMERCIANTES-YEMPRENDEDORES.jpg","contentUrl":"https:\/\/diarioprincipios.com\/wp-content\/uploads\/2020\/08\/VIDEOPITCH-COMO-TECNICA-DE-COMUNICACION-VISUAL-CAPACITACION-PARA-COMERCIANTES-YEMPRENDEDORES.jpg","width":901,"height":901},{"@type":"BreadcrumbList","@id":"https:\/\/diarioprincipios.com\/index.php\/2020\/08\/27\/nuevo-curso-de-capacitacion-para-pymes-sobre-tecnicas-de-comunicacion-visual\/#breadcrumb","itemListElement":[{"@type":"ListItem","position":1,"name":"Portada","item":"https:\/\/diarioprincipios.com\/"},{"@type":"ListItem","position":2,"name":"Nuevo Curso de capacitaci\u00f3n para Pymes sobre T\u00e9cnicas de Comunicaci\u00f3n Visual"}]},{"@type":"WebSite","@id":"https:\/\/diarioprincipios.com\/#website","url":"https:\/\/diarioprincipios.com\/","name":"Principios","description":"Principios Diario","publisher":{"@id":"https:\/\/diarioprincipios.com\/#organization"},"potentialAction":[{"@type":"SearchAction","target":{"@type":"EntryPoint","urlTemplate":"https:\/\/diarioprincipios.com\/?s={search_term_string}"},"query-input":{"@type":"PropertyValueSpecification","valueRequired":true,"valueName":"search_term_string"}}],"inLanguage":"es"},{"@type":"Organization","@id":"https:\/\/diarioprincipios.com\/#organization","name":"Principios","url":"https:\/\/diarioprincipios.com\/","logo":{"@type":"ImageObject","inLanguage":"es","@id":"https:\/\/diarioprincipios.com\/#\/schema\/logo\/image\/","url":"https:\/\/diarioprincipios.com\/wp-content\/uploads\/2024\/04\/cropped-www.diarioprincipios.com_-1.png","contentUrl":"https:\/\/diarioprincipios.com\/wp-content\/uploads\/2024\/04\/cropped-www.diarioprincipios.com_-1.png","width":5325,"height":1454,"caption":"Principios"},"image":{"@id":"https:\/\/diarioprincipios.com\/#\/schema\/logo\/image\/"}},{"@type":"Person","@id":"https:\/\/diarioprincipios.com\/#\/schema\/person\/436d5a1fd41a5e250e23ff5a6a7cb080","name":"Hern\u00e1n L\u00f3pez","image":{"@type":"ImageObject","inLanguage":"es","@id":"https:\/\/diarioprincipios.com\/wp-content\/litespeed\/avatar\/11ddfe5610ff3bd100522525b2571f48.jpg?ver=1777048341","url":"https:\/\/diarioprincipios.com\/wp-content\/litespeed\/avatar\/11ddfe5610ff3bd100522525b2571f48.jpg?ver=1777048341","contentUrl":"https:\/\/diarioprincipios.com\/wp-content\/litespeed\/avatar\/11ddfe5610ff3bd100522525b2571f48.jpg?ver=1777048341","caption":"Hern\u00e1n L\u00f3pez"},"url":"https:\/\/diarioprincipios.com\/index.php\/author\/hernan\/"}]}},"jetpack_featured_media_url":"https:\/\/diarioprincipios.com\/wp-content\/uploads\/2020\/08\/VIDEOPITCH-COMO-TECNICA-DE-COMUNICACION-VISUAL-CAPACITACION-PARA-COMERCIANTES-YEMPRENDEDORES.jpg","_links":{"self":[{"href":"https:\/\/diarioprincipios.com\/index.php\/wp-json\/wp\/v2\/posts\/5097","targetHints":{"allow":["GET"]}}],"collection":[{"href":"https:\/\/diarioprincipios.com\/index.php\/wp-json\/wp\/v2\/posts"}],"about":[{"href":"https:\/\/diarioprincipios.com\/index.php\/wp-json\/wp\/v2\/types\/post"}],"author":[{"embeddable":true,"href":"https:\/\/diarioprincipios.com\/index.php\/wp-json\/wp\/v2\/users\/2"}],"replies":[{"embeddable":true,"href":"https:\/\/diarioprincipios.com\/index.php\/wp-json\/wp\/v2\/comments?post=5097"}],"version-history":[{"count":3,"href":"https:\/\/diarioprincipios.com\/index.php\/wp-json\/wp\/v2\/posts\/5097\/revisions"}],"predecessor-version":[{"id":5103,"href":"https:\/\/diarioprincipios.com\/index.php\/wp-json\/wp\/v2\/posts\/5097\/revisions\/5103"}],"wp:featuredmedia":[{"embeddable":true,"href":"https:\/\/diarioprincipios.com\/index.php\/wp-json\/wp\/v2\/media\/5098"}],"wp:attachment":[{"href":"https:\/\/diarioprincipios.com\/index.php\/wp-json\/wp\/v2\/media?parent=5097"}],"wp:term":[{"taxonomy":"category","embeddable":true,"href":"https:\/\/diarioprincipios.com\/index.php\/wp-json\/wp\/v2\/categories?post=5097"},{"taxonomy":"post_tag","embeddable":true,"href":"https:\/\/diarioprincipios.com\/index.php\/wp-json\/wp\/v2\/tags?post=5097"}],"curies":[{"name":"wp","href":"https:\/\/api.w.org\/{rel}","templated":true}]}}