{"id":5005,"date":"2020-08-24T20:35:32","date_gmt":"2020-08-24T23:35:32","guid":{"rendered":"http:\/\/diarioprincipios.com\/?p=5005"},"modified":"2020-08-24T20:35:36","modified_gmt":"2020-08-24T23:35:36","slug":"vuelven-a-prorrogarse-los-vencimientos-de-las-licencias-de-conducir","status":"publish","type":"post","link":"https:\/\/diarioprincipios.com\/index.php\/2020\/08\/24\/vuelven-a-prorrogarse-los-vencimientos-de-las-licencias-de-conducir\/","title":{"rendered":"Vuelven a prorrogarse los vencimientos de las Licencias de Conducir"},"content":{"rendered":"\n<p><strong>En el contexto actual de emergencia sanitaria, la Municipalidad de Berazategui informa a la comunidad que volvieron a extenderse los vencimientos de las licencias de conducir, que a partir de ahora regir\u00e1n por el plazo de 210 d\u00edas corridos desde su fecha de caducidad. Abarca las que vencen del 15 de febrero al 15 de septiembre de este a\u00f1o.<\/strong><\/p>\n\n\n\n<p>El objetivo de la medida, adoptada por la Subsecretar\u00eda de Transporte de la provincia de Buenos Aires, es evitar la propagaci\u00f3n de la pandemia de Coronavirus (COVID-19) y alcanza a las licencias de conducir con vencimiento entre el 15 de febrero y el 15 de septiembre de 2020 inclusive.<\/p>\n","protected":false},"excerpt":{"rendered":"<p>En el contexto actual de emergencia sanitaria, la Municipalidad de Berazategui informa a la comunidad que volvieron a extenderse los vencimientos de las licencias de conducir, que a partir de ahora regir\u00e1n por el plazo de 210 d\u00edas corridos desde su fecha de caducidad. Abarca las que vencen del 15 de febrero al 15 de&#8230;<\/p>\n","protected":false},"author":2,"featured_media":5006,"comment_status":"open","ping_status":"open","sticky":false,"template":"","format":"standard","meta":{"footnotes":""},"categories":[3],"tags":[],"class_list":["post-5005","post","type-post","status-publish","format-standard","has-post-thumbnail","hentry","category-berazategui"],"featured_image_src":"https:\/\/diarioprincipios.com\/wp-content\/uploads\/2020\/08\/VUELVEN-A-PRORROGARSE-LOS-VENCIMIENTOS-DE-LAS-LICENCIAS-DE-CONDUCIR.jpg","blog_images":{"medium":"https:\/\/diarioprincipios.com\/wp-content\/uploads\/2020\/08\/VUELVEN-A-PRORROGARSE-LOS-VENCIMIENTOS-DE-LAS-LICENCIAS-DE-CONDUCIR-300x204.jpg","large":"https:\/\/diarioprincipios.com\/wp-content\/uploads\/2020\/08\/VUELVEN-A-PRORROGARSE-LOS-VENCIMIENTOS-DE-LAS-LICENCIAS-DE-CONDUCIR.jpg"},"ams_acf":[],"yoast_head":"<!-- This site is optimized with the Yoast SEO plugin v27.3 - https:\/\/yoast.com\/product\/yoast-seo-wordpress\/ -->\n<title>Vuelven a prorrogarse los vencimientos de las Licencias de Conducir - Principios<\/title>\n<meta name=\"robots\" content=\"index, follow, max-snippet:-1, max-image-preview:large, max-video-preview:-1\" \/>\n<link rel=\"canonical\" href=\"https:\/\/diarioprincipios.com\/index.php\/2020\/08\/24\/vuelven-a-prorrogarse-los-vencimientos-de-las-licencias-de-conducir\/\" \/>\n<meta property=\"og:locale\" content=\"es_ES\" \/>\n<meta property=\"og:type\" content=\"article\" \/>\n<meta property=\"og:title\" content=\"Vuelven a prorrogarse los vencimientos de las Licencias de Conducir - Principios\" \/>\n<meta property=\"og:description\" content=\"En el contexto actual de emergencia sanitaria, la Municipalidad de Berazategui informa a la comunidad que volvieron a extenderse los vencimientos de las licencias de conducir, que a partir de ahora regir\u00e1n por el plazo de 210 d\u00edas corridos desde su fecha de caducidad. Abarca las que vencen del 15 de febrero al 15 de...\" \/>\n<meta property=\"og:url\" content=\"https:\/\/diarioprincipios.com\/index.php\/2020\/08\/24\/vuelven-a-prorrogarse-los-vencimientos-de-las-licencias-de-conducir\/\" \/>\n<meta property=\"og:site_name\" content=\"Principios\" \/>\n<meta property=\"article:published_time\" content=\"2020-08-24T23:35:32+00:00\" \/>\n<meta property=\"article:modified_time\" content=\"2020-08-24T23:35:36+00:00\" \/>\n<meta property=\"og:image\" content=\"https:\/\/diarioprincipios.com\/wp-content\/uploads\/2020\/08\/VUELVEN-A-PRORROGARSE-LOS-VENCIMIENTOS-DE-LAS-LICENCIAS-DE-CONDUCIR.jpg\" \/>\n\t<meta property=\"og:image:width\" content=\"986\" \/>\n\t<meta property=\"og:image:height\" content=\"669\" \/>\n\t<meta property=\"og:image:type\" content=\"image\/jpeg\" \/>\n<meta name=\"author\" content=\"Hern\u00e1n L\u00f3pez\" \/>\n<meta name=\"twitter:card\" content=\"summary_large_image\" \/>\n<meta name=\"twitter:label1\" content=\"Escrito por\" \/>\n\t<meta name=\"twitter:data1\" content=\"Hern\u00e1n L\u00f3pez\" \/>\n\t<meta name=\"twitter:label2\" content=\"Tiempo de lectura\" \/>\n\t<meta name=\"twitter:data2\" content=\"1 minuto\" \/>\n<script type=\"application\/ld+json\" class=\"yoast-schema-graph\">{\"@context\":\"https:\\\/\\\/schema.org\",\"@graph\":[{\"@type\":\"Article\",\"@id\":\"https:\\\/\\\/diarioprincipios.com\\\/index.php\\\/2020\\\/08\\\/24\\\/vuelven-a-prorrogarse-los-vencimientos-de-las-licencias-de-conducir\\\/#article\",\"isPartOf\":{\"@id\":\"https:\\\/\\\/diarioprincipios.com\\\/index.php\\\/2020\\\/08\\\/24\\\/vuelven-a-prorrogarse-los-vencimientos-de-las-licencias-de-conducir\\\/\"},\"author\":{\"name\":\"Hern\u00e1n L\u00f3pez\",\"@id\":\"https:\\\/\\\/diarioprincipios.com\\\/#\\\/schema\\\/person\\\/436d5a1fd41a5e250e23ff5a6a7cb080\"},\"headline\":\"Vuelven a prorrogarse los vencimientos de las Licencias de Conducir\",\"datePublished\":\"2020-08-24T23:35:32+00:00\",\"dateModified\":\"2020-08-24T23:35:36+00:00\",\"mainEntityOfPage\":{\"@id\":\"https:\\\/\\\/diarioprincipios.com\\\/index.php\\\/2020\\\/08\\\/24\\\/vuelven-a-prorrogarse-los-vencimientos-de-las-licencias-de-conducir\\\/\"},\"wordCount\":117,\"commentCount\":0,\"publisher\":{\"@id\":\"https:\\\/\\\/diarioprincipios.com\\\/#organization\"},\"image\":{\"@id\":\"https:\\\/\\\/diarioprincipios.com\\\/index.php\\\/2020\\\/08\\\/24\\\/vuelven-a-prorrogarse-los-vencimientos-de-las-licencias-de-conducir\\\/#primaryimage\"},\"thumbnailUrl\":\"https:\\\/\\\/diarioprincipios.com\\\/wp-content\\\/uploads\\\/2020\\\/08\\\/VUELVEN-A-PRORROGARSE-LOS-VENCIMIENTOS-DE-LAS-LICENCIAS-DE-CONDUCIR.jpg\",\"articleSection\":[\"Berazategui\"],\"inLanguage\":\"es\",\"potentialAction\":[{\"@type\":\"CommentAction\",\"name\":\"Comment\",\"target\":[\"https:\\\/\\\/diarioprincipios.com\\\/index.php\\\/2020\\\/08\\\/24\\\/vuelven-a-prorrogarse-los-vencimientos-de-las-licencias-de-conducir\\\/#respond\"]}]},{\"@type\":\"WebPage\",\"@id\":\"https:\\\/\\\/diarioprincipios.com\\\/index.php\\\/2020\\\/08\\\/24\\\/vuelven-a-prorrogarse-los-vencimientos-de-las-licencias-de-conducir\\\/\",\"url\":\"https:\\\/\\\/diarioprincipios.com\\\/index.php\\\/2020\\\/08\\\/24\\\/vuelven-a-prorrogarse-los-vencimientos-de-las-licencias-de-conducir\\\/\",\"name\":\"Vuelven a prorrogarse los vencimientos de las Licencias de Conducir - Principios\",\"isPartOf\":{\"@id\":\"https:\\\/\\\/diarioprincipios.com\\\/#website\"},\"primaryImageOfPage\":{\"@id\":\"https:\\\/\\\/diarioprincipios.com\\\/index.php\\\/2020\\\/08\\\/24\\\/vuelven-a-prorrogarse-los-vencimientos-de-las-licencias-de-conducir\\\/#primaryimage\"},\"image\":{\"@id\":\"https:\\\/\\\/diarioprincipios.com\\\/index.php\\\/2020\\\/08\\\/24\\\/vuelven-a-prorrogarse-los-vencimientos-de-las-licencias-de-conducir\\\/#primaryimage\"},\"thumbnailUrl\":\"https:\\\/\\\/diarioprincipios.com\\\/wp-content\\\/uploads\\\/2020\\\/08\\\/VUELVEN-A-PRORROGARSE-LOS-VENCIMIENTOS-DE-LAS-LICENCIAS-DE-CONDUCIR.jpg\",\"datePublished\":\"2020-08-24T23:35:32+00:00\",\"dateModified\":\"2020-08-24T23:35:36+00:00\",\"breadcrumb\":{\"@id\":\"https:\\\/\\\/diarioprincipios.com\\\/index.php\\\/2020\\\/08\\\/24\\\/vuelven-a-prorrogarse-los-vencimientos-de-las-licencias-de-conducir\\\/#breadcrumb\"},\"inLanguage\":\"es\",\"potentialAction\":[{\"@type\":\"ReadAction\",\"target\":[\"https:\\\/\\\/diarioprincipios.com\\\/index.php\\\/2020\\\/08\\\/24\\\/vuelven-a-prorrogarse-los-vencimientos-de-las-licencias-de-conducir\\\/\"]}]},{\"@type\":\"ImageObject\",\"inLanguage\":\"es\",\"@id\":\"https:\\\/\\\/diarioprincipios.com\\\/index.php\\\/2020\\\/08\\\/24\\\/vuelven-a-prorrogarse-los-vencimientos-de-las-licencias-de-conducir\\\/#primaryimage\",\"url\":\"https:\\\/\\\/diarioprincipios.com\\\/wp-content\\\/uploads\\\/2020\\\/08\\\/VUELVEN-A-PRORROGARSE-LOS-VENCIMIENTOS-DE-LAS-LICENCIAS-DE-CONDUCIR.jpg\",\"contentUrl\":\"https:\\\/\\\/diarioprincipios.com\\\/wp-content\\\/uploads\\\/2020\\\/08\\\/VUELVEN-A-PRORROGARSE-LOS-VENCIMIENTOS-DE-LAS-LICENCIAS-DE-CONDUCIR.jpg\",\"width\":986,\"height\":669},{\"@type\":\"BreadcrumbList\",\"@id\":\"https:\\\/\\\/diarioprincipios.com\\\/index.php\\\/2020\\\/08\\\/24\\\/vuelven-a-prorrogarse-los-vencimientos-de-las-licencias-de-conducir\\\/#breadcrumb\",\"itemListElement\":[{\"@type\":\"ListItem\",\"position\":1,\"name\":\"Portada\",\"item\":\"https:\\\/\\\/diarioprincipios.com\\\/\"},{\"@type\":\"ListItem\",\"position\":2,\"name\":\"Vuelven a prorrogarse los vencimientos de las Licencias de Conducir\"}]},{\"@type\":\"WebSite\",\"@id\":\"https:\\\/\\\/diarioprincipios.com\\\/#website\",\"url\":\"https:\\\/\\\/diarioprincipios.com\\\/\",\"name\":\"Principios\",\"description\":\"Principios Diario\",\"publisher\":{\"@id\":\"https:\\\/\\\/diarioprincipios.com\\\/#organization\"},\"potentialAction\":[{\"@type\":\"SearchAction\",\"target\":{\"@type\":\"EntryPoint\",\"urlTemplate\":\"https:\\\/\\\/diarioprincipios.com\\\/?s={search_term_string}\"},\"query-input\":{\"@type\":\"PropertyValueSpecification\",\"valueRequired\":true,\"valueName\":\"search_term_string\"}}],\"inLanguage\":\"es\"},{\"@type\":\"Organization\",\"@id\":\"https:\\\/\\\/diarioprincipios.com\\\/#organization\",\"name\":\"Principios\",\"url\":\"https:\\\/\\\/diarioprincipios.com\\\/\",\"logo\":{\"@type\":\"ImageObject\",\"inLanguage\":\"es\",\"@id\":\"https:\\\/\\\/diarioprincipios.com\\\/#\\\/schema\\\/logo\\\/image\\\/\",\"url\":\"https:\\\/\\\/diarioprincipios.com\\\/wp-content\\\/uploads\\\/2024\\\/04\\\/cropped-www.diarioprincipios.com_-1.png\",\"contentUrl\":\"https:\\\/\\\/diarioprincipios.com\\\/wp-content\\\/uploads\\\/2024\\\/04\\\/cropped-www.diarioprincipios.com_-1.png\",\"width\":5325,\"height\":1454,\"caption\":\"Principios\"},\"image\":{\"@id\":\"https:\\\/\\\/diarioprincipios.com\\\/#\\\/schema\\\/logo\\\/image\\\/\"}},{\"@type\":\"Person\",\"@id\":\"https:\\\/\\\/diarioprincipios.com\\\/#\\\/schema\\\/person\\\/436d5a1fd41a5e250e23ff5a6a7cb080\",\"name\":\"Hern\u00e1n L\u00f3pez\",\"image\":{\"@type\":\"ImageObject\",\"inLanguage\":\"es\",\"@id\":\"https:\\\/\\\/diarioprincipios.com\\\/wp-content\\\/litespeed\\\/avatar\\\/11ddfe5610ff3bd100522525b2571f48.jpg?ver=1777048341\",\"url\":\"https:\\\/\\\/diarioprincipios.com\\\/wp-content\\\/litespeed\\\/avatar\\\/11ddfe5610ff3bd100522525b2571f48.jpg?ver=1777048341\",\"contentUrl\":\"https:\\\/\\\/diarioprincipios.com\\\/wp-content\\\/litespeed\\\/avatar\\\/11ddfe5610ff3bd100522525b2571f48.jpg?ver=1777048341\",\"caption\":\"Hern\u00e1n L\u00f3pez\"},\"url\":\"https:\\\/\\\/diarioprincipios.com\\\/index.php\\\/author\\\/hernan\\\/\"}]}<\/script>\n<!-- \/ Yoast SEO plugin. -->","yoast_head_json":{"title":"Vuelven a prorrogarse los vencimientos de las Licencias de Conducir - Principios","robots":{"index":"index","follow":"follow","max-snippet":"max-snippet:-1","max-image-preview":"max-image-preview:large","max-video-preview":"max-video-preview:-1"},"canonical":"https:\/\/diarioprincipios.com\/index.php\/2020\/08\/24\/vuelven-a-prorrogarse-los-vencimientos-de-las-licencias-de-conducir\/","og_locale":"es_ES","og_type":"article","og_title":"Vuelven a prorrogarse los vencimientos de las Licencias de Conducir - Principios","og_description":"En el contexto actual de emergencia sanitaria, la Municipalidad de Berazategui informa a la comunidad que volvieron a extenderse los vencimientos de las licencias de conducir, que a partir de ahora regir\u00e1n por el plazo de 210 d\u00edas corridos desde su fecha de caducidad. Abarca las que vencen del 15 de febrero al 15 de...","og_url":"https:\/\/diarioprincipios.com\/index.php\/2020\/08\/24\/vuelven-a-prorrogarse-los-vencimientos-de-las-licencias-de-conducir\/","og_site_name":"Principios","article_published_time":"2020-08-24T23:35:32+00:00","article_modified_time":"2020-08-24T23:35:36+00:00","og_image":[{"width":986,"height":669,"url":"https:\/\/diarioprincipios.com\/wp-content\/uploads\/2020\/08\/VUELVEN-A-PRORROGARSE-LOS-VENCIMIENTOS-DE-LAS-LICENCIAS-DE-CONDUCIR.jpg","type":"image\/jpeg"}],"author":"Hern\u00e1n L\u00f3pez","twitter_card":"summary_large_image","twitter_misc":{"Escrito por":"Hern\u00e1n L\u00f3pez","Tiempo de lectura":"1 minuto"},"schema":{"@context":"https:\/\/schema.org","@graph":[{"@type":"Article","@id":"https:\/\/diarioprincipios.com\/index.php\/2020\/08\/24\/vuelven-a-prorrogarse-los-vencimientos-de-las-licencias-de-conducir\/#article","isPartOf":{"@id":"https:\/\/diarioprincipios.com\/index.php\/2020\/08\/24\/vuelven-a-prorrogarse-los-vencimientos-de-las-licencias-de-conducir\/"},"author":{"name":"Hern\u00e1n L\u00f3pez","@id":"https:\/\/diarioprincipios.com\/#\/schema\/person\/436d5a1fd41a5e250e23ff5a6a7cb080"},"headline":"Vuelven a prorrogarse los vencimientos de las Licencias de Conducir","datePublished":"2020-08-24T23:35:32+00:00","dateModified":"2020-08-24T23:35:36+00:00","mainEntityOfPage":{"@id":"https:\/\/diarioprincipios.com\/index.php\/2020\/08\/24\/vuelven-a-prorrogarse-los-vencimientos-de-las-licencias-de-conducir\/"},"wordCount":117,"commentCount":0,"publisher":{"@id":"https:\/\/diarioprincipios.com\/#organization"},"image":{"@id":"https:\/\/diarioprincipios.com\/index.php\/2020\/08\/24\/vuelven-a-prorrogarse-los-vencimientos-de-las-licencias-de-conducir\/#primaryimage"},"thumbnailUrl":"https:\/\/diarioprincipios.com\/wp-content\/uploads\/2020\/08\/VUELVEN-A-PRORROGARSE-LOS-VENCIMIENTOS-DE-LAS-LICENCIAS-DE-CONDUCIR.jpg","articleSection":["Berazategui"],"inLanguage":"es","potentialAction":[{"@type":"CommentAction","name":"Comment","target":["https:\/\/diarioprincipios.com\/index.php\/2020\/08\/24\/vuelven-a-prorrogarse-los-vencimientos-de-las-licencias-de-conducir\/#respond"]}]},{"@type":"WebPage","@id":"https:\/\/diarioprincipios.com\/index.php\/2020\/08\/24\/vuelven-a-prorrogarse-los-vencimientos-de-las-licencias-de-conducir\/","url":"https:\/\/diarioprincipios.com\/index.php\/2020\/08\/24\/vuelven-a-prorrogarse-los-vencimientos-de-las-licencias-de-conducir\/","name":"Vuelven a prorrogarse los vencimientos de las Licencias de Conducir - Principios","isPartOf":{"@id":"https:\/\/diarioprincipios.com\/#website"},"primaryImageOfPage":{"@id":"https:\/\/diarioprincipios.com\/index.php\/2020\/08\/24\/vuelven-a-prorrogarse-los-vencimientos-de-las-licencias-de-conducir\/#primaryimage"},"image":{"@id":"https:\/\/diarioprincipios.com\/index.php\/2020\/08\/24\/vuelven-a-prorrogarse-los-vencimientos-de-las-licencias-de-conducir\/#primaryimage"},"thumbnailUrl":"https:\/\/diarioprincipios.com\/wp-content\/uploads\/2020\/08\/VUELVEN-A-PRORROGARSE-LOS-VENCIMIENTOS-DE-LAS-LICENCIAS-DE-CONDUCIR.jpg","datePublished":"2020-08-24T23:35:32+00:00","dateModified":"2020-08-24T23:35:36+00:00","breadcrumb":{"@id":"https:\/\/diarioprincipios.com\/index.php\/2020\/08\/24\/vuelven-a-prorrogarse-los-vencimientos-de-las-licencias-de-conducir\/#breadcrumb"},"inLanguage":"es","potentialAction":[{"@type":"ReadAction","target":["https:\/\/diarioprincipios.com\/index.php\/2020\/08\/24\/vuelven-a-prorrogarse-los-vencimientos-de-las-licencias-de-conducir\/"]}]},{"@type":"ImageObject","inLanguage":"es","@id":"https:\/\/diarioprincipios.com\/index.php\/2020\/08\/24\/vuelven-a-prorrogarse-los-vencimientos-de-las-licencias-de-conducir\/#primaryimage","url":"https:\/\/diarioprincipios.com\/wp-content\/uploads\/2020\/08\/VUELVEN-A-PRORROGARSE-LOS-VENCIMIENTOS-DE-LAS-LICENCIAS-DE-CONDUCIR.jpg","contentUrl":"https:\/\/diarioprincipios.com\/wp-content\/uploads\/2020\/08\/VUELVEN-A-PRORROGARSE-LOS-VENCIMIENTOS-DE-LAS-LICENCIAS-DE-CONDUCIR.jpg","width":986,"height":669},{"@type":"BreadcrumbList","@id":"https:\/\/diarioprincipios.com\/index.php\/2020\/08\/24\/vuelven-a-prorrogarse-los-vencimientos-de-las-licencias-de-conducir\/#breadcrumb","itemListElement":[{"@type":"ListItem","position":1,"name":"Portada","item":"https:\/\/diarioprincipios.com\/"},{"@type":"ListItem","position":2,"name":"Vuelven a prorrogarse los vencimientos de las Licencias de Conducir"}]},{"@type":"WebSite","@id":"https:\/\/diarioprincipios.com\/#website","url":"https:\/\/diarioprincipios.com\/","name":"Principios","description":"Principios Diario","publisher":{"@id":"https:\/\/diarioprincipios.com\/#organization"},"potentialAction":[{"@type":"SearchAction","target":{"@type":"EntryPoint","urlTemplate":"https:\/\/diarioprincipios.com\/?s={search_term_string}"},"query-input":{"@type":"PropertyValueSpecification","valueRequired":true,"valueName":"search_term_string"}}],"inLanguage":"es"},{"@type":"Organization","@id":"https:\/\/diarioprincipios.com\/#organization","name":"Principios","url":"https:\/\/diarioprincipios.com\/","logo":{"@type":"ImageObject","inLanguage":"es","@id":"https:\/\/diarioprincipios.com\/#\/schema\/logo\/image\/","url":"https:\/\/diarioprincipios.com\/wp-content\/uploads\/2024\/04\/cropped-www.diarioprincipios.com_-1.png","contentUrl":"https:\/\/diarioprincipios.com\/wp-content\/uploads\/2024\/04\/cropped-www.diarioprincipios.com_-1.png","width":5325,"height":1454,"caption":"Principios"},"image":{"@id":"https:\/\/diarioprincipios.com\/#\/schema\/logo\/image\/"}},{"@type":"Person","@id":"https:\/\/diarioprincipios.com\/#\/schema\/person\/436d5a1fd41a5e250e23ff5a6a7cb080","name":"Hern\u00e1n L\u00f3pez","image":{"@type":"ImageObject","inLanguage":"es","@id":"https:\/\/diarioprincipios.com\/wp-content\/litespeed\/avatar\/11ddfe5610ff3bd100522525b2571f48.jpg?ver=1777048341","url":"https:\/\/diarioprincipios.com\/wp-content\/litespeed\/avatar\/11ddfe5610ff3bd100522525b2571f48.jpg?ver=1777048341","contentUrl":"https:\/\/diarioprincipios.com\/wp-content\/litespeed\/avatar\/11ddfe5610ff3bd100522525b2571f48.jpg?ver=1777048341","caption":"Hern\u00e1n L\u00f3pez"},"url":"https:\/\/diarioprincipios.com\/index.php\/author\/hernan\/"}]}},"jetpack_featured_media_url":"https:\/\/diarioprincipios.com\/wp-content\/uploads\/2020\/08\/VUELVEN-A-PRORROGARSE-LOS-VENCIMIENTOS-DE-LAS-LICENCIAS-DE-CONDUCIR.jpg","_links":{"self":[{"href":"https:\/\/diarioprincipios.com\/index.php\/wp-json\/wp\/v2\/posts\/5005","targetHints":{"allow":["GET"]}}],"collection":[{"href":"https:\/\/diarioprincipios.com\/index.php\/wp-json\/wp\/v2\/posts"}],"about":[{"href":"https:\/\/diarioprincipios.com\/index.php\/wp-json\/wp\/v2\/types\/post"}],"author":[{"embeddable":true,"href":"https:\/\/diarioprincipios.com\/index.php\/wp-json\/wp\/v2\/users\/2"}],"replies":[{"embeddable":true,"href":"https:\/\/diarioprincipios.com\/index.php\/wp-json\/wp\/v2\/comments?post=5005"}],"version-history":[{"count":1,"href":"https:\/\/diarioprincipios.com\/index.php\/wp-json\/wp\/v2\/posts\/5005\/revisions"}],"predecessor-version":[{"id":5007,"href":"https:\/\/diarioprincipios.com\/index.php\/wp-json\/wp\/v2\/posts\/5005\/revisions\/5007"}],"wp:featuredmedia":[{"embeddable":true,"href":"https:\/\/diarioprincipios.com\/index.php\/wp-json\/wp\/v2\/media\/5006"}],"wp:attachment":[{"href":"https:\/\/diarioprincipios.com\/index.php\/wp-json\/wp\/v2\/media?parent=5005"}],"wp:term":[{"taxonomy":"category","embeddable":true,"href":"https:\/\/diarioprincipios.com\/index.php\/wp-json\/wp\/v2\/categories?post=5005"},{"taxonomy":"post_tag","embeddable":true,"href":"https:\/\/diarioprincipios.com\/index.php\/wp-json\/wp\/v2\/tags?post=5005"}],"curies":[{"name":"wp","href":"https:\/\/api.w.org\/{rel}","templated":true}]}}