{"id":5001,"date":"2020-08-24T20:29:20","date_gmt":"2020-08-24T23:29:20","guid":{"rendered":"http:\/\/diarioprincipios.com\/?p=5001"},"modified":"2020-08-24T20:29:25","modified_gmt":"2020-08-24T23:29:25","slug":"fernandez-llamo-a-schiaretti-para-anunciarle-apoyo-nacional-para-combatir-los-incendios-en-cordoba","status":"publish","type":"post","link":"https:\/\/diarioprincipios.com\/index.php\/2020\/08\/24\/fernandez-llamo-a-schiaretti-para-anunciarle-apoyo-nacional-para-combatir-los-incendios-en-cordoba\/","title":{"rendered":"Fern\u00e1ndez llam\u00f3 a Schiaretti para anunciarle apoyo nacional para combatir los incendios en C\u00f3rdoba"},"content":{"rendered":"\n<p>El presidente Alberto Fern\u00e1ndez se comunic\u00f3 hoy con el gobernador de C\u00f3rdoba, Juan Schiaretti, para ofrecerle colaboraci\u00f3n para combatir los incendios forestales que se registran desde hace m\u00e1s de una semana en las serran\u00edas cordobesas y afectan a montes, pastizales y viviendas, adem\u00e1s de causar innumerables da\u00f1os a la flora y fauna.<\/p>\n\n\n\n<p>En su cuenta de Twitter, el mandatario provincial agradeci\u00f3 \u00abel llamado del presidente Alberto Fern\u00e1ndez para ponerse a disposici\u00f3n en la colaboraci\u00f3n con todo lo necesario en la lucha contra los incendios que afectan a nuestra provincia\u00bb.<\/p>\n\n\n\n<p>\u00abEn este momento, contamos con aviones hidrates del Plan Nacional de Manejo del Fuego y en el d\u00eda de ma\u00f1ana llegar\u00e1 un helic\u00f3ptero\u00bb, afirm\u00f3 el gobernador.<\/p>\n\n\n\n<figure class=\"wp-block-image size-large\"><img loading=\"lazy\" decoding=\"async\" width=\"960\" height=\"639\" src=\"https:\/\/diarioprincipios.com\/wp-content\/uploads\/2020\/08\/FB_IMG_1598311656346.jpg\" alt=\"\" class=\"wp-image-5002\" srcset=\"https:\/\/diarioprincipios.com\/wp-content\/uploads\/2020\/08\/FB_IMG_1598311656346.jpg 960w, https:\/\/diarioprincipios.com\/wp-content\/uploads\/2020\/08\/FB_IMG_1598311656346-300x200.jpg 300w, https:\/\/diarioprincipios.com\/wp-content\/uploads\/2020\/08\/FB_IMG_1598311656346-768x511.jpg 768w\" sizes=\"auto, (max-width: 960px) 100vw, 960px\" \/><\/figure>\n\n\n\n<p>Fuentes oficiales dijeron a T\u00e9lam en Buenos Aires que \u00abya se est\u00e1n articulando acciones\u00bb a trav\u00e9s del Servicio Nacional de Manejo del Fuego.<\/p>\n\n\n\n<p>Los incendios forestales que se desarrollan en la zona norte del Valle de Punilla de C\u00f3rdoba continuaban activos esta tarde, con dos focos que complican la visibilidad en la Ruta Nacional 38, entre Capilla del Monte y Cruz del Eje, mientras bomberos voluntarios trabajan combatiendo las llamas y aviones hidrantes realizan el soporte a\u00e9reo.<\/p>\n\n\n\n<p>Entre la zona de Capilla del Monte y Charbonier, el incendio es combatido por 140 bomberos, con la asistencia desde el aire de aviones hidrantes de la Provincia y la Naci\u00f3n, que operan desde la pista de la ciudad de la Cumbre.<\/p>\n\n\n\n<p>Adem\u00e1s, en el \u00e1rea del cerro Pan de Az\u00facar trabajan 98 bomberos en los focos que avanzan hacia Bialet Mass\u00e9 y Santa Mar\u00eda de Punilla, y en otro que se dirige a La Calera, sector de Casa Bamba, en donde hubo 13 evacuados por el humo.<\/p>\n","protected":false},"excerpt":{"rendered":"<p>El presidente Alberto Fern\u00e1ndez se comunic\u00f3 hoy con el gobernador de C\u00f3rdoba, Juan Schiaretti, para ofrecerle colaboraci\u00f3n para combatir los incendios forestales que se registran desde hace m\u00e1s de una semana en las serran\u00edas cordobesas y afectan a montes, pastizales y viviendas, adem\u00e1s de causar innumerables da\u00f1os a la flora y fauna. En su cuenta&#8230;<\/p>\n","protected":false},"author":2,"featured_media":5003,"comment_status":"open","ping_status":"open","sticky":false,"template":"","format":"standard","meta":{"footnotes":""},"categories":[10],"tags":[],"class_list":["post-5001","post","type-post","status-publish","format-standard","has-post-thumbnail","hentry","category-nacion"],"featured_image_src":"https:\/\/diarioprincipios.com\/wp-content\/uploads\/2020\/08\/FB_IMG_1598311660098.jpg","blog_images":{"medium":"https:\/\/diarioprincipios.com\/wp-content\/uploads\/2020\/08\/FB_IMG_1598311660098-300x200.jpg","large":"https:\/\/diarioprincipios.com\/wp-content\/uploads\/2020\/08\/FB_IMG_1598311660098.jpg"},"ams_acf":[],"yoast_head":"<!-- This site is optimized with the Yoast SEO plugin v27.3 - https:\/\/yoast.com\/product\/yoast-seo-wordpress\/ -->\n<title>Fern\u00e1ndez llam\u00f3 a Schiaretti para anunciarle apoyo nacional para combatir los incendios en C\u00f3rdoba - Principios<\/title>\n<meta name=\"robots\" content=\"index, follow, max-snippet:-1, max-image-preview:large, max-video-preview:-1\" \/>\n<link rel=\"canonical\" href=\"https:\/\/diarioprincipios.com\/index.php\/2020\/08\/24\/fernandez-llamo-a-schiaretti-para-anunciarle-apoyo-nacional-para-combatir-los-incendios-en-cordoba\/\" \/>\n<meta property=\"og:locale\" content=\"es_ES\" \/>\n<meta property=\"og:type\" content=\"article\" \/>\n<meta property=\"og:title\" content=\"Fern\u00e1ndez llam\u00f3 a Schiaretti para anunciarle apoyo nacional para combatir los incendios en C\u00f3rdoba - Principios\" \/>\n<meta property=\"og:description\" content=\"El presidente Alberto Fern\u00e1ndez se comunic\u00f3 hoy con el gobernador de C\u00f3rdoba, Juan Schiaretti, para ofrecerle colaboraci\u00f3n para combatir los incendios forestales que se registran desde hace m\u00e1s de una semana en las serran\u00edas cordobesas y afectan a montes, pastizales y viviendas, adem\u00e1s de causar innumerables da\u00f1os a la flora y fauna. En su cuenta...\" \/>\n<meta property=\"og:url\" content=\"https:\/\/diarioprincipios.com\/index.php\/2020\/08\/24\/fernandez-llamo-a-schiaretti-para-anunciarle-apoyo-nacional-para-combatir-los-incendios-en-cordoba\/\" \/>\n<meta property=\"og:site_name\" content=\"Principios\" \/>\n<meta property=\"article:published_time\" content=\"2020-08-24T23:29:20+00:00\" \/>\n<meta property=\"article:modified_time\" content=\"2020-08-24T23:29:25+00:00\" \/>\n<meta property=\"og:image\" content=\"https:\/\/diarioprincipios.com\/wp-content\/uploads\/2020\/08\/FB_IMG_1598311660098.jpg\" \/>\n\t<meta property=\"og:image:width\" content=\"960\" \/>\n\t<meta property=\"og:image:height\" content=\"639\" \/>\n\t<meta property=\"og:image:type\" content=\"image\/jpeg\" \/>\n<meta name=\"author\" content=\"Hern\u00e1n L\u00f3pez\" \/>\n<meta name=\"twitter:card\" content=\"summary_large_image\" \/>\n<meta name=\"twitter:label1\" content=\"Escrito por\" \/>\n\t<meta name=\"twitter:data1\" content=\"Hern\u00e1n L\u00f3pez\" \/>\n\t<meta name=\"twitter:label2\" content=\"Tiempo de lectura\" \/>\n\t<meta name=\"twitter:data2\" content=\"1 minuto\" \/>\n<script type=\"application\/ld+json\" class=\"yoast-schema-graph\">{\"@context\":\"https:\\\/\\\/schema.org\",\"@graph\":[{\"@type\":\"Article\",\"@id\":\"https:\\\/\\\/diarioprincipios.com\\\/index.php\\\/2020\\\/08\\\/24\\\/fernandez-llamo-a-schiaretti-para-anunciarle-apoyo-nacional-para-combatir-los-incendios-en-cordoba\\\/#article\",\"isPartOf\":{\"@id\":\"https:\\\/\\\/diarioprincipios.com\\\/index.php\\\/2020\\\/08\\\/24\\\/fernandez-llamo-a-schiaretti-para-anunciarle-apoyo-nacional-para-combatir-los-incendios-en-cordoba\\\/\"},\"author\":{\"name\":\"Hern\u00e1n L\u00f3pez\",\"@id\":\"https:\\\/\\\/diarioprincipios.com\\\/#\\\/schema\\\/person\\\/436d5a1fd41a5e250e23ff5a6a7cb080\"},\"headline\":\"Fern\u00e1ndez llam\u00f3 a Schiaretti para anunciarle apoyo nacional para combatir los incendios en C\u00f3rdoba\",\"datePublished\":\"2020-08-24T23:29:20+00:00\",\"dateModified\":\"2020-08-24T23:29:25+00:00\",\"mainEntityOfPage\":{\"@id\":\"https:\\\/\\\/diarioprincipios.com\\\/index.php\\\/2020\\\/08\\\/24\\\/fernandez-llamo-a-schiaretti-para-anunciarle-apoyo-nacional-para-combatir-los-incendios-en-cordoba\\\/\"},\"wordCount\":314,\"commentCount\":0,\"publisher\":{\"@id\":\"https:\\\/\\\/diarioprincipios.com\\\/#organization\"},\"image\":{\"@id\":\"https:\\\/\\\/diarioprincipios.com\\\/index.php\\\/2020\\\/08\\\/24\\\/fernandez-llamo-a-schiaretti-para-anunciarle-apoyo-nacional-para-combatir-los-incendios-en-cordoba\\\/#primaryimage\"},\"thumbnailUrl\":\"https:\\\/\\\/diarioprincipios.com\\\/wp-content\\\/uploads\\\/2020\\\/08\\\/FB_IMG_1598311660098.jpg\",\"articleSection\":[\"Naci\u00f3n\"],\"inLanguage\":\"es\",\"potentialAction\":[{\"@type\":\"CommentAction\",\"name\":\"Comment\",\"target\":[\"https:\\\/\\\/diarioprincipios.com\\\/index.php\\\/2020\\\/08\\\/24\\\/fernandez-llamo-a-schiaretti-para-anunciarle-apoyo-nacional-para-combatir-los-incendios-en-cordoba\\\/#respond\"]}]},{\"@type\":\"WebPage\",\"@id\":\"https:\\\/\\\/diarioprincipios.com\\\/index.php\\\/2020\\\/08\\\/24\\\/fernandez-llamo-a-schiaretti-para-anunciarle-apoyo-nacional-para-combatir-los-incendios-en-cordoba\\\/\",\"url\":\"https:\\\/\\\/diarioprincipios.com\\\/index.php\\\/2020\\\/08\\\/24\\\/fernandez-llamo-a-schiaretti-para-anunciarle-apoyo-nacional-para-combatir-los-incendios-en-cordoba\\\/\",\"name\":\"Fern\u00e1ndez llam\u00f3 a Schiaretti para anunciarle apoyo nacional para combatir los incendios en C\u00f3rdoba - Principios\",\"isPartOf\":{\"@id\":\"https:\\\/\\\/diarioprincipios.com\\\/#website\"},\"primaryImageOfPage\":{\"@id\":\"https:\\\/\\\/diarioprincipios.com\\\/index.php\\\/2020\\\/08\\\/24\\\/fernandez-llamo-a-schiaretti-para-anunciarle-apoyo-nacional-para-combatir-los-incendios-en-cordoba\\\/#primaryimage\"},\"image\":{\"@id\":\"https:\\\/\\\/diarioprincipios.com\\\/index.php\\\/2020\\\/08\\\/24\\\/fernandez-llamo-a-schiaretti-para-anunciarle-apoyo-nacional-para-combatir-los-incendios-en-cordoba\\\/#primaryimage\"},\"thumbnailUrl\":\"https:\\\/\\\/diarioprincipios.com\\\/wp-content\\\/uploads\\\/2020\\\/08\\\/FB_IMG_1598311660098.jpg\",\"datePublished\":\"2020-08-24T23:29:20+00:00\",\"dateModified\":\"2020-08-24T23:29:25+00:00\",\"breadcrumb\":{\"@id\":\"https:\\\/\\\/diarioprincipios.com\\\/index.php\\\/2020\\\/08\\\/24\\\/fernandez-llamo-a-schiaretti-para-anunciarle-apoyo-nacional-para-combatir-los-incendios-en-cordoba\\\/#breadcrumb\"},\"inLanguage\":\"es\",\"potentialAction\":[{\"@type\":\"ReadAction\",\"target\":[\"https:\\\/\\\/diarioprincipios.com\\\/index.php\\\/2020\\\/08\\\/24\\\/fernandez-llamo-a-schiaretti-para-anunciarle-apoyo-nacional-para-combatir-los-incendios-en-cordoba\\\/\"]}]},{\"@type\":\"ImageObject\",\"inLanguage\":\"es\",\"@id\":\"https:\\\/\\\/diarioprincipios.com\\\/index.php\\\/2020\\\/08\\\/24\\\/fernandez-llamo-a-schiaretti-para-anunciarle-apoyo-nacional-para-combatir-los-incendios-en-cordoba\\\/#primaryimage\",\"url\":\"https:\\\/\\\/diarioprincipios.com\\\/wp-content\\\/uploads\\\/2020\\\/08\\\/FB_IMG_1598311660098.jpg\",\"contentUrl\":\"https:\\\/\\\/diarioprincipios.com\\\/wp-content\\\/uploads\\\/2020\\\/08\\\/FB_IMG_1598311660098.jpg\",\"width\":960,\"height\":639},{\"@type\":\"BreadcrumbList\",\"@id\":\"https:\\\/\\\/diarioprincipios.com\\\/index.php\\\/2020\\\/08\\\/24\\\/fernandez-llamo-a-schiaretti-para-anunciarle-apoyo-nacional-para-combatir-los-incendios-en-cordoba\\\/#breadcrumb\",\"itemListElement\":[{\"@type\":\"ListItem\",\"position\":1,\"name\":\"Portada\",\"item\":\"https:\\\/\\\/diarioprincipios.com\\\/\"},{\"@type\":\"ListItem\",\"position\":2,\"name\":\"Fern\u00e1ndez llam\u00f3 a Schiaretti para anunciarle apoyo nacional para combatir los incendios en C\u00f3rdoba\"}]},{\"@type\":\"WebSite\",\"@id\":\"https:\\\/\\\/diarioprincipios.com\\\/#website\",\"url\":\"https:\\\/\\\/diarioprincipios.com\\\/\",\"name\":\"Principios\",\"description\":\"Principios Diario\",\"publisher\":{\"@id\":\"https:\\\/\\\/diarioprincipios.com\\\/#organization\"},\"potentialAction\":[{\"@type\":\"SearchAction\",\"target\":{\"@type\":\"EntryPoint\",\"urlTemplate\":\"https:\\\/\\\/diarioprincipios.com\\\/?s={search_term_string}\"},\"query-input\":{\"@type\":\"PropertyValueSpecification\",\"valueRequired\":true,\"valueName\":\"search_term_string\"}}],\"inLanguage\":\"es\"},{\"@type\":\"Organization\",\"@id\":\"https:\\\/\\\/diarioprincipios.com\\\/#organization\",\"name\":\"Principios\",\"url\":\"https:\\\/\\\/diarioprincipios.com\\\/\",\"logo\":{\"@type\":\"ImageObject\",\"inLanguage\":\"es\",\"@id\":\"https:\\\/\\\/diarioprincipios.com\\\/#\\\/schema\\\/logo\\\/image\\\/\",\"url\":\"https:\\\/\\\/diarioprincipios.com\\\/wp-content\\\/uploads\\\/2024\\\/04\\\/cropped-www.diarioprincipios.com_-1.png\",\"contentUrl\":\"https:\\\/\\\/diarioprincipios.com\\\/wp-content\\\/uploads\\\/2024\\\/04\\\/cropped-www.diarioprincipios.com_-1.png\",\"width\":5325,\"height\":1454,\"caption\":\"Principios\"},\"image\":{\"@id\":\"https:\\\/\\\/diarioprincipios.com\\\/#\\\/schema\\\/logo\\\/image\\\/\"}},{\"@type\":\"Person\",\"@id\":\"https:\\\/\\\/diarioprincipios.com\\\/#\\\/schema\\\/person\\\/436d5a1fd41a5e250e23ff5a6a7cb080\",\"name\":\"Hern\u00e1n L\u00f3pez\",\"image\":{\"@type\":\"ImageObject\",\"inLanguage\":\"es\",\"@id\":\"https:\\\/\\\/diarioprincipios.com\\\/wp-content\\\/litespeed\\\/avatar\\\/11ddfe5610ff3bd100522525b2571f48.jpg?ver=1777048341\",\"url\":\"https:\\\/\\\/diarioprincipios.com\\\/wp-content\\\/litespeed\\\/avatar\\\/11ddfe5610ff3bd100522525b2571f48.jpg?ver=1777048341\",\"contentUrl\":\"https:\\\/\\\/diarioprincipios.com\\\/wp-content\\\/litespeed\\\/avatar\\\/11ddfe5610ff3bd100522525b2571f48.jpg?ver=1777048341\",\"caption\":\"Hern\u00e1n L\u00f3pez\"},\"url\":\"https:\\\/\\\/diarioprincipios.com\\\/index.php\\\/author\\\/hernan\\\/\"}]}<\/script>\n<!-- \/ Yoast SEO plugin. -->","yoast_head_json":{"title":"Fern\u00e1ndez llam\u00f3 a Schiaretti para anunciarle apoyo nacional para combatir los incendios en C\u00f3rdoba - Principios","robots":{"index":"index","follow":"follow","max-snippet":"max-snippet:-1","max-image-preview":"max-image-preview:large","max-video-preview":"max-video-preview:-1"},"canonical":"https:\/\/diarioprincipios.com\/index.php\/2020\/08\/24\/fernandez-llamo-a-schiaretti-para-anunciarle-apoyo-nacional-para-combatir-los-incendios-en-cordoba\/","og_locale":"es_ES","og_type":"article","og_title":"Fern\u00e1ndez llam\u00f3 a Schiaretti para anunciarle apoyo nacional para combatir los incendios en C\u00f3rdoba - Principios","og_description":"El presidente Alberto Fern\u00e1ndez se comunic\u00f3 hoy con el gobernador de C\u00f3rdoba, Juan Schiaretti, para ofrecerle colaboraci\u00f3n para combatir los incendios forestales que se registran desde hace m\u00e1s de una semana en las serran\u00edas cordobesas y afectan a montes, pastizales y viviendas, adem\u00e1s de causar innumerables da\u00f1os a la flora y fauna. En su cuenta...","og_url":"https:\/\/diarioprincipios.com\/index.php\/2020\/08\/24\/fernandez-llamo-a-schiaretti-para-anunciarle-apoyo-nacional-para-combatir-los-incendios-en-cordoba\/","og_site_name":"Principios","article_published_time":"2020-08-24T23:29:20+00:00","article_modified_time":"2020-08-24T23:29:25+00:00","og_image":[{"width":960,"height":639,"url":"https:\/\/diarioprincipios.com\/wp-content\/uploads\/2020\/08\/FB_IMG_1598311660098.jpg","type":"image\/jpeg"}],"author":"Hern\u00e1n L\u00f3pez","twitter_card":"summary_large_image","twitter_misc":{"Escrito por":"Hern\u00e1n L\u00f3pez","Tiempo de lectura":"1 minuto"},"schema":{"@context":"https:\/\/schema.org","@graph":[{"@type":"Article","@id":"https:\/\/diarioprincipios.com\/index.php\/2020\/08\/24\/fernandez-llamo-a-schiaretti-para-anunciarle-apoyo-nacional-para-combatir-los-incendios-en-cordoba\/#article","isPartOf":{"@id":"https:\/\/diarioprincipios.com\/index.php\/2020\/08\/24\/fernandez-llamo-a-schiaretti-para-anunciarle-apoyo-nacional-para-combatir-los-incendios-en-cordoba\/"},"author":{"name":"Hern\u00e1n L\u00f3pez","@id":"https:\/\/diarioprincipios.com\/#\/schema\/person\/436d5a1fd41a5e250e23ff5a6a7cb080"},"headline":"Fern\u00e1ndez llam\u00f3 a Schiaretti para anunciarle apoyo nacional para combatir los incendios en C\u00f3rdoba","datePublished":"2020-08-24T23:29:20+00:00","dateModified":"2020-08-24T23:29:25+00:00","mainEntityOfPage":{"@id":"https:\/\/diarioprincipios.com\/index.php\/2020\/08\/24\/fernandez-llamo-a-schiaretti-para-anunciarle-apoyo-nacional-para-combatir-los-incendios-en-cordoba\/"},"wordCount":314,"commentCount":0,"publisher":{"@id":"https:\/\/diarioprincipios.com\/#organization"},"image":{"@id":"https:\/\/diarioprincipios.com\/index.php\/2020\/08\/24\/fernandez-llamo-a-schiaretti-para-anunciarle-apoyo-nacional-para-combatir-los-incendios-en-cordoba\/#primaryimage"},"thumbnailUrl":"https:\/\/diarioprincipios.com\/wp-content\/uploads\/2020\/08\/FB_IMG_1598311660098.jpg","articleSection":["Naci\u00f3n"],"inLanguage":"es","potentialAction":[{"@type":"CommentAction","name":"Comment","target":["https:\/\/diarioprincipios.com\/index.php\/2020\/08\/24\/fernandez-llamo-a-schiaretti-para-anunciarle-apoyo-nacional-para-combatir-los-incendios-en-cordoba\/#respond"]}]},{"@type":"WebPage","@id":"https:\/\/diarioprincipios.com\/index.php\/2020\/08\/24\/fernandez-llamo-a-schiaretti-para-anunciarle-apoyo-nacional-para-combatir-los-incendios-en-cordoba\/","url":"https:\/\/diarioprincipios.com\/index.php\/2020\/08\/24\/fernandez-llamo-a-schiaretti-para-anunciarle-apoyo-nacional-para-combatir-los-incendios-en-cordoba\/","name":"Fern\u00e1ndez llam\u00f3 a Schiaretti para anunciarle apoyo nacional para combatir los incendios en C\u00f3rdoba - Principios","isPartOf":{"@id":"https:\/\/diarioprincipios.com\/#website"},"primaryImageOfPage":{"@id":"https:\/\/diarioprincipios.com\/index.php\/2020\/08\/24\/fernandez-llamo-a-schiaretti-para-anunciarle-apoyo-nacional-para-combatir-los-incendios-en-cordoba\/#primaryimage"},"image":{"@id":"https:\/\/diarioprincipios.com\/index.php\/2020\/08\/24\/fernandez-llamo-a-schiaretti-para-anunciarle-apoyo-nacional-para-combatir-los-incendios-en-cordoba\/#primaryimage"},"thumbnailUrl":"https:\/\/diarioprincipios.com\/wp-content\/uploads\/2020\/08\/FB_IMG_1598311660098.jpg","datePublished":"2020-08-24T23:29:20+00:00","dateModified":"2020-08-24T23:29:25+00:00","breadcrumb":{"@id":"https:\/\/diarioprincipios.com\/index.php\/2020\/08\/24\/fernandez-llamo-a-schiaretti-para-anunciarle-apoyo-nacional-para-combatir-los-incendios-en-cordoba\/#breadcrumb"},"inLanguage":"es","potentialAction":[{"@type":"ReadAction","target":["https:\/\/diarioprincipios.com\/index.php\/2020\/08\/24\/fernandez-llamo-a-schiaretti-para-anunciarle-apoyo-nacional-para-combatir-los-incendios-en-cordoba\/"]}]},{"@type":"ImageObject","inLanguage":"es","@id":"https:\/\/diarioprincipios.com\/index.php\/2020\/08\/24\/fernandez-llamo-a-schiaretti-para-anunciarle-apoyo-nacional-para-combatir-los-incendios-en-cordoba\/#primaryimage","url":"https:\/\/diarioprincipios.com\/wp-content\/uploads\/2020\/08\/FB_IMG_1598311660098.jpg","contentUrl":"https:\/\/diarioprincipios.com\/wp-content\/uploads\/2020\/08\/FB_IMG_1598311660098.jpg","width":960,"height":639},{"@type":"BreadcrumbList","@id":"https:\/\/diarioprincipios.com\/index.php\/2020\/08\/24\/fernandez-llamo-a-schiaretti-para-anunciarle-apoyo-nacional-para-combatir-los-incendios-en-cordoba\/#breadcrumb","itemListElement":[{"@type":"ListItem","position":1,"name":"Portada","item":"https:\/\/diarioprincipios.com\/"},{"@type":"ListItem","position":2,"name":"Fern\u00e1ndez llam\u00f3 a Schiaretti para anunciarle apoyo nacional para combatir los incendios en C\u00f3rdoba"}]},{"@type":"WebSite","@id":"https:\/\/diarioprincipios.com\/#website","url":"https:\/\/diarioprincipios.com\/","name":"Principios","description":"Principios Diario","publisher":{"@id":"https:\/\/diarioprincipios.com\/#organization"},"potentialAction":[{"@type":"SearchAction","target":{"@type":"EntryPoint","urlTemplate":"https:\/\/diarioprincipios.com\/?s={search_term_string}"},"query-input":{"@type":"PropertyValueSpecification","valueRequired":true,"valueName":"search_term_string"}}],"inLanguage":"es"},{"@type":"Organization","@id":"https:\/\/diarioprincipios.com\/#organization","name":"Principios","url":"https:\/\/diarioprincipios.com\/","logo":{"@type":"ImageObject","inLanguage":"es","@id":"https:\/\/diarioprincipios.com\/#\/schema\/logo\/image\/","url":"https:\/\/diarioprincipios.com\/wp-content\/uploads\/2024\/04\/cropped-www.diarioprincipios.com_-1.png","contentUrl":"https:\/\/diarioprincipios.com\/wp-content\/uploads\/2024\/04\/cropped-www.diarioprincipios.com_-1.png","width":5325,"height":1454,"caption":"Principios"},"image":{"@id":"https:\/\/diarioprincipios.com\/#\/schema\/logo\/image\/"}},{"@type":"Person","@id":"https:\/\/diarioprincipios.com\/#\/schema\/person\/436d5a1fd41a5e250e23ff5a6a7cb080","name":"Hern\u00e1n L\u00f3pez","image":{"@type":"ImageObject","inLanguage":"es","@id":"https:\/\/diarioprincipios.com\/wp-content\/litespeed\/avatar\/11ddfe5610ff3bd100522525b2571f48.jpg?ver=1777048341","url":"https:\/\/diarioprincipios.com\/wp-content\/litespeed\/avatar\/11ddfe5610ff3bd100522525b2571f48.jpg?ver=1777048341","contentUrl":"https:\/\/diarioprincipios.com\/wp-content\/litespeed\/avatar\/11ddfe5610ff3bd100522525b2571f48.jpg?ver=1777048341","caption":"Hern\u00e1n L\u00f3pez"},"url":"https:\/\/diarioprincipios.com\/index.php\/author\/hernan\/"}]}},"jetpack_featured_media_url":"https:\/\/diarioprincipios.com\/wp-content\/uploads\/2020\/08\/FB_IMG_1598311660098.jpg","_links":{"self":[{"href":"https:\/\/diarioprincipios.com\/index.php\/wp-json\/wp\/v2\/posts\/5001","targetHints":{"allow":["GET"]}}],"collection":[{"href":"https:\/\/diarioprincipios.com\/index.php\/wp-json\/wp\/v2\/posts"}],"about":[{"href":"https:\/\/diarioprincipios.com\/index.php\/wp-json\/wp\/v2\/types\/post"}],"author":[{"embeddable":true,"href":"https:\/\/diarioprincipios.com\/index.php\/wp-json\/wp\/v2\/users\/2"}],"replies":[{"embeddable":true,"href":"https:\/\/diarioprincipios.com\/index.php\/wp-json\/wp\/v2\/comments?post=5001"}],"version-history":[{"count":1,"href":"https:\/\/diarioprincipios.com\/index.php\/wp-json\/wp\/v2\/posts\/5001\/revisions"}],"predecessor-version":[{"id":5004,"href":"https:\/\/diarioprincipios.com\/index.php\/wp-json\/wp\/v2\/posts\/5001\/revisions\/5004"}],"wp:featuredmedia":[{"embeddable":true,"href":"https:\/\/diarioprincipios.com\/index.php\/wp-json\/wp\/v2\/media\/5003"}],"wp:attachment":[{"href":"https:\/\/diarioprincipios.com\/index.php\/wp-json\/wp\/v2\/media?parent=5001"}],"wp:term":[{"taxonomy":"category","embeddable":true,"href":"https:\/\/diarioprincipios.com\/index.php\/wp-json\/wp\/v2\/categories?post=5001"},{"taxonomy":"post_tag","embeddable":true,"href":"https:\/\/diarioprincipios.com\/index.php\/wp-json\/wp\/v2\/tags?post=5001"}],"curies":[{"name":"wp","href":"https:\/\/api.w.org\/{rel}","templated":true}]}}