{"id":4991,"date":"2020-08-24T17:08:19","date_gmt":"2020-08-24T20:08:19","guid":{"rendered":"http:\/\/diarioprincipios.com\/?p=4991"},"modified":"2020-08-24T17:28:22","modified_gmt":"2020-08-24T20:28:22","slug":"mussi-inauguro-ciclo-virtual-de-formacion-en-una-charla-con-alfabetizadores","status":"publish","type":"post","link":"https:\/\/diarioprincipios.com\/index.php\/2020\/08\/24\/mussi-inauguro-ciclo-virtual-de-formacion-en-una-charla-con-alfabetizadores\/","title":{"rendered":"Mussi inaugur\u00f3 Ciclo Virtual de Formaci\u00f3n en una charla con Alfabetizadores"},"content":{"rendered":"\n<p>\u00abHermoso encuentro virtual con integrantes de nuestra Campa\u00f1a Municipal de #Alfabetizacion\u00bb, escribi\u00f3 el Intendente Municipal en sus redes sociales, donde adem\u00e1s comparti\u00f3 fotos de la charla.<\/p>\n\n\n\n<figure class=\"wp-block-image size-large\"><img loading=\"lazy\" decoding=\"async\" width=\"744\" height=\"744\" src=\"https:\/\/diarioprincipios.com\/wp-content\/uploads\/2020\/08\/FB_IMG_1598299257408-1.jpg\" alt=\"\" class=\"wp-image-4995\" srcset=\"https:\/\/diarioprincipios.com\/wp-content\/uploads\/2020\/08\/FB_IMG_1598299257408-1.jpg 744w, https:\/\/diarioprincipios.com\/wp-content\/uploads\/2020\/08\/FB_IMG_1598299257408-1-300x300.jpg 300w, https:\/\/diarioprincipios.com\/wp-content\/uploads\/2020\/08\/FB_IMG_1598299257408-1-150x150.jpg 150w\" sizes=\"auto, (max-width: 744px) 100vw, 744px\" \/><\/figure>\n\n\n\n<p>Destac\u00f3 asimismo que \u00abparticiparon voluntarias y voluntarios del Curso de Herramientas Socioeducativas, que se dicta en forma online, con el objetivo de que cuando todo se normalice, puedan sumarse como alfabetizadores!\u00bb.<\/p>\n\n\n\n<p>Finalmente, Mussi sostuvo que \u00aben este encuentro, inauguramos el Ciclo Virtual de Formaci\u00f3n Permanente, con el prop\u00f3sito de que todos ellos interact\u00faen con personas con distintas experiencias educativas para seguir capacit\u00e1ndose. #Berazategui #BerazateguiEducativa #BuenosVecinos\u00bb<\/p>\n","protected":false},"excerpt":{"rendered":"<p>\u00abHermoso encuentro virtual con integrantes de nuestra Campa\u00f1a Municipal de #Alfabetizacion\u00bb, escribi\u00f3 el Intendente Municipal en sus redes sociales, donde adem\u00e1s comparti\u00f3 fotos de la charla. Destac\u00f3 asimismo que \u00abparticiparon voluntarias y voluntarios del Curso de Herramientas Socioeducativas, que se dicta en forma online, con el objetivo de que cuando todo se normalice, puedan sumarse&#8230;<\/p>\n","protected":false},"author":2,"featured_media":4993,"comment_status":"open","ping_status":"open","sticky":false,"template":"","format":"standard","meta":{"footnotes":""},"categories":[3],"tags":[],"class_list":["post-4991","post","type-post","status-publish","format-standard","has-post-thumbnail","hentry","category-berazategui"],"featured_image_src":"https:\/\/diarioprincipios.com\/wp-content\/uploads\/2020\/08\/FB_IMG_1598299263414-1024x1024.jpg","blog_images":{"medium":"https:\/\/diarioprincipios.com\/wp-content\/uploads\/2020\/08\/FB_IMG_1598299263414-300x300.jpg","large":"https:\/\/diarioprincipios.com\/wp-content\/uploads\/2020\/08\/FB_IMG_1598299263414-1024x1024.jpg"},"ams_acf":[],"yoast_head":"<!-- This site is optimized with the Yoast SEO plugin v27.3 - https:\/\/yoast.com\/product\/yoast-seo-wordpress\/ -->\n<title>Mussi inaugur\u00f3 Ciclo Virtual de Formaci\u00f3n en una charla con Alfabetizadores - Principios<\/title>\n<meta name=\"robots\" content=\"index, follow, max-snippet:-1, max-image-preview:large, max-video-preview:-1\" \/>\n<link rel=\"canonical\" href=\"https:\/\/diarioprincipios.com\/index.php\/2020\/08\/24\/mussi-inauguro-ciclo-virtual-de-formacion-en-una-charla-con-alfabetizadores\/\" \/>\n<meta property=\"og:locale\" content=\"es_ES\" \/>\n<meta property=\"og:type\" content=\"article\" \/>\n<meta property=\"og:title\" content=\"Mussi inaugur\u00f3 Ciclo Virtual de Formaci\u00f3n en una charla con Alfabetizadores - Principios\" \/>\n<meta property=\"og:description\" content=\"\u00abHermoso encuentro virtual con integrantes de nuestra Campa\u00f1a Municipal de #Alfabetizacion\u00bb, escribi\u00f3 el Intendente Municipal en sus redes sociales, donde adem\u00e1s comparti\u00f3 fotos de la charla. Destac\u00f3 asimismo que \u00abparticiparon voluntarias y voluntarios del Curso de Herramientas Socioeducativas, que se dicta en forma online, con el objetivo de que cuando todo se normalice, puedan sumarse...\" \/>\n<meta property=\"og:url\" content=\"https:\/\/diarioprincipios.com\/index.php\/2020\/08\/24\/mussi-inauguro-ciclo-virtual-de-formacion-en-una-charla-con-alfabetizadores\/\" \/>\n<meta property=\"og:site_name\" content=\"Principios\" \/>\n<meta property=\"article:published_time\" content=\"2020-08-24T20:08:19+00:00\" \/>\n<meta property=\"article:modified_time\" content=\"2020-08-24T20:28:22+00:00\" \/>\n<meta property=\"og:image\" content=\"https:\/\/diarioprincipios.com\/wp-content\/uploads\/2020\/08\/FB_IMG_1598299263414.jpg\" \/>\n\t<meta property=\"og:image:width\" content=\"1080\" \/>\n\t<meta property=\"og:image:height\" content=\"1080\" \/>\n\t<meta property=\"og:image:type\" content=\"image\/jpeg\" \/>\n<meta name=\"author\" content=\"Hern\u00e1n L\u00f3pez\" \/>\n<meta name=\"twitter:card\" content=\"summary_large_image\" \/>\n<meta name=\"twitter:label1\" content=\"Escrito por\" \/>\n\t<meta name=\"twitter:data1\" content=\"Hern\u00e1n L\u00f3pez\" \/>\n<script type=\"application\/ld+json\" class=\"yoast-schema-graph\">{\"@context\":\"https:\\\/\\\/schema.org\",\"@graph\":[{\"@type\":\"Article\",\"@id\":\"https:\\\/\\\/diarioprincipios.com\\\/index.php\\\/2020\\\/08\\\/24\\\/mussi-inauguro-ciclo-virtual-de-formacion-en-una-charla-con-alfabetizadores\\\/#article\",\"isPartOf\":{\"@id\":\"https:\\\/\\\/diarioprincipios.com\\\/index.php\\\/2020\\\/08\\\/24\\\/mussi-inauguro-ciclo-virtual-de-formacion-en-una-charla-con-alfabetizadores\\\/\"},\"author\":{\"name\":\"Hern\u00e1n L\u00f3pez\",\"@id\":\"https:\\\/\\\/diarioprincipios.com\\\/#\\\/schema\\\/person\\\/436d5a1fd41a5e250e23ff5a6a7cb080\"},\"headline\":\"Mussi inaugur\u00f3 Ciclo Virtual de Formaci\u00f3n en una charla con Alfabetizadores\",\"datePublished\":\"2020-08-24T20:08:19+00:00\",\"dateModified\":\"2020-08-24T20:28:22+00:00\",\"mainEntityOfPage\":{\"@id\":\"https:\\\/\\\/diarioprincipios.com\\\/index.php\\\/2020\\\/08\\\/24\\\/mussi-inauguro-ciclo-virtual-de-formacion-en-una-charla-con-alfabetizadores\\\/\"},\"wordCount\":109,\"commentCount\":0,\"publisher\":{\"@id\":\"https:\\\/\\\/diarioprincipios.com\\\/#organization\"},\"image\":{\"@id\":\"https:\\\/\\\/diarioprincipios.com\\\/index.php\\\/2020\\\/08\\\/24\\\/mussi-inauguro-ciclo-virtual-de-formacion-en-una-charla-con-alfabetizadores\\\/#primaryimage\"},\"thumbnailUrl\":\"https:\\\/\\\/diarioprincipios.com\\\/wp-content\\\/uploads\\\/2020\\\/08\\\/FB_IMG_1598299263414.jpg\",\"articleSection\":[\"Berazategui\"],\"inLanguage\":\"es\",\"potentialAction\":[{\"@type\":\"CommentAction\",\"name\":\"Comment\",\"target\":[\"https:\\\/\\\/diarioprincipios.com\\\/index.php\\\/2020\\\/08\\\/24\\\/mussi-inauguro-ciclo-virtual-de-formacion-en-una-charla-con-alfabetizadores\\\/#respond\"]}]},{\"@type\":\"WebPage\",\"@id\":\"https:\\\/\\\/diarioprincipios.com\\\/index.php\\\/2020\\\/08\\\/24\\\/mussi-inauguro-ciclo-virtual-de-formacion-en-una-charla-con-alfabetizadores\\\/\",\"url\":\"https:\\\/\\\/diarioprincipios.com\\\/index.php\\\/2020\\\/08\\\/24\\\/mussi-inauguro-ciclo-virtual-de-formacion-en-una-charla-con-alfabetizadores\\\/\",\"name\":\"Mussi inaugur\u00f3 Ciclo Virtual de Formaci\u00f3n en una charla con Alfabetizadores - Principios\",\"isPartOf\":{\"@id\":\"https:\\\/\\\/diarioprincipios.com\\\/#website\"},\"primaryImageOfPage\":{\"@id\":\"https:\\\/\\\/diarioprincipios.com\\\/index.php\\\/2020\\\/08\\\/24\\\/mussi-inauguro-ciclo-virtual-de-formacion-en-una-charla-con-alfabetizadores\\\/#primaryimage\"},\"image\":{\"@id\":\"https:\\\/\\\/diarioprincipios.com\\\/index.php\\\/2020\\\/08\\\/24\\\/mussi-inauguro-ciclo-virtual-de-formacion-en-una-charla-con-alfabetizadores\\\/#primaryimage\"},\"thumbnailUrl\":\"https:\\\/\\\/diarioprincipios.com\\\/wp-content\\\/uploads\\\/2020\\\/08\\\/FB_IMG_1598299263414.jpg\",\"datePublished\":\"2020-08-24T20:08:19+00:00\",\"dateModified\":\"2020-08-24T20:28:22+00:00\",\"breadcrumb\":{\"@id\":\"https:\\\/\\\/diarioprincipios.com\\\/index.php\\\/2020\\\/08\\\/24\\\/mussi-inauguro-ciclo-virtual-de-formacion-en-una-charla-con-alfabetizadores\\\/#breadcrumb\"},\"inLanguage\":\"es\",\"potentialAction\":[{\"@type\":\"ReadAction\",\"target\":[\"https:\\\/\\\/diarioprincipios.com\\\/index.php\\\/2020\\\/08\\\/24\\\/mussi-inauguro-ciclo-virtual-de-formacion-en-una-charla-con-alfabetizadores\\\/\"]}]},{\"@type\":\"ImageObject\",\"inLanguage\":\"es\",\"@id\":\"https:\\\/\\\/diarioprincipios.com\\\/index.php\\\/2020\\\/08\\\/24\\\/mussi-inauguro-ciclo-virtual-de-formacion-en-una-charla-con-alfabetizadores\\\/#primaryimage\",\"url\":\"https:\\\/\\\/diarioprincipios.com\\\/wp-content\\\/uploads\\\/2020\\\/08\\\/FB_IMG_1598299263414.jpg\",\"contentUrl\":\"https:\\\/\\\/diarioprincipios.com\\\/wp-content\\\/uploads\\\/2020\\\/08\\\/FB_IMG_1598299263414.jpg\",\"width\":1080,\"height\":1080},{\"@type\":\"BreadcrumbList\",\"@id\":\"https:\\\/\\\/diarioprincipios.com\\\/index.php\\\/2020\\\/08\\\/24\\\/mussi-inauguro-ciclo-virtual-de-formacion-en-una-charla-con-alfabetizadores\\\/#breadcrumb\",\"itemListElement\":[{\"@type\":\"ListItem\",\"position\":1,\"name\":\"Portada\",\"item\":\"https:\\\/\\\/diarioprincipios.com\\\/\"},{\"@type\":\"ListItem\",\"position\":2,\"name\":\"Mussi inaugur\u00f3 Ciclo Virtual de Formaci\u00f3n en una charla con Alfabetizadores\"}]},{\"@type\":\"WebSite\",\"@id\":\"https:\\\/\\\/diarioprincipios.com\\\/#website\",\"url\":\"https:\\\/\\\/diarioprincipios.com\\\/\",\"name\":\"Principios\",\"description\":\"Principios Diario\",\"publisher\":{\"@id\":\"https:\\\/\\\/diarioprincipios.com\\\/#organization\"},\"potentialAction\":[{\"@type\":\"SearchAction\",\"target\":{\"@type\":\"EntryPoint\",\"urlTemplate\":\"https:\\\/\\\/diarioprincipios.com\\\/?s={search_term_string}\"},\"query-input\":{\"@type\":\"PropertyValueSpecification\",\"valueRequired\":true,\"valueName\":\"search_term_string\"}}],\"inLanguage\":\"es\"},{\"@type\":\"Organization\",\"@id\":\"https:\\\/\\\/diarioprincipios.com\\\/#organization\",\"name\":\"Principios\",\"url\":\"https:\\\/\\\/diarioprincipios.com\\\/\",\"logo\":{\"@type\":\"ImageObject\",\"inLanguage\":\"es\",\"@id\":\"https:\\\/\\\/diarioprincipios.com\\\/#\\\/schema\\\/logo\\\/image\\\/\",\"url\":\"https:\\\/\\\/diarioprincipios.com\\\/wp-content\\\/uploads\\\/2024\\\/04\\\/cropped-www.diarioprincipios.com_-1.png\",\"contentUrl\":\"https:\\\/\\\/diarioprincipios.com\\\/wp-content\\\/uploads\\\/2024\\\/04\\\/cropped-www.diarioprincipios.com_-1.png\",\"width\":5325,\"height\":1454,\"caption\":\"Principios\"},\"image\":{\"@id\":\"https:\\\/\\\/diarioprincipios.com\\\/#\\\/schema\\\/logo\\\/image\\\/\"}},{\"@type\":\"Person\",\"@id\":\"https:\\\/\\\/diarioprincipios.com\\\/#\\\/schema\\\/person\\\/436d5a1fd41a5e250e23ff5a6a7cb080\",\"name\":\"Hern\u00e1n L\u00f3pez\",\"image\":{\"@type\":\"ImageObject\",\"inLanguage\":\"es\",\"@id\":\"https:\\\/\\\/diarioprincipios.com\\\/wp-content\\\/litespeed\\\/avatar\\\/11ddfe5610ff3bd100522525b2571f48.jpg?ver=1777653193\",\"url\":\"https:\\\/\\\/diarioprincipios.com\\\/wp-content\\\/litespeed\\\/avatar\\\/11ddfe5610ff3bd100522525b2571f48.jpg?ver=1777653193\",\"contentUrl\":\"https:\\\/\\\/diarioprincipios.com\\\/wp-content\\\/litespeed\\\/avatar\\\/11ddfe5610ff3bd100522525b2571f48.jpg?ver=1777653193\",\"caption\":\"Hern\u00e1n L\u00f3pez\"},\"url\":\"https:\\\/\\\/diarioprincipios.com\\\/index.php\\\/author\\\/hernan\\\/\"}]}<\/script>\n<!-- \/ Yoast SEO plugin. -->","yoast_head_json":{"title":"Mussi inaugur\u00f3 Ciclo Virtual de Formaci\u00f3n en una charla con Alfabetizadores - Principios","robots":{"index":"index","follow":"follow","max-snippet":"max-snippet:-1","max-image-preview":"max-image-preview:large","max-video-preview":"max-video-preview:-1"},"canonical":"https:\/\/diarioprincipios.com\/index.php\/2020\/08\/24\/mussi-inauguro-ciclo-virtual-de-formacion-en-una-charla-con-alfabetizadores\/","og_locale":"es_ES","og_type":"article","og_title":"Mussi inaugur\u00f3 Ciclo Virtual de Formaci\u00f3n en una charla con Alfabetizadores - Principios","og_description":"\u00abHermoso encuentro virtual con integrantes de nuestra Campa\u00f1a Municipal de #Alfabetizacion\u00bb, escribi\u00f3 el Intendente Municipal en sus redes sociales, donde adem\u00e1s comparti\u00f3 fotos de la charla. Destac\u00f3 asimismo que \u00abparticiparon voluntarias y voluntarios del Curso de Herramientas Socioeducativas, que se dicta en forma online, con el objetivo de que cuando todo se normalice, puedan sumarse...","og_url":"https:\/\/diarioprincipios.com\/index.php\/2020\/08\/24\/mussi-inauguro-ciclo-virtual-de-formacion-en-una-charla-con-alfabetizadores\/","og_site_name":"Principios","article_published_time":"2020-08-24T20:08:19+00:00","article_modified_time":"2020-08-24T20:28:22+00:00","og_image":[{"width":1080,"height":1080,"url":"https:\/\/diarioprincipios.com\/wp-content\/uploads\/2020\/08\/FB_IMG_1598299263414.jpg","type":"image\/jpeg"}],"author":"Hern\u00e1n L\u00f3pez","twitter_card":"summary_large_image","twitter_misc":{"Escrito por":"Hern\u00e1n L\u00f3pez"},"schema":{"@context":"https:\/\/schema.org","@graph":[{"@type":"Article","@id":"https:\/\/diarioprincipios.com\/index.php\/2020\/08\/24\/mussi-inauguro-ciclo-virtual-de-formacion-en-una-charla-con-alfabetizadores\/#article","isPartOf":{"@id":"https:\/\/diarioprincipios.com\/index.php\/2020\/08\/24\/mussi-inauguro-ciclo-virtual-de-formacion-en-una-charla-con-alfabetizadores\/"},"author":{"name":"Hern\u00e1n L\u00f3pez","@id":"https:\/\/diarioprincipios.com\/#\/schema\/person\/436d5a1fd41a5e250e23ff5a6a7cb080"},"headline":"Mussi inaugur\u00f3 Ciclo Virtual de Formaci\u00f3n en una charla con Alfabetizadores","datePublished":"2020-08-24T20:08:19+00:00","dateModified":"2020-08-24T20:28:22+00:00","mainEntityOfPage":{"@id":"https:\/\/diarioprincipios.com\/index.php\/2020\/08\/24\/mussi-inauguro-ciclo-virtual-de-formacion-en-una-charla-con-alfabetizadores\/"},"wordCount":109,"commentCount":0,"publisher":{"@id":"https:\/\/diarioprincipios.com\/#organization"},"image":{"@id":"https:\/\/diarioprincipios.com\/index.php\/2020\/08\/24\/mussi-inauguro-ciclo-virtual-de-formacion-en-una-charla-con-alfabetizadores\/#primaryimage"},"thumbnailUrl":"https:\/\/diarioprincipios.com\/wp-content\/uploads\/2020\/08\/FB_IMG_1598299263414.jpg","articleSection":["Berazategui"],"inLanguage":"es","potentialAction":[{"@type":"CommentAction","name":"Comment","target":["https:\/\/diarioprincipios.com\/index.php\/2020\/08\/24\/mussi-inauguro-ciclo-virtual-de-formacion-en-una-charla-con-alfabetizadores\/#respond"]}]},{"@type":"WebPage","@id":"https:\/\/diarioprincipios.com\/index.php\/2020\/08\/24\/mussi-inauguro-ciclo-virtual-de-formacion-en-una-charla-con-alfabetizadores\/","url":"https:\/\/diarioprincipios.com\/index.php\/2020\/08\/24\/mussi-inauguro-ciclo-virtual-de-formacion-en-una-charla-con-alfabetizadores\/","name":"Mussi inaugur\u00f3 Ciclo Virtual de Formaci\u00f3n en una charla con Alfabetizadores - Principios","isPartOf":{"@id":"https:\/\/diarioprincipios.com\/#website"},"primaryImageOfPage":{"@id":"https:\/\/diarioprincipios.com\/index.php\/2020\/08\/24\/mussi-inauguro-ciclo-virtual-de-formacion-en-una-charla-con-alfabetizadores\/#primaryimage"},"image":{"@id":"https:\/\/diarioprincipios.com\/index.php\/2020\/08\/24\/mussi-inauguro-ciclo-virtual-de-formacion-en-una-charla-con-alfabetizadores\/#primaryimage"},"thumbnailUrl":"https:\/\/diarioprincipios.com\/wp-content\/uploads\/2020\/08\/FB_IMG_1598299263414.jpg","datePublished":"2020-08-24T20:08:19+00:00","dateModified":"2020-08-24T20:28:22+00:00","breadcrumb":{"@id":"https:\/\/diarioprincipios.com\/index.php\/2020\/08\/24\/mussi-inauguro-ciclo-virtual-de-formacion-en-una-charla-con-alfabetizadores\/#breadcrumb"},"inLanguage":"es","potentialAction":[{"@type":"ReadAction","target":["https:\/\/diarioprincipios.com\/index.php\/2020\/08\/24\/mussi-inauguro-ciclo-virtual-de-formacion-en-una-charla-con-alfabetizadores\/"]}]},{"@type":"ImageObject","inLanguage":"es","@id":"https:\/\/diarioprincipios.com\/index.php\/2020\/08\/24\/mussi-inauguro-ciclo-virtual-de-formacion-en-una-charla-con-alfabetizadores\/#primaryimage","url":"https:\/\/diarioprincipios.com\/wp-content\/uploads\/2020\/08\/FB_IMG_1598299263414.jpg","contentUrl":"https:\/\/diarioprincipios.com\/wp-content\/uploads\/2020\/08\/FB_IMG_1598299263414.jpg","width":1080,"height":1080},{"@type":"BreadcrumbList","@id":"https:\/\/diarioprincipios.com\/index.php\/2020\/08\/24\/mussi-inauguro-ciclo-virtual-de-formacion-en-una-charla-con-alfabetizadores\/#breadcrumb","itemListElement":[{"@type":"ListItem","position":1,"name":"Portada","item":"https:\/\/diarioprincipios.com\/"},{"@type":"ListItem","position":2,"name":"Mussi inaugur\u00f3 Ciclo Virtual de Formaci\u00f3n en una charla con Alfabetizadores"}]},{"@type":"WebSite","@id":"https:\/\/diarioprincipios.com\/#website","url":"https:\/\/diarioprincipios.com\/","name":"Principios","description":"Principios Diario","publisher":{"@id":"https:\/\/diarioprincipios.com\/#organization"},"potentialAction":[{"@type":"SearchAction","target":{"@type":"EntryPoint","urlTemplate":"https:\/\/diarioprincipios.com\/?s={search_term_string}"},"query-input":{"@type":"PropertyValueSpecification","valueRequired":true,"valueName":"search_term_string"}}],"inLanguage":"es"},{"@type":"Organization","@id":"https:\/\/diarioprincipios.com\/#organization","name":"Principios","url":"https:\/\/diarioprincipios.com\/","logo":{"@type":"ImageObject","inLanguage":"es","@id":"https:\/\/diarioprincipios.com\/#\/schema\/logo\/image\/","url":"https:\/\/diarioprincipios.com\/wp-content\/uploads\/2024\/04\/cropped-www.diarioprincipios.com_-1.png","contentUrl":"https:\/\/diarioprincipios.com\/wp-content\/uploads\/2024\/04\/cropped-www.diarioprincipios.com_-1.png","width":5325,"height":1454,"caption":"Principios"},"image":{"@id":"https:\/\/diarioprincipios.com\/#\/schema\/logo\/image\/"}},{"@type":"Person","@id":"https:\/\/diarioprincipios.com\/#\/schema\/person\/436d5a1fd41a5e250e23ff5a6a7cb080","name":"Hern\u00e1n L\u00f3pez","image":{"@type":"ImageObject","inLanguage":"es","@id":"https:\/\/diarioprincipios.com\/wp-content\/litespeed\/avatar\/11ddfe5610ff3bd100522525b2571f48.jpg?ver=1777653193","url":"https:\/\/diarioprincipios.com\/wp-content\/litespeed\/avatar\/11ddfe5610ff3bd100522525b2571f48.jpg?ver=1777653193","contentUrl":"https:\/\/diarioprincipios.com\/wp-content\/litespeed\/avatar\/11ddfe5610ff3bd100522525b2571f48.jpg?ver=1777653193","caption":"Hern\u00e1n L\u00f3pez"},"url":"https:\/\/diarioprincipios.com\/index.php\/author\/hernan\/"}]}},"jetpack_featured_media_url":"https:\/\/diarioprincipios.com\/wp-content\/uploads\/2020\/08\/FB_IMG_1598299263414.jpg","_links":{"self":[{"href":"https:\/\/diarioprincipios.com\/index.php\/wp-json\/wp\/v2\/posts\/4991","targetHints":{"allow":["GET"]}}],"collection":[{"href":"https:\/\/diarioprincipios.com\/index.php\/wp-json\/wp\/v2\/posts"}],"about":[{"href":"https:\/\/diarioprincipios.com\/index.php\/wp-json\/wp\/v2\/types\/post"}],"author":[{"embeddable":true,"href":"https:\/\/diarioprincipios.com\/index.php\/wp-json\/wp\/v2\/users\/2"}],"replies":[{"embeddable":true,"href":"https:\/\/diarioprincipios.com\/index.php\/wp-json\/wp\/v2\/comments?post=4991"}],"version-history":[{"count":5,"href":"https:\/\/diarioprincipios.com\/index.php\/wp-json\/wp\/v2\/posts\/4991\/revisions"}],"predecessor-version":[{"id":5000,"href":"https:\/\/diarioprincipios.com\/index.php\/wp-json\/wp\/v2\/posts\/4991\/revisions\/5000"}],"wp:featuredmedia":[{"embeddable":true,"href":"https:\/\/diarioprincipios.com\/index.php\/wp-json\/wp\/v2\/media\/4993"}],"wp:attachment":[{"href":"https:\/\/diarioprincipios.com\/index.php\/wp-json\/wp\/v2\/media?parent=4991"}],"wp:term":[{"taxonomy":"category","embeddable":true,"href":"https:\/\/diarioprincipios.com\/index.php\/wp-json\/wp\/v2\/categories?post=4991"},{"taxonomy":"post_tag","embeddable":true,"href":"https:\/\/diarioprincipios.com\/index.php\/wp-json\/wp\/v2\/tags?post=4991"}],"curies":[{"name":"wp","href":"https:\/\/api.w.org\/{rel}","templated":true}]}}