{"id":4970,"date":"2020-08-23T19:51:25","date_gmt":"2020-08-23T22:51:25","guid":{"rendered":"http:\/\/diarioprincipios.com\/?p=4970"},"modified":"2020-08-23T19:51:26","modified_gmt":"2020-08-23T22:51:26","slug":"la-lista-de-campeones-de-la-liga-de-campeones-de-europa-tras-el-titulo-del-bayern","status":"publish","type":"post","link":"https:\/\/diarioprincipios.com\/index.php\/2020\/08\/23\/la-lista-de-campeones-de-la-liga-de-campeones-de-europa-tras-el-titulo-del-bayern\/","title":{"rendered":"La lista de campeones de la Liga de Campeones de Europa tras el t\u00edtulo del Bayern"},"content":{"rendered":"\n<p>La edici\u00f3n 65 de la Liga de Campeones de Europa consagr\u00f3 campe\u00f3n a Bayern M\u00fanich de Alemania, por sexta vez en su historia, ante Par\u00eds Saint Germain de Francia con el triunfo por 1-0, pero contin\u00faa lejos de Real Madrid de Espa\u00f1a, m\u00e1ximo ganador.<\/p>\n\n\n\n<p>El equipo madrile\u00f1o gan\u00f3 la copa en 13 ocasiones y la \u00faltima se produjo en la temporada 2017\/2018.<\/p>\n\n\n\n<p>Bayern M\u00fanich, que disput\u00f3 su und\u00e9cima final, alcanz\u00f3 a Liverpool de Inglaterra con seis t\u00edtulos.<\/p>\n\n\n\n<p>La lista de campeones del m\u00e1ximo certamen europeo a nivel de clubes es el siguiente.<\/p>\n\n\n\n<p>Real Madrid: 13 (1956, 1957, 1958, 1959, 1960, 1966, 1998, 2000, 2002, 2014, 2016, 2017 y 2018).<\/p>\n\n\n\n<p>Milan; 7 (1963, 1969, 1989, 1990, 1994, 2003 y 2007)<\/p>\n\n\n\n<p>Bayern Munich: 6 (1974, 1975, 1976, 2001, 2013, 2020)<\/p>\n\n\n\n<p>Liverpool: 6 (1977, 1978, 1981, 1984, 2005, 2019)<\/p>\n\n\n\n<p>Barcelona: 5 (1992, 2006, 2009, 2011, 2015)<\/p>\n\n\n\n<p>Ajax: 4 (1971, 1972, 1973, 1995)<\/p>\n\n\n\n<p>Inter: 3 (1964, 1965, 2010)<\/p>\n\n\n\n<p>Manchester United: 3 (1968, 1999, 2008)<\/p>\n\n\n\n<p>Juventus: 2 (1985, 1996)<\/p>\n\n\n\n<p>Benfica: 2 (1961, 1962)<\/p>\n\n\n\n<p>Notthingham: 2 (1979, 1980)<\/p>\n\n\n\n<p>Porto: 2 (1987, 2004)<\/p>\n\n\n\n<p>Celtic: 1 (1967)<\/p>\n\n\n\n<p>Hamburgo: 1 (1963)<\/p>\n\n\n\n<p>Steaua Bucarest: 1 (1986)<\/p>\n\n\n\n<p>Olympique de Marsella: 1 (1993)<\/p>\n\n\n\n<p>Borussia Dortmund: 1 (1997)<\/p>\n\n\n\n<p>Chelsea: 1 (2012)<\/p>\n\n\n\n<p>Feyenoord: 1 (1970)<\/p>\n\n\n\n<p>Aston Villa: 1 (1962)<\/p>\n\n\n\n<p>PSV: 1 (1988)<\/p>\n\n\n\n<p>Estrella Roja: 1 (1991).<\/p>\n","protected":false},"excerpt":{"rendered":"<p>La edici\u00f3n 65 de la Liga de Campeones de Europa consagr\u00f3 campe\u00f3n a Bayern M\u00fanich de Alemania, por sexta vez en su historia, ante Par\u00eds Saint Germain de Francia con el triunfo por 1-0, pero contin\u00faa lejos de Real Madrid de Espa\u00f1a, m\u00e1ximo ganador. El equipo madrile\u00f1o gan\u00f3 la copa en 13 ocasiones y la&#8230;<\/p>\n","protected":false},"author":2,"featured_media":4971,"comment_status":"open","ping_status":"open","sticky":false,"template":"","format":"standard","meta":{"footnotes":""},"categories":[6],"tags":[],"class_list":["post-4970","post","type-post","status-publish","format-standard","has-post-thumbnail","hentry","category-deportes"],"featured_image_src":"https:\/\/diarioprincipios.com\/wp-content\/uploads\/2020\/08\/asi-quedaron-los-octavos-de-3.jpg","blog_images":{"medium":"https:\/\/diarioprincipios.com\/wp-content\/uploads\/2020\/08\/asi-quedaron-los-octavos-de-3-300x193.jpg","large":"https:\/\/diarioprincipios.com\/wp-content\/uploads\/2020\/08\/asi-quedaron-los-octavos-de-3.jpg"},"ams_acf":[],"yoast_head":"<!-- This site is optimized with the Yoast SEO plugin v27.3 - https:\/\/yoast.com\/product\/yoast-seo-wordpress\/ -->\n<title>La lista de campeones de la Liga de Campeones de Europa tras el t\u00edtulo del Bayern - Principios<\/title>\n<meta name=\"robots\" content=\"index, follow, max-snippet:-1, max-image-preview:large, max-video-preview:-1\" \/>\n<link rel=\"canonical\" href=\"https:\/\/diarioprincipios.com\/index.php\/2020\/08\/23\/la-lista-de-campeones-de-la-liga-de-campeones-de-europa-tras-el-titulo-del-bayern\/\" \/>\n<meta property=\"og:locale\" content=\"es_ES\" \/>\n<meta property=\"og:type\" content=\"article\" \/>\n<meta property=\"og:title\" content=\"La lista de campeones de la Liga de Campeones de Europa tras el t\u00edtulo del Bayern - Principios\" \/>\n<meta property=\"og:description\" content=\"La edici\u00f3n 65 de la Liga de Campeones de Europa consagr\u00f3 campe\u00f3n a Bayern M\u00fanich de Alemania, por sexta vez en su historia, ante Par\u00eds Saint Germain de Francia con el triunfo por 1-0, pero contin\u00faa lejos de Real Madrid de Espa\u00f1a, m\u00e1ximo ganador. El equipo madrile\u00f1o gan\u00f3 la copa en 13 ocasiones y la...\" \/>\n<meta property=\"og:url\" content=\"https:\/\/diarioprincipios.com\/index.php\/2020\/08\/23\/la-lista-de-campeones-de-la-liga-de-campeones-de-europa-tras-el-titulo-del-bayern\/\" \/>\n<meta property=\"og:site_name\" content=\"Principios\" \/>\n<meta property=\"article:published_time\" content=\"2020-08-23T22:51:25+00:00\" \/>\n<meta property=\"article:modified_time\" content=\"2020-08-23T22:51:26+00:00\" \/>\n<meta property=\"og:image\" content=\"https:\/\/diarioprincipios.com\/wp-content\/uploads\/2020\/08\/asi-quedaron-los-octavos-de-3.jpg\" \/>\n\t<meta property=\"og:image:width\" content=\"958\" \/>\n\t<meta property=\"og:image:height\" content=\"616\" \/>\n\t<meta property=\"og:image:type\" content=\"image\/jpeg\" \/>\n<meta name=\"author\" content=\"Hern\u00e1n L\u00f3pez\" \/>\n<meta name=\"twitter:card\" content=\"summary_large_image\" \/>\n<meta name=\"twitter:label1\" content=\"Escrito por\" \/>\n\t<meta name=\"twitter:data1\" content=\"Hern\u00e1n L\u00f3pez\" \/>\n\t<meta name=\"twitter:label2\" content=\"Tiempo de lectura\" \/>\n\t<meta name=\"twitter:data2\" content=\"1 minuto\" \/>\n<script type=\"application\/ld+json\" class=\"yoast-schema-graph\">{\"@context\":\"https:\\\/\\\/schema.org\",\"@graph\":[{\"@type\":\"Article\",\"@id\":\"https:\\\/\\\/diarioprincipios.com\\\/index.php\\\/2020\\\/08\\\/23\\\/la-lista-de-campeones-de-la-liga-de-campeones-de-europa-tras-el-titulo-del-bayern\\\/#article\",\"isPartOf\":{\"@id\":\"https:\\\/\\\/diarioprincipios.com\\\/index.php\\\/2020\\\/08\\\/23\\\/la-lista-de-campeones-de-la-liga-de-campeones-de-europa-tras-el-titulo-del-bayern\\\/\"},\"author\":{\"name\":\"Hern\u00e1n L\u00f3pez\",\"@id\":\"https:\\\/\\\/diarioprincipios.com\\\/#\\\/schema\\\/person\\\/436d5a1fd41a5e250e23ff5a6a7cb080\"},\"headline\":\"La lista de campeones de la Liga de Campeones de Europa tras el t\u00edtulo del Bayern\",\"datePublished\":\"2020-08-23T22:51:25+00:00\",\"dateModified\":\"2020-08-23T22:51:26+00:00\",\"mainEntityOfPage\":{\"@id\":\"https:\\\/\\\/diarioprincipios.com\\\/index.php\\\/2020\\\/08\\\/23\\\/la-lista-de-campeones-de-la-liga-de-campeones-de-europa-tras-el-titulo-del-bayern\\\/\"},\"wordCount\":151,\"commentCount\":0,\"publisher\":{\"@id\":\"https:\\\/\\\/diarioprincipios.com\\\/#organization\"},\"image\":{\"@id\":\"https:\\\/\\\/diarioprincipios.com\\\/index.php\\\/2020\\\/08\\\/23\\\/la-lista-de-campeones-de-la-liga-de-campeones-de-europa-tras-el-titulo-del-bayern\\\/#primaryimage\"},\"thumbnailUrl\":\"https:\\\/\\\/diarioprincipios.com\\\/wp-content\\\/uploads\\\/2020\\\/08\\\/asi-quedaron-los-octavos-de-3.jpg\",\"articleSection\":[\"Deportes\"],\"inLanguage\":\"es\",\"potentialAction\":[{\"@type\":\"CommentAction\",\"name\":\"Comment\",\"target\":[\"https:\\\/\\\/diarioprincipios.com\\\/index.php\\\/2020\\\/08\\\/23\\\/la-lista-de-campeones-de-la-liga-de-campeones-de-europa-tras-el-titulo-del-bayern\\\/#respond\"]}]},{\"@type\":\"WebPage\",\"@id\":\"https:\\\/\\\/diarioprincipios.com\\\/index.php\\\/2020\\\/08\\\/23\\\/la-lista-de-campeones-de-la-liga-de-campeones-de-europa-tras-el-titulo-del-bayern\\\/\",\"url\":\"https:\\\/\\\/diarioprincipios.com\\\/index.php\\\/2020\\\/08\\\/23\\\/la-lista-de-campeones-de-la-liga-de-campeones-de-europa-tras-el-titulo-del-bayern\\\/\",\"name\":\"La lista de campeones de la Liga de Campeones de Europa tras el t\u00edtulo del Bayern - Principios\",\"isPartOf\":{\"@id\":\"https:\\\/\\\/diarioprincipios.com\\\/#website\"},\"primaryImageOfPage\":{\"@id\":\"https:\\\/\\\/diarioprincipios.com\\\/index.php\\\/2020\\\/08\\\/23\\\/la-lista-de-campeones-de-la-liga-de-campeones-de-europa-tras-el-titulo-del-bayern\\\/#primaryimage\"},\"image\":{\"@id\":\"https:\\\/\\\/diarioprincipios.com\\\/index.php\\\/2020\\\/08\\\/23\\\/la-lista-de-campeones-de-la-liga-de-campeones-de-europa-tras-el-titulo-del-bayern\\\/#primaryimage\"},\"thumbnailUrl\":\"https:\\\/\\\/diarioprincipios.com\\\/wp-content\\\/uploads\\\/2020\\\/08\\\/asi-quedaron-los-octavos-de-3.jpg\",\"datePublished\":\"2020-08-23T22:51:25+00:00\",\"dateModified\":\"2020-08-23T22:51:26+00:00\",\"breadcrumb\":{\"@id\":\"https:\\\/\\\/diarioprincipios.com\\\/index.php\\\/2020\\\/08\\\/23\\\/la-lista-de-campeones-de-la-liga-de-campeones-de-europa-tras-el-titulo-del-bayern\\\/#breadcrumb\"},\"inLanguage\":\"es\",\"potentialAction\":[{\"@type\":\"ReadAction\",\"target\":[\"https:\\\/\\\/diarioprincipios.com\\\/index.php\\\/2020\\\/08\\\/23\\\/la-lista-de-campeones-de-la-liga-de-campeones-de-europa-tras-el-titulo-del-bayern\\\/\"]}]},{\"@type\":\"ImageObject\",\"inLanguage\":\"es\",\"@id\":\"https:\\\/\\\/diarioprincipios.com\\\/index.php\\\/2020\\\/08\\\/23\\\/la-lista-de-campeones-de-la-liga-de-campeones-de-europa-tras-el-titulo-del-bayern\\\/#primaryimage\",\"url\":\"https:\\\/\\\/diarioprincipios.com\\\/wp-content\\\/uploads\\\/2020\\\/08\\\/asi-quedaron-los-octavos-de-3.jpg\",\"contentUrl\":\"https:\\\/\\\/diarioprincipios.com\\\/wp-content\\\/uploads\\\/2020\\\/08\\\/asi-quedaron-los-octavos-de-3.jpg\",\"width\":958,\"height\":616},{\"@type\":\"BreadcrumbList\",\"@id\":\"https:\\\/\\\/diarioprincipios.com\\\/index.php\\\/2020\\\/08\\\/23\\\/la-lista-de-campeones-de-la-liga-de-campeones-de-europa-tras-el-titulo-del-bayern\\\/#breadcrumb\",\"itemListElement\":[{\"@type\":\"ListItem\",\"position\":1,\"name\":\"Portada\",\"item\":\"https:\\\/\\\/diarioprincipios.com\\\/\"},{\"@type\":\"ListItem\",\"position\":2,\"name\":\"La lista de campeones de la Liga de Campeones de Europa tras el t\u00edtulo del Bayern\"}]},{\"@type\":\"WebSite\",\"@id\":\"https:\\\/\\\/diarioprincipios.com\\\/#website\",\"url\":\"https:\\\/\\\/diarioprincipios.com\\\/\",\"name\":\"Principios\",\"description\":\"Principios Diario\",\"publisher\":{\"@id\":\"https:\\\/\\\/diarioprincipios.com\\\/#organization\"},\"potentialAction\":[{\"@type\":\"SearchAction\",\"target\":{\"@type\":\"EntryPoint\",\"urlTemplate\":\"https:\\\/\\\/diarioprincipios.com\\\/?s={search_term_string}\"},\"query-input\":{\"@type\":\"PropertyValueSpecification\",\"valueRequired\":true,\"valueName\":\"search_term_string\"}}],\"inLanguage\":\"es\"},{\"@type\":\"Organization\",\"@id\":\"https:\\\/\\\/diarioprincipios.com\\\/#organization\",\"name\":\"Principios\",\"url\":\"https:\\\/\\\/diarioprincipios.com\\\/\",\"logo\":{\"@type\":\"ImageObject\",\"inLanguage\":\"es\",\"@id\":\"https:\\\/\\\/diarioprincipios.com\\\/#\\\/schema\\\/logo\\\/image\\\/\",\"url\":\"https:\\\/\\\/diarioprincipios.com\\\/wp-content\\\/uploads\\\/2024\\\/04\\\/cropped-www.diarioprincipios.com_-1.png\",\"contentUrl\":\"https:\\\/\\\/diarioprincipios.com\\\/wp-content\\\/uploads\\\/2024\\\/04\\\/cropped-www.diarioprincipios.com_-1.png\",\"width\":5325,\"height\":1454,\"caption\":\"Principios\"},\"image\":{\"@id\":\"https:\\\/\\\/diarioprincipios.com\\\/#\\\/schema\\\/logo\\\/image\\\/\"}},{\"@type\":\"Person\",\"@id\":\"https:\\\/\\\/diarioprincipios.com\\\/#\\\/schema\\\/person\\\/436d5a1fd41a5e250e23ff5a6a7cb080\",\"name\":\"Hern\u00e1n L\u00f3pez\",\"image\":{\"@type\":\"ImageObject\",\"inLanguage\":\"es\",\"@id\":\"https:\\\/\\\/diarioprincipios.com\\\/wp-content\\\/litespeed\\\/avatar\\\/11ddfe5610ff3bd100522525b2571f48.jpg?ver=1777048341\",\"url\":\"https:\\\/\\\/diarioprincipios.com\\\/wp-content\\\/litespeed\\\/avatar\\\/11ddfe5610ff3bd100522525b2571f48.jpg?ver=1777048341\",\"contentUrl\":\"https:\\\/\\\/diarioprincipios.com\\\/wp-content\\\/litespeed\\\/avatar\\\/11ddfe5610ff3bd100522525b2571f48.jpg?ver=1777048341\",\"caption\":\"Hern\u00e1n L\u00f3pez\"},\"url\":\"https:\\\/\\\/diarioprincipios.com\\\/index.php\\\/author\\\/hernan\\\/\"}]}<\/script>\n<!-- \/ Yoast SEO plugin. -->","yoast_head_json":{"title":"La lista de campeones de la Liga de Campeones de Europa tras el t\u00edtulo del Bayern - Principios","robots":{"index":"index","follow":"follow","max-snippet":"max-snippet:-1","max-image-preview":"max-image-preview:large","max-video-preview":"max-video-preview:-1"},"canonical":"https:\/\/diarioprincipios.com\/index.php\/2020\/08\/23\/la-lista-de-campeones-de-la-liga-de-campeones-de-europa-tras-el-titulo-del-bayern\/","og_locale":"es_ES","og_type":"article","og_title":"La lista de campeones de la Liga de Campeones de Europa tras el t\u00edtulo del Bayern - Principios","og_description":"La edici\u00f3n 65 de la Liga de Campeones de Europa consagr\u00f3 campe\u00f3n a Bayern M\u00fanich de Alemania, por sexta vez en su historia, ante Par\u00eds Saint Germain de Francia con el triunfo por 1-0, pero contin\u00faa lejos de Real Madrid de Espa\u00f1a, m\u00e1ximo ganador. El equipo madrile\u00f1o gan\u00f3 la copa en 13 ocasiones y la...","og_url":"https:\/\/diarioprincipios.com\/index.php\/2020\/08\/23\/la-lista-de-campeones-de-la-liga-de-campeones-de-europa-tras-el-titulo-del-bayern\/","og_site_name":"Principios","article_published_time":"2020-08-23T22:51:25+00:00","article_modified_time":"2020-08-23T22:51:26+00:00","og_image":[{"width":958,"height":616,"url":"https:\/\/diarioprincipios.com\/wp-content\/uploads\/2020\/08\/asi-quedaron-los-octavos-de-3.jpg","type":"image\/jpeg"}],"author":"Hern\u00e1n L\u00f3pez","twitter_card":"summary_large_image","twitter_misc":{"Escrito por":"Hern\u00e1n L\u00f3pez","Tiempo de lectura":"1 minuto"},"schema":{"@context":"https:\/\/schema.org","@graph":[{"@type":"Article","@id":"https:\/\/diarioprincipios.com\/index.php\/2020\/08\/23\/la-lista-de-campeones-de-la-liga-de-campeones-de-europa-tras-el-titulo-del-bayern\/#article","isPartOf":{"@id":"https:\/\/diarioprincipios.com\/index.php\/2020\/08\/23\/la-lista-de-campeones-de-la-liga-de-campeones-de-europa-tras-el-titulo-del-bayern\/"},"author":{"name":"Hern\u00e1n L\u00f3pez","@id":"https:\/\/diarioprincipios.com\/#\/schema\/person\/436d5a1fd41a5e250e23ff5a6a7cb080"},"headline":"La lista de campeones de la Liga de Campeones de Europa tras el t\u00edtulo del Bayern","datePublished":"2020-08-23T22:51:25+00:00","dateModified":"2020-08-23T22:51:26+00:00","mainEntityOfPage":{"@id":"https:\/\/diarioprincipios.com\/index.php\/2020\/08\/23\/la-lista-de-campeones-de-la-liga-de-campeones-de-europa-tras-el-titulo-del-bayern\/"},"wordCount":151,"commentCount":0,"publisher":{"@id":"https:\/\/diarioprincipios.com\/#organization"},"image":{"@id":"https:\/\/diarioprincipios.com\/index.php\/2020\/08\/23\/la-lista-de-campeones-de-la-liga-de-campeones-de-europa-tras-el-titulo-del-bayern\/#primaryimage"},"thumbnailUrl":"https:\/\/diarioprincipios.com\/wp-content\/uploads\/2020\/08\/asi-quedaron-los-octavos-de-3.jpg","articleSection":["Deportes"],"inLanguage":"es","potentialAction":[{"@type":"CommentAction","name":"Comment","target":["https:\/\/diarioprincipios.com\/index.php\/2020\/08\/23\/la-lista-de-campeones-de-la-liga-de-campeones-de-europa-tras-el-titulo-del-bayern\/#respond"]}]},{"@type":"WebPage","@id":"https:\/\/diarioprincipios.com\/index.php\/2020\/08\/23\/la-lista-de-campeones-de-la-liga-de-campeones-de-europa-tras-el-titulo-del-bayern\/","url":"https:\/\/diarioprincipios.com\/index.php\/2020\/08\/23\/la-lista-de-campeones-de-la-liga-de-campeones-de-europa-tras-el-titulo-del-bayern\/","name":"La lista de campeones de la Liga de Campeones de Europa tras el t\u00edtulo del Bayern - Principios","isPartOf":{"@id":"https:\/\/diarioprincipios.com\/#website"},"primaryImageOfPage":{"@id":"https:\/\/diarioprincipios.com\/index.php\/2020\/08\/23\/la-lista-de-campeones-de-la-liga-de-campeones-de-europa-tras-el-titulo-del-bayern\/#primaryimage"},"image":{"@id":"https:\/\/diarioprincipios.com\/index.php\/2020\/08\/23\/la-lista-de-campeones-de-la-liga-de-campeones-de-europa-tras-el-titulo-del-bayern\/#primaryimage"},"thumbnailUrl":"https:\/\/diarioprincipios.com\/wp-content\/uploads\/2020\/08\/asi-quedaron-los-octavos-de-3.jpg","datePublished":"2020-08-23T22:51:25+00:00","dateModified":"2020-08-23T22:51:26+00:00","breadcrumb":{"@id":"https:\/\/diarioprincipios.com\/index.php\/2020\/08\/23\/la-lista-de-campeones-de-la-liga-de-campeones-de-europa-tras-el-titulo-del-bayern\/#breadcrumb"},"inLanguage":"es","potentialAction":[{"@type":"ReadAction","target":["https:\/\/diarioprincipios.com\/index.php\/2020\/08\/23\/la-lista-de-campeones-de-la-liga-de-campeones-de-europa-tras-el-titulo-del-bayern\/"]}]},{"@type":"ImageObject","inLanguage":"es","@id":"https:\/\/diarioprincipios.com\/index.php\/2020\/08\/23\/la-lista-de-campeones-de-la-liga-de-campeones-de-europa-tras-el-titulo-del-bayern\/#primaryimage","url":"https:\/\/diarioprincipios.com\/wp-content\/uploads\/2020\/08\/asi-quedaron-los-octavos-de-3.jpg","contentUrl":"https:\/\/diarioprincipios.com\/wp-content\/uploads\/2020\/08\/asi-quedaron-los-octavos-de-3.jpg","width":958,"height":616},{"@type":"BreadcrumbList","@id":"https:\/\/diarioprincipios.com\/index.php\/2020\/08\/23\/la-lista-de-campeones-de-la-liga-de-campeones-de-europa-tras-el-titulo-del-bayern\/#breadcrumb","itemListElement":[{"@type":"ListItem","position":1,"name":"Portada","item":"https:\/\/diarioprincipios.com\/"},{"@type":"ListItem","position":2,"name":"La lista de campeones de la Liga de Campeones de Europa tras el t\u00edtulo del Bayern"}]},{"@type":"WebSite","@id":"https:\/\/diarioprincipios.com\/#website","url":"https:\/\/diarioprincipios.com\/","name":"Principios","description":"Principios Diario","publisher":{"@id":"https:\/\/diarioprincipios.com\/#organization"},"potentialAction":[{"@type":"SearchAction","target":{"@type":"EntryPoint","urlTemplate":"https:\/\/diarioprincipios.com\/?s={search_term_string}"},"query-input":{"@type":"PropertyValueSpecification","valueRequired":true,"valueName":"search_term_string"}}],"inLanguage":"es"},{"@type":"Organization","@id":"https:\/\/diarioprincipios.com\/#organization","name":"Principios","url":"https:\/\/diarioprincipios.com\/","logo":{"@type":"ImageObject","inLanguage":"es","@id":"https:\/\/diarioprincipios.com\/#\/schema\/logo\/image\/","url":"https:\/\/diarioprincipios.com\/wp-content\/uploads\/2024\/04\/cropped-www.diarioprincipios.com_-1.png","contentUrl":"https:\/\/diarioprincipios.com\/wp-content\/uploads\/2024\/04\/cropped-www.diarioprincipios.com_-1.png","width":5325,"height":1454,"caption":"Principios"},"image":{"@id":"https:\/\/diarioprincipios.com\/#\/schema\/logo\/image\/"}},{"@type":"Person","@id":"https:\/\/diarioprincipios.com\/#\/schema\/person\/436d5a1fd41a5e250e23ff5a6a7cb080","name":"Hern\u00e1n L\u00f3pez","image":{"@type":"ImageObject","inLanguage":"es","@id":"https:\/\/diarioprincipios.com\/wp-content\/litespeed\/avatar\/11ddfe5610ff3bd100522525b2571f48.jpg?ver=1777048341","url":"https:\/\/diarioprincipios.com\/wp-content\/litespeed\/avatar\/11ddfe5610ff3bd100522525b2571f48.jpg?ver=1777048341","contentUrl":"https:\/\/diarioprincipios.com\/wp-content\/litespeed\/avatar\/11ddfe5610ff3bd100522525b2571f48.jpg?ver=1777048341","caption":"Hern\u00e1n L\u00f3pez"},"url":"https:\/\/diarioprincipios.com\/index.php\/author\/hernan\/"}]}},"jetpack_featured_media_url":"https:\/\/diarioprincipios.com\/wp-content\/uploads\/2020\/08\/asi-quedaron-los-octavos-de-3.jpg","_links":{"self":[{"href":"https:\/\/diarioprincipios.com\/index.php\/wp-json\/wp\/v2\/posts\/4970","targetHints":{"allow":["GET"]}}],"collection":[{"href":"https:\/\/diarioprincipios.com\/index.php\/wp-json\/wp\/v2\/posts"}],"about":[{"href":"https:\/\/diarioprincipios.com\/index.php\/wp-json\/wp\/v2\/types\/post"}],"author":[{"embeddable":true,"href":"https:\/\/diarioprincipios.com\/index.php\/wp-json\/wp\/v2\/users\/2"}],"replies":[{"embeddable":true,"href":"https:\/\/diarioprincipios.com\/index.php\/wp-json\/wp\/v2\/comments?post=4970"}],"version-history":[{"count":1,"href":"https:\/\/diarioprincipios.com\/index.php\/wp-json\/wp\/v2\/posts\/4970\/revisions"}],"predecessor-version":[{"id":4972,"href":"https:\/\/diarioprincipios.com\/index.php\/wp-json\/wp\/v2\/posts\/4970\/revisions\/4972"}],"wp:featuredmedia":[{"embeddable":true,"href":"https:\/\/diarioprincipios.com\/index.php\/wp-json\/wp\/v2\/media\/4971"}],"wp:attachment":[{"href":"https:\/\/diarioprincipios.com\/index.php\/wp-json\/wp\/v2\/media?parent=4970"}],"wp:term":[{"taxonomy":"category","embeddable":true,"href":"https:\/\/diarioprincipios.com\/index.php\/wp-json\/wp\/v2\/categories?post=4970"},{"taxonomy":"post_tag","embeddable":true,"href":"https:\/\/diarioprincipios.com\/index.php\/wp-json\/wp\/v2\/tags?post=4970"}],"curies":[{"name":"wp","href":"https:\/\/api.w.org\/{rel}","templated":true}]}}