{"id":4773,"date":"2020-08-15T20:32:55","date_gmt":"2020-08-15T23:32:55","guid":{"rendered":"http:\/\/diarioprincipios.com\/?p=4773"},"modified":"2020-08-15T20:34:33","modified_gmt":"2020-08-15T23:34:33","slug":"un-nino-de-5-anos-murio-tras-ingerir-dioxido-de-cloro-en-la-localidad-neuquina-de-plottier","status":"publish","type":"post","link":"https:\/\/diarioprincipios.com\/index.php\/2020\/08\/15\/un-nino-de-5-anos-murio-tras-ingerir-dioxido-de-cloro-en-la-localidad-neuquina-de-plottier\/","title":{"rendered":"Un ni\u00f1o de 5 a\u00f1os muri\u00f3 tras ingerir di\u00f3xido de cloro en la localidad neuquina de Plottier"},"content":{"rendered":"\n<p>Un ni\u00f1o de 5 a\u00f1os muri\u00f3 esta madrugada en el Hospital de la localidad neuquina de Plottier tras ingresar a la guardia m\u00e9dica con un cuadro cardio-respiratorio que habr\u00eda sido causado por la ingesta el d\u00eda anterior de di\u00f3xido de cloro, informaron fuentes oficiales.<\/p>\n\n\n\n<p>El deceso se produjo a la 1.15 de esta madrugada al no responder a las maniobras de reanimaci\u00f3n practicadas por el equipo m\u00e9dico que lo atendi\u00f3 en el centro de salud adonde ingres\u00f3 a la 0,20 de hoy.<\/p>\n\n\n\n<p>El Ministerio de Salud de Neuqu\u00e9n inform\u00f3 en un comunicado que \u201cse realiz\u00f3 una denuncia policial por muerte dudosa\u201d y que \u201cdel interrogatorio a sus familiares, se desprende que el d\u00eda anterior el ni\u00f1o hab\u00eda consumido di\u00f3xido de cloro\u201d.<\/p>\n\n\n\n<p>\u201cEn este sentido, es importante recalcar que desde el Ministerio de Salud se comunica y se adhiere a las recomendaciones realizadas sobre el no consumo (ingesta, inhalaci\u00f3n, inyecci\u00f3n, etc.) de productos que contengan di\u00f3xido de cloro, clorito de sodio, hipoclorito de sodio o derivados\u201d, se\u00f1ala el parte oficial.<\/p>\n\n\n\n<p>Indica que \u201cel di\u00f3xido de cloro es un gas de color amarillo o amarillo-rojizo utilizado como blanqueador en la fabricaci\u00f3n de papel, en plantas p\u00fablicas de tratamiento de agua y en el proceso de descontaminaci\u00f3n de construcciones (Agency for Toxic Substances and Disease Registry [ATSDR], 2004). Toxicidad\u201d.<\/p>\n\n\n\n<p>Entre las reacciones que puede provocar a las personas destaca \u201cla disminuci\u00f3n de la presi\u00f3n arterial que puede dar lugar a s\u00edntomas graves como complicaciones respiratorias debido a la modificaci\u00f3n de la capacidad de la sangre para transportar ox\u00edgeno\u201d.<\/p>\n\n\n\n<p>Tambi\u00e9n \u201cla inhalaci\u00f3n a trav\u00e9s de nebulizadores puede generar edema pulmonar, broncoespasmos, neumonitis qu\u00edmica y edema de glotis e incluso producir la muerte si se las exposiciones est\u00e1n por encima del valor l\u00edmite de exposici\u00f3n profesional\u201d.<\/p>\n\n\n\n<p>Se aguardan los resultados de la autopsia al cuerpo del peque\u00f1o para que la justicia avance con la investigaci\u00f3n iniciada hoy a partir de la denuncia radicada por las autoridades sanitarias.<\/p>\n","protected":false},"excerpt":{"rendered":"<p>Un ni\u00f1o de 5 a\u00f1os muri\u00f3 esta madrugada en el Hospital de la localidad neuquina de Plottier tras ingresar a la guardia m\u00e9dica con un cuadro cardio-respiratorio que habr\u00eda sido causado por la ingesta el d\u00eda anterior de di\u00f3xido de cloro, informaron fuentes oficiales. El deceso se produjo a la 1.15 de esta madrugada al&#8230;<\/p>\n","protected":false},"author":2,"featured_media":4776,"comment_status":"open","ping_status":"open","sticky":false,"template":"","format":"standard","meta":{"footnotes":""},"categories":[10],"tags":[],"class_list":["post-4773","post","type-post","status-publish","format-standard","has-post-thumbnail","hentry","category-nacion"],"featured_image_src":"https:\/\/diarioprincipios.com\/wp-content\/uploads\/2020\/08\/diox-1024x563.jpg","blog_images":{"medium":"https:\/\/diarioprincipios.com\/wp-content\/uploads\/2020\/08\/diox-300x165.jpg","large":"https:\/\/diarioprincipios.com\/wp-content\/uploads\/2020\/08\/diox-1024x563.jpg"},"ams_acf":[],"yoast_head":"<!-- This site is optimized with the Yoast SEO plugin v27.3 - https:\/\/yoast.com\/product\/yoast-seo-wordpress\/ -->\n<title>Un ni\u00f1o de 5 a\u00f1os muri\u00f3 tras ingerir di\u00f3xido de cloro en la localidad neuquina de Plottier - Principios<\/title>\n<meta name=\"robots\" content=\"index, follow, max-snippet:-1, max-image-preview:large, max-video-preview:-1\" \/>\n<link rel=\"canonical\" href=\"https:\/\/diarioprincipios.com\/index.php\/2020\/08\/15\/un-nino-de-5-anos-murio-tras-ingerir-dioxido-de-cloro-en-la-localidad-neuquina-de-plottier\/\" \/>\n<meta property=\"og:locale\" content=\"es_ES\" \/>\n<meta property=\"og:type\" content=\"article\" \/>\n<meta property=\"og:title\" content=\"Un ni\u00f1o de 5 a\u00f1os muri\u00f3 tras ingerir di\u00f3xido de cloro en la localidad neuquina de Plottier - Principios\" \/>\n<meta property=\"og:description\" content=\"Un ni\u00f1o de 5 a\u00f1os muri\u00f3 esta madrugada en el Hospital de la localidad neuquina de Plottier tras ingresar a la guardia m\u00e9dica con un cuadro cardio-respiratorio que habr\u00eda sido causado por la ingesta el d\u00eda anterior de di\u00f3xido de cloro, informaron fuentes oficiales. El deceso se produjo a la 1.15 de esta madrugada al...\" \/>\n<meta property=\"og:url\" content=\"https:\/\/diarioprincipios.com\/index.php\/2020\/08\/15\/un-nino-de-5-anos-murio-tras-ingerir-dioxido-de-cloro-en-la-localidad-neuquina-de-plottier\/\" \/>\n<meta property=\"og:site_name\" content=\"Principios\" \/>\n<meta property=\"article:published_time\" content=\"2020-08-15T23:32:55+00:00\" \/>\n<meta property=\"article:modified_time\" content=\"2020-08-15T23:34:33+00:00\" \/>\n<meta property=\"og:image\" content=\"https:\/\/diarioprincipios.com\/wp-content\/uploads\/2020\/08\/diox.jpg\" \/>\n\t<meta property=\"og:image:width\" content=\"2500\" \/>\n\t<meta property=\"og:image:height\" content=\"1374\" \/>\n\t<meta property=\"og:image:type\" content=\"image\/jpeg\" \/>\n<meta name=\"author\" content=\"Hern\u00e1n L\u00f3pez\" \/>\n<meta name=\"twitter:card\" content=\"summary_large_image\" \/>\n<meta name=\"twitter:label1\" content=\"Escrito por\" \/>\n\t<meta name=\"twitter:data1\" content=\"Hern\u00e1n L\u00f3pez\" \/>\n\t<meta name=\"twitter:label2\" content=\"Tiempo de lectura\" \/>\n\t<meta name=\"twitter:data2\" content=\"2 minutos\" \/>\n<script type=\"application\/ld+json\" class=\"yoast-schema-graph\">{\"@context\":\"https:\\\/\\\/schema.org\",\"@graph\":[{\"@type\":\"Article\",\"@id\":\"https:\\\/\\\/diarioprincipios.com\\\/index.php\\\/2020\\\/08\\\/15\\\/un-nino-de-5-anos-murio-tras-ingerir-dioxido-de-cloro-en-la-localidad-neuquina-de-plottier\\\/#article\",\"isPartOf\":{\"@id\":\"https:\\\/\\\/diarioprincipios.com\\\/index.php\\\/2020\\\/08\\\/15\\\/un-nino-de-5-anos-murio-tras-ingerir-dioxido-de-cloro-en-la-localidad-neuquina-de-plottier\\\/\"},\"author\":{\"name\":\"Hern\u00e1n L\u00f3pez\",\"@id\":\"https:\\\/\\\/diarioprincipios.com\\\/#\\\/schema\\\/person\\\/436d5a1fd41a5e250e23ff5a6a7cb080\"},\"headline\":\"Un ni\u00f1o de 5 a\u00f1os muri\u00f3 tras ingerir di\u00f3xido de cloro en la localidad neuquina de Plottier\",\"datePublished\":\"2020-08-15T23:32:55+00:00\",\"dateModified\":\"2020-08-15T23:34:33+00:00\",\"mainEntityOfPage\":{\"@id\":\"https:\\\/\\\/diarioprincipios.com\\\/index.php\\\/2020\\\/08\\\/15\\\/un-nino-de-5-anos-murio-tras-ingerir-dioxido-de-cloro-en-la-localidad-neuquina-de-plottier\\\/\"},\"wordCount\":372,\"commentCount\":0,\"publisher\":{\"@id\":\"https:\\\/\\\/diarioprincipios.com\\\/#organization\"},\"image\":{\"@id\":\"https:\\\/\\\/diarioprincipios.com\\\/index.php\\\/2020\\\/08\\\/15\\\/un-nino-de-5-anos-murio-tras-ingerir-dioxido-de-cloro-en-la-localidad-neuquina-de-plottier\\\/#primaryimage\"},\"thumbnailUrl\":\"https:\\\/\\\/diarioprincipios.com\\\/wp-content\\\/uploads\\\/2020\\\/08\\\/diox.jpg\",\"articleSection\":[\"Naci\u00f3n\"],\"inLanguage\":\"es\",\"potentialAction\":[{\"@type\":\"CommentAction\",\"name\":\"Comment\",\"target\":[\"https:\\\/\\\/diarioprincipios.com\\\/index.php\\\/2020\\\/08\\\/15\\\/un-nino-de-5-anos-murio-tras-ingerir-dioxido-de-cloro-en-la-localidad-neuquina-de-plottier\\\/#respond\"]}]},{\"@type\":\"WebPage\",\"@id\":\"https:\\\/\\\/diarioprincipios.com\\\/index.php\\\/2020\\\/08\\\/15\\\/un-nino-de-5-anos-murio-tras-ingerir-dioxido-de-cloro-en-la-localidad-neuquina-de-plottier\\\/\",\"url\":\"https:\\\/\\\/diarioprincipios.com\\\/index.php\\\/2020\\\/08\\\/15\\\/un-nino-de-5-anos-murio-tras-ingerir-dioxido-de-cloro-en-la-localidad-neuquina-de-plottier\\\/\",\"name\":\"Un ni\u00f1o de 5 a\u00f1os muri\u00f3 tras ingerir di\u00f3xido de cloro en la localidad neuquina de Plottier - Principios\",\"isPartOf\":{\"@id\":\"https:\\\/\\\/diarioprincipios.com\\\/#website\"},\"primaryImageOfPage\":{\"@id\":\"https:\\\/\\\/diarioprincipios.com\\\/index.php\\\/2020\\\/08\\\/15\\\/un-nino-de-5-anos-murio-tras-ingerir-dioxido-de-cloro-en-la-localidad-neuquina-de-plottier\\\/#primaryimage\"},\"image\":{\"@id\":\"https:\\\/\\\/diarioprincipios.com\\\/index.php\\\/2020\\\/08\\\/15\\\/un-nino-de-5-anos-murio-tras-ingerir-dioxido-de-cloro-en-la-localidad-neuquina-de-plottier\\\/#primaryimage\"},\"thumbnailUrl\":\"https:\\\/\\\/diarioprincipios.com\\\/wp-content\\\/uploads\\\/2020\\\/08\\\/diox.jpg\",\"datePublished\":\"2020-08-15T23:32:55+00:00\",\"dateModified\":\"2020-08-15T23:34:33+00:00\",\"breadcrumb\":{\"@id\":\"https:\\\/\\\/diarioprincipios.com\\\/index.php\\\/2020\\\/08\\\/15\\\/un-nino-de-5-anos-murio-tras-ingerir-dioxido-de-cloro-en-la-localidad-neuquina-de-plottier\\\/#breadcrumb\"},\"inLanguage\":\"es\",\"potentialAction\":[{\"@type\":\"ReadAction\",\"target\":[\"https:\\\/\\\/diarioprincipios.com\\\/index.php\\\/2020\\\/08\\\/15\\\/un-nino-de-5-anos-murio-tras-ingerir-dioxido-de-cloro-en-la-localidad-neuquina-de-plottier\\\/\"]}]},{\"@type\":\"ImageObject\",\"inLanguage\":\"es\",\"@id\":\"https:\\\/\\\/diarioprincipios.com\\\/index.php\\\/2020\\\/08\\\/15\\\/un-nino-de-5-anos-murio-tras-ingerir-dioxido-de-cloro-en-la-localidad-neuquina-de-plottier\\\/#primaryimage\",\"url\":\"https:\\\/\\\/diarioprincipios.com\\\/wp-content\\\/uploads\\\/2020\\\/08\\\/diox.jpg\",\"contentUrl\":\"https:\\\/\\\/diarioprincipios.com\\\/wp-content\\\/uploads\\\/2020\\\/08\\\/diox.jpg\",\"width\":2500,\"height\":1374},{\"@type\":\"BreadcrumbList\",\"@id\":\"https:\\\/\\\/diarioprincipios.com\\\/index.php\\\/2020\\\/08\\\/15\\\/un-nino-de-5-anos-murio-tras-ingerir-dioxido-de-cloro-en-la-localidad-neuquina-de-plottier\\\/#breadcrumb\",\"itemListElement\":[{\"@type\":\"ListItem\",\"position\":1,\"name\":\"Portada\",\"item\":\"https:\\\/\\\/diarioprincipios.com\\\/\"},{\"@type\":\"ListItem\",\"position\":2,\"name\":\"Un ni\u00f1o de 5 a\u00f1os muri\u00f3 tras ingerir di\u00f3xido de cloro en la localidad neuquina de Plottier\"}]},{\"@type\":\"WebSite\",\"@id\":\"https:\\\/\\\/diarioprincipios.com\\\/#website\",\"url\":\"https:\\\/\\\/diarioprincipios.com\\\/\",\"name\":\"Principios\",\"description\":\"Principios Diario\",\"publisher\":{\"@id\":\"https:\\\/\\\/diarioprincipios.com\\\/#organization\"},\"potentialAction\":[{\"@type\":\"SearchAction\",\"target\":{\"@type\":\"EntryPoint\",\"urlTemplate\":\"https:\\\/\\\/diarioprincipios.com\\\/?s={search_term_string}\"},\"query-input\":{\"@type\":\"PropertyValueSpecification\",\"valueRequired\":true,\"valueName\":\"search_term_string\"}}],\"inLanguage\":\"es\"},{\"@type\":\"Organization\",\"@id\":\"https:\\\/\\\/diarioprincipios.com\\\/#organization\",\"name\":\"Principios\",\"url\":\"https:\\\/\\\/diarioprincipios.com\\\/\",\"logo\":{\"@type\":\"ImageObject\",\"inLanguage\":\"es\",\"@id\":\"https:\\\/\\\/diarioprincipios.com\\\/#\\\/schema\\\/logo\\\/image\\\/\",\"url\":\"https:\\\/\\\/diarioprincipios.com\\\/wp-content\\\/uploads\\\/2024\\\/04\\\/cropped-www.diarioprincipios.com_-1.png\",\"contentUrl\":\"https:\\\/\\\/diarioprincipios.com\\\/wp-content\\\/uploads\\\/2024\\\/04\\\/cropped-www.diarioprincipios.com_-1.png\",\"width\":5325,\"height\":1454,\"caption\":\"Principios\"},\"image\":{\"@id\":\"https:\\\/\\\/diarioprincipios.com\\\/#\\\/schema\\\/logo\\\/image\\\/\"}},{\"@type\":\"Person\",\"@id\":\"https:\\\/\\\/diarioprincipios.com\\\/#\\\/schema\\\/person\\\/436d5a1fd41a5e250e23ff5a6a7cb080\",\"name\":\"Hern\u00e1n L\u00f3pez\",\"image\":{\"@type\":\"ImageObject\",\"inLanguage\":\"es\",\"@id\":\"https:\\\/\\\/diarioprincipios.com\\\/wp-content\\\/litespeed\\\/avatar\\\/11ddfe5610ff3bd100522525b2571f48.jpg?ver=1777048341\",\"url\":\"https:\\\/\\\/diarioprincipios.com\\\/wp-content\\\/litespeed\\\/avatar\\\/11ddfe5610ff3bd100522525b2571f48.jpg?ver=1777048341\",\"contentUrl\":\"https:\\\/\\\/diarioprincipios.com\\\/wp-content\\\/litespeed\\\/avatar\\\/11ddfe5610ff3bd100522525b2571f48.jpg?ver=1777048341\",\"caption\":\"Hern\u00e1n L\u00f3pez\"},\"url\":\"https:\\\/\\\/diarioprincipios.com\\\/index.php\\\/author\\\/hernan\\\/\"}]}<\/script>\n<!-- \/ Yoast SEO plugin. -->","yoast_head_json":{"title":"Un ni\u00f1o de 5 a\u00f1os muri\u00f3 tras ingerir di\u00f3xido de cloro en la localidad neuquina de Plottier - Principios","robots":{"index":"index","follow":"follow","max-snippet":"max-snippet:-1","max-image-preview":"max-image-preview:large","max-video-preview":"max-video-preview:-1"},"canonical":"https:\/\/diarioprincipios.com\/index.php\/2020\/08\/15\/un-nino-de-5-anos-murio-tras-ingerir-dioxido-de-cloro-en-la-localidad-neuquina-de-plottier\/","og_locale":"es_ES","og_type":"article","og_title":"Un ni\u00f1o de 5 a\u00f1os muri\u00f3 tras ingerir di\u00f3xido de cloro en la localidad neuquina de Plottier - Principios","og_description":"Un ni\u00f1o de 5 a\u00f1os muri\u00f3 esta madrugada en el Hospital de la localidad neuquina de Plottier tras ingresar a la guardia m\u00e9dica con un cuadro cardio-respiratorio que habr\u00eda sido causado por la ingesta el d\u00eda anterior de di\u00f3xido de cloro, informaron fuentes oficiales. El deceso se produjo a la 1.15 de esta madrugada al...","og_url":"https:\/\/diarioprincipios.com\/index.php\/2020\/08\/15\/un-nino-de-5-anos-murio-tras-ingerir-dioxido-de-cloro-en-la-localidad-neuquina-de-plottier\/","og_site_name":"Principios","article_published_time":"2020-08-15T23:32:55+00:00","article_modified_time":"2020-08-15T23:34:33+00:00","og_image":[{"width":2500,"height":1374,"url":"https:\/\/diarioprincipios.com\/wp-content\/uploads\/2020\/08\/diox.jpg","type":"image\/jpeg"}],"author":"Hern\u00e1n L\u00f3pez","twitter_card":"summary_large_image","twitter_misc":{"Escrito por":"Hern\u00e1n L\u00f3pez","Tiempo de lectura":"2 minutos"},"schema":{"@context":"https:\/\/schema.org","@graph":[{"@type":"Article","@id":"https:\/\/diarioprincipios.com\/index.php\/2020\/08\/15\/un-nino-de-5-anos-murio-tras-ingerir-dioxido-de-cloro-en-la-localidad-neuquina-de-plottier\/#article","isPartOf":{"@id":"https:\/\/diarioprincipios.com\/index.php\/2020\/08\/15\/un-nino-de-5-anos-murio-tras-ingerir-dioxido-de-cloro-en-la-localidad-neuquina-de-plottier\/"},"author":{"name":"Hern\u00e1n L\u00f3pez","@id":"https:\/\/diarioprincipios.com\/#\/schema\/person\/436d5a1fd41a5e250e23ff5a6a7cb080"},"headline":"Un ni\u00f1o de 5 a\u00f1os muri\u00f3 tras ingerir di\u00f3xido de cloro en la localidad neuquina de Plottier","datePublished":"2020-08-15T23:32:55+00:00","dateModified":"2020-08-15T23:34:33+00:00","mainEntityOfPage":{"@id":"https:\/\/diarioprincipios.com\/index.php\/2020\/08\/15\/un-nino-de-5-anos-murio-tras-ingerir-dioxido-de-cloro-en-la-localidad-neuquina-de-plottier\/"},"wordCount":372,"commentCount":0,"publisher":{"@id":"https:\/\/diarioprincipios.com\/#organization"},"image":{"@id":"https:\/\/diarioprincipios.com\/index.php\/2020\/08\/15\/un-nino-de-5-anos-murio-tras-ingerir-dioxido-de-cloro-en-la-localidad-neuquina-de-plottier\/#primaryimage"},"thumbnailUrl":"https:\/\/diarioprincipios.com\/wp-content\/uploads\/2020\/08\/diox.jpg","articleSection":["Naci\u00f3n"],"inLanguage":"es","potentialAction":[{"@type":"CommentAction","name":"Comment","target":["https:\/\/diarioprincipios.com\/index.php\/2020\/08\/15\/un-nino-de-5-anos-murio-tras-ingerir-dioxido-de-cloro-en-la-localidad-neuquina-de-plottier\/#respond"]}]},{"@type":"WebPage","@id":"https:\/\/diarioprincipios.com\/index.php\/2020\/08\/15\/un-nino-de-5-anos-murio-tras-ingerir-dioxido-de-cloro-en-la-localidad-neuquina-de-plottier\/","url":"https:\/\/diarioprincipios.com\/index.php\/2020\/08\/15\/un-nino-de-5-anos-murio-tras-ingerir-dioxido-de-cloro-en-la-localidad-neuquina-de-plottier\/","name":"Un ni\u00f1o de 5 a\u00f1os muri\u00f3 tras ingerir di\u00f3xido de cloro en la localidad neuquina de Plottier - Principios","isPartOf":{"@id":"https:\/\/diarioprincipios.com\/#website"},"primaryImageOfPage":{"@id":"https:\/\/diarioprincipios.com\/index.php\/2020\/08\/15\/un-nino-de-5-anos-murio-tras-ingerir-dioxido-de-cloro-en-la-localidad-neuquina-de-plottier\/#primaryimage"},"image":{"@id":"https:\/\/diarioprincipios.com\/index.php\/2020\/08\/15\/un-nino-de-5-anos-murio-tras-ingerir-dioxido-de-cloro-en-la-localidad-neuquina-de-plottier\/#primaryimage"},"thumbnailUrl":"https:\/\/diarioprincipios.com\/wp-content\/uploads\/2020\/08\/diox.jpg","datePublished":"2020-08-15T23:32:55+00:00","dateModified":"2020-08-15T23:34:33+00:00","breadcrumb":{"@id":"https:\/\/diarioprincipios.com\/index.php\/2020\/08\/15\/un-nino-de-5-anos-murio-tras-ingerir-dioxido-de-cloro-en-la-localidad-neuquina-de-plottier\/#breadcrumb"},"inLanguage":"es","potentialAction":[{"@type":"ReadAction","target":["https:\/\/diarioprincipios.com\/index.php\/2020\/08\/15\/un-nino-de-5-anos-murio-tras-ingerir-dioxido-de-cloro-en-la-localidad-neuquina-de-plottier\/"]}]},{"@type":"ImageObject","inLanguage":"es","@id":"https:\/\/diarioprincipios.com\/index.php\/2020\/08\/15\/un-nino-de-5-anos-murio-tras-ingerir-dioxido-de-cloro-en-la-localidad-neuquina-de-plottier\/#primaryimage","url":"https:\/\/diarioprincipios.com\/wp-content\/uploads\/2020\/08\/diox.jpg","contentUrl":"https:\/\/diarioprincipios.com\/wp-content\/uploads\/2020\/08\/diox.jpg","width":2500,"height":1374},{"@type":"BreadcrumbList","@id":"https:\/\/diarioprincipios.com\/index.php\/2020\/08\/15\/un-nino-de-5-anos-murio-tras-ingerir-dioxido-de-cloro-en-la-localidad-neuquina-de-plottier\/#breadcrumb","itemListElement":[{"@type":"ListItem","position":1,"name":"Portada","item":"https:\/\/diarioprincipios.com\/"},{"@type":"ListItem","position":2,"name":"Un ni\u00f1o de 5 a\u00f1os muri\u00f3 tras ingerir di\u00f3xido de cloro en la localidad neuquina de Plottier"}]},{"@type":"WebSite","@id":"https:\/\/diarioprincipios.com\/#website","url":"https:\/\/diarioprincipios.com\/","name":"Principios","description":"Principios Diario","publisher":{"@id":"https:\/\/diarioprincipios.com\/#organization"},"potentialAction":[{"@type":"SearchAction","target":{"@type":"EntryPoint","urlTemplate":"https:\/\/diarioprincipios.com\/?s={search_term_string}"},"query-input":{"@type":"PropertyValueSpecification","valueRequired":true,"valueName":"search_term_string"}}],"inLanguage":"es"},{"@type":"Organization","@id":"https:\/\/diarioprincipios.com\/#organization","name":"Principios","url":"https:\/\/diarioprincipios.com\/","logo":{"@type":"ImageObject","inLanguage":"es","@id":"https:\/\/diarioprincipios.com\/#\/schema\/logo\/image\/","url":"https:\/\/diarioprincipios.com\/wp-content\/uploads\/2024\/04\/cropped-www.diarioprincipios.com_-1.png","contentUrl":"https:\/\/diarioprincipios.com\/wp-content\/uploads\/2024\/04\/cropped-www.diarioprincipios.com_-1.png","width":5325,"height":1454,"caption":"Principios"},"image":{"@id":"https:\/\/diarioprincipios.com\/#\/schema\/logo\/image\/"}},{"@type":"Person","@id":"https:\/\/diarioprincipios.com\/#\/schema\/person\/436d5a1fd41a5e250e23ff5a6a7cb080","name":"Hern\u00e1n L\u00f3pez","image":{"@type":"ImageObject","inLanguage":"es","@id":"https:\/\/diarioprincipios.com\/wp-content\/litespeed\/avatar\/11ddfe5610ff3bd100522525b2571f48.jpg?ver=1777048341","url":"https:\/\/diarioprincipios.com\/wp-content\/litespeed\/avatar\/11ddfe5610ff3bd100522525b2571f48.jpg?ver=1777048341","contentUrl":"https:\/\/diarioprincipios.com\/wp-content\/litespeed\/avatar\/11ddfe5610ff3bd100522525b2571f48.jpg?ver=1777048341","caption":"Hern\u00e1n L\u00f3pez"},"url":"https:\/\/diarioprincipios.com\/index.php\/author\/hernan\/"}]}},"jetpack_featured_media_url":"https:\/\/diarioprincipios.com\/wp-content\/uploads\/2020\/08\/diox.jpg","_links":{"self":[{"href":"https:\/\/diarioprincipios.com\/index.php\/wp-json\/wp\/v2\/posts\/4773","targetHints":{"allow":["GET"]}}],"collection":[{"href":"https:\/\/diarioprincipios.com\/index.php\/wp-json\/wp\/v2\/posts"}],"about":[{"href":"https:\/\/diarioprincipios.com\/index.php\/wp-json\/wp\/v2\/types\/post"}],"author":[{"embeddable":true,"href":"https:\/\/diarioprincipios.com\/index.php\/wp-json\/wp\/v2\/users\/2"}],"replies":[{"embeddable":true,"href":"https:\/\/diarioprincipios.com\/index.php\/wp-json\/wp\/v2\/comments?post=4773"}],"version-history":[{"count":1,"href":"https:\/\/diarioprincipios.com\/index.php\/wp-json\/wp\/v2\/posts\/4773\/revisions"}],"predecessor-version":[{"id":4775,"href":"https:\/\/diarioprincipios.com\/index.php\/wp-json\/wp\/v2\/posts\/4773\/revisions\/4775"}],"wp:featuredmedia":[{"embeddable":true,"href":"https:\/\/diarioprincipios.com\/index.php\/wp-json\/wp\/v2\/media\/4776"}],"wp:attachment":[{"href":"https:\/\/diarioprincipios.com\/index.php\/wp-json\/wp\/v2\/media?parent=4773"}],"wp:term":[{"taxonomy":"category","embeddable":true,"href":"https:\/\/diarioprincipios.com\/index.php\/wp-json\/wp\/v2\/categories?post=4773"},{"taxonomy":"post_tag","embeddable":true,"href":"https:\/\/diarioprincipios.com\/index.php\/wp-json\/wp\/v2\/tags?post=4773"}],"curies":[{"name":"wp","href":"https:\/\/api.w.org\/{rel}","templated":true}]}}