{"id":4766,"date":"2020-08-15T20:20:04","date_gmt":"2020-08-15T23:20:04","guid":{"rendered":"http:\/\/diarioprincipios.com\/?p=4766"},"modified":"2020-08-15T20:20:08","modified_gmt":"2020-08-15T23:20:08","slug":"presentaron-el-plan-de-obras-que-se-esta-desarrollando-en-el-cementerio-de-ezpeleta","status":"publish","type":"post","link":"https:\/\/diarioprincipios.com\/index.php\/2020\/08\/15\/presentaron-el-plan-de-obras-que-se-esta-desarrollando-en-el-cementerio-de-ezpeleta\/","title":{"rendered":"Presentaron el Plan de Obras que se est\u00e1 desarrollando en el Cementerio de Ezpeleta"},"content":{"rendered":"\n<p>La intendenta de Quilmes, Mayra Mendoza, recorri\u00f3 el Cementerio Municipal de Quilmes, ubicado en la avenida Mitre y Laguarda, de Ezpeleta, donde present\u00f3 el plan de obras integral que se viene desarrollando en el lugar y los trabajos que est\u00e1n planificados para concretar en los pr\u00f3ximos meses; que forma parte de los compromisos de gesti\u00f3n que anunci\u00f3 la Jefa comunal d\u00edas atr\u00e1s.<\/p>\n\n\n\n<p>\u201cDecidimos darle al Cementerio Municipal el valor y respeto que requiere este lugar tan especial, y es por eso que comenzamos a avanzar en obras para mejorarlo. Entre ellas la colocaci\u00f3n de nuevas bases de hormig\u00f3n reforzadas y un nuevo muro de ladrillos en las paredes perimetrales que estaban con peligro de derrumbe. En las siguientes etapas refaccionaremos los nichos, vestuarios y el pa\u00f1ol; pintaremos el cerco perimetral interior y exterior; y construiremos bancos de arena e instalar cestos para residuos; se\u00f1alizar y parquizar. Con esta obra aportamos seguridad, mantenimiento y ponemos en valor un espacio muy importante para muchas quilme\u00f1as y quilme\u00f1os\u201d, afirm\u00f3 Mayra.<\/p>\n\n\n\n<p>La primera de las tareas que se ejecut\u00f3 fue la del muro perimetral que est\u00e1 sobre la avenida Mitre, desde Laguarda hasta Comandante Carbonari. La obra tuvo por objetivo la demolici\u00f3n y reconstrucci\u00f3n de los tramos del muro afectados, desde su fundaci\u00f3n hasta la altura actual. Adem\u00e1s, se reforz\u00f3 la se\u00f1al\u00e9tica principal del Cementerio.<\/p>\n\n\n\n<p>La realizaci\u00f3n de esta obra fue fundamental debido a la situaci\u00f3n de da\u00f1o estructural y riesgo de derrumbe que el muro presentaba tras varios a\u00f1os en los que estuvo pr\u00e1cticamente abandonado (al igual que el resto del cementerio) y simplemente, se lo apuntal\u00f3 para que no se caiga.<\/p>\n\n\n\n<p>La obra abarc\u00f3 la reconstrucci\u00f3n de la viga de encadenado de fundaci\u00f3n, reforzando la misma con pilotines dispuestos adecuadamente bajo las columnas, continuando con la conformaci\u00f3n del muro actual de mamposter\u00eda. A su vez las columnas actuaron de encofrado de hierros y llenado de Hormig\u00f3n correspondiente. La totalidad de las operaciones realizadas apuntan a asegurar la permanencia y durabilidad de la construcci\u00f3n realizada.<\/p>\n\n\n\n<p>En etapas siguientes est\u00e1 planificado realizar diferentes obras, entre las que se destaca la del edificio principal de nichos. Tambi\u00e9n se trabajar\u00e1 en los vestuarios y el pa\u00f1ol; en la pintura del cerco perimetral interior y exterior; la construcci\u00f3n de bancos de arena e instalaci\u00f3n de cestos para residuos; se\u00f1alizaci\u00f3n y parquizaci\u00f3n. Adem\u00e1s se mejorar\u00e1n los caminos internos y los sanitarios.<\/p>\n\n\n\n<p>Con estas obras se aporta en seguridad y en mantenimiento, y con muchas de las siguientes previstas tambi\u00e9n se pondr\u00e1 en valor un lugar que durante a\u00f1os fue pr\u00e1cticamente ignorado por anteriores gestiones y que conlleva una fuerte carga sentimental y emocional para muchas vecinas y vecinos de Quilmes.<\/p>\n\n\n\n<p>De la recorrida participaron el jefe de Gabinete, Alejandro Gandulfo; la secretaria de Desarrollo Urbano y Obras P\u00fablicas, Cecilia Soler; su par de Servicio P\u00fablicos, \u00c1ngel Garc\u00eda; el subsecretario de Obras e Infraestructura, Sebasti\u00e1n Garc\u00eda; la directora general de Arquitectura y Proyectos, Luc\u00eda Cosoy, y el director general del Cementerio Municipal, Mart\u00edn Pico.<\/p>\n","protected":false},"excerpt":{"rendered":"<p>La intendenta de Quilmes, Mayra Mendoza, recorri\u00f3 el Cementerio Municipal de Quilmes, ubicado en la avenida Mitre y Laguarda, de Ezpeleta, donde present\u00f3 el plan de obras integral que se viene desarrollando en el lugar y los trabajos que est\u00e1n planificados para concretar en los pr\u00f3ximos meses; que forma parte de los compromisos de gesti\u00f3n&#8230;<\/p>\n","protected":false},"author":2,"featured_media":4767,"comment_status":"open","ping_status":"open","sticky":false,"template":"","format":"standard","meta":{"footnotes":""},"categories":[4],"tags":[],"class_list":["post-4766","post","type-post","status-publish","format-standard","has-post-thumbnail","hentry","category-quilmes"],"featured_image_src":"https:\/\/diarioprincipios.com\/wp-content\/uploads\/2020\/08\/MAYRA-PRESENTO-EL-PLAN-DE-OBRAS-INTEGRAL-QUE-SE-ESTA-DESARROLLANDO-EN-EL-CEMENTERIO-MUNICIPAL-2.jpeg","blog_images":{"medium":"https:\/\/diarioprincipios.com\/wp-content\/uploads\/2020\/08\/MAYRA-PRESENTO-EL-PLAN-DE-OBRAS-INTEGRAL-QUE-SE-ESTA-DESARROLLANDO-EN-EL-CEMENTERIO-MUNICIPAL-2-300x200.jpeg","large":"https:\/\/diarioprincipios.com\/wp-content\/uploads\/2020\/08\/MAYRA-PRESENTO-EL-PLAN-DE-OBRAS-INTEGRAL-QUE-SE-ESTA-DESARROLLANDO-EN-EL-CEMENTERIO-MUNICIPAL-2.jpeg"},"ams_acf":[],"yoast_head":"<!-- This site is optimized with the Yoast SEO plugin v27.3 - https:\/\/yoast.com\/product\/yoast-seo-wordpress\/ -->\n<title>Presentaron el Plan de Obras que se est\u00e1 desarrollando en el Cementerio de Ezpeleta - Principios<\/title>\n<meta name=\"robots\" content=\"index, follow, max-snippet:-1, max-image-preview:large, max-video-preview:-1\" \/>\n<link rel=\"canonical\" href=\"https:\/\/diarioprincipios.com\/index.php\/2020\/08\/15\/presentaron-el-plan-de-obras-que-se-esta-desarrollando-en-el-cementerio-de-ezpeleta\/\" \/>\n<meta property=\"og:locale\" content=\"es_ES\" \/>\n<meta property=\"og:type\" content=\"article\" \/>\n<meta property=\"og:title\" content=\"Presentaron el Plan de Obras que se est\u00e1 desarrollando en el Cementerio de Ezpeleta - Principios\" \/>\n<meta property=\"og:description\" content=\"La intendenta de Quilmes, Mayra Mendoza, recorri\u00f3 el Cementerio Municipal de Quilmes, ubicado en la avenida Mitre y Laguarda, de Ezpeleta, donde present\u00f3 el plan de obras integral que se viene desarrollando en el lugar y los trabajos que est\u00e1n planificados para concretar en los pr\u00f3ximos meses; que forma parte de los compromisos de gesti\u00f3n...\" \/>\n<meta property=\"og:url\" content=\"https:\/\/diarioprincipios.com\/index.php\/2020\/08\/15\/presentaron-el-plan-de-obras-que-se-esta-desarrollando-en-el-cementerio-de-ezpeleta\/\" \/>\n<meta property=\"og:site_name\" content=\"Principios\" \/>\n<meta property=\"article:published_time\" content=\"2020-08-15T23:20:04+00:00\" \/>\n<meta property=\"article:modified_time\" content=\"2020-08-15T23:20:08+00:00\" \/>\n<meta property=\"og:image\" content=\"https:\/\/diarioprincipios.com\/wp-content\/uploads\/2020\/08\/MAYRA-PRESENTO-EL-PLAN-DE-OBRAS-INTEGRAL-QUE-SE-ESTA-DESARROLLANDO-EN-EL-CEMENTERIO-MUNICIPAL-2.jpeg\" \/>\n\t<meta property=\"og:image:width\" content=\"1024\" \/>\n\t<meta property=\"og:image:height\" content=\"682\" \/>\n\t<meta property=\"og:image:type\" content=\"image\/jpeg\" \/>\n<meta name=\"author\" content=\"Hern\u00e1n L\u00f3pez\" \/>\n<meta name=\"twitter:card\" content=\"summary_large_image\" \/>\n<meta name=\"twitter:label1\" content=\"Escrito por\" \/>\n\t<meta name=\"twitter:data1\" content=\"Hern\u00e1n L\u00f3pez\" \/>\n\t<meta name=\"twitter:label2\" content=\"Tiempo de lectura\" \/>\n\t<meta name=\"twitter:data2\" content=\"3 minutos\" \/>\n<script type=\"application\/ld+json\" class=\"yoast-schema-graph\">{\"@context\":\"https:\\\/\\\/schema.org\",\"@graph\":[{\"@type\":\"Article\",\"@id\":\"https:\\\/\\\/diarioprincipios.com\\\/index.php\\\/2020\\\/08\\\/15\\\/presentaron-el-plan-de-obras-que-se-esta-desarrollando-en-el-cementerio-de-ezpeleta\\\/#article\",\"isPartOf\":{\"@id\":\"https:\\\/\\\/diarioprincipios.com\\\/index.php\\\/2020\\\/08\\\/15\\\/presentaron-el-plan-de-obras-que-se-esta-desarrollando-en-el-cementerio-de-ezpeleta\\\/\"},\"author\":{\"name\":\"Hern\u00e1n L\u00f3pez\",\"@id\":\"https:\\\/\\\/diarioprincipios.com\\\/#\\\/schema\\\/person\\\/436d5a1fd41a5e250e23ff5a6a7cb080\"},\"headline\":\"Presentaron el Plan de Obras que se est\u00e1 desarrollando en el Cementerio de Ezpeleta\",\"datePublished\":\"2020-08-15T23:20:04+00:00\",\"dateModified\":\"2020-08-15T23:20:08+00:00\",\"mainEntityOfPage\":{\"@id\":\"https:\\\/\\\/diarioprincipios.com\\\/index.php\\\/2020\\\/08\\\/15\\\/presentaron-el-plan-de-obras-que-se-esta-desarrollando-en-el-cementerio-de-ezpeleta\\\/\"},\"wordCount\":556,\"commentCount\":0,\"publisher\":{\"@id\":\"https:\\\/\\\/diarioprincipios.com\\\/#organization\"},\"image\":{\"@id\":\"https:\\\/\\\/diarioprincipios.com\\\/index.php\\\/2020\\\/08\\\/15\\\/presentaron-el-plan-de-obras-que-se-esta-desarrollando-en-el-cementerio-de-ezpeleta\\\/#primaryimage\"},\"thumbnailUrl\":\"https:\\\/\\\/diarioprincipios.com\\\/wp-content\\\/uploads\\\/2020\\\/08\\\/MAYRA-PRESENTO-EL-PLAN-DE-OBRAS-INTEGRAL-QUE-SE-ESTA-DESARROLLANDO-EN-EL-CEMENTERIO-MUNICIPAL-2.jpeg\",\"articleSection\":[\"Quilmes\"],\"inLanguage\":\"es\",\"potentialAction\":[{\"@type\":\"CommentAction\",\"name\":\"Comment\",\"target\":[\"https:\\\/\\\/diarioprincipios.com\\\/index.php\\\/2020\\\/08\\\/15\\\/presentaron-el-plan-de-obras-que-se-esta-desarrollando-en-el-cementerio-de-ezpeleta\\\/#respond\"]}]},{\"@type\":\"WebPage\",\"@id\":\"https:\\\/\\\/diarioprincipios.com\\\/index.php\\\/2020\\\/08\\\/15\\\/presentaron-el-plan-de-obras-que-se-esta-desarrollando-en-el-cementerio-de-ezpeleta\\\/\",\"url\":\"https:\\\/\\\/diarioprincipios.com\\\/index.php\\\/2020\\\/08\\\/15\\\/presentaron-el-plan-de-obras-que-se-esta-desarrollando-en-el-cementerio-de-ezpeleta\\\/\",\"name\":\"Presentaron el Plan de Obras que se est\u00e1 desarrollando en el Cementerio de Ezpeleta - Principios\",\"isPartOf\":{\"@id\":\"https:\\\/\\\/diarioprincipios.com\\\/#website\"},\"primaryImageOfPage\":{\"@id\":\"https:\\\/\\\/diarioprincipios.com\\\/index.php\\\/2020\\\/08\\\/15\\\/presentaron-el-plan-de-obras-que-se-esta-desarrollando-en-el-cementerio-de-ezpeleta\\\/#primaryimage\"},\"image\":{\"@id\":\"https:\\\/\\\/diarioprincipios.com\\\/index.php\\\/2020\\\/08\\\/15\\\/presentaron-el-plan-de-obras-que-se-esta-desarrollando-en-el-cementerio-de-ezpeleta\\\/#primaryimage\"},\"thumbnailUrl\":\"https:\\\/\\\/diarioprincipios.com\\\/wp-content\\\/uploads\\\/2020\\\/08\\\/MAYRA-PRESENTO-EL-PLAN-DE-OBRAS-INTEGRAL-QUE-SE-ESTA-DESARROLLANDO-EN-EL-CEMENTERIO-MUNICIPAL-2.jpeg\",\"datePublished\":\"2020-08-15T23:20:04+00:00\",\"dateModified\":\"2020-08-15T23:20:08+00:00\",\"breadcrumb\":{\"@id\":\"https:\\\/\\\/diarioprincipios.com\\\/index.php\\\/2020\\\/08\\\/15\\\/presentaron-el-plan-de-obras-que-se-esta-desarrollando-en-el-cementerio-de-ezpeleta\\\/#breadcrumb\"},\"inLanguage\":\"es\",\"potentialAction\":[{\"@type\":\"ReadAction\",\"target\":[\"https:\\\/\\\/diarioprincipios.com\\\/index.php\\\/2020\\\/08\\\/15\\\/presentaron-el-plan-de-obras-que-se-esta-desarrollando-en-el-cementerio-de-ezpeleta\\\/\"]}]},{\"@type\":\"ImageObject\",\"inLanguage\":\"es\",\"@id\":\"https:\\\/\\\/diarioprincipios.com\\\/index.php\\\/2020\\\/08\\\/15\\\/presentaron-el-plan-de-obras-que-se-esta-desarrollando-en-el-cementerio-de-ezpeleta\\\/#primaryimage\",\"url\":\"https:\\\/\\\/diarioprincipios.com\\\/wp-content\\\/uploads\\\/2020\\\/08\\\/MAYRA-PRESENTO-EL-PLAN-DE-OBRAS-INTEGRAL-QUE-SE-ESTA-DESARROLLANDO-EN-EL-CEMENTERIO-MUNICIPAL-2.jpeg\",\"contentUrl\":\"https:\\\/\\\/diarioprincipios.com\\\/wp-content\\\/uploads\\\/2020\\\/08\\\/MAYRA-PRESENTO-EL-PLAN-DE-OBRAS-INTEGRAL-QUE-SE-ESTA-DESARROLLANDO-EN-EL-CEMENTERIO-MUNICIPAL-2.jpeg\",\"width\":1024,\"height\":682},{\"@type\":\"BreadcrumbList\",\"@id\":\"https:\\\/\\\/diarioprincipios.com\\\/index.php\\\/2020\\\/08\\\/15\\\/presentaron-el-plan-de-obras-que-se-esta-desarrollando-en-el-cementerio-de-ezpeleta\\\/#breadcrumb\",\"itemListElement\":[{\"@type\":\"ListItem\",\"position\":1,\"name\":\"Portada\",\"item\":\"https:\\\/\\\/diarioprincipios.com\\\/\"},{\"@type\":\"ListItem\",\"position\":2,\"name\":\"Presentaron el Plan de Obras que se est\u00e1 desarrollando en el Cementerio de Ezpeleta\"}]},{\"@type\":\"WebSite\",\"@id\":\"https:\\\/\\\/diarioprincipios.com\\\/#website\",\"url\":\"https:\\\/\\\/diarioprincipios.com\\\/\",\"name\":\"Principios\",\"description\":\"Principios Diario\",\"publisher\":{\"@id\":\"https:\\\/\\\/diarioprincipios.com\\\/#organization\"},\"potentialAction\":[{\"@type\":\"SearchAction\",\"target\":{\"@type\":\"EntryPoint\",\"urlTemplate\":\"https:\\\/\\\/diarioprincipios.com\\\/?s={search_term_string}\"},\"query-input\":{\"@type\":\"PropertyValueSpecification\",\"valueRequired\":true,\"valueName\":\"search_term_string\"}}],\"inLanguage\":\"es\"},{\"@type\":\"Organization\",\"@id\":\"https:\\\/\\\/diarioprincipios.com\\\/#organization\",\"name\":\"Principios\",\"url\":\"https:\\\/\\\/diarioprincipios.com\\\/\",\"logo\":{\"@type\":\"ImageObject\",\"inLanguage\":\"es\",\"@id\":\"https:\\\/\\\/diarioprincipios.com\\\/#\\\/schema\\\/logo\\\/image\\\/\",\"url\":\"https:\\\/\\\/diarioprincipios.com\\\/wp-content\\\/uploads\\\/2024\\\/04\\\/cropped-www.diarioprincipios.com_-1.png\",\"contentUrl\":\"https:\\\/\\\/diarioprincipios.com\\\/wp-content\\\/uploads\\\/2024\\\/04\\\/cropped-www.diarioprincipios.com_-1.png\",\"width\":5325,\"height\":1454,\"caption\":\"Principios\"},\"image\":{\"@id\":\"https:\\\/\\\/diarioprincipios.com\\\/#\\\/schema\\\/logo\\\/image\\\/\"}},{\"@type\":\"Person\",\"@id\":\"https:\\\/\\\/diarioprincipios.com\\\/#\\\/schema\\\/person\\\/436d5a1fd41a5e250e23ff5a6a7cb080\",\"name\":\"Hern\u00e1n L\u00f3pez\",\"image\":{\"@type\":\"ImageObject\",\"inLanguage\":\"es\",\"@id\":\"https:\\\/\\\/diarioprincipios.com\\\/wp-content\\\/litespeed\\\/avatar\\\/11ddfe5610ff3bd100522525b2571f48.jpg?ver=1777048341\",\"url\":\"https:\\\/\\\/diarioprincipios.com\\\/wp-content\\\/litespeed\\\/avatar\\\/11ddfe5610ff3bd100522525b2571f48.jpg?ver=1777048341\",\"contentUrl\":\"https:\\\/\\\/diarioprincipios.com\\\/wp-content\\\/litespeed\\\/avatar\\\/11ddfe5610ff3bd100522525b2571f48.jpg?ver=1777048341\",\"caption\":\"Hern\u00e1n L\u00f3pez\"},\"url\":\"https:\\\/\\\/diarioprincipios.com\\\/index.php\\\/author\\\/hernan\\\/\"}]}<\/script>\n<!-- \/ Yoast SEO plugin. -->","yoast_head_json":{"title":"Presentaron el Plan de Obras que se est\u00e1 desarrollando en el Cementerio de Ezpeleta - Principios","robots":{"index":"index","follow":"follow","max-snippet":"max-snippet:-1","max-image-preview":"max-image-preview:large","max-video-preview":"max-video-preview:-1"},"canonical":"https:\/\/diarioprincipios.com\/index.php\/2020\/08\/15\/presentaron-el-plan-de-obras-que-se-esta-desarrollando-en-el-cementerio-de-ezpeleta\/","og_locale":"es_ES","og_type":"article","og_title":"Presentaron el Plan de Obras que se est\u00e1 desarrollando en el Cementerio de Ezpeleta - Principios","og_description":"La intendenta de Quilmes, Mayra Mendoza, recorri\u00f3 el Cementerio Municipal de Quilmes, ubicado en la avenida Mitre y Laguarda, de Ezpeleta, donde present\u00f3 el plan de obras integral que se viene desarrollando en el lugar y los trabajos que est\u00e1n planificados para concretar en los pr\u00f3ximos meses; que forma parte de los compromisos de gesti\u00f3n...","og_url":"https:\/\/diarioprincipios.com\/index.php\/2020\/08\/15\/presentaron-el-plan-de-obras-que-se-esta-desarrollando-en-el-cementerio-de-ezpeleta\/","og_site_name":"Principios","article_published_time":"2020-08-15T23:20:04+00:00","article_modified_time":"2020-08-15T23:20:08+00:00","og_image":[{"width":1024,"height":682,"url":"https:\/\/diarioprincipios.com\/wp-content\/uploads\/2020\/08\/MAYRA-PRESENTO-EL-PLAN-DE-OBRAS-INTEGRAL-QUE-SE-ESTA-DESARROLLANDO-EN-EL-CEMENTERIO-MUNICIPAL-2.jpeg","type":"image\/jpeg"}],"author":"Hern\u00e1n L\u00f3pez","twitter_card":"summary_large_image","twitter_misc":{"Escrito por":"Hern\u00e1n L\u00f3pez","Tiempo de lectura":"3 minutos"},"schema":{"@context":"https:\/\/schema.org","@graph":[{"@type":"Article","@id":"https:\/\/diarioprincipios.com\/index.php\/2020\/08\/15\/presentaron-el-plan-de-obras-que-se-esta-desarrollando-en-el-cementerio-de-ezpeleta\/#article","isPartOf":{"@id":"https:\/\/diarioprincipios.com\/index.php\/2020\/08\/15\/presentaron-el-plan-de-obras-que-se-esta-desarrollando-en-el-cementerio-de-ezpeleta\/"},"author":{"name":"Hern\u00e1n L\u00f3pez","@id":"https:\/\/diarioprincipios.com\/#\/schema\/person\/436d5a1fd41a5e250e23ff5a6a7cb080"},"headline":"Presentaron el Plan de Obras que se est\u00e1 desarrollando en el Cementerio de Ezpeleta","datePublished":"2020-08-15T23:20:04+00:00","dateModified":"2020-08-15T23:20:08+00:00","mainEntityOfPage":{"@id":"https:\/\/diarioprincipios.com\/index.php\/2020\/08\/15\/presentaron-el-plan-de-obras-que-se-esta-desarrollando-en-el-cementerio-de-ezpeleta\/"},"wordCount":556,"commentCount":0,"publisher":{"@id":"https:\/\/diarioprincipios.com\/#organization"},"image":{"@id":"https:\/\/diarioprincipios.com\/index.php\/2020\/08\/15\/presentaron-el-plan-de-obras-que-se-esta-desarrollando-en-el-cementerio-de-ezpeleta\/#primaryimage"},"thumbnailUrl":"https:\/\/diarioprincipios.com\/wp-content\/uploads\/2020\/08\/MAYRA-PRESENTO-EL-PLAN-DE-OBRAS-INTEGRAL-QUE-SE-ESTA-DESARROLLANDO-EN-EL-CEMENTERIO-MUNICIPAL-2.jpeg","articleSection":["Quilmes"],"inLanguage":"es","potentialAction":[{"@type":"CommentAction","name":"Comment","target":["https:\/\/diarioprincipios.com\/index.php\/2020\/08\/15\/presentaron-el-plan-de-obras-que-se-esta-desarrollando-en-el-cementerio-de-ezpeleta\/#respond"]}]},{"@type":"WebPage","@id":"https:\/\/diarioprincipios.com\/index.php\/2020\/08\/15\/presentaron-el-plan-de-obras-que-se-esta-desarrollando-en-el-cementerio-de-ezpeleta\/","url":"https:\/\/diarioprincipios.com\/index.php\/2020\/08\/15\/presentaron-el-plan-de-obras-que-se-esta-desarrollando-en-el-cementerio-de-ezpeleta\/","name":"Presentaron el Plan de Obras que se est\u00e1 desarrollando en el Cementerio de Ezpeleta - Principios","isPartOf":{"@id":"https:\/\/diarioprincipios.com\/#website"},"primaryImageOfPage":{"@id":"https:\/\/diarioprincipios.com\/index.php\/2020\/08\/15\/presentaron-el-plan-de-obras-que-se-esta-desarrollando-en-el-cementerio-de-ezpeleta\/#primaryimage"},"image":{"@id":"https:\/\/diarioprincipios.com\/index.php\/2020\/08\/15\/presentaron-el-plan-de-obras-que-se-esta-desarrollando-en-el-cementerio-de-ezpeleta\/#primaryimage"},"thumbnailUrl":"https:\/\/diarioprincipios.com\/wp-content\/uploads\/2020\/08\/MAYRA-PRESENTO-EL-PLAN-DE-OBRAS-INTEGRAL-QUE-SE-ESTA-DESARROLLANDO-EN-EL-CEMENTERIO-MUNICIPAL-2.jpeg","datePublished":"2020-08-15T23:20:04+00:00","dateModified":"2020-08-15T23:20:08+00:00","breadcrumb":{"@id":"https:\/\/diarioprincipios.com\/index.php\/2020\/08\/15\/presentaron-el-plan-de-obras-que-se-esta-desarrollando-en-el-cementerio-de-ezpeleta\/#breadcrumb"},"inLanguage":"es","potentialAction":[{"@type":"ReadAction","target":["https:\/\/diarioprincipios.com\/index.php\/2020\/08\/15\/presentaron-el-plan-de-obras-que-se-esta-desarrollando-en-el-cementerio-de-ezpeleta\/"]}]},{"@type":"ImageObject","inLanguage":"es","@id":"https:\/\/diarioprincipios.com\/index.php\/2020\/08\/15\/presentaron-el-plan-de-obras-que-se-esta-desarrollando-en-el-cementerio-de-ezpeleta\/#primaryimage","url":"https:\/\/diarioprincipios.com\/wp-content\/uploads\/2020\/08\/MAYRA-PRESENTO-EL-PLAN-DE-OBRAS-INTEGRAL-QUE-SE-ESTA-DESARROLLANDO-EN-EL-CEMENTERIO-MUNICIPAL-2.jpeg","contentUrl":"https:\/\/diarioprincipios.com\/wp-content\/uploads\/2020\/08\/MAYRA-PRESENTO-EL-PLAN-DE-OBRAS-INTEGRAL-QUE-SE-ESTA-DESARROLLANDO-EN-EL-CEMENTERIO-MUNICIPAL-2.jpeg","width":1024,"height":682},{"@type":"BreadcrumbList","@id":"https:\/\/diarioprincipios.com\/index.php\/2020\/08\/15\/presentaron-el-plan-de-obras-que-se-esta-desarrollando-en-el-cementerio-de-ezpeleta\/#breadcrumb","itemListElement":[{"@type":"ListItem","position":1,"name":"Portada","item":"https:\/\/diarioprincipios.com\/"},{"@type":"ListItem","position":2,"name":"Presentaron el Plan de Obras que se est\u00e1 desarrollando en el Cementerio de Ezpeleta"}]},{"@type":"WebSite","@id":"https:\/\/diarioprincipios.com\/#website","url":"https:\/\/diarioprincipios.com\/","name":"Principios","description":"Principios Diario","publisher":{"@id":"https:\/\/diarioprincipios.com\/#organization"},"potentialAction":[{"@type":"SearchAction","target":{"@type":"EntryPoint","urlTemplate":"https:\/\/diarioprincipios.com\/?s={search_term_string}"},"query-input":{"@type":"PropertyValueSpecification","valueRequired":true,"valueName":"search_term_string"}}],"inLanguage":"es"},{"@type":"Organization","@id":"https:\/\/diarioprincipios.com\/#organization","name":"Principios","url":"https:\/\/diarioprincipios.com\/","logo":{"@type":"ImageObject","inLanguage":"es","@id":"https:\/\/diarioprincipios.com\/#\/schema\/logo\/image\/","url":"https:\/\/diarioprincipios.com\/wp-content\/uploads\/2024\/04\/cropped-www.diarioprincipios.com_-1.png","contentUrl":"https:\/\/diarioprincipios.com\/wp-content\/uploads\/2024\/04\/cropped-www.diarioprincipios.com_-1.png","width":5325,"height":1454,"caption":"Principios"},"image":{"@id":"https:\/\/diarioprincipios.com\/#\/schema\/logo\/image\/"}},{"@type":"Person","@id":"https:\/\/diarioprincipios.com\/#\/schema\/person\/436d5a1fd41a5e250e23ff5a6a7cb080","name":"Hern\u00e1n L\u00f3pez","image":{"@type":"ImageObject","inLanguage":"es","@id":"https:\/\/diarioprincipios.com\/wp-content\/litespeed\/avatar\/11ddfe5610ff3bd100522525b2571f48.jpg?ver=1777048341","url":"https:\/\/diarioprincipios.com\/wp-content\/litespeed\/avatar\/11ddfe5610ff3bd100522525b2571f48.jpg?ver=1777048341","contentUrl":"https:\/\/diarioprincipios.com\/wp-content\/litespeed\/avatar\/11ddfe5610ff3bd100522525b2571f48.jpg?ver=1777048341","caption":"Hern\u00e1n L\u00f3pez"},"url":"https:\/\/diarioprincipios.com\/index.php\/author\/hernan\/"}]}},"jetpack_featured_media_url":"https:\/\/diarioprincipios.com\/wp-content\/uploads\/2020\/08\/MAYRA-PRESENTO-EL-PLAN-DE-OBRAS-INTEGRAL-QUE-SE-ESTA-DESARROLLANDO-EN-EL-CEMENTERIO-MUNICIPAL-2.jpeg","_links":{"self":[{"href":"https:\/\/diarioprincipios.com\/index.php\/wp-json\/wp\/v2\/posts\/4766","targetHints":{"allow":["GET"]}}],"collection":[{"href":"https:\/\/diarioprincipios.com\/index.php\/wp-json\/wp\/v2\/posts"}],"about":[{"href":"https:\/\/diarioprincipios.com\/index.php\/wp-json\/wp\/v2\/types\/post"}],"author":[{"embeddable":true,"href":"https:\/\/diarioprincipios.com\/index.php\/wp-json\/wp\/v2\/users\/2"}],"replies":[{"embeddable":true,"href":"https:\/\/diarioprincipios.com\/index.php\/wp-json\/wp\/v2\/comments?post=4766"}],"version-history":[{"count":1,"href":"https:\/\/diarioprincipios.com\/index.php\/wp-json\/wp\/v2\/posts\/4766\/revisions"}],"predecessor-version":[{"id":4768,"href":"https:\/\/diarioprincipios.com\/index.php\/wp-json\/wp\/v2\/posts\/4766\/revisions\/4768"}],"wp:featuredmedia":[{"embeddable":true,"href":"https:\/\/diarioprincipios.com\/index.php\/wp-json\/wp\/v2\/media\/4767"}],"wp:attachment":[{"href":"https:\/\/diarioprincipios.com\/index.php\/wp-json\/wp\/v2\/media?parent=4766"}],"wp:term":[{"taxonomy":"category","embeddable":true,"href":"https:\/\/diarioprincipios.com\/index.php\/wp-json\/wp\/v2\/categories?post=4766"},{"taxonomy":"post_tag","embeddable":true,"href":"https:\/\/diarioprincipios.com\/index.php\/wp-json\/wp\/v2\/tags?post=4766"}],"curies":[{"name":"wp","href":"https:\/\/api.w.org\/{rel}","templated":true}]}}