{"id":4762,"date":"2020-08-15T20:06:43","date_gmt":"2020-08-15T23:06:43","guid":{"rendered":"http:\/\/diarioprincipios.com\/?p=4762"},"modified":"2020-08-15T20:06:47","modified_gmt":"2020-08-15T23:06:47","slug":"alumnos-de-los-11-jardines-municipales-recibieron-regalos-por-el-dia-del-nino","status":"publish","type":"post","link":"https:\/\/diarioprincipios.com\/index.php\/2020\/08\/15\/alumnos-de-los-11-jardines-municipales-recibieron-regalos-por-el-dia-del-nino\/","title":{"rendered":"Alumnos de los 11 Jardines Municipales recibieron regalos por el D\u00eda del Ni\u00f1o"},"content":{"rendered":"\n<p><strong>La Municipalidad de Berazategui, a trav\u00e9s de la Secretar\u00eda de Desarrollo Social y Comunitario, entreg\u00f3 a los padres de los alumnos de los jardines municipales de la Ciudad, elementos para que disfruten de una rica merienda y juguetes por el D\u00eda de<\/strong>l Ni\u00f1o.<\/p>\n\n\n\n<p>\u201cEstamos en el Mes de la Ni\u00f1ez, en pleno agosto, y el domingo puntualmente se celebra este d\u00eda tan especial, aunque el Municipio trabaja para la promoci\u00f3n y protecci\u00f3n de los Derechos de los ni\u00f1os y las ni\u00f1as durante todo el a\u00f1o, el Dr. Juan Jos\u00e9 Mussi tuvo la idea de impulsar para este d\u00eda tan particular, en medio de una pandemia que estamos atravesando hace 5 meses y siendo propietarios como municipio de 11 jardines comunitarios, la entrega de un regalo para cada uno de los 1400 nenes y nenas que tenemos en los jardines\u201d, explica Mar\u00eda Laura Lacava, secretaria de Desarrollo Social y Comunitario de la Municipalidad de Berazategui.<\/p>\n\n\n\n<p>En cuanto al preparativo de los regalos, la Secretaria agreg\u00f3: \u201cPensamos en prepararles algo nutritivo, ya que ellos no est\u00e1n asistiendo a clases. Se compr\u00f3 leche larga vida, copos de ma\u00edz azucarados, jugo de fruta, un bud\u00edn y una leche chocolatada adem\u00e1s de un regalo, un juguete a cada uno. Las directoras de cada servicio educativo, por turno citaron a los padres al jard\u00edn, tomando todas las medidas de precauci\u00f3n necesarias para que fueran a buscar los bolsones para sus hijos\u201d.<\/p>\n\n\n\n<figure class=\"wp-block-image size-large\"><img loading=\"lazy\" decoding=\"async\" width=\"1024\" height=\"731\" src=\"https:\/\/diarioprincipios.com\/wp-content\/uploads\/2020\/08\/ALUMNOS-DE-LOS-11-JARDINES-MUNICIPALES-RECIBIERON-REGALOS-POR-EL-DIA-DE-LA-NINEZ-3-1024x731.jpg\" alt=\"\" class=\"wp-image-4763\" srcset=\"https:\/\/diarioprincipios.com\/wp-content\/uploads\/2020\/08\/ALUMNOS-DE-LOS-11-JARDINES-MUNICIPALES-RECIBIERON-REGALOS-POR-EL-DIA-DE-LA-NINEZ-3-1024x731.jpg 1024w, https:\/\/diarioprincipios.com\/wp-content\/uploads\/2020\/08\/ALUMNOS-DE-LOS-11-JARDINES-MUNICIPALES-RECIBIERON-REGALOS-POR-EL-DIA-DE-LA-NINEZ-3-300x214.jpg 300w, https:\/\/diarioprincipios.com\/wp-content\/uploads\/2020\/08\/ALUMNOS-DE-LOS-11-JARDINES-MUNICIPALES-RECIBIERON-REGALOS-POR-EL-DIA-DE-LA-NINEZ-3-768x548.jpg 768w, https:\/\/diarioprincipios.com\/wp-content\/uploads\/2020\/08\/ALUMNOS-DE-LOS-11-JARDINES-MUNICIPALES-RECIBIERON-REGALOS-POR-EL-DIA-DE-LA-NINEZ-3-1536x1097.jpg 1536w, https:\/\/diarioprincipios.com\/wp-content\/uploads\/2020\/08\/ALUMNOS-DE-LOS-11-JARDINES-MUNICIPALES-RECIBIERON-REGALOS-POR-EL-DIA-DE-LA-NINEZ-3.jpg 1920w\" sizes=\"auto, (max-width: 1024px) 100vw, 1024px\" \/><\/figure>\n\n\n\n<p>Carolina Postorivo, Directora del Jard\u00edn Municipal Patito Colet\u00f3n, del Barrio 3 de Junio de Pl\u00e1tanos, coment\u00f3: \u201cEste jard\u00edn tiene 112 nenes. Los padres est\u00e1n contentos y agradecidos porque saben que hay muchos que no tienen la posibilidad de comprar un juguete o hacer una rica merienda el domingo a sus hijos, as\u00ed que nosotros estamos felices de poder acercarles esto. Todos los a\u00f1os recibimos una sorpresa por parte del Municipio\u201d.<\/p>\n\n\n\n<p>En tanto, los padres de los ni\u00f1os y ni\u00f1as inscriptos en el Jard\u00edn Municipal Patito Colet\u00f3n expresaron su gratitud en la jornada de entrega de los regalos, a la que asistieron comprometidos a respetar las medidas de higiene y distanciamiento social. \u201cSoy la mam\u00e1 de dos nenas que vienen a este jard\u00edn. Me parece muy bien, me encantan las cosas que me dieron para ellas. Las nenas estaban enloquecidas, no ven la hora de que llegue su D\u00eda tan especial\u201d, expres\u00f3 con alegr\u00eda Marisel Lencina.<\/p>\n\n\n\n<p>\u201cVengo hoy a buscar el regalo del D\u00eda de la Ni\u00f1ez que prepararon las maestras gracias al Municipio y la Secretar\u00eda de Desarrollo Social y Comunitario local; y que les entregan a\u00f1o tras a\u00f1o. De todos modos, este a\u00f1o va a ser un d\u00eda especial, por la situaci\u00f3n que se vive. Este regalito ser\u00e1 una sorpresa para mi nena de sala de 5 y el nene que empezaba la salita de 3, ellos se comunican con su se\u00f1orita a trav\u00e9s de WhatsApp. Seguramente van a querer ver sus regalos antes del domingo 16\u201d, coment\u00f3 Samanta Gonz\u00e1lez.<\/p>\n\n\n\n<p>En tanto, B\u00e1rbara Serafini, madre de una ni\u00f1a que asist\u00eda al Jard\u00edn Patito Colet\u00f3n y extra\u00f1a regresar, dijo: \u201cMe dieron para que le lleve cereales, juguetes, leche, entre otras cosas. Esta es, sin dudas, una linda iniciativa. Me alegra que, a pesar de que este a\u00f1o es diferente, lo sigan haciendo\u201d.<\/p>\n\n\n\n<p>\u201cRecibimos much\u00edsimos mensajes de los padres donde los ni\u00f1os expresaron su agradecimiento. Realmente eso nos llena de orgullo por ser una ciudad que trabaja mucho en la promoci\u00f3n y protecci\u00f3n de sus Derechos. Tenemos mucho por hacer a\u00fan, pero no queremos que esta fecha pase desapercibida. En a\u00f1os anteriores se han hecho grandes eventos en el Play\u00f3n Municipal, se cortaba la Av. 14 y se utilizaba la Plaza Tiscornia. En este contexto no lo podemos hacer, pero quisimos estar presentes en el coraz\u00f3n de cada uno de los nenes y nenas. Queremos, a trav\u00e9s de ellos, llegar y decirles que vamos a salir de esto, que seguramente va a ser dif\u00edcil pero que vamos a seguir trabajando para una ni\u00f1ez feliz\u201d, finaliz\u00f3 Lacava.<\/p>\n","protected":false},"excerpt":{"rendered":"<p>La Municipalidad de Berazategui, a trav\u00e9s de la Secretar\u00eda de Desarrollo Social y Comunitario, entreg\u00f3 a los padres de los alumnos de los jardines municipales de la Ciudad, elementos para que disfruten de una rica merienda y juguetes por el D\u00eda del Ni\u00f1o. \u201cEstamos en el Mes de la Ni\u00f1ez, en pleno agosto, y el&#8230;<\/p>\n","protected":false},"author":2,"featured_media":4764,"comment_status":"open","ping_status":"open","sticky":false,"template":"","format":"standard","meta":{"footnotes":""},"categories":[3],"tags":[],"class_list":["post-4762","post","type-post","status-publish","format-standard","has-post-thumbnail","hentry","category-berazategui"],"featured_image_src":"https:\/\/diarioprincipios.com\/wp-content\/uploads\/2020\/08\/ALUMNOS-DE-LOS-11-JARDINES-MUNICIPALES-RECIBIERON-REGALOS-POR-EL-DIA-DE-LA-NINEZ-2-1024x731.jpg","blog_images":{"medium":"https:\/\/diarioprincipios.com\/wp-content\/uploads\/2020\/08\/ALUMNOS-DE-LOS-11-JARDINES-MUNICIPALES-RECIBIERON-REGALOS-POR-EL-DIA-DE-LA-NINEZ-2-300x214.jpg","large":"https:\/\/diarioprincipios.com\/wp-content\/uploads\/2020\/08\/ALUMNOS-DE-LOS-11-JARDINES-MUNICIPALES-RECIBIERON-REGALOS-POR-EL-DIA-DE-LA-NINEZ-2-1024x731.jpg"},"ams_acf":[],"yoast_head":"<!-- This site is optimized with the Yoast SEO plugin v27.3 - https:\/\/yoast.com\/product\/yoast-seo-wordpress\/ -->\n<title>Alumnos de los 11 Jardines Municipales recibieron regalos por el D\u00eda del Ni\u00f1o - Principios<\/title>\n<meta name=\"robots\" content=\"index, follow, max-snippet:-1, max-image-preview:large, max-video-preview:-1\" \/>\n<link rel=\"canonical\" href=\"https:\/\/diarioprincipios.com\/index.php\/2020\/08\/15\/alumnos-de-los-11-jardines-municipales-recibieron-regalos-por-el-dia-del-nino\/\" \/>\n<meta property=\"og:locale\" content=\"es_ES\" \/>\n<meta property=\"og:type\" content=\"article\" \/>\n<meta property=\"og:title\" content=\"Alumnos de los 11 Jardines Municipales recibieron regalos por el D\u00eda del Ni\u00f1o - Principios\" \/>\n<meta property=\"og:description\" content=\"La Municipalidad de Berazategui, a trav\u00e9s de la Secretar\u00eda de Desarrollo Social y Comunitario, entreg\u00f3 a los padres de los alumnos de los jardines municipales de la Ciudad, elementos para que disfruten de una rica merienda y juguetes por el D\u00eda del Ni\u00f1o. \u201cEstamos en el Mes de la Ni\u00f1ez, en pleno agosto, y el...\" \/>\n<meta property=\"og:url\" content=\"https:\/\/diarioprincipios.com\/index.php\/2020\/08\/15\/alumnos-de-los-11-jardines-municipales-recibieron-regalos-por-el-dia-del-nino\/\" \/>\n<meta property=\"og:site_name\" content=\"Principios\" \/>\n<meta property=\"article:published_time\" content=\"2020-08-15T23:06:43+00:00\" \/>\n<meta property=\"article:modified_time\" content=\"2020-08-15T23:06:47+00:00\" \/>\n<meta property=\"og:image\" content=\"https:\/\/diarioprincipios.com\/wp-content\/uploads\/2020\/08\/ALUMNOS-DE-LOS-11-JARDINES-MUNICIPALES-RECIBIERON-REGALOS-POR-EL-DIA-DE-LA-NINEZ-2.jpg\" \/>\n\t<meta property=\"og:image:width\" content=\"1920\" \/>\n\t<meta property=\"og:image:height\" content=\"1371\" \/>\n\t<meta property=\"og:image:type\" content=\"image\/jpeg\" \/>\n<meta name=\"author\" content=\"Hern\u00e1n L\u00f3pez\" \/>\n<meta name=\"twitter:card\" content=\"summary_large_image\" \/>\n<meta name=\"twitter:label1\" content=\"Escrito por\" \/>\n\t<meta name=\"twitter:data1\" content=\"Hern\u00e1n L\u00f3pez\" \/>\n\t<meta name=\"twitter:label2\" content=\"Tiempo de lectura\" \/>\n\t<meta name=\"twitter:data2\" content=\"4 minutos\" \/>\n<script type=\"application\/ld+json\" class=\"yoast-schema-graph\">{\"@context\":\"https:\\\/\\\/schema.org\",\"@graph\":[{\"@type\":\"Article\",\"@id\":\"https:\\\/\\\/diarioprincipios.com\\\/index.php\\\/2020\\\/08\\\/15\\\/alumnos-de-los-11-jardines-municipales-recibieron-regalos-por-el-dia-del-nino\\\/#article\",\"isPartOf\":{\"@id\":\"https:\\\/\\\/diarioprincipios.com\\\/index.php\\\/2020\\\/08\\\/15\\\/alumnos-de-los-11-jardines-municipales-recibieron-regalos-por-el-dia-del-nino\\\/\"},\"author\":{\"name\":\"Hern\u00e1n L\u00f3pez\",\"@id\":\"https:\\\/\\\/diarioprincipios.com\\\/#\\\/schema\\\/person\\\/436d5a1fd41a5e250e23ff5a6a7cb080\"},\"headline\":\"Alumnos de los 11 Jardines Municipales recibieron regalos por el D\u00eda del Ni\u00f1o\",\"datePublished\":\"2020-08-15T23:06:43+00:00\",\"dateModified\":\"2020-08-15T23:06:47+00:00\",\"mainEntityOfPage\":{\"@id\":\"https:\\\/\\\/diarioprincipios.com\\\/index.php\\\/2020\\\/08\\\/15\\\/alumnos-de-los-11-jardines-municipales-recibieron-regalos-por-el-dia-del-nino\\\/\"},\"wordCount\":726,\"commentCount\":0,\"publisher\":{\"@id\":\"https:\\\/\\\/diarioprincipios.com\\\/#organization\"},\"image\":{\"@id\":\"https:\\\/\\\/diarioprincipios.com\\\/index.php\\\/2020\\\/08\\\/15\\\/alumnos-de-los-11-jardines-municipales-recibieron-regalos-por-el-dia-del-nino\\\/#primaryimage\"},\"thumbnailUrl\":\"https:\\\/\\\/diarioprincipios.com\\\/wp-content\\\/uploads\\\/2020\\\/08\\\/ALUMNOS-DE-LOS-11-JARDINES-MUNICIPALES-RECIBIERON-REGALOS-POR-EL-DIA-DE-LA-NINEZ-2.jpg\",\"articleSection\":[\"Berazategui\"],\"inLanguage\":\"es\",\"potentialAction\":[{\"@type\":\"CommentAction\",\"name\":\"Comment\",\"target\":[\"https:\\\/\\\/diarioprincipios.com\\\/index.php\\\/2020\\\/08\\\/15\\\/alumnos-de-los-11-jardines-municipales-recibieron-regalos-por-el-dia-del-nino\\\/#respond\"]}]},{\"@type\":\"WebPage\",\"@id\":\"https:\\\/\\\/diarioprincipios.com\\\/index.php\\\/2020\\\/08\\\/15\\\/alumnos-de-los-11-jardines-municipales-recibieron-regalos-por-el-dia-del-nino\\\/\",\"url\":\"https:\\\/\\\/diarioprincipios.com\\\/index.php\\\/2020\\\/08\\\/15\\\/alumnos-de-los-11-jardines-municipales-recibieron-regalos-por-el-dia-del-nino\\\/\",\"name\":\"Alumnos de los 11 Jardines Municipales recibieron regalos por el D\u00eda del Ni\u00f1o - Principios\",\"isPartOf\":{\"@id\":\"https:\\\/\\\/diarioprincipios.com\\\/#website\"},\"primaryImageOfPage\":{\"@id\":\"https:\\\/\\\/diarioprincipios.com\\\/index.php\\\/2020\\\/08\\\/15\\\/alumnos-de-los-11-jardines-municipales-recibieron-regalos-por-el-dia-del-nino\\\/#primaryimage\"},\"image\":{\"@id\":\"https:\\\/\\\/diarioprincipios.com\\\/index.php\\\/2020\\\/08\\\/15\\\/alumnos-de-los-11-jardines-municipales-recibieron-regalos-por-el-dia-del-nino\\\/#primaryimage\"},\"thumbnailUrl\":\"https:\\\/\\\/diarioprincipios.com\\\/wp-content\\\/uploads\\\/2020\\\/08\\\/ALUMNOS-DE-LOS-11-JARDINES-MUNICIPALES-RECIBIERON-REGALOS-POR-EL-DIA-DE-LA-NINEZ-2.jpg\",\"datePublished\":\"2020-08-15T23:06:43+00:00\",\"dateModified\":\"2020-08-15T23:06:47+00:00\",\"breadcrumb\":{\"@id\":\"https:\\\/\\\/diarioprincipios.com\\\/index.php\\\/2020\\\/08\\\/15\\\/alumnos-de-los-11-jardines-municipales-recibieron-regalos-por-el-dia-del-nino\\\/#breadcrumb\"},\"inLanguage\":\"es\",\"potentialAction\":[{\"@type\":\"ReadAction\",\"target\":[\"https:\\\/\\\/diarioprincipios.com\\\/index.php\\\/2020\\\/08\\\/15\\\/alumnos-de-los-11-jardines-municipales-recibieron-regalos-por-el-dia-del-nino\\\/\"]}]},{\"@type\":\"ImageObject\",\"inLanguage\":\"es\",\"@id\":\"https:\\\/\\\/diarioprincipios.com\\\/index.php\\\/2020\\\/08\\\/15\\\/alumnos-de-los-11-jardines-municipales-recibieron-regalos-por-el-dia-del-nino\\\/#primaryimage\",\"url\":\"https:\\\/\\\/diarioprincipios.com\\\/wp-content\\\/uploads\\\/2020\\\/08\\\/ALUMNOS-DE-LOS-11-JARDINES-MUNICIPALES-RECIBIERON-REGALOS-POR-EL-DIA-DE-LA-NINEZ-2.jpg\",\"contentUrl\":\"https:\\\/\\\/diarioprincipios.com\\\/wp-content\\\/uploads\\\/2020\\\/08\\\/ALUMNOS-DE-LOS-11-JARDINES-MUNICIPALES-RECIBIERON-REGALOS-POR-EL-DIA-DE-LA-NINEZ-2.jpg\",\"width\":1920,\"height\":1371},{\"@type\":\"BreadcrumbList\",\"@id\":\"https:\\\/\\\/diarioprincipios.com\\\/index.php\\\/2020\\\/08\\\/15\\\/alumnos-de-los-11-jardines-municipales-recibieron-regalos-por-el-dia-del-nino\\\/#breadcrumb\",\"itemListElement\":[{\"@type\":\"ListItem\",\"position\":1,\"name\":\"Portada\",\"item\":\"https:\\\/\\\/diarioprincipios.com\\\/\"},{\"@type\":\"ListItem\",\"position\":2,\"name\":\"Alumnos de los 11 Jardines Municipales recibieron regalos por el D\u00eda del Ni\u00f1o\"}]},{\"@type\":\"WebSite\",\"@id\":\"https:\\\/\\\/diarioprincipios.com\\\/#website\",\"url\":\"https:\\\/\\\/diarioprincipios.com\\\/\",\"name\":\"Principios\",\"description\":\"Principios Diario\",\"publisher\":{\"@id\":\"https:\\\/\\\/diarioprincipios.com\\\/#organization\"},\"potentialAction\":[{\"@type\":\"SearchAction\",\"target\":{\"@type\":\"EntryPoint\",\"urlTemplate\":\"https:\\\/\\\/diarioprincipios.com\\\/?s={search_term_string}\"},\"query-input\":{\"@type\":\"PropertyValueSpecification\",\"valueRequired\":true,\"valueName\":\"search_term_string\"}}],\"inLanguage\":\"es\"},{\"@type\":\"Organization\",\"@id\":\"https:\\\/\\\/diarioprincipios.com\\\/#organization\",\"name\":\"Principios\",\"url\":\"https:\\\/\\\/diarioprincipios.com\\\/\",\"logo\":{\"@type\":\"ImageObject\",\"inLanguage\":\"es\",\"@id\":\"https:\\\/\\\/diarioprincipios.com\\\/#\\\/schema\\\/logo\\\/image\\\/\",\"url\":\"https:\\\/\\\/diarioprincipios.com\\\/wp-content\\\/uploads\\\/2024\\\/04\\\/cropped-www.diarioprincipios.com_-1.png\",\"contentUrl\":\"https:\\\/\\\/diarioprincipios.com\\\/wp-content\\\/uploads\\\/2024\\\/04\\\/cropped-www.diarioprincipios.com_-1.png\",\"width\":5325,\"height\":1454,\"caption\":\"Principios\"},\"image\":{\"@id\":\"https:\\\/\\\/diarioprincipios.com\\\/#\\\/schema\\\/logo\\\/image\\\/\"}},{\"@type\":\"Person\",\"@id\":\"https:\\\/\\\/diarioprincipios.com\\\/#\\\/schema\\\/person\\\/436d5a1fd41a5e250e23ff5a6a7cb080\",\"name\":\"Hern\u00e1n L\u00f3pez\",\"image\":{\"@type\":\"ImageObject\",\"inLanguage\":\"es\",\"@id\":\"https:\\\/\\\/diarioprincipios.com\\\/wp-content\\\/litespeed\\\/avatar\\\/11ddfe5610ff3bd100522525b2571f48.jpg?ver=1777048341\",\"url\":\"https:\\\/\\\/diarioprincipios.com\\\/wp-content\\\/litespeed\\\/avatar\\\/11ddfe5610ff3bd100522525b2571f48.jpg?ver=1777048341\",\"contentUrl\":\"https:\\\/\\\/diarioprincipios.com\\\/wp-content\\\/litespeed\\\/avatar\\\/11ddfe5610ff3bd100522525b2571f48.jpg?ver=1777048341\",\"caption\":\"Hern\u00e1n L\u00f3pez\"},\"url\":\"https:\\\/\\\/diarioprincipios.com\\\/index.php\\\/author\\\/hernan\\\/\"}]}<\/script>\n<!-- \/ Yoast SEO plugin. -->","yoast_head_json":{"title":"Alumnos de los 11 Jardines Municipales recibieron regalos por el D\u00eda del Ni\u00f1o - Principios","robots":{"index":"index","follow":"follow","max-snippet":"max-snippet:-1","max-image-preview":"max-image-preview:large","max-video-preview":"max-video-preview:-1"},"canonical":"https:\/\/diarioprincipios.com\/index.php\/2020\/08\/15\/alumnos-de-los-11-jardines-municipales-recibieron-regalos-por-el-dia-del-nino\/","og_locale":"es_ES","og_type":"article","og_title":"Alumnos de los 11 Jardines Municipales recibieron regalos por el D\u00eda del Ni\u00f1o - Principios","og_description":"La Municipalidad de Berazategui, a trav\u00e9s de la Secretar\u00eda de Desarrollo Social y Comunitario, entreg\u00f3 a los padres de los alumnos de los jardines municipales de la Ciudad, elementos para que disfruten de una rica merienda y juguetes por el D\u00eda del Ni\u00f1o. \u201cEstamos en el Mes de la Ni\u00f1ez, en pleno agosto, y el...","og_url":"https:\/\/diarioprincipios.com\/index.php\/2020\/08\/15\/alumnos-de-los-11-jardines-municipales-recibieron-regalos-por-el-dia-del-nino\/","og_site_name":"Principios","article_published_time":"2020-08-15T23:06:43+00:00","article_modified_time":"2020-08-15T23:06:47+00:00","og_image":[{"width":1920,"height":1371,"url":"https:\/\/diarioprincipios.com\/wp-content\/uploads\/2020\/08\/ALUMNOS-DE-LOS-11-JARDINES-MUNICIPALES-RECIBIERON-REGALOS-POR-EL-DIA-DE-LA-NINEZ-2.jpg","type":"image\/jpeg"}],"author":"Hern\u00e1n L\u00f3pez","twitter_card":"summary_large_image","twitter_misc":{"Escrito por":"Hern\u00e1n L\u00f3pez","Tiempo de lectura":"4 minutos"},"schema":{"@context":"https:\/\/schema.org","@graph":[{"@type":"Article","@id":"https:\/\/diarioprincipios.com\/index.php\/2020\/08\/15\/alumnos-de-los-11-jardines-municipales-recibieron-regalos-por-el-dia-del-nino\/#article","isPartOf":{"@id":"https:\/\/diarioprincipios.com\/index.php\/2020\/08\/15\/alumnos-de-los-11-jardines-municipales-recibieron-regalos-por-el-dia-del-nino\/"},"author":{"name":"Hern\u00e1n L\u00f3pez","@id":"https:\/\/diarioprincipios.com\/#\/schema\/person\/436d5a1fd41a5e250e23ff5a6a7cb080"},"headline":"Alumnos de los 11 Jardines Municipales recibieron regalos por el D\u00eda del Ni\u00f1o","datePublished":"2020-08-15T23:06:43+00:00","dateModified":"2020-08-15T23:06:47+00:00","mainEntityOfPage":{"@id":"https:\/\/diarioprincipios.com\/index.php\/2020\/08\/15\/alumnos-de-los-11-jardines-municipales-recibieron-regalos-por-el-dia-del-nino\/"},"wordCount":726,"commentCount":0,"publisher":{"@id":"https:\/\/diarioprincipios.com\/#organization"},"image":{"@id":"https:\/\/diarioprincipios.com\/index.php\/2020\/08\/15\/alumnos-de-los-11-jardines-municipales-recibieron-regalos-por-el-dia-del-nino\/#primaryimage"},"thumbnailUrl":"https:\/\/diarioprincipios.com\/wp-content\/uploads\/2020\/08\/ALUMNOS-DE-LOS-11-JARDINES-MUNICIPALES-RECIBIERON-REGALOS-POR-EL-DIA-DE-LA-NINEZ-2.jpg","articleSection":["Berazategui"],"inLanguage":"es","potentialAction":[{"@type":"CommentAction","name":"Comment","target":["https:\/\/diarioprincipios.com\/index.php\/2020\/08\/15\/alumnos-de-los-11-jardines-municipales-recibieron-regalos-por-el-dia-del-nino\/#respond"]}]},{"@type":"WebPage","@id":"https:\/\/diarioprincipios.com\/index.php\/2020\/08\/15\/alumnos-de-los-11-jardines-municipales-recibieron-regalos-por-el-dia-del-nino\/","url":"https:\/\/diarioprincipios.com\/index.php\/2020\/08\/15\/alumnos-de-los-11-jardines-municipales-recibieron-regalos-por-el-dia-del-nino\/","name":"Alumnos de los 11 Jardines Municipales recibieron regalos por el D\u00eda del Ni\u00f1o - Principios","isPartOf":{"@id":"https:\/\/diarioprincipios.com\/#website"},"primaryImageOfPage":{"@id":"https:\/\/diarioprincipios.com\/index.php\/2020\/08\/15\/alumnos-de-los-11-jardines-municipales-recibieron-regalos-por-el-dia-del-nino\/#primaryimage"},"image":{"@id":"https:\/\/diarioprincipios.com\/index.php\/2020\/08\/15\/alumnos-de-los-11-jardines-municipales-recibieron-regalos-por-el-dia-del-nino\/#primaryimage"},"thumbnailUrl":"https:\/\/diarioprincipios.com\/wp-content\/uploads\/2020\/08\/ALUMNOS-DE-LOS-11-JARDINES-MUNICIPALES-RECIBIERON-REGALOS-POR-EL-DIA-DE-LA-NINEZ-2.jpg","datePublished":"2020-08-15T23:06:43+00:00","dateModified":"2020-08-15T23:06:47+00:00","breadcrumb":{"@id":"https:\/\/diarioprincipios.com\/index.php\/2020\/08\/15\/alumnos-de-los-11-jardines-municipales-recibieron-regalos-por-el-dia-del-nino\/#breadcrumb"},"inLanguage":"es","potentialAction":[{"@type":"ReadAction","target":["https:\/\/diarioprincipios.com\/index.php\/2020\/08\/15\/alumnos-de-los-11-jardines-municipales-recibieron-regalos-por-el-dia-del-nino\/"]}]},{"@type":"ImageObject","inLanguage":"es","@id":"https:\/\/diarioprincipios.com\/index.php\/2020\/08\/15\/alumnos-de-los-11-jardines-municipales-recibieron-regalos-por-el-dia-del-nino\/#primaryimage","url":"https:\/\/diarioprincipios.com\/wp-content\/uploads\/2020\/08\/ALUMNOS-DE-LOS-11-JARDINES-MUNICIPALES-RECIBIERON-REGALOS-POR-EL-DIA-DE-LA-NINEZ-2.jpg","contentUrl":"https:\/\/diarioprincipios.com\/wp-content\/uploads\/2020\/08\/ALUMNOS-DE-LOS-11-JARDINES-MUNICIPALES-RECIBIERON-REGALOS-POR-EL-DIA-DE-LA-NINEZ-2.jpg","width":1920,"height":1371},{"@type":"BreadcrumbList","@id":"https:\/\/diarioprincipios.com\/index.php\/2020\/08\/15\/alumnos-de-los-11-jardines-municipales-recibieron-regalos-por-el-dia-del-nino\/#breadcrumb","itemListElement":[{"@type":"ListItem","position":1,"name":"Portada","item":"https:\/\/diarioprincipios.com\/"},{"@type":"ListItem","position":2,"name":"Alumnos de los 11 Jardines Municipales recibieron regalos por el D\u00eda del Ni\u00f1o"}]},{"@type":"WebSite","@id":"https:\/\/diarioprincipios.com\/#website","url":"https:\/\/diarioprincipios.com\/","name":"Principios","description":"Principios Diario","publisher":{"@id":"https:\/\/diarioprincipios.com\/#organization"},"potentialAction":[{"@type":"SearchAction","target":{"@type":"EntryPoint","urlTemplate":"https:\/\/diarioprincipios.com\/?s={search_term_string}"},"query-input":{"@type":"PropertyValueSpecification","valueRequired":true,"valueName":"search_term_string"}}],"inLanguage":"es"},{"@type":"Organization","@id":"https:\/\/diarioprincipios.com\/#organization","name":"Principios","url":"https:\/\/diarioprincipios.com\/","logo":{"@type":"ImageObject","inLanguage":"es","@id":"https:\/\/diarioprincipios.com\/#\/schema\/logo\/image\/","url":"https:\/\/diarioprincipios.com\/wp-content\/uploads\/2024\/04\/cropped-www.diarioprincipios.com_-1.png","contentUrl":"https:\/\/diarioprincipios.com\/wp-content\/uploads\/2024\/04\/cropped-www.diarioprincipios.com_-1.png","width":5325,"height":1454,"caption":"Principios"},"image":{"@id":"https:\/\/diarioprincipios.com\/#\/schema\/logo\/image\/"}},{"@type":"Person","@id":"https:\/\/diarioprincipios.com\/#\/schema\/person\/436d5a1fd41a5e250e23ff5a6a7cb080","name":"Hern\u00e1n L\u00f3pez","image":{"@type":"ImageObject","inLanguage":"es","@id":"https:\/\/diarioprincipios.com\/wp-content\/litespeed\/avatar\/11ddfe5610ff3bd100522525b2571f48.jpg?ver=1777048341","url":"https:\/\/diarioprincipios.com\/wp-content\/litespeed\/avatar\/11ddfe5610ff3bd100522525b2571f48.jpg?ver=1777048341","contentUrl":"https:\/\/diarioprincipios.com\/wp-content\/litespeed\/avatar\/11ddfe5610ff3bd100522525b2571f48.jpg?ver=1777048341","caption":"Hern\u00e1n L\u00f3pez"},"url":"https:\/\/diarioprincipios.com\/index.php\/author\/hernan\/"}]}},"jetpack_featured_media_url":"https:\/\/diarioprincipios.com\/wp-content\/uploads\/2020\/08\/ALUMNOS-DE-LOS-11-JARDINES-MUNICIPALES-RECIBIERON-REGALOS-POR-EL-DIA-DE-LA-NINEZ-2.jpg","_links":{"self":[{"href":"https:\/\/diarioprincipios.com\/index.php\/wp-json\/wp\/v2\/posts\/4762","targetHints":{"allow":["GET"]}}],"collection":[{"href":"https:\/\/diarioprincipios.com\/index.php\/wp-json\/wp\/v2\/posts"}],"about":[{"href":"https:\/\/diarioprincipios.com\/index.php\/wp-json\/wp\/v2\/types\/post"}],"author":[{"embeddable":true,"href":"https:\/\/diarioprincipios.com\/index.php\/wp-json\/wp\/v2\/users\/2"}],"replies":[{"embeddable":true,"href":"https:\/\/diarioprincipios.com\/index.php\/wp-json\/wp\/v2\/comments?post=4762"}],"version-history":[{"count":1,"href":"https:\/\/diarioprincipios.com\/index.php\/wp-json\/wp\/v2\/posts\/4762\/revisions"}],"predecessor-version":[{"id":4765,"href":"https:\/\/diarioprincipios.com\/index.php\/wp-json\/wp\/v2\/posts\/4762\/revisions\/4765"}],"wp:featuredmedia":[{"embeddable":true,"href":"https:\/\/diarioprincipios.com\/index.php\/wp-json\/wp\/v2\/media\/4764"}],"wp:attachment":[{"href":"https:\/\/diarioprincipios.com\/index.php\/wp-json\/wp\/v2\/media?parent=4762"}],"wp:term":[{"taxonomy":"category","embeddable":true,"href":"https:\/\/diarioprincipios.com\/index.php\/wp-json\/wp\/v2\/categories?post=4762"},{"taxonomy":"post_tag","embeddable":true,"href":"https:\/\/diarioprincipios.com\/index.php\/wp-json\/wp\/v2\/tags?post=4762"}],"curies":[{"name":"wp","href":"https:\/\/api.w.org\/{rel}","templated":true}]}}