{"id":4753,"date":"2020-08-14T11:37:43","date_gmt":"2020-08-14T14:37:43","guid":{"rendered":"http:\/\/diarioprincipios.com\/?p=4753"},"modified":"2020-08-14T11:37:48","modified_gmt":"2020-08-14T14:37:48","slug":"nueva-sesion-del-concejo-deliberante-de-avellaneda-en-el-centro-municipal-de-arte-2","status":"publish","type":"post","link":"https:\/\/diarioprincipios.com\/index.php\/2020\/08\/14\/nueva-sesion-del-concejo-deliberante-de-avellaneda-en-el-centro-municipal-de-arte-2\/","title":{"rendered":"Nueva sesi\u00f3n del Concejo Deliberante de Avellaneda en el Centro Municipal de Arte"},"content":{"rendered":"\n<p>El poder legislativo local llev\u00f3 adelante su sesi\u00f3n ordinaria, cumpliendo con todos los protocolos preventivos y sanitarios.<\/p>\n\n\n\n<p>El Honorable Concejo Deliberante de Avellaneda, presidido por Hugo Barrueco, llev\u00f3 adelante esta ma\u00f1ana su sesi\u00f3n ordinaria en el Centro Municipal de Arte.<\/p>\n\n\n\n<p>Como sucede desde el comienzo de la pandemia, se cumplieron todas las medidas destinadas a mantener las distancias preventivas en el sal\u00f3n principal del CMA de Avellaneda, ubicado en San Mart\u00edn y Alsina.<\/p>\n\n\n\n<p>Entre otras Ordenanzas, se sancion\u00f3 la que reconoce el trabajo por la ciudad del Dr. Luis Parrilla. Cabe destacar que el flamante Centro Municipal de Cuidado Familiar y Comunitario de Pi\u00f1eiro, inaugurado d\u00edas atr\u00e1s por el gobernador Kicillof y el intendente Ferraresi, lleva el nombre del ex secretario de Salud de Avellaneda.<\/p>\n","protected":false},"excerpt":{"rendered":"<p>El poder legislativo local llev\u00f3 adelante su sesi\u00f3n ordinaria, cumpliendo con todos los protocolos preventivos y sanitarios. El Honorable Concejo Deliberante de Avellaneda, presidido por Hugo Barrueco, llev\u00f3 adelante esta ma\u00f1ana su sesi\u00f3n ordinaria en el Centro Municipal de Arte. Como sucede desde el comienzo de la pandemia, se cumplieron todas las medidas destinadas a&#8230;<\/p>\n","protected":false},"author":2,"featured_media":4754,"comment_status":"open","ping_status":"open","sticky":false,"template":"","format":"standard","meta":{"footnotes":""},"categories":[5],"tags":[],"class_list":["post-4753","post","type-post","status-publish","format-standard","has-post-thumbnail","hentry","category-avellaneda"],"featured_image_src":"https:\/\/diarioprincipios.com\/wp-content\/uploads\/2020\/08\/8cf77830-ce71-46d2-b116-c036e45d34fa-1024x578.jpg","blog_images":{"medium":"https:\/\/diarioprincipios.com\/wp-content\/uploads\/2020\/08\/8cf77830-ce71-46d2-b116-c036e45d34fa-300x169.jpg","large":"https:\/\/diarioprincipios.com\/wp-content\/uploads\/2020\/08\/8cf77830-ce71-46d2-b116-c036e45d34fa-1024x578.jpg"},"ams_acf":[],"yoast_head":"<!-- This site is optimized with the Yoast SEO plugin v27.3 - https:\/\/yoast.com\/product\/yoast-seo-wordpress\/ -->\n<title>Nueva sesi\u00f3n del Concejo Deliberante de Avellaneda en el Centro Municipal de Arte - Principios<\/title>\n<meta name=\"robots\" content=\"index, follow, max-snippet:-1, max-image-preview:large, max-video-preview:-1\" \/>\n<link rel=\"canonical\" href=\"https:\/\/diarioprincipios.com\/index.php\/2020\/08\/14\/nueva-sesion-del-concejo-deliberante-de-avellaneda-en-el-centro-municipal-de-arte-2\/\" \/>\n<meta property=\"og:locale\" content=\"es_ES\" \/>\n<meta property=\"og:type\" content=\"article\" \/>\n<meta property=\"og:title\" content=\"Nueva sesi\u00f3n del Concejo Deliberante de Avellaneda en el Centro Municipal de Arte - Principios\" \/>\n<meta property=\"og:description\" content=\"El poder legislativo local llev\u00f3 adelante su sesi\u00f3n ordinaria, cumpliendo con todos los protocolos preventivos y sanitarios. El Honorable Concejo Deliberante de Avellaneda, presidido por Hugo Barrueco, llev\u00f3 adelante esta ma\u00f1ana su sesi\u00f3n ordinaria en el Centro Municipal de Arte. Como sucede desde el comienzo de la pandemia, se cumplieron todas las medidas destinadas a...\" \/>\n<meta property=\"og:url\" content=\"https:\/\/diarioprincipios.com\/index.php\/2020\/08\/14\/nueva-sesion-del-concejo-deliberante-de-avellaneda-en-el-centro-municipal-de-arte-2\/\" \/>\n<meta property=\"og:site_name\" content=\"Principios\" \/>\n<meta property=\"article:published_time\" content=\"2020-08-14T14:37:43+00:00\" \/>\n<meta property=\"article:modified_time\" content=\"2020-08-14T14:37:48+00:00\" \/>\n<meta property=\"og:image\" content=\"https:\/\/diarioprincipios.com\/wp-content\/uploads\/2020\/08\/8cf77830-ce71-46d2-b116-c036e45d34fa.jpg\" \/>\n\t<meta property=\"og:image:width\" content=\"1100\" \/>\n\t<meta property=\"og:image:height\" content=\"621\" \/>\n\t<meta property=\"og:image:type\" content=\"image\/jpeg\" \/>\n<meta name=\"author\" content=\"Hern\u00e1n L\u00f3pez\" \/>\n<meta name=\"twitter:card\" content=\"summary_large_image\" \/>\n<meta name=\"twitter:label1\" content=\"Escrito por\" \/>\n\t<meta name=\"twitter:data1\" content=\"Hern\u00e1n L\u00f3pez\" \/>\n\t<meta name=\"twitter:label2\" content=\"Tiempo de lectura\" \/>\n\t<meta name=\"twitter:data2\" content=\"1 minuto\" \/>\n<script type=\"application\/ld+json\" class=\"yoast-schema-graph\">{\"@context\":\"https:\\\/\\\/schema.org\",\"@graph\":[{\"@type\":\"Article\",\"@id\":\"https:\\\/\\\/diarioprincipios.com\\\/index.php\\\/2020\\\/08\\\/14\\\/nueva-sesion-del-concejo-deliberante-de-avellaneda-en-el-centro-municipal-de-arte-2\\\/#article\",\"isPartOf\":{\"@id\":\"https:\\\/\\\/diarioprincipios.com\\\/index.php\\\/2020\\\/08\\\/14\\\/nueva-sesion-del-concejo-deliberante-de-avellaneda-en-el-centro-municipal-de-arte-2\\\/\"},\"author\":{\"name\":\"Hern\u00e1n L\u00f3pez\",\"@id\":\"https:\\\/\\\/diarioprincipios.com\\\/#\\\/schema\\\/person\\\/436d5a1fd41a5e250e23ff5a6a7cb080\"},\"headline\":\"Nueva sesi\u00f3n del Concejo Deliberante de Avellaneda en el Centro Municipal de Arte\",\"datePublished\":\"2020-08-14T14:37:43+00:00\",\"dateModified\":\"2020-08-14T14:37:48+00:00\",\"mainEntityOfPage\":{\"@id\":\"https:\\\/\\\/diarioprincipios.com\\\/index.php\\\/2020\\\/08\\\/14\\\/nueva-sesion-del-concejo-deliberante-de-avellaneda-en-el-centro-municipal-de-arte-2\\\/\"},\"wordCount\":147,\"commentCount\":0,\"publisher\":{\"@id\":\"https:\\\/\\\/diarioprincipios.com\\\/#organization\"},\"image\":{\"@id\":\"https:\\\/\\\/diarioprincipios.com\\\/index.php\\\/2020\\\/08\\\/14\\\/nueva-sesion-del-concejo-deliberante-de-avellaneda-en-el-centro-municipal-de-arte-2\\\/#primaryimage\"},\"thumbnailUrl\":\"https:\\\/\\\/diarioprincipios.com\\\/wp-content\\\/uploads\\\/2020\\\/08\\\/8cf77830-ce71-46d2-b116-c036e45d34fa.jpg\",\"articleSection\":[\"Avellaneda\"],\"inLanguage\":\"es\",\"potentialAction\":[{\"@type\":\"CommentAction\",\"name\":\"Comment\",\"target\":[\"https:\\\/\\\/diarioprincipios.com\\\/index.php\\\/2020\\\/08\\\/14\\\/nueva-sesion-del-concejo-deliberante-de-avellaneda-en-el-centro-municipal-de-arte-2\\\/#respond\"]}]},{\"@type\":\"WebPage\",\"@id\":\"https:\\\/\\\/diarioprincipios.com\\\/index.php\\\/2020\\\/08\\\/14\\\/nueva-sesion-del-concejo-deliberante-de-avellaneda-en-el-centro-municipal-de-arte-2\\\/\",\"url\":\"https:\\\/\\\/diarioprincipios.com\\\/index.php\\\/2020\\\/08\\\/14\\\/nueva-sesion-del-concejo-deliberante-de-avellaneda-en-el-centro-municipal-de-arte-2\\\/\",\"name\":\"Nueva sesi\u00f3n del Concejo Deliberante de Avellaneda en el Centro Municipal de Arte - Principios\",\"isPartOf\":{\"@id\":\"https:\\\/\\\/diarioprincipios.com\\\/#website\"},\"primaryImageOfPage\":{\"@id\":\"https:\\\/\\\/diarioprincipios.com\\\/index.php\\\/2020\\\/08\\\/14\\\/nueva-sesion-del-concejo-deliberante-de-avellaneda-en-el-centro-municipal-de-arte-2\\\/#primaryimage\"},\"image\":{\"@id\":\"https:\\\/\\\/diarioprincipios.com\\\/index.php\\\/2020\\\/08\\\/14\\\/nueva-sesion-del-concejo-deliberante-de-avellaneda-en-el-centro-municipal-de-arte-2\\\/#primaryimage\"},\"thumbnailUrl\":\"https:\\\/\\\/diarioprincipios.com\\\/wp-content\\\/uploads\\\/2020\\\/08\\\/8cf77830-ce71-46d2-b116-c036e45d34fa.jpg\",\"datePublished\":\"2020-08-14T14:37:43+00:00\",\"dateModified\":\"2020-08-14T14:37:48+00:00\",\"breadcrumb\":{\"@id\":\"https:\\\/\\\/diarioprincipios.com\\\/index.php\\\/2020\\\/08\\\/14\\\/nueva-sesion-del-concejo-deliberante-de-avellaneda-en-el-centro-municipal-de-arte-2\\\/#breadcrumb\"},\"inLanguage\":\"es\",\"potentialAction\":[{\"@type\":\"ReadAction\",\"target\":[\"https:\\\/\\\/diarioprincipios.com\\\/index.php\\\/2020\\\/08\\\/14\\\/nueva-sesion-del-concejo-deliberante-de-avellaneda-en-el-centro-municipal-de-arte-2\\\/\"]}]},{\"@type\":\"ImageObject\",\"inLanguage\":\"es\",\"@id\":\"https:\\\/\\\/diarioprincipios.com\\\/index.php\\\/2020\\\/08\\\/14\\\/nueva-sesion-del-concejo-deliberante-de-avellaneda-en-el-centro-municipal-de-arte-2\\\/#primaryimage\",\"url\":\"https:\\\/\\\/diarioprincipios.com\\\/wp-content\\\/uploads\\\/2020\\\/08\\\/8cf77830-ce71-46d2-b116-c036e45d34fa.jpg\",\"contentUrl\":\"https:\\\/\\\/diarioprincipios.com\\\/wp-content\\\/uploads\\\/2020\\\/08\\\/8cf77830-ce71-46d2-b116-c036e45d34fa.jpg\",\"width\":1100,\"height\":621},{\"@type\":\"BreadcrumbList\",\"@id\":\"https:\\\/\\\/diarioprincipios.com\\\/index.php\\\/2020\\\/08\\\/14\\\/nueva-sesion-del-concejo-deliberante-de-avellaneda-en-el-centro-municipal-de-arte-2\\\/#breadcrumb\",\"itemListElement\":[{\"@type\":\"ListItem\",\"position\":1,\"name\":\"Portada\",\"item\":\"https:\\\/\\\/diarioprincipios.com\\\/\"},{\"@type\":\"ListItem\",\"position\":2,\"name\":\"Nueva sesi\u00f3n del Concejo Deliberante de Avellaneda en el Centro Municipal de Arte\"}]},{\"@type\":\"WebSite\",\"@id\":\"https:\\\/\\\/diarioprincipios.com\\\/#website\",\"url\":\"https:\\\/\\\/diarioprincipios.com\\\/\",\"name\":\"Principios\",\"description\":\"Principios Diario\",\"publisher\":{\"@id\":\"https:\\\/\\\/diarioprincipios.com\\\/#organization\"},\"potentialAction\":[{\"@type\":\"SearchAction\",\"target\":{\"@type\":\"EntryPoint\",\"urlTemplate\":\"https:\\\/\\\/diarioprincipios.com\\\/?s={search_term_string}\"},\"query-input\":{\"@type\":\"PropertyValueSpecification\",\"valueRequired\":true,\"valueName\":\"search_term_string\"}}],\"inLanguage\":\"es\"},{\"@type\":\"Organization\",\"@id\":\"https:\\\/\\\/diarioprincipios.com\\\/#organization\",\"name\":\"Principios\",\"url\":\"https:\\\/\\\/diarioprincipios.com\\\/\",\"logo\":{\"@type\":\"ImageObject\",\"inLanguage\":\"es\",\"@id\":\"https:\\\/\\\/diarioprincipios.com\\\/#\\\/schema\\\/logo\\\/image\\\/\",\"url\":\"https:\\\/\\\/diarioprincipios.com\\\/wp-content\\\/uploads\\\/2024\\\/04\\\/cropped-www.diarioprincipios.com_-1.png\",\"contentUrl\":\"https:\\\/\\\/diarioprincipios.com\\\/wp-content\\\/uploads\\\/2024\\\/04\\\/cropped-www.diarioprincipios.com_-1.png\",\"width\":5325,\"height\":1454,\"caption\":\"Principios\"},\"image\":{\"@id\":\"https:\\\/\\\/diarioprincipios.com\\\/#\\\/schema\\\/logo\\\/image\\\/\"}},{\"@type\":\"Person\",\"@id\":\"https:\\\/\\\/diarioprincipios.com\\\/#\\\/schema\\\/person\\\/436d5a1fd41a5e250e23ff5a6a7cb080\",\"name\":\"Hern\u00e1n L\u00f3pez\",\"image\":{\"@type\":\"ImageObject\",\"inLanguage\":\"es\",\"@id\":\"https:\\\/\\\/diarioprincipios.com\\\/wp-content\\\/litespeed\\\/avatar\\\/11ddfe5610ff3bd100522525b2571f48.jpg?ver=1777048341\",\"url\":\"https:\\\/\\\/diarioprincipios.com\\\/wp-content\\\/litespeed\\\/avatar\\\/11ddfe5610ff3bd100522525b2571f48.jpg?ver=1777048341\",\"contentUrl\":\"https:\\\/\\\/diarioprincipios.com\\\/wp-content\\\/litespeed\\\/avatar\\\/11ddfe5610ff3bd100522525b2571f48.jpg?ver=1777048341\",\"caption\":\"Hern\u00e1n L\u00f3pez\"},\"url\":\"https:\\\/\\\/diarioprincipios.com\\\/index.php\\\/author\\\/hernan\\\/\"}]}<\/script>\n<!-- \/ Yoast SEO plugin. -->","yoast_head_json":{"title":"Nueva sesi\u00f3n del Concejo Deliberante de Avellaneda en el Centro Municipal de Arte - Principios","robots":{"index":"index","follow":"follow","max-snippet":"max-snippet:-1","max-image-preview":"max-image-preview:large","max-video-preview":"max-video-preview:-1"},"canonical":"https:\/\/diarioprincipios.com\/index.php\/2020\/08\/14\/nueva-sesion-del-concejo-deliberante-de-avellaneda-en-el-centro-municipal-de-arte-2\/","og_locale":"es_ES","og_type":"article","og_title":"Nueva sesi\u00f3n del Concejo Deliberante de Avellaneda en el Centro Municipal de Arte - Principios","og_description":"El poder legislativo local llev\u00f3 adelante su sesi\u00f3n ordinaria, cumpliendo con todos los protocolos preventivos y sanitarios. El Honorable Concejo Deliberante de Avellaneda, presidido por Hugo Barrueco, llev\u00f3 adelante esta ma\u00f1ana su sesi\u00f3n ordinaria en el Centro Municipal de Arte. Como sucede desde el comienzo de la pandemia, se cumplieron todas las medidas destinadas a...","og_url":"https:\/\/diarioprincipios.com\/index.php\/2020\/08\/14\/nueva-sesion-del-concejo-deliberante-de-avellaneda-en-el-centro-municipal-de-arte-2\/","og_site_name":"Principios","article_published_time":"2020-08-14T14:37:43+00:00","article_modified_time":"2020-08-14T14:37:48+00:00","og_image":[{"width":1100,"height":621,"url":"https:\/\/diarioprincipios.com\/wp-content\/uploads\/2020\/08\/8cf77830-ce71-46d2-b116-c036e45d34fa.jpg","type":"image\/jpeg"}],"author":"Hern\u00e1n L\u00f3pez","twitter_card":"summary_large_image","twitter_misc":{"Escrito por":"Hern\u00e1n L\u00f3pez","Tiempo de lectura":"1 minuto"},"schema":{"@context":"https:\/\/schema.org","@graph":[{"@type":"Article","@id":"https:\/\/diarioprincipios.com\/index.php\/2020\/08\/14\/nueva-sesion-del-concejo-deliberante-de-avellaneda-en-el-centro-municipal-de-arte-2\/#article","isPartOf":{"@id":"https:\/\/diarioprincipios.com\/index.php\/2020\/08\/14\/nueva-sesion-del-concejo-deliberante-de-avellaneda-en-el-centro-municipal-de-arte-2\/"},"author":{"name":"Hern\u00e1n L\u00f3pez","@id":"https:\/\/diarioprincipios.com\/#\/schema\/person\/436d5a1fd41a5e250e23ff5a6a7cb080"},"headline":"Nueva sesi\u00f3n del Concejo Deliberante de Avellaneda en el Centro Municipal de Arte","datePublished":"2020-08-14T14:37:43+00:00","dateModified":"2020-08-14T14:37:48+00:00","mainEntityOfPage":{"@id":"https:\/\/diarioprincipios.com\/index.php\/2020\/08\/14\/nueva-sesion-del-concejo-deliberante-de-avellaneda-en-el-centro-municipal-de-arte-2\/"},"wordCount":147,"commentCount":0,"publisher":{"@id":"https:\/\/diarioprincipios.com\/#organization"},"image":{"@id":"https:\/\/diarioprincipios.com\/index.php\/2020\/08\/14\/nueva-sesion-del-concejo-deliberante-de-avellaneda-en-el-centro-municipal-de-arte-2\/#primaryimage"},"thumbnailUrl":"https:\/\/diarioprincipios.com\/wp-content\/uploads\/2020\/08\/8cf77830-ce71-46d2-b116-c036e45d34fa.jpg","articleSection":["Avellaneda"],"inLanguage":"es","potentialAction":[{"@type":"CommentAction","name":"Comment","target":["https:\/\/diarioprincipios.com\/index.php\/2020\/08\/14\/nueva-sesion-del-concejo-deliberante-de-avellaneda-en-el-centro-municipal-de-arte-2\/#respond"]}]},{"@type":"WebPage","@id":"https:\/\/diarioprincipios.com\/index.php\/2020\/08\/14\/nueva-sesion-del-concejo-deliberante-de-avellaneda-en-el-centro-municipal-de-arte-2\/","url":"https:\/\/diarioprincipios.com\/index.php\/2020\/08\/14\/nueva-sesion-del-concejo-deliberante-de-avellaneda-en-el-centro-municipal-de-arte-2\/","name":"Nueva sesi\u00f3n del Concejo Deliberante de Avellaneda en el Centro Municipal de Arte - Principios","isPartOf":{"@id":"https:\/\/diarioprincipios.com\/#website"},"primaryImageOfPage":{"@id":"https:\/\/diarioprincipios.com\/index.php\/2020\/08\/14\/nueva-sesion-del-concejo-deliberante-de-avellaneda-en-el-centro-municipal-de-arte-2\/#primaryimage"},"image":{"@id":"https:\/\/diarioprincipios.com\/index.php\/2020\/08\/14\/nueva-sesion-del-concejo-deliberante-de-avellaneda-en-el-centro-municipal-de-arte-2\/#primaryimage"},"thumbnailUrl":"https:\/\/diarioprincipios.com\/wp-content\/uploads\/2020\/08\/8cf77830-ce71-46d2-b116-c036e45d34fa.jpg","datePublished":"2020-08-14T14:37:43+00:00","dateModified":"2020-08-14T14:37:48+00:00","breadcrumb":{"@id":"https:\/\/diarioprincipios.com\/index.php\/2020\/08\/14\/nueva-sesion-del-concejo-deliberante-de-avellaneda-en-el-centro-municipal-de-arte-2\/#breadcrumb"},"inLanguage":"es","potentialAction":[{"@type":"ReadAction","target":["https:\/\/diarioprincipios.com\/index.php\/2020\/08\/14\/nueva-sesion-del-concejo-deliberante-de-avellaneda-en-el-centro-municipal-de-arte-2\/"]}]},{"@type":"ImageObject","inLanguage":"es","@id":"https:\/\/diarioprincipios.com\/index.php\/2020\/08\/14\/nueva-sesion-del-concejo-deliberante-de-avellaneda-en-el-centro-municipal-de-arte-2\/#primaryimage","url":"https:\/\/diarioprincipios.com\/wp-content\/uploads\/2020\/08\/8cf77830-ce71-46d2-b116-c036e45d34fa.jpg","contentUrl":"https:\/\/diarioprincipios.com\/wp-content\/uploads\/2020\/08\/8cf77830-ce71-46d2-b116-c036e45d34fa.jpg","width":1100,"height":621},{"@type":"BreadcrumbList","@id":"https:\/\/diarioprincipios.com\/index.php\/2020\/08\/14\/nueva-sesion-del-concejo-deliberante-de-avellaneda-en-el-centro-municipal-de-arte-2\/#breadcrumb","itemListElement":[{"@type":"ListItem","position":1,"name":"Portada","item":"https:\/\/diarioprincipios.com\/"},{"@type":"ListItem","position":2,"name":"Nueva sesi\u00f3n del Concejo Deliberante de Avellaneda en el Centro Municipal de Arte"}]},{"@type":"WebSite","@id":"https:\/\/diarioprincipios.com\/#website","url":"https:\/\/diarioprincipios.com\/","name":"Principios","description":"Principios Diario","publisher":{"@id":"https:\/\/diarioprincipios.com\/#organization"},"potentialAction":[{"@type":"SearchAction","target":{"@type":"EntryPoint","urlTemplate":"https:\/\/diarioprincipios.com\/?s={search_term_string}"},"query-input":{"@type":"PropertyValueSpecification","valueRequired":true,"valueName":"search_term_string"}}],"inLanguage":"es"},{"@type":"Organization","@id":"https:\/\/diarioprincipios.com\/#organization","name":"Principios","url":"https:\/\/diarioprincipios.com\/","logo":{"@type":"ImageObject","inLanguage":"es","@id":"https:\/\/diarioprincipios.com\/#\/schema\/logo\/image\/","url":"https:\/\/diarioprincipios.com\/wp-content\/uploads\/2024\/04\/cropped-www.diarioprincipios.com_-1.png","contentUrl":"https:\/\/diarioprincipios.com\/wp-content\/uploads\/2024\/04\/cropped-www.diarioprincipios.com_-1.png","width":5325,"height":1454,"caption":"Principios"},"image":{"@id":"https:\/\/diarioprincipios.com\/#\/schema\/logo\/image\/"}},{"@type":"Person","@id":"https:\/\/diarioprincipios.com\/#\/schema\/person\/436d5a1fd41a5e250e23ff5a6a7cb080","name":"Hern\u00e1n L\u00f3pez","image":{"@type":"ImageObject","inLanguage":"es","@id":"https:\/\/diarioprincipios.com\/wp-content\/litespeed\/avatar\/11ddfe5610ff3bd100522525b2571f48.jpg?ver=1777048341","url":"https:\/\/diarioprincipios.com\/wp-content\/litespeed\/avatar\/11ddfe5610ff3bd100522525b2571f48.jpg?ver=1777048341","contentUrl":"https:\/\/diarioprincipios.com\/wp-content\/litespeed\/avatar\/11ddfe5610ff3bd100522525b2571f48.jpg?ver=1777048341","caption":"Hern\u00e1n L\u00f3pez"},"url":"https:\/\/diarioprincipios.com\/index.php\/author\/hernan\/"}]}},"jetpack_featured_media_url":"https:\/\/diarioprincipios.com\/wp-content\/uploads\/2020\/08\/8cf77830-ce71-46d2-b116-c036e45d34fa.jpg","_links":{"self":[{"href":"https:\/\/diarioprincipios.com\/index.php\/wp-json\/wp\/v2\/posts\/4753","targetHints":{"allow":["GET"]}}],"collection":[{"href":"https:\/\/diarioprincipios.com\/index.php\/wp-json\/wp\/v2\/posts"}],"about":[{"href":"https:\/\/diarioprincipios.com\/index.php\/wp-json\/wp\/v2\/types\/post"}],"author":[{"embeddable":true,"href":"https:\/\/diarioprincipios.com\/index.php\/wp-json\/wp\/v2\/users\/2"}],"replies":[{"embeddable":true,"href":"https:\/\/diarioprincipios.com\/index.php\/wp-json\/wp\/v2\/comments?post=4753"}],"version-history":[{"count":1,"href":"https:\/\/diarioprincipios.com\/index.php\/wp-json\/wp\/v2\/posts\/4753\/revisions"}],"predecessor-version":[{"id":4755,"href":"https:\/\/diarioprincipios.com\/index.php\/wp-json\/wp\/v2\/posts\/4753\/revisions\/4755"}],"wp:featuredmedia":[{"embeddable":true,"href":"https:\/\/diarioprincipios.com\/index.php\/wp-json\/wp\/v2\/media\/4754"}],"wp:attachment":[{"href":"https:\/\/diarioprincipios.com\/index.php\/wp-json\/wp\/v2\/media?parent=4753"}],"wp:term":[{"taxonomy":"category","embeddable":true,"href":"https:\/\/diarioprincipios.com\/index.php\/wp-json\/wp\/v2\/categories?post=4753"},{"taxonomy":"post_tag","embeddable":true,"href":"https:\/\/diarioprincipios.com\/index.php\/wp-json\/wp\/v2\/tags?post=4753"}],"curies":[{"name":"wp","href":"https:\/\/api.w.org\/{rel}","templated":true}]}}