{"id":4722,"date":"2020-08-13T10:17:41","date_gmt":"2020-08-13T13:17:41","guid":{"rendered":"http:\/\/diarioprincipios.com\/?p=4722"},"modified":"2020-08-13T10:17:43","modified_gmt":"2020-08-13T13:17:43","slug":"sigue-el-operativo-detectar-esta-vez-en-3-de-junio-y-compal","status":"publish","type":"post","link":"https:\/\/diarioprincipios.com\/index.php\/2020\/08\/13\/sigue-el-operativo-detectar-esta-vez-en-3-de-junio-y-compal\/","title":{"rendered":"Sigue el Operativo \u00abDetectar\u00bb: Esta vez en 3 de Junio y Compal"},"content":{"rendered":"\n<p><strong>La Municipalidad y el Gobierno bonaerense siguen realizando el Dispositivo Estrat\u00e9gico de Testeo para Coronavirus en Territorio de Argentina (DETeCTAr) en diferentes zonas de Berazategui. Esta vez, recorrieron los barrios 3 de Junio y Compal de la localidad de Pl\u00e1tanos.<\/strong><\/p>\n\n\n\n<p>En el contexto de propagaci\u00f3n de la pandemia de coronavirus (COVID-19), la emergencia sanitaria y el aislamiento social, preventivo y obligatorio, el Municipio -con equipos formados por agentes municipales y del Ministerio de Salud de la Provincia, enfermeros, integrantes de organizaciones sociales, que colaboran; y referentes barriales, que ayudan posibilitando el acceso a las viviendas- contin\u00faa y refuerza el operativo DETeCTAr, recorriendo casa por casa en los distintos barrios.<\/p>\n\n\n\n<p>\u201cEl objetivo es, en primera instancia, detectar casos sospechosos de portar coronavirus, que por alg\u00fan motivo no hayan podido acceder al sistema de salud. Al mismo tiempo, aprovechamos para detectar otro tipo de situaci\u00f3n de vulnerabilidad que tiene que ver con la pandemia. Por ejemplo, la falta de acceso a alimentos; a controles de salud, en personas que tienen enfermedades cr\u00f3nicas, en ni\u00f1os -que no han podido hacer sus consultas pedi\u00e1tricas-, en embarazadas -que no han podido hacerse los controles \u00a0obst\u00e9tricos- y falta de vacunaci\u00f3n\u201d, inform\u00f3 la Dra. Luciana Soto, subsecretaria de Salud P\u00fablica e Higiene municipal.<\/p>\n\n\n\n<figure class=\"wp-block-image size-large\"><img loading=\"lazy\" decoding=\"async\" width=\"1024\" height=\"683\" src=\"https:\/\/diarioprincipios.com\/wp-content\/uploads\/2020\/08\/SIGUE-EL-OPERATIVO-DETeCTAr-ESTA-VEZ-EN-3-DE-JUNIO-Y-COMPAL-3-1024x683.jpg\" alt=\"\" class=\"wp-image-4723\" srcset=\"https:\/\/diarioprincipios.com\/wp-content\/uploads\/2020\/08\/SIGUE-EL-OPERATIVO-DETeCTAr-ESTA-VEZ-EN-3-DE-JUNIO-Y-COMPAL-3-1024x683.jpg 1024w, https:\/\/diarioprincipios.com\/wp-content\/uploads\/2020\/08\/SIGUE-EL-OPERATIVO-DETeCTAr-ESTA-VEZ-EN-3-DE-JUNIO-Y-COMPAL-3-300x200.jpg 300w, https:\/\/diarioprincipios.com\/wp-content\/uploads\/2020\/08\/SIGUE-EL-OPERATIVO-DETeCTAr-ESTA-VEZ-EN-3-DE-JUNIO-Y-COMPAL-3-768x512.jpg 768w, https:\/\/diarioprincipios.com\/wp-content\/uploads\/2020\/08\/SIGUE-EL-OPERATIVO-DETeCTAr-ESTA-VEZ-EN-3-DE-JUNIO-Y-COMPAL-3-1536x1024.jpg 1536w, https:\/\/diarioprincipios.com\/wp-content\/uploads\/2020\/08\/SIGUE-EL-OPERATIVO-DETeCTAr-ESTA-VEZ-EN-3-DE-JUNIO-Y-COMPAL-3.jpg 1920w\" sizes=\"auto, (max-width: 1024px) 100vw, 1024px\" \/><\/figure>\n\n\n\n<p>Adem\u00e1s, en estos operativos se implementa el Programa REMEDIAR, que brinda acceso y cobertura de medicamentos esenciales a los vecinos y vecinas que los requieran, con aprobaci\u00f3n de especialistas; y se aplica la vacuna antigripal a domicilio.<\/p>\n\n\n\n<p>En cuanto al procedimiento del DETeCTAr, Soto explic\u00f3: \u201cSe le pregunta al vecino qu\u00e9 cantidad de personas vive en el domicilio y si tienen los s\u00edntomas de Coronavirus que conocemos, como fiebre desde 37.5 \u00b0C, tos, dolor de garganta, dificultad respiratoria, alteraci\u00f3n repentina del gusto o del olfato, diarrea, v\u00f3mitos o cefalea. De acuerdo a lo que presenten o hayan presentado en los \u00faltimos 14 d\u00edas, son acompa\u00f1ados por uno de nuestros agentes al hospital m\u00f3vil, donde un m\u00e9dico los eval\u00faa para ver si realmente cumplen los criterios requeridos para realizar el hisopado correspondiente\u201d.<\/p>\n\n\n\n<p>Ayel\u00e9n Figueroa, integrante del Ministerio de Salud de la provincia de Buenos Aires, coment\u00f3: \u201cEstamos trabajando en conjunto muy bien y contentos. En Berazategui son muy atentos con nosotros. La Municipalidad tiene una gran capacidad organizativa, se hace responsable de sus ciudadanos y por eso podemos llegar a muchos lugares a los que de otra forma tal vez no podr\u00edamos acceder. Creemos que este trabajo est\u00e1 dando sus frutos\u201d.<\/p>\n\n\n\n<figure class=\"wp-block-image size-large\"><img loading=\"lazy\" decoding=\"async\" width=\"1024\" height=\"731\" src=\"https:\/\/diarioprincipios.com\/wp-content\/uploads\/2020\/08\/SIGUE-EL-OPERATIVO-DETeCTAr-ESTA-VEZ-EN-3-DE-JUNIO-Y-COMPAL-1-1024x731.jpg\" alt=\"\" class=\"wp-image-4724\" srcset=\"https:\/\/diarioprincipios.com\/wp-content\/uploads\/2020\/08\/SIGUE-EL-OPERATIVO-DETeCTAr-ESTA-VEZ-EN-3-DE-JUNIO-Y-COMPAL-1-1024x731.jpg 1024w, https:\/\/diarioprincipios.com\/wp-content\/uploads\/2020\/08\/SIGUE-EL-OPERATIVO-DETeCTAr-ESTA-VEZ-EN-3-DE-JUNIO-Y-COMPAL-1-300x214.jpg 300w, https:\/\/diarioprincipios.com\/wp-content\/uploads\/2020\/08\/SIGUE-EL-OPERATIVO-DETeCTAr-ESTA-VEZ-EN-3-DE-JUNIO-Y-COMPAL-1-768x548.jpg 768w, https:\/\/diarioprincipios.com\/wp-content\/uploads\/2020\/08\/SIGUE-EL-OPERATIVO-DETeCTAr-ESTA-VEZ-EN-3-DE-JUNIO-Y-COMPAL-1-1536x1097.jpg 1536w, https:\/\/diarioprincipios.com\/wp-content\/uploads\/2020\/08\/SIGUE-EL-OPERATIVO-DETeCTAr-ESTA-VEZ-EN-3-DE-JUNIO-Y-COMPAL-1.jpg 1920w\" sizes=\"auto, (max-width: 1024px) 100vw, 1024px\" \/><\/figure>\n\n\n\n<p>Muchos vecinos destacaron la realizaci\u00f3n de la jornada en los barrios 3 de Junio y Compal de Pl\u00e1tanos. \u201cMe parece muy bien que se implemente este Programa porque hay mucha gente que no toma conciencia de lo que pasa o no pudo hacerse el hisopado. Nosotros ya estamos recuperados. Con mi familia estuvimos aislados un mes. Mi esposo se contagi\u00f3 en el trabajo. Aconsejo a los vecinos que sean responsables, que usen tapaboca, que no se re\u00fanan\u201d, expres\u00f3 Karina Romero, del barrio 3 de Junio.<\/p>\n\n\n\n<p>En tanto, B\u00e1rbara Serafini, otra vecina, coment\u00f3: \u201cLos agentes me tomaron la temperatura y me informaron las precauciones. Con mi familia nos quedamos en casa. Mi marido sale porque es trabajador esencial. Esta campa\u00f1a es excelente porque ayuda a que la gente se cuide m\u00e1s, que tome conciencia. Los chicos se quedan en casa, usamos alcohol en gel y en aerosol para prevenir\u201d.<\/p>\n\n\n\n<p>\u201cVinieron y nos preguntaron si presentamos s\u00edntomas de COVID-19, los cuales hasta ahora no hemos manifestado. Me parece muy bien que se implemente esto, es necesario que la gente tome conciencia, especialmente los j\u00f3venes. Esto es totalmente positivo y necesario, y creo que tiene que hacerse en todo el pa\u00eds. Tomamos todas las medidas de precauci\u00f3n, el alcohol en gel, la lavandina. Una o dos veces a la semana salimos a hacer las compras y siempre con barbijo\u201d, agreg\u00f3 Luis Smijosky, de 3 de Junio.<\/p>\n\n\n\n<p>Para finalizar, la Subsecretaria de Salud municipal destac\u00f3 la amplitud de este dispositivo, que en el transcurso del \u00faltimo mes se despleg\u00f3 en los barrios Asunci\u00f3n-Mosconi, Aldana, Los Ciruelos, Primero de Mayo, Los Pinos, General Belgrano, Bustillo, Jacarand\u00e1, Villa Mitre, Buenaventura, Alejandro I, General Mitre, Kennedy Sur y Kennedy Norte.<\/p>\n","protected":false},"excerpt":{"rendered":"<p>La Municipalidad y el Gobierno bonaerense siguen realizando el Dispositivo Estrat\u00e9gico de Testeo para Coronavirus en Territorio de Argentina (DETeCTAr) en diferentes zonas de Berazategui. Esta vez, recorrieron los barrios 3 de Junio y Compal de la localidad de Pl\u00e1tanos. En el contexto de propagaci\u00f3n de la pandemia de coronavirus (COVID-19), la emergencia sanitaria y&#8230;<\/p>\n","protected":false},"author":2,"featured_media":4725,"comment_status":"open","ping_status":"open","sticky":false,"template":"","format":"standard","meta":{"footnotes":""},"categories":[3],"tags":[],"class_list":["post-4722","post","type-post","status-publish","format-standard","has-post-thumbnail","hentry","category-berazategui"],"featured_image_src":"https:\/\/diarioprincipios.com\/wp-content\/uploads\/2020\/08\/SIGUE-EL-OPERATIVO-DETeCTAr-ESTA-VEZ-EN-3-DE-JUNIO-Y-COMPAL-2-1024x731.jpg","blog_images":{"medium":"https:\/\/diarioprincipios.com\/wp-content\/uploads\/2020\/08\/SIGUE-EL-OPERATIVO-DETeCTAr-ESTA-VEZ-EN-3-DE-JUNIO-Y-COMPAL-2-300x214.jpg","large":"https:\/\/diarioprincipios.com\/wp-content\/uploads\/2020\/08\/SIGUE-EL-OPERATIVO-DETeCTAr-ESTA-VEZ-EN-3-DE-JUNIO-Y-COMPAL-2-1024x731.jpg"},"ams_acf":[],"yoast_head":"<!-- This site is optimized with the Yoast SEO plugin v27.3 - https:\/\/yoast.com\/product\/yoast-seo-wordpress\/ -->\n<title>Sigue el Operativo &quot;Detectar&quot;: Esta vez en 3 de Junio y Compal - Principios<\/title>\n<meta name=\"robots\" content=\"index, follow, max-snippet:-1, max-image-preview:large, max-video-preview:-1\" \/>\n<link rel=\"canonical\" href=\"https:\/\/diarioprincipios.com\/index.php\/2020\/08\/13\/sigue-el-operativo-detectar-esta-vez-en-3-de-junio-y-compal\/\" \/>\n<meta property=\"og:locale\" content=\"es_ES\" \/>\n<meta property=\"og:type\" content=\"article\" \/>\n<meta property=\"og:title\" content=\"Sigue el Operativo &quot;Detectar&quot;: Esta vez en 3 de Junio y Compal - Principios\" \/>\n<meta property=\"og:description\" content=\"La Municipalidad y el Gobierno bonaerense siguen realizando el Dispositivo Estrat\u00e9gico de Testeo para Coronavirus en Territorio de Argentina (DETeCTAr) en diferentes zonas de Berazategui. Esta vez, recorrieron los barrios 3 de Junio y Compal de la localidad de Pl\u00e1tanos. En el contexto de propagaci\u00f3n de la pandemia de coronavirus (COVID-19), la emergencia sanitaria y...\" \/>\n<meta property=\"og:url\" content=\"https:\/\/diarioprincipios.com\/index.php\/2020\/08\/13\/sigue-el-operativo-detectar-esta-vez-en-3-de-junio-y-compal\/\" \/>\n<meta property=\"og:site_name\" content=\"Principios\" \/>\n<meta property=\"article:published_time\" content=\"2020-08-13T13:17:41+00:00\" \/>\n<meta property=\"article:modified_time\" content=\"2020-08-13T13:17:43+00:00\" \/>\n<meta property=\"og:image\" content=\"https:\/\/diarioprincipios.com\/wp-content\/uploads\/2020\/08\/SIGUE-EL-OPERATIVO-DETeCTAr-ESTA-VEZ-EN-3-DE-JUNIO-Y-COMPAL-2.jpg\" \/>\n\t<meta property=\"og:image:width\" content=\"1920\" \/>\n\t<meta property=\"og:image:height\" content=\"1371\" \/>\n\t<meta property=\"og:image:type\" content=\"image\/jpeg\" \/>\n<meta name=\"author\" content=\"Hern\u00e1n L\u00f3pez\" \/>\n<meta name=\"twitter:card\" content=\"summary_large_image\" \/>\n<meta name=\"twitter:label1\" content=\"Escrito por\" \/>\n\t<meta name=\"twitter:data1\" content=\"Hern\u00e1n L\u00f3pez\" \/>\n\t<meta name=\"twitter:label2\" content=\"Tiempo de lectura\" \/>\n\t<meta name=\"twitter:data2\" content=\"4 minutos\" \/>\n<script type=\"application\/ld+json\" class=\"yoast-schema-graph\">{\"@context\":\"https:\\\/\\\/schema.org\",\"@graph\":[{\"@type\":\"Article\",\"@id\":\"https:\\\/\\\/diarioprincipios.com\\\/index.php\\\/2020\\\/08\\\/13\\\/sigue-el-operativo-detectar-esta-vez-en-3-de-junio-y-compal\\\/#article\",\"isPartOf\":{\"@id\":\"https:\\\/\\\/diarioprincipios.com\\\/index.php\\\/2020\\\/08\\\/13\\\/sigue-el-operativo-detectar-esta-vez-en-3-de-junio-y-compal\\\/\"},\"author\":{\"name\":\"Hern\u00e1n L\u00f3pez\",\"@id\":\"https:\\\/\\\/diarioprincipios.com\\\/#\\\/schema\\\/person\\\/436d5a1fd41a5e250e23ff5a6a7cb080\"},\"headline\":\"Sigue el Operativo \u00abDetectar\u00bb: Esta vez en 3 de Junio y Compal\",\"datePublished\":\"2020-08-13T13:17:41+00:00\",\"dateModified\":\"2020-08-13T13:17:43+00:00\",\"mainEntityOfPage\":{\"@id\":\"https:\\\/\\\/diarioprincipios.com\\\/index.php\\\/2020\\\/08\\\/13\\\/sigue-el-operativo-detectar-esta-vez-en-3-de-junio-y-compal\\\/\"},\"wordCount\":729,\"commentCount\":0,\"publisher\":{\"@id\":\"https:\\\/\\\/diarioprincipios.com\\\/#organization\"},\"image\":{\"@id\":\"https:\\\/\\\/diarioprincipios.com\\\/index.php\\\/2020\\\/08\\\/13\\\/sigue-el-operativo-detectar-esta-vez-en-3-de-junio-y-compal\\\/#primaryimage\"},\"thumbnailUrl\":\"https:\\\/\\\/diarioprincipios.com\\\/wp-content\\\/uploads\\\/2020\\\/08\\\/SIGUE-EL-OPERATIVO-DETeCTAr-ESTA-VEZ-EN-3-DE-JUNIO-Y-COMPAL-2.jpg\",\"articleSection\":[\"Berazategui\"],\"inLanguage\":\"es\",\"potentialAction\":[{\"@type\":\"CommentAction\",\"name\":\"Comment\",\"target\":[\"https:\\\/\\\/diarioprincipios.com\\\/index.php\\\/2020\\\/08\\\/13\\\/sigue-el-operativo-detectar-esta-vez-en-3-de-junio-y-compal\\\/#respond\"]}]},{\"@type\":\"WebPage\",\"@id\":\"https:\\\/\\\/diarioprincipios.com\\\/index.php\\\/2020\\\/08\\\/13\\\/sigue-el-operativo-detectar-esta-vez-en-3-de-junio-y-compal\\\/\",\"url\":\"https:\\\/\\\/diarioprincipios.com\\\/index.php\\\/2020\\\/08\\\/13\\\/sigue-el-operativo-detectar-esta-vez-en-3-de-junio-y-compal\\\/\",\"name\":\"Sigue el Operativo \\\"Detectar\\\": Esta vez en 3 de Junio y Compal - Principios\",\"isPartOf\":{\"@id\":\"https:\\\/\\\/diarioprincipios.com\\\/#website\"},\"primaryImageOfPage\":{\"@id\":\"https:\\\/\\\/diarioprincipios.com\\\/index.php\\\/2020\\\/08\\\/13\\\/sigue-el-operativo-detectar-esta-vez-en-3-de-junio-y-compal\\\/#primaryimage\"},\"image\":{\"@id\":\"https:\\\/\\\/diarioprincipios.com\\\/index.php\\\/2020\\\/08\\\/13\\\/sigue-el-operativo-detectar-esta-vez-en-3-de-junio-y-compal\\\/#primaryimage\"},\"thumbnailUrl\":\"https:\\\/\\\/diarioprincipios.com\\\/wp-content\\\/uploads\\\/2020\\\/08\\\/SIGUE-EL-OPERATIVO-DETeCTAr-ESTA-VEZ-EN-3-DE-JUNIO-Y-COMPAL-2.jpg\",\"datePublished\":\"2020-08-13T13:17:41+00:00\",\"dateModified\":\"2020-08-13T13:17:43+00:00\",\"breadcrumb\":{\"@id\":\"https:\\\/\\\/diarioprincipios.com\\\/index.php\\\/2020\\\/08\\\/13\\\/sigue-el-operativo-detectar-esta-vez-en-3-de-junio-y-compal\\\/#breadcrumb\"},\"inLanguage\":\"es\",\"potentialAction\":[{\"@type\":\"ReadAction\",\"target\":[\"https:\\\/\\\/diarioprincipios.com\\\/index.php\\\/2020\\\/08\\\/13\\\/sigue-el-operativo-detectar-esta-vez-en-3-de-junio-y-compal\\\/\"]}]},{\"@type\":\"ImageObject\",\"inLanguage\":\"es\",\"@id\":\"https:\\\/\\\/diarioprincipios.com\\\/index.php\\\/2020\\\/08\\\/13\\\/sigue-el-operativo-detectar-esta-vez-en-3-de-junio-y-compal\\\/#primaryimage\",\"url\":\"https:\\\/\\\/diarioprincipios.com\\\/wp-content\\\/uploads\\\/2020\\\/08\\\/SIGUE-EL-OPERATIVO-DETeCTAr-ESTA-VEZ-EN-3-DE-JUNIO-Y-COMPAL-2.jpg\",\"contentUrl\":\"https:\\\/\\\/diarioprincipios.com\\\/wp-content\\\/uploads\\\/2020\\\/08\\\/SIGUE-EL-OPERATIVO-DETeCTAr-ESTA-VEZ-EN-3-DE-JUNIO-Y-COMPAL-2.jpg\",\"width\":1920,\"height\":1371},{\"@type\":\"BreadcrumbList\",\"@id\":\"https:\\\/\\\/diarioprincipios.com\\\/index.php\\\/2020\\\/08\\\/13\\\/sigue-el-operativo-detectar-esta-vez-en-3-de-junio-y-compal\\\/#breadcrumb\",\"itemListElement\":[{\"@type\":\"ListItem\",\"position\":1,\"name\":\"Portada\",\"item\":\"https:\\\/\\\/diarioprincipios.com\\\/\"},{\"@type\":\"ListItem\",\"position\":2,\"name\":\"Sigue el Operativo \u00abDetectar\u00bb: Esta vez en 3 de Junio y Compal\"}]},{\"@type\":\"WebSite\",\"@id\":\"https:\\\/\\\/diarioprincipios.com\\\/#website\",\"url\":\"https:\\\/\\\/diarioprincipios.com\\\/\",\"name\":\"Principios\",\"description\":\"Principios Diario\",\"publisher\":{\"@id\":\"https:\\\/\\\/diarioprincipios.com\\\/#organization\"},\"potentialAction\":[{\"@type\":\"SearchAction\",\"target\":{\"@type\":\"EntryPoint\",\"urlTemplate\":\"https:\\\/\\\/diarioprincipios.com\\\/?s={search_term_string}\"},\"query-input\":{\"@type\":\"PropertyValueSpecification\",\"valueRequired\":true,\"valueName\":\"search_term_string\"}}],\"inLanguage\":\"es\"},{\"@type\":\"Organization\",\"@id\":\"https:\\\/\\\/diarioprincipios.com\\\/#organization\",\"name\":\"Principios\",\"url\":\"https:\\\/\\\/diarioprincipios.com\\\/\",\"logo\":{\"@type\":\"ImageObject\",\"inLanguage\":\"es\",\"@id\":\"https:\\\/\\\/diarioprincipios.com\\\/#\\\/schema\\\/logo\\\/image\\\/\",\"url\":\"https:\\\/\\\/diarioprincipios.com\\\/wp-content\\\/uploads\\\/2024\\\/04\\\/cropped-www.diarioprincipios.com_-1.png\",\"contentUrl\":\"https:\\\/\\\/diarioprincipios.com\\\/wp-content\\\/uploads\\\/2024\\\/04\\\/cropped-www.diarioprincipios.com_-1.png\",\"width\":5325,\"height\":1454,\"caption\":\"Principios\"},\"image\":{\"@id\":\"https:\\\/\\\/diarioprincipios.com\\\/#\\\/schema\\\/logo\\\/image\\\/\"}},{\"@type\":\"Person\",\"@id\":\"https:\\\/\\\/diarioprincipios.com\\\/#\\\/schema\\\/person\\\/436d5a1fd41a5e250e23ff5a6a7cb080\",\"name\":\"Hern\u00e1n L\u00f3pez\",\"image\":{\"@type\":\"ImageObject\",\"inLanguage\":\"es\",\"@id\":\"https:\\\/\\\/diarioprincipios.com\\\/wp-content\\\/litespeed\\\/avatar\\\/11ddfe5610ff3bd100522525b2571f48.jpg?ver=1777048341\",\"url\":\"https:\\\/\\\/diarioprincipios.com\\\/wp-content\\\/litespeed\\\/avatar\\\/11ddfe5610ff3bd100522525b2571f48.jpg?ver=1777048341\",\"contentUrl\":\"https:\\\/\\\/diarioprincipios.com\\\/wp-content\\\/litespeed\\\/avatar\\\/11ddfe5610ff3bd100522525b2571f48.jpg?ver=1777048341\",\"caption\":\"Hern\u00e1n L\u00f3pez\"},\"url\":\"https:\\\/\\\/diarioprincipios.com\\\/index.php\\\/author\\\/hernan\\\/\"}]}<\/script>\n<!-- \/ Yoast SEO plugin. -->","yoast_head_json":{"title":"Sigue el Operativo \"Detectar\": Esta vez en 3 de Junio y Compal - Principios","robots":{"index":"index","follow":"follow","max-snippet":"max-snippet:-1","max-image-preview":"max-image-preview:large","max-video-preview":"max-video-preview:-1"},"canonical":"https:\/\/diarioprincipios.com\/index.php\/2020\/08\/13\/sigue-el-operativo-detectar-esta-vez-en-3-de-junio-y-compal\/","og_locale":"es_ES","og_type":"article","og_title":"Sigue el Operativo \"Detectar\": Esta vez en 3 de Junio y Compal - Principios","og_description":"La Municipalidad y el Gobierno bonaerense siguen realizando el Dispositivo Estrat\u00e9gico de Testeo para Coronavirus en Territorio de Argentina (DETeCTAr) en diferentes zonas de Berazategui. Esta vez, recorrieron los barrios 3 de Junio y Compal de la localidad de Pl\u00e1tanos. En el contexto de propagaci\u00f3n de la pandemia de coronavirus (COVID-19), la emergencia sanitaria y...","og_url":"https:\/\/diarioprincipios.com\/index.php\/2020\/08\/13\/sigue-el-operativo-detectar-esta-vez-en-3-de-junio-y-compal\/","og_site_name":"Principios","article_published_time":"2020-08-13T13:17:41+00:00","article_modified_time":"2020-08-13T13:17:43+00:00","og_image":[{"width":1920,"height":1371,"url":"https:\/\/diarioprincipios.com\/wp-content\/uploads\/2020\/08\/SIGUE-EL-OPERATIVO-DETeCTAr-ESTA-VEZ-EN-3-DE-JUNIO-Y-COMPAL-2.jpg","type":"image\/jpeg"}],"author":"Hern\u00e1n L\u00f3pez","twitter_card":"summary_large_image","twitter_misc":{"Escrito por":"Hern\u00e1n L\u00f3pez","Tiempo de lectura":"4 minutos"},"schema":{"@context":"https:\/\/schema.org","@graph":[{"@type":"Article","@id":"https:\/\/diarioprincipios.com\/index.php\/2020\/08\/13\/sigue-el-operativo-detectar-esta-vez-en-3-de-junio-y-compal\/#article","isPartOf":{"@id":"https:\/\/diarioprincipios.com\/index.php\/2020\/08\/13\/sigue-el-operativo-detectar-esta-vez-en-3-de-junio-y-compal\/"},"author":{"name":"Hern\u00e1n L\u00f3pez","@id":"https:\/\/diarioprincipios.com\/#\/schema\/person\/436d5a1fd41a5e250e23ff5a6a7cb080"},"headline":"Sigue el Operativo \u00abDetectar\u00bb: Esta vez en 3 de Junio y Compal","datePublished":"2020-08-13T13:17:41+00:00","dateModified":"2020-08-13T13:17:43+00:00","mainEntityOfPage":{"@id":"https:\/\/diarioprincipios.com\/index.php\/2020\/08\/13\/sigue-el-operativo-detectar-esta-vez-en-3-de-junio-y-compal\/"},"wordCount":729,"commentCount":0,"publisher":{"@id":"https:\/\/diarioprincipios.com\/#organization"},"image":{"@id":"https:\/\/diarioprincipios.com\/index.php\/2020\/08\/13\/sigue-el-operativo-detectar-esta-vez-en-3-de-junio-y-compal\/#primaryimage"},"thumbnailUrl":"https:\/\/diarioprincipios.com\/wp-content\/uploads\/2020\/08\/SIGUE-EL-OPERATIVO-DETeCTAr-ESTA-VEZ-EN-3-DE-JUNIO-Y-COMPAL-2.jpg","articleSection":["Berazategui"],"inLanguage":"es","potentialAction":[{"@type":"CommentAction","name":"Comment","target":["https:\/\/diarioprincipios.com\/index.php\/2020\/08\/13\/sigue-el-operativo-detectar-esta-vez-en-3-de-junio-y-compal\/#respond"]}]},{"@type":"WebPage","@id":"https:\/\/diarioprincipios.com\/index.php\/2020\/08\/13\/sigue-el-operativo-detectar-esta-vez-en-3-de-junio-y-compal\/","url":"https:\/\/diarioprincipios.com\/index.php\/2020\/08\/13\/sigue-el-operativo-detectar-esta-vez-en-3-de-junio-y-compal\/","name":"Sigue el Operativo \"Detectar\": Esta vez en 3 de Junio y Compal - Principios","isPartOf":{"@id":"https:\/\/diarioprincipios.com\/#website"},"primaryImageOfPage":{"@id":"https:\/\/diarioprincipios.com\/index.php\/2020\/08\/13\/sigue-el-operativo-detectar-esta-vez-en-3-de-junio-y-compal\/#primaryimage"},"image":{"@id":"https:\/\/diarioprincipios.com\/index.php\/2020\/08\/13\/sigue-el-operativo-detectar-esta-vez-en-3-de-junio-y-compal\/#primaryimage"},"thumbnailUrl":"https:\/\/diarioprincipios.com\/wp-content\/uploads\/2020\/08\/SIGUE-EL-OPERATIVO-DETeCTAr-ESTA-VEZ-EN-3-DE-JUNIO-Y-COMPAL-2.jpg","datePublished":"2020-08-13T13:17:41+00:00","dateModified":"2020-08-13T13:17:43+00:00","breadcrumb":{"@id":"https:\/\/diarioprincipios.com\/index.php\/2020\/08\/13\/sigue-el-operativo-detectar-esta-vez-en-3-de-junio-y-compal\/#breadcrumb"},"inLanguage":"es","potentialAction":[{"@type":"ReadAction","target":["https:\/\/diarioprincipios.com\/index.php\/2020\/08\/13\/sigue-el-operativo-detectar-esta-vez-en-3-de-junio-y-compal\/"]}]},{"@type":"ImageObject","inLanguage":"es","@id":"https:\/\/diarioprincipios.com\/index.php\/2020\/08\/13\/sigue-el-operativo-detectar-esta-vez-en-3-de-junio-y-compal\/#primaryimage","url":"https:\/\/diarioprincipios.com\/wp-content\/uploads\/2020\/08\/SIGUE-EL-OPERATIVO-DETeCTAr-ESTA-VEZ-EN-3-DE-JUNIO-Y-COMPAL-2.jpg","contentUrl":"https:\/\/diarioprincipios.com\/wp-content\/uploads\/2020\/08\/SIGUE-EL-OPERATIVO-DETeCTAr-ESTA-VEZ-EN-3-DE-JUNIO-Y-COMPAL-2.jpg","width":1920,"height":1371},{"@type":"BreadcrumbList","@id":"https:\/\/diarioprincipios.com\/index.php\/2020\/08\/13\/sigue-el-operativo-detectar-esta-vez-en-3-de-junio-y-compal\/#breadcrumb","itemListElement":[{"@type":"ListItem","position":1,"name":"Portada","item":"https:\/\/diarioprincipios.com\/"},{"@type":"ListItem","position":2,"name":"Sigue el Operativo \u00abDetectar\u00bb: Esta vez en 3 de Junio y Compal"}]},{"@type":"WebSite","@id":"https:\/\/diarioprincipios.com\/#website","url":"https:\/\/diarioprincipios.com\/","name":"Principios","description":"Principios Diario","publisher":{"@id":"https:\/\/diarioprincipios.com\/#organization"},"potentialAction":[{"@type":"SearchAction","target":{"@type":"EntryPoint","urlTemplate":"https:\/\/diarioprincipios.com\/?s={search_term_string}"},"query-input":{"@type":"PropertyValueSpecification","valueRequired":true,"valueName":"search_term_string"}}],"inLanguage":"es"},{"@type":"Organization","@id":"https:\/\/diarioprincipios.com\/#organization","name":"Principios","url":"https:\/\/diarioprincipios.com\/","logo":{"@type":"ImageObject","inLanguage":"es","@id":"https:\/\/diarioprincipios.com\/#\/schema\/logo\/image\/","url":"https:\/\/diarioprincipios.com\/wp-content\/uploads\/2024\/04\/cropped-www.diarioprincipios.com_-1.png","contentUrl":"https:\/\/diarioprincipios.com\/wp-content\/uploads\/2024\/04\/cropped-www.diarioprincipios.com_-1.png","width":5325,"height":1454,"caption":"Principios"},"image":{"@id":"https:\/\/diarioprincipios.com\/#\/schema\/logo\/image\/"}},{"@type":"Person","@id":"https:\/\/diarioprincipios.com\/#\/schema\/person\/436d5a1fd41a5e250e23ff5a6a7cb080","name":"Hern\u00e1n L\u00f3pez","image":{"@type":"ImageObject","inLanguage":"es","@id":"https:\/\/diarioprincipios.com\/wp-content\/litespeed\/avatar\/11ddfe5610ff3bd100522525b2571f48.jpg?ver=1777048341","url":"https:\/\/diarioprincipios.com\/wp-content\/litespeed\/avatar\/11ddfe5610ff3bd100522525b2571f48.jpg?ver=1777048341","contentUrl":"https:\/\/diarioprincipios.com\/wp-content\/litespeed\/avatar\/11ddfe5610ff3bd100522525b2571f48.jpg?ver=1777048341","caption":"Hern\u00e1n L\u00f3pez"},"url":"https:\/\/diarioprincipios.com\/index.php\/author\/hernan\/"}]}},"jetpack_featured_media_url":"https:\/\/diarioprincipios.com\/wp-content\/uploads\/2020\/08\/SIGUE-EL-OPERATIVO-DETeCTAr-ESTA-VEZ-EN-3-DE-JUNIO-Y-COMPAL-2.jpg","_links":{"self":[{"href":"https:\/\/diarioprincipios.com\/index.php\/wp-json\/wp\/v2\/posts\/4722","targetHints":{"allow":["GET"]}}],"collection":[{"href":"https:\/\/diarioprincipios.com\/index.php\/wp-json\/wp\/v2\/posts"}],"about":[{"href":"https:\/\/diarioprincipios.com\/index.php\/wp-json\/wp\/v2\/types\/post"}],"author":[{"embeddable":true,"href":"https:\/\/diarioprincipios.com\/index.php\/wp-json\/wp\/v2\/users\/2"}],"replies":[{"embeddable":true,"href":"https:\/\/diarioprincipios.com\/index.php\/wp-json\/wp\/v2\/comments?post=4722"}],"version-history":[{"count":1,"href":"https:\/\/diarioprincipios.com\/index.php\/wp-json\/wp\/v2\/posts\/4722\/revisions"}],"predecessor-version":[{"id":4726,"href":"https:\/\/diarioprincipios.com\/index.php\/wp-json\/wp\/v2\/posts\/4722\/revisions\/4726"}],"wp:featuredmedia":[{"embeddable":true,"href":"https:\/\/diarioprincipios.com\/index.php\/wp-json\/wp\/v2\/media\/4725"}],"wp:attachment":[{"href":"https:\/\/diarioprincipios.com\/index.php\/wp-json\/wp\/v2\/media?parent=4722"}],"wp:term":[{"taxonomy":"category","embeddable":true,"href":"https:\/\/diarioprincipios.com\/index.php\/wp-json\/wp\/v2\/categories?post=4722"},{"taxonomy":"post_tag","embeddable":true,"href":"https:\/\/diarioprincipios.com\/index.php\/wp-json\/wp\/v2\/tags?post=4722"}],"curies":[{"name":"wp","href":"https:\/\/api.w.org\/{rel}","templated":true}]}}