{"id":4589,"date":"2020-08-07T09:49:16","date_gmt":"2020-08-07T12:49:16","guid":{"rendered":"http:\/\/diarioprincipios.com\/?p=4589"},"modified":"2020-08-07T09:49:20","modified_gmt":"2020-08-07T12:49:20","slug":"la-legislatura-bonaerense-sanciono-la-ley-de-financiamiento-que-propuso-kicillof","status":"publish","type":"post","link":"https:\/\/diarioprincipios.com\/index.php\/2020\/08\/07\/la-legislatura-bonaerense-sanciono-la-ley-de-financiamiento-que-propuso-kicillof\/","title":{"rendered":"La Legislatura Bonaerense sancion\u00f3 la Ley de Financiamiento que propuso Kicillof"},"content":{"rendered":"\n<p>La C\u00e1mara de Senadores bonaerense sancion\u00f3 esta madrugada la Ley de Financiamiento impulsada por el Poder Ejecutivo provincial para hacer frente a las consecuencias econ\u00f3micas de la pandemia de coronavirus, que contempla una autorizaci\u00f3n para tomar deuda por 500 millones de d\u00f3lares y 28.000 millones de pesos.<\/p>\n\n\n\n<p>La iniciativa, aprobada ayer en Diputados fue sancionada esta madrugada por unanimidad en el Senado, tras haber sido consensuada entre el oficialismo y la oposici\u00f3n luego de intensas negociaciones de las que participaron tambi\u00e9n intendentes de Juntos por el Cambio y funcionarios provinciales.<\/p>\n\n\n\n<p>Ayer, en una reuni\u00f3n que mantuvieron en el despacho del ministro de Hacienda provincial, Pablo L\u00f3pez, los legisladores e intendentes lograron acordar el proyecto que otorga fondos extras a los municipios.<\/p>\n\n\n\n<p>All\u00ed, el presidente de la C\u00e1mara baja, Federico Oterm\u00edn, legisladores de ambas bancadas y los intendentes de La Plata, Julio Garro, y de Tres de Febrero, Diego Valenzuela, entre otros, sellaron el acuerdo que posibilit\u00f3 el tratamiento del proyecto que, por contener un endeudamiento, requer\u00eda del voto de los dos tercios de los diputados.<\/p>\n\n\n\n<p>Tras la sesi\u00f3n de la C\u00e1mara alta, la vicegobernadora Ver\u00f3nica Magario asegur\u00f3 que \u201cahora se podr\u00e1 invertir en avanzar con proyectos de seguridad vial en todos sus aspectos, llevar adelante programas de desarrollo educativo y de salud, e implementar mejoras habitacionales\u00bb.<\/p>\n\n\n\n<p>\u00abTambi\u00e9n se podr\u00e1n generar mayores posibilidades de acceso a la vivienda y se podr\u00e1 concretar la ampliaci\u00f3n de redes de agua potable, de cloacas y -profundizar el saneamiento\u201d, apunt\u00f3.<\/p>\n\n\n\n<p>La iniciativa autoriza a la Provincia a tomar deuda por 500 millones de d\u00f3lares y 28.000 millones de pesos con organismos multilaterales de cr\u00e9dito para atender la crisis sanitaria, realizar obra p\u00fablica y afrontar pagos con los proveedores estatales de la gesti\u00f3n anterior.<\/p>\n\n\n\n<p>Ayer, el diputado del Frente de Todos Juan Pablo de Jes\u00fas explic\u00f3 en el recinto que el acuerdo con la oposici\u00f3n se contempl\u00f3 que esos 500 millones ser\u00e1n divididos en tres cr\u00e9ditos con destinos espec\u00edficos.<\/p>\n\n\n\n<p>Un total de 200 millones ser\u00e1n destinados a financiar proyectos de seguridad vial, como obras de ampliaci\u00f3n, ensanche y\/o duplicaci\u00f3n de calzada, de rehabilitaci\u00f3n y puesta en valor de la infraestructura existente.<\/p>\n\n\n\n<p>Otros 100 millones estar\u00e1n destinados a mejorar los programas educativos y de salud y los 200 millones restantes a mejoras habitacionales y de acceso a la vivienda y a la ampliaci\u00f3n de las redes de agua potable, cloacas y saneamiento.<\/p>\n\n\n\n<p>El acuerdo contempl\u00f3, adem\u00e1s, el pedido de los intendentes de diferir el pago de la ayuda que el Gobierno provincial les envi\u00f3 para hacer frente a la pandemia y que deb\u00edan comenzar a hacer desde este mes.<\/p>\n\n\n\n<p>Por ello, se consensu\u00f3 que los 4.500 millones de pesos que deb\u00edan empezar a devolver las comunas lo har\u00e1n en 18 cuotas desde enero pr\u00f3ximo y adem\u00e1s el Gobierno otorgar\u00e1 otros 3.000 millones en dos cuotas: una la semana pr\u00f3xima y otra en los primeros d\u00edas de septiembre.<\/p>\n\n\n\n<p>Tambi\u00e9n, se acord\u00f3 conformar dos mesas de trabajo que se realizar\u00e1n la semana pr\u00f3xima, una de las cuales ser\u00e1 por el Fondo de Infraestructura Municipal (FIM) 2020, donde el compromiso es comenzar a otorgar el financiamiento del anticipo del 30 % de las obras solicitadas por los municipios formalmente en condiciones.<\/p>\n\n\n\n<p>El proyecto contempla tambi\u00e9n la emisi\u00f3n de un bono para proveedores por un total de 20 mil millones de pesos, que permita la cancelaci\u00f3n de la abultada deuda que hered\u00f3 la actual gesti\u00f3n con los proveedores de la Provincia.<\/p>\n\n\n\n<p>Adem\u00e1s, prev\u00e9 una autorizaci\u00f3n de ampliaci\u00f3n por hasta 8 mil millones de pesos para la emisi\u00f3n de Letras del Tesoro, un instrumento de financiamiento en pesos en el mercado local que utiliza la provincia de Buenos Aires.<\/p>\n\n\n\n<p>En el recinto, el presidente del bloque del Frente de Todos en el Senado, Gervasio Bozzano, record\u00f3 que la deuda de la Provincia increment\u00f3 su proporci\u00f3n en d\u00f3lares de un 43% (en 2015) a un 70,7% (en 2019) durante el gobierno de Maria Eugenia Vidal.<\/p>\n\n\n\n<p>Su par de bancada, Adri\u00e1n Santarelli, destac\u00f3 \u00abla gran suma de dinero que el gobernador le ha girado a los municipios sin discrecionalidad, sin arbitrariedad, sin distinciones partidarias\u00bb.<\/p>\n\n\n\n<p>En tanto, el titular de bancada de Juntos por el Cambio, Roberto Costa, destac\u00f3 que \u00absiempre\u00bb su bloque tuvo \u00abpredisposici\u00f3n para tratar esta iniciativa\u00bb, remarc\u00f3 que solamente se plantearon \u00abdudas sobre el destino de los fondos\u00bb y celebr\u00f3 que esas inquietudes \u00abhayan sido tenidas en cuenta\u00bb por el oficialismo.<\/p>\n","protected":false},"excerpt":{"rendered":"<p>La C\u00e1mara de Senadores bonaerense sancion\u00f3 esta madrugada la Ley de Financiamiento impulsada por el Poder Ejecutivo provincial para hacer frente a las consecuencias econ\u00f3micas de la pandemia de coronavirus, que contempla una autorizaci\u00f3n para tomar deuda por 500 millones de d\u00f3lares y 28.000 millones de pesos. La iniciativa, aprobada ayer en Diputados fue sancionada&#8230;<\/p>\n","protected":false},"author":2,"featured_media":4590,"comment_status":"open","ping_status":"open","sticky":false,"template":"","format":"standard","meta":{"footnotes":""},"categories":[7],"tags":[],"class_list":["post-4589","post","type-post","status-publish","format-standard","has-post-thumbnail","hentry","category-provincia"],"featured_image_src":"https:\/\/diarioprincipios.com\/wp-content\/uploads\/2020\/08\/20200807065550_eeyqbj7xkaazsnw.jpg","blog_images":{"medium":"https:\/\/diarioprincipios.com\/wp-content\/uploads\/2020\/08\/20200807065550_eeyqbj7xkaazsnw-300x187.jpg","large":"https:\/\/diarioprincipios.com\/wp-content\/uploads\/2020\/08\/20200807065550_eeyqbj7xkaazsnw.jpg"},"ams_acf":[],"yoast_head":"<!-- This site is optimized with the Yoast SEO plugin v27.3 - https:\/\/yoast.com\/product\/yoast-seo-wordpress\/ -->\n<title>La Legislatura Bonaerense sancion\u00f3 la Ley de Financiamiento que propuso Kicillof - Principios<\/title>\n<meta name=\"robots\" content=\"index, follow, max-snippet:-1, max-image-preview:large, max-video-preview:-1\" \/>\n<link rel=\"canonical\" href=\"https:\/\/diarioprincipios.com\/index.php\/2020\/08\/07\/la-legislatura-bonaerense-sanciono-la-ley-de-financiamiento-que-propuso-kicillof\/\" \/>\n<meta property=\"og:locale\" content=\"es_ES\" \/>\n<meta property=\"og:type\" content=\"article\" \/>\n<meta property=\"og:title\" content=\"La Legislatura Bonaerense sancion\u00f3 la Ley de Financiamiento que propuso Kicillof - Principios\" \/>\n<meta property=\"og:description\" content=\"La C\u00e1mara de Senadores bonaerense sancion\u00f3 esta madrugada la Ley de Financiamiento impulsada por el Poder Ejecutivo provincial para hacer frente a las consecuencias econ\u00f3micas de la pandemia de coronavirus, que contempla una autorizaci\u00f3n para tomar deuda por 500 millones de d\u00f3lares y 28.000 millones de pesos. La iniciativa, aprobada ayer en Diputados fue sancionada...\" \/>\n<meta property=\"og:url\" content=\"https:\/\/diarioprincipios.com\/index.php\/2020\/08\/07\/la-legislatura-bonaerense-sanciono-la-ley-de-financiamiento-que-propuso-kicillof\/\" \/>\n<meta property=\"og:site_name\" content=\"Principios\" \/>\n<meta property=\"article:published_time\" content=\"2020-08-07T12:49:16+00:00\" \/>\n<meta property=\"article:modified_time\" content=\"2020-08-07T12:49:20+00:00\" \/>\n<meta property=\"og:image\" content=\"https:\/\/diarioprincipios.com\/wp-content\/uploads\/2020\/08\/20200807065550_eeyqbj7xkaazsnw.jpg\" \/>\n\t<meta property=\"og:image:width\" content=\"887\" \/>\n\t<meta property=\"og:image:height\" content=\"554\" \/>\n\t<meta property=\"og:image:type\" content=\"image\/jpeg\" \/>\n<meta name=\"author\" content=\"Hern\u00e1n L\u00f3pez\" \/>\n<meta name=\"twitter:card\" content=\"summary_large_image\" \/>\n<meta name=\"twitter:label1\" content=\"Escrito por\" \/>\n\t<meta name=\"twitter:data1\" content=\"Hern\u00e1n L\u00f3pez\" \/>\n\t<meta name=\"twitter:label2\" content=\"Tiempo de lectura\" \/>\n\t<meta name=\"twitter:data2\" content=\"4 minutos\" \/>\n<script type=\"application\/ld+json\" class=\"yoast-schema-graph\">{\"@context\":\"https:\\\/\\\/schema.org\",\"@graph\":[{\"@type\":\"Article\",\"@id\":\"https:\\\/\\\/diarioprincipios.com\\\/index.php\\\/2020\\\/08\\\/07\\\/la-legislatura-bonaerense-sanciono-la-ley-de-financiamiento-que-propuso-kicillof\\\/#article\",\"isPartOf\":{\"@id\":\"https:\\\/\\\/diarioprincipios.com\\\/index.php\\\/2020\\\/08\\\/07\\\/la-legislatura-bonaerense-sanciono-la-ley-de-financiamiento-que-propuso-kicillof\\\/\"},\"author\":{\"name\":\"Hern\u00e1n L\u00f3pez\",\"@id\":\"https:\\\/\\\/diarioprincipios.com\\\/#\\\/schema\\\/person\\\/436d5a1fd41a5e250e23ff5a6a7cb080\"},\"headline\":\"La Legislatura Bonaerense sancion\u00f3 la Ley de Financiamiento que propuso Kicillof\",\"datePublished\":\"2020-08-07T12:49:16+00:00\",\"dateModified\":\"2020-08-07T12:49:20+00:00\",\"mainEntityOfPage\":{\"@id\":\"https:\\\/\\\/diarioprincipios.com\\\/index.php\\\/2020\\\/08\\\/07\\\/la-legislatura-bonaerense-sanciono-la-ley-de-financiamiento-que-propuso-kicillof\\\/\"},\"wordCount\":776,\"commentCount\":0,\"publisher\":{\"@id\":\"https:\\\/\\\/diarioprincipios.com\\\/#organization\"},\"image\":{\"@id\":\"https:\\\/\\\/diarioprincipios.com\\\/index.php\\\/2020\\\/08\\\/07\\\/la-legislatura-bonaerense-sanciono-la-ley-de-financiamiento-que-propuso-kicillof\\\/#primaryimage\"},\"thumbnailUrl\":\"https:\\\/\\\/diarioprincipios.com\\\/wp-content\\\/uploads\\\/2020\\\/08\\\/20200807065550_eeyqbj7xkaazsnw.jpg\",\"articleSection\":[\"Provincia\"],\"inLanguage\":\"es\",\"potentialAction\":[{\"@type\":\"CommentAction\",\"name\":\"Comment\",\"target\":[\"https:\\\/\\\/diarioprincipios.com\\\/index.php\\\/2020\\\/08\\\/07\\\/la-legislatura-bonaerense-sanciono-la-ley-de-financiamiento-que-propuso-kicillof\\\/#respond\"]}]},{\"@type\":\"WebPage\",\"@id\":\"https:\\\/\\\/diarioprincipios.com\\\/index.php\\\/2020\\\/08\\\/07\\\/la-legislatura-bonaerense-sanciono-la-ley-de-financiamiento-que-propuso-kicillof\\\/\",\"url\":\"https:\\\/\\\/diarioprincipios.com\\\/index.php\\\/2020\\\/08\\\/07\\\/la-legislatura-bonaerense-sanciono-la-ley-de-financiamiento-que-propuso-kicillof\\\/\",\"name\":\"La Legislatura Bonaerense sancion\u00f3 la Ley de Financiamiento que propuso Kicillof - Principios\",\"isPartOf\":{\"@id\":\"https:\\\/\\\/diarioprincipios.com\\\/#website\"},\"primaryImageOfPage\":{\"@id\":\"https:\\\/\\\/diarioprincipios.com\\\/index.php\\\/2020\\\/08\\\/07\\\/la-legislatura-bonaerense-sanciono-la-ley-de-financiamiento-que-propuso-kicillof\\\/#primaryimage\"},\"image\":{\"@id\":\"https:\\\/\\\/diarioprincipios.com\\\/index.php\\\/2020\\\/08\\\/07\\\/la-legislatura-bonaerense-sanciono-la-ley-de-financiamiento-que-propuso-kicillof\\\/#primaryimage\"},\"thumbnailUrl\":\"https:\\\/\\\/diarioprincipios.com\\\/wp-content\\\/uploads\\\/2020\\\/08\\\/20200807065550_eeyqbj7xkaazsnw.jpg\",\"datePublished\":\"2020-08-07T12:49:16+00:00\",\"dateModified\":\"2020-08-07T12:49:20+00:00\",\"breadcrumb\":{\"@id\":\"https:\\\/\\\/diarioprincipios.com\\\/index.php\\\/2020\\\/08\\\/07\\\/la-legislatura-bonaerense-sanciono-la-ley-de-financiamiento-que-propuso-kicillof\\\/#breadcrumb\"},\"inLanguage\":\"es\",\"potentialAction\":[{\"@type\":\"ReadAction\",\"target\":[\"https:\\\/\\\/diarioprincipios.com\\\/index.php\\\/2020\\\/08\\\/07\\\/la-legislatura-bonaerense-sanciono-la-ley-de-financiamiento-que-propuso-kicillof\\\/\"]}]},{\"@type\":\"ImageObject\",\"inLanguage\":\"es\",\"@id\":\"https:\\\/\\\/diarioprincipios.com\\\/index.php\\\/2020\\\/08\\\/07\\\/la-legislatura-bonaerense-sanciono-la-ley-de-financiamiento-que-propuso-kicillof\\\/#primaryimage\",\"url\":\"https:\\\/\\\/diarioprincipios.com\\\/wp-content\\\/uploads\\\/2020\\\/08\\\/20200807065550_eeyqbj7xkaazsnw.jpg\",\"contentUrl\":\"https:\\\/\\\/diarioprincipios.com\\\/wp-content\\\/uploads\\\/2020\\\/08\\\/20200807065550_eeyqbj7xkaazsnw.jpg\",\"width\":887,\"height\":554},{\"@type\":\"BreadcrumbList\",\"@id\":\"https:\\\/\\\/diarioprincipios.com\\\/index.php\\\/2020\\\/08\\\/07\\\/la-legislatura-bonaerense-sanciono-la-ley-de-financiamiento-que-propuso-kicillof\\\/#breadcrumb\",\"itemListElement\":[{\"@type\":\"ListItem\",\"position\":1,\"name\":\"Portada\",\"item\":\"https:\\\/\\\/diarioprincipios.com\\\/\"},{\"@type\":\"ListItem\",\"position\":2,\"name\":\"La Legislatura Bonaerense sancion\u00f3 la Ley de Financiamiento que propuso Kicillof\"}]},{\"@type\":\"WebSite\",\"@id\":\"https:\\\/\\\/diarioprincipios.com\\\/#website\",\"url\":\"https:\\\/\\\/diarioprincipios.com\\\/\",\"name\":\"Principios\",\"description\":\"Principios Diario\",\"publisher\":{\"@id\":\"https:\\\/\\\/diarioprincipios.com\\\/#organization\"},\"potentialAction\":[{\"@type\":\"SearchAction\",\"target\":{\"@type\":\"EntryPoint\",\"urlTemplate\":\"https:\\\/\\\/diarioprincipios.com\\\/?s={search_term_string}\"},\"query-input\":{\"@type\":\"PropertyValueSpecification\",\"valueRequired\":true,\"valueName\":\"search_term_string\"}}],\"inLanguage\":\"es\"},{\"@type\":\"Organization\",\"@id\":\"https:\\\/\\\/diarioprincipios.com\\\/#organization\",\"name\":\"Principios\",\"url\":\"https:\\\/\\\/diarioprincipios.com\\\/\",\"logo\":{\"@type\":\"ImageObject\",\"inLanguage\":\"es\",\"@id\":\"https:\\\/\\\/diarioprincipios.com\\\/#\\\/schema\\\/logo\\\/image\\\/\",\"url\":\"https:\\\/\\\/diarioprincipios.com\\\/wp-content\\\/uploads\\\/2024\\\/04\\\/cropped-www.diarioprincipios.com_-1.png\",\"contentUrl\":\"https:\\\/\\\/diarioprincipios.com\\\/wp-content\\\/uploads\\\/2024\\\/04\\\/cropped-www.diarioprincipios.com_-1.png\",\"width\":5325,\"height\":1454,\"caption\":\"Principios\"},\"image\":{\"@id\":\"https:\\\/\\\/diarioprincipios.com\\\/#\\\/schema\\\/logo\\\/image\\\/\"}},{\"@type\":\"Person\",\"@id\":\"https:\\\/\\\/diarioprincipios.com\\\/#\\\/schema\\\/person\\\/436d5a1fd41a5e250e23ff5a6a7cb080\",\"name\":\"Hern\u00e1n L\u00f3pez\",\"image\":{\"@type\":\"ImageObject\",\"inLanguage\":\"es\",\"@id\":\"https:\\\/\\\/diarioprincipios.com\\\/wp-content\\\/litespeed\\\/avatar\\\/11ddfe5610ff3bd100522525b2571f48.jpg?ver=1777653193\",\"url\":\"https:\\\/\\\/diarioprincipios.com\\\/wp-content\\\/litespeed\\\/avatar\\\/11ddfe5610ff3bd100522525b2571f48.jpg?ver=1777653193\",\"contentUrl\":\"https:\\\/\\\/diarioprincipios.com\\\/wp-content\\\/litespeed\\\/avatar\\\/11ddfe5610ff3bd100522525b2571f48.jpg?ver=1777653193\",\"caption\":\"Hern\u00e1n L\u00f3pez\"},\"url\":\"https:\\\/\\\/diarioprincipios.com\\\/index.php\\\/author\\\/hernan\\\/\"}]}<\/script>\n<!-- \/ Yoast SEO plugin. -->","yoast_head_json":{"title":"La Legislatura Bonaerense sancion\u00f3 la Ley de Financiamiento que propuso Kicillof - Principios","robots":{"index":"index","follow":"follow","max-snippet":"max-snippet:-1","max-image-preview":"max-image-preview:large","max-video-preview":"max-video-preview:-1"},"canonical":"https:\/\/diarioprincipios.com\/index.php\/2020\/08\/07\/la-legislatura-bonaerense-sanciono-la-ley-de-financiamiento-que-propuso-kicillof\/","og_locale":"es_ES","og_type":"article","og_title":"La Legislatura Bonaerense sancion\u00f3 la Ley de Financiamiento que propuso Kicillof - Principios","og_description":"La C\u00e1mara de Senadores bonaerense sancion\u00f3 esta madrugada la Ley de Financiamiento impulsada por el Poder Ejecutivo provincial para hacer frente a las consecuencias econ\u00f3micas de la pandemia de coronavirus, que contempla una autorizaci\u00f3n para tomar deuda por 500 millones de d\u00f3lares y 28.000 millones de pesos. La iniciativa, aprobada ayer en Diputados fue sancionada...","og_url":"https:\/\/diarioprincipios.com\/index.php\/2020\/08\/07\/la-legislatura-bonaerense-sanciono-la-ley-de-financiamiento-que-propuso-kicillof\/","og_site_name":"Principios","article_published_time":"2020-08-07T12:49:16+00:00","article_modified_time":"2020-08-07T12:49:20+00:00","og_image":[{"width":887,"height":554,"url":"https:\/\/diarioprincipios.com\/wp-content\/uploads\/2020\/08\/20200807065550_eeyqbj7xkaazsnw.jpg","type":"image\/jpeg"}],"author":"Hern\u00e1n L\u00f3pez","twitter_card":"summary_large_image","twitter_misc":{"Escrito por":"Hern\u00e1n L\u00f3pez","Tiempo de lectura":"4 minutos"},"schema":{"@context":"https:\/\/schema.org","@graph":[{"@type":"Article","@id":"https:\/\/diarioprincipios.com\/index.php\/2020\/08\/07\/la-legislatura-bonaerense-sanciono-la-ley-de-financiamiento-que-propuso-kicillof\/#article","isPartOf":{"@id":"https:\/\/diarioprincipios.com\/index.php\/2020\/08\/07\/la-legislatura-bonaerense-sanciono-la-ley-de-financiamiento-que-propuso-kicillof\/"},"author":{"name":"Hern\u00e1n L\u00f3pez","@id":"https:\/\/diarioprincipios.com\/#\/schema\/person\/436d5a1fd41a5e250e23ff5a6a7cb080"},"headline":"La Legislatura Bonaerense sancion\u00f3 la Ley de Financiamiento que propuso Kicillof","datePublished":"2020-08-07T12:49:16+00:00","dateModified":"2020-08-07T12:49:20+00:00","mainEntityOfPage":{"@id":"https:\/\/diarioprincipios.com\/index.php\/2020\/08\/07\/la-legislatura-bonaerense-sanciono-la-ley-de-financiamiento-que-propuso-kicillof\/"},"wordCount":776,"commentCount":0,"publisher":{"@id":"https:\/\/diarioprincipios.com\/#organization"},"image":{"@id":"https:\/\/diarioprincipios.com\/index.php\/2020\/08\/07\/la-legislatura-bonaerense-sanciono-la-ley-de-financiamiento-que-propuso-kicillof\/#primaryimage"},"thumbnailUrl":"https:\/\/diarioprincipios.com\/wp-content\/uploads\/2020\/08\/20200807065550_eeyqbj7xkaazsnw.jpg","articleSection":["Provincia"],"inLanguage":"es","potentialAction":[{"@type":"CommentAction","name":"Comment","target":["https:\/\/diarioprincipios.com\/index.php\/2020\/08\/07\/la-legislatura-bonaerense-sanciono-la-ley-de-financiamiento-que-propuso-kicillof\/#respond"]}]},{"@type":"WebPage","@id":"https:\/\/diarioprincipios.com\/index.php\/2020\/08\/07\/la-legislatura-bonaerense-sanciono-la-ley-de-financiamiento-que-propuso-kicillof\/","url":"https:\/\/diarioprincipios.com\/index.php\/2020\/08\/07\/la-legislatura-bonaerense-sanciono-la-ley-de-financiamiento-que-propuso-kicillof\/","name":"La Legislatura Bonaerense sancion\u00f3 la Ley de Financiamiento que propuso Kicillof - Principios","isPartOf":{"@id":"https:\/\/diarioprincipios.com\/#website"},"primaryImageOfPage":{"@id":"https:\/\/diarioprincipios.com\/index.php\/2020\/08\/07\/la-legislatura-bonaerense-sanciono-la-ley-de-financiamiento-que-propuso-kicillof\/#primaryimage"},"image":{"@id":"https:\/\/diarioprincipios.com\/index.php\/2020\/08\/07\/la-legislatura-bonaerense-sanciono-la-ley-de-financiamiento-que-propuso-kicillof\/#primaryimage"},"thumbnailUrl":"https:\/\/diarioprincipios.com\/wp-content\/uploads\/2020\/08\/20200807065550_eeyqbj7xkaazsnw.jpg","datePublished":"2020-08-07T12:49:16+00:00","dateModified":"2020-08-07T12:49:20+00:00","breadcrumb":{"@id":"https:\/\/diarioprincipios.com\/index.php\/2020\/08\/07\/la-legislatura-bonaerense-sanciono-la-ley-de-financiamiento-que-propuso-kicillof\/#breadcrumb"},"inLanguage":"es","potentialAction":[{"@type":"ReadAction","target":["https:\/\/diarioprincipios.com\/index.php\/2020\/08\/07\/la-legislatura-bonaerense-sanciono-la-ley-de-financiamiento-que-propuso-kicillof\/"]}]},{"@type":"ImageObject","inLanguage":"es","@id":"https:\/\/diarioprincipios.com\/index.php\/2020\/08\/07\/la-legislatura-bonaerense-sanciono-la-ley-de-financiamiento-que-propuso-kicillof\/#primaryimage","url":"https:\/\/diarioprincipios.com\/wp-content\/uploads\/2020\/08\/20200807065550_eeyqbj7xkaazsnw.jpg","contentUrl":"https:\/\/diarioprincipios.com\/wp-content\/uploads\/2020\/08\/20200807065550_eeyqbj7xkaazsnw.jpg","width":887,"height":554},{"@type":"BreadcrumbList","@id":"https:\/\/diarioprincipios.com\/index.php\/2020\/08\/07\/la-legislatura-bonaerense-sanciono-la-ley-de-financiamiento-que-propuso-kicillof\/#breadcrumb","itemListElement":[{"@type":"ListItem","position":1,"name":"Portada","item":"https:\/\/diarioprincipios.com\/"},{"@type":"ListItem","position":2,"name":"La Legislatura Bonaerense sancion\u00f3 la Ley de Financiamiento que propuso Kicillof"}]},{"@type":"WebSite","@id":"https:\/\/diarioprincipios.com\/#website","url":"https:\/\/diarioprincipios.com\/","name":"Principios","description":"Principios Diario","publisher":{"@id":"https:\/\/diarioprincipios.com\/#organization"},"potentialAction":[{"@type":"SearchAction","target":{"@type":"EntryPoint","urlTemplate":"https:\/\/diarioprincipios.com\/?s={search_term_string}"},"query-input":{"@type":"PropertyValueSpecification","valueRequired":true,"valueName":"search_term_string"}}],"inLanguage":"es"},{"@type":"Organization","@id":"https:\/\/diarioprincipios.com\/#organization","name":"Principios","url":"https:\/\/diarioprincipios.com\/","logo":{"@type":"ImageObject","inLanguage":"es","@id":"https:\/\/diarioprincipios.com\/#\/schema\/logo\/image\/","url":"https:\/\/diarioprincipios.com\/wp-content\/uploads\/2024\/04\/cropped-www.diarioprincipios.com_-1.png","contentUrl":"https:\/\/diarioprincipios.com\/wp-content\/uploads\/2024\/04\/cropped-www.diarioprincipios.com_-1.png","width":5325,"height":1454,"caption":"Principios"},"image":{"@id":"https:\/\/diarioprincipios.com\/#\/schema\/logo\/image\/"}},{"@type":"Person","@id":"https:\/\/diarioprincipios.com\/#\/schema\/person\/436d5a1fd41a5e250e23ff5a6a7cb080","name":"Hern\u00e1n L\u00f3pez","image":{"@type":"ImageObject","inLanguage":"es","@id":"https:\/\/diarioprincipios.com\/wp-content\/litespeed\/avatar\/11ddfe5610ff3bd100522525b2571f48.jpg?ver=1777653193","url":"https:\/\/diarioprincipios.com\/wp-content\/litespeed\/avatar\/11ddfe5610ff3bd100522525b2571f48.jpg?ver=1777653193","contentUrl":"https:\/\/diarioprincipios.com\/wp-content\/litespeed\/avatar\/11ddfe5610ff3bd100522525b2571f48.jpg?ver=1777653193","caption":"Hern\u00e1n L\u00f3pez"},"url":"https:\/\/diarioprincipios.com\/index.php\/author\/hernan\/"}]}},"jetpack_featured_media_url":"https:\/\/diarioprincipios.com\/wp-content\/uploads\/2020\/08\/20200807065550_eeyqbj7xkaazsnw.jpg","_links":{"self":[{"href":"https:\/\/diarioprincipios.com\/index.php\/wp-json\/wp\/v2\/posts\/4589","targetHints":{"allow":["GET"]}}],"collection":[{"href":"https:\/\/diarioprincipios.com\/index.php\/wp-json\/wp\/v2\/posts"}],"about":[{"href":"https:\/\/diarioprincipios.com\/index.php\/wp-json\/wp\/v2\/types\/post"}],"author":[{"embeddable":true,"href":"https:\/\/diarioprincipios.com\/index.php\/wp-json\/wp\/v2\/users\/2"}],"replies":[{"embeddable":true,"href":"https:\/\/diarioprincipios.com\/index.php\/wp-json\/wp\/v2\/comments?post=4589"}],"version-history":[{"count":1,"href":"https:\/\/diarioprincipios.com\/index.php\/wp-json\/wp\/v2\/posts\/4589\/revisions"}],"predecessor-version":[{"id":4591,"href":"https:\/\/diarioprincipios.com\/index.php\/wp-json\/wp\/v2\/posts\/4589\/revisions\/4591"}],"wp:featuredmedia":[{"embeddable":true,"href":"https:\/\/diarioprincipios.com\/index.php\/wp-json\/wp\/v2\/media\/4590"}],"wp:attachment":[{"href":"https:\/\/diarioprincipios.com\/index.php\/wp-json\/wp\/v2\/media?parent=4589"}],"wp:term":[{"taxonomy":"category","embeddable":true,"href":"https:\/\/diarioprincipios.com\/index.php\/wp-json\/wp\/v2\/categories?post=4589"},{"taxonomy":"post_tag","embeddable":true,"href":"https:\/\/diarioprincipios.com\/index.php\/wp-json\/wp\/v2\/tags?post=4589"}],"curies":[{"name":"wp","href":"https:\/\/api.w.org\/{rel}","templated":true}]}}