{"id":4582,"date":"2020-08-06T23:01:10","date_gmt":"2020-08-07T02:01:10","guid":{"rendered":"http:\/\/diarioprincipios.com\/?p=4582"},"modified":"2020-08-06T23:01:15","modified_gmt":"2020-08-07T02:01:15","slug":"mayra-mendoza-visito-la-oficina-de-empleo-municipal-para-ver-los-avances-de-su-puesta-en-valor","status":"publish","type":"post","link":"https:\/\/diarioprincipios.com\/index.php\/2020\/08\/06\/mayra-mendoza-visito-la-oficina-de-empleo-municipal-para-ver-los-avances-de-su-puesta-en-valor\/","title":{"rendered":"Mayra Mendoza visit\u00f3 la Oficina de Empleo Municipal para ver los avances de su puesta en valor"},"content":{"rendered":"\n<p>Desde la Oficina de Empleo Municipal de Quilmes destacaron que \u00aben el d\u00eda de hoy, ha visitado la oficina de empleo municipal, la compa\u00f1era Intendenta, Mayra Mendoza, viendo los avances en la puesta en valor de las oficinas, para empezar a darle la importancia a esta parte de la gesti\u00f3n municipal, que sin dudas va ser la de la recuperaci\u00f3n de la naci\u00f3n, en el tiempo de la pospandemia, de la mano de la producci\u00f3n y el empleo, partiendo desde la capacitaci\u00f3n de los m\u00e1s j\u00f3venes, a ser facilitador de mano de obra calificada y certificada\u00bb.<\/p>\n\n\n\n<figure class=\"wp-block-image size-large\"><img loading=\"lazy\" decoding=\"async\" width=\"960\" height=\"640\" src=\"https:\/\/diarioprincipios.com\/wp-content\/uploads\/2020\/08\/IMG-20200806-WA0060.jpg\" alt=\"\" class=\"wp-image-4583\" srcset=\"https:\/\/diarioprincipios.com\/wp-content\/uploads\/2020\/08\/IMG-20200806-WA0060.jpg 960w, https:\/\/diarioprincipios.com\/wp-content\/uploads\/2020\/08\/IMG-20200806-WA0060-300x200.jpg 300w, https:\/\/diarioprincipios.com\/wp-content\/uploads\/2020\/08\/IMG-20200806-WA0060-768x512.jpg 768w\" sizes=\"auto, (max-width: 960px) 100vw, 960px\" \/><\/figure>\n\n\n\n<p>A\u00f1adieron que \u00abLa oficina de empleo, estuvo olvidada los \u00faltimos cuatro a\u00f1os y hoy gracias al trabajo mancomunado entre el municipio y el movimiento obrero regional, de a poco vamos poniendo el foco en lo que realmente trae dignidad y riqueza, a un pa\u00eds, que es la generaci\u00f3n de empleos m\u00e1s calificados y mejor remunerado\u00bb. <\/p>\n\n\n\n<figure class=\"wp-block-image size-large\"><img loading=\"lazy\" decoding=\"async\" width=\"1024\" height=\"793\" src=\"https:\/\/diarioprincipios.com\/wp-content\/uploads\/2020\/08\/IMG-20200806-WA0058-1024x793.jpg\" alt=\"\" class=\"wp-image-4584\" srcset=\"https:\/\/diarioprincipios.com\/wp-content\/uploads\/2020\/08\/IMG-20200806-WA0058-1024x793.jpg 1024w, https:\/\/diarioprincipios.com\/wp-content\/uploads\/2020\/08\/IMG-20200806-WA0058-300x232.jpg 300w, https:\/\/diarioprincipios.com\/wp-content\/uploads\/2020\/08\/IMG-20200806-WA0058-768x595.jpg 768w, https:\/\/diarioprincipios.com\/wp-content\/uploads\/2020\/08\/IMG-20200806-WA0058.jpg 1047w\" sizes=\"auto, (max-width: 1024px) 100vw, 1024px\" \/><\/figure>\n\n\n\n<p>Estuvieron tambi\u00e9n presentes, Paul O&#8217;Shanghnessy, subsecretario de producci\u00f3n y empleo; Rub\u00e9n Luque, Director General de empleo y Gustavo S\u00e1nchez, Director General de Industria.<\/p>\n\n\n\n<figure class=\"wp-block-image size-large\"><img loading=\"lazy\" decoding=\"async\" width=\"531\" height=\"685\" src=\"https:\/\/diarioprincipios.com\/wp-content\/uploads\/2020\/08\/20200806_225438.jpg\" alt=\"\" class=\"wp-image-4586\" srcset=\"https:\/\/diarioprincipios.com\/wp-content\/uploads\/2020\/08\/20200806_225438.jpg 531w, https:\/\/diarioprincipios.com\/wp-content\/uploads\/2020\/08\/20200806_225438-233x300.jpg 233w\" sizes=\"auto, (max-width: 531px) 100vw, 531px\" \/><\/figure>\n","protected":false},"excerpt":{"rendered":"<p>Desde la Oficina de Empleo Municipal de Quilmes destacaron que \u00aben el d\u00eda de hoy, ha visitado la oficina de empleo municipal, la compa\u00f1era Intendenta, Mayra Mendoza, viendo los avances en la puesta en valor de las oficinas, para empezar a darle la importancia a esta parte de la gesti\u00f3n municipal, que sin dudas va&#8230;<\/p>\n","protected":false},"author":2,"featured_media":4585,"comment_status":"open","ping_status":"open","sticky":false,"template":"","format":"standard","meta":{"footnotes":""},"categories":[4],"tags":[],"class_list":["post-4582","post","type-post","status-publish","format-standard","has-post-thumbnail","hentry","category-quilmes"],"featured_image_src":"https:\/\/diarioprincipios.com\/wp-content\/uploads\/2020\/08\/IMG-20200806-WA0055.jpg","blog_images":{"medium":"https:\/\/diarioprincipios.com\/wp-content\/uploads\/2020\/08\/IMG-20200806-WA0055-300x200.jpg","large":"https:\/\/diarioprincipios.com\/wp-content\/uploads\/2020\/08\/IMG-20200806-WA0055.jpg"},"ams_acf":[],"yoast_head":"<!-- This site is optimized with the Yoast SEO plugin v27.3 - https:\/\/yoast.com\/product\/yoast-seo-wordpress\/ -->\n<title>Mayra Mendoza visit\u00f3 la Oficina de Empleo Municipal para ver los avances de su puesta en valor - Principios<\/title>\n<meta name=\"robots\" content=\"index, follow, max-snippet:-1, max-image-preview:large, max-video-preview:-1\" \/>\n<link rel=\"canonical\" href=\"https:\/\/diarioprincipios.com\/index.php\/2020\/08\/06\/mayra-mendoza-visito-la-oficina-de-empleo-municipal-para-ver-los-avances-de-su-puesta-en-valor\/\" \/>\n<meta property=\"og:locale\" content=\"es_ES\" \/>\n<meta property=\"og:type\" content=\"article\" \/>\n<meta property=\"og:title\" content=\"Mayra Mendoza visit\u00f3 la Oficina de Empleo Municipal para ver los avances de su puesta en valor - Principios\" \/>\n<meta property=\"og:description\" content=\"Desde la Oficina de Empleo Municipal de Quilmes destacaron que \u00aben el d\u00eda de hoy, ha visitado la oficina de empleo municipal, la compa\u00f1era Intendenta, Mayra Mendoza, viendo los avances en la puesta en valor de las oficinas, para empezar a darle la importancia a esta parte de la gesti\u00f3n municipal, que sin dudas va...\" \/>\n<meta property=\"og:url\" content=\"https:\/\/diarioprincipios.com\/index.php\/2020\/08\/06\/mayra-mendoza-visito-la-oficina-de-empleo-municipal-para-ver-los-avances-de-su-puesta-en-valor\/\" \/>\n<meta property=\"og:site_name\" content=\"Principios\" \/>\n<meta property=\"article:published_time\" content=\"2020-08-07T02:01:10+00:00\" \/>\n<meta property=\"article:modified_time\" content=\"2020-08-07T02:01:15+00:00\" \/>\n<meta property=\"og:image\" content=\"https:\/\/diarioprincipios.com\/wp-content\/uploads\/2020\/08\/IMG-20200806-WA0055.jpg\" \/>\n\t<meta property=\"og:image:width\" content=\"960\" \/>\n\t<meta property=\"og:image:height\" content=\"640\" \/>\n\t<meta property=\"og:image:type\" content=\"image\/jpeg\" \/>\n<meta name=\"author\" content=\"Hern\u00e1n L\u00f3pez\" \/>\n<meta name=\"twitter:card\" content=\"summary_large_image\" \/>\n<meta name=\"twitter:label1\" content=\"Escrito por\" \/>\n\t<meta name=\"twitter:data1\" content=\"Hern\u00e1n L\u00f3pez\" \/>\n\t<meta name=\"twitter:label2\" content=\"Tiempo de lectura\" \/>\n\t<meta name=\"twitter:data2\" content=\"1 minuto\" \/>\n<script type=\"application\/ld+json\" class=\"yoast-schema-graph\">{\"@context\":\"https:\\\/\\\/schema.org\",\"@graph\":[{\"@type\":\"Article\",\"@id\":\"https:\\\/\\\/diarioprincipios.com\\\/index.php\\\/2020\\\/08\\\/06\\\/mayra-mendoza-visito-la-oficina-de-empleo-municipal-para-ver-los-avances-de-su-puesta-en-valor\\\/#article\",\"isPartOf\":{\"@id\":\"https:\\\/\\\/diarioprincipios.com\\\/index.php\\\/2020\\\/08\\\/06\\\/mayra-mendoza-visito-la-oficina-de-empleo-municipal-para-ver-los-avances-de-su-puesta-en-valor\\\/\"},\"author\":{\"name\":\"Hern\u00e1n L\u00f3pez\",\"@id\":\"https:\\\/\\\/diarioprincipios.com\\\/#\\\/schema\\\/person\\\/436d5a1fd41a5e250e23ff5a6a7cb080\"},\"headline\":\"Mayra Mendoza visit\u00f3 la Oficina de Empleo Municipal para ver los avances de su puesta en valor\",\"datePublished\":\"2020-08-07T02:01:10+00:00\",\"dateModified\":\"2020-08-07T02:01:15+00:00\",\"mainEntityOfPage\":{\"@id\":\"https:\\\/\\\/diarioprincipios.com\\\/index.php\\\/2020\\\/08\\\/06\\\/mayra-mendoza-visito-la-oficina-de-empleo-municipal-para-ver-los-avances-de-su-puesta-en-valor\\\/\"},\"wordCount\":210,\"commentCount\":0,\"publisher\":{\"@id\":\"https:\\\/\\\/diarioprincipios.com\\\/#organization\"},\"image\":{\"@id\":\"https:\\\/\\\/diarioprincipios.com\\\/index.php\\\/2020\\\/08\\\/06\\\/mayra-mendoza-visito-la-oficina-de-empleo-municipal-para-ver-los-avances-de-su-puesta-en-valor\\\/#primaryimage\"},\"thumbnailUrl\":\"https:\\\/\\\/diarioprincipios.com\\\/wp-content\\\/uploads\\\/2020\\\/08\\\/IMG-20200806-WA0055.jpg\",\"articleSection\":[\"Quilmes\"],\"inLanguage\":\"es\",\"potentialAction\":[{\"@type\":\"CommentAction\",\"name\":\"Comment\",\"target\":[\"https:\\\/\\\/diarioprincipios.com\\\/index.php\\\/2020\\\/08\\\/06\\\/mayra-mendoza-visito-la-oficina-de-empleo-municipal-para-ver-los-avances-de-su-puesta-en-valor\\\/#respond\"]}]},{\"@type\":\"WebPage\",\"@id\":\"https:\\\/\\\/diarioprincipios.com\\\/index.php\\\/2020\\\/08\\\/06\\\/mayra-mendoza-visito-la-oficina-de-empleo-municipal-para-ver-los-avances-de-su-puesta-en-valor\\\/\",\"url\":\"https:\\\/\\\/diarioprincipios.com\\\/index.php\\\/2020\\\/08\\\/06\\\/mayra-mendoza-visito-la-oficina-de-empleo-municipal-para-ver-los-avances-de-su-puesta-en-valor\\\/\",\"name\":\"Mayra Mendoza visit\u00f3 la Oficina de Empleo Municipal para ver los avances de su puesta en valor - Principios\",\"isPartOf\":{\"@id\":\"https:\\\/\\\/diarioprincipios.com\\\/#website\"},\"primaryImageOfPage\":{\"@id\":\"https:\\\/\\\/diarioprincipios.com\\\/index.php\\\/2020\\\/08\\\/06\\\/mayra-mendoza-visito-la-oficina-de-empleo-municipal-para-ver-los-avances-de-su-puesta-en-valor\\\/#primaryimage\"},\"image\":{\"@id\":\"https:\\\/\\\/diarioprincipios.com\\\/index.php\\\/2020\\\/08\\\/06\\\/mayra-mendoza-visito-la-oficina-de-empleo-municipal-para-ver-los-avances-de-su-puesta-en-valor\\\/#primaryimage\"},\"thumbnailUrl\":\"https:\\\/\\\/diarioprincipios.com\\\/wp-content\\\/uploads\\\/2020\\\/08\\\/IMG-20200806-WA0055.jpg\",\"datePublished\":\"2020-08-07T02:01:10+00:00\",\"dateModified\":\"2020-08-07T02:01:15+00:00\",\"breadcrumb\":{\"@id\":\"https:\\\/\\\/diarioprincipios.com\\\/index.php\\\/2020\\\/08\\\/06\\\/mayra-mendoza-visito-la-oficina-de-empleo-municipal-para-ver-los-avances-de-su-puesta-en-valor\\\/#breadcrumb\"},\"inLanguage\":\"es\",\"potentialAction\":[{\"@type\":\"ReadAction\",\"target\":[\"https:\\\/\\\/diarioprincipios.com\\\/index.php\\\/2020\\\/08\\\/06\\\/mayra-mendoza-visito-la-oficina-de-empleo-municipal-para-ver-los-avances-de-su-puesta-en-valor\\\/\"]}]},{\"@type\":\"ImageObject\",\"inLanguage\":\"es\",\"@id\":\"https:\\\/\\\/diarioprincipios.com\\\/index.php\\\/2020\\\/08\\\/06\\\/mayra-mendoza-visito-la-oficina-de-empleo-municipal-para-ver-los-avances-de-su-puesta-en-valor\\\/#primaryimage\",\"url\":\"https:\\\/\\\/diarioprincipios.com\\\/wp-content\\\/uploads\\\/2020\\\/08\\\/IMG-20200806-WA0055.jpg\",\"contentUrl\":\"https:\\\/\\\/diarioprincipios.com\\\/wp-content\\\/uploads\\\/2020\\\/08\\\/IMG-20200806-WA0055.jpg\",\"width\":960,\"height\":640},{\"@type\":\"BreadcrumbList\",\"@id\":\"https:\\\/\\\/diarioprincipios.com\\\/index.php\\\/2020\\\/08\\\/06\\\/mayra-mendoza-visito-la-oficina-de-empleo-municipal-para-ver-los-avances-de-su-puesta-en-valor\\\/#breadcrumb\",\"itemListElement\":[{\"@type\":\"ListItem\",\"position\":1,\"name\":\"Portada\",\"item\":\"https:\\\/\\\/diarioprincipios.com\\\/\"},{\"@type\":\"ListItem\",\"position\":2,\"name\":\"Mayra Mendoza visit\u00f3 la Oficina de Empleo Municipal para ver los avances de su puesta en valor\"}]},{\"@type\":\"WebSite\",\"@id\":\"https:\\\/\\\/diarioprincipios.com\\\/#website\",\"url\":\"https:\\\/\\\/diarioprincipios.com\\\/\",\"name\":\"Principios\",\"description\":\"Principios Diario\",\"publisher\":{\"@id\":\"https:\\\/\\\/diarioprincipios.com\\\/#organization\"},\"potentialAction\":[{\"@type\":\"SearchAction\",\"target\":{\"@type\":\"EntryPoint\",\"urlTemplate\":\"https:\\\/\\\/diarioprincipios.com\\\/?s={search_term_string}\"},\"query-input\":{\"@type\":\"PropertyValueSpecification\",\"valueRequired\":true,\"valueName\":\"search_term_string\"}}],\"inLanguage\":\"es\"},{\"@type\":\"Organization\",\"@id\":\"https:\\\/\\\/diarioprincipios.com\\\/#organization\",\"name\":\"Principios\",\"url\":\"https:\\\/\\\/diarioprincipios.com\\\/\",\"logo\":{\"@type\":\"ImageObject\",\"inLanguage\":\"es\",\"@id\":\"https:\\\/\\\/diarioprincipios.com\\\/#\\\/schema\\\/logo\\\/image\\\/\",\"url\":\"https:\\\/\\\/diarioprincipios.com\\\/wp-content\\\/uploads\\\/2024\\\/04\\\/cropped-www.diarioprincipios.com_-1.png\",\"contentUrl\":\"https:\\\/\\\/diarioprincipios.com\\\/wp-content\\\/uploads\\\/2024\\\/04\\\/cropped-www.diarioprincipios.com_-1.png\",\"width\":5325,\"height\":1454,\"caption\":\"Principios\"},\"image\":{\"@id\":\"https:\\\/\\\/diarioprincipios.com\\\/#\\\/schema\\\/logo\\\/image\\\/\"}},{\"@type\":\"Person\",\"@id\":\"https:\\\/\\\/diarioprincipios.com\\\/#\\\/schema\\\/person\\\/436d5a1fd41a5e250e23ff5a6a7cb080\",\"name\":\"Hern\u00e1n L\u00f3pez\",\"image\":{\"@type\":\"ImageObject\",\"inLanguage\":\"es\",\"@id\":\"https:\\\/\\\/diarioprincipios.com\\\/wp-content\\\/litespeed\\\/avatar\\\/11ddfe5610ff3bd100522525b2571f48.jpg?ver=1777653193\",\"url\":\"https:\\\/\\\/diarioprincipios.com\\\/wp-content\\\/litespeed\\\/avatar\\\/11ddfe5610ff3bd100522525b2571f48.jpg?ver=1777653193\",\"contentUrl\":\"https:\\\/\\\/diarioprincipios.com\\\/wp-content\\\/litespeed\\\/avatar\\\/11ddfe5610ff3bd100522525b2571f48.jpg?ver=1777653193\",\"caption\":\"Hern\u00e1n L\u00f3pez\"},\"url\":\"https:\\\/\\\/diarioprincipios.com\\\/index.php\\\/author\\\/hernan\\\/\"}]}<\/script>\n<!-- \/ Yoast SEO plugin. -->","yoast_head_json":{"title":"Mayra Mendoza visit\u00f3 la Oficina de Empleo Municipal para ver los avances de su puesta en valor - Principios","robots":{"index":"index","follow":"follow","max-snippet":"max-snippet:-1","max-image-preview":"max-image-preview:large","max-video-preview":"max-video-preview:-1"},"canonical":"https:\/\/diarioprincipios.com\/index.php\/2020\/08\/06\/mayra-mendoza-visito-la-oficina-de-empleo-municipal-para-ver-los-avances-de-su-puesta-en-valor\/","og_locale":"es_ES","og_type":"article","og_title":"Mayra Mendoza visit\u00f3 la Oficina de Empleo Municipal para ver los avances de su puesta en valor - Principios","og_description":"Desde la Oficina de Empleo Municipal de Quilmes destacaron que \u00aben el d\u00eda de hoy, ha visitado la oficina de empleo municipal, la compa\u00f1era Intendenta, Mayra Mendoza, viendo los avances en la puesta en valor de las oficinas, para empezar a darle la importancia a esta parte de la gesti\u00f3n municipal, que sin dudas va...","og_url":"https:\/\/diarioprincipios.com\/index.php\/2020\/08\/06\/mayra-mendoza-visito-la-oficina-de-empleo-municipal-para-ver-los-avances-de-su-puesta-en-valor\/","og_site_name":"Principios","article_published_time":"2020-08-07T02:01:10+00:00","article_modified_time":"2020-08-07T02:01:15+00:00","og_image":[{"width":960,"height":640,"url":"https:\/\/diarioprincipios.com\/wp-content\/uploads\/2020\/08\/IMG-20200806-WA0055.jpg","type":"image\/jpeg"}],"author":"Hern\u00e1n L\u00f3pez","twitter_card":"summary_large_image","twitter_misc":{"Escrito por":"Hern\u00e1n L\u00f3pez","Tiempo de lectura":"1 minuto"},"schema":{"@context":"https:\/\/schema.org","@graph":[{"@type":"Article","@id":"https:\/\/diarioprincipios.com\/index.php\/2020\/08\/06\/mayra-mendoza-visito-la-oficina-de-empleo-municipal-para-ver-los-avances-de-su-puesta-en-valor\/#article","isPartOf":{"@id":"https:\/\/diarioprincipios.com\/index.php\/2020\/08\/06\/mayra-mendoza-visito-la-oficina-de-empleo-municipal-para-ver-los-avances-de-su-puesta-en-valor\/"},"author":{"name":"Hern\u00e1n L\u00f3pez","@id":"https:\/\/diarioprincipios.com\/#\/schema\/person\/436d5a1fd41a5e250e23ff5a6a7cb080"},"headline":"Mayra Mendoza visit\u00f3 la Oficina de Empleo Municipal para ver los avances de su puesta en valor","datePublished":"2020-08-07T02:01:10+00:00","dateModified":"2020-08-07T02:01:15+00:00","mainEntityOfPage":{"@id":"https:\/\/diarioprincipios.com\/index.php\/2020\/08\/06\/mayra-mendoza-visito-la-oficina-de-empleo-municipal-para-ver-los-avances-de-su-puesta-en-valor\/"},"wordCount":210,"commentCount":0,"publisher":{"@id":"https:\/\/diarioprincipios.com\/#organization"},"image":{"@id":"https:\/\/diarioprincipios.com\/index.php\/2020\/08\/06\/mayra-mendoza-visito-la-oficina-de-empleo-municipal-para-ver-los-avances-de-su-puesta-en-valor\/#primaryimage"},"thumbnailUrl":"https:\/\/diarioprincipios.com\/wp-content\/uploads\/2020\/08\/IMG-20200806-WA0055.jpg","articleSection":["Quilmes"],"inLanguage":"es","potentialAction":[{"@type":"CommentAction","name":"Comment","target":["https:\/\/diarioprincipios.com\/index.php\/2020\/08\/06\/mayra-mendoza-visito-la-oficina-de-empleo-municipal-para-ver-los-avances-de-su-puesta-en-valor\/#respond"]}]},{"@type":"WebPage","@id":"https:\/\/diarioprincipios.com\/index.php\/2020\/08\/06\/mayra-mendoza-visito-la-oficina-de-empleo-municipal-para-ver-los-avances-de-su-puesta-en-valor\/","url":"https:\/\/diarioprincipios.com\/index.php\/2020\/08\/06\/mayra-mendoza-visito-la-oficina-de-empleo-municipal-para-ver-los-avances-de-su-puesta-en-valor\/","name":"Mayra Mendoza visit\u00f3 la Oficina de Empleo Municipal para ver los avances de su puesta en valor - Principios","isPartOf":{"@id":"https:\/\/diarioprincipios.com\/#website"},"primaryImageOfPage":{"@id":"https:\/\/diarioprincipios.com\/index.php\/2020\/08\/06\/mayra-mendoza-visito-la-oficina-de-empleo-municipal-para-ver-los-avances-de-su-puesta-en-valor\/#primaryimage"},"image":{"@id":"https:\/\/diarioprincipios.com\/index.php\/2020\/08\/06\/mayra-mendoza-visito-la-oficina-de-empleo-municipal-para-ver-los-avances-de-su-puesta-en-valor\/#primaryimage"},"thumbnailUrl":"https:\/\/diarioprincipios.com\/wp-content\/uploads\/2020\/08\/IMG-20200806-WA0055.jpg","datePublished":"2020-08-07T02:01:10+00:00","dateModified":"2020-08-07T02:01:15+00:00","breadcrumb":{"@id":"https:\/\/diarioprincipios.com\/index.php\/2020\/08\/06\/mayra-mendoza-visito-la-oficina-de-empleo-municipal-para-ver-los-avances-de-su-puesta-en-valor\/#breadcrumb"},"inLanguage":"es","potentialAction":[{"@type":"ReadAction","target":["https:\/\/diarioprincipios.com\/index.php\/2020\/08\/06\/mayra-mendoza-visito-la-oficina-de-empleo-municipal-para-ver-los-avances-de-su-puesta-en-valor\/"]}]},{"@type":"ImageObject","inLanguage":"es","@id":"https:\/\/diarioprincipios.com\/index.php\/2020\/08\/06\/mayra-mendoza-visito-la-oficina-de-empleo-municipal-para-ver-los-avances-de-su-puesta-en-valor\/#primaryimage","url":"https:\/\/diarioprincipios.com\/wp-content\/uploads\/2020\/08\/IMG-20200806-WA0055.jpg","contentUrl":"https:\/\/diarioprincipios.com\/wp-content\/uploads\/2020\/08\/IMG-20200806-WA0055.jpg","width":960,"height":640},{"@type":"BreadcrumbList","@id":"https:\/\/diarioprincipios.com\/index.php\/2020\/08\/06\/mayra-mendoza-visito-la-oficina-de-empleo-municipal-para-ver-los-avances-de-su-puesta-en-valor\/#breadcrumb","itemListElement":[{"@type":"ListItem","position":1,"name":"Portada","item":"https:\/\/diarioprincipios.com\/"},{"@type":"ListItem","position":2,"name":"Mayra Mendoza visit\u00f3 la Oficina de Empleo Municipal para ver los avances de su puesta en valor"}]},{"@type":"WebSite","@id":"https:\/\/diarioprincipios.com\/#website","url":"https:\/\/diarioprincipios.com\/","name":"Principios","description":"Principios Diario","publisher":{"@id":"https:\/\/diarioprincipios.com\/#organization"},"potentialAction":[{"@type":"SearchAction","target":{"@type":"EntryPoint","urlTemplate":"https:\/\/diarioprincipios.com\/?s={search_term_string}"},"query-input":{"@type":"PropertyValueSpecification","valueRequired":true,"valueName":"search_term_string"}}],"inLanguage":"es"},{"@type":"Organization","@id":"https:\/\/diarioprincipios.com\/#organization","name":"Principios","url":"https:\/\/diarioprincipios.com\/","logo":{"@type":"ImageObject","inLanguage":"es","@id":"https:\/\/diarioprincipios.com\/#\/schema\/logo\/image\/","url":"https:\/\/diarioprincipios.com\/wp-content\/uploads\/2024\/04\/cropped-www.diarioprincipios.com_-1.png","contentUrl":"https:\/\/diarioprincipios.com\/wp-content\/uploads\/2024\/04\/cropped-www.diarioprincipios.com_-1.png","width":5325,"height":1454,"caption":"Principios"},"image":{"@id":"https:\/\/diarioprincipios.com\/#\/schema\/logo\/image\/"}},{"@type":"Person","@id":"https:\/\/diarioprincipios.com\/#\/schema\/person\/436d5a1fd41a5e250e23ff5a6a7cb080","name":"Hern\u00e1n L\u00f3pez","image":{"@type":"ImageObject","inLanguage":"es","@id":"https:\/\/diarioprincipios.com\/wp-content\/litespeed\/avatar\/11ddfe5610ff3bd100522525b2571f48.jpg?ver=1777653193","url":"https:\/\/diarioprincipios.com\/wp-content\/litespeed\/avatar\/11ddfe5610ff3bd100522525b2571f48.jpg?ver=1777653193","contentUrl":"https:\/\/diarioprincipios.com\/wp-content\/litespeed\/avatar\/11ddfe5610ff3bd100522525b2571f48.jpg?ver=1777653193","caption":"Hern\u00e1n L\u00f3pez"},"url":"https:\/\/diarioprincipios.com\/index.php\/author\/hernan\/"}]}},"jetpack_featured_media_url":"https:\/\/diarioprincipios.com\/wp-content\/uploads\/2020\/08\/IMG-20200806-WA0055.jpg","_links":{"self":[{"href":"https:\/\/diarioprincipios.com\/index.php\/wp-json\/wp\/v2\/posts\/4582","targetHints":{"allow":["GET"]}}],"collection":[{"href":"https:\/\/diarioprincipios.com\/index.php\/wp-json\/wp\/v2\/posts"}],"about":[{"href":"https:\/\/diarioprincipios.com\/index.php\/wp-json\/wp\/v2\/types\/post"}],"author":[{"embeddable":true,"href":"https:\/\/diarioprincipios.com\/index.php\/wp-json\/wp\/v2\/users\/2"}],"replies":[{"embeddable":true,"href":"https:\/\/diarioprincipios.com\/index.php\/wp-json\/wp\/v2\/comments?post=4582"}],"version-history":[{"count":1,"href":"https:\/\/diarioprincipios.com\/index.php\/wp-json\/wp\/v2\/posts\/4582\/revisions"}],"predecessor-version":[{"id":4587,"href":"https:\/\/diarioprincipios.com\/index.php\/wp-json\/wp\/v2\/posts\/4582\/revisions\/4587"}],"wp:featuredmedia":[{"embeddable":true,"href":"https:\/\/diarioprincipios.com\/index.php\/wp-json\/wp\/v2\/media\/4585"}],"wp:attachment":[{"href":"https:\/\/diarioprincipios.com\/index.php\/wp-json\/wp\/v2\/media?parent=4582"}],"wp:term":[{"taxonomy":"category","embeddable":true,"href":"https:\/\/diarioprincipios.com\/index.php\/wp-json\/wp\/v2\/categories?post=4582"},{"taxonomy":"post_tag","embeddable":true,"href":"https:\/\/diarioprincipios.com\/index.php\/wp-json\/wp\/v2\/tags?post=4582"}],"curies":[{"name":"wp","href":"https:\/\/api.w.org\/{rel}","templated":true}]}}