{"id":4578,"date":"2020-08-06T21:10:39","date_gmt":"2020-08-07T00:10:39","guid":{"rendered":"http:\/\/diarioprincipios.com\/?p=4578"},"modified":"2020-08-06T21:10:43","modified_gmt":"2020-08-07T00:10:43","slug":"charla-sobre-universidad-y-voluntariado-en-los-barrios-vulnerables","status":"publish","type":"post","link":"https:\/\/diarioprincipios.com\/index.php\/2020\/08\/06\/charla-sobre-universidad-y-voluntariado-en-los-barrios-vulnerables\/","title":{"rendered":"Charla sobre \u201cUniversidad y voluntariado en los barrios vulnerables\u201d"},"content":{"rendered":"\n<p>Estudiantes, graduados y docentes de la UNAJ disertar\u00e1n sobre el trabajo de voluntariado contra el COVID-19 que se realiza en los barrios de la regi\u00f3n. La actividad se realizar\u00e1 el pr\u00f3ximo martes 11 de agosto a las 18 y se enmarca en el \u201cCiclo: Enfermer\u00eda y Emergencias desde adentro\u201d, organizado desde el Instituto de Ciencias de la Salud.<\/p>\n\n\n\n<p>Entre los expositores estar\u00e1n Guadalupe Weckesser, graduada de la tecnicatura Emergencias Sanitarias y Desastres, fue parte del primer equipo de Voluntarios que viajaron a Chaco y actualmente se desempe\u00f1a en el SAME Varela; Roxana Ram\u00edrez, estudiante avanzada de la tecnicatura en Emergencias Sanitarias y Desastres, a cargo del voluntariado de la carrera, y Natalia De Luca, docente de la carrera de Medicina y responsable del Centro de Telemedicina Covid 19 (CeTeC). Adem\u00e1s, estar\u00e1 presente Arnaldo Medina, actual Secretario de Calidad en Salud del Ministerio de Salud de la Naci\u00f3n. Para quienes quieran participar a trav\u00e9s de la plataforma ZOOM, deber\u00e1n inscribirse ingresando a&nbsp;<a rel=\"noreferrer noopener\" target=\"_blank\" href=\"http:\/\/www.unaj.edu.ar\/inscripcion-ciclo-enfermeria-emergencias\">www.unaj.edu.ar\/inscripcion-ciclo-enfermeria-emergencias<\/a>.<\/p>\n\n\n\n<p>Este ciclo, pensado dentro del Instituto de Ciencias de la Salud de la UNAJ, intenta contribuir a generar informaci\u00f3n acerca del trabajo del personal de la salud, especialmente emergencistas y enfermeras\/os, en esta pandemia. Las experiencias reflejan el trabajo articulado de la UNAJ, a trav\u00e9s de las carreras de Enfermer\u00eda y Emergencias, con el Hospital El Cruce de Florencio Varela, y tambi\u00e9n con profesionales y voluntarios del sistema de salud del AMBA y de todo el pa\u00eds.<\/p>\n","protected":false},"excerpt":{"rendered":"<p>Estudiantes, graduados y docentes de la UNAJ disertar\u00e1n sobre el trabajo de voluntariado contra el COVID-19 que se realiza en los barrios de la regi\u00f3n. La actividad se realizar\u00e1 el pr\u00f3ximo martes 11 de agosto a las 18 y se enmarca en el \u201cCiclo: Enfermer\u00eda y Emergencias desde adentro\u201d, organizado desde el Instituto de Ciencias&#8230;<\/p>\n","protected":false},"author":2,"featured_media":4579,"comment_status":"open","ping_status":"open","sticky":false,"template":"","format":"standard","meta":{"footnotes":""},"categories":[10],"tags":[],"class_list":["post-4578","post","type-post","status-publish","format-standard","has-post-thumbnail","hentry","category-nacion"],"featured_image_src":"https:\/\/diarioprincipios.com\/wp-content\/uploads\/2020\/08\/WhatsApp-Image-2020-07-31-at-09_05_08-1024x682.jpeg","blog_images":{"medium":"https:\/\/diarioprincipios.com\/wp-content\/uploads\/2020\/08\/WhatsApp-Image-2020-07-31-at-09_05_08-300x200.jpeg","large":"https:\/\/diarioprincipios.com\/wp-content\/uploads\/2020\/08\/WhatsApp-Image-2020-07-31-at-09_05_08-1024x682.jpeg"},"ams_acf":[],"yoast_head":"<!-- This site is optimized with the Yoast SEO plugin v27.3 - https:\/\/yoast.com\/product\/yoast-seo-wordpress\/ -->\n<title>Charla sobre \u201cUniversidad y voluntariado en los barrios vulnerables\u201d - Principios<\/title>\n<meta name=\"robots\" content=\"index, follow, max-snippet:-1, max-image-preview:large, max-video-preview:-1\" \/>\n<link rel=\"canonical\" href=\"https:\/\/diarioprincipios.com\/index.php\/2020\/08\/06\/charla-sobre-universidad-y-voluntariado-en-los-barrios-vulnerables\/\" \/>\n<meta property=\"og:locale\" content=\"es_ES\" \/>\n<meta property=\"og:type\" content=\"article\" \/>\n<meta property=\"og:title\" content=\"Charla sobre \u201cUniversidad y voluntariado en los barrios vulnerables\u201d - Principios\" \/>\n<meta property=\"og:description\" content=\"Estudiantes, graduados y docentes de la UNAJ disertar\u00e1n sobre el trabajo de voluntariado contra el COVID-19 que se realiza en los barrios de la regi\u00f3n. La actividad se realizar\u00e1 el pr\u00f3ximo martes 11 de agosto a las 18 y se enmarca en el \u201cCiclo: Enfermer\u00eda y Emergencias desde adentro\u201d, organizado desde el Instituto de Ciencias...\" \/>\n<meta property=\"og:url\" content=\"https:\/\/diarioprincipios.com\/index.php\/2020\/08\/06\/charla-sobre-universidad-y-voluntariado-en-los-barrios-vulnerables\/\" \/>\n<meta property=\"og:site_name\" content=\"Principios\" \/>\n<meta property=\"article:published_time\" content=\"2020-08-07T00:10:39+00:00\" \/>\n<meta property=\"article:modified_time\" content=\"2020-08-07T00:10:43+00:00\" \/>\n<meta property=\"og:image\" content=\"https:\/\/diarioprincipios.com\/wp-content\/uploads\/2020\/08\/WhatsApp-Image-2020-07-31-at-09_05_08.jpeg\" \/>\n\t<meta property=\"og:image:width\" content=\"1280\" \/>\n\t<meta property=\"og:image:height\" content=\"853\" \/>\n\t<meta property=\"og:image:type\" content=\"image\/jpeg\" \/>\n<meta name=\"author\" content=\"Hern\u00e1n L\u00f3pez\" \/>\n<meta name=\"twitter:card\" content=\"summary_large_image\" \/>\n<meta name=\"twitter:label1\" content=\"Escrito por\" \/>\n\t<meta name=\"twitter:data1\" content=\"Hern\u00e1n L\u00f3pez\" \/>\n\t<meta name=\"twitter:label2\" content=\"Tiempo de lectura\" \/>\n\t<meta name=\"twitter:data2\" content=\"1 minuto\" \/>\n<script type=\"application\/ld+json\" class=\"yoast-schema-graph\">{\"@context\":\"https:\\\/\\\/schema.org\",\"@graph\":[{\"@type\":\"Article\",\"@id\":\"https:\\\/\\\/diarioprincipios.com\\\/index.php\\\/2020\\\/08\\\/06\\\/charla-sobre-universidad-y-voluntariado-en-los-barrios-vulnerables\\\/#article\",\"isPartOf\":{\"@id\":\"https:\\\/\\\/diarioprincipios.com\\\/index.php\\\/2020\\\/08\\\/06\\\/charla-sobre-universidad-y-voluntariado-en-los-barrios-vulnerables\\\/\"},\"author\":{\"name\":\"Hern\u00e1n L\u00f3pez\",\"@id\":\"https:\\\/\\\/diarioprincipios.com\\\/#\\\/schema\\\/person\\\/436d5a1fd41a5e250e23ff5a6a7cb080\"},\"headline\":\"Charla sobre \u201cUniversidad y voluntariado en los barrios vulnerables\u201d\",\"datePublished\":\"2020-08-07T00:10:39+00:00\",\"dateModified\":\"2020-08-07T00:10:43+00:00\",\"mainEntityOfPage\":{\"@id\":\"https:\\\/\\\/diarioprincipios.com\\\/index.php\\\/2020\\\/08\\\/06\\\/charla-sobre-universidad-y-voluntariado-en-los-barrios-vulnerables\\\/\"},\"wordCount\":267,\"commentCount\":0,\"publisher\":{\"@id\":\"https:\\\/\\\/diarioprincipios.com\\\/#organization\"},\"image\":{\"@id\":\"https:\\\/\\\/diarioprincipios.com\\\/index.php\\\/2020\\\/08\\\/06\\\/charla-sobre-universidad-y-voluntariado-en-los-barrios-vulnerables\\\/#primaryimage\"},\"thumbnailUrl\":\"https:\\\/\\\/diarioprincipios.com\\\/wp-content\\\/uploads\\\/2020\\\/08\\\/WhatsApp-Image-2020-07-31-at-09_05_08.jpeg\",\"articleSection\":[\"Naci\u00f3n\"],\"inLanguage\":\"es\",\"potentialAction\":[{\"@type\":\"CommentAction\",\"name\":\"Comment\",\"target\":[\"https:\\\/\\\/diarioprincipios.com\\\/index.php\\\/2020\\\/08\\\/06\\\/charla-sobre-universidad-y-voluntariado-en-los-barrios-vulnerables\\\/#respond\"]}]},{\"@type\":\"WebPage\",\"@id\":\"https:\\\/\\\/diarioprincipios.com\\\/index.php\\\/2020\\\/08\\\/06\\\/charla-sobre-universidad-y-voluntariado-en-los-barrios-vulnerables\\\/\",\"url\":\"https:\\\/\\\/diarioprincipios.com\\\/index.php\\\/2020\\\/08\\\/06\\\/charla-sobre-universidad-y-voluntariado-en-los-barrios-vulnerables\\\/\",\"name\":\"Charla sobre \u201cUniversidad y voluntariado en los barrios vulnerables\u201d - Principios\",\"isPartOf\":{\"@id\":\"https:\\\/\\\/diarioprincipios.com\\\/#website\"},\"primaryImageOfPage\":{\"@id\":\"https:\\\/\\\/diarioprincipios.com\\\/index.php\\\/2020\\\/08\\\/06\\\/charla-sobre-universidad-y-voluntariado-en-los-barrios-vulnerables\\\/#primaryimage\"},\"image\":{\"@id\":\"https:\\\/\\\/diarioprincipios.com\\\/index.php\\\/2020\\\/08\\\/06\\\/charla-sobre-universidad-y-voluntariado-en-los-barrios-vulnerables\\\/#primaryimage\"},\"thumbnailUrl\":\"https:\\\/\\\/diarioprincipios.com\\\/wp-content\\\/uploads\\\/2020\\\/08\\\/WhatsApp-Image-2020-07-31-at-09_05_08.jpeg\",\"datePublished\":\"2020-08-07T00:10:39+00:00\",\"dateModified\":\"2020-08-07T00:10:43+00:00\",\"breadcrumb\":{\"@id\":\"https:\\\/\\\/diarioprincipios.com\\\/index.php\\\/2020\\\/08\\\/06\\\/charla-sobre-universidad-y-voluntariado-en-los-barrios-vulnerables\\\/#breadcrumb\"},\"inLanguage\":\"es\",\"potentialAction\":[{\"@type\":\"ReadAction\",\"target\":[\"https:\\\/\\\/diarioprincipios.com\\\/index.php\\\/2020\\\/08\\\/06\\\/charla-sobre-universidad-y-voluntariado-en-los-barrios-vulnerables\\\/\"]}]},{\"@type\":\"ImageObject\",\"inLanguage\":\"es\",\"@id\":\"https:\\\/\\\/diarioprincipios.com\\\/index.php\\\/2020\\\/08\\\/06\\\/charla-sobre-universidad-y-voluntariado-en-los-barrios-vulnerables\\\/#primaryimage\",\"url\":\"https:\\\/\\\/diarioprincipios.com\\\/wp-content\\\/uploads\\\/2020\\\/08\\\/WhatsApp-Image-2020-07-31-at-09_05_08.jpeg\",\"contentUrl\":\"https:\\\/\\\/diarioprincipios.com\\\/wp-content\\\/uploads\\\/2020\\\/08\\\/WhatsApp-Image-2020-07-31-at-09_05_08.jpeg\",\"width\":1280,\"height\":853},{\"@type\":\"BreadcrumbList\",\"@id\":\"https:\\\/\\\/diarioprincipios.com\\\/index.php\\\/2020\\\/08\\\/06\\\/charla-sobre-universidad-y-voluntariado-en-los-barrios-vulnerables\\\/#breadcrumb\",\"itemListElement\":[{\"@type\":\"ListItem\",\"position\":1,\"name\":\"Portada\",\"item\":\"https:\\\/\\\/diarioprincipios.com\\\/\"},{\"@type\":\"ListItem\",\"position\":2,\"name\":\"Charla sobre \u201cUniversidad y voluntariado en los barrios vulnerables\u201d\"}]},{\"@type\":\"WebSite\",\"@id\":\"https:\\\/\\\/diarioprincipios.com\\\/#website\",\"url\":\"https:\\\/\\\/diarioprincipios.com\\\/\",\"name\":\"Principios\",\"description\":\"Principios Diario\",\"publisher\":{\"@id\":\"https:\\\/\\\/diarioprincipios.com\\\/#organization\"},\"potentialAction\":[{\"@type\":\"SearchAction\",\"target\":{\"@type\":\"EntryPoint\",\"urlTemplate\":\"https:\\\/\\\/diarioprincipios.com\\\/?s={search_term_string}\"},\"query-input\":{\"@type\":\"PropertyValueSpecification\",\"valueRequired\":true,\"valueName\":\"search_term_string\"}}],\"inLanguage\":\"es\"},{\"@type\":\"Organization\",\"@id\":\"https:\\\/\\\/diarioprincipios.com\\\/#organization\",\"name\":\"Principios\",\"url\":\"https:\\\/\\\/diarioprincipios.com\\\/\",\"logo\":{\"@type\":\"ImageObject\",\"inLanguage\":\"es\",\"@id\":\"https:\\\/\\\/diarioprincipios.com\\\/#\\\/schema\\\/logo\\\/image\\\/\",\"url\":\"https:\\\/\\\/diarioprincipios.com\\\/wp-content\\\/uploads\\\/2024\\\/04\\\/cropped-www.diarioprincipios.com_-1.png\",\"contentUrl\":\"https:\\\/\\\/diarioprincipios.com\\\/wp-content\\\/uploads\\\/2024\\\/04\\\/cropped-www.diarioprincipios.com_-1.png\",\"width\":5325,\"height\":1454,\"caption\":\"Principios\"},\"image\":{\"@id\":\"https:\\\/\\\/diarioprincipios.com\\\/#\\\/schema\\\/logo\\\/image\\\/\"}},{\"@type\":\"Person\",\"@id\":\"https:\\\/\\\/diarioprincipios.com\\\/#\\\/schema\\\/person\\\/436d5a1fd41a5e250e23ff5a6a7cb080\",\"name\":\"Hern\u00e1n L\u00f3pez\",\"image\":{\"@type\":\"ImageObject\",\"inLanguage\":\"es\",\"@id\":\"https:\\\/\\\/diarioprincipios.com\\\/wp-content\\\/litespeed\\\/avatar\\\/11ddfe5610ff3bd100522525b2571f48.jpg?ver=1777048341\",\"url\":\"https:\\\/\\\/diarioprincipios.com\\\/wp-content\\\/litespeed\\\/avatar\\\/11ddfe5610ff3bd100522525b2571f48.jpg?ver=1777048341\",\"contentUrl\":\"https:\\\/\\\/diarioprincipios.com\\\/wp-content\\\/litespeed\\\/avatar\\\/11ddfe5610ff3bd100522525b2571f48.jpg?ver=1777048341\",\"caption\":\"Hern\u00e1n L\u00f3pez\"},\"url\":\"https:\\\/\\\/diarioprincipios.com\\\/index.php\\\/author\\\/hernan\\\/\"}]}<\/script>\n<!-- \/ Yoast SEO plugin. -->","yoast_head_json":{"title":"Charla sobre \u201cUniversidad y voluntariado en los barrios vulnerables\u201d - Principios","robots":{"index":"index","follow":"follow","max-snippet":"max-snippet:-1","max-image-preview":"max-image-preview:large","max-video-preview":"max-video-preview:-1"},"canonical":"https:\/\/diarioprincipios.com\/index.php\/2020\/08\/06\/charla-sobre-universidad-y-voluntariado-en-los-barrios-vulnerables\/","og_locale":"es_ES","og_type":"article","og_title":"Charla sobre \u201cUniversidad y voluntariado en los barrios vulnerables\u201d - Principios","og_description":"Estudiantes, graduados y docentes de la UNAJ disertar\u00e1n sobre el trabajo de voluntariado contra el COVID-19 que se realiza en los barrios de la regi\u00f3n. La actividad se realizar\u00e1 el pr\u00f3ximo martes 11 de agosto a las 18 y se enmarca en el \u201cCiclo: Enfermer\u00eda y Emergencias desde adentro\u201d, organizado desde el Instituto de Ciencias...","og_url":"https:\/\/diarioprincipios.com\/index.php\/2020\/08\/06\/charla-sobre-universidad-y-voluntariado-en-los-barrios-vulnerables\/","og_site_name":"Principios","article_published_time":"2020-08-07T00:10:39+00:00","article_modified_time":"2020-08-07T00:10:43+00:00","og_image":[{"width":1280,"height":853,"url":"https:\/\/diarioprincipios.com\/wp-content\/uploads\/2020\/08\/WhatsApp-Image-2020-07-31-at-09_05_08.jpeg","type":"image\/jpeg"}],"author":"Hern\u00e1n L\u00f3pez","twitter_card":"summary_large_image","twitter_misc":{"Escrito por":"Hern\u00e1n L\u00f3pez","Tiempo de lectura":"1 minuto"},"schema":{"@context":"https:\/\/schema.org","@graph":[{"@type":"Article","@id":"https:\/\/diarioprincipios.com\/index.php\/2020\/08\/06\/charla-sobre-universidad-y-voluntariado-en-los-barrios-vulnerables\/#article","isPartOf":{"@id":"https:\/\/diarioprincipios.com\/index.php\/2020\/08\/06\/charla-sobre-universidad-y-voluntariado-en-los-barrios-vulnerables\/"},"author":{"name":"Hern\u00e1n L\u00f3pez","@id":"https:\/\/diarioprincipios.com\/#\/schema\/person\/436d5a1fd41a5e250e23ff5a6a7cb080"},"headline":"Charla sobre \u201cUniversidad y voluntariado en los barrios vulnerables\u201d","datePublished":"2020-08-07T00:10:39+00:00","dateModified":"2020-08-07T00:10:43+00:00","mainEntityOfPage":{"@id":"https:\/\/diarioprincipios.com\/index.php\/2020\/08\/06\/charla-sobre-universidad-y-voluntariado-en-los-barrios-vulnerables\/"},"wordCount":267,"commentCount":0,"publisher":{"@id":"https:\/\/diarioprincipios.com\/#organization"},"image":{"@id":"https:\/\/diarioprincipios.com\/index.php\/2020\/08\/06\/charla-sobre-universidad-y-voluntariado-en-los-barrios-vulnerables\/#primaryimage"},"thumbnailUrl":"https:\/\/diarioprincipios.com\/wp-content\/uploads\/2020\/08\/WhatsApp-Image-2020-07-31-at-09_05_08.jpeg","articleSection":["Naci\u00f3n"],"inLanguage":"es","potentialAction":[{"@type":"CommentAction","name":"Comment","target":["https:\/\/diarioprincipios.com\/index.php\/2020\/08\/06\/charla-sobre-universidad-y-voluntariado-en-los-barrios-vulnerables\/#respond"]}]},{"@type":"WebPage","@id":"https:\/\/diarioprincipios.com\/index.php\/2020\/08\/06\/charla-sobre-universidad-y-voluntariado-en-los-barrios-vulnerables\/","url":"https:\/\/diarioprincipios.com\/index.php\/2020\/08\/06\/charla-sobre-universidad-y-voluntariado-en-los-barrios-vulnerables\/","name":"Charla sobre \u201cUniversidad y voluntariado en los barrios vulnerables\u201d - Principios","isPartOf":{"@id":"https:\/\/diarioprincipios.com\/#website"},"primaryImageOfPage":{"@id":"https:\/\/diarioprincipios.com\/index.php\/2020\/08\/06\/charla-sobre-universidad-y-voluntariado-en-los-barrios-vulnerables\/#primaryimage"},"image":{"@id":"https:\/\/diarioprincipios.com\/index.php\/2020\/08\/06\/charla-sobre-universidad-y-voluntariado-en-los-barrios-vulnerables\/#primaryimage"},"thumbnailUrl":"https:\/\/diarioprincipios.com\/wp-content\/uploads\/2020\/08\/WhatsApp-Image-2020-07-31-at-09_05_08.jpeg","datePublished":"2020-08-07T00:10:39+00:00","dateModified":"2020-08-07T00:10:43+00:00","breadcrumb":{"@id":"https:\/\/diarioprincipios.com\/index.php\/2020\/08\/06\/charla-sobre-universidad-y-voluntariado-en-los-barrios-vulnerables\/#breadcrumb"},"inLanguage":"es","potentialAction":[{"@type":"ReadAction","target":["https:\/\/diarioprincipios.com\/index.php\/2020\/08\/06\/charla-sobre-universidad-y-voluntariado-en-los-barrios-vulnerables\/"]}]},{"@type":"ImageObject","inLanguage":"es","@id":"https:\/\/diarioprincipios.com\/index.php\/2020\/08\/06\/charla-sobre-universidad-y-voluntariado-en-los-barrios-vulnerables\/#primaryimage","url":"https:\/\/diarioprincipios.com\/wp-content\/uploads\/2020\/08\/WhatsApp-Image-2020-07-31-at-09_05_08.jpeg","contentUrl":"https:\/\/diarioprincipios.com\/wp-content\/uploads\/2020\/08\/WhatsApp-Image-2020-07-31-at-09_05_08.jpeg","width":1280,"height":853},{"@type":"BreadcrumbList","@id":"https:\/\/diarioprincipios.com\/index.php\/2020\/08\/06\/charla-sobre-universidad-y-voluntariado-en-los-barrios-vulnerables\/#breadcrumb","itemListElement":[{"@type":"ListItem","position":1,"name":"Portada","item":"https:\/\/diarioprincipios.com\/"},{"@type":"ListItem","position":2,"name":"Charla sobre \u201cUniversidad y voluntariado en los barrios vulnerables\u201d"}]},{"@type":"WebSite","@id":"https:\/\/diarioprincipios.com\/#website","url":"https:\/\/diarioprincipios.com\/","name":"Principios","description":"Principios Diario","publisher":{"@id":"https:\/\/diarioprincipios.com\/#organization"},"potentialAction":[{"@type":"SearchAction","target":{"@type":"EntryPoint","urlTemplate":"https:\/\/diarioprincipios.com\/?s={search_term_string}"},"query-input":{"@type":"PropertyValueSpecification","valueRequired":true,"valueName":"search_term_string"}}],"inLanguage":"es"},{"@type":"Organization","@id":"https:\/\/diarioprincipios.com\/#organization","name":"Principios","url":"https:\/\/diarioprincipios.com\/","logo":{"@type":"ImageObject","inLanguage":"es","@id":"https:\/\/diarioprincipios.com\/#\/schema\/logo\/image\/","url":"https:\/\/diarioprincipios.com\/wp-content\/uploads\/2024\/04\/cropped-www.diarioprincipios.com_-1.png","contentUrl":"https:\/\/diarioprincipios.com\/wp-content\/uploads\/2024\/04\/cropped-www.diarioprincipios.com_-1.png","width":5325,"height":1454,"caption":"Principios"},"image":{"@id":"https:\/\/diarioprincipios.com\/#\/schema\/logo\/image\/"}},{"@type":"Person","@id":"https:\/\/diarioprincipios.com\/#\/schema\/person\/436d5a1fd41a5e250e23ff5a6a7cb080","name":"Hern\u00e1n L\u00f3pez","image":{"@type":"ImageObject","inLanguage":"es","@id":"https:\/\/diarioprincipios.com\/wp-content\/litespeed\/avatar\/11ddfe5610ff3bd100522525b2571f48.jpg?ver=1777048341","url":"https:\/\/diarioprincipios.com\/wp-content\/litespeed\/avatar\/11ddfe5610ff3bd100522525b2571f48.jpg?ver=1777048341","contentUrl":"https:\/\/diarioprincipios.com\/wp-content\/litespeed\/avatar\/11ddfe5610ff3bd100522525b2571f48.jpg?ver=1777048341","caption":"Hern\u00e1n L\u00f3pez"},"url":"https:\/\/diarioprincipios.com\/index.php\/author\/hernan\/"}]}},"jetpack_featured_media_url":"https:\/\/diarioprincipios.com\/wp-content\/uploads\/2020\/08\/WhatsApp-Image-2020-07-31-at-09_05_08.jpeg","_links":{"self":[{"href":"https:\/\/diarioprincipios.com\/index.php\/wp-json\/wp\/v2\/posts\/4578","targetHints":{"allow":["GET"]}}],"collection":[{"href":"https:\/\/diarioprincipios.com\/index.php\/wp-json\/wp\/v2\/posts"}],"about":[{"href":"https:\/\/diarioprincipios.com\/index.php\/wp-json\/wp\/v2\/types\/post"}],"author":[{"embeddable":true,"href":"https:\/\/diarioprincipios.com\/index.php\/wp-json\/wp\/v2\/users\/2"}],"replies":[{"embeddable":true,"href":"https:\/\/diarioprincipios.com\/index.php\/wp-json\/wp\/v2\/comments?post=4578"}],"version-history":[{"count":1,"href":"https:\/\/diarioprincipios.com\/index.php\/wp-json\/wp\/v2\/posts\/4578\/revisions"}],"predecessor-version":[{"id":4580,"href":"https:\/\/diarioprincipios.com\/index.php\/wp-json\/wp\/v2\/posts\/4578\/revisions\/4580"}],"wp:featuredmedia":[{"embeddable":true,"href":"https:\/\/diarioprincipios.com\/index.php\/wp-json\/wp\/v2\/media\/4579"}],"wp:attachment":[{"href":"https:\/\/diarioprincipios.com\/index.php\/wp-json\/wp\/v2\/media?parent=4578"}],"wp:term":[{"taxonomy":"category","embeddable":true,"href":"https:\/\/diarioprincipios.com\/index.php\/wp-json\/wp\/v2\/categories?post=4578"},{"taxonomy":"post_tag","embeddable":true,"href":"https:\/\/diarioprincipios.com\/index.php\/wp-json\/wp\/v2\/tags?post=4578"}],"curies":[{"name":"wp","href":"https:\/\/api.w.org\/{rel}","templated":true}]}}