{"id":4547,"date":"2020-08-05T19:30:22","date_gmt":"2020-08-05T22:30:22","guid":{"rendered":"http:\/\/diarioprincipios.com\/?p=4547"},"modified":"2020-08-05T19:31:51","modified_gmt":"2020-08-05T22:31:51","slug":"el-comite-ejecutivo-de-afa-ratifico-que-los-ascensos-se-definiran-en-torneos-reducidos","status":"publish","type":"post","link":"https:\/\/diarioprincipios.com\/index.php\/2020\/08\/05\/el-comite-ejecutivo-de-afa-ratifico-que-los-ascensos-se-definiran-en-torneos-reducidos\/","title":{"rendered":"El Comit\u00e9 Ejecutivo de AFA ratific\u00f3 que los ascensos se definir\u00e1n en torneos reducidos"},"content":{"rendered":"\n<p>El Comit\u00e9 Ejecutivo de AFA ratific\u00f3 hoy que los ascensos de categor\u00eda en todas las divisionales del f\u00fatbol argentino \u00abse definir\u00e1n en cancha y mediante torneos reducidos\u00bb, e inst\u00f3 a las Mesas de cada una de ellas a avanzar en la conformaci\u00f3n de esas fases de definici\u00f3n de los respectivos campeonatos.<\/p>\n\n\n\n<p>De esta manera, la AFA refrend\u00f3 lo anticipado apenas se interrumpieron las competencias oficiales por la pandemia de coronavirus, lo que abre un interrogante respecto de la presentaci\u00f3n que hizo San Mart\u00edn de Tucum\u00e1n ante el Tribunal Arbitral del Deporte (TAS), para que le otorgaran directamente el ascenso a primera divisi\u00f3n por ser el equipo con mejor puntaje hasta el momento en que se interrumpi\u00f3 el certamen de la Primera Nacional.<\/p>\n\n\n\n<p>En el encuentro de hoy tambi\u00e9n se aprob\u00f3 oficialmente la vuelta a los entrenamientos resuelta ayer en forma conjunta con el Ministerio de Salud de la Naci\u00f3n con los controles pertinentes, que constituyen el testeo serol\u00f3gico (muestras de sangre) y no el hisopado.<\/p>\n\n\n\n<p>Y en el marco de esta reuni\u00f3n habitual de los mi\u00e9rcoles, siempre por Zoom, se remarc\u00f3 tambi\u00e9n que el comienzo de los entrenamientos no da lugar a la disputa de los partidos, ya que no hay fechas ciertas a\u00fan de las competencias locales, y se esperar\u00e1n las propuestas de cada categor\u00eda para que el Comit\u00e9 Ejecutivo d\u00e9 su aprobaci\u00f3n.<\/p>\n","protected":false},"excerpt":{"rendered":"<p>El Comit\u00e9 Ejecutivo de AFA ratific\u00f3 hoy que los ascensos de categor\u00eda en todas las divisionales del f\u00fatbol argentino \u00abse definir\u00e1n en cancha y mediante torneos reducidos\u00bb, e inst\u00f3 a las Mesas de cada una de ellas a avanzar en la conformaci\u00f3n de esas fases de definici\u00f3n de los respectivos campeonatos. De esta manera, la&#8230;<\/p>\n","protected":false},"author":2,"featured_media":4550,"comment_status":"open","ping_status":"open","sticky":false,"template":"","format":"standard","meta":{"footnotes":""},"categories":[6],"tags":[],"class_list":["post-4547","post","type-post","status-publish","format-standard","has-post-thumbnail","hentry","category-deportes"],"featured_image_src":"https:\/\/diarioprincipios.com\/wp-content\/uploads\/2020\/08\/23.jpg","blog_images":{"medium":"https:\/\/diarioprincipios.com\/wp-content\/uploads\/2020\/08\/23-300x200.jpg","large":"https:\/\/diarioprincipios.com\/wp-content\/uploads\/2020\/08\/23.jpg"},"ams_acf":[],"yoast_head":"<!-- This site is optimized with the Yoast SEO plugin v27.3 - https:\/\/yoast.com\/product\/yoast-seo-wordpress\/ -->\n<title>El Comit\u00e9 Ejecutivo de AFA ratific\u00f3 que los ascensos se definir\u00e1n en torneos reducidos - Principios<\/title>\n<meta name=\"robots\" content=\"index, follow, max-snippet:-1, max-image-preview:large, max-video-preview:-1\" \/>\n<link rel=\"canonical\" href=\"https:\/\/diarioprincipios.com\/index.php\/2020\/08\/05\/el-comite-ejecutivo-de-afa-ratifico-que-los-ascensos-se-definiran-en-torneos-reducidos\/\" \/>\n<meta property=\"og:locale\" content=\"es_ES\" \/>\n<meta property=\"og:type\" content=\"article\" \/>\n<meta property=\"og:title\" content=\"El Comit\u00e9 Ejecutivo de AFA ratific\u00f3 que los ascensos se definir\u00e1n en torneos reducidos - Principios\" \/>\n<meta property=\"og:description\" content=\"El Comit\u00e9 Ejecutivo de AFA ratific\u00f3 hoy que los ascensos de categor\u00eda en todas las divisionales del f\u00fatbol argentino \u00abse definir\u00e1n en cancha y mediante torneos reducidos\u00bb, e inst\u00f3 a las Mesas de cada una de ellas a avanzar en la conformaci\u00f3n de esas fases de definici\u00f3n de los respectivos campeonatos. De esta manera, la...\" \/>\n<meta property=\"og:url\" content=\"https:\/\/diarioprincipios.com\/index.php\/2020\/08\/05\/el-comite-ejecutivo-de-afa-ratifico-que-los-ascensos-se-definiran-en-torneos-reducidos\/\" \/>\n<meta property=\"og:site_name\" content=\"Principios\" \/>\n<meta property=\"article:published_time\" content=\"2020-08-05T22:30:22+00:00\" \/>\n<meta property=\"article:modified_time\" content=\"2020-08-05T22:31:51+00:00\" \/>\n<meta property=\"og:image\" content=\"https:\/\/diarioprincipios.com\/wp-content\/uploads\/2020\/08\/23.jpg\" \/>\n\t<meta property=\"og:image:width\" content=\"1024\" \/>\n\t<meta property=\"og:image:height\" content=\"682\" \/>\n\t<meta property=\"og:image:type\" content=\"image\/jpeg\" \/>\n<meta name=\"author\" content=\"Hern\u00e1n L\u00f3pez\" \/>\n<meta name=\"twitter:card\" content=\"summary_large_image\" \/>\n<meta name=\"twitter:label1\" content=\"Escrito por\" \/>\n\t<meta name=\"twitter:data1\" content=\"Hern\u00e1n L\u00f3pez\" \/>\n\t<meta name=\"twitter:label2\" content=\"Tiempo de lectura\" \/>\n\t<meta name=\"twitter:data2\" content=\"1 minuto\" \/>\n<script type=\"application\/ld+json\" class=\"yoast-schema-graph\">{\"@context\":\"https:\\\/\\\/schema.org\",\"@graph\":[{\"@type\":\"Article\",\"@id\":\"https:\\\/\\\/diarioprincipios.com\\\/index.php\\\/2020\\\/08\\\/05\\\/el-comite-ejecutivo-de-afa-ratifico-que-los-ascensos-se-definiran-en-torneos-reducidos\\\/#article\",\"isPartOf\":{\"@id\":\"https:\\\/\\\/diarioprincipios.com\\\/index.php\\\/2020\\\/08\\\/05\\\/el-comite-ejecutivo-de-afa-ratifico-que-los-ascensos-se-definiran-en-torneos-reducidos\\\/\"},\"author\":{\"name\":\"Hern\u00e1n L\u00f3pez\",\"@id\":\"https:\\\/\\\/diarioprincipios.com\\\/#\\\/schema\\\/person\\\/436d5a1fd41a5e250e23ff5a6a7cb080\"},\"headline\":\"El Comit\u00e9 Ejecutivo de AFA ratific\u00f3 que los ascensos se definir\u00e1n en torneos reducidos\",\"datePublished\":\"2020-08-05T22:30:22+00:00\",\"dateModified\":\"2020-08-05T22:31:51+00:00\",\"mainEntityOfPage\":{\"@id\":\"https:\\\/\\\/diarioprincipios.com\\\/index.php\\\/2020\\\/08\\\/05\\\/el-comite-ejecutivo-de-afa-ratifico-que-los-ascensos-se-definiran-en-torneos-reducidos\\\/\"},\"wordCount\":258,\"commentCount\":0,\"publisher\":{\"@id\":\"https:\\\/\\\/diarioprincipios.com\\\/#organization\"},\"image\":{\"@id\":\"https:\\\/\\\/diarioprincipios.com\\\/index.php\\\/2020\\\/08\\\/05\\\/el-comite-ejecutivo-de-afa-ratifico-que-los-ascensos-se-definiran-en-torneos-reducidos\\\/#primaryimage\"},\"thumbnailUrl\":\"https:\\\/\\\/diarioprincipios.com\\\/wp-content\\\/uploads\\\/2020\\\/08\\\/23.jpg\",\"articleSection\":[\"Deportes\"],\"inLanguage\":\"es\",\"potentialAction\":[{\"@type\":\"CommentAction\",\"name\":\"Comment\",\"target\":[\"https:\\\/\\\/diarioprincipios.com\\\/index.php\\\/2020\\\/08\\\/05\\\/el-comite-ejecutivo-de-afa-ratifico-que-los-ascensos-se-definiran-en-torneos-reducidos\\\/#respond\"]}]},{\"@type\":\"WebPage\",\"@id\":\"https:\\\/\\\/diarioprincipios.com\\\/index.php\\\/2020\\\/08\\\/05\\\/el-comite-ejecutivo-de-afa-ratifico-que-los-ascensos-se-definiran-en-torneos-reducidos\\\/\",\"url\":\"https:\\\/\\\/diarioprincipios.com\\\/index.php\\\/2020\\\/08\\\/05\\\/el-comite-ejecutivo-de-afa-ratifico-que-los-ascensos-se-definiran-en-torneos-reducidos\\\/\",\"name\":\"El Comit\u00e9 Ejecutivo de AFA ratific\u00f3 que los ascensos se definir\u00e1n en torneos reducidos - Principios\",\"isPartOf\":{\"@id\":\"https:\\\/\\\/diarioprincipios.com\\\/#website\"},\"primaryImageOfPage\":{\"@id\":\"https:\\\/\\\/diarioprincipios.com\\\/index.php\\\/2020\\\/08\\\/05\\\/el-comite-ejecutivo-de-afa-ratifico-que-los-ascensos-se-definiran-en-torneos-reducidos\\\/#primaryimage\"},\"image\":{\"@id\":\"https:\\\/\\\/diarioprincipios.com\\\/index.php\\\/2020\\\/08\\\/05\\\/el-comite-ejecutivo-de-afa-ratifico-que-los-ascensos-se-definiran-en-torneos-reducidos\\\/#primaryimage\"},\"thumbnailUrl\":\"https:\\\/\\\/diarioprincipios.com\\\/wp-content\\\/uploads\\\/2020\\\/08\\\/23.jpg\",\"datePublished\":\"2020-08-05T22:30:22+00:00\",\"dateModified\":\"2020-08-05T22:31:51+00:00\",\"breadcrumb\":{\"@id\":\"https:\\\/\\\/diarioprincipios.com\\\/index.php\\\/2020\\\/08\\\/05\\\/el-comite-ejecutivo-de-afa-ratifico-que-los-ascensos-se-definiran-en-torneos-reducidos\\\/#breadcrumb\"},\"inLanguage\":\"es\",\"potentialAction\":[{\"@type\":\"ReadAction\",\"target\":[\"https:\\\/\\\/diarioprincipios.com\\\/index.php\\\/2020\\\/08\\\/05\\\/el-comite-ejecutivo-de-afa-ratifico-que-los-ascensos-se-definiran-en-torneos-reducidos\\\/\"]}]},{\"@type\":\"ImageObject\",\"inLanguage\":\"es\",\"@id\":\"https:\\\/\\\/diarioprincipios.com\\\/index.php\\\/2020\\\/08\\\/05\\\/el-comite-ejecutivo-de-afa-ratifico-que-los-ascensos-se-definiran-en-torneos-reducidos\\\/#primaryimage\",\"url\":\"https:\\\/\\\/diarioprincipios.com\\\/wp-content\\\/uploads\\\/2020\\\/08\\\/23.jpg\",\"contentUrl\":\"https:\\\/\\\/diarioprincipios.com\\\/wp-content\\\/uploads\\\/2020\\\/08\\\/23.jpg\",\"width\":1024,\"height\":682},{\"@type\":\"BreadcrumbList\",\"@id\":\"https:\\\/\\\/diarioprincipios.com\\\/index.php\\\/2020\\\/08\\\/05\\\/el-comite-ejecutivo-de-afa-ratifico-que-los-ascensos-se-definiran-en-torneos-reducidos\\\/#breadcrumb\",\"itemListElement\":[{\"@type\":\"ListItem\",\"position\":1,\"name\":\"Portada\",\"item\":\"https:\\\/\\\/diarioprincipios.com\\\/\"},{\"@type\":\"ListItem\",\"position\":2,\"name\":\"El Comit\u00e9 Ejecutivo de AFA ratific\u00f3 que los ascensos se definir\u00e1n en torneos reducidos\"}]},{\"@type\":\"WebSite\",\"@id\":\"https:\\\/\\\/diarioprincipios.com\\\/#website\",\"url\":\"https:\\\/\\\/diarioprincipios.com\\\/\",\"name\":\"Principios\",\"description\":\"Principios Diario\",\"publisher\":{\"@id\":\"https:\\\/\\\/diarioprincipios.com\\\/#organization\"},\"potentialAction\":[{\"@type\":\"SearchAction\",\"target\":{\"@type\":\"EntryPoint\",\"urlTemplate\":\"https:\\\/\\\/diarioprincipios.com\\\/?s={search_term_string}\"},\"query-input\":{\"@type\":\"PropertyValueSpecification\",\"valueRequired\":true,\"valueName\":\"search_term_string\"}}],\"inLanguage\":\"es\"},{\"@type\":\"Organization\",\"@id\":\"https:\\\/\\\/diarioprincipios.com\\\/#organization\",\"name\":\"Principios\",\"url\":\"https:\\\/\\\/diarioprincipios.com\\\/\",\"logo\":{\"@type\":\"ImageObject\",\"inLanguage\":\"es\",\"@id\":\"https:\\\/\\\/diarioprincipios.com\\\/#\\\/schema\\\/logo\\\/image\\\/\",\"url\":\"https:\\\/\\\/diarioprincipios.com\\\/wp-content\\\/uploads\\\/2024\\\/04\\\/cropped-www.diarioprincipios.com_-1.png\",\"contentUrl\":\"https:\\\/\\\/diarioprincipios.com\\\/wp-content\\\/uploads\\\/2024\\\/04\\\/cropped-www.diarioprincipios.com_-1.png\",\"width\":5325,\"height\":1454,\"caption\":\"Principios\"},\"image\":{\"@id\":\"https:\\\/\\\/diarioprincipios.com\\\/#\\\/schema\\\/logo\\\/image\\\/\"}},{\"@type\":\"Person\",\"@id\":\"https:\\\/\\\/diarioprincipios.com\\\/#\\\/schema\\\/person\\\/436d5a1fd41a5e250e23ff5a6a7cb080\",\"name\":\"Hern\u00e1n L\u00f3pez\",\"image\":{\"@type\":\"ImageObject\",\"inLanguage\":\"es\",\"@id\":\"https:\\\/\\\/diarioprincipios.com\\\/wp-content\\\/litespeed\\\/avatar\\\/11ddfe5610ff3bd100522525b2571f48.jpg?ver=1777653193\",\"url\":\"https:\\\/\\\/diarioprincipios.com\\\/wp-content\\\/litespeed\\\/avatar\\\/11ddfe5610ff3bd100522525b2571f48.jpg?ver=1777653193\",\"contentUrl\":\"https:\\\/\\\/diarioprincipios.com\\\/wp-content\\\/litespeed\\\/avatar\\\/11ddfe5610ff3bd100522525b2571f48.jpg?ver=1777653193\",\"caption\":\"Hern\u00e1n L\u00f3pez\"},\"url\":\"https:\\\/\\\/diarioprincipios.com\\\/index.php\\\/author\\\/hernan\\\/\"}]}<\/script>\n<!-- \/ Yoast SEO plugin. -->","yoast_head_json":{"title":"El Comit\u00e9 Ejecutivo de AFA ratific\u00f3 que los ascensos se definir\u00e1n en torneos reducidos - Principios","robots":{"index":"index","follow":"follow","max-snippet":"max-snippet:-1","max-image-preview":"max-image-preview:large","max-video-preview":"max-video-preview:-1"},"canonical":"https:\/\/diarioprincipios.com\/index.php\/2020\/08\/05\/el-comite-ejecutivo-de-afa-ratifico-que-los-ascensos-se-definiran-en-torneos-reducidos\/","og_locale":"es_ES","og_type":"article","og_title":"El Comit\u00e9 Ejecutivo de AFA ratific\u00f3 que los ascensos se definir\u00e1n en torneos reducidos - Principios","og_description":"El Comit\u00e9 Ejecutivo de AFA ratific\u00f3 hoy que los ascensos de categor\u00eda en todas las divisionales del f\u00fatbol argentino \u00abse definir\u00e1n en cancha y mediante torneos reducidos\u00bb, e inst\u00f3 a las Mesas de cada una de ellas a avanzar en la conformaci\u00f3n de esas fases de definici\u00f3n de los respectivos campeonatos. De esta manera, la...","og_url":"https:\/\/diarioprincipios.com\/index.php\/2020\/08\/05\/el-comite-ejecutivo-de-afa-ratifico-que-los-ascensos-se-definiran-en-torneos-reducidos\/","og_site_name":"Principios","article_published_time":"2020-08-05T22:30:22+00:00","article_modified_time":"2020-08-05T22:31:51+00:00","og_image":[{"width":1024,"height":682,"url":"https:\/\/diarioprincipios.com\/wp-content\/uploads\/2020\/08\/23.jpg","type":"image\/jpeg"}],"author":"Hern\u00e1n L\u00f3pez","twitter_card":"summary_large_image","twitter_misc":{"Escrito por":"Hern\u00e1n L\u00f3pez","Tiempo de lectura":"1 minuto"},"schema":{"@context":"https:\/\/schema.org","@graph":[{"@type":"Article","@id":"https:\/\/diarioprincipios.com\/index.php\/2020\/08\/05\/el-comite-ejecutivo-de-afa-ratifico-que-los-ascensos-se-definiran-en-torneos-reducidos\/#article","isPartOf":{"@id":"https:\/\/diarioprincipios.com\/index.php\/2020\/08\/05\/el-comite-ejecutivo-de-afa-ratifico-que-los-ascensos-se-definiran-en-torneos-reducidos\/"},"author":{"name":"Hern\u00e1n L\u00f3pez","@id":"https:\/\/diarioprincipios.com\/#\/schema\/person\/436d5a1fd41a5e250e23ff5a6a7cb080"},"headline":"El Comit\u00e9 Ejecutivo de AFA ratific\u00f3 que los ascensos se definir\u00e1n en torneos reducidos","datePublished":"2020-08-05T22:30:22+00:00","dateModified":"2020-08-05T22:31:51+00:00","mainEntityOfPage":{"@id":"https:\/\/diarioprincipios.com\/index.php\/2020\/08\/05\/el-comite-ejecutivo-de-afa-ratifico-que-los-ascensos-se-definiran-en-torneos-reducidos\/"},"wordCount":258,"commentCount":0,"publisher":{"@id":"https:\/\/diarioprincipios.com\/#organization"},"image":{"@id":"https:\/\/diarioprincipios.com\/index.php\/2020\/08\/05\/el-comite-ejecutivo-de-afa-ratifico-que-los-ascensos-se-definiran-en-torneos-reducidos\/#primaryimage"},"thumbnailUrl":"https:\/\/diarioprincipios.com\/wp-content\/uploads\/2020\/08\/23.jpg","articleSection":["Deportes"],"inLanguage":"es","potentialAction":[{"@type":"CommentAction","name":"Comment","target":["https:\/\/diarioprincipios.com\/index.php\/2020\/08\/05\/el-comite-ejecutivo-de-afa-ratifico-que-los-ascensos-se-definiran-en-torneos-reducidos\/#respond"]}]},{"@type":"WebPage","@id":"https:\/\/diarioprincipios.com\/index.php\/2020\/08\/05\/el-comite-ejecutivo-de-afa-ratifico-que-los-ascensos-se-definiran-en-torneos-reducidos\/","url":"https:\/\/diarioprincipios.com\/index.php\/2020\/08\/05\/el-comite-ejecutivo-de-afa-ratifico-que-los-ascensos-se-definiran-en-torneos-reducidos\/","name":"El Comit\u00e9 Ejecutivo de AFA ratific\u00f3 que los ascensos se definir\u00e1n en torneos reducidos - Principios","isPartOf":{"@id":"https:\/\/diarioprincipios.com\/#website"},"primaryImageOfPage":{"@id":"https:\/\/diarioprincipios.com\/index.php\/2020\/08\/05\/el-comite-ejecutivo-de-afa-ratifico-que-los-ascensos-se-definiran-en-torneos-reducidos\/#primaryimage"},"image":{"@id":"https:\/\/diarioprincipios.com\/index.php\/2020\/08\/05\/el-comite-ejecutivo-de-afa-ratifico-que-los-ascensos-se-definiran-en-torneos-reducidos\/#primaryimage"},"thumbnailUrl":"https:\/\/diarioprincipios.com\/wp-content\/uploads\/2020\/08\/23.jpg","datePublished":"2020-08-05T22:30:22+00:00","dateModified":"2020-08-05T22:31:51+00:00","breadcrumb":{"@id":"https:\/\/diarioprincipios.com\/index.php\/2020\/08\/05\/el-comite-ejecutivo-de-afa-ratifico-que-los-ascensos-se-definiran-en-torneos-reducidos\/#breadcrumb"},"inLanguage":"es","potentialAction":[{"@type":"ReadAction","target":["https:\/\/diarioprincipios.com\/index.php\/2020\/08\/05\/el-comite-ejecutivo-de-afa-ratifico-que-los-ascensos-se-definiran-en-torneos-reducidos\/"]}]},{"@type":"ImageObject","inLanguage":"es","@id":"https:\/\/diarioprincipios.com\/index.php\/2020\/08\/05\/el-comite-ejecutivo-de-afa-ratifico-que-los-ascensos-se-definiran-en-torneos-reducidos\/#primaryimage","url":"https:\/\/diarioprincipios.com\/wp-content\/uploads\/2020\/08\/23.jpg","contentUrl":"https:\/\/diarioprincipios.com\/wp-content\/uploads\/2020\/08\/23.jpg","width":1024,"height":682},{"@type":"BreadcrumbList","@id":"https:\/\/diarioprincipios.com\/index.php\/2020\/08\/05\/el-comite-ejecutivo-de-afa-ratifico-que-los-ascensos-se-definiran-en-torneos-reducidos\/#breadcrumb","itemListElement":[{"@type":"ListItem","position":1,"name":"Portada","item":"https:\/\/diarioprincipios.com\/"},{"@type":"ListItem","position":2,"name":"El Comit\u00e9 Ejecutivo de AFA ratific\u00f3 que los ascensos se definir\u00e1n en torneos reducidos"}]},{"@type":"WebSite","@id":"https:\/\/diarioprincipios.com\/#website","url":"https:\/\/diarioprincipios.com\/","name":"Principios","description":"Principios Diario","publisher":{"@id":"https:\/\/diarioprincipios.com\/#organization"},"potentialAction":[{"@type":"SearchAction","target":{"@type":"EntryPoint","urlTemplate":"https:\/\/diarioprincipios.com\/?s={search_term_string}"},"query-input":{"@type":"PropertyValueSpecification","valueRequired":true,"valueName":"search_term_string"}}],"inLanguage":"es"},{"@type":"Organization","@id":"https:\/\/diarioprincipios.com\/#organization","name":"Principios","url":"https:\/\/diarioprincipios.com\/","logo":{"@type":"ImageObject","inLanguage":"es","@id":"https:\/\/diarioprincipios.com\/#\/schema\/logo\/image\/","url":"https:\/\/diarioprincipios.com\/wp-content\/uploads\/2024\/04\/cropped-www.diarioprincipios.com_-1.png","contentUrl":"https:\/\/diarioprincipios.com\/wp-content\/uploads\/2024\/04\/cropped-www.diarioprincipios.com_-1.png","width":5325,"height":1454,"caption":"Principios"},"image":{"@id":"https:\/\/diarioprincipios.com\/#\/schema\/logo\/image\/"}},{"@type":"Person","@id":"https:\/\/diarioprincipios.com\/#\/schema\/person\/436d5a1fd41a5e250e23ff5a6a7cb080","name":"Hern\u00e1n L\u00f3pez","image":{"@type":"ImageObject","inLanguage":"es","@id":"https:\/\/diarioprincipios.com\/wp-content\/litespeed\/avatar\/11ddfe5610ff3bd100522525b2571f48.jpg?ver=1777653193","url":"https:\/\/diarioprincipios.com\/wp-content\/litespeed\/avatar\/11ddfe5610ff3bd100522525b2571f48.jpg?ver=1777653193","contentUrl":"https:\/\/diarioprincipios.com\/wp-content\/litespeed\/avatar\/11ddfe5610ff3bd100522525b2571f48.jpg?ver=1777653193","caption":"Hern\u00e1n L\u00f3pez"},"url":"https:\/\/diarioprincipios.com\/index.php\/author\/hernan\/"}]}},"jetpack_featured_media_url":"https:\/\/diarioprincipios.com\/wp-content\/uploads\/2020\/08\/23.jpg","_links":{"self":[{"href":"https:\/\/diarioprincipios.com\/index.php\/wp-json\/wp\/v2\/posts\/4547","targetHints":{"allow":["GET"]}}],"collection":[{"href":"https:\/\/diarioprincipios.com\/index.php\/wp-json\/wp\/v2\/posts"}],"about":[{"href":"https:\/\/diarioprincipios.com\/index.php\/wp-json\/wp\/v2\/types\/post"}],"author":[{"embeddable":true,"href":"https:\/\/diarioprincipios.com\/index.php\/wp-json\/wp\/v2\/users\/2"}],"replies":[{"embeddable":true,"href":"https:\/\/diarioprincipios.com\/index.php\/wp-json\/wp\/v2\/comments?post=4547"}],"version-history":[{"count":1,"href":"https:\/\/diarioprincipios.com\/index.php\/wp-json\/wp\/v2\/posts\/4547\/revisions"}],"predecessor-version":[{"id":4549,"href":"https:\/\/diarioprincipios.com\/index.php\/wp-json\/wp\/v2\/posts\/4547\/revisions\/4549"}],"wp:featuredmedia":[{"embeddable":true,"href":"https:\/\/diarioprincipios.com\/index.php\/wp-json\/wp\/v2\/media\/4550"}],"wp:attachment":[{"href":"https:\/\/diarioprincipios.com\/index.php\/wp-json\/wp\/v2\/media?parent=4547"}],"wp:term":[{"taxonomy":"category","embeddable":true,"href":"https:\/\/diarioprincipios.com\/index.php\/wp-json\/wp\/v2\/categories?post=4547"},{"taxonomy":"post_tag","embeddable":true,"href":"https:\/\/diarioprincipios.com\/index.php\/wp-json\/wp\/v2\/tags?post=4547"}],"curies":[{"name":"wp","href":"https:\/\/api.w.org\/{rel}","templated":true}]}}