{"id":4466,"date":"2020-08-03T15:24:51","date_gmt":"2020-08-03T18:24:51","guid":{"rendered":"http:\/\/diarioprincipios.com\/?p=4466"},"modified":"2020-08-03T15:24:56","modified_gmt":"2020-08-03T18:24:56","slug":"dura-respuesta-de-hugo-barrueco-a-las-acusaciones-de-juntos-por-el-cambio","status":"publish","type":"post","link":"https:\/\/diarioprincipios.com\/index.php\/2020\/08\/03\/dura-respuesta-de-hugo-barrueco-a-las-acusaciones-de-juntos-por-el-cambio\/","title":{"rendered":"Dura respuesta de Hugo Barrueco a las acusaciones de Juntos por el Cambio"},"content":{"rendered":"\n<p>El presidente del Concejo Deliberante de Avellaneda se refiri\u00f3 de forma contundente en contra de lo expresado por algunos concejales.<\/p>\n\n\n\n<p>Luego de las cr\u00edticas vertidas en distintos medios y redes sociales por dirigentes de Juntos por el Cambio, contra la gesti\u00f3n municipal y el manejo de la crisis sanitaria, el presidente del Honorable Concejo Deliberante de Avellaneda, Hugo Barrueco, se refiri\u00f3 a dichas cuestiones de manera muy concreta.<\/p>\n\n\n\n<p>\u201cEs de un alto grado de irresponsabilidad que quienes fueron parte de un gobierno que desinvirti\u00f3 en la salud p\u00fablica, abandon\u00f3 a los adultos mayores y dej\u00f3 arrasada a la Argentina, hoy vengan a juzgar las acciones de un Estado presente, que trabaja diariamente para atenuar los efectos de una crisis sanitaria mundial\u201d.<\/p>\n\n\n\n<p>\u201cEl Estado Municipal, al igual que lo hace el Provincial y el Nacional, se ocuparon en estos meses en poner de pie a un sistema sanitario p\u00fablico que hab\u00edan puesto de rodillas los gobiernos de Macri y Vidal.\u201d<\/p>\n\n\n\n<p>Cabe recordar que desde el inicio de la pandemia, el gobierno municipal ha hecho una inversi\u00f3n in\u00e9dita en materia sanitaria, de m\u00e1s de 20 millones de pesos para asegurar que no falten insumos en los hospitales p\u00fablicos de Avellaneda, adem\u00e1s de sumar camas de internaci\u00f3n destinadas a casos moderados en edificios municipales que fueron reacondicionados cumpliendo con todas las normas y protocolos de seguridad e incorporando adem\u00e1s personal m\u00e9dico para mejorar la atenci\u00f3n. A eso deben sumarse tambi\u00e9n los operativos diarios de prevenci\u00f3n y detecci\u00f3n temprana que recorren todos los barrios de Avellaneda, a cargo del Observatorio Social y la secretar\u00eda de Salud.<\/p>\n\n\n\n<p>\u201cResulta indignante que en el momento de mayor cantidad de casos en nuestro pa\u00eds, haya dirigentes que busquen sacar una ventaja pol\u00edtica de esta situaci\u00f3n y no est\u00e9n trabajando codo a codo junto a un gobierno municipal que desde el primer momento los convoc\u00f3 para ser parte de esta pelea que debemos dar entre todos\u201d, concluy\u00f3 Barrueco.<\/p>\n","protected":false},"excerpt":{"rendered":"<p>El presidente del Concejo Deliberante de Avellaneda se refiri\u00f3 de forma contundente en contra de lo expresado por algunos concejales. Luego de las cr\u00edticas vertidas en distintos medios y redes sociales por dirigentes de Juntos por el Cambio, contra la gesti\u00f3n municipal y el manejo de la crisis sanitaria, el presidente del Honorable Concejo Deliberante&#8230;<\/p>\n","protected":false},"author":2,"featured_media":4467,"comment_status":"open","ping_status":"open","sticky":false,"template":"","format":"standard","meta":{"footnotes":""},"categories":[5],"tags":[],"class_list":["post-4466","post","type-post","status-publish","format-standard","has-post-thumbnail","hentry","category-avellaneda"],"featured_image_src":"https:\/\/diarioprincipios.com\/wp-content\/uploads\/2020\/08\/a3c28a4b-3bc4-445f-b6a9-adb3db4e8564-1.jpg","blog_images":{"medium":"https:\/\/diarioprincipios.com\/wp-content\/uploads\/2020\/08\/a3c28a4b-3bc4-445f-b6a9-adb3db4e8564-1-300x186.jpg","large":"https:\/\/diarioprincipios.com\/wp-content\/uploads\/2020\/08\/a3c28a4b-3bc4-445f-b6a9-adb3db4e8564-1.jpg"},"ams_acf":[],"yoast_head":"<!-- This site is optimized with the Yoast SEO plugin v27.3 - https:\/\/yoast.com\/product\/yoast-seo-wordpress\/ -->\n<title>Dura respuesta de Hugo Barrueco a las acusaciones de Juntos por el Cambio - Principios<\/title>\n<meta name=\"robots\" content=\"index, follow, max-snippet:-1, max-image-preview:large, max-video-preview:-1\" \/>\n<link rel=\"canonical\" href=\"https:\/\/diarioprincipios.com\/index.php\/2020\/08\/03\/dura-respuesta-de-hugo-barrueco-a-las-acusaciones-de-juntos-por-el-cambio\/\" \/>\n<meta property=\"og:locale\" content=\"es_ES\" \/>\n<meta property=\"og:type\" content=\"article\" \/>\n<meta property=\"og:title\" content=\"Dura respuesta de Hugo Barrueco a las acusaciones de Juntos por el Cambio - Principios\" \/>\n<meta property=\"og:description\" content=\"El presidente del Concejo Deliberante de Avellaneda se refiri\u00f3 de forma contundente en contra de lo expresado por algunos concejales. Luego de las cr\u00edticas vertidas en distintos medios y redes sociales por dirigentes de Juntos por el Cambio, contra la gesti\u00f3n municipal y el manejo de la crisis sanitaria, el presidente del Honorable Concejo Deliberante...\" \/>\n<meta property=\"og:url\" content=\"https:\/\/diarioprincipios.com\/index.php\/2020\/08\/03\/dura-respuesta-de-hugo-barrueco-a-las-acusaciones-de-juntos-por-el-cambio\/\" \/>\n<meta property=\"og:site_name\" content=\"Principios\" \/>\n<meta property=\"article:published_time\" content=\"2020-08-03T18:24:51+00:00\" \/>\n<meta property=\"article:modified_time\" content=\"2020-08-03T18:24:56+00:00\" \/>\n<meta property=\"og:image\" content=\"https:\/\/diarioprincipios.com\/wp-content\/uploads\/2020\/08\/a3c28a4b-3bc4-445f-b6a9-adb3db4e8564-1.jpg\" \/>\n\t<meta property=\"og:image:width\" content=\"1024\" \/>\n\t<meta property=\"og:image:height\" content=\"634\" \/>\n\t<meta property=\"og:image:type\" content=\"image\/jpeg\" \/>\n<meta name=\"author\" content=\"Hern\u00e1n L\u00f3pez\" \/>\n<meta name=\"twitter:card\" content=\"summary_large_image\" \/>\n<meta name=\"twitter:label1\" content=\"Escrito por\" \/>\n\t<meta name=\"twitter:data1\" content=\"Hern\u00e1n L\u00f3pez\" \/>\n\t<meta name=\"twitter:label2\" content=\"Tiempo de lectura\" \/>\n\t<meta name=\"twitter:data2\" content=\"2 minutos\" \/>\n<script type=\"application\/ld+json\" class=\"yoast-schema-graph\">{\"@context\":\"https:\\\/\\\/schema.org\",\"@graph\":[{\"@type\":\"Article\",\"@id\":\"https:\\\/\\\/diarioprincipios.com\\\/index.php\\\/2020\\\/08\\\/03\\\/dura-respuesta-de-hugo-barrueco-a-las-acusaciones-de-juntos-por-el-cambio\\\/#article\",\"isPartOf\":{\"@id\":\"https:\\\/\\\/diarioprincipios.com\\\/index.php\\\/2020\\\/08\\\/03\\\/dura-respuesta-de-hugo-barrueco-a-las-acusaciones-de-juntos-por-el-cambio\\\/\"},\"author\":{\"name\":\"Hern\u00e1n L\u00f3pez\",\"@id\":\"https:\\\/\\\/diarioprincipios.com\\\/#\\\/schema\\\/person\\\/436d5a1fd41a5e250e23ff5a6a7cb080\"},\"headline\":\"Dura respuesta de Hugo Barrueco a las acusaciones de Juntos por el Cambio\",\"datePublished\":\"2020-08-03T18:24:51+00:00\",\"dateModified\":\"2020-08-03T18:24:56+00:00\",\"mainEntityOfPage\":{\"@id\":\"https:\\\/\\\/diarioprincipios.com\\\/index.php\\\/2020\\\/08\\\/03\\\/dura-respuesta-de-hugo-barrueco-a-las-acusaciones-de-juntos-por-el-cambio\\\/\"},\"wordCount\":353,\"commentCount\":0,\"publisher\":{\"@id\":\"https:\\\/\\\/diarioprincipios.com\\\/#organization\"},\"image\":{\"@id\":\"https:\\\/\\\/diarioprincipios.com\\\/index.php\\\/2020\\\/08\\\/03\\\/dura-respuesta-de-hugo-barrueco-a-las-acusaciones-de-juntos-por-el-cambio\\\/#primaryimage\"},\"thumbnailUrl\":\"https:\\\/\\\/diarioprincipios.com\\\/wp-content\\\/uploads\\\/2020\\\/08\\\/a3c28a4b-3bc4-445f-b6a9-adb3db4e8564-1.jpg\",\"articleSection\":[\"Avellaneda\"],\"inLanguage\":\"es\",\"potentialAction\":[{\"@type\":\"CommentAction\",\"name\":\"Comment\",\"target\":[\"https:\\\/\\\/diarioprincipios.com\\\/index.php\\\/2020\\\/08\\\/03\\\/dura-respuesta-de-hugo-barrueco-a-las-acusaciones-de-juntos-por-el-cambio\\\/#respond\"]}]},{\"@type\":\"WebPage\",\"@id\":\"https:\\\/\\\/diarioprincipios.com\\\/index.php\\\/2020\\\/08\\\/03\\\/dura-respuesta-de-hugo-barrueco-a-las-acusaciones-de-juntos-por-el-cambio\\\/\",\"url\":\"https:\\\/\\\/diarioprincipios.com\\\/index.php\\\/2020\\\/08\\\/03\\\/dura-respuesta-de-hugo-barrueco-a-las-acusaciones-de-juntos-por-el-cambio\\\/\",\"name\":\"Dura respuesta de Hugo Barrueco a las acusaciones de Juntos por el Cambio - Principios\",\"isPartOf\":{\"@id\":\"https:\\\/\\\/diarioprincipios.com\\\/#website\"},\"primaryImageOfPage\":{\"@id\":\"https:\\\/\\\/diarioprincipios.com\\\/index.php\\\/2020\\\/08\\\/03\\\/dura-respuesta-de-hugo-barrueco-a-las-acusaciones-de-juntos-por-el-cambio\\\/#primaryimage\"},\"image\":{\"@id\":\"https:\\\/\\\/diarioprincipios.com\\\/index.php\\\/2020\\\/08\\\/03\\\/dura-respuesta-de-hugo-barrueco-a-las-acusaciones-de-juntos-por-el-cambio\\\/#primaryimage\"},\"thumbnailUrl\":\"https:\\\/\\\/diarioprincipios.com\\\/wp-content\\\/uploads\\\/2020\\\/08\\\/a3c28a4b-3bc4-445f-b6a9-adb3db4e8564-1.jpg\",\"datePublished\":\"2020-08-03T18:24:51+00:00\",\"dateModified\":\"2020-08-03T18:24:56+00:00\",\"breadcrumb\":{\"@id\":\"https:\\\/\\\/diarioprincipios.com\\\/index.php\\\/2020\\\/08\\\/03\\\/dura-respuesta-de-hugo-barrueco-a-las-acusaciones-de-juntos-por-el-cambio\\\/#breadcrumb\"},\"inLanguage\":\"es\",\"potentialAction\":[{\"@type\":\"ReadAction\",\"target\":[\"https:\\\/\\\/diarioprincipios.com\\\/index.php\\\/2020\\\/08\\\/03\\\/dura-respuesta-de-hugo-barrueco-a-las-acusaciones-de-juntos-por-el-cambio\\\/\"]}]},{\"@type\":\"ImageObject\",\"inLanguage\":\"es\",\"@id\":\"https:\\\/\\\/diarioprincipios.com\\\/index.php\\\/2020\\\/08\\\/03\\\/dura-respuesta-de-hugo-barrueco-a-las-acusaciones-de-juntos-por-el-cambio\\\/#primaryimage\",\"url\":\"https:\\\/\\\/diarioprincipios.com\\\/wp-content\\\/uploads\\\/2020\\\/08\\\/a3c28a4b-3bc4-445f-b6a9-adb3db4e8564-1.jpg\",\"contentUrl\":\"https:\\\/\\\/diarioprincipios.com\\\/wp-content\\\/uploads\\\/2020\\\/08\\\/a3c28a4b-3bc4-445f-b6a9-adb3db4e8564-1.jpg\",\"width\":1024,\"height\":634},{\"@type\":\"BreadcrumbList\",\"@id\":\"https:\\\/\\\/diarioprincipios.com\\\/index.php\\\/2020\\\/08\\\/03\\\/dura-respuesta-de-hugo-barrueco-a-las-acusaciones-de-juntos-por-el-cambio\\\/#breadcrumb\",\"itemListElement\":[{\"@type\":\"ListItem\",\"position\":1,\"name\":\"Portada\",\"item\":\"https:\\\/\\\/diarioprincipios.com\\\/\"},{\"@type\":\"ListItem\",\"position\":2,\"name\":\"Dura respuesta de Hugo Barrueco a las acusaciones de Juntos por el Cambio\"}]},{\"@type\":\"WebSite\",\"@id\":\"https:\\\/\\\/diarioprincipios.com\\\/#website\",\"url\":\"https:\\\/\\\/diarioprincipios.com\\\/\",\"name\":\"Principios\",\"description\":\"Principios Diario\",\"publisher\":{\"@id\":\"https:\\\/\\\/diarioprincipios.com\\\/#organization\"},\"potentialAction\":[{\"@type\":\"SearchAction\",\"target\":{\"@type\":\"EntryPoint\",\"urlTemplate\":\"https:\\\/\\\/diarioprincipios.com\\\/?s={search_term_string}\"},\"query-input\":{\"@type\":\"PropertyValueSpecification\",\"valueRequired\":true,\"valueName\":\"search_term_string\"}}],\"inLanguage\":\"es\"},{\"@type\":\"Organization\",\"@id\":\"https:\\\/\\\/diarioprincipios.com\\\/#organization\",\"name\":\"Principios\",\"url\":\"https:\\\/\\\/diarioprincipios.com\\\/\",\"logo\":{\"@type\":\"ImageObject\",\"inLanguage\":\"es\",\"@id\":\"https:\\\/\\\/diarioprincipios.com\\\/#\\\/schema\\\/logo\\\/image\\\/\",\"url\":\"https:\\\/\\\/diarioprincipios.com\\\/wp-content\\\/uploads\\\/2024\\\/04\\\/cropped-www.diarioprincipios.com_-1.png\",\"contentUrl\":\"https:\\\/\\\/diarioprincipios.com\\\/wp-content\\\/uploads\\\/2024\\\/04\\\/cropped-www.diarioprincipios.com_-1.png\",\"width\":5325,\"height\":1454,\"caption\":\"Principios\"},\"image\":{\"@id\":\"https:\\\/\\\/diarioprincipios.com\\\/#\\\/schema\\\/logo\\\/image\\\/\"}},{\"@type\":\"Person\",\"@id\":\"https:\\\/\\\/diarioprincipios.com\\\/#\\\/schema\\\/person\\\/436d5a1fd41a5e250e23ff5a6a7cb080\",\"name\":\"Hern\u00e1n L\u00f3pez\",\"image\":{\"@type\":\"ImageObject\",\"inLanguage\":\"es\",\"@id\":\"https:\\\/\\\/diarioprincipios.com\\\/wp-content\\\/litespeed\\\/avatar\\\/11ddfe5610ff3bd100522525b2571f48.jpg?ver=1777653193\",\"url\":\"https:\\\/\\\/diarioprincipios.com\\\/wp-content\\\/litespeed\\\/avatar\\\/11ddfe5610ff3bd100522525b2571f48.jpg?ver=1777653193\",\"contentUrl\":\"https:\\\/\\\/diarioprincipios.com\\\/wp-content\\\/litespeed\\\/avatar\\\/11ddfe5610ff3bd100522525b2571f48.jpg?ver=1777653193\",\"caption\":\"Hern\u00e1n L\u00f3pez\"},\"url\":\"https:\\\/\\\/diarioprincipios.com\\\/index.php\\\/author\\\/hernan\\\/\"}]}<\/script>\n<!-- \/ Yoast SEO plugin. -->","yoast_head_json":{"title":"Dura respuesta de Hugo Barrueco a las acusaciones de Juntos por el Cambio - Principios","robots":{"index":"index","follow":"follow","max-snippet":"max-snippet:-1","max-image-preview":"max-image-preview:large","max-video-preview":"max-video-preview:-1"},"canonical":"https:\/\/diarioprincipios.com\/index.php\/2020\/08\/03\/dura-respuesta-de-hugo-barrueco-a-las-acusaciones-de-juntos-por-el-cambio\/","og_locale":"es_ES","og_type":"article","og_title":"Dura respuesta de Hugo Barrueco a las acusaciones de Juntos por el Cambio - Principios","og_description":"El presidente del Concejo Deliberante de Avellaneda se refiri\u00f3 de forma contundente en contra de lo expresado por algunos concejales. Luego de las cr\u00edticas vertidas en distintos medios y redes sociales por dirigentes de Juntos por el Cambio, contra la gesti\u00f3n municipal y el manejo de la crisis sanitaria, el presidente del Honorable Concejo Deliberante...","og_url":"https:\/\/diarioprincipios.com\/index.php\/2020\/08\/03\/dura-respuesta-de-hugo-barrueco-a-las-acusaciones-de-juntos-por-el-cambio\/","og_site_name":"Principios","article_published_time":"2020-08-03T18:24:51+00:00","article_modified_time":"2020-08-03T18:24:56+00:00","og_image":[{"width":1024,"height":634,"url":"https:\/\/diarioprincipios.com\/wp-content\/uploads\/2020\/08\/a3c28a4b-3bc4-445f-b6a9-adb3db4e8564-1.jpg","type":"image\/jpeg"}],"author":"Hern\u00e1n L\u00f3pez","twitter_card":"summary_large_image","twitter_misc":{"Escrito por":"Hern\u00e1n L\u00f3pez","Tiempo de lectura":"2 minutos"},"schema":{"@context":"https:\/\/schema.org","@graph":[{"@type":"Article","@id":"https:\/\/diarioprincipios.com\/index.php\/2020\/08\/03\/dura-respuesta-de-hugo-barrueco-a-las-acusaciones-de-juntos-por-el-cambio\/#article","isPartOf":{"@id":"https:\/\/diarioprincipios.com\/index.php\/2020\/08\/03\/dura-respuesta-de-hugo-barrueco-a-las-acusaciones-de-juntos-por-el-cambio\/"},"author":{"name":"Hern\u00e1n L\u00f3pez","@id":"https:\/\/diarioprincipios.com\/#\/schema\/person\/436d5a1fd41a5e250e23ff5a6a7cb080"},"headline":"Dura respuesta de Hugo Barrueco a las acusaciones de Juntos por el Cambio","datePublished":"2020-08-03T18:24:51+00:00","dateModified":"2020-08-03T18:24:56+00:00","mainEntityOfPage":{"@id":"https:\/\/diarioprincipios.com\/index.php\/2020\/08\/03\/dura-respuesta-de-hugo-barrueco-a-las-acusaciones-de-juntos-por-el-cambio\/"},"wordCount":353,"commentCount":0,"publisher":{"@id":"https:\/\/diarioprincipios.com\/#organization"},"image":{"@id":"https:\/\/diarioprincipios.com\/index.php\/2020\/08\/03\/dura-respuesta-de-hugo-barrueco-a-las-acusaciones-de-juntos-por-el-cambio\/#primaryimage"},"thumbnailUrl":"https:\/\/diarioprincipios.com\/wp-content\/uploads\/2020\/08\/a3c28a4b-3bc4-445f-b6a9-adb3db4e8564-1.jpg","articleSection":["Avellaneda"],"inLanguage":"es","potentialAction":[{"@type":"CommentAction","name":"Comment","target":["https:\/\/diarioprincipios.com\/index.php\/2020\/08\/03\/dura-respuesta-de-hugo-barrueco-a-las-acusaciones-de-juntos-por-el-cambio\/#respond"]}]},{"@type":"WebPage","@id":"https:\/\/diarioprincipios.com\/index.php\/2020\/08\/03\/dura-respuesta-de-hugo-barrueco-a-las-acusaciones-de-juntos-por-el-cambio\/","url":"https:\/\/diarioprincipios.com\/index.php\/2020\/08\/03\/dura-respuesta-de-hugo-barrueco-a-las-acusaciones-de-juntos-por-el-cambio\/","name":"Dura respuesta de Hugo Barrueco a las acusaciones de Juntos por el Cambio - Principios","isPartOf":{"@id":"https:\/\/diarioprincipios.com\/#website"},"primaryImageOfPage":{"@id":"https:\/\/diarioprincipios.com\/index.php\/2020\/08\/03\/dura-respuesta-de-hugo-barrueco-a-las-acusaciones-de-juntos-por-el-cambio\/#primaryimage"},"image":{"@id":"https:\/\/diarioprincipios.com\/index.php\/2020\/08\/03\/dura-respuesta-de-hugo-barrueco-a-las-acusaciones-de-juntos-por-el-cambio\/#primaryimage"},"thumbnailUrl":"https:\/\/diarioprincipios.com\/wp-content\/uploads\/2020\/08\/a3c28a4b-3bc4-445f-b6a9-adb3db4e8564-1.jpg","datePublished":"2020-08-03T18:24:51+00:00","dateModified":"2020-08-03T18:24:56+00:00","breadcrumb":{"@id":"https:\/\/diarioprincipios.com\/index.php\/2020\/08\/03\/dura-respuesta-de-hugo-barrueco-a-las-acusaciones-de-juntos-por-el-cambio\/#breadcrumb"},"inLanguage":"es","potentialAction":[{"@type":"ReadAction","target":["https:\/\/diarioprincipios.com\/index.php\/2020\/08\/03\/dura-respuesta-de-hugo-barrueco-a-las-acusaciones-de-juntos-por-el-cambio\/"]}]},{"@type":"ImageObject","inLanguage":"es","@id":"https:\/\/diarioprincipios.com\/index.php\/2020\/08\/03\/dura-respuesta-de-hugo-barrueco-a-las-acusaciones-de-juntos-por-el-cambio\/#primaryimage","url":"https:\/\/diarioprincipios.com\/wp-content\/uploads\/2020\/08\/a3c28a4b-3bc4-445f-b6a9-adb3db4e8564-1.jpg","contentUrl":"https:\/\/diarioprincipios.com\/wp-content\/uploads\/2020\/08\/a3c28a4b-3bc4-445f-b6a9-adb3db4e8564-1.jpg","width":1024,"height":634},{"@type":"BreadcrumbList","@id":"https:\/\/diarioprincipios.com\/index.php\/2020\/08\/03\/dura-respuesta-de-hugo-barrueco-a-las-acusaciones-de-juntos-por-el-cambio\/#breadcrumb","itemListElement":[{"@type":"ListItem","position":1,"name":"Portada","item":"https:\/\/diarioprincipios.com\/"},{"@type":"ListItem","position":2,"name":"Dura respuesta de Hugo Barrueco a las acusaciones de Juntos por el Cambio"}]},{"@type":"WebSite","@id":"https:\/\/diarioprincipios.com\/#website","url":"https:\/\/diarioprincipios.com\/","name":"Principios","description":"Principios Diario","publisher":{"@id":"https:\/\/diarioprincipios.com\/#organization"},"potentialAction":[{"@type":"SearchAction","target":{"@type":"EntryPoint","urlTemplate":"https:\/\/diarioprincipios.com\/?s={search_term_string}"},"query-input":{"@type":"PropertyValueSpecification","valueRequired":true,"valueName":"search_term_string"}}],"inLanguage":"es"},{"@type":"Organization","@id":"https:\/\/diarioprincipios.com\/#organization","name":"Principios","url":"https:\/\/diarioprincipios.com\/","logo":{"@type":"ImageObject","inLanguage":"es","@id":"https:\/\/diarioprincipios.com\/#\/schema\/logo\/image\/","url":"https:\/\/diarioprincipios.com\/wp-content\/uploads\/2024\/04\/cropped-www.diarioprincipios.com_-1.png","contentUrl":"https:\/\/diarioprincipios.com\/wp-content\/uploads\/2024\/04\/cropped-www.diarioprincipios.com_-1.png","width":5325,"height":1454,"caption":"Principios"},"image":{"@id":"https:\/\/diarioprincipios.com\/#\/schema\/logo\/image\/"}},{"@type":"Person","@id":"https:\/\/diarioprincipios.com\/#\/schema\/person\/436d5a1fd41a5e250e23ff5a6a7cb080","name":"Hern\u00e1n L\u00f3pez","image":{"@type":"ImageObject","inLanguage":"es","@id":"https:\/\/diarioprincipios.com\/wp-content\/litespeed\/avatar\/11ddfe5610ff3bd100522525b2571f48.jpg?ver=1777653193","url":"https:\/\/diarioprincipios.com\/wp-content\/litespeed\/avatar\/11ddfe5610ff3bd100522525b2571f48.jpg?ver=1777653193","contentUrl":"https:\/\/diarioprincipios.com\/wp-content\/litespeed\/avatar\/11ddfe5610ff3bd100522525b2571f48.jpg?ver=1777653193","caption":"Hern\u00e1n L\u00f3pez"},"url":"https:\/\/diarioprincipios.com\/index.php\/author\/hernan\/"}]}},"jetpack_featured_media_url":"https:\/\/diarioprincipios.com\/wp-content\/uploads\/2020\/08\/a3c28a4b-3bc4-445f-b6a9-adb3db4e8564-1.jpg","_links":{"self":[{"href":"https:\/\/diarioprincipios.com\/index.php\/wp-json\/wp\/v2\/posts\/4466","targetHints":{"allow":["GET"]}}],"collection":[{"href":"https:\/\/diarioprincipios.com\/index.php\/wp-json\/wp\/v2\/posts"}],"about":[{"href":"https:\/\/diarioprincipios.com\/index.php\/wp-json\/wp\/v2\/types\/post"}],"author":[{"embeddable":true,"href":"https:\/\/diarioprincipios.com\/index.php\/wp-json\/wp\/v2\/users\/2"}],"replies":[{"embeddable":true,"href":"https:\/\/diarioprincipios.com\/index.php\/wp-json\/wp\/v2\/comments?post=4466"}],"version-history":[{"count":1,"href":"https:\/\/diarioprincipios.com\/index.php\/wp-json\/wp\/v2\/posts\/4466\/revisions"}],"predecessor-version":[{"id":4468,"href":"https:\/\/diarioprincipios.com\/index.php\/wp-json\/wp\/v2\/posts\/4466\/revisions\/4468"}],"wp:featuredmedia":[{"embeddable":true,"href":"https:\/\/diarioprincipios.com\/index.php\/wp-json\/wp\/v2\/media\/4467"}],"wp:attachment":[{"href":"https:\/\/diarioprincipios.com\/index.php\/wp-json\/wp\/v2\/media?parent=4466"}],"wp:term":[{"taxonomy":"category","embeddable":true,"href":"https:\/\/diarioprincipios.com\/index.php\/wp-json\/wp\/v2\/categories?post=4466"},{"taxonomy":"post_tag","embeddable":true,"href":"https:\/\/diarioprincipios.com\/index.php\/wp-json\/wp\/v2\/tags?post=4466"}],"curies":[{"name":"wp","href":"https:\/\/api.w.org\/{rel}","templated":true}]}}