{"id":4459,"date":"2020-08-02T19:40:11","date_gmt":"2020-08-02T22:40:11","guid":{"rendered":"http:\/\/diarioprincipios.com\/?p=4459"},"modified":"2020-08-02T19:42:45","modified_gmt":"2020-08-02T22:42:45","slug":"el-gobierno-prohibira-las-reuniones-sociales-por-15-dias-en-todo-el-pais-por-aumento-de-contagios","status":"publish","type":"post","link":"https:\/\/diarioprincipios.com\/index.php\/2020\/08\/02\/el-gobierno-prohibira-las-reuniones-sociales-por-15-dias-en-todo-el-pais-por-aumento-de-contagios\/","title":{"rendered":"El Gobierno prohibir\u00e1 las reuniones sociales por 15 d\u00edas en todo el pa\u00eds por aumento de contagios"},"content":{"rendered":"\n<p>Las reuniones sociales quedar\u00e1n prohibidas durante los pr\u00f3ximos 15 d\u00edas en todo el pa\u00eds, de acuerdo con un decreto de necesidad y urgencia (DNU) que firmar\u00e1 ma\u00f1ana el presidente Alberto Fern\u00e1ndez, en el marco del inicio de una nueva etapa de aislamiento.<\/p>\n\n\n\n<p>As\u00ed fue confirmado hoy por la secretaria de Acceso a la Salud, Carla Vizzotti, durante el reporte matutino de casos de coronavirus en el pa\u00eds.<\/p>\n\n\n\n<p>La decisi\u00f3n se encuadra en la etapa de aislamiento social, preventivo y obligatorio (Aspo) que, desde ma\u00f1ana y hasta el 16 de este mes, continuar\u00e1 sin cambios en el \u00c1rea Metropolitana de Buenos Aires (AMBA), en la fase 3, iniciada el 18 de julio pasado, debido al aumento de contagios y de muertes por coronavirus en los \u00faltimos 15 d\u00edas.<\/p>\n\n\n\n<p>Vizzotti apoy\u00f3 la decisi\u00f3n del gobierno en el hecho de que se observ\u00f3 un aumento \u00abimportante\u00bb de casos de Covid-19 en las provincias que pasaron del Aspo al Dispo (distanciamiento social preventivo y obligatorio).<\/p>\n\n\n\n<p>\u00abEs por eso que en el DNU de ma\u00f1ana, en esta nueva normativa y por estos 15 d\u00edas, hasta el 16 de agosto, se van a suspender las reuniones sociales en todo el territorio nacional\u00bb, remarc\u00f3 Vizzotti.<\/p>\n\n\n\n<p>Explic\u00f3 que la medida apunta a que \u00abse puedan controlar\u00bb los lugares donde se producen los \u00abbrotes\u00bb y para que no se \u00abminimice la posibilidad\u00bb de que eso tambi\u00e9n ocurra en los lugares sin contagios.<\/p>\n\n\n\n<p>\u00abEl riesgo aumenta en las reuniones sociales, tanto en los lugares donde est\u00e1 autorizado hacerlas, como donde no est\u00e1 autorizado y se realizan igual\u00bb, apunt\u00f3 Vizzotti y explic\u00f3 que en esas circunstancias suelen distenderse los cuidados, como el uso de tapabocas, el lavado de manos, mantener los ambientes ventilados o los 2 metros de distancia.<\/p>\n\n\n\n<p>El DNU es tambi\u00e9n el correlato del mensaje del Presidente del viernes pasado -cuando anunci\u00f3 la continuidad de la cuarentena-, en el que hab\u00eda advertido que quienes incurrieran en la violaci\u00f3n del aislamiento estricto en las casas deber\u00e1n enfrentar consecuencias penales por \u00abfavorecer la transmisi\u00f3n de una enfermedad\u00bb.<\/p>\n\n\n\n<p>La ciudad de Buenos Aires y la provincia hab\u00edan retornado el 18 de julio \u00faltimo a la fase 3 de la cuarentena, con un esquema de apertura escalonada de actividades en los dos distritos y restricciones en la circulaci\u00f3n.<\/p>\n\n\n\n<p>Sin embargo, Fern\u00e1ndez, al renovar por novena vez la cuarentena, anunci\u00f3 el viernes \u00faltimo que la medida continuar\u00eda sin flexibilizaciones hasta el 16 de agosto debido al aumento de contagios y de la tasa de mortalidad en el AMBA.<\/p>\n\n\n\n<p>Adem\u00e1s, el jefe de Estado sostuvo que en otros lugares del pa\u00eds, como C\u00f3rdoba, Mendoza, Jujuy, Chaco y sur de Santa Fe, crecieron los casos de Covid-19, producto de la irradiaci\u00f3n de la circulaci\u00f3n del virus.<\/p>\n\n\n\n<p>Fern\u00e1ndez fundament\u00f3 la continuidad del aislamiento en las mismas condiciones que en los \u00faltimos 15 d\u00edas en el AMBA, al se\u00f1alar que cada 24 d\u00edas se duplic\u00f3 la cantidad de fallecimientos, con un promedio actual de 80 casos diarios de muertes por coronavirus.<\/p>\n\n\n\n<p>En esta nueva etapa se mantendr\u00e1 la prohibici\u00f3n de realizar \u00abencuentros sociales\u00bb y el presidente advirti\u00f3 el viernes que quienes \u00abincurran\u00bb en la violaci\u00f3n de la cuarentena estricta en las casas deber\u00e1n enfrentar consecuencias penales por \u00abfavorecer la transmisi\u00f3n de una enfermedad\u00bb.<\/p>\n\n\n\n<p>Como parte de las acciones para mitigar la pandemia, el gobernador bonaerense, Axel Kicillof, y el jefe de Gobierno porte\u00f1o, Horacio Rodr\u00edguez Larreta, acordaron \u00abhacer m\u00e1s frecuentes\u00bb los encuentros para agudizar el seguimiento de la situaci\u00f3n epidemiol\u00f3gica y observar c\u00f3mo funcionan las actividades liberadas.<\/p>\n\n\n\n<p>La ciudad hab\u00eda iniciado el 20 de julio pasado un Plan Integral de reinicio programado de actividades en 6 etapas y la primera continuar\u00e1 ma\u00f1ana con la apertura de comercios de cercan\u00eda en avenidas de alta circulaci\u00f3n, que incluye indumentaria y calzado, a los que se podr\u00e1 concurrir seg\u00fan el n\u00famero de terminaci\u00f3n del DNI.<\/p>\n\n\n\n<p>Esa medida no alcanzar\u00e1 a los comercios ubicados en Centros de Transbordo de Liniers, Retiro y Constituci\u00f3n, y los de la avenida Avellaneda en Flores y centro de Once.<\/p>\n\n\n\n<p>El distrito, sin embargo, debi\u00f3 suspender en esta nueva renovaci\u00f3n de la cuarentena la apertura de actividades previstas en su segunda etapa del cronograma, como los deportes individuales al aire libre amateur y federados en instituciones, entre ellos, el tenis y el golf.<\/p>\n\n\n\n<p>La provincia de Buenos Aires, en tanto, seguir\u00e1 \u00abcon el mismo grado de apertura cuidada, con protocolos\u00bb, explic\u00f3 el gobernador.<\/p>\n\n\n\n<p>Kicillof dijo que as\u00ed lo hab\u00eda resuelto con los intendentes del AMBA y, como contrapartida, destac\u00f3 que el interior de la provincia contin\u00faa \u00abcon el sistema de 5 fases\u00bb, en el cual hay \u00abcasi 100 municipios en una situaci\u00f3n con muy baja circulaci\u00f3n y con mucha apertura\u00bb.<\/p>\n\n\n\n<p>En el AMBA, que desde el 1 al 17 de julio debi\u00f3 volver a una fase estricta, permanecer\u00e1n abiertas desde ma\u00f1ana -con protocolos- las actividades que se reanudaron en la anterior renovaci\u00f3n del aislamiento, el 18 de julio.<\/p>\n\n\n\n<p>En tanto, la mayor parte de las provincias del interior del pa\u00eds se encuentran en fase 4 y 5, en etapa de distanciamiento, con mayor flexibilidad en las actividades y en la circulaci\u00f3n.<\/p>\n\n\n\n<p>La cuarentena fue dispuesta el 20 de marzo y se renov\u00f3 el 31 de marzo, el 13 de abril, el 27 de abril, el 11 de mayo, el 25 de mayo, el 8 de junio, el 1 de julio, el 18 de julio y la \u00faltima vez, ma\u00f1ana, 3 de agosto.<\/p>\n\n\n\n<p>Las fases de la cuarentena seg\u00fan el tiempo de duplicaci\u00f3n de los casos en cada distrito son: en la Fase 1 el tiempo de duplicaci\u00f3n de los casos se registr\u00f3 en menos de 15 d\u00edas; en la Fase 2, de 5 a 15 d\u00edas; en la Fase 3, de 15 a 25 d\u00edas; en la Fase 4, m\u00e1s de 25 d\u00edas; y en la Fase 5, de nueva normalidad, no deben registrarse contagios.<\/p>\n","protected":false},"excerpt":{"rendered":"<p>Las reuniones sociales quedar\u00e1n prohibidas durante los pr\u00f3ximos 15 d\u00edas en todo el pa\u00eds, de acuerdo con un decreto de necesidad y urgencia (DNU) que firmar\u00e1 ma\u00f1ana el presidente Alberto Fern\u00e1ndez, en el marco del inicio de una nueva etapa de aislamiento. As\u00ed fue confirmado hoy por la secretaria de Acceso a la Salud, Carla&#8230;<\/p>\n","protected":false},"author":2,"featured_media":4462,"comment_status":"open","ping_status":"open","sticky":false,"template":"","format":"standard","meta":{"footnotes":""},"categories":[10],"tags":[],"class_list":["post-4459","post","type-post","status-publish","format-standard","has-post-thumbnail","hentry","category-nacion"],"featured_image_src":"https:\/\/diarioprincipios.com\/wp-content\/uploads\/2020\/08\/soc.jpg","blog_images":{"medium":"https:\/\/diarioprincipios.com\/wp-content\/uploads\/2020\/08\/soc-300x191.jpg","large":"https:\/\/diarioprincipios.com\/wp-content\/uploads\/2020\/08\/soc.jpg"},"ams_acf":[],"yoast_head":"<!-- This site is optimized with the Yoast SEO plugin v27.3 - https:\/\/yoast.com\/product\/yoast-seo-wordpress\/ -->\n<title>El Gobierno prohibir\u00e1 las reuniones sociales por 15 d\u00edas en todo el pa\u00eds por aumento de contagios - Principios<\/title>\n<meta name=\"robots\" content=\"index, follow, max-snippet:-1, max-image-preview:large, max-video-preview:-1\" \/>\n<link rel=\"canonical\" href=\"https:\/\/diarioprincipios.com\/index.php\/2020\/08\/02\/el-gobierno-prohibira-las-reuniones-sociales-por-15-dias-en-todo-el-pais-por-aumento-de-contagios\/\" \/>\n<meta property=\"og:locale\" content=\"es_ES\" \/>\n<meta property=\"og:type\" content=\"article\" \/>\n<meta property=\"og:title\" content=\"El Gobierno prohibir\u00e1 las reuniones sociales por 15 d\u00edas en todo el pa\u00eds por aumento de contagios - Principios\" \/>\n<meta property=\"og:description\" content=\"Las reuniones sociales quedar\u00e1n prohibidas durante los pr\u00f3ximos 15 d\u00edas en todo el pa\u00eds, de acuerdo con un decreto de necesidad y urgencia (DNU) que firmar\u00e1 ma\u00f1ana el presidente Alberto Fern\u00e1ndez, en el marco del inicio de una nueva etapa de aislamiento. As\u00ed fue confirmado hoy por la secretaria de Acceso a la Salud, Carla...\" \/>\n<meta property=\"og:url\" content=\"https:\/\/diarioprincipios.com\/index.php\/2020\/08\/02\/el-gobierno-prohibira-las-reuniones-sociales-por-15-dias-en-todo-el-pais-por-aumento-de-contagios\/\" \/>\n<meta property=\"og:site_name\" content=\"Principios\" \/>\n<meta property=\"article:published_time\" content=\"2020-08-02T22:40:11+00:00\" \/>\n<meta property=\"article:modified_time\" content=\"2020-08-02T22:42:45+00:00\" \/>\n<meta property=\"og:image\" content=\"https:\/\/diarioprincipios.com\/wp-content\/uploads\/2020\/08\/soc.jpg\" \/>\n\t<meta property=\"og:image:width\" content=\"1024\" \/>\n\t<meta property=\"og:image:height\" content=\"652\" \/>\n\t<meta property=\"og:image:type\" content=\"image\/jpeg\" \/>\n<meta name=\"author\" content=\"Hern\u00e1n L\u00f3pez\" \/>\n<meta name=\"twitter:card\" content=\"summary_large_image\" \/>\n<meta name=\"twitter:label1\" content=\"Escrito por\" \/>\n\t<meta name=\"twitter:data1\" content=\"Hern\u00e1n L\u00f3pez\" \/>\n\t<meta name=\"twitter:label2\" content=\"Tiempo de lectura\" \/>\n\t<meta name=\"twitter:data2\" content=\"5 minutos\" \/>\n<script type=\"application\/ld+json\" class=\"yoast-schema-graph\">{\"@context\":\"https:\\\/\\\/schema.org\",\"@graph\":[{\"@type\":\"Article\",\"@id\":\"https:\\\/\\\/diarioprincipios.com\\\/index.php\\\/2020\\\/08\\\/02\\\/el-gobierno-prohibira-las-reuniones-sociales-por-15-dias-en-todo-el-pais-por-aumento-de-contagios\\\/#article\",\"isPartOf\":{\"@id\":\"https:\\\/\\\/diarioprincipios.com\\\/index.php\\\/2020\\\/08\\\/02\\\/el-gobierno-prohibira-las-reuniones-sociales-por-15-dias-en-todo-el-pais-por-aumento-de-contagios\\\/\"},\"author\":{\"name\":\"Hern\u00e1n L\u00f3pez\",\"@id\":\"https:\\\/\\\/diarioprincipios.com\\\/#\\\/schema\\\/person\\\/436d5a1fd41a5e250e23ff5a6a7cb080\"},\"headline\":\"El Gobierno prohibir\u00e1 las reuniones sociales por 15 d\u00edas en todo el pa\u00eds por aumento de contagios\",\"datePublished\":\"2020-08-02T22:40:11+00:00\",\"dateModified\":\"2020-08-02T22:42:45+00:00\",\"mainEntityOfPage\":{\"@id\":\"https:\\\/\\\/diarioprincipios.com\\\/index.php\\\/2020\\\/08\\\/02\\\/el-gobierno-prohibira-las-reuniones-sociales-por-15-dias-en-todo-el-pais-por-aumento-de-contagios\\\/\"},\"wordCount\":1011,\"commentCount\":0,\"publisher\":{\"@id\":\"https:\\\/\\\/diarioprincipios.com\\\/#organization\"},\"image\":{\"@id\":\"https:\\\/\\\/diarioprincipios.com\\\/index.php\\\/2020\\\/08\\\/02\\\/el-gobierno-prohibira-las-reuniones-sociales-por-15-dias-en-todo-el-pais-por-aumento-de-contagios\\\/#primaryimage\"},\"thumbnailUrl\":\"https:\\\/\\\/diarioprincipios.com\\\/wp-content\\\/uploads\\\/2020\\\/08\\\/soc.jpg\",\"articleSection\":[\"Naci\u00f3n\"],\"inLanguage\":\"es\",\"potentialAction\":[{\"@type\":\"CommentAction\",\"name\":\"Comment\",\"target\":[\"https:\\\/\\\/diarioprincipios.com\\\/index.php\\\/2020\\\/08\\\/02\\\/el-gobierno-prohibira-las-reuniones-sociales-por-15-dias-en-todo-el-pais-por-aumento-de-contagios\\\/#respond\"]}]},{\"@type\":\"WebPage\",\"@id\":\"https:\\\/\\\/diarioprincipios.com\\\/index.php\\\/2020\\\/08\\\/02\\\/el-gobierno-prohibira-las-reuniones-sociales-por-15-dias-en-todo-el-pais-por-aumento-de-contagios\\\/\",\"url\":\"https:\\\/\\\/diarioprincipios.com\\\/index.php\\\/2020\\\/08\\\/02\\\/el-gobierno-prohibira-las-reuniones-sociales-por-15-dias-en-todo-el-pais-por-aumento-de-contagios\\\/\",\"name\":\"El Gobierno prohibir\u00e1 las reuniones sociales por 15 d\u00edas en todo el pa\u00eds por aumento de contagios - Principios\",\"isPartOf\":{\"@id\":\"https:\\\/\\\/diarioprincipios.com\\\/#website\"},\"primaryImageOfPage\":{\"@id\":\"https:\\\/\\\/diarioprincipios.com\\\/index.php\\\/2020\\\/08\\\/02\\\/el-gobierno-prohibira-las-reuniones-sociales-por-15-dias-en-todo-el-pais-por-aumento-de-contagios\\\/#primaryimage\"},\"image\":{\"@id\":\"https:\\\/\\\/diarioprincipios.com\\\/index.php\\\/2020\\\/08\\\/02\\\/el-gobierno-prohibira-las-reuniones-sociales-por-15-dias-en-todo-el-pais-por-aumento-de-contagios\\\/#primaryimage\"},\"thumbnailUrl\":\"https:\\\/\\\/diarioprincipios.com\\\/wp-content\\\/uploads\\\/2020\\\/08\\\/soc.jpg\",\"datePublished\":\"2020-08-02T22:40:11+00:00\",\"dateModified\":\"2020-08-02T22:42:45+00:00\",\"breadcrumb\":{\"@id\":\"https:\\\/\\\/diarioprincipios.com\\\/index.php\\\/2020\\\/08\\\/02\\\/el-gobierno-prohibira-las-reuniones-sociales-por-15-dias-en-todo-el-pais-por-aumento-de-contagios\\\/#breadcrumb\"},\"inLanguage\":\"es\",\"potentialAction\":[{\"@type\":\"ReadAction\",\"target\":[\"https:\\\/\\\/diarioprincipios.com\\\/index.php\\\/2020\\\/08\\\/02\\\/el-gobierno-prohibira-las-reuniones-sociales-por-15-dias-en-todo-el-pais-por-aumento-de-contagios\\\/\"]}]},{\"@type\":\"ImageObject\",\"inLanguage\":\"es\",\"@id\":\"https:\\\/\\\/diarioprincipios.com\\\/index.php\\\/2020\\\/08\\\/02\\\/el-gobierno-prohibira-las-reuniones-sociales-por-15-dias-en-todo-el-pais-por-aumento-de-contagios\\\/#primaryimage\",\"url\":\"https:\\\/\\\/diarioprincipios.com\\\/wp-content\\\/uploads\\\/2020\\\/08\\\/soc.jpg\",\"contentUrl\":\"https:\\\/\\\/diarioprincipios.com\\\/wp-content\\\/uploads\\\/2020\\\/08\\\/soc.jpg\",\"width\":1024,\"height\":652,\"caption\":\"Jose Manuel Abel (C), 46, has lunch with his wife Oliva Santos (L), 45, daughter Claudia (2nd L), 13, son Jose Manuel (R), 16 and mother Carmen Herrera, 71, in Chipiona in this June 28, 2012 file photograph. The words on the television screen read \\\"surrendering not allowed.\\\" In 2012 former salesman Jose Manuel Abel left his family behind in Spain and moved to Germany in search of work, arriving in Munich with just 250 euros in his pocket. A year on, Abel has found a permanent job in a fruit and vegetable warehouse and hopes that his family will be able to join him in Munich in the near future. German joblessness unexpectedly rose in October to its highest level since June 2011 on a seasonally adjusted basis, but the unemployment rate remained close to its lowest level since reunification more than two decades ago. The number of people out of work increased by 2,000 to 2.973 million, data from the Labour Office showed on October 30, 2013. But the jobless rate held steady at 6.9 percent, making it the envy of struggling euro zone peers like Greece and Spain, where more than one in four people are out of work. REUTERS\\\/Marcelo del Pozo\\\/Files (SPAIN - Tags: SOCIETY BUSINESS) ATTENTION EDITORS PICTURE 01 OF 30 FOR PACKAGE 'REVISITED - A NEW LIFE WITH \u20ac250' SEARCH 'JOSE MANUEL ABEL' FOR ALL IMAGES\"},{\"@type\":\"BreadcrumbList\",\"@id\":\"https:\\\/\\\/diarioprincipios.com\\\/index.php\\\/2020\\\/08\\\/02\\\/el-gobierno-prohibira-las-reuniones-sociales-por-15-dias-en-todo-el-pais-por-aumento-de-contagios\\\/#breadcrumb\",\"itemListElement\":[{\"@type\":\"ListItem\",\"position\":1,\"name\":\"Portada\",\"item\":\"https:\\\/\\\/diarioprincipios.com\\\/\"},{\"@type\":\"ListItem\",\"position\":2,\"name\":\"El Gobierno prohibir\u00e1 las reuniones sociales por 15 d\u00edas en todo el pa\u00eds por aumento de contagios\"}]},{\"@type\":\"WebSite\",\"@id\":\"https:\\\/\\\/diarioprincipios.com\\\/#website\",\"url\":\"https:\\\/\\\/diarioprincipios.com\\\/\",\"name\":\"Principios\",\"description\":\"Principios Diario\",\"publisher\":{\"@id\":\"https:\\\/\\\/diarioprincipios.com\\\/#organization\"},\"potentialAction\":[{\"@type\":\"SearchAction\",\"target\":{\"@type\":\"EntryPoint\",\"urlTemplate\":\"https:\\\/\\\/diarioprincipios.com\\\/?s={search_term_string}\"},\"query-input\":{\"@type\":\"PropertyValueSpecification\",\"valueRequired\":true,\"valueName\":\"search_term_string\"}}],\"inLanguage\":\"es\"},{\"@type\":\"Organization\",\"@id\":\"https:\\\/\\\/diarioprincipios.com\\\/#organization\",\"name\":\"Principios\",\"url\":\"https:\\\/\\\/diarioprincipios.com\\\/\",\"logo\":{\"@type\":\"ImageObject\",\"inLanguage\":\"es\",\"@id\":\"https:\\\/\\\/diarioprincipios.com\\\/#\\\/schema\\\/logo\\\/image\\\/\",\"url\":\"https:\\\/\\\/diarioprincipios.com\\\/wp-content\\\/uploads\\\/2024\\\/04\\\/cropped-www.diarioprincipios.com_-1.png\",\"contentUrl\":\"https:\\\/\\\/diarioprincipios.com\\\/wp-content\\\/uploads\\\/2024\\\/04\\\/cropped-www.diarioprincipios.com_-1.png\",\"width\":5325,\"height\":1454,\"caption\":\"Principios\"},\"image\":{\"@id\":\"https:\\\/\\\/diarioprincipios.com\\\/#\\\/schema\\\/logo\\\/image\\\/\"}},{\"@type\":\"Person\",\"@id\":\"https:\\\/\\\/diarioprincipios.com\\\/#\\\/schema\\\/person\\\/436d5a1fd41a5e250e23ff5a6a7cb080\",\"name\":\"Hern\u00e1n L\u00f3pez\",\"image\":{\"@type\":\"ImageObject\",\"inLanguage\":\"es\",\"@id\":\"https:\\\/\\\/diarioprincipios.com\\\/wp-content\\\/litespeed\\\/avatar\\\/11ddfe5610ff3bd100522525b2571f48.jpg?ver=1777653193\",\"url\":\"https:\\\/\\\/diarioprincipios.com\\\/wp-content\\\/litespeed\\\/avatar\\\/11ddfe5610ff3bd100522525b2571f48.jpg?ver=1777653193\",\"contentUrl\":\"https:\\\/\\\/diarioprincipios.com\\\/wp-content\\\/litespeed\\\/avatar\\\/11ddfe5610ff3bd100522525b2571f48.jpg?ver=1777653193\",\"caption\":\"Hern\u00e1n L\u00f3pez\"},\"url\":\"https:\\\/\\\/diarioprincipios.com\\\/index.php\\\/author\\\/hernan\\\/\"}]}<\/script>\n<!-- \/ Yoast SEO plugin. -->","yoast_head_json":{"title":"El Gobierno prohibir\u00e1 las reuniones sociales por 15 d\u00edas en todo el pa\u00eds por aumento de contagios - Principios","robots":{"index":"index","follow":"follow","max-snippet":"max-snippet:-1","max-image-preview":"max-image-preview:large","max-video-preview":"max-video-preview:-1"},"canonical":"https:\/\/diarioprincipios.com\/index.php\/2020\/08\/02\/el-gobierno-prohibira-las-reuniones-sociales-por-15-dias-en-todo-el-pais-por-aumento-de-contagios\/","og_locale":"es_ES","og_type":"article","og_title":"El Gobierno prohibir\u00e1 las reuniones sociales por 15 d\u00edas en todo el pa\u00eds por aumento de contagios - Principios","og_description":"Las reuniones sociales quedar\u00e1n prohibidas durante los pr\u00f3ximos 15 d\u00edas en todo el pa\u00eds, de acuerdo con un decreto de necesidad y urgencia (DNU) que firmar\u00e1 ma\u00f1ana el presidente Alberto Fern\u00e1ndez, en el marco del inicio de una nueva etapa de aislamiento. As\u00ed fue confirmado hoy por la secretaria de Acceso a la Salud, Carla...","og_url":"https:\/\/diarioprincipios.com\/index.php\/2020\/08\/02\/el-gobierno-prohibira-las-reuniones-sociales-por-15-dias-en-todo-el-pais-por-aumento-de-contagios\/","og_site_name":"Principios","article_published_time":"2020-08-02T22:40:11+00:00","article_modified_time":"2020-08-02T22:42:45+00:00","og_image":[{"width":1024,"height":652,"url":"https:\/\/diarioprincipios.com\/wp-content\/uploads\/2020\/08\/soc.jpg","type":"image\/jpeg"}],"author":"Hern\u00e1n L\u00f3pez","twitter_card":"summary_large_image","twitter_misc":{"Escrito por":"Hern\u00e1n L\u00f3pez","Tiempo de lectura":"5 minutos"},"schema":{"@context":"https:\/\/schema.org","@graph":[{"@type":"Article","@id":"https:\/\/diarioprincipios.com\/index.php\/2020\/08\/02\/el-gobierno-prohibira-las-reuniones-sociales-por-15-dias-en-todo-el-pais-por-aumento-de-contagios\/#article","isPartOf":{"@id":"https:\/\/diarioprincipios.com\/index.php\/2020\/08\/02\/el-gobierno-prohibira-las-reuniones-sociales-por-15-dias-en-todo-el-pais-por-aumento-de-contagios\/"},"author":{"name":"Hern\u00e1n L\u00f3pez","@id":"https:\/\/diarioprincipios.com\/#\/schema\/person\/436d5a1fd41a5e250e23ff5a6a7cb080"},"headline":"El Gobierno prohibir\u00e1 las reuniones sociales por 15 d\u00edas en todo el pa\u00eds por aumento de contagios","datePublished":"2020-08-02T22:40:11+00:00","dateModified":"2020-08-02T22:42:45+00:00","mainEntityOfPage":{"@id":"https:\/\/diarioprincipios.com\/index.php\/2020\/08\/02\/el-gobierno-prohibira-las-reuniones-sociales-por-15-dias-en-todo-el-pais-por-aumento-de-contagios\/"},"wordCount":1011,"commentCount":0,"publisher":{"@id":"https:\/\/diarioprincipios.com\/#organization"},"image":{"@id":"https:\/\/diarioprincipios.com\/index.php\/2020\/08\/02\/el-gobierno-prohibira-las-reuniones-sociales-por-15-dias-en-todo-el-pais-por-aumento-de-contagios\/#primaryimage"},"thumbnailUrl":"https:\/\/diarioprincipios.com\/wp-content\/uploads\/2020\/08\/soc.jpg","articleSection":["Naci\u00f3n"],"inLanguage":"es","potentialAction":[{"@type":"CommentAction","name":"Comment","target":["https:\/\/diarioprincipios.com\/index.php\/2020\/08\/02\/el-gobierno-prohibira-las-reuniones-sociales-por-15-dias-en-todo-el-pais-por-aumento-de-contagios\/#respond"]}]},{"@type":"WebPage","@id":"https:\/\/diarioprincipios.com\/index.php\/2020\/08\/02\/el-gobierno-prohibira-las-reuniones-sociales-por-15-dias-en-todo-el-pais-por-aumento-de-contagios\/","url":"https:\/\/diarioprincipios.com\/index.php\/2020\/08\/02\/el-gobierno-prohibira-las-reuniones-sociales-por-15-dias-en-todo-el-pais-por-aumento-de-contagios\/","name":"El Gobierno prohibir\u00e1 las reuniones sociales por 15 d\u00edas en todo el pa\u00eds por aumento de contagios - Principios","isPartOf":{"@id":"https:\/\/diarioprincipios.com\/#website"},"primaryImageOfPage":{"@id":"https:\/\/diarioprincipios.com\/index.php\/2020\/08\/02\/el-gobierno-prohibira-las-reuniones-sociales-por-15-dias-en-todo-el-pais-por-aumento-de-contagios\/#primaryimage"},"image":{"@id":"https:\/\/diarioprincipios.com\/index.php\/2020\/08\/02\/el-gobierno-prohibira-las-reuniones-sociales-por-15-dias-en-todo-el-pais-por-aumento-de-contagios\/#primaryimage"},"thumbnailUrl":"https:\/\/diarioprincipios.com\/wp-content\/uploads\/2020\/08\/soc.jpg","datePublished":"2020-08-02T22:40:11+00:00","dateModified":"2020-08-02T22:42:45+00:00","breadcrumb":{"@id":"https:\/\/diarioprincipios.com\/index.php\/2020\/08\/02\/el-gobierno-prohibira-las-reuniones-sociales-por-15-dias-en-todo-el-pais-por-aumento-de-contagios\/#breadcrumb"},"inLanguage":"es","potentialAction":[{"@type":"ReadAction","target":["https:\/\/diarioprincipios.com\/index.php\/2020\/08\/02\/el-gobierno-prohibira-las-reuniones-sociales-por-15-dias-en-todo-el-pais-por-aumento-de-contagios\/"]}]},{"@type":"ImageObject","inLanguage":"es","@id":"https:\/\/diarioprincipios.com\/index.php\/2020\/08\/02\/el-gobierno-prohibira-las-reuniones-sociales-por-15-dias-en-todo-el-pais-por-aumento-de-contagios\/#primaryimage","url":"https:\/\/diarioprincipios.com\/wp-content\/uploads\/2020\/08\/soc.jpg","contentUrl":"https:\/\/diarioprincipios.com\/wp-content\/uploads\/2020\/08\/soc.jpg","width":1024,"height":652,"caption":"Jose Manuel Abel (C), 46, has lunch with his wife Oliva Santos (L), 45, daughter Claudia (2nd L), 13, son Jose Manuel (R), 16 and mother Carmen Herrera, 71, in Chipiona in this June 28, 2012 file photograph. The words on the television screen read \"surrendering not allowed.\" In 2012 former salesman Jose Manuel Abel left his family behind in Spain and moved to Germany in search of work, arriving in Munich with just 250 euros in his pocket. A year on, Abel has found a permanent job in a fruit and vegetable warehouse and hopes that his family will be able to join him in Munich in the near future. German joblessness unexpectedly rose in October to its highest level since June 2011 on a seasonally adjusted basis, but the unemployment rate remained close to its lowest level since reunification more than two decades ago. The number of people out of work increased by 2,000 to 2.973 million, data from the Labour Office showed on October 30, 2013. But the jobless rate held steady at 6.9 percent, making it the envy of struggling euro zone peers like Greece and Spain, where more than one in four people are out of work. REUTERS\/Marcelo del Pozo\/Files (SPAIN - Tags: SOCIETY BUSINESS) ATTENTION EDITORS PICTURE 01 OF 30 FOR PACKAGE 'REVISITED - A NEW LIFE WITH \u20ac250' SEARCH 'JOSE MANUEL ABEL' FOR ALL IMAGES"},{"@type":"BreadcrumbList","@id":"https:\/\/diarioprincipios.com\/index.php\/2020\/08\/02\/el-gobierno-prohibira-las-reuniones-sociales-por-15-dias-en-todo-el-pais-por-aumento-de-contagios\/#breadcrumb","itemListElement":[{"@type":"ListItem","position":1,"name":"Portada","item":"https:\/\/diarioprincipios.com\/"},{"@type":"ListItem","position":2,"name":"El Gobierno prohibir\u00e1 las reuniones sociales por 15 d\u00edas en todo el pa\u00eds por aumento de contagios"}]},{"@type":"WebSite","@id":"https:\/\/diarioprincipios.com\/#website","url":"https:\/\/diarioprincipios.com\/","name":"Principios","description":"Principios Diario","publisher":{"@id":"https:\/\/diarioprincipios.com\/#organization"},"potentialAction":[{"@type":"SearchAction","target":{"@type":"EntryPoint","urlTemplate":"https:\/\/diarioprincipios.com\/?s={search_term_string}"},"query-input":{"@type":"PropertyValueSpecification","valueRequired":true,"valueName":"search_term_string"}}],"inLanguage":"es"},{"@type":"Organization","@id":"https:\/\/diarioprincipios.com\/#organization","name":"Principios","url":"https:\/\/diarioprincipios.com\/","logo":{"@type":"ImageObject","inLanguage":"es","@id":"https:\/\/diarioprincipios.com\/#\/schema\/logo\/image\/","url":"https:\/\/diarioprincipios.com\/wp-content\/uploads\/2024\/04\/cropped-www.diarioprincipios.com_-1.png","contentUrl":"https:\/\/diarioprincipios.com\/wp-content\/uploads\/2024\/04\/cropped-www.diarioprincipios.com_-1.png","width":5325,"height":1454,"caption":"Principios"},"image":{"@id":"https:\/\/diarioprincipios.com\/#\/schema\/logo\/image\/"}},{"@type":"Person","@id":"https:\/\/diarioprincipios.com\/#\/schema\/person\/436d5a1fd41a5e250e23ff5a6a7cb080","name":"Hern\u00e1n L\u00f3pez","image":{"@type":"ImageObject","inLanguage":"es","@id":"https:\/\/diarioprincipios.com\/wp-content\/litespeed\/avatar\/11ddfe5610ff3bd100522525b2571f48.jpg?ver=1777653193","url":"https:\/\/diarioprincipios.com\/wp-content\/litespeed\/avatar\/11ddfe5610ff3bd100522525b2571f48.jpg?ver=1777653193","contentUrl":"https:\/\/diarioprincipios.com\/wp-content\/litespeed\/avatar\/11ddfe5610ff3bd100522525b2571f48.jpg?ver=1777653193","caption":"Hern\u00e1n L\u00f3pez"},"url":"https:\/\/diarioprincipios.com\/index.php\/author\/hernan\/"}]}},"jetpack_featured_media_url":"https:\/\/diarioprincipios.com\/wp-content\/uploads\/2020\/08\/soc.jpg","_links":{"self":[{"href":"https:\/\/diarioprincipios.com\/index.php\/wp-json\/wp\/v2\/posts\/4459","targetHints":{"allow":["GET"]}}],"collection":[{"href":"https:\/\/diarioprincipios.com\/index.php\/wp-json\/wp\/v2\/posts"}],"about":[{"href":"https:\/\/diarioprincipios.com\/index.php\/wp-json\/wp\/v2\/types\/post"}],"author":[{"embeddable":true,"href":"https:\/\/diarioprincipios.com\/index.php\/wp-json\/wp\/v2\/users\/2"}],"replies":[{"embeddable":true,"href":"https:\/\/diarioprincipios.com\/index.php\/wp-json\/wp\/v2\/comments?post=4459"}],"version-history":[{"count":1,"href":"https:\/\/diarioprincipios.com\/index.php\/wp-json\/wp\/v2\/posts\/4459\/revisions"}],"predecessor-version":[{"id":4461,"href":"https:\/\/diarioprincipios.com\/index.php\/wp-json\/wp\/v2\/posts\/4459\/revisions\/4461"}],"wp:featuredmedia":[{"embeddable":true,"href":"https:\/\/diarioprincipios.com\/index.php\/wp-json\/wp\/v2\/media\/4462"}],"wp:attachment":[{"href":"https:\/\/diarioprincipios.com\/index.php\/wp-json\/wp\/v2\/media?parent=4459"}],"wp:term":[{"taxonomy":"category","embeddable":true,"href":"https:\/\/diarioprincipios.com\/index.php\/wp-json\/wp\/v2\/categories?post=4459"},{"taxonomy":"post_tag","embeddable":true,"href":"https:\/\/diarioprincipios.com\/index.php\/wp-json\/wp\/v2\/tags?post=4459"}],"curies":[{"name":"wp","href":"https:\/\/api.w.org\/{rel}","templated":true}]}}