{"id":4455,"date":"2020-08-02T19:26:07","date_gmt":"2020-08-02T22:26:07","guid":{"rendered":"http:\/\/diarioprincipios.com\/?p=4455"},"modified":"2020-08-02T19:29:36","modified_gmt":"2020-08-02T22:29:36","slug":"regresaron-a-la-tierra-los-astronautas-de-la-mision-de-spacex-a-la-estacion-espacial-internacional","status":"publish","type":"post","link":"https:\/\/diarioprincipios.com\/index.php\/2020\/08\/02\/regresaron-a-la-tierra-los-astronautas-de-la-mision-de-spacex-a-la-estacion-espacial-internacional\/","title":{"rendered":"Regresaron a la Tierra los astronautas de la misi\u00f3n de SpaceX a la Estaci\u00f3n Espacial Internacional"},"content":{"rendered":"\n<p>Los astronautas Robert Behnken y Douglas Hurley regresaron esta tarde a la Tierra a bordo de la nave espacial Crew Dragon tras dos meses en la Estaci\u00f3n Espacial Internacional, informaron hoy la NASA y la compa\u00f1\u00eda SpaceX.<\/p>\n\n\n\n<p>Behnken y Hurley amerizaron en aguas del Golfo de M\u00e9xico a bordo de la nave espacial, tras cumplir con una hist\u00f3rica misi\u00f3n iniciada el 30 de mayo, y desde la NASA confirmaron que ambos \u00abse sienten bien\u00bb.<\/p>\n\n\n\n<p>El amerizaje de los astronautas marca la primera recuperaci\u00f3n de la tripulaci\u00f3n en el mar para la NASA desde 1975, el a\u00f1o de la misi\u00f3n final de la nave espacial Apollo.<\/p>\n\n\n\n<p>La empresa, fundada por el multimillonario Elon Musk, puso fin a una misi\u00f3n hist\u00f3rica por ser el primer viaje a la \u00f3rbita en un veh\u00edculo de propiedad privada y por convertirse en el primer vuelo espacial tripulado en nueve a\u00f1os desde Estados Unidos.<\/p>\n\n\n\n<p>\u00abLos astronautas de la NASA Robert Behnken y Douglas Hurley informan que se sienten bien dentro de la nave espacial Crew Dragon despu\u00e9s de un chapuz\u00f3n hace unos minutos en el Golfo de M\u00e9xico en la costa de Pensacola, Florida. El proceso de recuperaci\u00f3n deber\u00eda llevar entre 45 minutos y una hora. Dos lanchas r\u00e1pidas que transportan personal de SpaceX se han desplegado\u00bb, inform\u00f3 la agencia espacial en su sitio web.<\/p>\n\n\n\n<p>Este es el primer regreso de una nave espacial estadounidense construida y operada comercialmente que transportaba astronautas desde la Estaci\u00f3n Espacial Internacional.<\/p>\n\n\n\n<p>\u00abY Endeavour, en nombre de los equipos SpaceX y NASA, bienvenidos de nuevo al planeta Tierra, y gracias por volar SpaceX\u00bb, dijo Mike Heiman, ingeniero de operaciones y recursos de la tripulaci\u00f3n de SpaceX.<\/p>\n\n\n\n<p>El Crew Dragon desacopl\u00f3 de la Estaci\u00f3n Espacial Internacional ayer a las 7.35 p.m. EDT, luego de m\u00e1s de dos meses de operaciones acopladas en el laboratorio en \u00f3rbita durante la misi\u00f3n SpaceX Demo-2 de la NASA.<\/p>\n\n\n\n<p>Hurley y Behnken llegaron al laboratorio en \u00f3rbita en Crew Dragon el 31 de mayo despu\u00e9s de un lanzamiento desde el Centro Espacial Kennedy de la NASA en Florida el 30 de mayo, que marc\u00f3 el primer vuelo de astronautas estadounidenses despegando desde su pa\u00eds en casi una d\u00e9cada.<\/p>\n\n\n\n<p>\u00abDemo-2 prob\u00f3 el rendimiento de todo el sistema de transporte de la tripulaci\u00f3n SpaceX, desde el lanzamiento hasta el atraque y la ca\u00edda. Fue la prueba final de vuelo para que el sistema se certifique para vuelos regulares de la tripulaci\u00f3n a la estaci\u00f3n como parte del Programa Comercial de Tripulaci\u00f3n de la NASA\u00bb, inform\u00f3 la agencia espacial.<\/p>\n","protected":false},"excerpt":{"rendered":"<p>Los astronautas Robert Behnken y Douglas Hurley regresaron esta tarde a la Tierra a bordo de la nave espacial Crew Dragon tras dos meses en la Estaci\u00f3n Espacial Internacional, informaron hoy la NASA y la compa\u00f1\u00eda SpaceX. Behnken y Hurley amerizaron en aguas del Golfo de M\u00e9xico a bordo de la nave espacial, tras cumplir&#8230;<\/p>\n","protected":false},"author":2,"featured_media":4458,"comment_status":"open","ping_status":"open","sticky":false,"template":"","format":"standard","meta":{"footnotes":""},"categories":[1],"tags":[],"class_list":["post-4455","post","type-post","status-publish","format-standard","has-post-thumbnail","hentry","category-uncategorized"],"featured_image_src":"https:\/\/diarioprincipios.com\/wp-content\/uploads\/2020\/08\/space-1.jpg","blog_images":{"medium":"https:\/\/diarioprincipios.com\/wp-content\/uploads\/2020\/08\/space-1-300x172.jpg","large":"https:\/\/diarioprincipios.com\/wp-content\/uploads\/2020\/08\/space-1.jpg"},"ams_acf":[],"yoast_head":"<!-- This site is optimized with the Yoast SEO plugin v27.3 - https:\/\/yoast.com\/product\/yoast-seo-wordpress\/ -->\n<title>Regresaron a la Tierra los astronautas de la misi\u00f3n de SpaceX a la Estaci\u00f3n Espacial Internacional - Principios<\/title>\n<meta name=\"robots\" content=\"index, follow, max-snippet:-1, max-image-preview:large, max-video-preview:-1\" \/>\n<link rel=\"canonical\" href=\"https:\/\/diarioprincipios.com\/index.php\/2020\/08\/02\/regresaron-a-la-tierra-los-astronautas-de-la-mision-de-spacex-a-la-estacion-espacial-internacional\/\" \/>\n<meta property=\"og:locale\" content=\"es_ES\" \/>\n<meta property=\"og:type\" content=\"article\" \/>\n<meta property=\"og:title\" content=\"Regresaron a la Tierra los astronautas de la misi\u00f3n de SpaceX a la Estaci\u00f3n Espacial Internacional - Principios\" \/>\n<meta property=\"og:description\" content=\"Los astronautas Robert Behnken y Douglas Hurley regresaron esta tarde a la Tierra a bordo de la nave espacial Crew Dragon tras dos meses en la Estaci\u00f3n Espacial Internacional, informaron hoy la NASA y la compa\u00f1\u00eda SpaceX. Behnken y Hurley amerizaron en aguas del Golfo de M\u00e9xico a bordo de la nave espacial, tras cumplir...\" \/>\n<meta property=\"og:url\" content=\"https:\/\/diarioprincipios.com\/index.php\/2020\/08\/02\/regresaron-a-la-tierra-los-astronautas-de-la-mision-de-spacex-a-la-estacion-espacial-internacional\/\" \/>\n<meta property=\"og:site_name\" content=\"Principios\" \/>\n<meta property=\"article:published_time\" content=\"2020-08-02T22:26:07+00:00\" \/>\n<meta property=\"article:modified_time\" content=\"2020-08-02T22:29:36+00:00\" \/>\n<meta property=\"og:image\" content=\"https:\/\/diarioprincipios.com\/wp-content\/uploads\/2020\/08\/space-1.jpg\" \/>\n\t<meta property=\"og:image:width\" content=\"659\" \/>\n\t<meta property=\"og:image:height\" content=\"377\" \/>\n\t<meta property=\"og:image:type\" content=\"image\/jpeg\" \/>\n<meta name=\"author\" content=\"Hern\u00e1n L\u00f3pez\" \/>\n<meta name=\"twitter:card\" content=\"summary_large_image\" \/>\n<meta name=\"twitter:label1\" content=\"Escrito por\" \/>\n\t<meta name=\"twitter:data1\" content=\"Hern\u00e1n L\u00f3pez\" \/>\n\t<meta name=\"twitter:label2\" content=\"Tiempo de lectura\" \/>\n\t<meta name=\"twitter:data2\" content=\"2 minutos\" \/>\n<script type=\"application\/ld+json\" class=\"yoast-schema-graph\">{\"@context\":\"https:\\\/\\\/schema.org\",\"@graph\":[{\"@type\":\"Article\",\"@id\":\"https:\\\/\\\/diarioprincipios.com\\\/index.php\\\/2020\\\/08\\\/02\\\/regresaron-a-la-tierra-los-astronautas-de-la-mision-de-spacex-a-la-estacion-espacial-internacional\\\/#article\",\"isPartOf\":{\"@id\":\"https:\\\/\\\/diarioprincipios.com\\\/index.php\\\/2020\\\/08\\\/02\\\/regresaron-a-la-tierra-los-astronautas-de-la-mision-de-spacex-a-la-estacion-espacial-internacional\\\/\"},\"author\":{\"name\":\"Hern\u00e1n L\u00f3pez\",\"@id\":\"https:\\\/\\\/diarioprincipios.com\\\/#\\\/schema\\\/person\\\/436d5a1fd41a5e250e23ff5a6a7cb080\"},\"headline\":\"Regresaron a la Tierra los astronautas de la misi\u00f3n de SpaceX a la Estaci\u00f3n Espacial Internacional\",\"datePublished\":\"2020-08-02T22:26:07+00:00\",\"dateModified\":\"2020-08-02T22:29:36+00:00\",\"mainEntityOfPage\":{\"@id\":\"https:\\\/\\\/diarioprincipios.com\\\/index.php\\\/2020\\\/08\\\/02\\\/regresaron-a-la-tierra-los-astronautas-de-la-mision-de-spacex-a-la-estacion-espacial-internacional\\\/\"},\"wordCount\":464,\"commentCount\":0,\"publisher\":{\"@id\":\"https:\\\/\\\/diarioprincipios.com\\\/#organization\"},\"image\":{\"@id\":\"https:\\\/\\\/diarioprincipios.com\\\/index.php\\\/2020\\\/08\\\/02\\\/regresaron-a-la-tierra-los-astronautas-de-la-mision-de-spacex-a-la-estacion-espacial-internacional\\\/#primaryimage\"},\"thumbnailUrl\":\"https:\\\/\\\/diarioprincipios.com\\\/wp-content\\\/uploads\\\/2020\\\/08\\\/space-1.jpg\",\"articleSection\":[\"Uncategorized\"],\"inLanguage\":\"es\",\"potentialAction\":[{\"@type\":\"CommentAction\",\"name\":\"Comment\",\"target\":[\"https:\\\/\\\/diarioprincipios.com\\\/index.php\\\/2020\\\/08\\\/02\\\/regresaron-a-la-tierra-los-astronautas-de-la-mision-de-spacex-a-la-estacion-espacial-internacional\\\/#respond\"]}]},{\"@type\":\"WebPage\",\"@id\":\"https:\\\/\\\/diarioprincipios.com\\\/index.php\\\/2020\\\/08\\\/02\\\/regresaron-a-la-tierra-los-astronautas-de-la-mision-de-spacex-a-la-estacion-espacial-internacional\\\/\",\"url\":\"https:\\\/\\\/diarioprincipios.com\\\/index.php\\\/2020\\\/08\\\/02\\\/regresaron-a-la-tierra-los-astronautas-de-la-mision-de-spacex-a-la-estacion-espacial-internacional\\\/\",\"name\":\"Regresaron a la Tierra los astronautas de la misi\u00f3n de SpaceX a la Estaci\u00f3n Espacial Internacional - Principios\",\"isPartOf\":{\"@id\":\"https:\\\/\\\/diarioprincipios.com\\\/#website\"},\"primaryImageOfPage\":{\"@id\":\"https:\\\/\\\/diarioprincipios.com\\\/index.php\\\/2020\\\/08\\\/02\\\/regresaron-a-la-tierra-los-astronautas-de-la-mision-de-spacex-a-la-estacion-espacial-internacional\\\/#primaryimage\"},\"image\":{\"@id\":\"https:\\\/\\\/diarioprincipios.com\\\/index.php\\\/2020\\\/08\\\/02\\\/regresaron-a-la-tierra-los-astronautas-de-la-mision-de-spacex-a-la-estacion-espacial-internacional\\\/#primaryimage\"},\"thumbnailUrl\":\"https:\\\/\\\/diarioprincipios.com\\\/wp-content\\\/uploads\\\/2020\\\/08\\\/space-1.jpg\",\"datePublished\":\"2020-08-02T22:26:07+00:00\",\"dateModified\":\"2020-08-02T22:29:36+00:00\",\"breadcrumb\":{\"@id\":\"https:\\\/\\\/diarioprincipios.com\\\/index.php\\\/2020\\\/08\\\/02\\\/regresaron-a-la-tierra-los-astronautas-de-la-mision-de-spacex-a-la-estacion-espacial-internacional\\\/#breadcrumb\"},\"inLanguage\":\"es\",\"potentialAction\":[{\"@type\":\"ReadAction\",\"target\":[\"https:\\\/\\\/diarioprincipios.com\\\/index.php\\\/2020\\\/08\\\/02\\\/regresaron-a-la-tierra-los-astronautas-de-la-mision-de-spacex-a-la-estacion-espacial-internacional\\\/\"]}]},{\"@type\":\"ImageObject\",\"inLanguage\":\"es\",\"@id\":\"https:\\\/\\\/diarioprincipios.com\\\/index.php\\\/2020\\\/08\\\/02\\\/regresaron-a-la-tierra-los-astronautas-de-la-mision-de-spacex-a-la-estacion-espacial-internacional\\\/#primaryimage\",\"url\":\"https:\\\/\\\/diarioprincipios.com\\\/wp-content\\\/uploads\\\/2020\\\/08\\\/space-1.jpg\",\"contentUrl\":\"https:\\\/\\\/diarioprincipios.com\\\/wp-content\\\/uploads\\\/2020\\\/08\\\/space-1.jpg\",\"width\":659,\"height\":377},{\"@type\":\"BreadcrumbList\",\"@id\":\"https:\\\/\\\/diarioprincipios.com\\\/index.php\\\/2020\\\/08\\\/02\\\/regresaron-a-la-tierra-los-astronautas-de-la-mision-de-spacex-a-la-estacion-espacial-internacional\\\/#breadcrumb\",\"itemListElement\":[{\"@type\":\"ListItem\",\"position\":1,\"name\":\"Portada\",\"item\":\"https:\\\/\\\/diarioprincipios.com\\\/\"},{\"@type\":\"ListItem\",\"position\":2,\"name\":\"Regresaron a la Tierra los astronautas de la misi\u00f3n de SpaceX a la Estaci\u00f3n Espacial Internacional\"}]},{\"@type\":\"WebSite\",\"@id\":\"https:\\\/\\\/diarioprincipios.com\\\/#website\",\"url\":\"https:\\\/\\\/diarioprincipios.com\\\/\",\"name\":\"Principios\",\"description\":\"Principios Diario\",\"publisher\":{\"@id\":\"https:\\\/\\\/diarioprincipios.com\\\/#organization\"},\"potentialAction\":[{\"@type\":\"SearchAction\",\"target\":{\"@type\":\"EntryPoint\",\"urlTemplate\":\"https:\\\/\\\/diarioprincipios.com\\\/?s={search_term_string}\"},\"query-input\":{\"@type\":\"PropertyValueSpecification\",\"valueRequired\":true,\"valueName\":\"search_term_string\"}}],\"inLanguage\":\"es\"},{\"@type\":\"Organization\",\"@id\":\"https:\\\/\\\/diarioprincipios.com\\\/#organization\",\"name\":\"Principios\",\"url\":\"https:\\\/\\\/diarioprincipios.com\\\/\",\"logo\":{\"@type\":\"ImageObject\",\"inLanguage\":\"es\",\"@id\":\"https:\\\/\\\/diarioprincipios.com\\\/#\\\/schema\\\/logo\\\/image\\\/\",\"url\":\"https:\\\/\\\/diarioprincipios.com\\\/wp-content\\\/uploads\\\/2024\\\/04\\\/cropped-www.diarioprincipios.com_-1.png\",\"contentUrl\":\"https:\\\/\\\/diarioprincipios.com\\\/wp-content\\\/uploads\\\/2024\\\/04\\\/cropped-www.diarioprincipios.com_-1.png\",\"width\":5325,\"height\":1454,\"caption\":\"Principios\"},\"image\":{\"@id\":\"https:\\\/\\\/diarioprincipios.com\\\/#\\\/schema\\\/logo\\\/image\\\/\"}},{\"@type\":\"Person\",\"@id\":\"https:\\\/\\\/diarioprincipios.com\\\/#\\\/schema\\\/person\\\/436d5a1fd41a5e250e23ff5a6a7cb080\",\"name\":\"Hern\u00e1n L\u00f3pez\",\"image\":{\"@type\":\"ImageObject\",\"inLanguage\":\"es\",\"@id\":\"https:\\\/\\\/diarioprincipios.com\\\/wp-content\\\/litespeed\\\/avatar\\\/11ddfe5610ff3bd100522525b2571f48.jpg?ver=1777653193\",\"url\":\"https:\\\/\\\/diarioprincipios.com\\\/wp-content\\\/litespeed\\\/avatar\\\/11ddfe5610ff3bd100522525b2571f48.jpg?ver=1777653193\",\"contentUrl\":\"https:\\\/\\\/diarioprincipios.com\\\/wp-content\\\/litespeed\\\/avatar\\\/11ddfe5610ff3bd100522525b2571f48.jpg?ver=1777653193\",\"caption\":\"Hern\u00e1n L\u00f3pez\"},\"url\":\"https:\\\/\\\/diarioprincipios.com\\\/index.php\\\/author\\\/hernan\\\/\"}]}<\/script>\n<!-- \/ Yoast SEO plugin. -->","yoast_head_json":{"title":"Regresaron a la Tierra los astronautas de la misi\u00f3n de SpaceX a la Estaci\u00f3n Espacial Internacional - Principios","robots":{"index":"index","follow":"follow","max-snippet":"max-snippet:-1","max-image-preview":"max-image-preview:large","max-video-preview":"max-video-preview:-1"},"canonical":"https:\/\/diarioprincipios.com\/index.php\/2020\/08\/02\/regresaron-a-la-tierra-los-astronautas-de-la-mision-de-spacex-a-la-estacion-espacial-internacional\/","og_locale":"es_ES","og_type":"article","og_title":"Regresaron a la Tierra los astronautas de la misi\u00f3n de SpaceX a la Estaci\u00f3n Espacial Internacional - Principios","og_description":"Los astronautas Robert Behnken y Douglas Hurley regresaron esta tarde a la Tierra a bordo de la nave espacial Crew Dragon tras dos meses en la Estaci\u00f3n Espacial Internacional, informaron hoy la NASA y la compa\u00f1\u00eda SpaceX. Behnken y Hurley amerizaron en aguas del Golfo de M\u00e9xico a bordo de la nave espacial, tras cumplir...","og_url":"https:\/\/diarioprincipios.com\/index.php\/2020\/08\/02\/regresaron-a-la-tierra-los-astronautas-de-la-mision-de-spacex-a-la-estacion-espacial-internacional\/","og_site_name":"Principios","article_published_time":"2020-08-02T22:26:07+00:00","article_modified_time":"2020-08-02T22:29:36+00:00","og_image":[{"width":659,"height":377,"url":"https:\/\/diarioprincipios.com\/wp-content\/uploads\/2020\/08\/space-1.jpg","type":"image\/jpeg"}],"author":"Hern\u00e1n L\u00f3pez","twitter_card":"summary_large_image","twitter_misc":{"Escrito por":"Hern\u00e1n L\u00f3pez","Tiempo de lectura":"2 minutos"},"schema":{"@context":"https:\/\/schema.org","@graph":[{"@type":"Article","@id":"https:\/\/diarioprincipios.com\/index.php\/2020\/08\/02\/regresaron-a-la-tierra-los-astronautas-de-la-mision-de-spacex-a-la-estacion-espacial-internacional\/#article","isPartOf":{"@id":"https:\/\/diarioprincipios.com\/index.php\/2020\/08\/02\/regresaron-a-la-tierra-los-astronautas-de-la-mision-de-spacex-a-la-estacion-espacial-internacional\/"},"author":{"name":"Hern\u00e1n L\u00f3pez","@id":"https:\/\/diarioprincipios.com\/#\/schema\/person\/436d5a1fd41a5e250e23ff5a6a7cb080"},"headline":"Regresaron a la Tierra los astronautas de la misi\u00f3n de SpaceX a la Estaci\u00f3n Espacial Internacional","datePublished":"2020-08-02T22:26:07+00:00","dateModified":"2020-08-02T22:29:36+00:00","mainEntityOfPage":{"@id":"https:\/\/diarioprincipios.com\/index.php\/2020\/08\/02\/regresaron-a-la-tierra-los-astronautas-de-la-mision-de-spacex-a-la-estacion-espacial-internacional\/"},"wordCount":464,"commentCount":0,"publisher":{"@id":"https:\/\/diarioprincipios.com\/#organization"},"image":{"@id":"https:\/\/diarioprincipios.com\/index.php\/2020\/08\/02\/regresaron-a-la-tierra-los-astronautas-de-la-mision-de-spacex-a-la-estacion-espacial-internacional\/#primaryimage"},"thumbnailUrl":"https:\/\/diarioprincipios.com\/wp-content\/uploads\/2020\/08\/space-1.jpg","articleSection":["Uncategorized"],"inLanguage":"es","potentialAction":[{"@type":"CommentAction","name":"Comment","target":["https:\/\/diarioprincipios.com\/index.php\/2020\/08\/02\/regresaron-a-la-tierra-los-astronautas-de-la-mision-de-spacex-a-la-estacion-espacial-internacional\/#respond"]}]},{"@type":"WebPage","@id":"https:\/\/diarioprincipios.com\/index.php\/2020\/08\/02\/regresaron-a-la-tierra-los-astronautas-de-la-mision-de-spacex-a-la-estacion-espacial-internacional\/","url":"https:\/\/diarioprincipios.com\/index.php\/2020\/08\/02\/regresaron-a-la-tierra-los-astronautas-de-la-mision-de-spacex-a-la-estacion-espacial-internacional\/","name":"Regresaron a la Tierra los astronautas de la misi\u00f3n de SpaceX a la Estaci\u00f3n Espacial Internacional - Principios","isPartOf":{"@id":"https:\/\/diarioprincipios.com\/#website"},"primaryImageOfPage":{"@id":"https:\/\/diarioprincipios.com\/index.php\/2020\/08\/02\/regresaron-a-la-tierra-los-astronautas-de-la-mision-de-spacex-a-la-estacion-espacial-internacional\/#primaryimage"},"image":{"@id":"https:\/\/diarioprincipios.com\/index.php\/2020\/08\/02\/regresaron-a-la-tierra-los-astronautas-de-la-mision-de-spacex-a-la-estacion-espacial-internacional\/#primaryimage"},"thumbnailUrl":"https:\/\/diarioprincipios.com\/wp-content\/uploads\/2020\/08\/space-1.jpg","datePublished":"2020-08-02T22:26:07+00:00","dateModified":"2020-08-02T22:29:36+00:00","breadcrumb":{"@id":"https:\/\/diarioprincipios.com\/index.php\/2020\/08\/02\/regresaron-a-la-tierra-los-astronautas-de-la-mision-de-spacex-a-la-estacion-espacial-internacional\/#breadcrumb"},"inLanguage":"es","potentialAction":[{"@type":"ReadAction","target":["https:\/\/diarioprincipios.com\/index.php\/2020\/08\/02\/regresaron-a-la-tierra-los-astronautas-de-la-mision-de-spacex-a-la-estacion-espacial-internacional\/"]}]},{"@type":"ImageObject","inLanguage":"es","@id":"https:\/\/diarioprincipios.com\/index.php\/2020\/08\/02\/regresaron-a-la-tierra-los-astronautas-de-la-mision-de-spacex-a-la-estacion-espacial-internacional\/#primaryimage","url":"https:\/\/diarioprincipios.com\/wp-content\/uploads\/2020\/08\/space-1.jpg","contentUrl":"https:\/\/diarioprincipios.com\/wp-content\/uploads\/2020\/08\/space-1.jpg","width":659,"height":377},{"@type":"BreadcrumbList","@id":"https:\/\/diarioprincipios.com\/index.php\/2020\/08\/02\/regresaron-a-la-tierra-los-astronautas-de-la-mision-de-spacex-a-la-estacion-espacial-internacional\/#breadcrumb","itemListElement":[{"@type":"ListItem","position":1,"name":"Portada","item":"https:\/\/diarioprincipios.com\/"},{"@type":"ListItem","position":2,"name":"Regresaron a la Tierra los astronautas de la misi\u00f3n de SpaceX a la Estaci\u00f3n Espacial Internacional"}]},{"@type":"WebSite","@id":"https:\/\/diarioprincipios.com\/#website","url":"https:\/\/diarioprincipios.com\/","name":"Principios","description":"Principios Diario","publisher":{"@id":"https:\/\/diarioprincipios.com\/#organization"},"potentialAction":[{"@type":"SearchAction","target":{"@type":"EntryPoint","urlTemplate":"https:\/\/diarioprincipios.com\/?s={search_term_string}"},"query-input":{"@type":"PropertyValueSpecification","valueRequired":true,"valueName":"search_term_string"}}],"inLanguage":"es"},{"@type":"Organization","@id":"https:\/\/diarioprincipios.com\/#organization","name":"Principios","url":"https:\/\/diarioprincipios.com\/","logo":{"@type":"ImageObject","inLanguage":"es","@id":"https:\/\/diarioprincipios.com\/#\/schema\/logo\/image\/","url":"https:\/\/diarioprincipios.com\/wp-content\/uploads\/2024\/04\/cropped-www.diarioprincipios.com_-1.png","contentUrl":"https:\/\/diarioprincipios.com\/wp-content\/uploads\/2024\/04\/cropped-www.diarioprincipios.com_-1.png","width":5325,"height":1454,"caption":"Principios"},"image":{"@id":"https:\/\/diarioprincipios.com\/#\/schema\/logo\/image\/"}},{"@type":"Person","@id":"https:\/\/diarioprincipios.com\/#\/schema\/person\/436d5a1fd41a5e250e23ff5a6a7cb080","name":"Hern\u00e1n L\u00f3pez","image":{"@type":"ImageObject","inLanguage":"es","@id":"https:\/\/diarioprincipios.com\/wp-content\/litespeed\/avatar\/11ddfe5610ff3bd100522525b2571f48.jpg?ver=1777653193","url":"https:\/\/diarioprincipios.com\/wp-content\/litespeed\/avatar\/11ddfe5610ff3bd100522525b2571f48.jpg?ver=1777653193","contentUrl":"https:\/\/diarioprincipios.com\/wp-content\/litespeed\/avatar\/11ddfe5610ff3bd100522525b2571f48.jpg?ver=1777653193","caption":"Hern\u00e1n L\u00f3pez"},"url":"https:\/\/diarioprincipios.com\/index.php\/author\/hernan\/"}]}},"jetpack_featured_media_url":"https:\/\/diarioprincipios.com\/wp-content\/uploads\/2020\/08\/space-1.jpg","_links":{"self":[{"href":"https:\/\/diarioprincipios.com\/index.php\/wp-json\/wp\/v2\/posts\/4455","targetHints":{"allow":["GET"]}}],"collection":[{"href":"https:\/\/diarioprincipios.com\/index.php\/wp-json\/wp\/v2\/posts"}],"about":[{"href":"https:\/\/diarioprincipios.com\/index.php\/wp-json\/wp\/v2\/types\/post"}],"author":[{"embeddable":true,"href":"https:\/\/diarioprincipios.com\/index.php\/wp-json\/wp\/v2\/users\/2"}],"replies":[{"embeddable":true,"href":"https:\/\/diarioprincipios.com\/index.php\/wp-json\/wp\/v2\/comments?post=4455"}],"version-history":[{"count":1,"href":"https:\/\/diarioprincipios.com\/index.php\/wp-json\/wp\/v2\/posts\/4455\/revisions"}],"predecessor-version":[{"id":4457,"href":"https:\/\/diarioprincipios.com\/index.php\/wp-json\/wp\/v2\/posts\/4455\/revisions\/4457"}],"wp:featuredmedia":[{"embeddable":true,"href":"https:\/\/diarioprincipios.com\/index.php\/wp-json\/wp\/v2\/media\/4458"}],"wp:attachment":[{"href":"https:\/\/diarioprincipios.com\/index.php\/wp-json\/wp\/v2\/media?parent=4455"}],"wp:term":[{"taxonomy":"category","embeddable":true,"href":"https:\/\/diarioprincipios.com\/index.php\/wp-json\/wp\/v2\/categories?post=4455"},{"taxonomy":"post_tag","embeddable":true,"href":"https:\/\/diarioprincipios.com\/index.php\/wp-json\/wp\/v2\/tags?post=4455"}],"curies":[{"name":"wp","href":"https:\/\/api.w.org\/{rel}","templated":true}]}}