{"id":442,"date":"2020-03-22T16:35:06","date_gmt":"2020-03-22T16:35:06","guid":{"rendered":"http:\/\/diarioprincipios.com\/?p=442"},"modified":"2020-03-22T16:35:08","modified_gmt":"2020-03-22T16:35:08","slug":"maximo-kirchner-recorrio-las-obras-de-la-upa-17-en-bernal","status":"publish","type":"post","link":"https:\/\/diarioprincipios.com\/index.php\/2020\/03\/22\/maximo-kirchner-recorrio-las-obras-de-la-upa-17-en-bernal\/","title":{"rendered":"M\u00e1ximo Kirchner recorri\u00f3 las obras de la UPA 17 en Bernal"},"content":{"rendered":"\n<p>La intendenta de Quilmes, Mayra Mendoza, recibi\u00f3 al diputado nacional, M\u00e1ximo Kirchner, con quien recorri\u00f3 las obras de ampliaci\u00f3n de la Unidad de Pronta Atenci\u00f3n (UPA) N\u00b0 17, en la que se construir\u00e1 un Hospital Modular de Emergencia, en el marco del programa de prevenci\u00f3n y de la emergencia sanitaria por la pandemia del coronavirus, que dispuso el Gobierno Nacional y que lleva adelante el Gobierno Municipal.<\/p>\n\n\n\n<p>Acompa\u00f1aron a los funcionarios el titular del bloque del Frente de Todos del senado bonaerense, Facundo Tignanelli y el senador provincial, Emmanuel Gonz\u00e1lez Santalla.<\/p>\n\n\n\n<p>La Jefa comunal y el Diputado nacional recorrieron el avance de las tareas de construcci\u00f3n que se llevan adelante en el centro de salud bernalense, en el que se prev\u00e9 la colocaci\u00f3n de m\u00e1s camas, que est\u00e1 incluido en el programa nacional. En la UPA N\u00b0 17 se est\u00e1n realizando los movimientos de suelo para colocar las bases de una estructura en seco, que est\u00e1 preparada para que se construya una segunda planta, de ser necesario.<\/p>\n\n\n\n<p>En ese marco, Mayra Mendoza y M\u00e1ximo Kirchner dialogaron con los trabajadores de la obra a quienes les agradecieron su trabajo y dedicaci\u00f3n para realizar lo antes posible la ampliaci\u00f3n del UPA y, tambi\u00e9n, el esfuerzo que cada una de las familias de los trabajadores est\u00e1n realizando en este momento que requiere del compromiso y la solidaridad de todos y todas.<\/p>\n\n\n\n<p>\u00abVinimos a visitar las obras. Se est\u00e1 trabajando muy intensamente para tener la ampliaci\u00f3n del UPA lo antes posible\u00bb, se\u00f1al\u00f3 Mayra Mendoza.<\/p>\n","protected":false},"excerpt":{"rendered":"<p>La intendenta de Quilmes, Mayra Mendoza, recibi\u00f3 al diputado nacional, M\u00e1ximo Kirchner, con quien recorri\u00f3 las obras de ampliaci\u00f3n de la Unidad de Pronta Atenci\u00f3n (UPA) N\u00b0 17, en la que se construir\u00e1 un Hospital Modular de Emergencia, en el marco del programa de prevenci\u00f3n y de la emergencia sanitaria por la pandemia del coronavirus,&#8230;<\/p>\n","protected":false},"author":2,"featured_media":443,"comment_status":"open","ping_status":"open","sticky":false,"template":"","format":"standard","meta":{"footnotes":""},"categories":[4],"tags":[],"class_list":["post-442","post","type-post","status-publish","format-standard","has-post-thumbnail","hentry","category-quilmes"],"featured_image_src":"https:\/\/diarioprincipios.com\/wp-content\/uploads\/2020\/03\/IMG-20200321-WA0047.jpg","blog_images":{"medium":"https:\/\/diarioprincipios.com\/wp-content\/uploads\/2020\/03\/IMG-20200321-WA0047-300x200.jpg","large":"https:\/\/diarioprincipios.com\/wp-content\/uploads\/2020\/03\/IMG-20200321-WA0047.jpg"},"ams_acf":[],"yoast_head":"<!-- This site is optimized with the Yoast SEO plugin v27.3 - https:\/\/yoast.com\/product\/yoast-seo-wordpress\/ -->\n<title>M\u00e1ximo Kirchner recorri\u00f3 las obras de la UPA 17 en Bernal - Principios<\/title>\n<meta name=\"robots\" content=\"index, follow, max-snippet:-1, max-image-preview:large, max-video-preview:-1\" \/>\n<link rel=\"canonical\" href=\"https:\/\/diarioprincipios.com\/index.php\/2020\/03\/22\/maximo-kirchner-recorrio-las-obras-de-la-upa-17-en-bernal\/\" \/>\n<meta property=\"og:locale\" content=\"es_ES\" \/>\n<meta property=\"og:type\" content=\"article\" \/>\n<meta property=\"og:title\" content=\"M\u00e1ximo Kirchner recorri\u00f3 las obras de la UPA 17 en Bernal - Principios\" \/>\n<meta property=\"og:description\" content=\"La intendenta de Quilmes, Mayra Mendoza, recibi\u00f3 al diputado nacional, M\u00e1ximo Kirchner, con quien recorri\u00f3 las obras de ampliaci\u00f3n de la Unidad de Pronta Atenci\u00f3n (UPA) N\u00b0 17, en la que se construir\u00e1 un Hospital Modular de Emergencia, en el marco del programa de prevenci\u00f3n y de la emergencia sanitaria por la pandemia del coronavirus,...\" \/>\n<meta property=\"og:url\" content=\"https:\/\/diarioprincipios.com\/index.php\/2020\/03\/22\/maximo-kirchner-recorrio-las-obras-de-la-upa-17-en-bernal\/\" \/>\n<meta property=\"og:site_name\" content=\"Principios\" \/>\n<meta property=\"article:published_time\" content=\"2020-03-22T16:35:06+00:00\" \/>\n<meta property=\"article:modified_time\" content=\"2020-03-22T16:35:08+00:00\" \/>\n<meta property=\"og:image\" content=\"https:\/\/diarioprincipios.com\/wp-content\/uploads\/2020\/03\/IMG-20200321-WA0047.jpg\" \/>\n\t<meta property=\"og:image:width\" content=\"960\" \/>\n\t<meta property=\"og:image:height\" content=\"640\" \/>\n\t<meta property=\"og:image:type\" content=\"image\/jpeg\" \/>\n<meta name=\"author\" content=\"Hern\u00e1n L\u00f3pez\" \/>\n<meta name=\"twitter:card\" content=\"summary_large_image\" \/>\n<meta name=\"twitter:label1\" content=\"Escrito por\" \/>\n\t<meta name=\"twitter:data1\" content=\"Hern\u00e1n L\u00f3pez\" \/>\n\t<meta name=\"twitter:label2\" content=\"Tiempo de lectura\" \/>\n\t<meta name=\"twitter:data2\" content=\"1 minuto\" \/>\n<script type=\"application\/ld+json\" class=\"yoast-schema-graph\">{\"@context\":\"https:\\\/\\\/schema.org\",\"@graph\":[{\"@type\":\"Article\",\"@id\":\"https:\\\/\\\/diarioprincipios.com\\\/index.php\\\/2020\\\/03\\\/22\\\/maximo-kirchner-recorrio-las-obras-de-la-upa-17-en-bernal\\\/#article\",\"isPartOf\":{\"@id\":\"https:\\\/\\\/diarioprincipios.com\\\/index.php\\\/2020\\\/03\\\/22\\\/maximo-kirchner-recorrio-las-obras-de-la-upa-17-en-bernal\\\/\"},\"author\":{\"name\":\"Hern\u00e1n L\u00f3pez\",\"@id\":\"https:\\\/\\\/diarioprincipios.com\\\/#\\\/schema\\\/person\\\/436d5a1fd41a5e250e23ff5a6a7cb080\"},\"headline\":\"M\u00e1ximo Kirchner recorri\u00f3 las obras de la UPA 17 en Bernal\",\"datePublished\":\"2020-03-22T16:35:06+00:00\",\"dateModified\":\"2020-03-22T16:35:08+00:00\",\"mainEntityOfPage\":{\"@id\":\"https:\\\/\\\/diarioprincipios.com\\\/index.php\\\/2020\\\/03\\\/22\\\/maximo-kirchner-recorrio-las-obras-de-la-upa-17-en-bernal\\\/\"},\"wordCount\":276,\"commentCount\":0,\"publisher\":{\"@id\":\"https:\\\/\\\/diarioprincipios.com\\\/#organization\"},\"image\":{\"@id\":\"https:\\\/\\\/diarioprincipios.com\\\/index.php\\\/2020\\\/03\\\/22\\\/maximo-kirchner-recorrio-las-obras-de-la-upa-17-en-bernal\\\/#primaryimage\"},\"thumbnailUrl\":\"https:\\\/\\\/diarioprincipios.com\\\/wp-content\\\/uploads\\\/2020\\\/03\\\/IMG-20200321-WA0047.jpg\",\"articleSection\":[\"Quilmes\"],\"inLanguage\":\"es\",\"potentialAction\":[{\"@type\":\"CommentAction\",\"name\":\"Comment\",\"target\":[\"https:\\\/\\\/diarioprincipios.com\\\/index.php\\\/2020\\\/03\\\/22\\\/maximo-kirchner-recorrio-las-obras-de-la-upa-17-en-bernal\\\/#respond\"]}]},{\"@type\":\"WebPage\",\"@id\":\"https:\\\/\\\/diarioprincipios.com\\\/index.php\\\/2020\\\/03\\\/22\\\/maximo-kirchner-recorrio-las-obras-de-la-upa-17-en-bernal\\\/\",\"url\":\"https:\\\/\\\/diarioprincipios.com\\\/index.php\\\/2020\\\/03\\\/22\\\/maximo-kirchner-recorrio-las-obras-de-la-upa-17-en-bernal\\\/\",\"name\":\"M\u00e1ximo Kirchner recorri\u00f3 las obras de la UPA 17 en Bernal - Principios\",\"isPartOf\":{\"@id\":\"https:\\\/\\\/diarioprincipios.com\\\/#website\"},\"primaryImageOfPage\":{\"@id\":\"https:\\\/\\\/diarioprincipios.com\\\/index.php\\\/2020\\\/03\\\/22\\\/maximo-kirchner-recorrio-las-obras-de-la-upa-17-en-bernal\\\/#primaryimage\"},\"image\":{\"@id\":\"https:\\\/\\\/diarioprincipios.com\\\/index.php\\\/2020\\\/03\\\/22\\\/maximo-kirchner-recorrio-las-obras-de-la-upa-17-en-bernal\\\/#primaryimage\"},\"thumbnailUrl\":\"https:\\\/\\\/diarioprincipios.com\\\/wp-content\\\/uploads\\\/2020\\\/03\\\/IMG-20200321-WA0047.jpg\",\"datePublished\":\"2020-03-22T16:35:06+00:00\",\"dateModified\":\"2020-03-22T16:35:08+00:00\",\"breadcrumb\":{\"@id\":\"https:\\\/\\\/diarioprincipios.com\\\/index.php\\\/2020\\\/03\\\/22\\\/maximo-kirchner-recorrio-las-obras-de-la-upa-17-en-bernal\\\/#breadcrumb\"},\"inLanguage\":\"es\",\"potentialAction\":[{\"@type\":\"ReadAction\",\"target\":[\"https:\\\/\\\/diarioprincipios.com\\\/index.php\\\/2020\\\/03\\\/22\\\/maximo-kirchner-recorrio-las-obras-de-la-upa-17-en-bernal\\\/\"]}]},{\"@type\":\"ImageObject\",\"inLanguage\":\"es\",\"@id\":\"https:\\\/\\\/diarioprincipios.com\\\/index.php\\\/2020\\\/03\\\/22\\\/maximo-kirchner-recorrio-las-obras-de-la-upa-17-en-bernal\\\/#primaryimage\",\"url\":\"https:\\\/\\\/diarioprincipios.com\\\/wp-content\\\/uploads\\\/2020\\\/03\\\/IMG-20200321-WA0047.jpg\",\"contentUrl\":\"https:\\\/\\\/diarioprincipios.com\\\/wp-content\\\/uploads\\\/2020\\\/03\\\/IMG-20200321-WA0047.jpg\",\"width\":960,\"height\":640},{\"@type\":\"BreadcrumbList\",\"@id\":\"https:\\\/\\\/diarioprincipios.com\\\/index.php\\\/2020\\\/03\\\/22\\\/maximo-kirchner-recorrio-las-obras-de-la-upa-17-en-bernal\\\/#breadcrumb\",\"itemListElement\":[{\"@type\":\"ListItem\",\"position\":1,\"name\":\"Portada\",\"item\":\"https:\\\/\\\/diarioprincipios.com\\\/\"},{\"@type\":\"ListItem\",\"position\":2,\"name\":\"M\u00e1ximo Kirchner recorri\u00f3 las obras de la UPA 17 en Bernal\"}]},{\"@type\":\"WebSite\",\"@id\":\"https:\\\/\\\/diarioprincipios.com\\\/#website\",\"url\":\"https:\\\/\\\/diarioprincipios.com\\\/\",\"name\":\"Principios\",\"description\":\"Principios Diario\",\"publisher\":{\"@id\":\"https:\\\/\\\/diarioprincipios.com\\\/#organization\"},\"potentialAction\":[{\"@type\":\"SearchAction\",\"target\":{\"@type\":\"EntryPoint\",\"urlTemplate\":\"https:\\\/\\\/diarioprincipios.com\\\/?s={search_term_string}\"},\"query-input\":{\"@type\":\"PropertyValueSpecification\",\"valueRequired\":true,\"valueName\":\"search_term_string\"}}],\"inLanguage\":\"es\"},{\"@type\":\"Organization\",\"@id\":\"https:\\\/\\\/diarioprincipios.com\\\/#organization\",\"name\":\"Principios\",\"url\":\"https:\\\/\\\/diarioprincipios.com\\\/\",\"logo\":{\"@type\":\"ImageObject\",\"inLanguage\":\"es\",\"@id\":\"https:\\\/\\\/diarioprincipios.com\\\/#\\\/schema\\\/logo\\\/image\\\/\",\"url\":\"https:\\\/\\\/diarioprincipios.com\\\/wp-content\\\/uploads\\\/2024\\\/04\\\/cropped-www.diarioprincipios.com_-1.png\",\"contentUrl\":\"https:\\\/\\\/diarioprincipios.com\\\/wp-content\\\/uploads\\\/2024\\\/04\\\/cropped-www.diarioprincipios.com_-1.png\",\"width\":5325,\"height\":1454,\"caption\":\"Principios\"},\"image\":{\"@id\":\"https:\\\/\\\/diarioprincipios.com\\\/#\\\/schema\\\/logo\\\/image\\\/\"}},{\"@type\":\"Person\",\"@id\":\"https:\\\/\\\/diarioprincipios.com\\\/#\\\/schema\\\/person\\\/436d5a1fd41a5e250e23ff5a6a7cb080\",\"name\":\"Hern\u00e1n L\u00f3pez\",\"image\":{\"@type\":\"ImageObject\",\"inLanguage\":\"es\",\"@id\":\"https:\\\/\\\/diarioprincipios.com\\\/wp-content\\\/litespeed\\\/avatar\\\/11ddfe5610ff3bd100522525b2571f48.jpg?ver=1777653193\",\"url\":\"https:\\\/\\\/diarioprincipios.com\\\/wp-content\\\/litespeed\\\/avatar\\\/11ddfe5610ff3bd100522525b2571f48.jpg?ver=1777653193\",\"contentUrl\":\"https:\\\/\\\/diarioprincipios.com\\\/wp-content\\\/litespeed\\\/avatar\\\/11ddfe5610ff3bd100522525b2571f48.jpg?ver=1777653193\",\"caption\":\"Hern\u00e1n L\u00f3pez\"},\"url\":\"https:\\\/\\\/diarioprincipios.com\\\/index.php\\\/author\\\/hernan\\\/\"}]}<\/script>\n<!-- \/ Yoast SEO plugin. -->","yoast_head_json":{"title":"M\u00e1ximo Kirchner recorri\u00f3 las obras de la UPA 17 en Bernal - Principios","robots":{"index":"index","follow":"follow","max-snippet":"max-snippet:-1","max-image-preview":"max-image-preview:large","max-video-preview":"max-video-preview:-1"},"canonical":"https:\/\/diarioprincipios.com\/index.php\/2020\/03\/22\/maximo-kirchner-recorrio-las-obras-de-la-upa-17-en-bernal\/","og_locale":"es_ES","og_type":"article","og_title":"M\u00e1ximo Kirchner recorri\u00f3 las obras de la UPA 17 en Bernal - Principios","og_description":"La intendenta de Quilmes, Mayra Mendoza, recibi\u00f3 al diputado nacional, M\u00e1ximo Kirchner, con quien recorri\u00f3 las obras de ampliaci\u00f3n de la Unidad de Pronta Atenci\u00f3n (UPA) N\u00b0 17, en la que se construir\u00e1 un Hospital Modular de Emergencia, en el marco del programa de prevenci\u00f3n y de la emergencia sanitaria por la pandemia del coronavirus,...","og_url":"https:\/\/diarioprincipios.com\/index.php\/2020\/03\/22\/maximo-kirchner-recorrio-las-obras-de-la-upa-17-en-bernal\/","og_site_name":"Principios","article_published_time":"2020-03-22T16:35:06+00:00","article_modified_time":"2020-03-22T16:35:08+00:00","og_image":[{"width":960,"height":640,"url":"https:\/\/diarioprincipios.com\/wp-content\/uploads\/2020\/03\/IMG-20200321-WA0047.jpg","type":"image\/jpeg"}],"author":"Hern\u00e1n L\u00f3pez","twitter_card":"summary_large_image","twitter_misc":{"Escrito por":"Hern\u00e1n L\u00f3pez","Tiempo de lectura":"1 minuto"},"schema":{"@context":"https:\/\/schema.org","@graph":[{"@type":"Article","@id":"https:\/\/diarioprincipios.com\/index.php\/2020\/03\/22\/maximo-kirchner-recorrio-las-obras-de-la-upa-17-en-bernal\/#article","isPartOf":{"@id":"https:\/\/diarioprincipios.com\/index.php\/2020\/03\/22\/maximo-kirchner-recorrio-las-obras-de-la-upa-17-en-bernal\/"},"author":{"name":"Hern\u00e1n L\u00f3pez","@id":"https:\/\/diarioprincipios.com\/#\/schema\/person\/436d5a1fd41a5e250e23ff5a6a7cb080"},"headline":"M\u00e1ximo Kirchner recorri\u00f3 las obras de la UPA 17 en Bernal","datePublished":"2020-03-22T16:35:06+00:00","dateModified":"2020-03-22T16:35:08+00:00","mainEntityOfPage":{"@id":"https:\/\/diarioprincipios.com\/index.php\/2020\/03\/22\/maximo-kirchner-recorrio-las-obras-de-la-upa-17-en-bernal\/"},"wordCount":276,"commentCount":0,"publisher":{"@id":"https:\/\/diarioprincipios.com\/#organization"},"image":{"@id":"https:\/\/diarioprincipios.com\/index.php\/2020\/03\/22\/maximo-kirchner-recorrio-las-obras-de-la-upa-17-en-bernal\/#primaryimage"},"thumbnailUrl":"https:\/\/diarioprincipios.com\/wp-content\/uploads\/2020\/03\/IMG-20200321-WA0047.jpg","articleSection":["Quilmes"],"inLanguage":"es","potentialAction":[{"@type":"CommentAction","name":"Comment","target":["https:\/\/diarioprincipios.com\/index.php\/2020\/03\/22\/maximo-kirchner-recorrio-las-obras-de-la-upa-17-en-bernal\/#respond"]}]},{"@type":"WebPage","@id":"https:\/\/diarioprincipios.com\/index.php\/2020\/03\/22\/maximo-kirchner-recorrio-las-obras-de-la-upa-17-en-bernal\/","url":"https:\/\/diarioprincipios.com\/index.php\/2020\/03\/22\/maximo-kirchner-recorrio-las-obras-de-la-upa-17-en-bernal\/","name":"M\u00e1ximo Kirchner recorri\u00f3 las obras de la UPA 17 en Bernal - Principios","isPartOf":{"@id":"https:\/\/diarioprincipios.com\/#website"},"primaryImageOfPage":{"@id":"https:\/\/diarioprincipios.com\/index.php\/2020\/03\/22\/maximo-kirchner-recorrio-las-obras-de-la-upa-17-en-bernal\/#primaryimage"},"image":{"@id":"https:\/\/diarioprincipios.com\/index.php\/2020\/03\/22\/maximo-kirchner-recorrio-las-obras-de-la-upa-17-en-bernal\/#primaryimage"},"thumbnailUrl":"https:\/\/diarioprincipios.com\/wp-content\/uploads\/2020\/03\/IMG-20200321-WA0047.jpg","datePublished":"2020-03-22T16:35:06+00:00","dateModified":"2020-03-22T16:35:08+00:00","breadcrumb":{"@id":"https:\/\/diarioprincipios.com\/index.php\/2020\/03\/22\/maximo-kirchner-recorrio-las-obras-de-la-upa-17-en-bernal\/#breadcrumb"},"inLanguage":"es","potentialAction":[{"@type":"ReadAction","target":["https:\/\/diarioprincipios.com\/index.php\/2020\/03\/22\/maximo-kirchner-recorrio-las-obras-de-la-upa-17-en-bernal\/"]}]},{"@type":"ImageObject","inLanguage":"es","@id":"https:\/\/diarioprincipios.com\/index.php\/2020\/03\/22\/maximo-kirchner-recorrio-las-obras-de-la-upa-17-en-bernal\/#primaryimage","url":"https:\/\/diarioprincipios.com\/wp-content\/uploads\/2020\/03\/IMG-20200321-WA0047.jpg","contentUrl":"https:\/\/diarioprincipios.com\/wp-content\/uploads\/2020\/03\/IMG-20200321-WA0047.jpg","width":960,"height":640},{"@type":"BreadcrumbList","@id":"https:\/\/diarioprincipios.com\/index.php\/2020\/03\/22\/maximo-kirchner-recorrio-las-obras-de-la-upa-17-en-bernal\/#breadcrumb","itemListElement":[{"@type":"ListItem","position":1,"name":"Portada","item":"https:\/\/diarioprincipios.com\/"},{"@type":"ListItem","position":2,"name":"M\u00e1ximo Kirchner recorri\u00f3 las obras de la UPA 17 en Bernal"}]},{"@type":"WebSite","@id":"https:\/\/diarioprincipios.com\/#website","url":"https:\/\/diarioprincipios.com\/","name":"Principios","description":"Principios Diario","publisher":{"@id":"https:\/\/diarioprincipios.com\/#organization"},"potentialAction":[{"@type":"SearchAction","target":{"@type":"EntryPoint","urlTemplate":"https:\/\/diarioprincipios.com\/?s={search_term_string}"},"query-input":{"@type":"PropertyValueSpecification","valueRequired":true,"valueName":"search_term_string"}}],"inLanguage":"es"},{"@type":"Organization","@id":"https:\/\/diarioprincipios.com\/#organization","name":"Principios","url":"https:\/\/diarioprincipios.com\/","logo":{"@type":"ImageObject","inLanguage":"es","@id":"https:\/\/diarioprincipios.com\/#\/schema\/logo\/image\/","url":"https:\/\/diarioprincipios.com\/wp-content\/uploads\/2024\/04\/cropped-www.diarioprincipios.com_-1.png","contentUrl":"https:\/\/diarioprincipios.com\/wp-content\/uploads\/2024\/04\/cropped-www.diarioprincipios.com_-1.png","width":5325,"height":1454,"caption":"Principios"},"image":{"@id":"https:\/\/diarioprincipios.com\/#\/schema\/logo\/image\/"}},{"@type":"Person","@id":"https:\/\/diarioprincipios.com\/#\/schema\/person\/436d5a1fd41a5e250e23ff5a6a7cb080","name":"Hern\u00e1n L\u00f3pez","image":{"@type":"ImageObject","inLanguage":"es","@id":"https:\/\/diarioprincipios.com\/wp-content\/litespeed\/avatar\/11ddfe5610ff3bd100522525b2571f48.jpg?ver=1777653193","url":"https:\/\/diarioprincipios.com\/wp-content\/litespeed\/avatar\/11ddfe5610ff3bd100522525b2571f48.jpg?ver=1777653193","contentUrl":"https:\/\/diarioprincipios.com\/wp-content\/litespeed\/avatar\/11ddfe5610ff3bd100522525b2571f48.jpg?ver=1777653193","caption":"Hern\u00e1n L\u00f3pez"},"url":"https:\/\/diarioprincipios.com\/index.php\/author\/hernan\/"}]}},"jetpack_featured_media_url":"https:\/\/diarioprincipios.com\/wp-content\/uploads\/2020\/03\/IMG-20200321-WA0047.jpg","_links":{"self":[{"href":"https:\/\/diarioprincipios.com\/index.php\/wp-json\/wp\/v2\/posts\/442","targetHints":{"allow":["GET"]}}],"collection":[{"href":"https:\/\/diarioprincipios.com\/index.php\/wp-json\/wp\/v2\/posts"}],"about":[{"href":"https:\/\/diarioprincipios.com\/index.php\/wp-json\/wp\/v2\/types\/post"}],"author":[{"embeddable":true,"href":"https:\/\/diarioprincipios.com\/index.php\/wp-json\/wp\/v2\/users\/2"}],"replies":[{"embeddable":true,"href":"https:\/\/diarioprincipios.com\/index.php\/wp-json\/wp\/v2\/comments?post=442"}],"version-history":[{"count":1,"href":"https:\/\/diarioprincipios.com\/index.php\/wp-json\/wp\/v2\/posts\/442\/revisions"}],"predecessor-version":[{"id":444,"href":"https:\/\/diarioprincipios.com\/index.php\/wp-json\/wp\/v2\/posts\/442\/revisions\/444"}],"wp:featuredmedia":[{"embeddable":true,"href":"https:\/\/diarioprincipios.com\/index.php\/wp-json\/wp\/v2\/media\/443"}],"wp:attachment":[{"href":"https:\/\/diarioprincipios.com\/index.php\/wp-json\/wp\/v2\/media?parent=442"}],"wp:term":[{"taxonomy":"category","embeddable":true,"href":"https:\/\/diarioprincipios.com\/index.php\/wp-json\/wp\/v2\/categories?post=442"},{"taxonomy":"post_tag","embeddable":true,"href":"https:\/\/diarioprincipios.com\/index.php\/wp-json\/wp\/v2\/tags?post=442"}],"curies":[{"name":"wp","href":"https:\/\/api.w.org\/{rel}","templated":true}]}}