{"id":4352,"date":"2020-07-30T12:40:21","date_gmt":"2020-07-30T15:40:21","guid":{"rendered":"http:\/\/diarioprincipios.com\/?p=4352"},"modified":"2020-07-30T12:49:30","modified_gmt":"2020-07-30T15:49:30","slug":"junto-a-intendentes-bonaerenses-mussi-participo-de-una-reunion-por-videollamada-con-los-ministros-de-trabajo-y-produccion","status":"publish","type":"post","link":"https:\/\/diarioprincipios.com\/index.php\/2020\/07\/30\/junto-a-intendentes-bonaerenses-mussi-participo-de-una-reunion-por-videollamada-con-los-ministros-de-trabajo-y-produccion\/","title":{"rendered":"Alberto Fern\u00e1ndez sugiri\u00f3 \u00abser muy cuidadosos\u00bb con la vuelta del f\u00fatbol"},"content":{"rendered":"\n<p>El presidente Alberto Fern\u00e1ndez sugiri\u00f3 hoy \u00abser muy cuidadosos\u00bb al momento de evaluar la posible vuelta del f\u00fatbol, en momentos en los que se esperan reuniones entre la AFA y los ministerios de Salud y Turismo y Deportes para decidir, en una primera instancia, la reanudaci\u00f3n de los entrenamientos suspendidos desde marzo por la pandemia de coronavirus.<\/p>\n\n\n\n<p>\u00abTenemos que ser muy cuidadosos, pero muy cuidadosos. No es un problema centralmente de los clubes, que seguramente tengan sus intereses. El f\u00fatbol es un negocio porque mueve dinero, la televisi\u00f3n, todo eso lo entiendo. Pero hay que ponerse en la cabeza y el cuerpo del jugador que tiene que volver a su casa y vivir con sus padres con esos miedos encima\u00bb, razon\u00f3 el Presidente en di\u00e1logo con Radio con Vos.<\/p>\n\n\n\n<p>Para argumentar su postura, Fern\u00e1ndez evoc\u00f3 una charla que mantuvo con el DT de River Plate, Marcelo Gallardo, a quien defini\u00f3 como \u00abuna persona honorable, con una cabeza distinta en el f\u00fatbol\u00bb.<\/p>\n\n\n\n<p>\u00abLe pregunt\u00e9 por qu\u00e9 River se hab\u00eda opuesto tan tempranamente (no se present\u00f3 a jugar con Atl\u00e9tico Tucum\u00e1n en la fecha previa a la suspensi\u00f3n de los torneos) siendo que un partido de f\u00fatbol, sin no tiene p\u00fablico, son 22 personas que juegan al aire libre en un campo de 10 mil metros cuadrados. \u00bfCu\u00e1l es el riesgo?\u00bb, interrog\u00f3.<\/p>\n\n\n\n<p>\u00abY me contest\u00f3 que el plantel de River, en su gran mayor\u00eda, es de chicos muy chicos, j\u00f3venes que viven con sus padres en barrios del Gran Buenos Aires y la \u00fanica preocupaci\u00f3n que tienen es que si se llegan a contagiar, pueden contagiar a sus padres. Son ellos los que no quieren arriesgar y tienen raz\u00f3n\u00bb, revel\u00f3.<\/p>\n\n\n\n<p>\u00abEntonces me pregunto: a ese chico que siente eso, \u00bftenemos que exigirle que vaya a jugar un partido de f\u00fatbol en el epicentro de la pandemia? Porque ahora el epicentro est\u00e1 en Am\u00e9rica del Sur\u00bb, continu\u00f3.<\/p>\n\n\n\n<p>Finalmente, no quiso ahondar sobre la posibilidad de que los equipos argentinos jueguen partidos en Brasil cuando se reinicie la Copa Libertadores a partir del 15 de septiembre, como determin\u00f3 la Confederaci\u00f3n Sudamericana de F\u00fatbol (Conmebol).<\/p>\n\n\n\n<p>\u00abTenemos que entender que estamos en una pandemia y que al cruzar la frontera hay que ver la cantidad de focos de infecci\u00f3n que existen, por ejemplo en Brasil. Hay que verlo con los n\u00fameros, no quiero hablar m\u00e1s para no molestar a nadie\u00bb, concluy\u00f3.<\/p>\n","protected":false},"excerpt":{"rendered":"<p>El presidente Alberto Fern\u00e1ndez sugiri\u00f3 hoy \u00abser muy cuidadosos\u00bb al momento de evaluar la posible vuelta del f\u00fatbol, en momentos en los que se esperan reuniones entre la AFA y los ministerios de Salud y Turismo y Deportes para decidir, en una primera instancia, la reanudaci\u00f3n de los entrenamientos suspendidos desde marzo por la pandemia&#8230;<\/p>\n","protected":false},"author":2,"featured_media":4358,"comment_status":"open","ping_status":"open","sticky":false,"template":"","format":"standard","meta":{"footnotes":""},"categories":[6],"tags":[],"class_list":["post-4352","post","type-post","status-publish","format-standard","has-post-thumbnail","hentry","category-deportes"],"featured_image_src":"https:\/\/diarioprincipios.com\/wp-content\/uploads\/2020\/07\/20200730_124623-1024x659.jpg","blog_images":{"medium":"https:\/\/diarioprincipios.com\/wp-content\/uploads\/2020\/07\/20200730_124623-300x193.jpg","large":"https:\/\/diarioprincipios.com\/wp-content\/uploads\/2020\/07\/20200730_124623-1024x659.jpg"},"ams_acf":[],"yoast_head":"<!-- This site is optimized with the Yoast SEO plugin v27.3 - https:\/\/yoast.com\/product\/yoast-seo-wordpress\/ -->\n<title>Alberto Fern\u00e1ndez sugiri\u00f3 &quot;ser muy cuidadosos&quot; con la vuelta del f\u00fatbol - Principios<\/title>\n<meta name=\"robots\" content=\"index, follow, max-snippet:-1, max-image-preview:large, max-video-preview:-1\" \/>\n<link rel=\"canonical\" href=\"https:\/\/diarioprincipios.com\/index.php\/2020\/07\/30\/junto-a-intendentes-bonaerenses-mussi-participo-de-una-reunion-por-videollamada-con-los-ministros-de-trabajo-y-produccion\/\" \/>\n<meta property=\"og:locale\" content=\"es_ES\" \/>\n<meta property=\"og:type\" content=\"article\" \/>\n<meta property=\"og:title\" content=\"Alberto Fern\u00e1ndez sugiri\u00f3 &quot;ser muy cuidadosos&quot; con la vuelta del f\u00fatbol - Principios\" \/>\n<meta property=\"og:description\" content=\"El presidente Alberto Fern\u00e1ndez sugiri\u00f3 hoy \u00abser muy cuidadosos\u00bb al momento de evaluar la posible vuelta del f\u00fatbol, en momentos en los que se esperan reuniones entre la AFA y los ministerios de Salud y Turismo y Deportes para decidir, en una primera instancia, la reanudaci\u00f3n de los entrenamientos suspendidos desde marzo por la pandemia...\" \/>\n<meta property=\"og:url\" content=\"https:\/\/diarioprincipios.com\/index.php\/2020\/07\/30\/junto-a-intendentes-bonaerenses-mussi-participo-de-una-reunion-por-videollamada-con-los-ministros-de-trabajo-y-produccion\/\" \/>\n<meta property=\"og:site_name\" content=\"Principios\" \/>\n<meta property=\"article:published_time\" content=\"2020-07-30T15:40:21+00:00\" \/>\n<meta property=\"article:modified_time\" content=\"2020-07-30T15:49:30+00:00\" \/>\n<meta property=\"og:image\" content=\"https:\/\/diarioprincipios.com\/wp-content\/uploads\/2020\/07\/20200730_124623.jpg\" \/>\n\t<meta property=\"og:image:width\" content=\"1169\" \/>\n\t<meta property=\"og:image:height\" content=\"752\" \/>\n\t<meta property=\"og:image:type\" content=\"image\/jpeg\" \/>\n<meta name=\"author\" content=\"Hern\u00e1n L\u00f3pez\" \/>\n<meta name=\"twitter:card\" content=\"summary_large_image\" \/>\n<meta name=\"twitter:label1\" content=\"Escrito por\" \/>\n\t<meta name=\"twitter:data1\" content=\"Hern\u00e1n L\u00f3pez\" \/>\n\t<meta name=\"twitter:label2\" content=\"Tiempo de lectura\" \/>\n\t<meta name=\"twitter:data2\" content=\"2 minutos\" \/>\n<script type=\"application\/ld+json\" class=\"yoast-schema-graph\">{\"@context\":\"https:\\\/\\\/schema.org\",\"@graph\":[{\"@type\":\"Article\",\"@id\":\"https:\\\/\\\/diarioprincipios.com\\\/index.php\\\/2020\\\/07\\\/30\\\/junto-a-intendentes-bonaerenses-mussi-participo-de-una-reunion-por-videollamada-con-los-ministros-de-trabajo-y-produccion\\\/#article\",\"isPartOf\":{\"@id\":\"https:\\\/\\\/diarioprincipios.com\\\/index.php\\\/2020\\\/07\\\/30\\\/junto-a-intendentes-bonaerenses-mussi-participo-de-una-reunion-por-videollamada-con-los-ministros-de-trabajo-y-produccion\\\/\"},\"author\":{\"name\":\"Hern\u00e1n L\u00f3pez\",\"@id\":\"https:\\\/\\\/diarioprincipios.com\\\/#\\\/schema\\\/person\\\/436d5a1fd41a5e250e23ff5a6a7cb080\"},\"headline\":\"Alberto Fern\u00e1ndez sugiri\u00f3 \u00abser muy cuidadosos\u00bb con la vuelta del f\u00fatbol\",\"datePublished\":\"2020-07-30T15:40:21+00:00\",\"dateModified\":\"2020-07-30T15:49:30+00:00\",\"mainEntityOfPage\":{\"@id\":\"https:\\\/\\\/diarioprincipios.com\\\/index.php\\\/2020\\\/07\\\/30\\\/junto-a-intendentes-bonaerenses-mussi-participo-de-una-reunion-por-videollamada-con-los-ministros-de-trabajo-y-produccion\\\/\"},\"wordCount\":431,\"commentCount\":0,\"publisher\":{\"@id\":\"https:\\\/\\\/diarioprincipios.com\\\/#organization\"},\"image\":{\"@id\":\"https:\\\/\\\/diarioprincipios.com\\\/index.php\\\/2020\\\/07\\\/30\\\/junto-a-intendentes-bonaerenses-mussi-participo-de-una-reunion-por-videollamada-con-los-ministros-de-trabajo-y-produccion\\\/#primaryimage\"},\"thumbnailUrl\":\"https:\\\/\\\/diarioprincipios.com\\\/wp-content\\\/uploads\\\/2020\\\/07\\\/20200730_124623.jpg\",\"articleSection\":[\"Deportes\"],\"inLanguage\":\"es\",\"potentialAction\":[{\"@type\":\"CommentAction\",\"name\":\"Comment\",\"target\":[\"https:\\\/\\\/diarioprincipios.com\\\/index.php\\\/2020\\\/07\\\/30\\\/junto-a-intendentes-bonaerenses-mussi-participo-de-una-reunion-por-videollamada-con-los-ministros-de-trabajo-y-produccion\\\/#respond\"]}]},{\"@type\":\"WebPage\",\"@id\":\"https:\\\/\\\/diarioprincipios.com\\\/index.php\\\/2020\\\/07\\\/30\\\/junto-a-intendentes-bonaerenses-mussi-participo-de-una-reunion-por-videollamada-con-los-ministros-de-trabajo-y-produccion\\\/\",\"url\":\"https:\\\/\\\/diarioprincipios.com\\\/index.php\\\/2020\\\/07\\\/30\\\/junto-a-intendentes-bonaerenses-mussi-participo-de-una-reunion-por-videollamada-con-los-ministros-de-trabajo-y-produccion\\\/\",\"name\":\"Alberto Fern\u00e1ndez sugiri\u00f3 \\\"ser muy cuidadosos\\\" con la vuelta del f\u00fatbol - Principios\",\"isPartOf\":{\"@id\":\"https:\\\/\\\/diarioprincipios.com\\\/#website\"},\"primaryImageOfPage\":{\"@id\":\"https:\\\/\\\/diarioprincipios.com\\\/index.php\\\/2020\\\/07\\\/30\\\/junto-a-intendentes-bonaerenses-mussi-participo-de-una-reunion-por-videollamada-con-los-ministros-de-trabajo-y-produccion\\\/#primaryimage\"},\"image\":{\"@id\":\"https:\\\/\\\/diarioprincipios.com\\\/index.php\\\/2020\\\/07\\\/30\\\/junto-a-intendentes-bonaerenses-mussi-participo-de-una-reunion-por-videollamada-con-los-ministros-de-trabajo-y-produccion\\\/#primaryimage\"},\"thumbnailUrl\":\"https:\\\/\\\/diarioprincipios.com\\\/wp-content\\\/uploads\\\/2020\\\/07\\\/20200730_124623.jpg\",\"datePublished\":\"2020-07-30T15:40:21+00:00\",\"dateModified\":\"2020-07-30T15:49:30+00:00\",\"breadcrumb\":{\"@id\":\"https:\\\/\\\/diarioprincipios.com\\\/index.php\\\/2020\\\/07\\\/30\\\/junto-a-intendentes-bonaerenses-mussi-participo-de-una-reunion-por-videollamada-con-los-ministros-de-trabajo-y-produccion\\\/#breadcrumb\"},\"inLanguage\":\"es\",\"potentialAction\":[{\"@type\":\"ReadAction\",\"target\":[\"https:\\\/\\\/diarioprincipios.com\\\/index.php\\\/2020\\\/07\\\/30\\\/junto-a-intendentes-bonaerenses-mussi-participo-de-una-reunion-por-videollamada-con-los-ministros-de-trabajo-y-produccion\\\/\"]}]},{\"@type\":\"ImageObject\",\"inLanguage\":\"es\",\"@id\":\"https:\\\/\\\/diarioprincipios.com\\\/index.php\\\/2020\\\/07\\\/30\\\/junto-a-intendentes-bonaerenses-mussi-participo-de-una-reunion-por-videollamada-con-los-ministros-de-trabajo-y-produccion\\\/#primaryimage\",\"url\":\"https:\\\/\\\/diarioprincipios.com\\\/wp-content\\\/uploads\\\/2020\\\/07\\\/20200730_124623.jpg\",\"contentUrl\":\"https:\\\/\\\/diarioprincipios.com\\\/wp-content\\\/uploads\\\/2020\\\/07\\\/20200730_124623.jpg\",\"width\":1169,\"height\":752},{\"@type\":\"BreadcrumbList\",\"@id\":\"https:\\\/\\\/diarioprincipios.com\\\/index.php\\\/2020\\\/07\\\/30\\\/junto-a-intendentes-bonaerenses-mussi-participo-de-una-reunion-por-videollamada-con-los-ministros-de-trabajo-y-produccion\\\/#breadcrumb\",\"itemListElement\":[{\"@type\":\"ListItem\",\"position\":1,\"name\":\"Portada\",\"item\":\"https:\\\/\\\/diarioprincipios.com\\\/\"},{\"@type\":\"ListItem\",\"position\":2,\"name\":\"Alberto Fern\u00e1ndez sugiri\u00f3 \u00abser muy cuidadosos\u00bb con la vuelta del f\u00fatbol\"}]},{\"@type\":\"WebSite\",\"@id\":\"https:\\\/\\\/diarioprincipios.com\\\/#website\",\"url\":\"https:\\\/\\\/diarioprincipios.com\\\/\",\"name\":\"Principios\",\"description\":\"Principios Diario\",\"publisher\":{\"@id\":\"https:\\\/\\\/diarioprincipios.com\\\/#organization\"},\"potentialAction\":[{\"@type\":\"SearchAction\",\"target\":{\"@type\":\"EntryPoint\",\"urlTemplate\":\"https:\\\/\\\/diarioprincipios.com\\\/?s={search_term_string}\"},\"query-input\":{\"@type\":\"PropertyValueSpecification\",\"valueRequired\":true,\"valueName\":\"search_term_string\"}}],\"inLanguage\":\"es\"},{\"@type\":\"Organization\",\"@id\":\"https:\\\/\\\/diarioprincipios.com\\\/#organization\",\"name\":\"Principios\",\"url\":\"https:\\\/\\\/diarioprincipios.com\\\/\",\"logo\":{\"@type\":\"ImageObject\",\"inLanguage\":\"es\",\"@id\":\"https:\\\/\\\/diarioprincipios.com\\\/#\\\/schema\\\/logo\\\/image\\\/\",\"url\":\"https:\\\/\\\/diarioprincipios.com\\\/wp-content\\\/uploads\\\/2024\\\/04\\\/cropped-www.diarioprincipios.com_-1.png\",\"contentUrl\":\"https:\\\/\\\/diarioprincipios.com\\\/wp-content\\\/uploads\\\/2024\\\/04\\\/cropped-www.diarioprincipios.com_-1.png\",\"width\":5325,\"height\":1454,\"caption\":\"Principios\"},\"image\":{\"@id\":\"https:\\\/\\\/diarioprincipios.com\\\/#\\\/schema\\\/logo\\\/image\\\/\"}},{\"@type\":\"Person\",\"@id\":\"https:\\\/\\\/diarioprincipios.com\\\/#\\\/schema\\\/person\\\/436d5a1fd41a5e250e23ff5a6a7cb080\",\"name\":\"Hern\u00e1n L\u00f3pez\",\"image\":{\"@type\":\"ImageObject\",\"inLanguage\":\"es\",\"@id\":\"https:\\\/\\\/diarioprincipios.com\\\/wp-content\\\/litespeed\\\/avatar\\\/11ddfe5610ff3bd100522525b2571f48.jpg?ver=1777048341\",\"url\":\"https:\\\/\\\/diarioprincipios.com\\\/wp-content\\\/litespeed\\\/avatar\\\/11ddfe5610ff3bd100522525b2571f48.jpg?ver=1777048341\",\"contentUrl\":\"https:\\\/\\\/diarioprincipios.com\\\/wp-content\\\/litespeed\\\/avatar\\\/11ddfe5610ff3bd100522525b2571f48.jpg?ver=1777048341\",\"caption\":\"Hern\u00e1n L\u00f3pez\"},\"url\":\"https:\\\/\\\/diarioprincipios.com\\\/index.php\\\/author\\\/hernan\\\/\"}]}<\/script>\n<!-- \/ Yoast SEO plugin. -->","yoast_head_json":{"title":"Alberto Fern\u00e1ndez sugiri\u00f3 \"ser muy cuidadosos\" con la vuelta del f\u00fatbol - Principios","robots":{"index":"index","follow":"follow","max-snippet":"max-snippet:-1","max-image-preview":"max-image-preview:large","max-video-preview":"max-video-preview:-1"},"canonical":"https:\/\/diarioprincipios.com\/index.php\/2020\/07\/30\/junto-a-intendentes-bonaerenses-mussi-participo-de-una-reunion-por-videollamada-con-los-ministros-de-trabajo-y-produccion\/","og_locale":"es_ES","og_type":"article","og_title":"Alberto Fern\u00e1ndez sugiri\u00f3 \"ser muy cuidadosos\" con la vuelta del f\u00fatbol - Principios","og_description":"El presidente Alberto Fern\u00e1ndez sugiri\u00f3 hoy \u00abser muy cuidadosos\u00bb al momento de evaluar la posible vuelta del f\u00fatbol, en momentos en los que se esperan reuniones entre la AFA y los ministerios de Salud y Turismo y Deportes para decidir, en una primera instancia, la reanudaci\u00f3n de los entrenamientos suspendidos desde marzo por la pandemia...","og_url":"https:\/\/diarioprincipios.com\/index.php\/2020\/07\/30\/junto-a-intendentes-bonaerenses-mussi-participo-de-una-reunion-por-videollamada-con-los-ministros-de-trabajo-y-produccion\/","og_site_name":"Principios","article_published_time":"2020-07-30T15:40:21+00:00","article_modified_time":"2020-07-30T15:49:30+00:00","og_image":[{"width":1169,"height":752,"url":"https:\/\/diarioprincipios.com\/wp-content\/uploads\/2020\/07\/20200730_124623.jpg","type":"image\/jpeg"}],"author":"Hern\u00e1n L\u00f3pez","twitter_card":"summary_large_image","twitter_misc":{"Escrito por":"Hern\u00e1n L\u00f3pez","Tiempo de lectura":"2 minutos"},"schema":{"@context":"https:\/\/schema.org","@graph":[{"@type":"Article","@id":"https:\/\/diarioprincipios.com\/index.php\/2020\/07\/30\/junto-a-intendentes-bonaerenses-mussi-participo-de-una-reunion-por-videollamada-con-los-ministros-de-trabajo-y-produccion\/#article","isPartOf":{"@id":"https:\/\/diarioprincipios.com\/index.php\/2020\/07\/30\/junto-a-intendentes-bonaerenses-mussi-participo-de-una-reunion-por-videollamada-con-los-ministros-de-trabajo-y-produccion\/"},"author":{"name":"Hern\u00e1n L\u00f3pez","@id":"https:\/\/diarioprincipios.com\/#\/schema\/person\/436d5a1fd41a5e250e23ff5a6a7cb080"},"headline":"Alberto Fern\u00e1ndez sugiri\u00f3 \u00abser muy cuidadosos\u00bb con la vuelta del f\u00fatbol","datePublished":"2020-07-30T15:40:21+00:00","dateModified":"2020-07-30T15:49:30+00:00","mainEntityOfPage":{"@id":"https:\/\/diarioprincipios.com\/index.php\/2020\/07\/30\/junto-a-intendentes-bonaerenses-mussi-participo-de-una-reunion-por-videollamada-con-los-ministros-de-trabajo-y-produccion\/"},"wordCount":431,"commentCount":0,"publisher":{"@id":"https:\/\/diarioprincipios.com\/#organization"},"image":{"@id":"https:\/\/diarioprincipios.com\/index.php\/2020\/07\/30\/junto-a-intendentes-bonaerenses-mussi-participo-de-una-reunion-por-videollamada-con-los-ministros-de-trabajo-y-produccion\/#primaryimage"},"thumbnailUrl":"https:\/\/diarioprincipios.com\/wp-content\/uploads\/2020\/07\/20200730_124623.jpg","articleSection":["Deportes"],"inLanguage":"es","potentialAction":[{"@type":"CommentAction","name":"Comment","target":["https:\/\/diarioprincipios.com\/index.php\/2020\/07\/30\/junto-a-intendentes-bonaerenses-mussi-participo-de-una-reunion-por-videollamada-con-los-ministros-de-trabajo-y-produccion\/#respond"]}]},{"@type":"WebPage","@id":"https:\/\/diarioprincipios.com\/index.php\/2020\/07\/30\/junto-a-intendentes-bonaerenses-mussi-participo-de-una-reunion-por-videollamada-con-los-ministros-de-trabajo-y-produccion\/","url":"https:\/\/diarioprincipios.com\/index.php\/2020\/07\/30\/junto-a-intendentes-bonaerenses-mussi-participo-de-una-reunion-por-videollamada-con-los-ministros-de-trabajo-y-produccion\/","name":"Alberto Fern\u00e1ndez sugiri\u00f3 \"ser muy cuidadosos\" con la vuelta del f\u00fatbol - Principios","isPartOf":{"@id":"https:\/\/diarioprincipios.com\/#website"},"primaryImageOfPage":{"@id":"https:\/\/diarioprincipios.com\/index.php\/2020\/07\/30\/junto-a-intendentes-bonaerenses-mussi-participo-de-una-reunion-por-videollamada-con-los-ministros-de-trabajo-y-produccion\/#primaryimage"},"image":{"@id":"https:\/\/diarioprincipios.com\/index.php\/2020\/07\/30\/junto-a-intendentes-bonaerenses-mussi-participo-de-una-reunion-por-videollamada-con-los-ministros-de-trabajo-y-produccion\/#primaryimage"},"thumbnailUrl":"https:\/\/diarioprincipios.com\/wp-content\/uploads\/2020\/07\/20200730_124623.jpg","datePublished":"2020-07-30T15:40:21+00:00","dateModified":"2020-07-30T15:49:30+00:00","breadcrumb":{"@id":"https:\/\/diarioprincipios.com\/index.php\/2020\/07\/30\/junto-a-intendentes-bonaerenses-mussi-participo-de-una-reunion-por-videollamada-con-los-ministros-de-trabajo-y-produccion\/#breadcrumb"},"inLanguage":"es","potentialAction":[{"@type":"ReadAction","target":["https:\/\/diarioprincipios.com\/index.php\/2020\/07\/30\/junto-a-intendentes-bonaerenses-mussi-participo-de-una-reunion-por-videollamada-con-los-ministros-de-trabajo-y-produccion\/"]}]},{"@type":"ImageObject","inLanguage":"es","@id":"https:\/\/diarioprincipios.com\/index.php\/2020\/07\/30\/junto-a-intendentes-bonaerenses-mussi-participo-de-una-reunion-por-videollamada-con-los-ministros-de-trabajo-y-produccion\/#primaryimage","url":"https:\/\/diarioprincipios.com\/wp-content\/uploads\/2020\/07\/20200730_124623.jpg","contentUrl":"https:\/\/diarioprincipios.com\/wp-content\/uploads\/2020\/07\/20200730_124623.jpg","width":1169,"height":752},{"@type":"BreadcrumbList","@id":"https:\/\/diarioprincipios.com\/index.php\/2020\/07\/30\/junto-a-intendentes-bonaerenses-mussi-participo-de-una-reunion-por-videollamada-con-los-ministros-de-trabajo-y-produccion\/#breadcrumb","itemListElement":[{"@type":"ListItem","position":1,"name":"Portada","item":"https:\/\/diarioprincipios.com\/"},{"@type":"ListItem","position":2,"name":"Alberto Fern\u00e1ndez sugiri\u00f3 \u00abser muy cuidadosos\u00bb con la vuelta del f\u00fatbol"}]},{"@type":"WebSite","@id":"https:\/\/diarioprincipios.com\/#website","url":"https:\/\/diarioprincipios.com\/","name":"Principios","description":"Principios Diario","publisher":{"@id":"https:\/\/diarioprincipios.com\/#organization"},"potentialAction":[{"@type":"SearchAction","target":{"@type":"EntryPoint","urlTemplate":"https:\/\/diarioprincipios.com\/?s={search_term_string}"},"query-input":{"@type":"PropertyValueSpecification","valueRequired":true,"valueName":"search_term_string"}}],"inLanguage":"es"},{"@type":"Organization","@id":"https:\/\/diarioprincipios.com\/#organization","name":"Principios","url":"https:\/\/diarioprincipios.com\/","logo":{"@type":"ImageObject","inLanguage":"es","@id":"https:\/\/diarioprincipios.com\/#\/schema\/logo\/image\/","url":"https:\/\/diarioprincipios.com\/wp-content\/uploads\/2024\/04\/cropped-www.diarioprincipios.com_-1.png","contentUrl":"https:\/\/diarioprincipios.com\/wp-content\/uploads\/2024\/04\/cropped-www.diarioprincipios.com_-1.png","width":5325,"height":1454,"caption":"Principios"},"image":{"@id":"https:\/\/diarioprincipios.com\/#\/schema\/logo\/image\/"}},{"@type":"Person","@id":"https:\/\/diarioprincipios.com\/#\/schema\/person\/436d5a1fd41a5e250e23ff5a6a7cb080","name":"Hern\u00e1n L\u00f3pez","image":{"@type":"ImageObject","inLanguage":"es","@id":"https:\/\/diarioprincipios.com\/wp-content\/litespeed\/avatar\/11ddfe5610ff3bd100522525b2571f48.jpg?ver=1777048341","url":"https:\/\/diarioprincipios.com\/wp-content\/litespeed\/avatar\/11ddfe5610ff3bd100522525b2571f48.jpg?ver=1777048341","contentUrl":"https:\/\/diarioprincipios.com\/wp-content\/litespeed\/avatar\/11ddfe5610ff3bd100522525b2571f48.jpg?ver=1777048341","caption":"Hern\u00e1n L\u00f3pez"},"url":"https:\/\/diarioprincipios.com\/index.php\/author\/hernan\/"}]}},"jetpack_featured_media_url":"https:\/\/diarioprincipios.com\/wp-content\/uploads\/2020\/07\/20200730_124623.jpg","_links":{"self":[{"href":"https:\/\/diarioprincipios.com\/index.php\/wp-json\/wp\/v2\/posts\/4352","targetHints":{"allow":["GET"]}}],"collection":[{"href":"https:\/\/diarioprincipios.com\/index.php\/wp-json\/wp\/v2\/posts"}],"about":[{"href":"https:\/\/diarioprincipios.com\/index.php\/wp-json\/wp\/v2\/types\/post"}],"author":[{"embeddable":true,"href":"https:\/\/diarioprincipios.com\/index.php\/wp-json\/wp\/v2\/users\/2"}],"replies":[{"embeddable":true,"href":"https:\/\/diarioprincipios.com\/index.php\/wp-json\/wp\/v2\/comments?post=4352"}],"version-history":[{"count":2,"href":"https:\/\/diarioprincipios.com\/index.php\/wp-json\/wp\/v2\/posts\/4352\/revisions"}],"predecessor-version":[{"id":4359,"href":"https:\/\/diarioprincipios.com\/index.php\/wp-json\/wp\/v2\/posts\/4352\/revisions\/4359"}],"wp:featuredmedia":[{"embeddable":true,"href":"https:\/\/diarioprincipios.com\/index.php\/wp-json\/wp\/v2\/media\/4358"}],"wp:attachment":[{"href":"https:\/\/diarioprincipios.com\/index.php\/wp-json\/wp\/v2\/media?parent=4352"}],"wp:term":[{"taxonomy":"category","embeddable":true,"href":"https:\/\/diarioprincipios.com\/index.php\/wp-json\/wp\/v2\/categories?post=4352"},{"taxonomy":"post_tag","embeddable":true,"href":"https:\/\/diarioprincipios.com\/index.php\/wp-json\/wp\/v2\/tags?post=4352"}],"curies":[{"name":"wp","href":"https:\/\/api.w.org\/{rel}","templated":true}]}}