{"id":4349,"date":"2020-07-29T18:36:56","date_gmt":"2020-07-29T21:36:56","guid":{"rendered":"http:\/\/diarioprincipios.com\/?p=4349"},"modified":"2020-07-29T18:37:01","modified_gmt":"2020-07-29T21:37:01","slug":"a-partir-del-lunes-se-debera-reservar-el-pasaje-para-viajar-en-tren-en-hora-pico","status":"publish","type":"post","link":"https:\/\/diarioprincipios.com\/index.php\/2020\/07\/29\/a-partir-del-lunes-se-debera-reservar-el-pasaje-para-viajar-en-tren-en-hora-pico\/","title":{"rendered":"A partir del lunes se deber\u00e1 reservar el pasaje para viajar en tren en hora pico"},"content":{"rendered":"\n<p><strong>Con el fin de fortalecer las medidas de distanciamiento social establecidas para evitar la propagaci\u00f3n del Coronavirus (COVID-19), a partir de la pr\u00f3xima semana el Ministerio de Transporte de la Naci\u00f3n comenzar\u00e1 a implementar la aplicaci\u00f3n \u201cReserv\u00e1 tu Tren\u201d.<\/strong><\/p>\n\n\n\n<p>En este marco, la Municipalidad de Berazategui les informa a los vecinos que todos aquellos que desde este lunes, 3 de agosto, requieran utilizar la L\u00ednea Roca para viajar -en el ramal La Plata- en sentido hacia Plaza Constituci\u00f3n, entre las 6.00 y las 10.00 de la ma\u00f1ana, deber\u00e1n reservar su lugar previamente.<\/p>\n\n\n\n<p>Para efectuar esta reserva, que en principio estar\u00e1 destinada a los trabajadores esenciales con permiso de circulaci\u00f3n, podr\u00e1n hacerlo a trav\u00e9s de tres diferentes alternativas: comunic\u00e1ndose telef\u00f3nicamente al 0800-222-8736 (TREN); ingresando a la P\u00e1gina Web&nbsp;<a rel=\"noreferrer noopener\" target=\"_blank\" href=\"http:\/\/autorizaciones.sofse.gob.ar\/\">autorizaciones.sofse.gob.ar<\/a>, donde tendr\u00e1n que completar la solicitud; o con la app \u00abReserv\u00e1 tu Tren\u00bb (disponible en IOS y Android).<\/p>\n\n\n\n<p>Desde la empresa Trenes Argentinos, explicaron sobre la aplicaci\u00f3n: \u201cSu finalidad es disminuir la concentraci\u00f3n de personas en el transporte p\u00fablico, para evitar la circulaci\u00f3n del coronavirus\u201d. En este sentido, adem\u00e1s, aclararon que \u201csolo podr\u00e1 reservar el personal esencial con el permiso de circulaci\u00f3n vigente\u201d.<\/p>\n","protected":false},"excerpt":{"rendered":"<p>Con el fin de fortalecer las medidas de distanciamiento social establecidas para evitar la propagaci\u00f3n del Coronavirus (COVID-19), a partir de la pr\u00f3xima semana el Ministerio de Transporte de la Naci\u00f3n comenzar\u00e1 a implementar la aplicaci\u00f3n \u201cReserv\u00e1 tu Tren\u201d. En este marco, la Municipalidad de Berazategui les informa a los vecinos que todos aquellos que&#8230;<\/p>\n","protected":false},"author":2,"featured_media":4350,"comment_status":"open","ping_status":"open","sticky":false,"template":"","format":"standard","meta":{"footnotes":""},"categories":[3],"tags":[],"class_list":["post-4349","post","type-post","status-publish","format-standard","has-post-thumbnail","hentry","category-berazategui"],"featured_image_src":"https:\/\/diarioprincipios.com\/wp-content\/uploads\/2020\/07\/A-PARTIR-DE-ESTE-LUNES-SE-DEBER\u00c1-RESERVAR-EL-PASAJE-EN-TREN-1024x682.jpeg","blog_images":{"medium":"https:\/\/diarioprincipios.com\/wp-content\/uploads\/2020\/07\/A-PARTIR-DE-ESTE-LUNES-SE-DEBER\u00c1-RESERVAR-EL-PASAJE-EN-TREN-300x200.jpeg","large":"https:\/\/diarioprincipios.com\/wp-content\/uploads\/2020\/07\/A-PARTIR-DE-ESTE-LUNES-SE-DEBER\u00c1-RESERVAR-EL-PASAJE-EN-TREN-1024x682.jpeg"},"ams_acf":[],"yoast_head":"<!-- This site is optimized with the Yoast SEO plugin v27.3 - https:\/\/yoast.com\/product\/yoast-seo-wordpress\/ -->\n<title>A partir del lunes se deber\u00e1 reservar el pasaje para viajar en tren en hora pico - Principios<\/title>\n<meta name=\"robots\" content=\"index, follow, max-snippet:-1, max-image-preview:large, max-video-preview:-1\" \/>\n<link rel=\"canonical\" href=\"https:\/\/diarioprincipios.com\/index.php\/2020\/07\/29\/a-partir-del-lunes-se-debera-reservar-el-pasaje-para-viajar-en-tren-en-hora-pico\/\" \/>\n<meta property=\"og:locale\" content=\"es_ES\" \/>\n<meta property=\"og:type\" content=\"article\" \/>\n<meta property=\"og:title\" content=\"A partir del lunes se deber\u00e1 reservar el pasaje para viajar en tren en hora pico - Principios\" \/>\n<meta property=\"og:description\" content=\"Con el fin de fortalecer las medidas de distanciamiento social establecidas para evitar la propagaci\u00f3n del Coronavirus (COVID-19), a partir de la pr\u00f3xima semana el Ministerio de Transporte de la Naci\u00f3n comenzar\u00e1 a implementar la aplicaci\u00f3n \u201cReserv\u00e1 tu Tren\u201d. En este marco, la Municipalidad de Berazategui les informa a los vecinos que todos aquellos que...\" \/>\n<meta property=\"og:url\" content=\"https:\/\/diarioprincipios.com\/index.php\/2020\/07\/29\/a-partir-del-lunes-se-debera-reservar-el-pasaje-para-viajar-en-tren-en-hora-pico\/\" \/>\n<meta property=\"og:site_name\" content=\"Principios\" \/>\n<meta property=\"article:published_time\" content=\"2020-07-29T21:36:56+00:00\" \/>\n<meta property=\"article:modified_time\" content=\"2020-07-29T21:37:01+00:00\" \/>\n<meta property=\"og:image\" content=\"https:\/\/diarioprincipios.com\/wp-content\/uploads\/2020\/07\/A-PARTIR-DE-ESTE-LUNES-SE-DEBER\u00c1-RESERVAR-EL-PASAJE-EN-TREN.jpeg\" \/>\n\t<meta property=\"og:image:width\" content=\"1280\" \/>\n\t<meta property=\"og:image:height\" content=\"853\" \/>\n\t<meta property=\"og:image:type\" content=\"image\/jpeg\" \/>\n<meta name=\"author\" content=\"Hern\u00e1n L\u00f3pez\" \/>\n<meta name=\"twitter:card\" content=\"summary_large_image\" \/>\n<meta name=\"twitter:label1\" content=\"Escrito por\" \/>\n\t<meta name=\"twitter:data1\" content=\"Hern\u00e1n L\u00f3pez\" \/>\n\t<meta name=\"twitter:label2\" content=\"Tiempo de lectura\" \/>\n\t<meta name=\"twitter:data2\" content=\"1 minuto\" \/>\n<script type=\"application\/ld+json\" class=\"yoast-schema-graph\">{\"@context\":\"https:\\\/\\\/schema.org\",\"@graph\":[{\"@type\":\"Article\",\"@id\":\"https:\\\/\\\/diarioprincipios.com\\\/index.php\\\/2020\\\/07\\\/29\\\/a-partir-del-lunes-se-debera-reservar-el-pasaje-para-viajar-en-tren-en-hora-pico\\\/#article\",\"isPartOf\":{\"@id\":\"https:\\\/\\\/diarioprincipios.com\\\/index.php\\\/2020\\\/07\\\/29\\\/a-partir-del-lunes-se-debera-reservar-el-pasaje-para-viajar-en-tren-en-hora-pico\\\/\"},\"author\":{\"name\":\"Hern\u00e1n L\u00f3pez\",\"@id\":\"https:\\\/\\\/diarioprincipios.com\\\/#\\\/schema\\\/person\\\/436d5a1fd41a5e250e23ff5a6a7cb080\"},\"headline\":\"A partir del lunes se deber\u00e1 reservar el pasaje para viajar en tren en hora pico\",\"datePublished\":\"2020-07-29T21:36:56+00:00\",\"dateModified\":\"2020-07-29T21:37:01+00:00\",\"mainEntityOfPage\":{\"@id\":\"https:\\\/\\\/diarioprincipios.com\\\/index.php\\\/2020\\\/07\\\/29\\\/a-partir-del-lunes-se-debera-reservar-el-pasaje-para-viajar-en-tren-en-hora-pico\\\/\"},\"wordCount\":230,\"commentCount\":0,\"publisher\":{\"@id\":\"https:\\\/\\\/diarioprincipios.com\\\/#organization\"},\"image\":{\"@id\":\"https:\\\/\\\/diarioprincipios.com\\\/index.php\\\/2020\\\/07\\\/29\\\/a-partir-del-lunes-se-debera-reservar-el-pasaje-para-viajar-en-tren-en-hora-pico\\\/#primaryimage\"},\"thumbnailUrl\":\"https:\\\/\\\/diarioprincipios.com\\\/wp-content\\\/uploads\\\/2020\\\/07\\\/A-PARTIR-DE-ESTE-LUNES-SE-DEBER\u00c1-RESERVAR-EL-PASAJE-EN-TREN.jpeg\",\"articleSection\":[\"Berazategui\"],\"inLanguage\":\"es\",\"potentialAction\":[{\"@type\":\"CommentAction\",\"name\":\"Comment\",\"target\":[\"https:\\\/\\\/diarioprincipios.com\\\/index.php\\\/2020\\\/07\\\/29\\\/a-partir-del-lunes-se-debera-reservar-el-pasaje-para-viajar-en-tren-en-hora-pico\\\/#respond\"]}]},{\"@type\":\"WebPage\",\"@id\":\"https:\\\/\\\/diarioprincipios.com\\\/index.php\\\/2020\\\/07\\\/29\\\/a-partir-del-lunes-se-debera-reservar-el-pasaje-para-viajar-en-tren-en-hora-pico\\\/\",\"url\":\"https:\\\/\\\/diarioprincipios.com\\\/index.php\\\/2020\\\/07\\\/29\\\/a-partir-del-lunes-se-debera-reservar-el-pasaje-para-viajar-en-tren-en-hora-pico\\\/\",\"name\":\"A partir del lunes se deber\u00e1 reservar el pasaje para viajar en tren en hora pico - Principios\",\"isPartOf\":{\"@id\":\"https:\\\/\\\/diarioprincipios.com\\\/#website\"},\"primaryImageOfPage\":{\"@id\":\"https:\\\/\\\/diarioprincipios.com\\\/index.php\\\/2020\\\/07\\\/29\\\/a-partir-del-lunes-se-debera-reservar-el-pasaje-para-viajar-en-tren-en-hora-pico\\\/#primaryimage\"},\"image\":{\"@id\":\"https:\\\/\\\/diarioprincipios.com\\\/index.php\\\/2020\\\/07\\\/29\\\/a-partir-del-lunes-se-debera-reservar-el-pasaje-para-viajar-en-tren-en-hora-pico\\\/#primaryimage\"},\"thumbnailUrl\":\"https:\\\/\\\/diarioprincipios.com\\\/wp-content\\\/uploads\\\/2020\\\/07\\\/A-PARTIR-DE-ESTE-LUNES-SE-DEBER\u00c1-RESERVAR-EL-PASAJE-EN-TREN.jpeg\",\"datePublished\":\"2020-07-29T21:36:56+00:00\",\"dateModified\":\"2020-07-29T21:37:01+00:00\",\"breadcrumb\":{\"@id\":\"https:\\\/\\\/diarioprincipios.com\\\/index.php\\\/2020\\\/07\\\/29\\\/a-partir-del-lunes-se-debera-reservar-el-pasaje-para-viajar-en-tren-en-hora-pico\\\/#breadcrumb\"},\"inLanguage\":\"es\",\"potentialAction\":[{\"@type\":\"ReadAction\",\"target\":[\"https:\\\/\\\/diarioprincipios.com\\\/index.php\\\/2020\\\/07\\\/29\\\/a-partir-del-lunes-se-debera-reservar-el-pasaje-para-viajar-en-tren-en-hora-pico\\\/\"]}]},{\"@type\":\"ImageObject\",\"inLanguage\":\"es\",\"@id\":\"https:\\\/\\\/diarioprincipios.com\\\/index.php\\\/2020\\\/07\\\/29\\\/a-partir-del-lunes-se-debera-reservar-el-pasaje-para-viajar-en-tren-en-hora-pico\\\/#primaryimage\",\"url\":\"https:\\\/\\\/diarioprincipios.com\\\/wp-content\\\/uploads\\\/2020\\\/07\\\/A-PARTIR-DE-ESTE-LUNES-SE-DEBER\u00c1-RESERVAR-EL-PASAJE-EN-TREN.jpeg\",\"contentUrl\":\"https:\\\/\\\/diarioprincipios.com\\\/wp-content\\\/uploads\\\/2020\\\/07\\\/A-PARTIR-DE-ESTE-LUNES-SE-DEBER\u00c1-RESERVAR-EL-PASAJE-EN-TREN.jpeg\",\"width\":1280,\"height\":853},{\"@type\":\"BreadcrumbList\",\"@id\":\"https:\\\/\\\/diarioprincipios.com\\\/index.php\\\/2020\\\/07\\\/29\\\/a-partir-del-lunes-se-debera-reservar-el-pasaje-para-viajar-en-tren-en-hora-pico\\\/#breadcrumb\",\"itemListElement\":[{\"@type\":\"ListItem\",\"position\":1,\"name\":\"Portada\",\"item\":\"https:\\\/\\\/diarioprincipios.com\\\/\"},{\"@type\":\"ListItem\",\"position\":2,\"name\":\"A partir del lunes se deber\u00e1 reservar el pasaje para viajar en tren en hora pico\"}]},{\"@type\":\"WebSite\",\"@id\":\"https:\\\/\\\/diarioprincipios.com\\\/#website\",\"url\":\"https:\\\/\\\/diarioprincipios.com\\\/\",\"name\":\"Principios\",\"description\":\"Principios Diario\",\"publisher\":{\"@id\":\"https:\\\/\\\/diarioprincipios.com\\\/#organization\"},\"potentialAction\":[{\"@type\":\"SearchAction\",\"target\":{\"@type\":\"EntryPoint\",\"urlTemplate\":\"https:\\\/\\\/diarioprincipios.com\\\/?s={search_term_string}\"},\"query-input\":{\"@type\":\"PropertyValueSpecification\",\"valueRequired\":true,\"valueName\":\"search_term_string\"}}],\"inLanguage\":\"es\"},{\"@type\":\"Organization\",\"@id\":\"https:\\\/\\\/diarioprincipios.com\\\/#organization\",\"name\":\"Principios\",\"url\":\"https:\\\/\\\/diarioprincipios.com\\\/\",\"logo\":{\"@type\":\"ImageObject\",\"inLanguage\":\"es\",\"@id\":\"https:\\\/\\\/diarioprincipios.com\\\/#\\\/schema\\\/logo\\\/image\\\/\",\"url\":\"https:\\\/\\\/diarioprincipios.com\\\/wp-content\\\/uploads\\\/2024\\\/04\\\/cropped-www.diarioprincipios.com_-1.png\",\"contentUrl\":\"https:\\\/\\\/diarioprincipios.com\\\/wp-content\\\/uploads\\\/2024\\\/04\\\/cropped-www.diarioprincipios.com_-1.png\",\"width\":5325,\"height\":1454,\"caption\":\"Principios\"},\"image\":{\"@id\":\"https:\\\/\\\/diarioprincipios.com\\\/#\\\/schema\\\/logo\\\/image\\\/\"}},{\"@type\":\"Person\",\"@id\":\"https:\\\/\\\/diarioprincipios.com\\\/#\\\/schema\\\/person\\\/436d5a1fd41a5e250e23ff5a6a7cb080\",\"name\":\"Hern\u00e1n L\u00f3pez\",\"image\":{\"@type\":\"ImageObject\",\"inLanguage\":\"es\",\"@id\":\"https:\\\/\\\/diarioprincipios.com\\\/wp-content\\\/litespeed\\\/avatar\\\/11ddfe5610ff3bd100522525b2571f48.jpg?ver=1777653193\",\"url\":\"https:\\\/\\\/diarioprincipios.com\\\/wp-content\\\/litespeed\\\/avatar\\\/11ddfe5610ff3bd100522525b2571f48.jpg?ver=1777653193\",\"contentUrl\":\"https:\\\/\\\/diarioprincipios.com\\\/wp-content\\\/litespeed\\\/avatar\\\/11ddfe5610ff3bd100522525b2571f48.jpg?ver=1777653193\",\"caption\":\"Hern\u00e1n L\u00f3pez\"},\"url\":\"https:\\\/\\\/diarioprincipios.com\\\/index.php\\\/author\\\/hernan\\\/\"}]}<\/script>\n<!-- \/ Yoast SEO plugin. -->","yoast_head_json":{"title":"A partir del lunes se deber\u00e1 reservar el pasaje para viajar en tren en hora pico - Principios","robots":{"index":"index","follow":"follow","max-snippet":"max-snippet:-1","max-image-preview":"max-image-preview:large","max-video-preview":"max-video-preview:-1"},"canonical":"https:\/\/diarioprincipios.com\/index.php\/2020\/07\/29\/a-partir-del-lunes-se-debera-reservar-el-pasaje-para-viajar-en-tren-en-hora-pico\/","og_locale":"es_ES","og_type":"article","og_title":"A partir del lunes se deber\u00e1 reservar el pasaje para viajar en tren en hora pico - Principios","og_description":"Con el fin de fortalecer las medidas de distanciamiento social establecidas para evitar la propagaci\u00f3n del Coronavirus (COVID-19), a partir de la pr\u00f3xima semana el Ministerio de Transporte de la Naci\u00f3n comenzar\u00e1 a implementar la aplicaci\u00f3n \u201cReserv\u00e1 tu Tren\u201d. En este marco, la Municipalidad de Berazategui les informa a los vecinos que todos aquellos que...","og_url":"https:\/\/diarioprincipios.com\/index.php\/2020\/07\/29\/a-partir-del-lunes-se-debera-reservar-el-pasaje-para-viajar-en-tren-en-hora-pico\/","og_site_name":"Principios","article_published_time":"2020-07-29T21:36:56+00:00","article_modified_time":"2020-07-29T21:37:01+00:00","og_image":[{"width":1280,"height":853,"url":"https:\/\/diarioprincipios.com\/wp-content\/uploads\/2020\/07\/A-PARTIR-DE-ESTE-LUNES-SE-DEBER\u00c1-RESERVAR-EL-PASAJE-EN-TREN.jpeg","type":"image\/jpeg"}],"author":"Hern\u00e1n L\u00f3pez","twitter_card":"summary_large_image","twitter_misc":{"Escrito por":"Hern\u00e1n L\u00f3pez","Tiempo de lectura":"1 minuto"},"schema":{"@context":"https:\/\/schema.org","@graph":[{"@type":"Article","@id":"https:\/\/diarioprincipios.com\/index.php\/2020\/07\/29\/a-partir-del-lunes-se-debera-reservar-el-pasaje-para-viajar-en-tren-en-hora-pico\/#article","isPartOf":{"@id":"https:\/\/diarioprincipios.com\/index.php\/2020\/07\/29\/a-partir-del-lunes-se-debera-reservar-el-pasaje-para-viajar-en-tren-en-hora-pico\/"},"author":{"name":"Hern\u00e1n L\u00f3pez","@id":"https:\/\/diarioprincipios.com\/#\/schema\/person\/436d5a1fd41a5e250e23ff5a6a7cb080"},"headline":"A partir del lunes se deber\u00e1 reservar el pasaje para viajar en tren en hora pico","datePublished":"2020-07-29T21:36:56+00:00","dateModified":"2020-07-29T21:37:01+00:00","mainEntityOfPage":{"@id":"https:\/\/diarioprincipios.com\/index.php\/2020\/07\/29\/a-partir-del-lunes-se-debera-reservar-el-pasaje-para-viajar-en-tren-en-hora-pico\/"},"wordCount":230,"commentCount":0,"publisher":{"@id":"https:\/\/diarioprincipios.com\/#organization"},"image":{"@id":"https:\/\/diarioprincipios.com\/index.php\/2020\/07\/29\/a-partir-del-lunes-se-debera-reservar-el-pasaje-para-viajar-en-tren-en-hora-pico\/#primaryimage"},"thumbnailUrl":"https:\/\/diarioprincipios.com\/wp-content\/uploads\/2020\/07\/A-PARTIR-DE-ESTE-LUNES-SE-DEBER\u00c1-RESERVAR-EL-PASAJE-EN-TREN.jpeg","articleSection":["Berazategui"],"inLanguage":"es","potentialAction":[{"@type":"CommentAction","name":"Comment","target":["https:\/\/diarioprincipios.com\/index.php\/2020\/07\/29\/a-partir-del-lunes-se-debera-reservar-el-pasaje-para-viajar-en-tren-en-hora-pico\/#respond"]}]},{"@type":"WebPage","@id":"https:\/\/diarioprincipios.com\/index.php\/2020\/07\/29\/a-partir-del-lunes-se-debera-reservar-el-pasaje-para-viajar-en-tren-en-hora-pico\/","url":"https:\/\/diarioprincipios.com\/index.php\/2020\/07\/29\/a-partir-del-lunes-se-debera-reservar-el-pasaje-para-viajar-en-tren-en-hora-pico\/","name":"A partir del lunes se deber\u00e1 reservar el pasaje para viajar en tren en hora pico - Principios","isPartOf":{"@id":"https:\/\/diarioprincipios.com\/#website"},"primaryImageOfPage":{"@id":"https:\/\/diarioprincipios.com\/index.php\/2020\/07\/29\/a-partir-del-lunes-se-debera-reservar-el-pasaje-para-viajar-en-tren-en-hora-pico\/#primaryimage"},"image":{"@id":"https:\/\/diarioprincipios.com\/index.php\/2020\/07\/29\/a-partir-del-lunes-se-debera-reservar-el-pasaje-para-viajar-en-tren-en-hora-pico\/#primaryimage"},"thumbnailUrl":"https:\/\/diarioprincipios.com\/wp-content\/uploads\/2020\/07\/A-PARTIR-DE-ESTE-LUNES-SE-DEBER\u00c1-RESERVAR-EL-PASAJE-EN-TREN.jpeg","datePublished":"2020-07-29T21:36:56+00:00","dateModified":"2020-07-29T21:37:01+00:00","breadcrumb":{"@id":"https:\/\/diarioprincipios.com\/index.php\/2020\/07\/29\/a-partir-del-lunes-se-debera-reservar-el-pasaje-para-viajar-en-tren-en-hora-pico\/#breadcrumb"},"inLanguage":"es","potentialAction":[{"@type":"ReadAction","target":["https:\/\/diarioprincipios.com\/index.php\/2020\/07\/29\/a-partir-del-lunes-se-debera-reservar-el-pasaje-para-viajar-en-tren-en-hora-pico\/"]}]},{"@type":"ImageObject","inLanguage":"es","@id":"https:\/\/diarioprincipios.com\/index.php\/2020\/07\/29\/a-partir-del-lunes-se-debera-reservar-el-pasaje-para-viajar-en-tren-en-hora-pico\/#primaryimage","url":"https:\/\/diarioprincipios.com\/wp-content\/uploads\/2020\/07\/A-PARTIR-DE-ESTE-LUNES-SE-DEBER\u00c1-RESERVAR-EL-PASAJE-EN-TREN.jpeg","contentUrl":"https:\/\/diarioprincipios.com\/wp-content\/uploads\/2020\/07\/A-PARTIR-DE-ESTE-LUNES-SE-DEBER\u00c1-RESERVAR-EL-PASAJE-EN-TREN.jpeg","width":1280,"height":853},{"@type":"BreadcrumbList","@id":"https:\/\/diarioprincipios.com\/index.php\/2020\/07\/29\/a-partir-del-lunes-se-debera-reservar-el-pasaje-para-viajar-en-tren-en-hora-pico\/#breadcrumb","itemListElement":[{"@type":"ListItem","position":1,"name":"Portada","item":"https:\/\/diarioprincipios.com\/"},{"@type":"ListItem","position":2,"name":"A partir del lunes se deber\u00e1 reservar el pasaje para viajar en tren en hora pico"}]},{"@type":"WebSite","@id":"https:\/\/diarioprincipios.com\/#website","url":"https:\/\/diarioprincipios.com\/","name":"Principios","description":"Principios Diario","publisher":{"@id":"https:\/\/diarioprincipios.com\/#organization"},"potentialAction":[{"@type":"SearchAction","target":{"@type":"EntryPoint","urlTemplate":"https:\/\/diarioprincipios.com\/?s={search_term_string}"},"query-input":{"@type":"PropertyValueSpecification","valueRequired":true,"valueName":"search_term_string"}}],"inLanguage":"es"},{"@type":"Organization","@id":"https:\/\/diarioprincipios.com\/#organization","name":"Principios","url":"https:\/\/diarioprincipios.com\/","logo":{"@type":"ImageObject","inLanguage":"es","@id":"https:\/\/diarioprincipios.com\/#\/schema\/logo\/image\/","url":"https:\/\/diarioprincipios.com\/wp-content\/uploads\/2024\/04\/cropped-www.diarioprincipios.com_-1.png","contentUrl":"https:\/\/diarioprincipios.com\/wp-content\/uploads\/2024\/04\/cropped-www.diarioprincipios.com_-1.png","width":5325,"height":1454,"caption":"Principios"},"image":{"@id":"https:\/\/diarioprincipios.com\/#\/schema\/logo\/image\/"}},{"@type":"Person","@id":"https:\/\/diarioprincipios.com\/#\/schema\/person\/436d5a1fd41a5e250e23ff5a6a7cb080","name":"Hern\u00e1n L\u00f3pez","image":{"@type":"ImageObject","inLanguage":"es","@id":"https:\/\/diarioprincipios.com\/wp-content\/litespeed\/avatar\/11ddfe5610ff3bd100522525b2571f48.jpg?ver=1777653193","url":"https:\/\/diarioprincipios.com\/wp-content\/litespeed\/avatar\/11ddfe5610ff3bd100522525b2571f48.jpg?ver=1777653193","contentUrl":"https:\/\/diarioprincipios.com\/wp-content\/litespeed\/avatar\/11ddfe5610ff3bd100522525b2571f48.jpg?ver=1777653193","caption":"Hern\u00e1n L\u00f3pez"},"url":"https:\/\/diarioprincipios.com\/index.php\/author\/hernan\/"}]}},"jetpack_featured_media_url":"https:\/\/diarioprincipios.com\/wp-content\/uploads\/2020\/07\/A-PARTIR-DE-ESTE-LUNES-SE-DEBER\u00c1-RESERVAR-EL-PASAJE-EN-TREN.jpeg","_links":{"self":[{"href":"https:\/\/diarioprincipios.com\/index.php\/wp-json\/wp\/v2\/posts\/4349","targetHints":{"allow":["GET"]}}],"collection":[{"href":"https:\/\/diarioprincipios.com\/index.php\/wp-json\/wp\/v2\/posts"}],"about":[{"href":"https:\/\/diarioprincipios.com\/index.php\/wp-json\/wp\/v2\/types\/post"}],"author":[{"embeddable":true,"href":"https:\/\/diarioprincipios.com\/index.php\/wp-json\/wp\/v2\/users\/2"}],"replies":[{"embeddable":true,"href":"https:\/\/diarioprincipios.com\/index.php\/wp-json\/wp\/v2\/comments?post=4349"}],"version-history":[{"count":1,"href":"https:\/\/diarioprincipios.com\/index.php\/wp-json\/wp\/v2\/posts\/4349\/revisions"}],"predecessor-version":[{"id":4351,"href":"https:\/\/diarioprincipios.com\/index.php\/wp-json\/wp\/v2\/posts\/4349\/revisions\/4351"}],"wp:featuredmedia":[{"embeddable":true,"href":"https:\/\/diarioprincipios.com\/index.php\/wp-json\/wp\/v2\/media\/4350"}],"wp:attachment":[{"href":"https:\/\/diarioprincipios.com\/index.php\/wp-json\/wp\/v2\/media?parent=4349"}],"wp:term":[{"taxonomy":"category","embeddable":true,"href":"https:\/\/diarioprincipios.com\/index.php\/wp-json\/wp\/v2\/categories?post=4349"},{"taxonomy":"post_tag","embeddable":true,"href":"https:\/\/diarioprincipios.com\/index.php\/wp-json\/wp\/v2\/tags?post=4349"}],"curies":[{"name":"wp","href":"https:\/\/api.w.org\/{rel}","templated":true}]}}