{"id":4327,"date":"2020-07-29T14:20:30","date_gmt":"2020-07-29T17:20:30","guid":{"rendered":"http:\/\/diarioprincipios.com\/?p=4327"},"modified":"2020-07-29T14:20:32","modified_gmt":"2020-07-29T17:20:32","slug":"el-bombero-fallecido-maximiliano-cruz-firma-paz-fue-declarado-ciudadano-ilustre-de-berazategui","status":"publish","type":"post","link":"https:\/\/diarioprincipios.com\/index.php\/2020\/07\/29\/el-bombero-fallecido-maximiliano-cruz-firma-paz-fue-declarado-ciudadano-ilustre-de-berazategui\/","title":{"rendered":"El Bombero fallecido Maximiliano Cruz Firma Paz fue declarado \u00abCiudadano Ilustre de Berazategui\u00bb"},"content":{"rendered":"\n<p><strong>En una sesi\u00f3n extraordinaria del Concejo Deliberante, se declar\u00f3 \u201cCiudadano Ilustre\u201d al bombero berazateguense Maximiliano Cruz Firma Paz, quien falleci\u00f3 el pasado 2 de junio mientras combat\u00eda el fuego en una perfumer\u00eda de la Ciudad Aut\u00f3noma de Buenos Aires. Adem\u00e1s, ser\u00e1 bautizada con su nombre la calle 138, desde Av. Florencio Varela hasta Av. 14.<\/strong><\/p>\n\n\n\n<p><br><br>\u201cTuvimos el honor de participar de este homenaje a mi padre, que fue nombrado \u2018Ciudadano Ilustre de Berazategui\u2019. Estamos muy agradecidos al intendente Juan Jos\u00e9 Mussi; y tambi\u00e9n al Concejo Deliberante, que acompa\u00f1\u00f3 por unanimidad este reconocimiento, al igual que el de bautizar con su nombre la calle 138, que es donde nosotros vivimos\u201d, expres\u00f3 Martina, hija de Maximiliano, el h\u00e9roe local que perdi\u00f3 la vida en el cumplimiento de su deber, coincidentemente, en el D\u00eda del Bombero Voluntario.<br><br>\u201cEste un hermoso regalo para toda la familia, pero tambi\u00e9n algo muy importante para mi pap\u00e1, porque \u00e9l amaba Berazategui. De hecho, por su trabajo, siempre tuvo la oportunidad de que lo mandaran al interior del pa\u00eds, pero \u00e9l siempre eligi\u00f3 quedarse aqu\u00ed. As\u00ed que, si hoy estuviese entre nosotros, creo que estar\u00eda m\u00e1s que feliz y orgulloso de ser nombrado \u2018Ciudadano Ilustre\u2019 de esta ciudad, que tanto quer\u00eda y donde vivi\u00f3 la mayor parte de su vida\u201d, se\u00f1al\u00f3 emocionada la joven.<br><br>A continuaci\u00f3n, Martina Firma Paz resalt\u00f3 la fuerte vocaci\u00f3n de su padre, quien desde los 19 a\u00f1os comenz\u00f3 a desempe\u00f1arse como bombero voluntario y, al momento de su fallecimiento, era subcomisario de la Estaci\u00f3n 6\u00b0 \u201cVilla Crespo\u201d del Cuerpo de Bomberos de la Ciudad de Buenos Aires. No obstante, en reconocimiento p\u00f3stumo, esta instituci\u00f3n decidi\u00f3 ascenderlo recientemente a Comisario Mayor.<br><br>\u201cMi padre siempre am\u00f3 lo que hac\u00eda. Le pon\u00eda mucha pasi\u00f3n y no le importaba si era jefe o cadete, \u00e9l siempre entraba. Como cuando le toc\u00f3 participar activamente en la tragedia de Croma\u00f1\u00f3n. Ahora, con tantos reconocimientos hacia su figura, podemos dimensionar todo lo que hizo y las vidas que salv\u00f3 gracias a su esfuerzo y dedicaci\u00f3n. Me siento muy orgullosa de ser su hija y de poder heredar todo lo que \u00e9l me ha dejado: nada menos que su apellido, su sangre, su lealtad y toda su valent\u00eda\u201d, concluy\u00f3.<br><br>Por su parte, el concejal del bloque Justicialista y tambi\u00e9n bombero voluntario, Rub\u00e9n Carbone, quien lleg\u00f3 a conocerlo en persona, record\u00f3: \u201cM\u00e1s que un jefe, se notaba que para quienes lo rodeaban era un l\u00edder, alguien que los instru\u00eda, aconsejaba y conten\u00eda. Porque Maximiliano dejaba todo por salvaguardar las vidas de los dem\u00e1s. Y esos valores, que no se aprenden sino que se traen de nacimiento para poder desarrollar esta actividad, quedaron de manifiesto aquel d\u00eda, cuando decidi\u00f3 ingresar a la perfumer\u00eda para asegurarse de que no quedaran civiles ni compa\u00f1eros en el subsuelo, donde precisamente estaba todo el producto que luego generar\u00eda la explosi\u00f3n\u201d.<br><br>Asimismo, el edil explic\u00f3: \u201cDebido a la gravedad del acontecimiento y a la actitud de Maximiliano, desde el bloque Justicialista de Berazategui hemos decidido declararlo \u2018Ciudadano Ilustre\u2019 y que la calle 138 lleve su nombre, a trav\u00e9s de las Ordenanzas municipales N\u00b0 5855 y N\u00b0 5856, respectivamente, contando con el acompa\u00f1amiento un\u00e1nime del resto de los concejales\u201d.<br><br>Finalmente, Mar\u00eda Marta Belforte, amiga de Maximiliano e impulsora de esta iniciativa en su memoria, manifest\u00f3: \u201c\u00c9l se merec\u00eda este homenaje y mucho m\u00e1s, porque era una persona de un coraz\u00f3n enorme, muy inteligente y preparado para hacer lo que hac\u00eda. Sin dudas, era un profesional con may\u00fasculas, que se sent\u00eda muy feliz de ser Bombero y de poder ayudar a los dem\u00e1s. Por eso decid\u00ed presentar este proyecto, que desde un primer momento cont\u00f3 con el apoyo de las autoridades\u201d.<br><br>UNA TRAGEDIA QUE CONMOCION\u00d3 AL PA\u00cdS<br><br>El bombero berazateguense Maximiliano Firma Paz entreg\u00f3 su vida el martes 2 de junio, mientras luchaba por extinguir un voraz incendio desatado en una perfumer\u00eda ubicada en Av. Corrientes al 5200, de la Ciudad Aut\u00f3noma de Buenos Aires. Junto a \u00e9l, tambi\u00e9n falleci\u00f3 Ariel Gast\u00f3n V\u00e1zquez, comandante Director de la Compa\u00f1\u00eda de Planeamiento, Desarrollo y Recursos Humanos de los Bomberos de la Ciudad.<br><br>Firma Paz ingres\u00f3 como cadete en 1997. Durante su carrera, pas\u00f3 por varios cuarteles del \u00e1rea urbana y estuvo en el Grupo Especial de Rescate. Tras su fallecimiento, la Municipalidad de Berazategui decret\u00f3 tres d\u00edas de duelo y las banderas de toda la Ciudad se mantuvieron a media asta en su honor.<\/p>\n","protected":false},"excerpt":{"rendered":"<p>En una sesi\u00f3n extraordinaria del Concejo Deliberante, se declar\u00f3 \u201cCiudadano Ilustre\u201d al bombero berazateguense Maximiliano Cruz Firma Paz, quien falleci\u00f3 el pasado 2 de junio mientras combat\u00eda el fuego en una perfumer\u00eda de la Ciudad Aut\u00f3noma de Buenos Aires. Adem\u00e1s, ser\u00e1 bautizada con su nombre la calle 138, desde Av. Florencio Varela hasta Av. 14&#8230;.<\/p>\n","protected":false},"author":2,"featured_media":4328,"comment_status":"open","ping_status":"open","sticky":false,"template":"","format":"standard","meta":{"footnotes":""},"categories":[3],"tags":[],"class_list":["post-4327","post","type-post","status-publish","format-standard","has-post-thumbnail","hentry","category-berazategui"],"featured_image_src":"https:\/\/diarioprincipios.com\/wp-content\/uploads\/2020\/07\/firma-paz.jpg","blog_images":{"medium":"https:\/\/diarioprincipios.com\/wp-content\/uploads\/2020\/07\/firma-paz-300x175.jpg","large":"https:\/\/diarioprincipios.com\/wp-content\/uploads\/2020\/07\/firma-paz.jpg"},"ams_acf":[],"yoast_head":"<!-- This site is optimized with the Yoast SEO plugin v27.3 - https:\/\/yoast.com\/product\/yoast-seo-wordpress\/ -->\n<title>El Bombero fallecido Maximiliano Cruz Firma Paz fue declarado &quot;Ciudadano Ilustre de Berazategui&quot; - Principios<\/title>\n<meta name=\"robots\" content=\"index, follow, max-snippet:-1, max-image-preview:large, max-video-preview:-1\" \/>\n<link rel=\"canonical\" href=\"https:\/\/diarioprincipios.com\/index.php\/2020\/07\/29\/el-bombero-fallecido-maximiliano-cruz-firma-paz-fue-declarado-ciudadano-ilustre-de-berazategui\/\" \/>\n<meta property=\"og:locale\" content=\"es_ES\" \/>\n<meta property=\"og:type\" content=\"article\" \/>\n<meta property=\"og:title\" content=\"El Bombero fallecido Maximiliano Cruz Firma Paz fue declarado &quot;Ciudadano Ilustre de Berazategui&quot; - Principios\" \/>\n<meta property=\"og:description\" content=\"En una sesi\u00f3n extraordinaria del Concejo Deliberante, se declar\u00f3 \u201cCiudadano Ilustre\u201d al bombero berazateguense Maximiliano Cruz Firma Paz, quien falleci\u00f3 el pasado 2 de junio mientras combat\u00eda el fuego en una perfumer\u00eda de la Ciudad Aut\u00f3noma de Buenos Aires. Adem\u00e1s, ser\u00e1 bautizada con su nombre la calle 138, desde Av. Florencio Varela hasta Av. 14....\" \/>\n<meta property=\"og:url\" content=\"https:\/\/diarioprincipios.com\/index.php\/2020\/07\/29\/el-bombero-fallecido-maximiliano-cruz-firma-paz-fue-declarado-ciudadano-ilustre-de-berazategui\/\" \/>\n<meta property=\"og:site_name\" content=\"Principios\" \/>\n<meta property=\"article:published_time\" content=\"2020-07-29T17:20:30+00:00\" \/>\n<meta property=\"article:modified_time\" content=\"2020-07-29T17:20:32+00:00\" \/>\n<meta property=\"og:image\" content=\"https:\/\/diarioprincipios.com\/wp-content\/uploads\/2020\/07\/firma-paz.jpg\" \/>\n\t<meta property=\"og:image:width\" content=\"858\" \/>\n\t<meta property=\"og:image:height\" content=\"500\" \/>\n\t<meta property=\"og:image:type\" content=\"image\/jpeg\" \/>\n<meta name=\"author\" content=\"Hern\u00e1n L\u00f3pez\" \/>\n<meta name=\"twitter:card\" content=\"summary_large_image\" \/>\n<meta name=\"twitter:label1\" content=\"Escrito por\" \/>\n\t<meta name=\"twitter:data1\" content=\"Hern\u00e1n L\u00f3pez\" \/>\n\t<meta name=\"twitter:label2\" content=\"Tiempo de lectura\" \/>\n\t<meta name=\"twitter:data2\" content=\"4 minutos\" \/>\n<script type=\"application\/ld+json\" class=\"yoast-schema-graph\">{\"@context\":\"https:\\\/\\\/schema.org\",\"@graph\":[{\"@type\":\"Article\",\"@id\":\"https:\\\/\\\/diarioprincipios.com\\\/index.php\\\/2020\\\/07\\\/29\\\/el-bombero-fallecido-maximiliano-cruz-firma-paz-fue-declarado-ciudadano-ilustre-de-berazategui\\\/#article\",\"isPartOf\":{\"@id\":\"https:\\\/\\\/diarioprincipios.com\\\/index.php\\\/2020\\\/07\\\/29\\\/el-bombero-fallecido-maximiliano-cruz-firma-paz-fue-declarado-ciudadano-ilustre-de-berazategui\\\/\"},\"author\":{\"name\":\"Hern\u00e1n L\u00f3pez\",\"@id\":\"https:\\\/\\\/diarioprincipios.com\\\/#\\\/schema\\\/person\\\/436d5a1fd41a5e250e23ff5a6a7cb080\"},\"headline\":\"El Bombero fallecido Maximiliano Cruz Firma Paz fue declarado \u00abCiudadano Ilustre de Berazategui\u00bb\",\"datePublished\":\"2020-07-29T17:20:30+00:00\",\"dateModified\":\"2020-07-29T17:20:32+00:00\",\"mainEntityOfPage\":{\"@id\":\"https:\\\/\\\/diarioprincipios.com\\\/index.php\\\/2020\\\/07\\\/29\\\/el-bombero-fallecido-maximiliano-cruz-firma-paz-fue-declarado-ciudadano-ilustre-de-berazategui\\\/\"},\"wordCount\":790,\"commentCount\":0,\"publisher\":{\"@id\":\"https:\\\/\\\/diarioprincipios.com\\\/#organization\"},\"image\":{\"@id\":\"https:\\\/\\\/diarioprincipios.com\\\/index.php\\\/2020\\\/07\\\/29\\\/el-bombero-fallecido-maximiliano-cruz-firma-paz-fue-declarado-ciudadano-ilustre-de-berazategui\\\/#primaryimage\"},\"thumbnailUrl\":\"https:\\\/\\\/diarioprincipios.com\\\/wp-content\\\/uploads\\\/2020\\\/07\\\/firma-paz.jpg\",\"articleSection\":[\"Berazategui\"],\"inLanguage\":\"es\",\"potentialAction\":[{\"@type\":\"CommentAction\",\"name\":\"Comment\",\"target\":[\"https:\\\/\\\/diarioprincipios.com\\\/index.php\\\/2020\\\/07\\\/29\\\/el-bombero-fallecido-maximiliano-cruz-firma-paz-fue-declarado-ciudadano-ilustre-de-berazategui\\\/#respond\"]}]},{\"@type\":\"WebPage\",\"@id\":\"https:\\\/\\\/diarioprincipios.com\\\/index.php\\\/2020\\\/07\\\/29\\\/el-bombero-fallecido-maximiliano-cruz-firma-paz-fue-declarado-ciudadano-ilustre-de-berazategui\\\/\",\"url\":\"https:\\\/\\\/diarioprincipios.com\\\/index.php\\\/2020\\\/07\\\/29\\\/el-bombero-fallecido-maximiliano-cruz-firma-paz-fue-declarado-ciudadano-ilustre-de-berazategui\\\/\",\"name\":\"El Bombero fallecido Maximiliano Cruz Firma Paz fue declarado \\\"Ciudadano Ilustre de Berazategui\\\" - Principios\",\"isPartOf\":{\"@id\":\"https:\\\/\\\/diarioprincipios.com\\\/#website\"},\"primaryImageOfPage\":{\"@id\":\"https:\\\/\\\/diarioprincipios.com\\\/index.php\\\/2020\\\/07\\\/29\\\/el-bombero-fallecido-maximiliano-cruz-firma-paz-fue-declarado-ciudadano-ilustre-de-berazategui\\\/#primaryimage\"},\"image\":{\"@id\":\"https:\\\/\\\/diarioprincipios.com\\\/index.php\\\/2020\\\/07\\\/29\\\/el-bombero-fallecido-maximiliano-cruz-firma-paz-fue-declarado-ciudadano-ilustre-de-berazategui\\\/#primaryimage\"},\"thumbnailUrl\":\"https:\\\/\\\/diarioprincipios.com\\\/wp-content\\\/uploads\\\/2020\\\/07\\\/firma-paz.jpg\",\"datePublished\":\"2020-07-29T17:20:30+00:00\",\"dateModified\":\"2020-07-29T17:20:32+00:00\",\"breadcrumb\":{\"@id\":\"https:\\\/\\\/diarioprincipios.com\\\/index.php\\\/2020\\\/07\\\/29\\\/el-bombero-fallecido-maximiliano-cruz-firma-paz-fue-declarado-ciudadano-ilustre-de-berazategui\\\/#breadcrumb\"},\"inLanguage\":\"es\",\"potentialAction\":[{\"@type\":\"ReadAction\",\"target\":[\"https:\\\/\\\/diarioprincipios.com\\\/index.php\\\/2020\\\/07\\\/29\\\/el-bombero-fallecido-maximiliano-cruz-firma-paz-fue-declarado-ciudadano-ilustre-de-berazategui\\\/\"]}]},{\"@type\":\"ImageObject\",\"inLanguage\":\"es\",\"@id\":\"https:\\\/\\\/diarioprincipios.com\\\/index.php\\\/2020\\\/07\\\/29\\\/el-bombero-fallecido-maximiliano-cruz-firma-paz-fue-declarado-ciudadano-ilustre-de-berazategui\\\/#primaryimage\",\"url\":\"https:\\\/\\\/diarioprincipios.com\\\/wp-content\\\/uploads\\\/2020\\\/07\\\/firma-paz.jpg\",\"contentUrl\":\"https:\\\/\\\/diarioprincipios.com\\\/wp-content\\\/uploads\\\/2020\\\/07\\\/firma-paz.jpg\",\"width\":858,\"height\":500},{\"@type\":\"BreadcrumbList\",\"@id\":\"https:\\\/\\\/diarioprincipios.com\\\/index.php\\\/2020\\\/07\\\/29\\\/el-bombero-fallecido-maximiliano-cruz-firma-paz-fue-declarado-ciudadano-ilustre-de-berazategui\\\/#breadcrumb\",\"itemListElement\":[{\"@type\":\"ListItem\",\"position\":1,\"name\":\"Portada\",\"item\":\"https:\\\/\\\/diarioprincipios.com\\\/\"},{\"@type\":\"ListItem\",\"position\":2,\"name\":\"El Bombero fallecido Maximiliano Cruz Firma Paz fue declarado \u00abCiudadano Ilustre de Berazategui\u00bb\"}]},{\"@type\":\"WebSite\",\"@id\":\"https:\\\/\\\/diarioprincipios.com\\\/#website\",\"url\":\"https:\\\/\\\/diarioprincipios.com\\\/\",\"name\":\"Principios\",\"description\":\"Principios Diario\",\"publisher\":{\"@id\":\"https:\\\/\\\/diarioprincipios.com\\\/#organization\"},\"potentialAction\":[{\"@type\":\"SearchAction\",\"target\":{\"@type\":\"EntryPoint\",\"urlTemplate\":\"https:\\\/\\\/diarioprincipios.com\\\/?s={search_term_string}\"},\"query-input\":{\"@type\":\"PropertyValueSpecification\",\"valueRequired\":true,\"valueName\":\"search_term_string\"}}],\"inLanguage\":\"es\"},{\"@type\":\"Organization\",\"@id\":\"https:\\\/\\\/diarioprincipios.com\\\/#organization\",\"name\":\"Principios\",\"url\":\"https:\\\/\\\/diarioprincipios.com\\\/\",\"logo\":{\"@type\":\"ImageObject\",\"inLanguage\":\"es\",\"@id\":\"https:\\\/\\\/diarioprincipios.com\\\/#\\\/schema\\\/logo\\\/image\\\/\",\"url\":\"https:\\\/\\\/diarioprincipios.com\\\/wp-content\\\/uploads\\\/2024\\\/04\\\/cropped-www.diarioprincipios.com_-1.png\",\"contentUrl\":\"https:\\\/\\\/diarioprincipios.com\\\/wp-content\\\/uploads\\\/2024\\\/04\\\/cropped-www.diarioprincipios.com_-1.png\",\"width\":5325,\"height\":1454,\"caption\":\"Principios\"},\"image\":{\"@id\":\"https:\\\/\\\/diarioprincipios.com\\\/#\\\/schema\\\/logo\\\/image\\\/\"}},{\"@type\":\"Person\",\"@id\":\"https:\\\/\\\/diarioprincipios.com\\\/#\\\/schema\\\/person\\\/436d5a1fd41a5e250e23ff5a6a7cb080\",\"name\":\"Hern\u00e1n L\u00f3pez\",\"image\":{\"@type\":\"ImageObject\",\"inLanguage\":\"es\",\"@id\":\"https:\\\/\\\/diarioprincipios.com\\\/wp-content\\\/litespeed\\\/avatar\\\/11ddfe5610ff3bd100522525b2571f48.jpg?ver=1777653193\",\"url\":\"https:\\\/\\\/diarioprincipios.com\\\/wp-content\\\/litespeed\\\/avatar\\\/11ddfe5610ff3bd100522525b2571f48.jpg?ver=1777653193\",\"contentUrl\":\"https:\\\/\\\/diarioprincipios.com\\\/wp-content\\\/litespeed\\\/avatar\\\/11ddfe5610ff3bd100522525b2571f48.jpg?ver=1777653193\",\"caption\":\"Hern\u00e1n L\u00f3pez\"},\"url\":\"https:\\\/\\\/diarioprincipios.com\\\/index.php\\\/author\\\/hernan\\\/\"}]}<\/script>\n<!-- \/ Yoast SEO plugin. -->","yoast_head_json":{"title":"El Bombero fallecido Maximiliano Cruz Firma Paz fue declarado \"Ciudadano Ilustre de Berazategui\" - Principios","robots":{"index":"index","follow":"follow","max-snippet":"max-snippet:-1","max-image-preview":"max-image-preview:large","max-video-preview":"max-video-preview:-1"},"canonical":"https:\/\/diarioprincipios.com\/index.php\/2020\/07\/29\/el-bombero-fallecido-maximiliano-cruz-firma-paz-fue-declarado-ciudadano-ilustre-de-berazategui\/","og_locale":"es_ES","og_type":"article","og_title":"El Bombero fallecido Maximiliano Cruz Firma Paz fue declarado \"Ciudadano Ilustre de Berazategui\" - Principios","og_description":"En una sesi\u00f3n extraordinaria del Concejo Deliberante, se declar\u00f3 \u201cCiudadano Ilustre\u201d al bombero berazateguense Maximiliano Cruz Firma Paz, quien falleci\u00f3 el pasado 2 de junio mientras combat\u00eda el fuego en una perfumer\u00eda de la Ciudad Aut\u00f3noma de Buenos Aires. Adem\u00e1s, ser\u00e1 bautizada con su nombre la calle 138, desde Av. Florencio Varela hasta Av. 14....","og_url":"https:\/\/diarioprincipios.com\/index.php\/2020\/07\/29\/el-bombero-fallecido-maximiliano-cruz-firma-paz-fue-declarado-ciudadano-ilustre-de-berazategui\/","og_site_name":"Principios","article_published_time":"2020-07-29T17:20:30+00:00","article_modified_time":"2020-07-29T17:20:32+00:00","og_image":[{"width":858,"height":500,"url":"https:\/\/diarioprincipios.com\/wp-content\/uploads\/2020\/07\/firma-paz.jpg","type":"image\/jpeg"}],"author":"Hern\u00e1n L\u00f3pez","twitter_card":"summary_large_image","twitter_misc":{"Escrito por":"Hern\u00e1n L\u00f3pez","Tiempo de lectura":"4 minutos"},"schema":{"@context":"https:\/\/schema.org","@graph":[{"@type":"Article","@id":"https:\/\/diarioprincipios.com\/index.php\/2020\/07\/29\/el-bombero-fallecido-maximiliano-cruz-firma-paz-fue-declarado-ciudadano-ilustre-de-berazategui\/#article","isPartOf":{"@id":"https:\/\/diarioprincipios.com\/index.php\/2020\/07\/29\/el-bombero-fallecido-maximiliano-cruz-firma-paz-fue-declarado-ciudadano-ilustre-de-berazategui\/"},"author":{"name":"Hern\u00e1n L\u00f3pez","@id":"https:\/\/diarioprincipios.com\/#\/schema\/person\/436d5a1fd41a5e250e23ff5a6a7cb080"},"headline":"El Bombero fallecido Maximiliano Cruz Firma Paz fue declarado \u00abCiudadano Ilustre de Berazategui\u00bb","datePublished":"2020-07-29T17:20:30+00:00","dateModified":"2020-07-29T17:20:32+00:00","mainEntityOfPage":{"@id":"https:\/\/diarioprincipios.com\/index.php\/2020\/07\/29\/el-bombero-fallecido-maximiliano-cruz-firma-paz-fue-declarado-ciudadano-ilustre-de-berazategui\/"},"wordCount":790,"commentCount":0,"publisher":{"@id":"https:\/\/diarioprincipios.com\/#organization"},"image":{"@id":"https:\/\/diarioprincipios.com\/index.php\/2020\/07\/29\/el-bombero-fallecido-maximiliano-cruz-firma-paz-fue-declarado-ciudadano-ilustre-de-berazategui\/#primaryimage"},"thumbnailUrl":"https:\/\/diarioprincipios.com\/wp-content\/uploads\/2020\/07\/firma-paz.jpg","articleSection":["Berazategui"],"inLanguage":"es","potentialAction":[{"@type":"CommentAction","name":"Comment","target":["https:\/\/diarioprincipios.com\/index.php\/2020\/07\/29\/el-bombero-fallecido-maximiliano-cruz-firma-paz-fue-declarado-ciudadano-ilustre-de-berazategui\/#respond"]}]},{"@type":"WebPage","@id":"https:\/\/diarioprincipios.com\/index.php\/2020\/07\/29\/el-bombero-fallecido-maximiliano-cruz-firma-paz-fue-declarado-ciudadano-ilustre-de-berazategui\/","url":"https:\/\/diarioprincipios.com\/index.php\/2020\/07\/29\/el-bombero-fallecido-maximiliano-cruz-firma-paz-fue-declarado-ciudadano-ilustre-de-berazategui\/","name":"El Bombero fallecido Maximiliano Cruz Firma Paz fue declarado \"Ciudadano Ilustre de Berazategui\" - Principios","isPartOf":{"@id":"https:\/\/diarioprincipios.com\/#website"},"primaryImageOfPage":{"@id":"https:\/\/diarioprincipios.com\/index.php\/2020\/07\/29\/el-bombero-fallecido-maximiliano-cruz-firma-paz-fue-declarado-ciudadano-ilustre-de-berazategui\/#primaryimage"},"image":{"@id":"https:\/\/diarioprincipios.com\/index.php\/2020\/07\/29\/el-bombero-fallecido-maximiliano-cruz-firma-paz-fue-declarado-ciudadano-ilustre-de-berazategui\/#primaryimage"},"thumbnailUrl":"https:\/\/diarioprincipios.com\/wp-content\/uploads\/2020\/07\/firma-paz.jpg","datePublished":"2020-07-29T17:20:30+00:00","dateModified":"2020-07-29T17:20:32+00:00","breadcrumb":{"@id":"https:\/\/diarioprincipios.com\/index.php\/2020\/07\/29\/el-bombero-fallecido-maximiliano-cruz-firma-paz-fue-declarado-ciudadano-ilustre-de-berazategui\/#breadcrumb"},"inLanguage":"es","potentialAction":[{"@type":"ReadAction","target":["https:\/\/diarioprincipios.com\/index.php\/2020\/07\/29\/el-bombero-fallecido-maximiliano-cruz-firma-paz-fue-declarado-ciudadano-ilustre-de-berazategui\/"]}]},{"@type":"ImageObject","inLanguage":"es","@id":"https:\/\/diarioprincipios.com\/index.php\/2020\/07\/29\/el-bombero-fallecido-maximiliano-cruz-firma-paz-fue-declarado-ciudadano-ilustre-de-berazategui\/#primaryimage","url":"https:\/\/diarioprincipios.com\/wp-content\/uploads\/2020\/07\/firma-paz.jpg","contentUrl":"https:\/\/diarioprincipios.com\/wp-content\/uploads\/2020\/07\/firma-paz.jpg","width":858,"height":500},{"@type":"BreadcrumbList","@id":"https:\/\/diarioprincipios.com\/index.php\/2020\/07\/29\/el-bombero-fallecido-maximiliano-cruz-firma-paz-fue-declarado-ciudadano-ilustre-de-berazategui\/#breadcrumb","itemListElement":[{"@type":"ListItem","position":1,"name":"Portada","item":"https:\/\/diarioprincipios.com\/"},{"@type":"ListItem","position":2,"name":"El Bombero fallecido Maximiliano Cruz Firma Paz fue declarado \u00abCiudadano Ilustre de Berazategui\u00bb"}]},{"@type":"WebSite","@id":"https:\/\/diarioprincipios.com\/#website","url":"https:\/\/diarioprincipios.com\/","name":"Principios","description":"Principios Diario","publisher":{"@id":"https:\/\/diarioprincipios.com\/#organization"},"potentialAction":[{"@type":"SearchAction","target":{"@type":"EntryPoint","urlTemplate":"https:\/\/diarioprincipios.com\/?s={search_term_string}"},"query-input":{"@type":"PropertyValueSpecification","valueRequired":true,"valueName":"search_term_string"}}],"inLanguage":"es"},{"@type":"Organization","@id":"https:\/\/diarioprincipios.com\/#organization","name":"Principios","url":"https:\/\/diarioprincipios.com\/","logo":{"@type":"ImageObject","inLanguage":"es","@id":"https:\/\/diarioprincipios.com\/#\/schema\/logo\/image\/","url":"https:\/\/diarioprincipios.com\/wp-content\/uploads\/2024\/04\/cropped-www.diarioprincipios.com_-1.png","contentUrl":"https:\/\/diarioprincipios.com\/wp-content\/uploads\/2024\/04\/cropped-www.diarioprincipios.com_-1.png","width":5325,"height":1454,"caption":"Principios"},"image":{"@id":"https:\/\/diarioprincipios.com\/#\/schema\/logo\/image\/"}},{"@type":"Person","@id":"https:\/\/diarioprincipios.com\/#\/schema\/person\/436d5a1fd41a5e250e23ff5a6a7cb080","name":"Hern\u00e1n L\u00f3pez","image":{"@type":"ImageObject","inLanguage":"es","@id":"https:\/\/diarioprincipios.com\/wp-content\/litespeed\/avatar\/11ddfe5610ff3bd100522525b2571f48.jpg?ver=1777653193","url":"https:\/\/diarioprincipios.com\/wp-content\/litespeed\/avatar\/11ddfe5610ff3bd100522525b2571f48.jpg?ver=1777653193","contentUrl":"https:\/\/diarioprincipios.com\/wp-content\/litespeed\/avatar\/11ddfe5610ff3bd100522525b2571f48.jpg?ver=1777653193","caption":"Hern\u00e1n L\u00f3pez"},"url":"https:\/\/diarioprincipios.com\/index.php\/author\/hernan\/"}]}},"jetpack_featured_media_url":"https:\/\/diarioprincipios.com\/wp-content\/uploads\/2020\/07\/firma-paz.jpg","_links":{"self":[{"href":"https:\/\/diarioprincipios.com\/index.php\/wp-json\/wp\/v2\/posts\/4327","targetHints":{"allow":["GET"]}}],"collection":[{"href":"https:\/\/diarioprincipios.com\/index.php\/wp-json\/wp\/v2\/posts"}],"about":[{"href":"https:\/\/diarioprincipios.com\/index.php\/wp-json\/wp\/v2\/types\/post"}],"author":[{"embeddable":true,"href":"https:\/\/diarioprincipios.com\/index.php\/wp-json\/wp\/v2\/users\/2"}],"replies":[{"embeddable":true,"href":"https:\/\/diarioprincipios.com\/index.php\/wp-json\/wp\/v2\/comments?post=4327"}],"version-history":[{"count":1,"href":"https:\/\/diarioprincipios.com\/index.php\/wp-json\/wp\/v2\/posts\/4327\/revisions"}],"predecessor-version":[{"id":4329,"href":"https:\/\/diarioprincipios.com\/index.php\/wp-json\/wp\/v2\/posts\/4327\/revisions\/4329"}],"wp:featuredmedia":[{"embeddable":true,"href":"https:\/\/diarioprincipios.com\/index.php\/wp-json\/wp\/v2\/media\/4328"}],"wp:attachment":[{"href":"https:\/\/diarioprincipios.com\/index.php\/wp-json\/wp\/v2\/media?parent=4327"}],"wp:term":[{"taxonomy":"category","embeddable":true,"href":"https:\/\/diarioprincipios.com\/index.php\/wp-json\/wp\/v2\/categories?post=4327"},{"taxonomy":"post_tag","embeddable":true,"href":"https:\/\/diarioprincipios.com\/index.php\/wp-json\/wp\/v2\/tags?post=4327"}],"curies":[{"name":"wp","href":"https:\/\/api.w.org\/{rel}","templated":true}]}}