{"id":4202,"date":"2020-07-25T20:20:16","date_gmt":"2020-07-25T23:20:16","guid":{"rendered":"http:\/\/diarioprincipios.com\/?p=4202"},"modified":"2020-07-25T20:20:22","modified_gmt":"2020-07-25T23:20:22","slug":"mussi-firmo-la-adhesion-de-berazategui-al-programa-primera-infancia","status":"publish","type":"post","link":"https:\/\/diarioprincipios.com\/index.php\/2020\/07\/25\/mussi-firmo-la-adhesion-de-berazategui-al-programa-primera-infancia\/","title":{"rendered":"Mussi firm\u00f3 la adhesi\u00f3n de Berazategui al Programa \u00abPrimera Infancia\u00bb"},"content":{"rendered":"\n<p><strong>El intendente de Berazategui, Dr. Juan Jos\u00e9 Mussi, mantuvo una reuni\u00f3n por videoconferencia con el ministro de Desarrollo Social, Daniel Arroyo, en la cual firm\u00f3 la adhesi\u00f3n del distrito al Programa nacional \u201cPrimera Infancia\u201d.<\/strong><\/p>\n\n\n\n<p>La iniciativa busca acompa\u00f1ar la crianza de ni\u00f1as y ni\u00f1os de hasta 4 a\u00f1os que se encuentren en situaci\u00f3n de vulnerabilidad, adem\u00e1s de otorgar a educadoras y educadores recursos \u00fatiles y materiales para promover y potenciar el desarrollo infantil.<\/p>\n\n\n\n<p>En la videoconferencia, el Jefe comunal berazateguense adhiri\u00f3 al convenio en pos de fortalecer 11 espacios locales de primera infancia, a trav\u00e9s de la formaci\u00f3n de personas, instituciones provinciales, locales y redes comunitarias.<\/p>\n\n\n\n<p>Estuvieron presentes 11 directoras de Nivel Inicial de instituciones municipales de Berazategui, quienes agradecieron al Ministerio nacional por este convenio que posibilitar\u00e1 el progreso.<\/p>\n\n\n\n<p>Tambi\u00e9n, participaron el Dr. Gabriel Lerner, secretario nacional de Ni\u00f1ez, Adolescencia y Familia; el Lic. Nicol\u00e1s Falcone, subsecretario nacional de Primera Infancia y vecino berazateguense; y Mar\u00eda Laura Lacava, Secretaria municipal de Desarrollo Social y Comunitario.<\/p>\n\n\n\n<p>Anteriormente, tambi\u00e9n en el mes de julio, el Municipio hab\u00eda firmado un convenio para implementar el Programa \u201cPotenciar Trabajo\u201d en Berazategui, una herramienta que promueve la finalizaci\u00f3n de estudios, vincula planes sociales con trabajo activo y otorga un subsidio para poner en marcha proyectos productivos, entre otros beneficios.<\/p>\n","protected":false},"excerpt":{"rendered":"<p>El intendente de Berazategui, Dr. Juan Jos\u00e9 Mussi, mantuvo una reuni\u00f3n por videoconferencia con el ministro de Desarrollo Social, Daniel Arroyo, en la cual firm\u00f3 la adhesi\u00f3n del distrito al Programa nacional \u201cPrimera Infancia\u201d. La iniciativa busca acompa\u00f1ar la crianza de ni\u00f1as y ni\u00f1os de hasta 4 a\u00f1os que se encuentren en situaci\u00f3n de vulnerabilidad,&#8230;<\/p>\n","protected":false},"author":2,"featured_media":4203,"comment_status":"open","ping_status":"open","sticky":false,"template":"","format":"standard","meta":{"footnotes":""},"categories":[3],"tags":[],"class_list":["post-4202","post","type-post","status-publish","format-standard","has-post-thumbnail","hentry","category-berazategui"],"featured_image_src":"https:\/\/diarioprincipios.com\/wp-content\/uploads\/2020\/07\/MUSSI-FIRM\u00d3-LA-ADHESI\u00d3N-DE-BERAZATEGUI-AL-PROGRAMA-\u201cPRIMERA-INFANCIA\u201d-3.jpg","blog_images":{"medium":"https:\/\/diarioprincipios.com\/wp-content\/uploads\/2020\/07\/MUSSI-FIRM\u00d3-LA-ADHESI\u00d3N-DE-BERAZATEGUI-AL-PROGRAMA-\u201cPRIMERA-INFANCIA\u201d-3-300x300.jpg","large":"https:\/\/diarioprincipios.com\/wp-content\/uploads\/2020\/07\/MUSSI-FIRM\u00d3-LA-ADHESI\u00d3N-DE-BERAZATEGUI-AL-PROGRAMA-\u201cPRIMERA-INFANCIA\u201d-3.jpg"},"ams_acf":[],"yoast_head":"<!-- This site is optimized with the Yoast SEO plugin v27.3 - https:\/\/yoast.com\/product\/yoast-seo-wordpress\/ -->\n<title>Mussi firm\u00f3 la adhesi\u00f3n de Berazategui al Programa &quot;Primera Infancia&quot; - Principios<\/title>\n<meta name=\"robots\" content=\"index, follow, max-snippet:-1, max-image-preview:large, max-video-preview:-1\" \/>\n<link rel=\"canonical\" href=\"https:\/\/diarioprincipios.com\/index.php\/2020\/07\/25\/mussi-firmo-la-adhesion-de-berazategui-al-programa-primera-infancia\/\" \/>\n<meta property=\"og:locale\" content=\"es_ES\" \/>\n<meta property=\"og:type\" content=\"article\" \/>\n<meta property=\"og:title\" content=\"Mussi firm\u00f3 la adhesi\u00f3n de Berazategui al Programa &quot;Primera Infancia&quot; - Principios\" \/>\n<meta property=\"og:description\" content=\"El intendente de Berazategui, Dr. Juan Jos\u00e9 Mussi, mantuvo una reuni\u00f3n por videoconferencia con el ministro de Desarrollo Social, Daniel Arroyo, en la cual firm\u00f3 la adhesi\u00f3n del distrito al Programa nacional \u201cPrimera Infancia\u201d. La iniciativa busca acompa\u00f1ar la crianza de ni\u00f1as y ni\u00f1os de hasta 4 a\u00f1os que se encuentren en situaci\u00f3n de vulnerabilidad,...\" \/>\n<meta property=\"og:url\" content=\"https:\/\/diarioprincipios.com\/index.php\/2020\/07\/25\/mussi-firmo-la-adhesion-de-berazategui-al-programa-primera-infancia\/\" \/>\n<meta property=\"og:site_name\" content=\"Principios\" \/>\n<meta property=\"article:published_time\" content=\"2020-07-25T23:20:16+00:00\" \/>\n<meta property=\"article:modified_time\" content=\"2020-07-25T23:20:22+00:00\" \/>\n<meta property=\"og:image\" content=\"https:\/\/diarioprincipios.com\/wp-content\/uploads\/2020\/07\/MUSSI-FIRM\u00d3-LA-ADHESI\u00d3N-DE-BERAZATEGUI-AL-PROGRAMA-\u201cPRIMERA-INFANCIA\u201d-3.jpg\" \/>\n\t<meta property=\"og:image:width\" content=\"960\" \/>\n\t<meta property=\"og:image:height\" content=\"960\" \/>\n\t<meta property=\"og:image:type\" content=\"image\/jpeg\" \/>\n<meta name=\"author\" content=\"Hern\u00e1n L\u00f3pez\" \/>\n<meta name=\"twitter:card\" content=\"summary_large_image\" \/>\n<meta name=\"twitter:label1\" content=\"Escrito por\" \/>\n\t<meta name=\"twitter:data1\" content=\"Hern\u00e1n L\u00f3pez\" \/>\n\t<meta name=\"twitter:label2\" content=\"Tiempo de lectura\" \/>\n\t<meta name=\"twitter:data2\" content=\"1 minuto\" \/>\n<script type=\"application\/ld+json\" class=\"yoast-schema-graph\">{\"@context\":\"https:\\\/\\\/schema.org\",\"@graph\":[{\"@type\":\"Article\",\"@id\":\"https:\\\/\\\/diarioprincipios.com\\\/index.php\\\/2020\\\/07\\\/25\\\/mussi-firmo-la-adhesion-de-berazategui-al-programa-primera-infancia\\\/#article\",\"isPartOf\":{\"@id\":\"https:\\\/\\\/diarioprincipios.com\\\/index.php\\\/2020\\\/07\\\/25\\\/mussi-firmo-la-adhesion-de-berazategui-al-programa-primera-infancia\\\/\"},\"author\":{\"name\":\"Hern\u00e1n L\u00f3pez\",\"@id\":\"https:\\\/\\\/diarioprincipios.com\\\/#\\\/schema\\\/person\\\/436d5a1fd41a5e250e23ff5a6a7cb080\"},\"headline\":\"Mussi firm\u00f3 la adhesi\u00f3n de Berazategui al Programa \u00abPrimera Infancia\u00bb\",\"datePublished\":\"2020-07-25T23:20:16+00:00\",\"dateModified\":\"2020-07-25T23:20:22+00:00\",\"mainEntityOfPage\":{\"@id\":\"https:\\\/\\\/diarioprincipios.com\\\/index.php\\\/2020\\\/07\\\/25\\\/mussi-firmo-la-adhesion-de-berazategui-al-programa-primera-infancia\\\/\"},\"wordCount\":239,\"commentCount\":0,\"publisher\":{\"@id\":\"https:\\\/\\\/diarioprincipios.com\\\/#organization\"},\"image\":{\"@id\":\"https:\\\/\\\/diarioprincipios.com\\\/index.php\\\/2020\\\/07\\\/25\\\/mussi-firmo-la-adhesion-de-berazategui-al-programa-primera-infancia\\\/#primaryimage\"},\"thumbnailUrl\":\"https:\\\/\\\/diarioprincipios.com\\\/wp-content\\\/uploads\\\/2020\\\/07\\\/MUSSI-FIRM\u00d3-LA-ADHESI\u00d3N-DE-BERAZATEGUI-AL-PROGRAMA-\u201cPRIMERA-INFANCIA\u201d-3.jpg\",\"articleSection\":[\"Berazategui\"],\"inLanguage\":\"es\",\"potentialAction\":[{\"@type\":\"CommentAction\",\"name\":\"Comment\",\"target\":[\"https:\\\/\\\/diarioprincipios.com\\\/index.php\\\/2020\\\/07\\\/25\\\/mussi-firmo-la-adhesion-de-berazategui-al-programa-primera-infancia\\\/#respond\"]}]},{\"@type\":\"WebPage\",\"@id\":\"https:\\\/\\\/diarioprincipios.com\\\/index.php\\\/2020\\\/07\\\/25\\\/mussi-firmo-la-adhesion-de-berazategui-al-programa-primera-infancia\\\/\",\"url\":\"https:\\\/\\\/diarioprincipios.com\\\/index.php\\\/2020\\\/07\\\/25\\\/mussi-firmo-la-adhesion-de-berazategui-al-programa-primera-infancia\\\/\",\"name\":\"Mussi firm\u00f3 la adhesi\u00f3n de Berazategui al Programa \\\"Primera Infancia\\\" - Principios\",\"isPartOf\":{\"@id\":\"https:\\\/\\\/diarioprincipios.com\\\/#website\"},\"primaryImageOfPage\":{\"@id\":\"https:\\\/\\\/diarioprincipios.com\\\/index.php\\\/2020\\\/07\\\/25\\\/mussi-firmo-la-adhesion-de-berazategui-al-programa-primera-infancia\\\/#primaryimage\"},\"image\":{\"@id\":\"https:\\\/\\\/diarioprincipios.com\\\/index.php\\\/2020\\\/07\\\/25\\\/mussi-firmo-la-adhesion-de-berazategui-al-programa-primera-infancia\\\/#primaryimage\"},\"thumbnailUrl\":\"https:\\\/\\\/diarioprincipios.com\\\/wp-content\\\/uploads\\\/2020\\\/07\\\/MUSSI-FIRM\u00d3-LA-ADHESI\u00d3N-DE-BERAZATEGUI-AL-PROGRAMA-\u201cPRIMERA-INFANCIA\u201d-3.jpg\",\"datePublished\":\"2020-07-25T23:20:16+00:00\",\"dateModified\":\"2020-07-25T23:20:22+00:00\",\"breadcrumb\":{\"@id\":\"https:\\\/\\\/diarioprincipios.com\\\/index.php\\\/2020\\\/07\\\/25\\\/mussi-firmo-la-adhesion-de-berazategui-al-programa-primera-infancia\\\/#breadcrumb\"},\"inLanguage\":\"es\",\"potentialAction\":[{\"@type\":\"ReadAction\",\"target\":[\"https:\\\/\\\/diarioprincipios.com\\\/index.php\\\/2020\\\/07\\\/25\\\/mussi-firmo-la-adhesion-de-berazategui-al-programa-primera-infancia\\\/\"]}]},{\"@type\":\"ImageObject\",\"inLanguage\":\"es\",\"@id\":\"https:\\\/\\\/diarioprincipios.com\\\/index.php\\\/2020\\\/07\\\/25\\\/mussi-firmo-la-adhesion-de-berazategui-al-programa-primera-infancia\\\/#primaryimage\",\"url\":\"https:\\\/\\\/diarioprincipios.com\\\/wp-content\\\/uploads\\\/2020\\\/07\\\/MUSSI-FIRM\u00d3-LA-ADHESI\u00d3N-DE-BERAZATEGUI-AL-PROGRAMA-\u201cPRIMERA-INFANCIA\u201d-3.jpg\",\"contentUrl\":\"https:\\\/\\\/diarioprincipios.com\\\/wp-content\\\/uploads\\\/2020\\\/07\\\/MUSSI-FIRM\u00d3-LA-ADHESI\u00d3N-DE-BERAZATEGUI-AL-PROGRAMA-\u201cPRIMERA-INFANCIA\u201d-3.jpg\",\"width\":960,\"height\":960},{\"@type\":\"BreadcrumbList\",\"@id\":\"https:\\\/\\\/diarioprincipios.com\\\/index.php\\\/2020\\\/07\\\/25\\\/mussi-firmo-la-adhesion-de-berazategui-al-programa-primera-infancia\\\/#breadcrumb\",\"itemListElement\":[{\"@type\":\"ListItem\",\"position\":1,\"name\":\"Portada\",\"item\":\"https:\\\/\\\/diarioprincipios.com\\\/\"},{\"@type\":\"ListItem\",\"position\":2,\"name\":\"Mussi firm\u00f3 la adhesi\u00f3n de Berazategui al Programa \u00abPrimera Infancia\u00bb\"}]},{\"@type\":\"WebSite\",\"@id\":\"https:\\\/\\\/diarioprincipios.com\\\/#website\",\"url\":\"https:\\\/\\\/diarioprincipios.com\\\/\",\"name\":\"Principios\",\"description\":\"Principios Diario\",\"publisher\":{\"@id\":\"https:\\\/\\\/diarioprincipios.com\\\/#organization\"},\"potentialAction\":[{\"@type\":\"SearchAction\",\"target\":{\"@type\":\"EntryPoint\",\"urlTemplate\":\"https:\\\/\\\/diarioprincipios.com\\\/?s={search_term_string}\"},\"query-input\":{\"@type\":\"PropertyValueSpecification\",\"valueRequired\":true,\"valueName\":\"search_term_string\"}}],\"inLanguage\":\"es\"},{\"@type\":\"Organization\",\"@id\":\"https:\\\/\\\/diarioprincipios.com\\\/#organization\",\"name\":\"Principios\",\"url\":\"https:\\\/\\\/diarioprincipios.com\\\/\",\"logo\":{\"@type\":\"ImageObject\",\"inLanguage\":\"es\",\"@id\":\"https:\\\/\\\/diarioprincipios.com\\\/#\\\/schema\\\/logo\\\/image\\\/\",\"url\":\"https:\\\/\\\/diarioprincipios.com\\\/wp-content\\\/uploads\\\/2024\\\/04\\\/cropped-www.diarioprincipios.com_-1.png\",\"contentUrl\":\"https:\\\/\\\/diarioprincipios.com\\\/wp-content\\\/uploads\\\/2024\\\/04\\\/cropped-www.diarioprincipios.com_-1.png\",\"width\":5325,\"height\":1454,\"caption\":\"Principios\"},\"image\":{\"@id\":\"https:\\\/\\\/diarioprincipios.com\\\/#\\\/schema\\\/logo\\\/image\\\/\"}},{\"@type\":\"Person\",\"@id\":\"https:\\\/\\\/diarioprincipios.com\\\/#\\\/schema\\\/person\\\/436d5a1fd41a5e250e23ff5a6a7cb080\",\"name\":\"Hern\u00e1n L\u00f3pez\",\"image\":{\"@type\":\"ImageObject\",\"inLanguage\":\"es\",\"@id\":\"https:\\\/\\\/diarioprincipios.com\\\/wp-content\\\/litespeed\\\/avatar\\\/11ddfe5610ff3bd100522525b2571f48.jpg?ver=1777653193\",\"url\":\"https:\\\/\\\/diarioprincipios.com\\\/wp-content\\\/litespeed\\\/avatar\\\/11ddfe5610ff3bd100522525b2571f48.jpg?ver=1777653193\",\"contentUrl\":\"https:\\\/\\\/diarioprincipios.com\\\/wp-content\\\/litespeed\\\/avatar\\\/11ddfe5610ff3bd100522525b2571f48.jpg?ver=1777653193\",\"caption\":\"Hern\u00e1n L\u00f3pez\"},\"url\":\"https:\\\/\\\/diarioprincipios.com\\\/index.php\\\/author\\\/hernan\\\/\"}]}<\/script>\n<!-- \/ Yoast SEO plugin. -->","yoast_head_json":{"title":"Mussi firm\u00f3 la adhesi\u00f3n de Berazategui al Programa \"Primera Infancia\" - Principios","robots":{"index":"index","follow":"follow","max-snippet":"max-snippet:-1","max-image-preview":"max-image-preview:large","max-video-preview":"max-video-preview:-1"},"canonical":"https:\/\/diarioprincipios.com\/index.php\/2020\/07\/25\/mussi-firmo-la-adhesion-de-berazategui-al-programa-primera-infancia\/","og_locale":"es_ES","og_type":"article","og_title":"Mussi firm\u00f3 la adhesi\u00f3n de Berazategui al Programa \"Primera Infancia\" - Principios","og_description":"El intendente de Berazategui, Dr. Juan Jos\u00e9 Mussi, mantuvo una reuni\u00f3n por videoconferencia con el ministro de Desarrollo Social, Daniel Arroyo, en la cual firm\u00f3 la adhesi\u00f3n del distrito al Programa nacional \u201cPrimera Infancia\u201d. La iniciativa busca acompa\u00f1ar la crianza de ni\u00f1as y ni\u00f1os de hasta 4 a\u00f1os que se encuentren en situaci\u00f3n de vulnerabilidad,...","og_url":"https:\/\/diarioprincipios.com\/index.php\/2020\/07\/25\/mussi-firmo-la-adhesion-de-berazategui-al-programa-primera-infancia\/","og_site_name":"Principios","article_published_time":"2020-07-25T23:20:16+00:00","article_modified_time":"2020-07-25T23:20:22+00:00","og_image":[{"width":960,"height":960,"url":"https:\/\/diarioprincipios.com\/wp-content\/uploads\/2020\/07\/MUSSI-FIRM\u00d3-LA-ADHESI\u00d3N-DE-BERAZATEGUI-AL-PROGRAMA-\u201cPRIMERA-INFANCIA\u201d-3.jpg","type":"image\/jpeg"}],"author":"Hern\u00e1n L\u00f3pez","twitter_card":"summary_large_image","twitter_misc":{"Escrito por":"Hern\u00e1n L\u00f3pez","Tiempo de lectura":"1 minuto"},"schema":{"@context":"https:\/\/schema.org","@graph":[{"@type":"Article","@id":"https:\/\/diarioprincipios.com\/index.php\/2020\/07\/25\/mussi-firmo-la-adhesion-de-berazategui-al-programa-primera-infancia\/#article","isPartOf":{"@id":"https:\/\/diarioprincipios.com\/index.php\/2020\/07\/25\/mussi-firmo-la-adhesion-de-berazategui-al-programa-primera-infancia\/"},"author":{"name":"Hern\u00e1n L\u00f3pez","@id":"https:\/\/diarioprincipios.com\/#\/schema\/person\/436d5a1fd41a5e250e23ff5a6a7cb080"},"headline":"Mussi firm\u00f3 la adhesi\u00f3n de Berazategui al Programa \u00abPrimera Infancia\u00bb","datePublished":"2020-07-25T23:20:16+00:00","dateModified":"2020-07-25T23:20:22+00:00","mainEntityOfPage":{"@id":"https:\/\/diarioprincipios.com\/index.php\/2020\/07\/25\/mussi-firmo-la-adhesion-de-berazategui-al-programa-primera-infancia\/"},"wordCount":239,"commentCount":0,"publisher":{"@id":"https:\/\/diarioprincipios.com\/#organization"},"image":{"@id":"https:\/\/diarioprincipios.com\/index.php\/2020\/07\/25\/mussi-firmo-la-adhesion-de-berazategui-al-programa-primera-infancia\/#primaryimage"},"thumbnailUrl":"https:\/\/diarioprincipios.com\/wp-content\/uploads\/2020\/07\/MUSSI-FIRM\u00d3-LA-ADHESI\u00d3N-DE-BERAZATEGUI-AL-PROGRAMA-\u201cPRIMERA-INFANCIA\u201d-3.jpg","articleSection":["Berazategui"],"inLanguage":"es","potentialAction":[{"@type":"CommentAction","name":"Comment","target":["https:\/\/diarioprincipios.com\/index.php\/2020\/07\/25\/mussi-firmo-la-adhesion-de-berazategui-al-programa-primera-infancia\/#respond"]}]},{"@type":"WebPage","@id":"https:\/\/diarioprincipios.com\/index.php\/2020\/07\/25\/mussi-firmo-la-adhesion-de-berazategui-al-programa-primera-infancia\/","url":"https:\/\/diarioprincipios.com\/index.php\/2020\/07\/25\/mussi-firmo-la-adhesion-de-berazategui-al-programa-primera-infancia\/","name":"Mussi firm\u00f3 la adhesi\u00f3n de Berazategui al Programa \"Primera Infancia\" - Principios","isPartOf":{"@id":"https:\/\/diarioprincipios.com\/#website"},"primaryImageOfPage":{"@id":"https:\/\/diarioprincipios.com\/index.php\/2020\/07\/25\/mussi-firmo-la-adhesion-de-berazategui-al-programa-primera-infancia\/#primaryimage"},"image":{"@id":"https:\/\/diarioprincipios.com\/index.php\/2020\/07\/25\/mussi-firmo-la-adhesion-de-berazategui-al-programa-primera-infancia\/#primaryimage"},"thumbnailUrl":"https:\/\/diarioprincipios.com\/wp-content\/uploads\/2020\/07\/MUSSI-FIRM\u00d3-LA-ADHESI\u00d3N-DE-BERAZATEGUI-AL-PROGRAMA-\u201cPRIMERA-INFANCIA\u201d-3.jpg","datePublished":"2020-07-25T23:20:16+00:00","dateModified":"2020-07-25T23:20:22+00:00","breadcrumb":{"@id":"https:\/\/diarioprincipios.com\/index.php\/2020\/07\/25\/mussi-firmo-la-adhesion-de-berazategui-al-programa-primera-infancia\/#breadcrumb"},"inLanguage":"es","potentialAction":[{"@type":"ReadAction","target":["https:\/\/diarioprincipios.com\/index.php\/2020\/07\/25\/mussi-firmo-la-adhesion-de-berazategui-al-programa-primera-infancia\/"]}]},{"@type":"ImageObject","inLanguage":"es","@id":"https:\/\/diarioprincipios.com\/index.php\/2020\/07\/25\/mussi-firmo-la-adhesion-de-berazategui-al-programa-primera-infancia\/#primaryimage","url":"https:\/\/diarioprincipios.com\/wp-content\/uploads\/2020\/07\/MUSSI-FIRM\u00d3-LA-ADHESI\u00d3N-DE-BERAZATEGUI-AL-PROGRAMA-\u201cPRIMERA-INFANCIA\u201d-3.jpg","contentUrl":"https:\/\/diarioprincipios.com\/wp-content\/uploads\/2020\/07\/MUSSI-FIRM\u00d3-LA-ADHESI\u00d3N-DE-BERAZATEGUI-AL-PROGRAMA-\u201cPRIMERA-INFANCIA\u201d-3.jpg","width":960,"height":960},{"@type":"BreadcrumbList","@id":"https:\/\/diarioprincipios.com\/index.php\/2020\/07\/25\/mussi-firmo-la-adhesion-de-berazategui-al-programa-primera-infancia\/#breadcrumb","itemListElement":[{"@type":"ListItem","position":1,"name":"Portada","item":"https:\/\/diarioprincipios.com\/"},{"@type":"ListItem","position":2,"name":"Mussi firm\u00f3 la adhesi\u00f3n de Berazategui al Programa \u00abPrimera Infancia\u00bb"}]},{"@type":"WebSite","@id":"https:\/\/diarioprincipios.com\/#website","url":"https:\/\/diarioprincipios.com\/","name":"Principios","description":"Principios Diario","publisher":{"@id":"https:\/\/diarioprincipios.com\/#organization"},"potentialAction":[{"@type":"SearchAction","target":{"@type":"EntryPoint","urlTemplate":"https:\/\/diarioprincipios.com\/?s={search_term_string}"},"query-input":{"@type":"PropertyValueSpecification","valueRequired":true,"valueName":"search_term_string"}}],"inLanguage":"es"},{"@type":"Organization","@id":"https:\/\/diarioprincipios.com\/#organization","name":"Principios","url":"https:\/\/diarioprincipios.com\/","logo":{"@type":"ImageObject","inLanguage":"es","@id":"https:\/\/diarioprincipios.com\/#\/schema\/logo\/image\/","url":"https:\/\/diarioprincipios.com\/wp-content\/uploads\/2024\/04\/cropped-www.diarioprincipios.com_-1.png","contentUrl":"https:\/\/diarioprincipios.com\/wp-content\/uploads\/2024\/04\/cropped-www.diarioprincipios.com_-1.png","width":5325,"height":1454,"caption":"Principios"},"image":{"@id":"https:\/\/diarioprincipios.com\/#\/schema\/logo\/image\/"}},{"@type":"Person","@id":"https:\/\/diarioprincipios.com\/#\/schema\/person\/436d5a1fd41a5e250e23ff5a6a7cb080","name":"Hern\u00e1n L\u00f3pez","image":{"@type":"ImageObject","inLanguage":"es","@id":"https:\/\/diarioprincipios.com\/wp-content\/litespeed\/avatar\/11ddfe5610ff3bd100522525b2571f48.jpg?ver=1777653193","url":"https:\/\/diarioprincipios.com\/wp-content\/litespeed\/avatar\/11ddfe5610ff3bd100522525b2571f48.jpg?ver=1777653193","contentUrl":"https:\/\/diarioprincipios.com\/wp-content\/litespeed\/avatar\/11ddfe5610ff3bd100522525b2571f48.jpg?ver=1777653193","caption":"Hern\u00e1n L\u00f3pez"},"url":"https:\/\/diarioprincipios.com\/index.php\/author\/hernan\/"}]}},"jetpack_featured_media_url":"https:\/\/diarioprincipios.com\/wp-content\/uploads\/2020\/07\/MUSSI-FIRM\u00d3-LA-ADHESI\u00d3N-DE-BERAZATEGUI-AL-PROGRAMA-\u201cPRIMERA-INFANCIA\u201d-3.jpg","_links":{"self":[{"href":"https:\/\/diarioprincipios.com\/index.php\/wp-json\/wp\/v2\/posts\/4202","targetHints":{"allow":["GET"]}}],"collection":[{"href":"https:\/\/diarioprincipios.com\/index.php\/wp-json\/wp\/v2\/posts"}],"about":[{"href":"https:\/\/diarioprincipios.com\/index.php\/wp-json\/wp\/v2\/types\/post"}],"author":[{"embeddable":true,"href":"https:\/\/diarioprincipios.com\/index.php\/wp-json\/wp\/v2\/users\/2"}],"replies":[{"embeddable":true,"href":"https:\/\/diarioprincipios.com\/index.php\/wp-json\/wp\/v2\/comments?post=4202"}],"version-history":[{"count":1,"href":"https:\/\/diarioprincipios.com\/index.php\/wp-json\/wp\/v2\/posts\/4202\/revisions"}],"predecessor-version":[{"id":4204,"href":"https:\/\/diarioprincipios.com\/index.php\/wp-json\/wp\/v2\/posts\/4202\/revisions\/4204"}],"wp:featuredmedia":[{"embeddable":true,"href":"https:\/\/diarioprincipios.com\/index.php\/wp-json\/wp\/v2\/media\/4203"}],"wp:attachment":[{"href":"https:\/\/diarioprincipios.com\/index.php\/wp-json\/wp\/v2\/media?parent=4202"}],"wp:term":[{"taxonomy":"category","embeddable":true,"href":"https:\/\/diarioprincipios.com\/index.php\/wp-json\/wp\/v2\/categories?post=4202"},{"taxonomy":"post_tag","embeddable":true,"href":"https:\/\/diarioprincipios.com\/index.php\/wp-json\/wp\/v2\/tags?post=4202"}],"curies":[{"name":"wp","href":"https:\/\/api.w.org\/{rel}","templated":true}]}}