{"id":4177,"date":"2020-07-24T12:50:07","date_gmt":"2020-07-24T15:50:07","guid":{"rendered":"http:\/\/diarioprincipios.com\/?p=4177"},"modified":"2020-07-24T12:50:53","modified_gmt":"2020-07-24T15:50:53","slug":"kicillof-pidio-cuidado-a-la-sociedad-porque-se-esta-en-lo-peor-de-la-pandemia-en-el-mundo","status":"publish","type":"post","link":"https:\/\/diarioprincipios.com\/index.php\/2020\/07\/24\/kicillof-pidio-cuidado-a-la-sociedad-porque-se-esta-en-lo-peor-de-la-pandemia-en-el-mundo\/","title":{"rendered":"Kicillof pidi\u00f3 \u00abcuidado\u00bb a la sociedad porque se est\u00e1 \u00aben lo peor de la pandemia en el mundo\u00bb"},"content":{"rendered":"\n<p>El gobernador bonaerense, Axel Kicillof, pidi\u00f3 hoy a la sociedad que se cuide para evitar contagios de coronavirus porque \u00abestamos en lo peor de la pandemia en el mundo\u00bb, seg\u00fan dijo al inaugurar un centro de atenci\u00f3n primaria de la salud en Moreno.<\/p>\n\n\n\n<p>\u00abEl que venda que pas\u00f3 el coronavirus, miente. Para cuidarse, hay que guardarse y el Estado acompa\u00f1a ese proceso con much\u00edsmas medidas. En lo peor de la pandemia seguimos trabajando, inaugurando centros de salud, incorporando insumos de protecci\u00f3n, camas y respiradores, porque siempre estamos del lado de los trabajadores y del pueblo\u00bb, expuso el mandatario provincial.<\/p>\n\n\n\n<p>Kicillof formul\u00f3 esas declaraciones al participar de la inauguraci\u00f3n del Centro de Atenci\u00f3n Primaria de la Salud (CAPS) \u00ab6 de enero\u00bb en Moreno, junto a la intendenta de ese distrito, Mariel Fern\u00e1ndez; los ministros de Salud provincial, Daniel Gollan, y de Desarrollo para la Comunidad, Andr\u00e9s Larroque; y el ministro de Obras P\u00fablicas nacional, Gabriel Katopodis.<\/p>\n\n\n\n<p>En ese marco, el gobernador destac\u00f3 que por estos d\u00edas \u00abse est\u00e1 negociando una deuda externa, pero est\u00e1 tambi\u00e9n esta deuda, la del acceso a la salud para miles de bonaerenses\u00bb y evalu\u00f3 que si bien \u00abno se discute en la prensa internacional, es una deuda tangible y mucho m\u00e1s importante\u00bb.<\/p>\n\n\n\n<p>Kicillof consider\u00f3 que la oferta de canje de deuda formulada por el Gobierno nacional \u00abrepresenta lo m\u00e1ximo que se puede pagar sin poner en riesgo la vida, el trabajo y el bienestar de millones de argentinos\u00bb y puso de relieve que se est\u00e1n destinando los recursos \u00aba resolver esta deuda, que es prioritaria\u00bb.<\/p>\n\n\n\n<p>\u00abDecidimos en vez de congraciarnos y hacer buena letra, ponernos a resolver esta deuda, la m\u00e1s urgente. A nosotros no nos votan en Wall Street, sino ac\u00e1 en el barrio\u00bb, opin\u00f3.<\/p>\n\n\n\n<p>Tambi\u00e9n dijo que durante los pasados cuatro a\u00f1os \u00abse le desorden\u00f3 la vida a la gente\u00bb y que el CAPS viene a saldar una deuda con los vecinos.<\/p>\n\n\n\n<p>\u00abSi queremos cumplir con las premisas de nuestro movimiento pol\u00edtico, con las leyes y la Constituci\u00f3n para garantizar derechos, a lugares como este si no viene el Estado no viene nadie\u00bb, evalu\u00f3 Kicillof y se\u00f1al\u00f3 que Juntos por el Cambio dej\u00f3 \u00abno s\u00f3lo una deuda multimillonaria en d\u00f3lares que es impagable\u00bb sino ese centro de salud \u00absin terminar y con deudas con los proveedores\u00bb.<\/p>\n\n\n\n<p>El centro sanitario cuenta con consultorios, una enfermer\u00eda, un sal\u00f3n de usos m\u00faltiples (SUM), un hall de entrada con recepci\u00f3n, un office, sala de administraci\u00f3n, vestuarios para m\u00e9dicos, una entrada para ambulancia y los ba\u00f1os.<\/p>\n\n\n\n<p>Por su parte, Katopodis asever\u00f3 que \u00abpudimos cuidarnos comunitariamente y transitar la crisis m\u00e1s importante de la historia de nuestro pa\u00eds, con esfuerzo solidario, con presencia del Estado y trabajando en cada rinc\u00f3n de la provincia con el gobernador y su equipo\u00bb.<\/p>\n\n\n\n<p>\u00abEstamos convencidos de que el camino es el Estado presente, lo p\u00fablico como garant\u00eda de oportunidades e inclusi\u00f3n y cuidado\u00bb, continu\u00f3 y destac\u00f3 que el Gobierno hizo \u00abla inversi\u00f3n de 10 a\u00f1os en cuatro meses\u00bb.<\/p>\n\n\n\n<p>A su turno, la jefa comunal expuso: \u00abS\u00e9 de las presiones que sufren el Presidente y el gobernador y les agradezco que elijan cuidar la vida\u00bb y destac\u00f3 que \u00abdespu\u00e9s de 100 a\u00f1os de historia\u00bb ese distrito tiene su segundo hospital.<\/p>\n","protected":false},"excerpt":{"rendered":"<p>El gobernador bonaerense, Axel Kicillof, pidi\u00f3 hoy a la sociedad que se cuide para evitar contagios de coronavirus porque \u00abestamos en lo peor de la pandemia en el mundo\u00bb, seg\u00fan dijo al inaugurar un centro de atenci\u00f3n primaria de la salud en Moreno. \u00abEl que venda que pas\u00f3 el coronavirus, miente. Para cuidarse, hay que&#8230;<\/p>\n","protected":false},"author":2,"featured_media":4178,"comment_status":"open","ping_status":"open","sticky":false,"template":"","format":"standard","meta":{"footnotes":""},"categories":[7],"tags":[],"class_list":["post-4177","post","type-post","status-publish","format-standard","has-post-thumbnail","hentry","category-provincia"],"featured_image_src":"https:\/\/diarioprincipios.com\/wp-content\/uploads\/2020\/07\/f1280x720-242825_374500_5050-1024x576.jpg","blog_images":{"medium":"https:\/\/diarioprincipios.com\/wp-content\/uploads\/2020\/07\/f1280x720-242825_374500_5050-300x169.jpg","large":"https:\/\/diarioprincipios.com\/wp-content\/uploads\/2020\/07\/f1280x720-242825_374500_5050-1024x576.jpg"},"ams_acf":[],"yoast_head":"<!-- This site is optimized with the Yoast SEO plugin v27.3 - https:\/\/yoast.com\/product\/yoast-seo-wordpress\/ -->\n<title>Kicillof pidi\u00f3 &quot;cuidado&quot; a la sociedad porque se est\u00e1 &quot;en lo peor de la pandemia en el mundo&quot; - Principios<\/title>\n<meta name=\"robots\" content=\"index, follow, max-snippet:-1, max-image-preview:large, max-video-preview:-1\" \/>\n<link rel=\"canonical\" href=\"https:\/\/diarioprincipios.com\/index.php\/2020\/07\/24\/kicillof-pidio-cuidado-a-la-sociedad-porque-se-esta-en-lo-peor-de-la-pandemia-en-el-mundo\/\" \/>\n<meta property=\"og:locale\" content=\"es_ES\" \/>\n<meta property=\"og:type\" content=\"article\" \/>\n<meta property=\"og:title\" content=\"Kicillof pidi\u00f3 &quot;cuidado&quot; a la sociedad porque se est\u00e1 &quot;en lo peor de la pandemia en el mundo&quot; - Principios\" \/>\n<meta property=\"og:description\" content=\"El gobernador bonaerense, Axel Kicillof, pidi\u00f3 hoy a la sociedad que se cuide para evitar contagios de coronavirus porque \u00abestamos en lo peor de la pandemia en el mundo\u00bb, seg\u00fan dijo al inaugurar un centro de atenci\u00f3n primaria de la salud en Moreno. \u00abEl que venda que pas\u00f3 el coronavirus, miente. Para cuidarse, hay que...\" \/>\n<meta property=\"og:url\" content=\"https:\/\/diarioprincipios.com\/index.php\/2020\/07\/24\/kicillof-pidio-cuidado-a-la-sociedad-porque-se-esta-en-lo-peor-de-la-pandemia-en-el-mundo\/\" \/>\n<meta property=\"og:site_name\" content=\"Principios\" \/>\n<meta property=\"article:published_time\" content=\"2020-07-24T15:50:07+00:00\" \/>\n<meta property=\"article:modified_time\" content=\"2020-07-24T15:50:53+00:00\" \/>\n<meta property=\"og:image\" content=\"https:\/\/diarioprincipios.com\/wp-content\/uploads\/2020\/07\/f1280x720-242825_374500_5050.jpg\" \/>\n\t<meta property=\"og:image:width\" content=\"1280\" \/>\n\t<meta property=\"og:image:height\" content=\"720\" \/>\n\t<meta property=\"og:image:type\" content=\"image\/jpeg\" \/>\n<meta name=\"author\" content=\"Hern\u00e1n L\u00f3pez\" \/>\n<meta name=\"twitter:card\" content=\"summary_large_image\" \/>\n<meta name=\"twitter:label1\" content=\"Escrito por\" \/>\n\t<meta name=\"twitter:data1\" content=\"Hern\u00e1n L\u00f3pez\" \/>\n\t<meta name=\"twitter:label2\" content=\"Tiempo de lectura\" \/>\n\t<meta name=\"twitter:data2\" content=\"3 minutos\" \/>\n<script type=\"application\/ld+json\" class=\"yoast-schema-graph\">{\"@context\":\"https:\\\/\\\/schema.org\",\"@graph\":[{\"@type\":\"Article\",\"@id\":\"https:\\\/\\\/diarioprincipios.com\\\/index.php\\\/2020\\\/07\\\/24\\\/kicillof-pidio-cuidado-a-la-sociedad-porque-se-esta-en-lo-peor-de-la-pandemia-en-el-mundo\\\/#article\",\"isPartOf\":{\"@id\":\"https:\\\/\\\/diarioprincipios.com\\\/index.php\\\/2020\\\/07\\\/24\\\/kicillof-pidio-cuidado-a-la-sociedad-porque-se-esta-en-lo-peor-de-la-pandemia-en-el-mundo\\\/\"},\"author\":{\"name\":\"Hern\u00e1n L\u00f3pez\",\"@id\":\"https:\\\/\\\/diarioprincipios.com\\\/#\\\/schema\\\/person\\\/436d5a1fd41a5e250e23ff5a6a7cb080\"},\"headline\":\"Kicillof pidi\u00f3 \u00abcuidado\u00bb a la sociedad porque se est\u00e1 \u00aben lo peor de la pandemia en el mundo\u00bb\",\"datePublished\":\"2020-07-24T15:50:07+00:00\",\"dateModified\":\"2020-07-24T15:50:53+00:00\",\"mainEntityOfPage\":{\"@id\":\"https:\\\/\\\/diarioprincipios.com\\\/index.php\\\/2020\\\/07\\\/24\\\/kicillof-pidio-cuidado-a-la-sociedad-porque-se-esta-en-lo-peor-de-la-pandemia-en-el-mundo\\\/\"},\"wordCount\":590,\"commentCount\":0,\"publisher\":{\"@id\":\"https:\\\/\\\/diarioprincipios.com\\\/#organization\"},\"image\":{\"@id\":\"https:\\\/\\\/diarioprincipios.com\\\/index.php\\\/2020\\\/07\\\/24\\\/kicillof-pidio-cuidado-a-la-sociedad-porque-se-esta-en-lo-peor-de-la-pandemia-en-el-mundo\\\/#primaryimage\"},\"thumbnailUrl\":\"https:\\\/\\\/diarioprincipios.com\\\/wp-content\\\/uploads\\\/2020\\\/07\\\/f1280x720-242825_374500_5050.jpg\",\"articleSection\":[\"Provincia\"],\"inLanguage\":\"es\",\"potentialAction\":[{\"@type\":\"CommentAction\",\"name\":\"Comment\",\"target\":[\"https:\\\/\\\/diarioprincipios.com\\\/index.php\\\/2020\\\/07\\\/24\\\/kicillof-pidio-cuidado-a-la-sociedad-porque-se-esta-en-lo-peor-de-la-pandemia-en-el-mundo\\\/#respond\"]}]},{\"@type\":\"WebPage\",\"@id\":\"https:\\\/\\\/diarioprincipios.com\\\/index.php\\\/2020\\\/07\\\/24\\\/kicillof-pidio-cuidado-a-la-sociedad-porque-se-esta-en-lo-peor-de-la-pandemia-en-el-mundo\\\/\",\"url\":\"https:\\\/\\\/diarioprincipios.com\\\/index.php\\\/2020\\\/07\\\/24\\\/kicillof-pidio-cuidado-a-la-sociedad-porque-se-esta-en-lo-peor-de-la-pandemia-en-el-mundo\\\/\",\"name\":\"Kicillof pidi\u00f3 \\\"cuidado\\\" a la sociedad porque se est\u00e1 \\\"en lo peor de la pandemia en el mundo\\\" - Principios\",\"isPartOf\":{\"@id\":\"https:\\\/\\\/diarioprincipios.com\\\/#website\"},\"primaryImageOfPage\":{\"@id\":\"https:\\\/\\\/diarioprincipios.com\\\/index.php\\\/2020\\\/07\\\/24\\\/kicillof-pidio-cuidado-a-la-sociedad-porque-se-esta-en-lo-peor-de-la-pandemia-en-el-mundo\\\/#primaryimage\"},\"image\":{\"@id\":\"https:\\\/\\\/diarioprincipios.com\\\/index.php\\\/2020\\\/07\\\/24\\\/kicillof-pidio-cuidado-a-la-sociedad-porque-se-esta-en-lo-peor-de-la-pandemia-en-el-mundo\\\/#primaryimage\"},\"thumbnailUrl\":\"https:\\\/\\\/diarioprincipios.com\\\/wp-content\\\/uploads\\\/2020\\\/07\\\/f1280x720-242825_374500_5050.jpg\",\"datePublished\":\"2020-07-24T15:50:07+00:00\",\"dateModified\":\"2020-07-24T15:50:53+00:00\",\"breadcrumb\":{\"@id\":\"https:\\\/\\\/diarioprincipios.com\\\/index.php\\\/2020\\\/07\\\/24\\\/kicillof-pidio-cuidado-a-la-sociedad-porque-se-esta-en-lo-peor-de-la-pandemia-en-el-mundo\\\/#breadcrumb\"},\"inLanguage\":\"es\",\"potentialAction\":[{\"@type\":\"ReadAction\",\"target\":[\"https:\\\/\\\/diarioprincipios.com\\\/index.php\\\/2020\\\/07\\\/24\\\/kicillof-pidio-cuidado-a-la-sociedad-porque-se-esta-en-lo-peor-de-la-pandemia-en-el-mundo\\\/\"]}]},{\"@type\":\"ImageObject\",\"inLanguage\":\"es\",\"@id\":\"https:\\\/\\\/diarioprincipios.com\\\/index.php\\\/2020\\\/07\\\/24\\\/kicillof-pidio-cuidado-a-la-sociedad-porque-se-esta-en-lo-peor-de-la-pandemia-en-el-mundo\\\/#primaryimage\",\"url\":\"https:\\\/\\\/diarioprincipios.com\\\/wp-content\\\/uploads\\\/2020\\\/07\\\/f1280x720-242825_374500_5050.jpg\",\"contentUrl\":\"https:\\\/\\\/diarioprincipios.com\\\/wp-content\\\/uploads\\\/2020\\\/07\\\/f1280x720-242825_374500_5050.jpg\",\"width\":1280,\"height\":720},{\"@type\":\"BreadcrumbList\",\"@id\":\"https:\\\/\\\/diarioprincipios.com\\\/index.php\\\/2020\\\/07\\\/24\\\/kicillof-pidio-cuidado-a-la-sociedad-porque-se-esta-en-lo-peor-de-la-pandemia-en-el-mundo\\\/#breadcrumb\",\"itemListElement\":[{\"@type\":\"ListItem\",\"position\":1,\"name\":\"Portada\",\"item\":\"https:\\\/\\\/diarioprincipios.com\\\/\"},{\"@type\":\"ListItem\",\"position\":2,\"name\":\"Kicillof pidi\u00f3 \u00abcuidado\u00bb a la sociedad porque se est\u00e1 \u00aben lo peor de la pandemia en el mundo\u00bb\"}]},{\"@type\":\"WebSite\",\"@id\":\"https:\\\/\\\/diarioprincipios.com\\\/#website\",\"url\":\"https:\\\/\\\/diarioprincipios.com\\\/\",\"name\":\"Principios\",\"description\":\"Principios Diario\",\"publisher\":{\"@id\":\"https:\\\/\\\/diarioprincipios.com\\\/#organization\"},\"potentialAction\":[{\"@type\":\"SearchAction\",\"target\":{\"@type\":\"EntryPoint\",\"urlTemplate\":\"https:\\\/\\\/diarioprincipios.com\\\/?s={search_term_string}\"},\"query-input\":{\"@type\":\"PropertyValueSpecification\",\"valueRequired\":true,\"valueName\":\"search_term_string\"}}],\"inLanguage\":\"es\"},{\"@type\":\"Organization\",\"@id\":\"https:\\\/\\\/diarioprincipios.com\\\/#organization\",\"name\":\"Principios\",\"url\":\"https:\\\/\\\/diarioprincipios.com\\\/\",\"logo\":{\"@type\":\"ImageObject\",\"inLanguage\":\"es\",\"@id\":\"https:\\\/\\\/diarioprincipios.com\\\/#\\\/schema\\\/logo\\\/image\\\/\",\"url\":\"https:\\\/\\\/diarioprincipios.com\\\/wp-content\\\/uploads\\\/2024\\\/04\\\/cropped-www.diarioprincipios.com_-1.png\",\"contentUrl\":\"https:\\\/\\\/diarioprincipios.com\\\/wp-content\\\/uploads\\\/2024\\\/04\\\/cropped-www.diarioprincipios.com_-1.png\",\"width\":5325,\"height\":1454,\"caption\":\"Principios\"},\"image\":{\"@id\":\"https:\\\/\\\/diarioprincipios.com\\\/#\\\/schema\\\/logo\\\/image\\\/\"}},{\"@type\":\"Person\",\"@id\":\"https:\\\/\\\/diarioprincipios.com\\\/#\\\/schema\\\/person\\\/436d5a1fd41a5e250e23ff5a6a7cb080\",\"name\":\"Hern\u00e1n L\u00f3pez\",\"image\":{\"@type\":\"ImageObject\",\"inLanguage\":\"es\",\"@id\":\"https:\\\/\\\/diarioprincipios.com\\\/wp-content\\\/litespeed\\\/avatar\\\/11ddfe5610ff3bd100522525b2571f48.jpg?ver=1777048341\",\"url\":\"https:\\\/\\\/diarioprincipios.com\\\/wp-content\\\/litespeed\\\/avatar\\\/11ddfe5610ff3bd100522525b2571f48.jpg?ver=1777048341\",\"contentUrl\":\"https:\\\/\\\/diarioprincipios.com\\\/wp-content\\\/litespeed\\\/avatar\\\/11ddfe5610ff3bd100522525b2571f48.jpg?ver=1777048341\",\"caption\":\"Hern\u00e1n L\u00f3pez\"},\"url\":\"https:\\\/\\\/diarioprincipios.com\\\/index.php\\\/author\\\/hernan\\\/\"}]}<\/script>\n<!-- \/ Yoast SEO plugin. -->","yoast_head_json":{"title":"Kicillof pidi\u00f3 \"cuidado\" a la sociedad porque se est\u00e1 \"en lo peor de la pandemia en el mundo\" - Principios","robots":{"index":"index","follow":"follow","max-snippet":"max-snippet:-1","max-image-preview":"max-image-preview:large","max-video-preview":"max-video-preview:-1"},"canonical":"https:\/\/diarioprincipios.com\/index.php\/2020\/07\/24\/kicillof-pidio-cuidado-a-la-sociedad-porque-se-esta-en-lo-peor-de-la-pandemia-en-el-mundo\/","og_locale":"es_ES","og_type":"article","og_title":"Kicillof pidi\u00f3 \"cuidado\" a la sociedad porque se est\u00e1 \"en lo peor de la pandemia en el mundo\" - Principios","og_description":"El gobernador bonaerense, Axel Kicillof, pidi\u00f3 hoy a la sociedad que se cuide para evitar contagios de coronavirus porque \u00abestamos en lo peor de la pandemia en el mundo\u00bb, seg\u00fan dijo al inaugurar un centro de atenci\u00f3n primaria de la salud en Moreno. \u00abEl que venda que pas\u00f3 el coronavirus, miente. Para cuidarse, hay que...","og_url":"https:\/\/diarioprincipios.com\/index.php\/2020\/07\/24\/kicillof-pidio-cuidado-a-la-sociedad-porque-se-esta-en-lo-peor-de-la-pandemia-en-el-mundo\/","og_site_name":"Principios","article_published_time":"2020-07-24T15:50:07+00:00","article_modified_time":"2020-07-24T15:50:53+00:00","og_image":[{"width":1280,"height":720,"url":"https:\/\/diarioprincipios.com\/wp-content\/uploads\/2020\/07\/f1280x720-242825_374500_5050.jpg","type":"image\/jpeg"}],"author":"Hern\u00e1n L\u00f3pez","twitter_card":"summary_large_image","twitter_misc":{"Escrito por":"Hern\u00e1n L\u00f3pez","Tiempo de lectura":"3 minutos"},"schema":{"@context":"https:\/\/schema.org","@graph":[{"@type":"Article","@id":"https:\/\/diarioprincipios.com\/index.php\/2020\/07\/24\/kicillof-pidio-cuidado-a-la-sociedad-porque-se-esta-en-lo-peor-de-la-pandemia-en-el-mundo\/#article","isPartOf":{"@id":"https:\/\/diarioprincipios.com\/index.php\/2020\/07\/24\/kicillof-pidio-cuidado-a-la-sociedad-porque-se-esta-en-lo-peor-de-la-pandemia-en-el-mundo\/"},"author":{"name":"Hern\u00e1n L\u00f3pez","@id":"https:\/\/diarioprincipios.com\/#\/schema\/person\/436d5a1fd41a5e250e23ff5a6a7cb080"},"headline":"Kicillof pidi\u00f3 \u00abcuidado\u00bb a la sociedad porque se est\u00e1 \u00aben lo peor de la pandemia en el mundo\u00bb","datePublished":"2020-07-24T15:50:07+00:00","dateModified":"2020-07-24T15:50:53+00:00","mainEntityOfPage":{"@id":"https:\/\/diarioprincipios.com\/index.php\/2020\/07\/24\/kicillof-pidio-cuidado-a-la-sociedad-porque-se-esta-en-lo-peor-de-la-pandemia-en-el-mundo\/"},"wordCount":590,"commentCount":0,"publisher":{"@id":"https:\/\/diarioprincipios.com\/#organization"},"image":{"@id":"https:\/\/diarioprincipios.com\/index.php\/2020\/07\/24\/kicillof-pidio-cuidado-a-la-sociedad-porque-se-esta-en-lo-peor-de-la-pandemia-en-el-mundo\/#primaryimage"},"thumbnailUrl":"https:\/\/diarioprincipios.com\/wp-content\/uploads\/2020\/07\/f1280x720-242825_374500_5050.jpg","articleSection":["Provincia"],"inLanguage":"es","potentialAction":[{"@type":"CommentAction","name":"Comment","target":["https:\/\/diarioprincipios.com\/index.php\/2020\/07\/24\/kicillof-pidio-cuidado-a-la-sociedad-porque-se-esta-en-lo-peor-de-la-pandemia-en-el-mundo\/#respond"]}]},{"@type":"WebPage","@id":"https:\/\/diarioprincipios.com\/index.php\/2020\/07\/24\/kicillof-pidio-cuidado-a-la-sociedad-porque-se-esta-en-lo-peor-de-la-pandemia-en-el-mundo\/","url":"https:\/\/diarioprincipios.com\/index.php\/2020\/07\/24\/kicillof-pidio-cuidado-a-la-sociedad-porque-se-esta-en-lo-peor-de-la-pandemia-en-el-mundo\/","name":"Kicillof pidi\u00f3 \"cuidado\" a la sociedad porque se est\u00e1 \"en lo peor de la pandemia en el mundo\" - Principios","isPartOf":{"@id":"https:\/\/diarioprincipios.com\/#website"},"primaryImageOfPage":{"@id":"https:\/\/diarioprincipios.com\/index.php\/2020\/07\/24\/kicillof-pidio-cuidado-a-la-sociedad-porque-se-esta-en-lo-peor-de-la-pandemia-en-el-mundo\/#primaryimage"},"image":{"@id":"https:\/\/diarioprincipios.com\/index.php\/2020\/07\/24\/kicillof-pidio-cuidado-a-la-sociedad-porque-se-esta-en-lo-peor-de-la-pandemia-en-el-mundo\/#primaryimage"},"thumbnailUrl":"https:\/\/diarioprincipios.com\/wp-content\/uploads\/2020\/07\/f1280x720-242825_374500_5050.jpg","datePublished":"2020-07-24T15:50:07+00:00","dateModified":"2020-07-24T15:50:53+00:00","breadcrumb":{"@id":"https:\/\/diarioprincipios.com\/index.php\/2020\/07\/24\/kicillof-pidio-cuidado-a-la-sociedad-porque-se-esta-en-lo-peor-de-la-pandemia-en-el-mundo\/#breadcrumb"},"inLanguage":"es","potentialAction":[{"@type":"ReadAction","target":["https:\/\/diarioprincipios.com\/index.php\/2020\/07\/24\/kicillof-pidio-cuidado-a-la-sociedad-porque-se-esta-en-lo-peor-de-la-pandemia-en-el-mundo\/"]}]},{"@type":"ImageObject","inLanguage":"es","@id":"https:\/\/diarioprincipios.com\/index.php\/2020\/07\/24\/kicillof-pidio-cuidado-a-la-sociedad-porque-se-esta-en-lo-peor-de-la-pandemia-en-el-mundo\/#primaryimage","url":"https:\/\/diarioprincipios.com\/wp-content\/uploads\/2020\/07\/f1280x720-242825_374500_5050.jpg","contentUrl":"https:\/\/diarioprincipios.com\/wp-content\/uploads\/2020\/07\/f1280x720-242825_374500_5050.jpg","width":1280,"height":720},{"@type":"BreadcrumbList","@id":"https:\/\/diarioprincipios.com\/index.php\/2020\/07\/24\/kicillof-pidio-cuidado-a-la-sociedad-porque-se-esta-en-lo-peor-de-la-pandemia-en-el-mundo\/#breadcrumb","itemListElement":[{"@type":"ListItem","position":1,"name":"Portada","item":"https:\/\/diarioprincipios.com\/"},{"@type":"ListItem","position":2,"name":"Kicillof pidi\u00f3 \u00abcuidado\u00bb a la sociedad porque se est\u00e1 \u00aben lo peor de la pandemia en el mundo\u00bb"}]},{"@type":"WebSite","@id":"https:\/\/diarioprincipios.com\/#website","url":"https:\/\/diarioprincipios.com\/","name":"Principios","description":"Principios Diario","publisher":{"@id":"https:\/\/diarioprincipios.com\/#organization"},"potentialAction":[{"@type":"SearchAction","target":{"@type":"EntryPoint","urlTemplate":"https:\/\/diarioprincipios.com\/?s={search_term_string}"},"query-input":{"@type":"PropertyValueSpecification","valueRequired":true,"valueName":"search_term_string"}}],"inLanguage":"es"},{"@type":"Organization","@id":"https:\/\/diarioprincipios.com\/#organization","name":"Principios","url":"https:\/\/diarioprincipios.com\/","logo":{"@type":"ImageObject","inLanguage":"es","@id":"https:\/\/diarioprincipios.com\/#\/schema\/logo\/image\/","url":"https:\/\/diarioprincipios.com\/wp-content\/uploads\/2024\/04\/cropped-www.diarioprincipios.com_-1.png","contentUrl":"https:\/\/diarioprincipios.com\/wp-content\/uploads\/2024\/04\/cropped-www.diarioprincipios.com_-1.png","width":5325,"height":1454,"caption":"Principios"},"image":{"@id":"https:\/\/diarioprincipios.com\/#\/schema\/logo\/image\/"}},{"@type":"Person","@id":"https:\/\/diarioprincipios.com\/#\/schema\/person\/436d5a1fd41a5e250e23ff5a6a7cb080","name":"Hern\u00e1n L\u00f3pez","image":{"@type":"ImageObject","inLanguage":"es","@id":"https:\/\/diarioprincipios.com\/wp-content\/litespeed\/avatar\/11ddfe5610ff3bd100522525b2571f48.jpg?ver=1777048341","url":"https:\/\/diarioprincipios.com\/wp-content\/litespeed\/avatar\/11ddfe5610ff3bd100522525b2571f48.jpg?ver=1777048341","contentUrl":"https:\/\/diarioprincipios.com\/wp-content\/litespeed\/avatar\/11ddfe5610ff3bd100522525b2571f48.jpg?ver=1777048341","caption":"Hern\u00e1n L\u00f3pez"},"url":"https:\/\/diarioprincipios.com\/index.php\/author\/hernan\/"}]}},"jetpack_featured_media_url":"https:\/\/diarioprincipios.com\/wp-content\/uploads\/2020\/07\/f1280x720-242825_374500_5050.jpg","_links":{"self":[{"href":"https:\/\/diarioprincipios.com\/index.php\/wp-json\/wp\/v2\/posts\/4177","targetHints":{"allow":["GET"]}}],"collection":[{"href":"https:\/\/diarioprincipios.com\/index.php\/wp-json\/wp\/v2\/posts"}],"about":[{"href":"https:\/\/diarioprincipios.com\/index.php\/wp-json\/wp\/v2\/types\/post"}],"author":[{"embeddable":true,"href":"https:\/\/diarioprincipios.com\/index.php\/wp-json\/wp\/v2\/users\/2"}],"replies":[{"embeddable":true,"href":"https:\/\/diarioprincipios.com\/index.php\/wp-json\/wp\/v2\/comments?post=4177"}],"version-history":[{"count":2,"href":"https:\/\/diarioprincipios.com\/index.php\/wp-json\/wp\/v2\/posts\/4177\/revisions"}],"predecessor-version":[{"id":4180,"href":"https:\/\/diarioprincipios.com\/index.php\/wp-json\/wp\/v2\/posts\/4177\/revisions\/4180"}],"wp:featuredmedia":[{"embeddable":true,"href":"https:\/\/diarioprincipios.com\/index.php\/wp-json\/wp\/v2\/media\/4178"}],"wp:attachment":[{"href":"https:\/\/diarioprincipios.com\/index.php\/wp-json\/wp\/v2\/media?parent=4177"}],"wp:term":[{"taxonomy":"category","embeddable":true,"href":"https:\/\/diarioprincipios.com\/index.php\/wp-json\/wp\/v2\/categories?post=4177"},{"taxonomy":"post_tag","embeddable":true,"href":"https:\/\/diarioprincipios.com\/index.php\/wp-json\/wp\/v2\/tags?post=4177"}],"curies":[{"name":"wp","href":"https:\/\/api.w.org\/{rel}","templated":true}]}}