{"id":4162,"date":"2020-07-23T21:26:19","date_gmt":"2020-07-24T00:26:19","guid":{"rendered":"http:\/\/diarioprincipios.com\/?p=4162"},"modified":"2020-07-23T21:27:55","modified_gmt":"2020-07-24T00:27:55","slug":"mussi-junto-a-otros-intendentes-analizaron-las-deficiencias-de-edesur-con-el-secretario-de-energia-de-la-nacion","status":"publish","type":"post","link":"https:\/\/diarioprincipios.com\/index.php\/2020\/07\/23\/mussi-junto-a-otros-intendentes-analizaron-las-deficiencias-de-edesur-con-el-secretario-de-energia-de-la-nacion\/","title":{"rendered":"Mussi analiz\u00f3, junto a otros intendentes, las deficiencias de Edesur con el Secretario de Energ\u00eda de la Naci\u00f3n"},"content":{"rendered":"\n<p><strong>Con el fin de analizar los reclamos por los permanentes cortes en el servicio de la empresa privada EDESUR y que afectan a vastas zonas del Conurbano bonaerense, el secretario de Energ\u00eda de la Naci\u00f3n, Sergio Lanziani, se reuni\u00f3 a trav\u00e9s de videoconferencia con un grupo de intendentes, entre quienes estuvo el berazateguense, Juan Jos\u00e9 Mussi.<\/strong><\/p>\n\n\n\n<p>El encuentro se desarroll\u00f3 en el marco del pedido de la Defensor\u00eda del Pueblo de la provincia de Buenos Aires para que las autoridades del Ente Nacional Regulador de la Electricidad (ENRE) tomen \u201cdr\u00e1sticas medidas\u201d con la empresa de distribuci\u00f3n de energ\u00eda el\u00e9ctrica, al considerar que las permanentes interrupciones en el servicio se deben a la falta de inversi\u00f3n de esta compa\u00f1\u00eda.<\/p>\n\n\n\n<p>Es as\u00ed que, durante la videoconferencia, las autoridades tambi\u00e9n se encargaron de evaluar las inversiones de EDESUR en materia energ\u00e9tica, sobre todo teniendo en cuenta el notable incremento de las tarifas experimentado en los \u00faltimos a\u00f1os.<\/p>\n\n\n\n<figure class=\"wp-block-image size-large\"><img loading=\"lazy\" decoding=\"async\" width=\"984\" height=\"738\" src=\"https:\/\/diarioprincipios.com\/wp-content\/uploads\/2020\/07\/EL-SECRETARIO-DE-ENERG\u00cdA-ANALIZ\u00d3-CON-INTENDENTES-LAS-DEFICIENCIAS-DE-EDESUR-1.jpg\" alt=\"\" class=\"wp-image-4163\" srcset=\"https:\/\/diarioprincipios.com\/wp-content\/uploads\/2020\/07\/EL-SECRETARIO-DE-ENERG\u00cdA-ANALIZ\u00d3-CON-INTENDENTES-LAS-DEFICIENCIAS-DE-EDESUR-1.jpg 984w, https:\/\/diarioprincipios.com\/wp-content\/uploads\/2020\/07\/EL-SECRETARIO-DE-ENERG\u00cdA-ANALIZ\u00d3-CON-INTENDENTES-LAS-DEFICIENCIAS-DE-EDESUR-1-300x225.jpg 300w, https:\/\/diarioprincipios.com\/wp-content\/uploads\/2020\/07\/EL-SECRETARIO-DE-ENERG\u00cdA-ANALIZ\u00d3-CON-INTENDENTES-LAS-DEFICIENCIAS-DE-EDESUR-1-768x576.jpg 768w\" sizes=\"auto, (max-width: 984px) 100vw, 984px\" \/><\/figure>\n\n\n\n<p>Luego de la reuni\u00f3n, el Dr. Mussi expres\u00f3 en sus redes sociales: \u201cIntendentas e intendentes del Conurbano nos reunimos por videoconferencia con Sergio Lanziani, titular de la Secretar\u00eda de Energ\u00eda de la Naci\u00f3n; y con Gast\u00f3n Ghioni, subsecretario de Energ\u00eda bonaerense. Seguimos trabajando en acciones conjuntas ante el deficiente servicio prestado por Edesur\u201d.<\/p>\n\n\n\n<p>En este sentido, el Jefe comunal explic\u00f3: \u201cLos municipios del Conurbano, incluido Berazategui, estamos padeciendo constantes cortes de electricidad, lo que afecta much\u00edsimo a las vecinas y vecinos de nuestro partido, adem\u00e1s de perjudicar en forma directa el suministro de agua, ya que con cada corte se paralizan las bombas de los pozos\u201d.<\/p>\n\n\n\n<p><strong>UNA EMPRESA CON SERIAS DEFICIENCIAS<br><\/strong><br>A comienzos de julio de este a\u00f1o, el Intendente de Berazategui volvi\u00f3 a demandar penalmente a EDESUR. Mussi asegura que los reiterados cortes de luz tambi\u00e9n afectan la salud p\u00fablica de los vecinos, sobre todo en la actual emergencia sanitaria por COVID- 19.<\/p>\n\n\n\n<p>Del encuentro, tambi\u00e9n participaron el subsecretario de Energ\u00eda de la Naci\u00f3n, Osvaldo Arr\u00faa; el presidente de la C\u00e1mara de Diputados bonaerense, Federico Oterm\u00edn; y los intendentes Fernando Gray (Esteban Echeverr\u00eda), Mariano Cascallares (Almirante Brown), Jorge Ferraresi (Avellaneda), Marisa Fassi (Ca\u00f1uelas), Mario Secco (Ensenada), Andr\u00e9s Watson (Florencio Varela), Mart\u00edn Insaurralde (Lomas de Zamora), Mayra Mendoza (Quilmes) y Nicol\u00e1s Mantegazza (San Vicente).<\/p>\n","protected":false},"excerpt":{"rendered":"<p>Con el fin de analizar los reclamos por los permanentes cortes en el servicio de la empresa privada EDESUR y que afectan a vastas zonas del Conurbano bonaerense, el secretario de Energ\u00eda de la Naci\u00f3n, Sergio Lanziani, se reuni\u00f3 a trav\u00e9s de videoconferencia con un grupo de intendentes, entre quienes estuvo el berazateguense, Juan Jos\u00e9&#8230;<\/p>\n","protected":false},"author":2,"featured_media":4164,"comment_status":"open","ping_status":"open","sticky":false,"template":"","format":"standard","meta":{"footnotes":""},"categories":[3],"tags":[],"class_list":["post-4162","post","type-post","status-publish","format-standard","has-post-thumbnail","hentry","category-berazategui"],"featured_image_src":"https:\/\/diarioprincipios.com\/wp-content\/uploads\/2020\/07\/EL-SECRETARIO-DE-ENERG\u00cdA-ANALIZ\u00d3-CON-INTENDENTES-LAS-DEFICIENCIAS-DE-EDESUR-2.jpg","blog_images":{"medium":"https:\/\/diarioprincipios.com\/wp-content\/uploads\/2020\/07\/EL-SECRETARIO-DE-ENERG\u00cdA-ANALIZ\u00d3-CON-INTENDENTES-LAS-DEFICIENCIAS-DE-EDESUR-2-300x232.jpg","large":"https:\/\/diarioprincipios.com\/wp-content\/uploads\/2020\/07\/EL-SECRETARIO-DE-ENERG\u00cdA-ANALIZ\u00d3-CON-INTENDENTES-LAS-DEFICIENCIAS-DE-EDESUR-2.jpg"},"ams_acf":[],"yoast_head":"<!-- This site is optimized with the Yoast SEO plugin v27.3 - https:\/\/yoast.com\/product\/yoast-seo-wordpress\/ -->\n<title>Mussi analiz\u00f3, junto a otros intendentes, las deficiencias de Edesur con el Secretario de Energ\u00eda de la Naci\u00f3n - Principios<\/title>\n<meta name=\"robots\" content=\"index, follow, max-snippet:-1, max-image-preview:large, max-video-preview:-1\" \/>\n<link rel=\"canonical\" href=\"https:\/\/diarioprincipios.com\/index.php\/2020\/07\/23\/mussi-junto-a-otros-intendentes-analizaron-las-deficiencias-de-edesur-con-el-secretario-de-energia-de-la-nacion\/\" \/>\n<meta property=\"og:locale\" content=\"es_ES\" \/>\n<meta property=\"og:type\" content=\"article\" \/>\n<meta property=\"og:title\" content=\"Mussi analiz\u00f3, junto a otros intendentes, las deficiencias de Edesur con el Secretario de Energ\u00eda de la Naci\u00f3n - Principios\" \/>\n<meta property=\"og:description\" content=\"Con el fin de analizar los reclamos por los permanentes cortes en el servicio de la empresa privada EDESUR y que afectan a vastas zonas del Conurbano bonaerense, el secretario de Energ\u00eda de la Naci\u00f3n, Sergio Lanziani, se reuni\u00f3 a trav\u00e9s de videoconferencia con un grupo de intendentes, entre quienes estuvo el berazateguense, Juan Jos\u00e9...\" \/>\n<meta property=\"og:url\" content=\"https:\/\/diarioprincipios.com\/index.php\/2020\/07\/23\/mussi-junto-a-otros-intendentes-analizaron-las-deficiencias-de-edesur-con-el-secretario-de-energia-de-la-nacion\/\" \/>\n<meta property=\"og:site_name\" content=\"Principios\" \/>\n<meta property=\"article:published_time\" content=\"2020-07-24T00:26:19+00:00\" \/>\n<meta property=\"article:modified_time\" content=\"2020-07-24T00:27:55+00:00\" \/>\n<meta property=\"og:image\" content=\"https:\/\/diarioprincipios.com\/wp-content\/uploads\/2020\/07\/EL-SECRETARIO-DE-ENERG\u00cdA-ANALIZ\u00d3-CON-INTENDENTES-LAS-DEFICIENCIAS-DE-EDESUR-2.jpg\" \/>\n\t<meta property=\"og:image:width\" content=\"994\" \/>\n\t<meta property=\"og:image:height\" content=\"768\" \/>\n\t<meta property=\"og:image:type\" content=\"image\/jpeg\" \/>\n<meta name=\"author\" content=\"Hern\u00e1n L\u00f3pez\" \/>\n<meta name=\"twitter:card\" content=\"summary_large_image\" \/>\n<meta name=\"twitter:label1\" content=\"Escrito por\" \/>\n\t<meta name=\"twitter:data1\" content=\"Hern\u00e1n L\u00f3pez\" \/>\n\t<meta name=\"twitter:label2\" content=\"Tiempo de lectura\" \/>\n\t<meta name=\"twitter:data2\" content=\"2 minutos\" \/>\n<script type=\"application\/ld+json\" class=\"yoast-schema-graph\">{\"@context\":\"https:\\\/\\\/schema.org\",\"@graph\":[{\"@type\":\"Article\",\"@id\":\"https:\\\/\\\/diarioprincipios.com\\\/index.php\\\/2020\\\/07\\\/23\\\/mussi-junto-a-otros-intendentes-analizaron-las-deficiencias-de-edesur-con-el-secretario-de-energia-de-la-nacion\\\/#article\",\"isPartOf\":{\"@id\":\"https:\\\/\\\/diarioprincipios.com\\\/index.php\\\/2020\\\/07\\\/23\\\/mussi-junto-a-otros-intendentes-analizaron-las-deficiencias-de-edesur-con-el-secretario-de-energia-de-la-nacion\\\/\"},\"author\":{\"name\":\"Hern\u00e1n L\u00f3pez\",\"@id\":\"https:\\\/\\\/diarioprincipios.com\\\/#\\\/schema\\\/person\\\/436d5a1fd41a5e250e23ff5a6a7cb080\"},\"headline\":\"Mussi analiz\u00f3, junto a otros intendentes, las deficiencias de Edesur con el Secretario de Energ\u00eda de la Naci\u00f3n\",\"datePublished\":\"2020-07-24T00:26:19+00:00\",\"dateModified\":\"2020-07-24T00:27:55+00:00\",\"mainEntityOfPage\":{\"@id\":\"https:\\\/\\\/diarioprincipios.com\\\/index.php\\\/2020\\\/07\\\/23\\\/mussi-junto-a-otros-intendentes-analizaron-las-deficiencias-de-edesur-con-el-secretario-de-energia-de-la-nacion\\\/\"},\"wordCount\":422,\"commentCount\":0,\"publisher\":{\"@id\":\"https:\\\/\\\/diarioprincipios.com\\\/#organization\"},\"image\":{\"@id\":\"https:\\\/\\\/diarioprincipios.com\\\/index.php\\\/2020\\\/07\\\/23\\\/mussi-junto-a-otros-intendentes-analizaron-las-deficiencias-de-edesur-con-el-secretario-de-energia-de-la-nacion\\\/#primaryimage\"},\"thumbnailUrl\":\"https:\\\/\\\/diarioprincipios.com\\\/wp-content\\\/uploads\\\/2020\\\/07\\\/EL-SECRETARIO-DE-ENERG\u00cdA-ANALIZ\u00d3-CON-INTENDENTES-LAS-DEFICIENCIAS-DE-EDESUR-2.jpg\",\"articleSection\":[\"Berazategui\"],\"inLanguage\":\"es\",\"potentialAction\":[{\"@type\":\"CommentAction\",\"name\":\"Comment\",\"target\":[\"https:\\\/\\\/diarioprincipios.com\\\/index.php\\\/2020\\\/07\\\/23\\\/mussi-junto-a-otros-intendentes-analizaron-las-deficiencias-de-edesur-con-el-secretario-de-energia-de-la-nacion\\\/#respond\"]}]},{\"@type\":\"WebPage\",\"@id\":\"https:\\\/\\\/diarioprincipios.com\\\/index.php\\\/2020\\\/07\\\/23\\\/mussi-junto-a-otros-intendentes-analizaron-las-deficiencias-de-edesur-con-el-secretario-de-energia-de-la-nacion\\\/\",\"url\":\"https:\\\/\\\/diarioprincipios.com\\\/index.php\\\/2020\\\/07\\\/23\\\/mussi-junto-a-otros-intendentes-analizaron-las-deficiencias-de-edesur-con-el-secretario-de-energia-de-la-nacion\\\/\",\"name\":\"Mussi analiz\u00f3, junto a otros intendentes, las deficiencias de Edesur con el Secretario de Energ\u00eda de la Naci\u00f3n - Principios\",\"isPartOf\":{\"@id\":\"https:\\\/\\\/diarioprincipios.com\\\/#website\"},\"primaryImageOfPage\":{\"@id\":\"https:\\\/\\\/diarioprincipios.com\\\/index.php\\\/2020\\\/07\\\/23\\\/mussi-junto-a-otros-intendentes-analizaron-las-deficiencias-de-edesur-con-el-secretario-de-energia-de-la-nacion\\\/#primaryimage\"},\"image\":{\"@id\":\"https:\\\/\\\/diarioprincipios.com\\\/index.php\\\/2020\\\/07\\\/23\\\/mussi-junto-a-otros-intendentes-analizaron-las-deficiencias-de-edesur-con-el-secretario-de-energia-de-la-nacion\\\/#primaryimage\"},\"thumbnailUrl\":\"https:\\\/\\\/diarioprincipios.com\\\/wp-content\\\/uploads\\\/2020\\\/07\\\/EL-SECRETARIO-DE-ENERG\u00cdA-ANALIZ\u00d3-CON-INTENDENTES-LAS-DEFICIENCIAS-DE-EDESUR-2.jpg\",\"datePublished\":\"2020-07-24T00:26:19+00:00\",\"dateModified\":\"2020-07-24T00:27:55+00:00\",\"breadcrumb\":{\"@id\":\"https:\\\/\\\/diarioprincipios.com\\\/index.php\\\/2020\\\/07\\\/23\\\/mussi-junto-a-otros-intendentes-analizaron-las-deficiencias-de-edesur-con-el-secretario-de-energia-de-la-nacion\\\/#breadcrumb\"},\"inLanguage\":\"es\",\"potentialAction\":[{\"@type\":\"ReadAction\",\"target\":[\"https:\\\/\\\/diarioprincipios.com\\\/index.php\\\/2020\\\/07\\\/23\\\/mussi-junto-a-otros-intendentes-analizaron-las-deficiencias-de-edesur-con-el-secretario-de-energia-de-la-nacion\\\/\"]}]},{\"@type\":\"ImageObject\",\"inLanguage\":\"es\",\"@id\":\"https:\\\/\\\/diarioprincipios.com\\\/index.php\\\/2020\\\/07\\\/23\\\/mussi-junto-a-otros-intendentes-analizaron-las-deficiencias-de-edesur-con-el-secretario-de-energia-de-la-nacion\\\/#primaryimage\",\"url\":\"https:\\\/\\\/diarioprincipios.com\\\/wp-content\\\/uploads\\\/2020\\\/07\\\/EL-SECRETARIO-DE-ENERG\u00cdA-ANALIZ\u00d3-CON-INTENDENTES-LAS-DEFICIENCIAS-DE-EDESUR-2.jpg\",\"contentUrl\":\"https:\\\/\\\/diarioprincipios.com\\\/wp-content\\\/uploads\\\/2020\\\/07\\\/EL-SECRETARIO-DE-ENERG\u00cdA-ANALIZ\u00d3-CON-INTENDENTES-LAS-DEFICIENCIAS-DE-EDESUR-2.jpg\",\"width\":994,\"height\":768},{\"@type\":\"BreadcrumbList\",\"@id\":\"https:\\\/\\\/diarioprincipios.com\\\/index.php\\\/2020\\\/07\\\/23\\\/mussi-junto-a-otros-intendentes-analizaron-las-deficiencias-de-edesur-con-el-secretario-de-energia-de-la-nacion\\\/#breadcrumb\",\"itemListElement\":[{\"@type\":\"ListItem\",\"position\":1,\"name\":\"Portada\",\"item\":\"https:\\\/\\\/diarioprincipios.com\\\/\"},{\"@type\":\"ListItem\",\"position\":2,\"name\":\"Mussi analiz\u00f3, junto a otros intendentes, las deficiencias de Edesur con el Secretario de Energ\u00eda de la Naci\u00f3n\"}]},{\"@type\":\"WebSite\",\"@id\":\"https:\\\/\\\/diarioprincipios.com\\\/#website\",\"url\":\"https:\\\/\\\/diarioprincipios.com\\\/\",\"name\":\"Principios\",\"description\":\"Principios Diario\",\"publisher\":{\"@id\":\"https:\\\/\\\/diarioprincipios.com\\\/#organization\"},\"potentialAction\":[{\"@type\":\"SearchAction\",\"target\":{\"@type\":\"EntryPoint\",\"urlTemplate\":\"https:\\\/\\\/diarioprincipios.com\\\/?s={search_term_string}\"},\"query-input\":{\"@type\":\"PropertyValueSpecification\",\"valueRequired\":true,\"valueName\":\"search_term_string\"}}],\"inLanguage\":\"es\"},{\"@type\":\"Organization\",\"@id\":\"https:\\\/\\\/diarioprincipios.com\\\/#organization\",\"name\":\"Principios\",\"url\":\"https:\\\/\\\/diarioprincipios.com\\\/\",\"logo\":{\"@type\":\"ImageObject\",\"inLanguage\":\"es\",\"@id\":\"https:\\\/\\\/diarioprincipios.com\\\/#\\\/schema\\\/logo\\\/image\\\/\",\"url\":\"https:\\\/\\\/diarioprincipios.com\\\/wp-content\\\/uploads\\\/2024\\\/04\\\/cropped-www.diarioprincipios.com_-1.png\",\"contentUrl\":\"https:\\\/\\\/diarioprincipios.com\\\/wp-content\\\/uploads\\\/2024\\\/04\\\/cropped-www.diarioprincipios.com_-1.png\",\"width\":5325,\"height\":1454,\"caption\":\"Principios\"},\"image\":{\"@id\":\"https:\\\/\\\/diarioprincipios.com\\\/#\\\/schema\\\/logo\\\/image\\\/\"}},{\"@type\":\"Person\",\"@id\":\"https:\\\/\\\/diarioprincipios.com\\\/#\\\/schema\\\/person\\\/436d5a1fd41a5e250e23ff5a6a7cb080\",\"name\":\"Hern\u00e1n L\u00f3pez\",\"image\":{\"@type\":\"ImageObject\",\"inLanguage\":\"es\",\"@id\":\"https:\\\/\\\/diarioprincipios.com\\\/wp-content\\\/litespeed\\\/avatar\\\/11ddfe5610ff3bd100522525b2571f48.jpg?ver=1777653193\",\"url\":\"https:\\\/\\\/diarioprincipios.com\\\/wp-content\\\/litespeed\\\/avatar\\\/11ddfe5610ff3bd100522525b2571f48.jpg?ver=1777653193\",\"contentUrl\":\"https:\\\/\\\/diarioprincipios.com\\\/wp-content\\\/litespeed\\\/avatar\\\/11ddfe5610ff3bd100522525b2571f48.jpg?ver=1777653193\",\"caption\":\"Hern\u00e1n L\u00f3pez\"},\"url\":\"https:\\\/\\\/diarioprincipios.com\\\/index.php\\\/author\\\/hernan\\\/\"}]}<\/script>\n<!-- \/ Yoast SEO plugin. -->","yoast_head_json":{"title":"Mussi analiz\u00f3, junto a otros intendentes, las deficiencias de Edesur con el Secretario de Energ\u00eda de la Naci\u00f3n - Principios","robots":{"index":"index","follow":"follow","max-snippet":"max-snippet:-1","max-image-preview":"max-image-preview:large","max-video-preview":"max-video-preview:-1"},"canonical":"https:\/\/diarioprincipios.com\/index.php\/2020\/07\/23\/mussi-junto-a-otros-intendentes-analizaron-las-deficiencias-de-edesur-con-el-secretario-de-energia-de-la-nacion\/","og_locale":"es_ES","og_type":"article","og_title":"Mussi analiz\u00f3, junto a otros intendentes, las deficiencias de Edesur con el Secretario de Energ\u00eda de la Naci\u00f3n - Principios","og_description":"Con el fin de analizar los reclamos por los permanentes cortes en el servicio de la empresa privada EDESUR y que afectan a vastas zonas del Conurbano bonaerense, el secretario de Energ\u00eda de la Naci\u00f3n, Sergio Lanziani, se reuni\u00f3 a trav\u00e9s de videoconferencia con un grupo de intendentes, entre quienes estuvo el berazateguense, Juan Jos\u00e9...","og_url":"https:\/\/diarioprincipios.com\/index.php\/2020\/07\/23\/mussi-junto-a-otros-intendentes-analizaron-las-deficiencias-de-edesur-con-el-secretario-de-energia-de-la-nacion\/","og_site_name":"Principios","article_published_time":"2020-07-24T00:26:19+00:00","article_modified_time":"2020-07-24T00:27:55+00:00","og_image":[{"width":994,"height":768,"url":"https:\/\/diarioprincipios.com\/wp-content\/uploads\/2020\/07\/EL-SECRETARIO-DE-ENERG\u00cdA-ANALIZ\u00d3-CON-INTENDENTES-LAS-DEFICIENCIAS-DE-EDESUR-2.jpg","type":"image\/jpeg"}],"author":"Hern\u00e1n L\u00f3pez","twitter_card":"summary_large_image","twitter_misc":{"Escrito por":"Hern\u00e1n L\u00f3pez","Tiempo de lectura":"2 minutos"},"schema":{"@context":"https:\/\/schema.org","@graph":[{"@type":"Article","@id":"https:\/\/diarioprincipios.com\/index.php\/2020\/07\/23\/mussi-junto-a-otros-intendentes-analizaron-las-deficiencias-de-edesur-con-el-secretario-de-energia-de-la-nacion\/#article","isPartOf":{"@id":"https:\/\/diarioprincipios.com\/index.php\/2020\/07\/23\/mussi-junto-a-otros-intendentes-analizaron-las-deficiencias-de-edesur-con-el-secretario-de-energia-de-la-nacion\/"},"author":{"name":"Hern\u00e1n L\u00f3pez","@id":"https:\/\/diarioprincipios.com\/#\/schema\/person\/436d5a1fd41a5e250e23ff5a6a7cb080"},"headline":"Mussi analiz\u00f3, junto a otros intendentes, las deficiencias de Edesur con el Secretario de Energ\u00eda de la Naci\u00f3n","datePublished":"2020-07-24T00:26:19+00:00","dateModified":"2020-07-24T00:27:55+00:00","mainEntityOfPage":{"@id":"https:\/\/diarioprincipios.com\/index.php\/2020\/07\/23\/mussi-junto-a-otros-intendentes-analizaron-las-deficiencias-de-edesur-con-el-secretario-de-energia-de-la-nacion\/"},"wordCount":422,"commentCount":0,"publisher":{"@id":"https:\/\/diarioprincipios.com\/#organization"},"image":{"@id":"https:\/\/diarioprincipios.com\/index.php\/2020\/07\/23\/mussi-junto-a-otros-intendentes-analizaron-las-deficiencias-de-edesur-con-el-secretario-de-energia-de-la-nacion\/#primaryimage"},"thumbnailUrl":"https:\/\/diarioprincipios.com\/wp-content\/uploads\/2020\/07\/EL-SECRETARIO-DE-ENERG\u00cdA-ANALIZ\u00d3-CON-INTENDENTES-LAS-DEFICIENCIAS-DE-EDESUR-2.jpg","articleSection":["Berazategui"],"inLanguage":"es","potentialAction":[{"@type":"CommentAction","name":"Comment","target":["https:\/\/diarioprincipios.com\/index.php\/2020\/07\/23\/mussi-junto-a-otros-intendentes-analizaron-las-deficiencias-de-edesur-con-el-secretario-de-energia-de-la-nacion\/#respond"]}]},{"@type":"WebPage","@id":"https:\/\/diarioprincipios.com\/index.php\/2020\/07\/23\/mussi-junto-a-otros-intendentes-analizaron-las-deficiencias-de-edesur-con-el-secretario-de-energia-de-la-nacion\/","url":"https:\/\/diarioprincipios.com\/index.php\/2020\/07\/23\/mussi-junto-a-otros-intendentes-analizaron-las-deficiencias-de-edesur-con-el-secretario-de-energia-de-la-nacion\/","name":"Mussi analiz\u00f3, junto a otros intendentes, las deficiencias de Edesur con el Secretario de Energ\u00eda de la Naci\u00f3n - Principios","isPartOf":{"@id":"https:\/\/diarioprincipios.com\/#website"},"primaryImageOfPage":{"@id":"https:\/\/diarioprincipios.com\/index.php\/2020\/07\/23\/mussi-junto-a-otros-intendentes-analizaron-las-deficiencias-de-edesur-con-el-secretario-de-energia-de-la-nacion\/#primaryimage"},"image":{"@id":"https:\/\/diarioprincipios.com\/index.php\/2020\/07\/23\/mussi-junto-a-otros-intendentes-analizaron-las-deficiencias-de-edesur-con-el-secretario-de-energia-de-la-nacion\/#primaryimage"},"thumbnailUrl":"https:\/\/diarioprincipios.com\/wp-content\/uploads\/2020\/07\/EL-SECRETARIO-DE-ENERG\u00cdA-ANALIZ\u00d3-CON-INTENDENTES-LAS-DEFICIENCIAS-DE-EDESUR-2.jpg","datePublished":"2020-07-24T00:26:19+00:00","dateModified":"2020-07-24T00:27:55+00:00","breadcrumb":{"@id":"https:\/\/diarioprincipios.com\/index.php\/2020\/07\/23\/mussi-junto-a-otros-intendentes-analizaron-las-deficiencias-de-edesur-con-el-secretario-de-energia-de-la-nacion\/#breadcrumb"},"inLanguage":"es","potentialAction":[{"@type":"ReadAction","target":["https:\/\/diarioprincipios.com\/index.php\/2020\/07\/23\/mussi-junto-a-otros-intendentes-analizaron-las-deficiencias-de-edesur-con-el-secretario-de-energia-de-la-nacion\/"]}]},{"@type":"ImageObject","inLanguage":"es","@id":"https:\/\/diarioprincipios.com\/index.php\/2020\/07\/23\/mussi-junto-a-otros-intendentes-analizaron-las-deficiencias-de-edesur-con-el-secretario-de-energia-de-la-nacion\/#primaryimage","url":"https:\/\/diarioprincipios.com\/wp-content\/uploads\/2020\/07\/EL-SECRETARIO-DE-ENERG\u00cdA-ANALIZ\u00d3-CON-INTENDENTES-LAS-DEFICIENCIAS-DE-EDESUR-2.jpg","contentUrl":"https:\/\/diarioprincipios.com\/wp-content\/uploads\/2020\/07\/EL-SECRETARIO-DE-ENERG\u00cdA-ANALIZ\u00d3-CON-INTENDENTES-LAS-DEFICIENCIAS-DE-EDESUR-2.jpg","width":994,"height":768},{"@type":"BreadcrumbList","@id":"https:\/\/diarioprincipios.com\/index.php\/2020\/07\/23\/mussi-junto-a-otros-intendentes-analizaron-las-deficiencias-de-edesur-con-el-secretario-de-energia-de-la-nacion\/#breadcrumb","itemListElement":[{"@type":"ListItem","position":1,"name":"Portada","item":"https:\/\/diarioprincipios.com\/"},{"@type":"ListItem","position":2,"name":"Mussi analiz\u00f3, junto a otros intendentes, las deficiencias de Edesur con el Secretario de Energ\u00eda de la Naci\u00f3n"}]},{"@type":"WebSite","@id":"https:\/\/diarioprincipios.com\/#website","url":"https:\/\/diarioprincipios.com\/","name":"Principios","description":"Principios Diario","publisher":{"@id":"https:\/\/diarioprincipios.com\/#organization"},"potentialAction":[{"@type":"SearchAction","target":{"@type":"EntryPoint","urlTemplate":"https:\/\/diarioprincipios.com\/?s={search_term_string}"},"query-input":{"@type":"PropertyValueSpecification","valueRequired":true,"valueName":"search_term_string"}}],"inLanguage":"es"},{"@type":"Organization","@id":"https:\/\/diarioprincipios.com\/#organization","name":"Principios","url":"https:\/\/diarioprincipios.com\/","logo":{"@type":"ImageObject","inLanguage":"es","@id":"https:\/\/diarioprincipios.com\/#\/schema\/logo\/image\/","url":"https:\/\/diarioprincipios.com\/wp-content\/uploads\/2024\/04\/cropped-www.diarioprincipios.com_-1.png","contentUrl":"https:\/\/diarioprincipios.com\/wp-content\/uploads\/2024\/04\/cropped-www.diarioprincipios.com_-1.png","width":5325,"height":1454,"caption":"Principios"},"image":{"@id":"https:\/\/diarioprincipios.com\/#\/schema\/logo\/image\/"}},{"@type":"Person","@id":"https:\/\/diarioprincipios.com\/#\/schema\/person\/436d5a1fd41a5e250e23ff5a6a7cb080","name":"Hern\u00e1n L\u00f3pez","image":{"@type":"ImageObject","inLanguage":"es","@id":"https:\/\/diarioprincipios.com\/wp-content\/litespeed\/avatar\/11ddfe5610ff3bd100522525b2571f48.jpg?ver=1777653193","url":"https:\/\/diarioprincipios.com\/wp-content\/litespeed\/avatar\/11ddfe5610ff3bd100522525b2571f48.jpg?ver=1777653193","contentUrl":"https:\/\/diarioprincipios.com\/wp-content\/litespeed\/avatar\/11ddfe5610ff3bd100522525b2571f48.jpg?ver=1777653193","caption":"Hern\u00e1n L\u00f3pez"},"url":"https:\/\/diarioprincipios.com\/index.php\/author\/hernan\/"}]}},"jetpack_featured_media_url":"https:\/\/diarioprincipios.com\/wp-content\/uploads\/2020\/07\/EL-SECRETARIO-DE-ENERG\u00cdA-ANALIZ\u00d3-CON-INTENDENTES-LAS-DEFICIENCIAS-DE-EDESUR-2.jpg","_links":{"self":[{"href":"https:\/\/diarioprincipios.com\/index.php\/wp-json\/wp\/v2\/posts\/4162","targetHints":{"allow":["GET"]}}],"collection":[{"href":"https:\/\/diarioprincipios.com\/index.php\/wp-json\/wp\/v2\/posts"}],"about":[{"href":"https:\/\/diarioprincipios.com\/index.php\/wp-json\/wp\/v2\/types\/post"}],"author":[{"embeddable":true,"href":"https:\/\/diarioprincipios.com\/index.php\/wp-json\/wp\/v2\/users\/2"}],"replies":[{"embeddable":true,"href":"https:\/\/diarioprincipios.com\/index.php\/wp-json\/wp\/v2\/comments?post=4162"}],"version-history":[{"count":2,"href":"https:\/\/diarioprincipios.com\/index.php\/wp-json\/wp\/v2\/posts\/4162\/revisions"}],"predecessor-version":[{"id":4166,"href":"https:\/\/diarioprincipios.com\/index.php\/wp-json\/wp\/v2\/posts\/4162\/revisions\/4166"}],"wp:featuredmedia":[{"embeddable":true,"href":"https:\/\/diarioprincipios.com\/index.php\/wp-json\/wp\/v2\/media\/4164"}],"wp:attachment":[{"href":"https:\/\/diarioprincipios.com\/index.php\/wp-json\/wp\/v2\/media?parent=4162"}],"wp:term":[{"taxonomy":"category","embeddable":true,"href":"https:\/\/diarioprincipios.com\/index.php\/wp-json\/wp\/v2\/categories?post=4162"},{"taxonomy":"post_tag","embeddable":true,"href":"https:\/\/diarioprincipios.com\/index.php\/wp-json\/wp\/v2\/tags?post=4162"}],"curies":[{"name":"wp","href":"https:\/\/api.w.org\/{rel}","templated":true}]}}