{"id":4155,"date":"2020-07-23T17:09:54","date_gmt":"2020-07-23T20:09:54","guid":{"rendered":"http:\/\/diarioprincipios.com\/?p=4155"},"modified":"2020-07-23T17:09:59","modified_gmt":"2020-07-23T20:09:59","slug":"ferraresi-firmo-un-convenio-con-pami-para-que-centros-de-jubilados-reciban-el-subsidio-solidario-de-sostenimiento","status":"publish","type":"post","link":"https:\/\/diarioprincipios.com\/index.php\/2020\/07\/23\/ferraresi-firmo-un-convenio-con-pami-para-que-centros-de-jubilados-reciban-el-subsidio-solidario-de-sostenimiento\/","title":{"rendered":"Ferraresi firm\u00f3 un convenio con PAMI para que centros de jubilados reciban el Subsidio Solidario de Sostenimiento"},"content":{"rendered":"\n<p>En el marco de la pandemia y el dif\u00edcil momento que atraviesan las instituciones barriales, el jefe comunal llev\u00f3 a cabo la r\u00fabrica de este convenio que contempla la entrega de ayuda econ\u00f3mica a m\u00e1s de 50 centros de jubilados y pensionados de Avellaneda.<\/p>\n\n\n\n<p>El intendente de Avellaneda, Jorge Ferraresi junto a autoridades de PAMI firm\u00f3 un convenio destinado a centros de jubilados de la ciudad para que reciban el Subsidio Solidario de Sostenimiento.<\/p>\n\n\n\n<p>El Centro de Jubilados y Pensionados, \u201cVilla Corina\u201d fue la instituci\u00f3n elegida para llevar a cabo la r\u00fabrica que contempla una ayuda econ\u00f3mica de 15 mil pesos para las instituciones barriales donde cientos que albergan a miles jubilados y jubiladas durante todo el a\u00f1o.<\/p>\n\n\n\n<figure class=\"wp-block-image size-large\"><img loading=\"lazy\" decoding=\"async\" width=\"1024\" height=\"632\" src=\"https:\/\/diarioprincipios.com\/wp-content\/uploads\/2020\/07\/8453b082-239e-421c-903d-4031da432e6e-1024x632.jpg\" alt=\"\" class=\"wp-image-4156\" srcset=\"https:\/\/diarioprincipios.com\/wp-content\/uploads\/2020\/07\/8453b082-239e-421c-903d-4031da432e6e-1024x632.jpg 1024w, https:\/\/diarioprincipios.com\/wp-content\/uploads\/2020\/07\/8453b082-239e-421c-903d-4031da432e6e-300x185.jpg 300w, https:\/\/diarioprincipios.com\/wp-content\/uploads\/2020\/07\/8453b082-239e-421c-903d-4031da432e6e-768x474.jpg 768w, https:\/\/diarioprincipios.com\/wp-content\/uploads\/2020\/07\/8453b082-239e-421c-903d-4031da432e6e.jpg 1280w\" sizes=\"auto, (max-width: 1024px) 100vw, 1024px\" \/><\/figure>\n\n\n\n<p>Los subsidios solidarios de sostenimiento tienen como objetivo ayudar en este momento complejo a las instituciones para que cuando puedan volver a la actividad habitual, ninguna quede con sus puertas cerradas.<\/p>\n\n\n\n<p>Estuvieron presentes, Fernando Ortega, director ejecutivo UGL X PAMI; el Dr. Oscar Fari\u00f1a, Jefe de Agencia de Avellaneda Centro; Jessica Leyro, coordinadora de prestaciones sociales UGL X PAMI; Sabrina Crisp\u00edn, jefa de agencia Wilde y Nadia Burgos, coordinadora ejecutiva UGL X PAMI.<\/p>\n","protected":false},"excerpt":{"rendered":"<p>En el marco de la pandemia y el dif\u00edcil momento que atraviesan las instituciones barriales, el jefe comunal llev\u00f3 a cabo la r\u00fabrica de este convenio que contempla la entrega de ayuda econ\u00f3mica a m\u00e1s de 50 centros de jubilados y pensionados de Avellaneda. El intendente de Avellaneda, Jorge Ferraresi junto a autoridades de PAMI&#8230;<\/p>\n","protected":false},"author":2,"featured_media":4157,"comment_status":"open","ping_status":"open","sticky":false,"template":"","format":"standard","meta":{"footnotes":""},"categories":[5],"tags":[],"class_list":["post-4155","post","type-post","status-publish","format-standard","has-post-thumbnail","hentry","category-avellaneda"],"featured_image_src":"https:\/\/diarioprincipios.com\/wp-content\/uploads\/2020\/07\/ed21fada-cfdd-42a5-82dd-edf70e68f7bd-1024x708.jpg","blog_images":{"medium":"https:\/\/diarioprincipios.com\/wp-content\/uploads\/2020\/07\/ed21fada-cfdd-42a5-82dd-edf70e68f7bd-300x207.jpg","large":"https:\/\/diarioprincipios.com\/wp-content\/uploads\/2020\/07\/ed21fada-cfdd-42a5-82dd-edf70e68f7bd-1024x708.jpg"},"ams_acf":[],"yoast_head":"<!-- This site is optimized with the Yoast SEO plugin v27.3 - https:\/\/yoast.com\/product\/yoast-seo-wordpress\/ -->\n<title>Ferraresi firm\u00f3 un convenio con PAMI para que centros de jubilados reciban el Subsidio Solidario de Sostenimiento - Principios<\/title>\n<meta name=\"robots\" content=\"index, follow, max-snippet:-1, max-image-preview:large, max-video-preview:-1\" \/>\n<link rel=\"canonical\" href=\"https:\/\/diarioprincipios.com\/index.php\/2020\/07\/23\/ferraresi-firmo-un-convenio-con-pami-para-que-centros-de-jubilados-reciban-el-subsidio-solidario-de-sostenimiento\/\" \/>\n<meta property=\"og:locale\" content=\"es_ES\" \/>\n<meta property=\"og:type\" content=\"article\" \/>\n<meta property=\"og:title\" content=\"Ferraresi firm\u00f3 un convenio con PAMI para que centros de jubilados reciban el Subsidio Solidario de Sostenimiento - Principios\" \/>\n<meta property=\"og:description\" content=\"En el marco de la pandemia y el dif\u00edcil momento que atraviesan las instituciones barriales, el jefe comunal llev\u00f3 a cabo la r\u00fabrica de este convenio que contempla la entrega de ayuda econ\u00f3mica a m\u00e1s de 50 centros de jubilados y pensionados de Avellaneda. El intendente de Avellaneda, Jorge Ferraresi junto a autoridades de PAMI...\" \/>\n<meta property=\"og:url\" content=\"https:\/\/diarioprincipios.com\/index.php\/2020\/07\/23\/ferraresi-firmo-un-convenio-con-pami-para-que-centros-de-jubilados-reciban-el-subsidio-solidario-de-sostenimiento\/\" \/>\n<meta property=\"og:site_name\" content=\"Principios\" \/>\n<meta property=\"article:published_time\" content=\"2020-07-23T20:09:54+00:00\" \/>\n<meta property=\"article:modified_time\" content=\"2020-07-23T20:09:59+00:00\" \/>\n<meta property=\"og:image\" content=\"https:\/\/diarioprincipios.com\/wp-content\/uploads\/2020\/07\/ed21fada-cfdd-42a5-82dd-edf70e68f7bd.jpg\" \/>\n\t<meta property=\"og:image:width\" content=\"1280\" \/>\n\t<meta property=\"og:image:height\" content=\"885\" \/>\n\t<meta property=\"og:image:type\" content=\"image\/jpeg\" \/>\n<meta name=\"author\" content=\"Hern\u00e1n L\u00f3pez\" \/>\n<meta name=\"twitter:card\" content=\"summary_large_image\" \/>\n<meta name=\"twitter:label1\" content=\"Escrito por\" \/>\n\t<meta name=\"twitter:data1\" content=\"Hern\u00e1n L\u00f3pez\" \/>\n\t<meta name=\"twitter:label2\" content=\"Tiempo de lectura\" \/>\n\t<meta name=\"twitter:data2\" content=\"1 minuto\" \/>\n<script type=\"application\/ld+json\" class=\"yoast-schema-graph\">{\"@context\":\"https:\\\/\\\/schema.org\",\"@graph\":[{\"@type\":\"Article\",\"@id\":\"https:\\\/\\\/diarioprincipios.com\\\/index.php\\\/2020\\\/07\\\/23\\\/ferraresi-firmo-un-convenio-con-pami-para-que-centros-de-jubilados-reciban-el-subsidio-solidario-de-sostenimiento\\\/#article\",\"isPartOf\":{\"@id\":\"https:\\\/\\\/diarioprincipios.com\\\/index.php\\\/2020\\\/07\\\/23\\\/ferraresi-firmo-un-convenio-con-pami-para-que-centros-de-jubilados-reciban-el-subsidio-solidario-de-sostenimiento\\\/\"},\"author\":{\"name\":\"Hern\u00e1n L\u00f3pez\",\"@id\":\"https:\\\/\\\/diarioprincipios.com\\\/#\\\/schema\\\/person\\\/436d5a1fd41a5e250e23ff5a6a7cb080\"},\"headline\":\"Ferraresi firm\u00f3 un convenio con PAMI para que centros de jubilados reciban el Subsidio Solidario de Sostenimiento\",\"datePublished\":\"2020-07-23T20:09:54+00:00\",\"dateModified\":\"2020-07-23T20:09:59+00:00\",\"mainEntityOfPage\":{\"@id\":\"https:\\\/\\\/diarioprincipios.com\\\/index.php\\\/2020\\\/07\\\/23\\\/ferraresi-firmo-un-convenio-con-pami-para-que-centros-de-jubilados-reciban-el-subsidio-solidario-de-sostenimiento\\\/\"},\"wordCount\":216,\"commentCount\":0,\"publisher\":{\"@id\":\"https:\\\/\\\/diarioprincipios.com\\\/#organization\"},\"image\":{\"@id\":\"https:\\\/\\\/diarioprincipios.com\\\/index.php\\\/2020\\\/07\\\/23\\\/ferraresi-firmo-un-convenio-con-pami-para-que-centros-de-jubilados-reciban-el-subsidio-solidario-de-sostenimiento\\\/#primaryimage\"},\"thumbnailUrl\":\"https:\\\/\\\/diarioprincipios.com\\\/wp-content\\\/uploads\\\/2020\\\/07\\\/ed21fada-cfdd-42a5-82dd-edf70e68f7bd.jpg\",\"articleSection\":[\"Avellaneda\"],\"inLanguage\":\"es\",\"potentialAction\":[{\"@type\":\"CommentAction\",\"name\":\"Comment\",\"target\":[\"https:\\\/\\\/diarioprincipios.com\\\/index.php\\\/2020\\\/07\\\/23\\\/ferraresi-firmo-un-convenio-con-pami-para-que-centros-de-jubilados-reciban-el-subsidio-solidario-de-sostenimiento\\\/#respond\"]}]},{\"@type\":\"WebPage\",\"@id\":\"https:\\\/\\\/diarioprincipios.com\\\/index.php\\\/2020\\\/07\\\/23\\\/ferraresi-firmo-un-convenio-con-pami-para-que-centros-de-jubilados-reciban-el-subsidio-solidario-de-sostenimiento\\\/\",\"url\":\"https:\\\/\\\/diarioprincipios.com\\\/index.php\\\/2020\\\/07\\\/23\\\/ferraresi-firmo-un-convenio-con-pami-para-que-centros-de-jubilados-reciban-el-subsidio-solidario-de-sostenimiento\\\/\",\"name\":\"Ferraresi firm\u00f3 un convenio con PAMI para que centros de jubilados reciban el Subsidio Solidario de Sostenimiento - Principios\",\"isPartOf\":{\"@id\":\"https:\\\/\\\/diarioprincipios.com\\\/#website\"},\"primaryImageOfPage\":{\"@id\":\"https:\\\/\\\/diarioprincipios.com\\\/index.php\\\/2020\\\/07\\\/23\\\/ferraresi-firmo-un-convenio-con-pami-para-que-centros-de-jubilados-reciban-el-subsidio-solidario-de-sostenimiento\\\/#primaryimage\"},\"image\":{\"@id\":\"https:\\\/\\\/diarioprincipios.com\\\/index.php\\\/2020\\\/07\\\/23\\\/ferraresi-firmo-un-convenio-con-pami-para-que-centros-de-jubilados-reciban-el-subsidio-solidario-de-sostenimiento\\\/#primaryimage\"},\"thumbnailUrl\":\"https:\\\/\\\/diarioprincipios.com\\\/wp-content\\\/uploads\\\/2020\\\/07\\\/ed21fada-cfdd-42a5-82dd-edf70e68f7bd.jpg\",\"datePublished\":\"2020-07-23T20:09:54+00:00\",\"dateModified\":\"2020-07-23T20:09:59+00:00\",\"breadcrumb\":{\"@id\":\"https:\\\/\\\/diarioprincipios.com\\\/index.php\\\/2020\\\/07\\\/23\\\/ferraresi-firmo-un-convenio-con-pami-para-que-centros-de-jubilados-reciban-el-subsidio-solidario-de-sostenimiento\\\/#breadcrumb\"},\"inLanguage\":\"es\",\"potentialAction\":[{\"@type\":\"ReadAction\",\"target\":[\"https:\\\/\\\/diarioprincipios.com\\\/index.php\\\/2020\\\/07\\\/23\\\/ferraresi-firmo-un-convenio-con-pami-para-que-centros-de-jubilados-reciban-el-subsidio-solidario-de-sostenimiento\\\/\"]}]},{\"@type\":\"ImageObject\",\"inLanguage\":\"es\",\"@id\":\"https:\\\/\\\/diarioprincipios.com\\\/index.php\\\/2020\\\/07\\\/23\\\/ferraresi-firmo-un-convenio-con-pami-para-que-centros-de-jubilados-reciban-el-subsidio-solidario-de-sostenimiento\\\/#primaryimage\",\"url\":\"https:\\\/\\\/diarioprincipios.com\\\/wp-content\\\/uploads\\\/2020\\\/07\\\/ed21fada-cfdd-42a5-82dd-edf70e68f7bd.jpg\",\"contentUrl\":\"https:\\\/\\\/diarioprincipios.com\\\/wp-content\\\/uploads\\\/2020\\\/07\\\/ed21fada-cfdd-42a5-82dd-edf70e68f7bd.jpg\",\"width\":1280,\"height\":885},{\"@type\":\"BreadcrumbList\",\"@id\":\"https:\\\/\\\/diarioprincipios.com\\\/index.php\\\/2020\\\/07\\\/23\\\/ferraresi-firmo-un-convenio-con-pami-para-que-centros-de-jubilados-reciban-el-subsidio-solidario-de-sostenimiento\\\/#breadcrumb\",\"itemListElement\":[{\"@type\":\"ListItem\",\"position\":1,\"name\":\"Portada\",\"item\":\"https:\\\/\\\/diarioprincipios.com\\\/\"},{\"@type\":\"ListItem\",\"position\":2,\"name\":\"Ferraresi firm\u00f3 un convenio con PAMI para que centros de jubilados reciban el Subsidio Solidario de Sostenimiento\"}]},{\"@type\":\"WebSite\",\"@id\":\"https:\\\/\\\/diarioprincipios.com\\\/#website\",\"url\":\"https:\\\/\\\/diarioprincipios.com\\\/\",\"name\":\"Principios\",\"description\":\"Principios Diario\",\"publisher\":{\"@id\":\"https:\\\/\\\/diarioprincipios.com\\\/#organization\"},\"potentialAction\":[{\"@type\":\"SearchAction\",\"target\":{\"@type\":\"EntryPoint\",\"urlTemplate\":\"https:\\\/\\\/diarioprincipios.com\\\/?s={search_term_string}\"},\"query-input\":{\"@type\":\"PropertyValueSpecification\",\"valueRequired\":true,\"valueName\":\"search_term_string\"}}],\"inLanguage\":\"es\"},{\"@type\":\"Organization\",\"@id\":\"https:\\\/\\\/diarioprincipios.com\\\/#organization\",\"name\":\"Principios\",\"url\":\"https:\\\/\\\/diarioprincipios.com\\\/\",\"logo\":{\"@type\":\"ImageObject\",\"inLanguage\":\"es\",\"@id\":\"https:\\\/\\\/diarioprincipios.com\\\/#\\\/schema\\\/logo\\\/image\\\/\",\"url\":\"https:\\\/\\\/diarioprincipios.com\\\/wp-content\\\/uploads\\\/2024\\\/04\\\/cropped-www.diarioprincipios.com_-1.png\",\"contentUrl\":\"https:\\\/\\\/diarioprincipios.com\\\/wp-content\\\/uploads\\\/2024\\\/04\\\/cropped-www.diarioprincipios.com_-1.png\",\"width\":5325,\"height\":1454,\"caption\":\"Principios\"},\"image\":{\"@id\":\"https:\\\/\\\/diarioprincipios.com\\\/#\\\/schema\\\/logo\\\/image\\\/\"}},{\"@type\":\"Person\",\"@id\":\"https:\\\/\\\/diarioprincipios.com\\\/#\\\/schema\\\/person\\\/436d5a1fd41a5e250e23ff5a6a7cb080\",\"name\":\"Hern\u00e1n L\u00f3pez\",\"image\":{\"@type\":\"ImageObject\",\"inLanguage\":\"es\",\"@id\":\"https:\\\/\\\/diarioprincipios.com\\\/wp-content\\\/litespeed\\\/avatar\\\/11ddfe5610ff3bd100522525b2571f48.jpg?ver=1777653193\",\"url\":\"https:\\\/\\\/diarioprincipios.com\\\/wp-content\\\/litespeed\\\/avatar\\\/11ddfe5610ff3bd100522525b2571f48.jpg?ver=1777653193\",\"contentUrl\":\"https:\\\/\\\/diarioprincipios.com\\\/wp-content\\\/litespeed\\\/avatar\\\/11ddfe5610ff3bd100522525b2571f48.jpg?ver=1777653193\",\"caption\":\"Hern\u00e1n L\u00f3pez\"},\"url\":\"https:\\\/\\\/diarioprincipios.com\\\/index.php\\\/author\\\/hernan\\\/\"}]}<\/script>\n<!-- \/ Yoast SEO plugin. -->","yoast_head_json":{"title":"Ferraresi firm\u00f3 un convenio con PAMI para que centros de jubilados reciban el Subsidio Solidario de Sostenimiento - Principios","robots":{"index":"index","follow":"follow","max-snippet":"max-snippet:-1","max-image-preview":"max-image-preview:large","max-video-preview":"max-video-preview:-1"},"canonical":"https:\/\/diarioprincipios.com\/index.php\/2020\/07\/23\/ferraresi-firmo-un-convenio-con-pami-para-que-centros-de-jubilados-reciban-el-subsidio-solidario-de-sostenimiento\/","og_locale":"es_ES","og_type":"article","og_title":"Ferraresi firm\u00f3 un convenio con PAMI para que centros de jubilados reciban el Subsidio Solidario de Sostenimiento - Principios","og_description":"En el marco de la pandemia y el dif\u00edcil momento que atraviesan las instituciones barriales, el jefe comunal llev\u00f3 a cabo la r\u00fabrica de este convenio que contempla la entrega de ayuda econ\u00f3mica a m\u00e1s de 50 centros de jubilados y pensionados de Avellaneda. El intendente de Avellaneda, Jorge Ferraresi junto a autoridades de PAMI...","og_url":"https:\/\/diarioprincipios.com\/index.php\/2020\/07\/23\/ferraresi-firmo-un-convenio-con-pami-para-que-centros-de-jubilados-reciban-el-subsidio-solidario-de-sostenimiento\/","og_site_name":"Principios","article_published_time":"2020-07-23T20:09:54+00:00","article_modified_time":"2020-07-23T20:09:59+00:00","og_image":[{"width":1280,"height":885,"url":"https:\/\/diarioprincipios.com\/wp-content\/uploads\/2020\/07\/ed21fada-cfdd-42a5-82dd-edf70e68f7bd.jpg","type":"image\/jpeg"}],"author":"Hern\u00e1n L\u00f3pez","twitter_card":"summary_large_image","twitter_misc":{"Escrito por":"Hern\u00e1n L\u00f3pez","Tiempo de lectura":"1 minuto"},"schema":{"@context":"https:\/\/schema.org","@graph":[{"@type":"Article","@id":"https:\/\/diarioprincipios.com\/index.php\/2020\/07\/23\/ferraresi-firmo-un-convenio-con-pami-para-que-centros-de-jubilados-reciban-el-subsidio-solidario-de-sostenimiento\/#article","isPartOf":{"@id":"https:\/\/diarioprincipios.com\/index.php\/2020\/07\/23\/ferraresi-firmo-un-convenio-con-pami-para-que-centros-de-jubilados-reciban-el-subsidio-solidario-de-sostenimiento\/"},"author":{"name":"Hern\u00e1n L\u00f3pez","@id":"https:\/\/diarioprincipios.com\/#\/schema\/person\/436d5a1fd41a5e250e23ff5a6a7cb080"},"headline":"Ferraresi firm\u00f3 un convenio con PAMI para que centros de jubilados reciban el Subsidio Solidario de Sostenimiento","datePublished":"2020-07-23T20:09:54+00:00","dateModified":"2020-07-23T20:09:59+00:00","mainEntityOfPage":{"@id":"https:\/\/diarioprincipios.com\/index.php\/2020\/07\/23\/ferraresi-firmo-un-convenio-con-pami-para-que-centros-de-jubilados-reciban-el-subsidio-solidario-de-sostenimiento\/"},"wordCount":216,"commentCount":0,"publisher":{"@id":"https:\/\/diarioprincipios.com\/#organization"},"image":{"@id":"https:\/\/diarioprincipios.com\/index.php\/2020\/07\/23\/ferraresi-firmo-un-convenio-con-pami-para-que-centros-de-jubilados-reciban-el-subsidio-solidario-de-sostenimiento\/#primaryimage"},"thumbnailUrl":"https:\/\/diarioprincipios.com\/wp-content\/uploads\/2020\/07\/ed21fada-cfdd-42a5-82dd-edf70e68f7bd.jpg","articleSection":["Avellaneda"],"inLanguage":"es","potentialAction":[{"@type":"CommentAction","name":"Comment","target":["https:\/\/diarioprincipios.com\/index.php\/2020\/07\/23\/ferraresi-firmo-un-convenio-con-pami-para-que-centros-de-jubilados-reciban-el-subsidio-solidario-de-sostenimiento\/#respond"]}]},{"@type":"WebPage","@id":"https:\/\/diarioprincipios.com\/index.php\/2020\/07\/23\/ferraresi-firmo-un-convenio-con-pami-para-que-centros-de-jubilados-reciban-el-subsidio-solidario-de-sostenimiento\/","url":"https:\/\/diarioprincipios.com\/index.php\/2020\/07\/23\/ferraresi-firmo-un-convenio-con-pami-para-que-centros-de-jubilados-reciban-el-subsidio-solidario-de-sostenimiento\/","name":"Ferraresi firm\u00f3 un convenio con PAMI para que centros de jubilados reciban el Subsidio Solidario de Sostenimiento - Principios","isPartOf":{"@id":"https:\/\/diarioprincipios.com\/#website"},"primaryImageOfPage":{"@id":"https:\/\/diarioprincipios.com\/index.php\/2020\/07\/23\/ferraresi-firmo-un-convenio-con-pami-para-que-centros-de-jubilados-reciban-el-subsidio-solidario-de-sostenimiento\/#primaryimage"},"image":{"@id":"https:\/\/diarioprincipios.com\/index.php\/2020\/07\/23\/ferraresi-firmo-un-convenio-con-pami-para-que-centros-de-jubilados-reciban-el-subsidio-solidario-de-sostenimiento\/#primaryimage"},"thumbnailUrl":"https:\/\/diarioprincipios.com\/wp-content\/uploads\/2020\/07\/ed21fada-cfdd-42a5-82dd-edf70e68f7bd.jpg","datePublished":"2020-07-23T20:09:54+00:00","dateModified":"2020-07-23T20:09:59+00:00","breadcrumb":{"@id":"https:\/\/diarioprincipios.com\/index.php\/2020\/07\/23\/ferraresi-firmo-un-convenio-con-pami-para-que-centros-de-jubilados-reciban-el-subsidio-solidario-de-sostenimiento\/#breadcrumb"},"inLanguage":"es","potentialAction":[{"@type":"ReadAction","target":["https:\/\/diarioprincipios.com\/index.php\/2020\/07\/23\/ferraresi-firmo-un-convenio-con-pami-para-que-centros-de-jubilados-reciban-el-subsidio-solidario-de-sostenimiento\/"]}]},{"@type":"ImageObject","inLanguage":"es","@id":"https:\/\/diarioprincipios.com\/index.php\/2020\/07\/23\/ferraresi-firmo-un-convenio-con-pami-para-que-centros-de-jubilados-reciban-el-subsidio-solidario-de-sostenimiento\/#primaryimage","url":"https:\/\/diarioprincipios.com\/wp-content\/uploads\/2020\/07\/ed21fada-cfdd-42a5-82dd-edf70e68f7bd.jpg","contentUrl":"https:\/\/diarioprincipios.com\/wp-content\/uploads\/2020\/07\/ed21fada-cfdd-42a5-82dd-edf70e68f7bd.jpg","width":1280,"height":885},{"@type":"BreadcrumbList","@id":"https:\/\/diarioprincipios.com\/index.php\/2020\/07\/23\/ferraresi-firmo-un-convenio-con-pami-para-que-centros-de-jubilados-reciban-el-subsidio-solidario-de-sostenimiento\/#breadcrumb","itemListElement":[{"@type":"ListItem","position":1,"name":"Portada","item":"https:\/\/diarioprincipios.com\/"},{"@type":"ListItem","position":2,"name":"Ferraresi firm\u00f3 un convenio con PAMI para que centros de jubilados reciban el Subsidio Solidario de Sostenimiento"}]},{"@type":"WebSite","@id":"https:\/\/diarioprincipios.com\/#website","url":"https:\/\/diarioprincipios.com\/","name":"Principios","description":"Principios Diario","publisher":{"@id":"https:\/\/diarioprincipios.com\/#organization"},"potentialAction":[{"@type":"SearchAction","target":{"@type":"EntryPoint","urlTemplate":"https:\/\/diarioprincipios.com\/?s={search_term_string}"},"query-input":{"@type":"PropertyValueSpecification","valueRequired":true,"valueName":"search_term_string"}}],"inLanguage":"es"},{"@type":"Organization","@id":"https:\/\/diarioprincipios.com\/#organization","name":"Principios","url":"https:\/\/diarioprincipios.com\/","logo":{"@type":"ImageObject","inLanguage":"es","@id":"https:\/\/diarioprincipios.com\/#\/schema\/logo\/image\/","url":"https:\/\/diarioprincipios.com\/wp-content\/uploads\/2024\/04\/cropped-www.diarioprincipios.com_-1.png","contentUrl":"https:\/\/diarioprincipios.com\/wp-content\/uploads\/2024\/04\/cropped-www.diarioprincipios.com_-1.png","width":5325,"height":1454,"caption":"Principios"},"image":{"@id":"https:\/\/diarioprincipios.com\/#\/schema\/logo\/image\/"}},{"@type":"Person","@id":"https:\/\/diarioprincipios.com\/#\/schema\/person\/436d5a1fd41a5e250e23ff5a6a7cb080","name":"Hern\u00e1n L\u00f3pez","image":{"@type":"ImageObject","inLanguage":"es","@id":"https:\/\/diarioprincipios.com\/wp-content\/litespeed\/avatar\/11ddfe5610ff3bd100522525b2571f48.jpg?ver=1777653193","url":"https:\/\/diarioprincipios.com\/wp-content\/litespeed\/avatar\/11ddfe5610ff3bd100522525b2571f48.jpg?ver=1777653193","contentUrl":"https:\/\/diarioprincipios.com\/wp-content\/litespeed\/avatar\/11ddfe5610ff3bd100522525b2571f48.jpg?ver=1777653193","caption":"Hern\u00e1n L\u00f3pez"},"url":"https:\/\/diarioprincipios.com\/index.php\/author\/hernan\/"}]}},"jetpack_featured_media_url":"https:\/\/diarioprincipios.com\/wp-content\/uploads\/2020\/07\/ed21fada-cfdd-42a5-82dd-edf70e68f7bd.jpg","_links":{"self":[{"href":"https:\/\/diarioprincipios.com\/index.php\/wp-json\/wp\/v2\/posts\/4155","targetHints":{"allow":["GET"]}}],"collection":[{"href":"https:\/\/diarioprincipios.com\/index.php\/wp-json\/wp\/v2\/posts"}],"about":[{"href":"https:\/\/diarioprincipios.com\/index.php\/wp-json\/wp\/v2\/types\/post"}],"author":[{"embeddable":true,"href":"https:\/\/diarioprincipios.com\/index.php\/wp-json\/wp\/v2\/users\/2"}],"replies":[{"embeddable":true,"href":"https:\/\/diarioprincipios.com\/index.php\/wp-json\/wp\/v2\/comments?post=4155"}],"version-history":[{"count":1,"href":"https:\/\/diarioprincipios.com\/index.php\/wp-json\/wp\/v2\/posts\/4155\/revisions"}],"predecessor-version":[{"id":4158,"href":"https:\/\/diarioprincipios.com\/index.php\/wp-json\/wp\/v2\/posts\/4155\/revisions\/4158"}],"wp:featuredmedia":[{"embeddable":true,"href":"https:\/\/diarioprincipios.com\/index.php\/wp-json\/wp\/v2\/media\/4157"}],"wp:attachment":[{"href":"https:\/\/diarioprincipios.com\/index.php\/wp-json\/wp\/v2\/media?parent=4155"}],"wp:term":[{"taxonomy":"category","embeddable":true,"href":"https:\/\/diarioprincipios.com\/index.php\/wp-json\/wp\/v2\/categories?post=4155"},{"taxonomy":"post_tag","embeddable":true,"href":"https:\/\/diarioprincipios.com\/index.php\/wp-json\/wp\/v2\/tags?post=4155"}],"curies":[{"name":"wp","href":"https:\/\/api.w.org\/{rel}","templated":true}]}}