{"id":4032,"date":"2020-07-20T13:20:06","date_gmt":"2020-07-20T16:20:06","guid":{"rendered":"http:\/\/diarioprincipios.com\/?p=4032"},"modified":"2020-07-20T13:20:11","modified_gmt":"2020-07-20T16:20:11","slug":"el-balon-de-oro-no-se-entregara-este-ano-y-seguira-en-poder-de-messi","status":"publish","type":"post","link":"https:\/\/diarioprincipios.com\/index.php\/2020\/07\/20\/el-balon-de-oro-no-se-entregara-este-ano-y-seguira-en-poder-de-messi\/","title":{"rendered":"El Bal\u00f3n de Oro no se entregar\u00e1 este a\u00f1o y seguir\u00e1 en poder de Messi"},"content":{"rendered":"\n<p>La premiaci\u00f3n del Bal\u00f3n de Oro, que distingue al mejor futbolista del a\u00f1o, no se llevar\u00e1 a cabo en 2020 debido a la pandemia de coronavirus y el trofeo quedar\u00e1 en poder de su \u00faltimo ganador: el argentino Lionel Messi.<\/p>\n\n\n\n<p>De esta manera ser\u00e1 la primera vez que no se premiar\u00e1 al jugador m\u00e1s destacado de la temporada desde que la distinci\u00f3n se implement\u00f3 en 1956.<\/p>\n\n\n\n<p>La revista France Football, responsable del premio, justific\u00f3 la decisi\u00f3n al afirmar en un comunicado que \u00abun a\u00f1o tan \u00fanico no puede, y no debe, ser tratado como un a\u00f1o ordinario\u00bb.<\/p>\n\n\n\n<p>\u00abPorque no se puede comparar lo incomparable y porque no puede prevalecer la igualdad -a nivel estad\u00edstico y de preparaci\u00f3n- de este t\u00edtulo honor\u00edfico ya que no todos los aspirantes est\u00e1n en el mismo barco\u00bb, argument\u00f3.<\/p>\n\n\n\n<p>\u00abEn estos tiempos agitados, tomarse un descanso es un lujo y una necesidad inestimable. Lo hacemos para que el f\u00fatbol, \u200b\u200ben su conjunto, recupere \u00edmpetu, pasi\u00f3n y emoci\u00f3n\u00bb, concluy\u00f3.<\/p>\n\n\n\n<p>Messi fue el \u00faltimo futbolista en ganar el premio en 2019, tras superar en la terna al defensor neerland\u00e9s Virgil van Dijk y al delantero portugu\u00e9s Cristiano Ronaldo.<\/p>\n\n\n\n<p>El rosarino, que tambi\u00e9n lo hab\u00eda recibido en 2009, 2010, 2011, 2012 y 2015, es el m\u00e1ximo ganador hist\u00f3rico con seis galardones, seguido a uno por CR7, que lo alz\u00f3 en 2008, 2013, 2014, 2016 y 2017.<\/p>\n\n\n\n<p>Entre las mujeres, el Bal\u00f3n de Oro 2019 qued\u00f3 en poder de la mediocampista estadounidense Megan Rapinoe, jugadora del club Reign de su pa\u00eds.<\/p>\n","protected":false},"excerpt":{"rendered":"<p>La premiaci\u00f3n del Bal\u00f3n de Oro, que distingue al mejor futbolista del a\u00f1o, no se llevar\u00e1 a cabo en 2020 debido a la pandemia de coronavirus y el trofeo quedar\u00e1 en poder de su \u00faltimo ganador: el argentino Lionel Messi. De esta manera ser\u00e1 la primera vez que no se premiar\u00e1 al jugador m\u00e1s destacado&#8230;<\/p>\n","protected":false},"author":2,"featured_media":4033,"comment_status":"open","ping_status":"open","sticky":false,"template":"","format":"standard","meta":{"footnotes":""},"categories":[6],"tags":[],"class_list":["post-4032","post","type-post","status-publish","format-standard","has-post-thumbnail","hentry","category-deportes"],"featured_image_src":"https:\/\/diarioprincipios.com\/wp-content\/uploads\/2020\/07\/messi-conquista-sexto-balon-oro-1575359604280-1024x576.jpg","blog_images":{"medium":"https:\/\/diarioprincipios.com\/wp-content\/uploads\/2020\/07\/messi-conquista-sexto-balon-oro-1575359604280-300x169.jpg","large":"https:\/\/diarioprincipios.com\/wp-content\/uploads\/2020\/07\/messi-conquista-sexto-balon-oro-1575359604280-1024x576.jpg"},"ams_acf":[],"yoast_head":"<!-- This site is optimized with the Yoast SEO plugin v27.3 - https:\/\/yoast.com\/product\/yoast-seo-wordpress\/ -->\n<title>El Bal\u00f3n de Oro no se entregar\u00e1 este a\u00f1o y seguir\u00e1 en poder de Messi - Principios<\/title>\n<meta name=\"robots\" content=\"index, follow, max-snippet:-1, max-image-preview:large, max-video-preview:-1\" \/>\n<link rel=\"canonical\" href=\"https:\/\/diarioprincipios.com\/index.php\/2020\/07\/20\/el-balon-de-oro-no-se-entregara-este-ano-y-seguira-en-poder-de-messi\/\" \/>\n<meta property=\"og:locale\" content=\"es_ES\" \/>\n<meta property=\"og:type\" content=\"article\" \/>\n<meta property=\"og:title\" content=\"El Bal\u00f3n de Oro no se entregar\u00e1 este a\u00f1o y seguir\u00e1 en poder de Messi - Principios\" \/>\n<meta property=\"og:description\" content=\"La premiaci\u00f3n del Bal\u00f3n de Oro, que distingue al mejor futbolista del a\u00f1o, no se llevar\u00e1 a cabo en 2020 debido a la pandemia de coronavirus y el trofeo quedar\u00e1 en poder de su \u00faltimo ganador: el argentino Lionel Messi. De esta manera ser\u00e1 la primera vez que no se premiar\u00e1 al jugador m\u00e1s destacado...\" \/>\n<meta property=\"og:url\" content=\"https:\/\/diarioprincipios.com\/index.php\/2020\/07\/20\/el-balon-de-oro-no-se-entregara-este-ano-y-seguira-en-poder-de-messi\/\" \/>\n<meta property=\"og:site_name\" content=\"Principios\" \/>\n<meta property=\"article:published_time\" content=\"2020-07-20T16:20:06+00:00\" \/>\n<meta property=\"article:modified_time\" content=\"2020-07-20T16:20:11+00:00\" \/>\n<meta property=\"og:image\" content=\"https:\/\/diarioprincipios.com\/wp-content\/uploads\/2020\/07\/messi-conquista-sexto-balon-oro-1575359604280.jpg\" \/>\n\t<meta property=\"og:image:width\" content=\"1200\" \/>\n\t<meta property=\"og:image:height\" content=\"675\" \/>\n\t<meta property=\"og:image:type\" content=\"image\/jpeg\" \/>\n<meta name=\"author\" content=\"Hern\u00e1n L\u00f3pez\" \/>\n<meta name=\"twitter:card\" content=\"summary_large_image\" \/>\n<meta name=\"twitter:label1\" content=\"Escrito por\" \/>\n\t<meta name=\"twitter:data1\" content=\"Hern\u00e1n L\u00f3pez\" \/>\n\t<meta name=\"twitter:label2\" content=\"Tiempo de lectura\" \/>\n\t<meta name=\"twitter:data2\" content=\"1 minuto\" \/>\n<script type=\"application\/ld+json\" class=\"yoast-schema-graph\">{\"@context\":\"https:\\\/\\\/schema.org\",\"@graph\":[{\"@type\":\"Article\",\"@id\":\"https:\\\/\\\/diarioprincipios.com\\\/index.php\\\/2020\\\/07\\\/20\\\/el-balon-de-oro-no-se-entregara-este-ano-y-seguira-en-poder-de-messi\\\/#article\",\"isPartOf\":{\"@id\":\"https:\\\/\\\/diarioprincipios.com\\\/index.php\\\/2020\\\/07\\\/20\\\/el-balon-de-oro-no-se-entregara-este-ano-y-seguira-en-poder-de-messi\\\/\"},\"author\":{\"name\":\"Hern\u00e1n L\u00f3pez\",\"@id\":\"https:\\\/\\\/diarioprincipios.com\\\/#\\\/schema\\\/person\\\/436d5a1fd41a5e250e23ff5a6a7cb080\"},\"headline\":\"El Bal\u00f3n de Oro no se entregar\u00e1 este a\u00f1o y seguir\u00e1 en poder de Messi\",\"datePublished\":\"2020-07-20T16:20:06+00:00\",\"dateModified\":\"2020-07-20T16:20:11+00:00\",\"mainEntityOfPage\":{\"@id\":\"https:\\\/\\\/diarioprincipios.com\\\/index.php\\\/2020\\\/07\\\/20\\\/el-balon-de-oro-no-se-entregara-este-ano-y-seguira-en-poder-de-messi\\\/\"},\"wordCount\":278,\"commentCount\":0,\"publisher\":{\"@id\":\"https:\\\/\\\/diarioprincipios.com\\\/#organization\"},\"image\":{\"@id\":\"https:\\\/\\\/diarioprincipios.com\\\/index.php\\\/2020\\\/07\\\/20\\\/el-balon-de-oro-no-se-entregara-este-ano-y-seguira-en-poder-de-messi\\\/#primaryimage\"},\"thumbnailUrl\":\"https:\\\/\\\/diarioprincipios.com\\\/wp-content\\\/uploads\\\/2020\\\/07\\\/messi-conquista-sexto-balon-oro-1575359604280.jpg\",\"articleSection\":[\"Deportes\"],\"inLanguage\":\"es\",\"potentialAction\":[{\"@type\":\"CommentAction\",\"name\":\"Comment\",\"target\":[\"https:\\\/\\\/diarioprincipios.com\\\/index.php\\\/2020\\\/07\\\/20\\\/el-balon-de-oro-no-se-entregara-este-ano-y-seguira-en-poder-de-messi\\\/#respond\"]}]},{\"@type\":\"WebPage\",\"@id\":\"https:\\\/\\\/diarioprincipios.com\\\/index.php\\\/2020\\\/07\\\/20\\\/el-balon-de-oro-no-se-entregara-este-ano-y-seguira-en-poder-de-messi\\\/\",\"url\":\"https:\\\/\\\/diarioprincipios.com\\\/index.php\\\/2020\\\/07\\\/20\\\/el-balon-de-oro-no-se-entregara-este-ano-y-seguira-en-poder-de-messi\\\/\",\"name\":\"El Bal\u00f3n de Oro no se entregar\u00e1 este a\u00f1o y seguir\u00e1 en poder de Messi - Principios\",\"isPartOf\":{\"@id\":\"https:\\\/\\\/diarioprincipios.com\\\/#website\"},\"primaryImageOfPage\":{\"@id\":\"https:\\\/\\\/diarioprincipios.com\\\/index.php\\\/2020\\\/07\\\/20\\\/el-balon-de-oro-no-se-entregara-este-ano-y-seguira-en-poder-de-messi\\\/#primaryimage\"},\"image\":{\"@id\":\"https:\\\/\\\/diarioprincipios.com\\\/index.php\\\/2020\\\/07\\\/20\\\/el-balon-de-oro-no-se-entregara-este-ano-y-seguira-en-poder-de-messi\\\/#primaryimage\"},\"thumbnailUrl\":\"https:\\\/\\\/diarioprincipios.com\\\/wp-content\\\/uploads\\\/2020\\\/07\\\/messi-conquista-sexto-balon-oro-1575359604280.jpg\",\"datePublished\":\"2020-07-20T16:20:06+00:00\",\"dateModified\":\"2020-07-20T16:20:11+00:00\",\"breadcrumb\":{\"@id\":\"https:\\\/\\\/diarioprincipios.com\\\/index.php\\\/2020\\\/07\\\/20\\\/el-balon-de-oro-no-se-entregara-este-ano-y-seguira-en-poder-de-messi\\\/#breadcrumb\"},\"inLanguage\":\"es\",\"potentialAction\":[{\"@type\":\"ReadAction\",\"target\":[\"https:\\\/\\\/diarioprincipios.com\\\/index.php\\\/2020\\\/07\\\/20\\\/el-balon-de-oro-no-se-entregara-este-ano-y-seguira-en-poder-de-messi\\\/\"]}]},{\"@type\":\"ImageObject\",\"inLanguage\":\"es\",\"@id\":\"https:\\\/\\\/diarioprincipios.com\\\/index.php\\\/2020\\\/07\\\/20\\\/el-balon-de-oro-no-se-entregara-este-ano-y-seguira-en-poder-de-messi\\\/#primaryimage\",\"url\":\"https:\\\/\\\/diarioprincipios.com\\\/wp-content\\\/uploads\\\/2020\\\/07\\\/messi-conquista-sexto-balon-oro-1575359604280.jpg\",\"contentUrl\":\"https:\\\/\\\/diarioprincipios.com\\\/wp-content\\\/uploads\\\/2020\\\/07\\\/messi-conquista-sexto-balon-oro-1575359604280.jpg\",\"width\":1200,\"height\":675},{\"@type\":\"BreadcrumbList\",\"@id\":\"https:\\\/\\\/diarioprincipios.com\\\/index.php\\\/2020\\\/07\\\/20\\\/el-balon-de-oro-no-se-entregara-este-ano-y-seguira-en-poder-de-messi\\\/#breadcrumb\",\"itemListElement\":[{\"@type\":\"ListItem\",\"position\":1,\"name\":\"Portada\",\"item\":\"https:\\\/\\\/diarioprincipios.com\\\/\"},{\"@type\":\"ListItem\",\"position\":2,\"name\":\"El Bal\u00f3n de Oro no se entregar\u00e1 este a\u00f1o y seguir\u00e1 en poder de Messi\"}]},{\"@type\":\"WebSite\",\"@id\":\"https:\\\/\\\/diarioprincipios.com\\\/#website\",\"url\":\"https:\\\/\\\/diarioprincipios.com\\\/\",\"name\":\"Principios\",\"description\":\"Principios Diario\",\"publisher\":{\"@id\":\"https:\\\/\\\/diarioprincipios.com\\\/#organization\"},\"potentialAction\":[{\"@type\":\"SearchAction\",\"target\":{\"@type\":\"EntryPoint\",\"urlTemplate\":\"https:\\\/\\\/diarioprincipios.com\\\/?s={search_term_string}\"},\"query-input\":{\"@type\":\"PropertyValueSpecification\",\"valueRequired\":true,\"valueName\":\"search_term_string\"}}],\"inLanguage\":\"es\"},{\"@type\":\"Organization\",\"@id\":\"https:\\\/\\\/diarioprincipios.com\\\/#organization\",\"name\":\"Principios\",\"url\":\"https:\\\/\\\/diarioprincipios.com\\\/\",\"logo\":{\"@type\":\"ImageObject\",\"inLanguage\":\"es\",\"@id\":\"https:\\\/\\\/diarioprincipios.com\\\/#\\\/schema\\\/logo\\\/image\\\/\",\"url\":\"https:\\\/\\\/diarioprincipios.com\\\/wp-content\\\/uploads\\\/2024\\\/04\\\/cropped-www.diarioprincipios.com_-1.png\",\"contentUrl\":\"https:\\\/\\\/diarioprincipios.com\\\/wp-content\\\/uploads\\\/2024\\\/04\\\/cropped-www.diarioprincipios.com_-1.png\",\"width\":5325,\"height\":1454,\"caption\":\"Principios\"},\"image\":{\"@id\":\"https:\\\/\\\/diarioprincipios.com\\\/#\\\/schema\\\/logo\\\/image\\\/\"}},{\"@type\":\"Person\",\"@id\":\"https:\\\/\\\/diarioprincipios.com\\\/#\\\/schema\\\/person\\\/436d5a1fd41a5e250e23ff5a6a7cb080\",\"name\":\"Hern\u00e1n L\u00f3pez\",\"image\":{\"@type\":\"ImageObject\",\"inLanguage\":\"es\",\"@id\":\"https:\\\/\\\/diarioprincipios.com\\\/wp-content\\\/litespeed\\\/avatar\\\/11ddfe5610ff3bd100522525b2571f48.jpg?ver=1777048341\",\"url\":\"https:\\\/\\\/diarioprincipios.com\\\/wp-content\\\/litespeed\\\/avatar\\\/11ddfe5610ff3bd100522525b2571f48.jpg?ver=1777048341\",\"contentUrl\":\"https:\\\/\\\/diarioprincipios.com\\\/wp-content\\\/litespeed\\\/avatar\\\/11ddfe5610ff3bd100522525b2571f48.jpg?ver=1777048341\",\"caption\":\"Hern\u00e1n L\u00f3pez\"},\"url\":\"https:\\\/\\\/diarioprincipios.com\\\/index.php\\\/author\\\/hernan\\\/\"}]}<\/script>\n<!-- \/ Yoast SEO plugin. -->","yoast_head_json":{"title":"El Bal\u00f3n de Oro no se entregar\u00e1 este a\u00f1o y seguir\u00e1 en poder de Messi - Principios","robots":{"index":"index","follow":"follow","max-snippet":"max-snippet:-1","max-image-preview":"max-image-preview:large","max-video-preview":"max-video-preview:-1"},"canonical":"https:\/\/diarioprincipios.com\/index.php\/2020\/07\/20\/el-balon-de-oro-no-se-entregara-este-ano-y-seguira-en-poder-de-messi\/","og_locale":"es_ES","og_type":"article","og_title":"El Bal\u00f3n de Oro no se entregar\u00e1 este a\u00f1o y seguir\u00e1 en poder de Messi - Principios","og_description":"La premiaci\u00f3n del Bal\u00f3n de Oro, que distingue al mejor futbolista del a\u00f1o, no se llevar\u00e1 a cabo en 2020 debido a la pandemia de coronavirus y el trofeo quedar\u00e1 en poder de su \u00faltimo ganador: el argentino Lionel Messi. De esta manera ser\u00e1 la primera vez que no se premiar\u00e1 al jugador m\u00e1s destacado...","og_url":"https:\/\/diarioprincipios.com\/index.php\/2020\/07\/20\/el-balon-de-oro-no-se-entregara-este-ano-y-seguira-en-poder-de-messi\/","og_site_name":"Principios","article_published_time":"2020-07-20T16:20:06+00:00","article_modified_time":"2020-07-20T16:20:11+00:00","og_image":[{"width":1200,"height":675,"url":"https:\/\/diarioprincipios.com\/wp-content\/uploads\/2020\/07\/messi-conquista-sexto-balon-oro-1575359604280.jpg","type":"image\/jpeg"}],"author":"Hern\u00e1n L\u00f3pez","twitter_card":"summary_large_image","twitter_misc":{"Escrito por":"Hern\u00e1n L\u00f3pez","Tiempo de lectura":"1 minuto"},"schema":{"@context":"https:\/\/schema.org","@graph":[{"@type":"Article","@id":"https:\/\/diarioprincipios.com\/index.php\/2020\/07\/20\/el-balon-de-oro-no-se-entregara-este-ano-y-seguira-en-poder-de-messi\/#article","isPartOf":{"@id":"https:\/\/diarioprincipios.com\/index.php\/2020\/07\/20\/el-balon-de-oro-no-se-entregara-este-ano-y-seguira-en-poder-de-messi\/"},"author":{"name":"Hern\u00e1n L\u00f3pez","@id":"https:\/\/diarioprincipios.com\/#\/schema\/person\/436d5a1fd41a5e250e23ff5a6a7cb080"},"headline":"El Bal\u00f3n de Oro no se entregar\u00e1 este a\u00f1o y seguir\u00e1 en poder de Messi","datePublished":"2020-07-20T16:20:06+00:00","dateModified":"2020-07-20T16:20:11+00:00","mainEntityOfPage":{"@id":"https:\/\/diarioprincipios.com\/index.php\/2020\/07\/20\/el-balon-de-oro-no-se-entregara-este-ano-y-seguira-en-poder-de-messi\/"},"wordCount":278,"commentCount":0,"publisher":{"@id":"https:\/\/diarioprincipios.com\/#organization"},"image":{"@id":"https:\/\/diarioprincipios.com\/index.php\/2020\/07\/20\/el-balon-de-oro-no-se-entregara-este-ano-y-seguira-en-poder-de-messi\/#primaryimage"},"thumbnailUrl":"https:\/\/diarioprincipios.com\/wp-content\/uploads\/2020\/07\/messi-conquista-sexto-balon-oro-1575359604280.jpg","articleSection":["Deportes"],"inLanguage":"es","potentialAction":[{"@type":"CommentAction","name":"Comment","target":["https:\/\/diarioprincipios.com\/index.php\/2020\/07\/20\/el-balon-de-oro-no-se-entregara-este-ano-y-seguira-en-poder-de-messi\/#respond"]}]},{"@type":"WebPage","@id":"https:\/\/diarioprincipios.com\/index.php\/2020\/07\/20\/el-balon-de-oro-no-se-entregara-este-ano-y-seguira-en-poder-de-messi\/","url":"https:\/\/diarioprincipios.com\/index.php\/2020\/07\/20\/el-balon-de-oro-no-se-entregara-este-ano-y-seguira-en-poder-de-messi\/","name":"El Bal\u00f3n de Oro no se entregar\u00e1 este a\u00f1o y seguir\u00e1 en poder de Messi - Principios","isPartOf":{"@id":"https:\/\/diarioprincipios.com\/#website"},"primaryImageOfPage":{"@id":"https:\/\/diarioprincipios.com\/index.php\/2020\/07\/20\/el-balon-de-oro-no-se-entregara-este-ano-y-seguira-en-poder-de-messi\/#primaryimage"},"image":{"@id":"https:\/\/diarioprincipios.com\/index.php\/2020\/07\/20\/el-balon-de-oro-no-se-entregara-este-ano-y-seguira-en-poder-de-messi\/#primaryimage"},"thumbnailUrl":"https:\/\/diarioprincipios.com\/wp-content\/uploads\/2020\/07\/messi-conquista-sexto-balon-oro-1575359604280.jpg","datePublished":"2020-07-20T16:20:06+00:00","dateModified":"2020-07-20T16:20:11+00:00","breadcrumb":{"@id":"https:\/\/diarioprincipios.com\/index.php\/2020\/07\/20\/el-balon-de-oro-no-se-entregara-este-ano-y-seguira-en-poder-de-messi\/#breadcrumb"},"inLanguage":"es","potentialAction":[{"@type":"ReadAction","target":["https:\/\/diarioprincipios.com\/index.php\/2020\/07\/20\/el-balon-de-oro-no-se-entregara-este-ano-y-seguira-en-poder-de-messi\/"]}]},{"@type":"ImageObject","inLanguage":"es","@id":"https:\/\/diarioprincipios.com\/index.php\/2020\/07\/20\/el-balon-de-oro-no-se-entregara-este-ano-y-seguira-en-poder-de-messi\/#primaryimage","url":"https:\/\/diarioprincipios.com\/wp-content\/uploads\/2020\/07\/messi-conquista-sexto-balon-oro-1575359604280.jpg","contentUrl":"https:\/\/diarioprincipios.com\/wp-content\/uploads\/2020\/07\/messi-conquista-sexto-balon-oro-1575359604280.jpg","width":1200,"height":675},{"@type":"BreadcrumbList","@id":"https:\/\/diarioprincipios.com\/index.php\/2020\/07\/20\/el-balon-de-oro-no-se-entregara-este-ano-y-seguira-en-poder-de-messi\/#breadcrumb","itemListElement":[{"@type":"ListItem","position":1,"name":"Portada","item":"https:\/\/diarioprincipios.com\/"},{"@type":"ListItem","position":2,"name":"El Bal\u00f3n de Oro no se entregar\u00e1 este a\u00f1o y seguir\u00e1 en poder de Messi"}]},{"@type":"WebSite","@id":"https:\/\/diarioprincipios.com\/#website","url":"https:\/\/diarioprincipios.com\/","name":"Principios","description":"Principios Diario","publisher":{"@id":"https:\/\/diarioprincipios.com\/#organization"},"potentialAction":[{"@type":"SearchAction","target":{"@type":"EntryPoint","urlTemplate":"https:\/\/diarioprincipios.com\/?s={search_term_string}"},"query-input":{"@type":"PropertyValueSpecification","valueRequired":true,"valueName":"search_term_string"}}],"inLanguage":"es"},{"@type":"Organization","@id":"https:\/\/diarioprincipios.com\/#organization","name":"Principios","url":"https:\/\/diarioprincipios.com\/","logo":{"@type":"ImageObject","inLanguage":"es","@id":"https:\/\/diarioprincipios.com\/#\/schema\/logo\/image\/","url":"https:\/\/diarioprincipios.com\/wp-content\/uploads\/2024\/04\/cropped-www.diarioprincipios.com_-1.png","contentUrl":"https:\/\/diarioprincipios.com\/wp-content\/uploads\/2024\/04\/cropped-www.diarioprincipios.com_-1.png","width":5325,"height":1454,"caption":"Principios"},"image":{"@id":"https:\/\/diarioprincipios.com\/#\/schema\/logo\/image\/"}},{"@type":"Person","@id":"https:\/\/diarioprincipios.com\/#\/schema\/person\/436d5a1fd41a5e250e23ff5a6a7cb080","name":"Hern\u00e1n L\u00f3pez","image":{"@type":"ImageObject","inLanguage":"es","@id":"https:\/\/diarioprincipios.com\/wp-content\/litespeed\/avatar\/11ddfe5610ff3bd100522525b2571f48.jpg?ver=1777048341","url":"https:\/\/diarioprincipios.com\/wp-content\/litespeed\/avatar\/11ddfe5610ff3bd100522525b2571f48.jpg?ver=1777048341","contentUrl":"https:\/\/diarioprincipios.com\/wp-content\/litespeed\/avatar\/11ddfe5610ff3bd100522525b2571f48.jpg?ver=1777048341","caption":"Hern\u00e1n L\u00f3pez"},"url":"https:\/\/diarioprincipios.com\/index.php\/author\/hernan\/"}]}},"jetpack_featured_media_url":"https:\/\/diarioprincipios.com\/wp-content\/uploads\/2020\/07\/messi-conquista-sexto-balon-oro-1575359604280.jpg","_links":{"self":[{"href":"https:\/\/diarioprincipios.com\/index.php\/wp-json\/wp\/v2\/posts\/4032","targetHints":{"allow":["GET"]}}],"collection":[{"href":"https:\/\/diarioprincipios.com\/index.php\/wp-json\/wp\/v2\/posts"}],"about":[{"href":"https:\/\/diarioprincipios.com\/index.php\/wp-json\/wp\/v2\/types\/post"}],"author":[{"embeddable":true,"href":"https:\/\/diarioprincipios.com\/index.php\/wp-json\/wp\/v2\/users\/2"}],"replies":[{"embeddable":true,"href":"https:\/\/diarioprincipios.com\/index.php\/wp-json\/wp\/v2\/comments?post=4032"}],"version-history":[{"count":1,"href":"https:\/\/diarioprincipios.com\/index.php\/wp-json\/wp\/v2\/posts\/4032\/revisions"}],"predecessor-version":[{"id":4034,"href":"https:\/\/diarioprincipios.com\/index.php\/wp-json\/wp\/v2\/posts\/4032\/revisions\/4034"}],"wp:featuredmedia":[{"embeddable":true,"href":"https:\/\/diarioprincipios.com\/index.php\/wp-json\/wp\/v2\/media\/4033"}],"wp:attachment":[{"href":"https:\/\/diarioprincipios.com\/index.php\/wp-json\/wp\/v2\/media?parent=4032"}],"wp:term":[{"taxonomy":"category","embeddable":true,"href":"https:\/\/diarioprincipios.com\/index.php\/wp-json\/wp\/v2\/categories?post=4032"},{"taxonomy":"post_tag","embeddable":true,"href":"https:\/\/diarioprincipios.com\/index.php\/wp-json\/wp\/v2\/tags?post=4032"}],"curies":[{"name":"wp","href":"https:\/\/api.w.org\/{rel}","templated":true}]}}