{"id":3987,"date":"2020-07-17T15:31:51","date_gmt":"2020-07-17T18:31:51","guid":{"rendered":"http:\/\/diarioprincipios.com\/?p=3987"},"modified":"2020-07-17T15:31:55","modified_gmt":"2020-07-17T18:31:55","slug":"kicillof-vamos-a-pasar-a-una-cuarentena-intermitente","status":"publish","type":"post","link":"https:\/\/diarioprincipios.com\/index.php\/2020\/07\/17\/kicillof-vamos-a-pasar-a-una-cuarentena-intermitente\/","title":{"rendered":"Kicillof: \u00abVamos a pasar a una cuarentena intermitente\u00bb"},"content":{"rendered":"\n<p>El gobernador bonaerense, Axel Kicillof, anunci\u00f3 hoy que a partir de ma\u00f1ana se va a \u00abpasar a una cuarentena intermitente\u00bb que permitir\u00e1 reabrir industrias y comercios barriales con protocolos sanitarios y autorizar actividades profesionales.<\/p>\n\n\n\n<p>\u00abVamos a pasar a cuarentena intermitente, se redujo la velocidad de contagio y logramos mantener la capacidad del sistema sanitario, entonces estamos en condiciones, de manera lenta, de volver a la etapa anterior\u00bb, asegur\u00f3 Kicillof al compartir el anuncio respecto a c\u00f3mo sigue el Aislamiento Social, Preventivo y Obligatorio (ASPO) en AMBA y en provincias a\u00fan afectadas por un nivel alto de contagios.<\/p>\n\n\n\n<p>El mandatario bonaerense, que acompa\u00f1\u00f3 al presidente Alberto Fern\u00e1ndez, al igual que lo hizo el jefe de Gobierno porte\u00f1o, Horacio Rodr\u00edguez Larreta, desde la residencia de Olivos, remarc\u00f3 que esta nueva etapa que se inicia ma\u00f1ana y se extender\u00e1 hasta el pr\u00f3ximo 2 de agosto, \u00abla podremos sostener en la medida que no vuelvan los contagios, que no se incremente el uso de camas\u00bb.<\/p>\n\n\n\n<p>\u00abVa a depender del esfuerzo de cada uno, que no metamos la pata\u00bb, grafic\u00f3 Kicillof y destac\u00f3 que \u00abno hab\u00eda un polic\u00eda o agente municipal al lado de cada uno de los bonaerense, sino conciencia, que nos permiti\u00f3 llegar hasta ac\u00e1, sin lamentar una situaci\u00f3n peor\u00bb.<\/p>\n\n\n\n<p>En este marco, el gobernador anunci\u00f3 que a partir del lunes volver\u00e1 a \u00abla apertura de empresas\u00bb que en la fase anterior estaban abiertas, \u00abcon protocolos y transporte propio\u00bb.<\/p>\n\n\n\n<p>A partir del mi\u00e9rcoles \u00ababrir\u00e1n s\u00f3lo comercios barriales, con protocolos\u00bb y el lunes siguiente (27 de julio), \u00abse abrir\u00e1n las actividades profesionales permitidas\u00bb.<\/p>\n\n\n\n<p>\u00abNo es verdad que le estamos ganando al virus, el coronavirus mata gente y nosotros no sabemos c\u00f3mo matar al virus\u00bb, afirm\u00f3 y record\u00f3 que lo \u00fanico que existe contra el Covid-19, ya que no hay vacuna ni tratamiento comprobado, son \u00abmedidas de cuidado personal y de aislamiento.<\/p>\n\n\n\n<p>Dijo tambi\u00e9n que desde el Gobierno bonaerense se trata de administrar la capacidad sanitaria, para que \u00abnadie se quede sin m\u00e9dico, sin cama, sin respirador\u00bb.<\/p>\n\n\n\n<p>Kicillof agradeci\u00f3 \u00abel esfuerzo, la paciencia y la solidaridad\u00bb de los y las bonaerenses y asumi\u00f3 que hoy \u00abel epicentro\u00bb del virus \u00abya no es China ni Europa sino Am\u00e9rica y Am\u00e9rica Latina\u00bb.<\/p>\n\n\n\n<p>\u00abEstamos en el epicentro de la pandemia\u00bb, afirm\u00f3 e insisti\u00f3 que \u00abno bajaron los casos\u00bb, sino que \u00abdejaron de crecer a tanta velocidad\u00bb.<\/p>\n\n\n\n<p>\u00abEl mundo est\u00e1 aprendiendo a abrir y cerrar, dependiendo c\u00f3mo vienen los contagios y la situaci\u00f3n de su sistema sanitario\u00bb, expres\u00f3 y remarc\u00f3 que \u00abno es la cuarentena sino la pandemia la que genera problemas\u00bb.<\/p>\n\n\n\n<p>Kicillof reconoci\u00f3 que \u00abla crisis se hace larga\u00bb y que la Argentina, como consecuencia de la adopci\u00f3n temprana de la cuarentena, \u00absalv\u00f3 vidas\u00bb, con un total registrado de \u00ab115 mil contagios y 2.100 fallecidos\u00bb.<\/p>\n\n\n\n<p>\u00abSi tuvi\u00e9ramos la misma tasa de contagios de Brasil, tendr\u00edamos de 400 a 700 mil contagiados y 16.000 muertos\u00bb, precis\u00f3.<\/p>\n\n\n\n<p>Destac\u00f3 la unidad y coordinaci\u00f3n entre Naci\u00f3n, Ciudad y Provincia de Buenos Aires y tambi\u00e9n el respaldo de los 135 intendentes bonaerenses.<\/p>\n\n\n\n<p>Detall\u00f3 la situaci\u00f3n actual de la provincia de Buenos Aires, donde hay 65 municipios del interior con actividades en fase 5 y poca densidad de contagio, y precis\u00f3 que es muy distinta la situaci\u00f3n del conurbano.<\/p>\n\n\n\n<p>Al respecto, precis\u00f3 que \u00aben el tercer cord\u00f3n hay un caso cada 400 personas; en el segundo cord\u00f3n un caso cada 260 y en el primer cord\u00f3n un caso cada 75 personas\u00bb.<\/p>\n\n\n\n<p>Evalu\u00f3 que \u00ablos objetivos se alcanzaron\u00bb durante la cuarentena estricta que concluye hoy y, en ese sentido, precis\u00f3 que \u00abse aumentaron las camas de 1.590 que ten\u00edamos al asumir, a 4.100 camas\u00bb que hay hoy, lo que hace que \u00abel sistema no est\u00e9 saturado\u00bb.<\/p>\n\n\n\n<p>Kicillof dijo tambi\u00e9n que se aument\u00f3 en la Provincia la cantidad de testeos, de 2.500 a 5.100 por d\u00eda, y tambi\u00e9n los rastreos por contacto, de 10 mil a 50 mil, y las camas de aislamiento, a 13 mil\u00bb.<\/p>\n\n\n\n<p>Finalmente, advirti\u00f3 que los contagios no lo sufren solo los adultos mayores, y precis\u00f3 que en en Argentina 6 mil casos fueron ni\u00f1os, 20 de ellos estuvieron cr\u00edticos y 5 fallecieron\u00bb.<\/p>\n","protected":false},"excerpt":{"rendered":"<p>El gobernador bonaerense, Axel Kicillof, anunci\u00f3 hoy que a partir de ma\u00f1ana se va a \u00abpasar a una cuarentena intermitente\u00bb que permitir\u00e1 reabrir industrias y comercios barriales con protocolos sanitarios y autorizar actividades profesionales. \u00abVamos a pasar a cuarentena intermitente, se redujo la velocidad de contagio y logramos mantener la capacidad del sistema sanitario, entonces&#8230;<\/p>\n","protected":false},"author":2,"featured_media":3988,"comment_status":"open","ping_status":"open","sticky":false,"template":"","format":"standard","meta":{"footnotes":""},"categories":[7],"tags":[],"class_list":["post-3987","post","type-post","status-publish","format-standard","has-post-thumbnail","hentry","category-provincia"],"featured_image_src":"https:\/\/diarioprincipios.com\/wp-content\/uploads\/2020\/07\/3253382-1024x682.jpg","blog_images":{"medium":"https:\/\/diarioprincipios.com\/wp-content\/uploads\/2020\/07\/3253382-300x200.jpg","large":"https:\/\/diarioprincipios.com\/wp-content\/uploads\/2020\/07\/3253382-1024x682.jpg"},"ams_acf":[],"yoast_head":"<!-- This site is optimized with the Yoast SEO plugin v27.3 - https:\/\/yoast.com\/product\/yoast-seo-wordpress\/ -->\n<title>Kicillof: &quot;Vamos a pasar a una cuarentena intermitente&quot; - Principios<\/title>\n<meta name=\"robots\" content=\"index, follow, max-snippet:-1, max-image-preview:large, max-video-preview:-1\" \/>\n<link rel=\"canonical\" href=\"https:\/\/diarioprincipios.com\/index.php\/2020\/07\/17\/kicillof-vamos-a-pasar-a-una-cuarentena-intermitente\/\" \/>\n<meta property=\"og:locale\" content=\"es_ES\" \/>\n<meta property=\"og:type\" content=\"article\" \/>\n<meta property=\"og:title\" content=\"Kicillof: &quot;Vamos a pasar a una cuarentena intermitente&quot; - Principios\" \/>\n<meta property=\"og:description\" content=\"El gobernador bonaerense, Axel Kicillof, anunci\u00f3 hoy que a partir de ma\u00f1ana se va a \u00abpasar a una cuarentena intermitente\u00bb que permitir\u00e1 reabrir industrias y comercios barriales con protocolos sanitarios y autorizar actividades profesionales. \u00abVamos a pasar a cuarentena intermitente, se redujo la velocidad de contagio y logramos mantener la capacidad del sistema sanitario, entonces...\" \/>\n<meta property=\"og:url\" content=\"https:\/\/diarioprincipios.com\/index.php\/2020\/07\/17\/kicillof-vamos-a-pasar-a-una-cuarentena-intermitente\/\" \/>\n<meta property=\"og:site_name\" content=\"Principios\" \/>\n<meta property=\"article:published_time\" content=\"2020-07-17T18:31:51+00:00\" \/>\n<meta property=\"article:modified_time\" content=\"2020-07-17T18:31:55+00:00\" \/>\n<meta property=\"og:image\" content=\"https:\/\/diarioprincipios.com\/wp-content\/uploads\/2020\/07\/3253382.jpg\" \/>\n\t<meta property=\"og:image:width\" content=\"2000\" \/>\n\t<meta property=\"og:image:height\" content=\"1333\" \/>\n\t<meta property=\"og:image:type\" content=\"image\/jpeg\" \/>\n<meta name=\"author\" content=\"Hern\u00e1n L\u00f3pez\" \/>\n<meta name=\"twitter:card\" content=\"summary_large_image\" \/>\n<meta name=\"twitter:label1\" content=\"Escrito por\" \/>\n\t<meta name=\"twitter:data1\" content=\"Hern\u00e1n L\u00f3pez\" \/>\n\t<meta name=\"twitter:label2\" content=\"Tiempo de lectura\" \/>\n\t<meta name=\"twitter:data2\" content=\"3 minutos\" \/>\n<script type=\"application\/ld+json\" class=\"yoast-schema-graph\">{\"@context\":\"https:\\\/\\\/schema.org\",\"@graph\":[{\"@type\":\"Article\",\"@id\":\"https:\\\/\\\/diarioprincipios.com\\\/index.php\\\/2020\\\/07\\\/17\\\/kicillof-vamos-a-pasar-a-una-cuarentena-intermitente\\\/#article\",\"isPartOf\":{\"@id\":\"https:\\\/\\\/diarioprincipios.com\\\/index.php\\\/2020\\\/07\\\/17\\\/kicillof-vamos-a-pasar-a-una-cuarentena-intermitente\\\/\"},\"author\":{\"name\":\"Hern\u00e1n L\u00f3pez\",\"@id\":\"https:\\\/\\\/diarioprincipios.com\\\/#\\\/schema\\\/person\\\/436d5a1fd41a5e250e23ff5a6a7cb080\"},\"headline\":\"Kicillof: \u00abVamos a pasar a una cuarentena intermitente\u00bb\",\"datePublished\":\"2020-07-17T18:31:51+00:00\",\"dateModified\":\"2020-07-17T18:31:55+00:00\",\"mainEntityOfPage\":{\"@id\":\"https:\\\/\\\/diarioprincipios.com\\\/index.php\\\/2020\\\/07\\\/17\\\/kicillof-vamos-a-pasar-a-una-cuarentena-intermitente\\\/\"},\"wordCount\":705,\"commentCount\":0,\"publisher\":{\"@id\":\"https:\\\/\\\/diarioprincipios.com\\\/#organization\"},\"image\":{\"@id\":\"https:\\\/\\\/diarioprincipios.com\\\/index.php\\\/2020\\\/07\\\/17\\\/kicillof-vamos-a-pasar-a-una-cuarentena-intermitente\\\/#primaryimage\"},\"thumbnailUrl\":\"https:\\\/\\\/diarioprincipios.com\\\/wp-content\\\/uploads\\\/2020\\\/07\\\/3253382.jpg\",\"articleSection\":[\"Provincia\"],\"inLanguage\":\"es\",\"potentialAction\":[{\"@type\":\"CommentAction\",\"name\":\"Comment\",\"target\":[\"https:\\\/\\\/diarioprincipios.com\\\/index.php\\\/2020\\\/07\\\/17\\\/kicillof-vamos-a-pasar-a-una-cuarentena-intermitente\\\/#respond\"]}]},{\"@type\":\"WebPage\",\"@id\":\"https:\\\/\\\/diarioprincipios.com\\\/index.php\\\/2020\\\/07\\\/17\\\/kicillof-vamos-a-pasar-a-una-cuarentena-intermitente\\\/\",\"url\":\"https:\\\/\\\/diarioprincipios.com\\\/index.php\\\/2020\\\/07\\\/17\\\/kicillof-vamos-a-pasar-a-una-cuarentena-intermitente\\\/\",\"name\":\"Kicillof: \\\"Vamos a pasar a una cuarentena intermitente\\\" - Principios\",\"isPartOf\":{\"@id\":\"https:\\\/\\\/diarioprincipios.com\\\/#website\"},\"primaryImageOfPage\":{\"@id\":\"https:\\\/\\\/diarioprincipios.com\\\/index.php\\\/2020\\\/07\\\/17\\\/kicillof-vamos-a-pasar-a-una-cuarentena-intermitente\\\/#primaryimage\"},\"image\":{\"@id\":\"https:\\\/\\\/diarioprincipios.com\\\/index.php\\\/2020\\\/07\\\/17\\\/kicillof-vamos-a-pasar-a-una-cuarentena-intermitente\\\/#primaryimage\"},\"thumbnailUrl\":\"https:\\\/\\\/diarioprincipios.com\\\/wp-content\\\/uploads\\\/2020\\\/07\\\/3253382.jpg\",\"datePublished\":\"2020-07-17T18:31:51+00:00\",\"dateModified\":\"2020-07-17T18:31:55+00:00\",\"breadcrumb\":{\"@id\":\"https:\\\/\\\/diarioprincipios.com\\\/index.php\\\/2020\\\/07\\\/17\\\/kicillof-vamos-a-pasar-a-una-cuarentena-intermitente\\\/#breadcrumb\"},\"inLanguage\":\"es\",\"potentialAction\":[{\"@type\":\"ReadAction\",\"target\":[\"https:\\\/\\\/diarioprincipios.com\\\/index.php\\\/2020\\\/07\\\/17\\\/kicillof-vamos-a-pasar-a-una-cuarentena-intermitente\\\/\"]}]},{\"@type\":\"ImageObject\",\"inLanguage\":\"es\",\"@id\":\"https:\\\/\\\/diarioprincipios.com\\\/index.php\\\/2020\\\/07\\\/17\\\/kicillof-vamos-a-pasar-a-una-cuarentena-intermitente\\\/#primaryimage\",\"url\":\"https:\\\/\\\/diarioprincipios.com\\\/wp-content\\\/uploads\\\/2020\\\/07\\\/3253382.jpg\",\"contentUrl\":\"https:\\\/\\\/diarioprincipios.com\\\/wp-content\\\/uploads\\\/2020\\\/07\\\/3253382.jpg\",\"width\":2000,\"height\":1333},{\"@type\":\"BreadcrumbList\",\"@id\":\"https:\\\/\\\/diarioprincipios.com\\\/index.php\\\/2020\\\/07\\\/17\\\/kicillof-vamos-a-pasar-a-una-cuarentena-intermitente\\\/#breadcrumb\",\"itemListElement\":[{\"@type\":\"ListItem\",\"position\":1,\"name\":\"Portada\",\"item\":\"https:\\\/\\\/diarioprincipios.com\\\/\"},{\"@type\":\"ListItem\",\"position\":2,\"name\":\"Kicillof: \u00abVamos a pasar a una cuarentena intermitente\u00bb\"}]},{\"@type\":\"WebSite\",\"@id\":\"https:\\\/\\\/diarioprincipios.com\\\/#website\",\"url\":\"https:\\\/\\\/diarioprincipios.com\\\/\",\"name\":\"Principios\",\"description\":\"Principios Diario\",\"publisher\":{\"@id\":\"https:\\\/\\\/diarioprincipios.com\\\/#organization\"},\"potentialAction\":[{\"@type\":\"SearchAction\",\"target\":{\"@type\":\"EntryPoint\",\"urlTemplate\":\"https:\\\/\\\/diarioprincipios.com\\\/?s={search_term_string}\"},\"query-input\":{\"@type\":\"PropertyValueSpecification\",\"valueRequired\":true,\"valueName\":\"search_term_string\"}}],\"inLanguage\":\"es\"},{\"@type\":\"Organization\",\"@id\":\"https:\\\/\\\/diarioprincipios.com\\\/#organization\",\"name\":\"Principios\",\"url\":\"https:\\\/\\\/diarioprincipios.com\\\/\",\"logo\":{\"@type\":\"ImageObject\",\"inLanguage\":\"es\",\"@id\":\"https:\\\/\\\/diarioprincipios.com\\\/#\\\/schema\\\/logo\\\/image\\\/\",\"url\":\"https:\\\/\\\/diarioprincipios.com\\\/wp-content\\\/uploads\\\/2024\\\/04\\\/cropped-www.diarioprincipios.com_-1.png\",\"contentUrl\":\"https:\\\/\\\/diarioprincipios.com\\\/wp-content\\\/uploads\\\/2024\\\/04\\\/cropped-www.diarioprincipios.com_-1.png\",\"width\":5325,\"height\":1454,\"caption\":\"Principios\"},\"image\":{\"@id\":\"https:\\\/\\\/diarioprincipios.com\\\/#\\\/schema\\\/logo\\\/image\\\/\"}},{\"@type\":\"Person\",\"@id\":\"https:\\\/\\\/diarioprincipios.com\\\/#\\\/schema\\\/person\\\/436d5a1fd41a5e250e23ff5a6a7cb080\",\"name\":\"Hern\u00e1n L\u00f3pez\",\"image\":{\"@type\":\"ImageObject\",\"inLanguage\":\"es\",\"@id\":\"https:\\\/\\\/diarioprincipios.com\\\/wp-content\\\/litespeed\\\/avatar\\\/11ddfe5610ff3bd100522525b2571f48.jpg?ver=1777048341\",\"url\":\"https:\\\/\\\/diarioprincipios.com\\\/wp-content\\\/litespeed\\\/avatar\\\/11ddfe5610ff3bd100522525b2571f48.jpg?ver=1777048341\",\"contentUrl\":\"https:\\\/\\\/diarioprincipios.com\\\/wp-content\\\/litespeed\\\/avatar\\\/11ddfe5610ff3bd100522525b2571f48.jpg?ver=1777048341\",\"caption\":\"Hern\u00e1n L\u00f3pez\"},\"url\":\"https:\\\/\\\/diarioprincipios.com\\\/index.php\\\/author\\\/hernan\\\/\"}]}<\/script>\n<!-- \/ Yoast SEO plugin. -->","yoast_head_json":{"title":"Kicillof: \"Vamos a pasar a una cuarentena intermitente\" - Principios","robots":{"index":"index","follow":"follow","max-snippet":"max-snippet:-1","max-image-preview":"max-image-preview:large","max-video-preview":"max-video-preview:-1"},"canonical":"https:\/\/diarioprincipios.com\/index.php\/2020\/07\/17\/kicillof-vamos-a-pasar-a-una-cuarentena-intermitente\/","og_locale":"es_ES","og_type":"article","og_title":"Kicillof: \"Vamos a pasar a una cuarentena intermitente\" - Principios","og_description":"El gobernador bonaerense, Axel Kicillof, anunci\u00f3 hoy que a partir de ma\u00f1ana se va a \u00abpasar a una cuarentena intermitente\u00bb que permitir\u00e1 reabrir industrias y comercios barriales con protocolos sanitarios y autorizar actividades profesionales. \u00abVamos a pasar a cuarentena intermitente, se redujo la velocidad de contagio y logramos mantener la capacidad del sistema sanitario, entonces...","og_url":"https:\/\/diarioprincipios.com\/index.php\/2020\/07\/17\/kicillof-vamos-a-pasar-a-una-cuarentena-intermitente\/","og_site_name":"Principios","article_published_time":"2020-07-17T18:31:51+00:00","article_modified_time":"2020-07-17T18:31:55+00:00","og_image":[{"width":2000,"height":1333,"url":"https:\/\/diarioprincipios.com\/wp-content\/uploads\/2020\/07\/3253382.jpg","type":"image\/jpeg"}],"author":"Hern\u00e1n L\u00f3pez","twitter_card":"summary_large_image","twitter_misc":{"Escrito por":"Hern\u00e1n L\u00f3pez","Tiempo de lectura":"3 minutos"},"schema":{"@context":"https:\/\/schema.org","@graph":[{"@type":"Article","@id":"https:\/\/diarioprincipios.com\/index.php\/2020\/07\/17\/kicillof-vamos-a-pasar-a-una-cuarentena-intermitente\/#article","isPartOf":{"@id":"https:\/\/diarioprincipios.com\/index.php\/2020\/07\/17\/kicillof-vamos-a-pasar-a-una-cuarentena-intermitente\/"},"author":{"name":"Hern\u00e1n L\u00f3pez","@id":"https:\/\/diarioprincipios.com\/#\/schema\/person\/436d5a1fd41a5e250e23ff5a6a7cb080"},"headline":"Kicillof: \u00abVamos a pasar a una cuarentena intermitente\u00bb","datePublished":"2020-07-17T18:31:51+00:00","dateModified":"2020-07-17T18:31:55+00:00","mainEntityOfPage":{"@id":"https:\/\/diarioprincipios.com\/index.php\/2020\/07\/17\/kicillof-vamos-a-pasar-a-una-cuarentena-intermitente\/"},"wordCount":705,"commentCount":0,"publisher":{"@id":"https:\/\/diarioprincipios.com\/#organization"},"image":{"@id":"https:\/\/diarioprincipios.com\/index.php\/2020\/07\/17\/kicillof-vamos-a-pasar-a-una-cuarentena-intermitente\/#primaryimage"},"thumbnailUrl":"https:\/\/diarioprincipios.com\/wp-content\/uploads\/2020\/07\/3253382.jpg","articleSection":["Provincia"],"inLanguage":"es","potentialAction":[{"@type":"CommentAction","name":"Comment","target":["https:\/\/diarioprincipios.com\/index.php\/2020\/07\/17\/kicillof-vamos-a-pasar-a-una-cuarentena-intermitente\/#respond"]}]},{"@type":"WebPage","@id":"https:\/\/diarioprincipios.com\/index.php\/2020\/07\/17\/kicillof-vamos-a-pasar-a-una-cuarentena-intermitente\/","url":"https:\/\/diarioprincipios.com\/index.php\/2020\/07\/17\/kicillof-vamos-a-pasar-a-una-cuarentena-intermitente\/","name":"Kicillof: \"Vamos a pasar a una cuarentena intermitente\" - Principios","isPartOf":{"@id":"https:\/\/diarioprincipios.com\/#website"},"primaryImageOfPage":{"@id":"https:\/\/diarioprincipios.com\/index.php\/2020\/07\/17\/kicillof-vamos-a-pasar-a-una-cuarentena-intermitente\/#primaryimage"},"image":{"@id":"https:\/\/diarioprincipios.com\/index.php\/2020\/07\/17\/kicillof-vamos-a-pasar-a-una-cuarentena-intermitente\/#primaryimage"},"thumbnailUrl":"https:\/\/diarioprincipios.com\/wp-content\/uploads\/2020\/07\/3253382.jpg","datePublished":"2020-07-17T18:31:51+00:00","dateModified":"2020-07-17T18:31:55+00:00","breadcrumb":{"@id":"https:\/\/diarioprincipios.com\/index.php\/2020\/07\/17\/kicillof-vamos-a-pasar-a-una-cuarentena-intermitente\/#breadcrumb"},"inLanguage":"es","potentialAction":[{"@type":"ReadAction","target":["https:\/\/diarioprincipios.com\/index.php\/2020\/07\/17\/kicillof-vamos-a-pasar-a-una-cuarentena-intermitente\/"]}]},{"@type":"ImageObject","inLanguage":"es","@id":"https:\/\/diarioprincipios.com\/index.php\/2020\/07\/17\/kicillof-vamos-a-pasar-a-una-cuarentena-intermitente\/#primaryimage","url":"https:\/\/diarioprincipios.com\/wp-content\/uploads\/2020\/07\/3253382.jpg","contentUrl":"https:\/\/diarioprincipios.com\/wp-content\/uploads\/2020\/07\/3253382.jpg","width":2000,"height":1333},{"@type":"BreadcrumbList","@id":"https:\/\/diarioprincipios.com\/index.php\/2020\/07\/17\/kicillof-vamos-a-pasar-a-una-cuarentena-intermitente\/#breadcrumb","itemListElement":[{"@type":"ListItem","position":1,"name":"Portada","item":"https:\/\/diarioprincipios.com\/"},{"@type":"ListItem","position":2,"name":"Kicillof: \u00abVamos a pasar a una cuarentena intermitente\u00bb"}]},{"@type":"WebSite","@id":"https:\/\/diarioprincipios.com\/#website","url":"https:\/\/diarioprincipios.com\/","name":"Principios","description":"Principios Diario","publisher":{"@id":"https:\/\/diarioprincipios.com\/#organization"},"potentialAction":[{"@type":"SearchAction","target":{"@type":"EntryPoint","urlTemplate":"https:\/\/diarioprincipios.com\/?s={search_term_string}"},"query-input":{"@type":"PropertyValueSpecification","valueRequired":true,"valueName":"search_term_string"}}],"inLanguage":"es"},{"@type":"Organization","@id":"https:\/\/diarioprincipios.com\/#organization","name":"Principios","url":"https:\/\/diarioprincipios.com\/","logo":{"@type":"ImageObject","inLanguage":"es","@id":"https:\/\/diarioprincipios.com\/#\/schema\/logo\/image\/","url":"https:\/\/diarioprincipios.com\/wp-content\/uploads\/2024\/04\/cropped-www.diarioprincipios.com_-1.png","contentUrl":"https:\/\/diarioprincipios.com\/wp-content\/uploads\/2024\/04\/cropped-www.diarioprincipios.com_-1.png","width":5325,"height":1454,"caption":"Principios"},"image":{"@id":"https:\/\/diarioprincipios.com\/#\/schema\/logo\/image\/"}},{"@type":"Person","@id":"https:\/\/diarioprincipios.com\/#\/schema\/person\/436d5a1fd41a5e250e23ff5a6a7cb080","name":"Hern\u00e1n L\u00f3pez","image":{"@type":"ImageObject","inLanguage":"es","@id":"https:\/\/diarioprincipios.com\/wp-content\/litespeed\/avatar\/11ddfe5610ff3bd100522525b2571f48.jpg?ver=1777048341","url":"https:\/\/diarioprincipios.com\/wp-content\/litespeed\/avatar\/11ddfe5610ff3bd100522525b2571f48.jpg?ver=1777048341","contentUrl":"https:\/\/diarioprincipios.com\/wp-content\/litespeed\/avatar\/11ddfe5610ff3bd100522525b2571f48.jpg?ver=1777048341","caption":"Hern\u00e1n L\u00f3pez"},"url":"https:\/\/diarioprincipios.com\/index.php\/author\/hernan\/"}]}},"jetpack_featured_media_url":"https:\/\/diarioprincipios.com\/wp-content\/uploads\/2020\/07\/3253382.jpg","_links":{"self":[{"href":"https:\/\/diarioprincipios.com\/index.php\/wp-json\/wp\/v2\/posts\/3987","targetHints":{"allow":["GET"]}}],"collection":[{"href":"https:\/\/diarioprincipios.com\/index.php\/wp-json\/wp\/v2\/posts"}],"about":[{"href":"https:\/\/diarioprincipios.com\/index.php\/wp-json\/wp\/v2\/types\/post"}],"author":[{"embeddable":true,"href":"https:\/\/diarioprincipios.com\/index.php\/wp-json\/wp\/v2\/users\/2"}],"replies":[{"embeddable":true,"href":"https:\/\/diarioprincipios.com\/index.php\/wp-json\/wp\/v2\/comments?post=3987"}],"version-history":[{"count":1,"href":"https:\/\/diarioprincipios.com\/index.php\/wp-json\/wp\/v2\/posts\/3987\/revisions"}],"predecessor-version":[{"id":3989,"href":"https:\/\/diarioprincipios.com\/index.php\/wp-json\/wp\/v2\/posts\/3987\/revisions\/3989"}],"wp:featuredmedia":[{"embeddable":true,"href":"https:\/\/diarioprincipios.com\/index.php\/wp-json\/wp\/v2\/media\/3988"}],"wp:attachment":[{"href":"https:\/\/diarioprincipios.com\/index.php\/wp-json\/wp\/v2\/media?parent=3987"}],"wp:term":[{"taxonomy":"category","embeddable":true,"href":"https:\/\/diarioprincipios.com\/index.php\/wp-json\/wp\/v2\/categories?post=3987"},{"taxonomy":"post_tag","embeddable":true,"href":"https:\/\/diarioprincipios.com\/index.php\/wp-json\/wp\/v2\/tags?post=3987"}],"curies":[{"name":"wp","href":"https:\/\/api.w.org\/{rel}","templated":true}]}}