{"id":395,"date":"2020-03-19T00:54:03","date_gmt":"2020-03-19T00:54:03","guid":{"rendered":"http:\/\/diarioprincipios.com\/?p=395"},"modified":"2020-03-19T00:54:04","modified_gmt":"2020-03-19T00:54:04","slug":"setia-reclamo-el-cierre-de-los-paseos-de-compras-para-prevenir-el-coronavirus","status":"publish","type":"post","link":"https:\/\/diarioprincipios.com\/index.php\/2020\/03\/19\/setia-reclamo-el-cierre-de-los-paseos-de-compras-para-prevenir-el-coronavirus\/","title":{"rendered":"Setia reclam\u00f3 el cierre de los Paseos de Compras para prevenir el Coronavirus"},"content":{"rendered":"\n<p>Representantes de SETIA (Sindicato de Empleados Textiles de la Industria y Afines de la Rep\u00fablica Argentina) se hicieron presentes hoy en diversos paseos de compra para reclamar por el cierre de los mismos como medida para prevenir el contagio del Coronavirus.Hugo Dessimoiz, secretario general de SETIA Quilmes, destac\u00f3 que \u00abnuestra delegaci\u00f3n se hizo presente en este reclamo que encabeza el Consejo Directivo Nacional que conduce el Vasco Minaberrigaray\u00bb, detallando que \u00abestuvimos en los paseos de compra de Unicenter, Dot, Shopping del Oeste y Quilmes Factory (Jumbo)\u00bb.<\/p>\n\n\n\n<figure class=\"wp-block-image size-large\"><img loading=\"lazy\" decoding=\"async\" width=\"1024\" height=\"576\" src=\"https:\/\/diarioprincipios.com\/wp-content\/uploads\/2020\/03\/setia-3-1024x576.jpg\" alt=\"\" class=\"wp-image-397\" srcset=\"https:\/\/diarioprincipios.com\/wp-content\/uploads\/2020\/03\/setia-3-1024x576.jpg 1024w, https:\/\/diarioprincipios.com\/wp-content\/uploads\/2020\/03\/setia-3-300x169.jpg 300w, https:\/\/diarioprincipios.com\/wp-content\/uploads\/2020\/03\/setia-3-768x432.jpg 768w, https:\/\/diarioprincipios.com\/wp-content\/uploads\/2020\/03\/setia-3.jpg 1280w\" sizes=\"auto, (max-width: 1024px) 100vw, 1024px\" \/><\/figure>\n\n\n\n<p>En cada uno de los paseos comerciales se entreg\u00f3 un documento con el siguiente texto:\u00bbHabida cuenta del avance del Coronavirus, en nuestro pa\u00eds y en pa\u00edses lim\u00edtrofes, es imprescindible que se tomen medidas directas, concretas y efectivas para combatirlo y evitar que se propague a velocidades que nuestro sistema sanitario no puede contener.\u00a0<br>Por nuestra idiosincrasia y por nuestro particular estado de fragilidad econ\u00f3mica es que, a nuestro humilde entender, no se est\u00e1n tomando a\u00fan. Pero hay algo que es cierto, NADA ES MAS IMPORTANTE QUE LA SALUD.Dicho esto, ser\u00eda menester suspender la actividad de todos aquellos puntos de comercializaci\u00f3n capaces de recibir a mucha gente al mismo tiempo, como ser\u00eda el caso de los paseos de compra (Shoppings). Entendemos que de facilitarse el contagio en estos lugares el da\u00f1o que se causa a la poblaci\u00f3n y a la econom\u00eda es ampliamente superior al que causar\u00eda el cierre de Shoppings hasta tanto pase el peligro de contagio.Apelamos a las empresas y a las autoridades de los distintos estamentos del estado a hacer primar la conciencia ciudadana sobre cualquier otro inter\u00e9s, tomando en cuenta que los productos que se venden en estos lugares no es de primera necesidad, por lo que no son b\u00e1sicos o indispensables\u00bb.\u00a0 <\/p>\n","protected":false},"excerpt":{"rendered":"<p>Representantes de SETIA (Sindicato de Empleados Textiles de la Industria y Afines de la Rep\u00fablica Argentina) se hicieron presentes hoy en diversos paseos de compra para reclamar por el cierre de los mismos como medida para prevenir el contagio del Coronavirus.Hugo Dessimoiz, secretario general de SETIA Quilmes, destac\u00f3 que \u00abnuestra delegaci\u00f3n se hizo presente en&#8230;<\/p>\n","protected":false},"author":2,"featured_media":396,"comment_status":"open","ping_status":"open","sticky":false,"template":"","format":"standard","meta":{"footnotes":""},"categories":[7],"tags":[],"class_list":["post-395","post","type-post","status-publish","format-standard","has-post-thumbnail","hentry","category-provincia"],"featured_image_src":"https:\/\/diarioprincipios.com\/wp-content\/uploads\/2020\/03\/setia-1-1024x768.jpg","blog_images":{"medium":"https:\/\/diarioprincipios.com\/wp-content\/uploads\/2020\/03\/setia-1-300x225.jpg","large":"https:\/\/diarioprincipios.com\/wp-content\/uploads\/2020\/03\/setia-1-1024x768.jpg"},"ams_acf":[],"yoast_head":"<!-- This site is optimized with the Yoast SEO plugin v27.3 - https:\/\/yoast.com\/product\/yoast-seo-wordpress\/ -->\n<title>Setia reclam\u00f3 el cierre de los Paseos de Compras para prevenir el Coronavirus - Principios<\/title>\n<meta name=\"robots\" content=\"index, follow, max-snippet:-1, max-image-preview:large, max-video-preview:-1\" \/>\n<link rel=\"canonical\" href=\"https:\/\/diarioprincipios.com\/index.php\/2020\/03\/19\/setia-reclamo-el-cierre-de-los-paseos-de-compras-para-prevenir-el-coronavirus\/\" \/>\n<meta property=\"og:locale\" content=\"es_ES\" \/>\n<meta property=\"og:type\" content=\"article\" \/>\n<meta property=\"og:title\" content=\"Setia reclam\u00f3 el cierre de los Paseos de Compras para prevenir el Coronavirus - Principios\" \/>\n<meta property=\"og:description\" content=\"Representantes de SETIA (Sindicato de Empleados Textiles de la Industria y Afines de la Rep\u00fablica Argentina) se hicieron presentes hoy en diversos paseos de compra para reclamar por el cierre de los mismos como medida para prevenir el contagio del Coronavirus.Hugo Dessimoiz, secretario general de SETIA Quilmes, destac\u00f3 que \u00abnuestra delegaci\u00f3n se hizo presente en...\" \/>\n<meta property=\"og:url\" content=\"https:\/\/diarioprincipios.com\/index.php\/2020\/03\/19\/setia-reclamo-el-cierre-de-los-paseos-de-compras-para-prevenir-el-coronavirus\/\" \/>\n<meta property=\"og:site_name\" content=\"Principios\" \/>\n<meta property=\"article:published_time\" content=\"2020-03-19T00:54:03+00:00\" \/>\n<meta property=\"article:modified_time\" content=\"2020-03-19T00:54:04+00:00\" \/>\n<meta property=\"og:image\" content=\"https:\/\/diarioprincipios.com\/wp-content\/uploads\/2020\/03\/setia-1.jpg\" \/>\n\t<meta property=\"og:image:width\" content=\"1280\" \/>\n\t<meta property=\"og:image:height\" content=\"960\" \/>\n\t<meta property=\"og:image:type\" content=\"image\/jpeg\" \/>\n<meta name=\"author\" content=\"Hern\u00e1n L\u00f3pez\" \/>\n<meta name=\"twitter:card\" content=\"summary_large_image\" \/>\n<meta name=\"twitter:label1\" content=\"Escrito por\" \/>\n\t<meta name=\"twitter:data1\" content=\"Hern\u00e1n L\u00f3pez\" \/>\n\t<meta name=\"twitter:label2\" content=\"Tiempo de lectura\" \/>\n\t<meta name=\"twitter:data2\" content=\"2 minutos\" \/>\n<script type=\"application\/ld+json\" class=\"yoast-schema-graph\">{\"@context\":\"https:\\\/\\\/schema.org\",\"@graph\":[{\"@type\":\"Article\",\"@id\":\"https:\\\/\\\/diarioprincipios.com\\\/index.php\\\/2020\\\/03\\\/19\\\/setia-reclamo-el-cierre-de-los-paseos-de-compras-para-prevenir-el-coronavirus\\\/#article\",\"isPartOf\":{\"@id\":\"https:\\\/\\\/diarioprincipios.com\\\/index.php\\\/2020\\\/03\\\/19\\\/setia-reclamo-el-cierre-de-los-paseos-de-compras-para-prevenir-el-coronavirus\\\/\"},\"author\":{\"name\":\"Hern\u00e1n L\u00f3pez\",\"@id\":\"https:\\\/\\\/diarioprincipios.com\\\/#\\\/schema\\\/person\\\/436d5a1fd41a5e250e23ff5a6a7cb080\"},\"headline\":\"Setia reclam\u00f3 el cierre de los Paseos de Compras para prevenir el Coronavirus\",\"datePublished\":\"2020-03-19T00:54:03+00:00\",\"dateModified\":\"2020-03-19T00:54:04+00:00\",\"mainEntityOfPage\":{\"@id\":\"https:\\\/\\\/diarioprincipios.com\\\/index.php\\\/2020\\\/03\\\/19\\\/setia-reclamo-el-cierre-de-los-paseos-de-compras-para-prevenir-el-coronavirus\\\/\"},\"wordCount\":325,\"commentCount\":0,\"publisher\":{\"@id\":\"https:\\\/\\\/diarioprincipios.com\\\/#organization\"},\"image\":{\"@id\":\"https:\\\/\\\/diarioprincipios.com\\\/index.php\\\/2020\\\/03\\\/19\\\/setia-reclamo-el-cierre-de-los-paseos-de-compras-para-prevenir-el-coronavirus\\\/#primaryimage\"},\"thumbnailUrl\":\"https:\\\/\\\/diarioprincipios.com\\\/wp-content\\\/uploads\\\/2020\\\/03\\\/setia-1.jpg\",\"articleSection\":[\"Provincia\"],\"inLanguage\":\"es\",\"potentialAction\":[{\"@type\":\"CommentAction\",\"name\":\"Comment\",\"target\":[\"https:\\\/\\\/diarioprincipios.com\\\/index.php\\\/2020\\\/03\\\/19\\\/setia-reclamo-el-cierre-de-los-paseos-de-compras-para-prevenir-el-coronavirus\\\/#respond\"]}]},{\"@type\":\"WebPage\",\"@id\":\"https:\\\/\\\/diarioprincipios.com\\\/index.php\\\/2020\\\/03\\\/19\\\/setia-reclamo-el-cierre-de-los-paseos-de-compras-para-prevenir-el-coronavirus\\\/\",\"url\":\"https:\\\/\\\/diarioprincipios.com\\\/index.php\\\/2020\\\/03\\\/19\\\/setia-reclamo-el-cierre-de-los-paseos-de-compras-para-prevenir-el-coronavirus\\\/\",\"name\":\"Setia reclam\u00f3 el cierre de los Paseos de Compras para prevenir el Coronavirus - Principios\",\"isPartOf\":{\"@id\":\"https:\\\/\\\/diarioprincipios.com\\\/#website\"},\"primaryImageOfPage\":{\"@id\":\"https:\\\/\\\/diarioprincipios.com\\\/index.php\\\/2020\\\/03\\\/19\\\/setia-reclamo-el-cierre-de-los-paseos-de-compras-para-prevenir-el-coronavirus\\\/#primaryimage\"},\"image\":{\"@id\":\"https:\\\/\\\/diarioprincipios.com\\\/index.php\\\/2020\\\/03\\\/19\\\/setia-reclamo-el-cierre-de-los-paseos-de-compras-para-prevenir-el-coronavirus\\\/#primaryimage\"},\"thumbnailUrl\":\"https:\\\/\\\/diarioprincipios.com\\\/wp-content\\\/uploads\\\/2020\\\/03\\\/setia-1.jpg\",\"datePublished\":\"2020-03-19T00:54:03+00:00\",\"dateModified\":\"2020-03-19T00:54:04+00:00\",\"breadcrumb\":{\"@id\":\"https:\\\/\\\/diarioprincipios.com\\\/index.php\\\/2020\\\/03\\\/19\\\/setia-reclamo-el-cierre-de-los-paseos-de-compras-para-prevenir-el-coronavirus\\\/#breadcrumb\"},\"inLanguage\":\"es\",\"potentialAction\":[{\"@type\":\"ReadAction\",\"target\":[\"https:\\\/\\\/diarioprincipios.com\\\/index.php\\\/2020\\\/03\\\/19\\\/setia-reclamo-el-cierre-de-los-paseos-de-compras-para-prevenir-el-coronavirus\\\/\"]}]},{\"@type\":\"ImageObject\",\"inLanguage\":\"es\",\"@id\":\"https:\\\/\\\/diarioprincipios.com\\\/index.php\\\/2020\\\/03\\\/19\\\/setia-reclamo-el-cierre-de-los-paseos-de-compras-para-prevenir-el-coronavirus\\\/#primaryimage\",\"url\":\"https:\\\/\\\/diarioprincipios.com\\\/wp-content\\\/uploads\\\/2020\\\/03\\\/setia-1.jpg\",\"contentUrl\":\"https:\\\/\\\/diarioprincipios.com\\\/wp-content\\\/uploads\\\/2020\\\/03\\\/setia-1.jpg\",\"width\":1280,\"height\":960},{\"@type\":\"BreadcrumbList\",\"@id\":\"https:\\\/\\\/diarioprincipios.com\\\/index.php\\\/2020\\\/03\\\/19\\\/setia-reclamo-el-cierre-de-los-paseos-de-compras-para-prevenir-el-coronavirus\\\/#breadcrumb\",\"itemListElement\":[{\"@type\":\"ListItem\",\"position\":1,\"name\":\"Portada\",\"item\":\"https:\\\/\\\/diarioprincipios.com\\\/\"},{\"@type\":\"ListItem\",\"position\":2,\"name\":\"Setia reclam\u00f3 el cierre de los Paseos de Compras para prevenir el Coronavirus\"}]},{\"@type\":\"WebSite\",\"@id\":\"https:\\\/\\\/diarioprincipios.com\\\/#website\",\"url\":\"https:\\\/\\\/diarioprincipios.com\\\/\",\"name\":\"Principios\",\"description\":\"Principios Diario\",\"publisher\":{\"@id\":\"https:\\\/\\\/diarioprincipios.com\\\/#organization\"},\"potentialAction\":[{\"@type\":\"SearchAction\",\"target\":{\"@type\":\"EntryPoint\",\"urlTemplate\":\"https:\\\/\\\/diarioprincipios.com\\\/?s={search_term_string}\"},\"query-input\":{\"@type\":\"PropertyValueSpecification\",\"valueRequired\":true,\"valueName\":\"search_term_string\"}}],\"inLanguage\":\"es\"},{\"@type\":\"Organization\",\"@id\":\"https:\\\/\\\/diarioprincipios.com\\\/#organization\",\"name\":\"Principios\",\"url\":\"https:\\\/\\\/diarioprincipios.com\\\/\",\"logo\":{\"@type\":\"ImageObject\",\"inLanguage\":\"es\",\"@id\":\"https:\\\/\\\/diarioprincipios.com\\\/#\\\/schema\\\/logo\\\/image\\\/\",\"url\":\"https:\\\/\\\/diarioprincipios.com\\\/wp-content\\\/uploads\\\/2024\\\/04\\\/cropped-www.diarioprincipios.com_-1.png\",\"contentUrl\":\"https:\\\/\\\/diarioprincipios.com\\\/wp-content\\\/uploads\\\/2024\\\/04\\\/cropped-www.diarioprincipios.com_-1.png\",\"width\":5325,\"height\":1454,\"caption\":\"Principios\"},\"image\":{\"@id\":\"https:\\\/\\\/diarioprincipios.com\\\/#\\\/schema\\\/logo\\\/image\\\/\"}},{\"@type\":\"Person\",\"@id\":\"https:\\\/\\\/diarioprincipios.com\\\/#\\\/schema\\\/person\\\/436d5a1fd41a5e250e23ff5a6a7cb080\",\"name\":\"Hern\u00e1n L\u00f3pez\",\"image\":{\"@type\":\"ImageObject\",\"inLanguage\":\"es\",\"@id\":\"https:\\\/\\\/diarioprincipios.com\\\/wp-content\\\/litespeed\\\/avatar\\\/11ddfe5610ff3bd100522525b2571f48.jpg?ver=1777048341\",\"url\":\"https:\\\/\\\/diarioprincipios.com\\\/wp-content\\\/litespeed\\\/avatar\\\/11ddfe5610ff3bd100522525b2571f48.jpg?ver=1777048341\",\"contentUrl\":\"https:\\\/\\\/diarioprincipios.com\\\/wp-content\\\/litespeed\\\/avatar\\\/11ddfe5610ff3bd100522525b2571f48.jpg?ver=1777048341\",\"caption\":\"Hern\u00e1n L\u00f3pez\"},\"url\":\"https:\\\/\\\/diarioprincipios.com\\\/index.php\\\/author\\\/hernan\\\/\"}]}<\/script>\n<!-- \/ Yoast SEO plugin. -->","yoast_head_json":{"title":"Setia reclam\u00f3 el cierre de los Paseos de Compras para prevenir el Coronavirus - Principios","robots":{"index":"index","follow":"follow","max-snippet":"max-snippet:-1","max-image-preview":"max-image-preview:large","max-video-preview":"max-video-preview:-1"},"canonical":"https:\/\/diarioprincipios.com\/index.php\/2020\/03\/19\/setia-reclamo-el-cierre-de-los-paseos-de-compras-para-prevenir-el-coronavirus\/","og_locale":"es_ES","og_type":"article","og_title":"Setia reclam\u00f3 el cierre de los Paseos de Compras para prevenir el Coronavirus - Principios","og_description":"Representantes de SETIA (Sindicato de Empleados Textiles de la Industria y Afines de la Rep\u00fablica Argentina) se hicieron presentes hoy en diversos paseos de compra para reclamar por el cierre de los mismos como medida para prevenir el contagio del Coronavirus.Hugo Dessimoiz, secretario general de SETIA Quilmes, destac\u00f3 que \u00abnuestra delegaci\u00f3n se hizo presente en...","og_url":"https:\/\/diarioprincipios.com\/index.php\/2020\/03\/19\/setia-reclamo-el-cierre-de-los-paseos-de-compras-para-prevenir-el-coronavirus\/","og_site_name":"Principios","article_published_time":"2020-03-19T00:54:03+00:00","article_modified_time":"2020-03-19T00:54:04+00:00","og_image":[{"width":1280,"height":960,"url":"https:\/\/diarioprincipios.com\/wp-content\/uploads\/2020\/03\/setia-1.jpg","type":"image\/jpeg"}],"author":"Hern\u00e1n L\u00f3pez","twitter_card":"summary_large_image","twitter_misc":{"Escrito por":"Hern\u00e1n L\u00f3pez","Tiempo de lectura":"2 minutos"},"schema":{"@context":"https:\/\/schema.org","@graph":[{"@type":"Article","@id":"https:\/\/diarioprincipios.com\/index.php\/2020\/03\/19\/setia-reclamo-el-cierre-de-los-paseos-de-compras-para-prevenir-el-coronavirus\/#article","isPartOf":{"@id":"https:\/\/diarioprincipios.com\/index.php\/2020\/03\/19\/setia-reclamo-el-cierre-de-los-paseos-de-compras-para-prevenir-el-coronavirus\/"},"author":{"name":"Hern\u00e1n L\u00f3pez","@id":"https:\/\/diarioprincipios.com\/#\/schema\/person\/436d5a1fd41a5e250e23ff5a6a7cb080"},"headline":"Setia reclam\u00f3 el cierre de los Paseos de Compras para prevenir el Coronavirus","datePublished":"2020-03-19T00:54:03+00:00","dateModified":"2020-03-19T00:54:04+00:00","mainEntityOfPage":{"@id":"https:\/\/diarioprincipios.com\/index.php\/2020\/03\/19\/setia-reclamo-el-cierre-de-los-paseos-de-compras-para-prevenir-el-coronavirus\/"},"wordCount":325,"commentCount":0,"publisher":{"@id":"https:\/\/diarioprincipios.com\/#organization"},"image":{"@id":"https:\/\/diarioprincipios.com\/index.php\/2020\/03\/19\/setia-reclamo-el-cierre-de-los-paseos-de-compras-para-prevenir-el-coronavirus\/#primaryimage"},"thumbnailUrl":"https:\/\/diarioprincipios.com\/wp-content\/uploads\/2020\/03\/setia-1.jpg","articleSection":["Provincia"],"inLanguage":"es","potentialAction":[{"@type":"CommentAction","name":"Comment","target":["https:\/\/diarioprincipios.com\/index.php\/2020\/03\/19\/setia-reclamo-el-cierre-de-los-paseos-de-compras-para-prevenir-el-coronavirus\/#respond"]}]},{"@type":"WebPage","@id":"https:\/\/diarioprincipios.com\/index.php\/2020\/03\/19\/setia-reclamo-el-cierre-de-los-paseos-de-compras-para-prevenir-el-coronavirus\/","url":"https:\/\/diarioprincipios.com\/index.php\/2020\/03\/19\/setia-reclamo-el-cierre-de-los-paseos-de-compras-para-prevenir-el-coronavirus\/","name":"Setia reclam\u00f3 el cierre de los Paseos de Compras para prevenir el Coronavirus - Principios","isPartOf":{"@id":"https:\/\/diarioprincipios.com\/#website"},"primaryImageOfPage":{"@id":"https:\/\/diarioprincipios.com\/index.php\/2020\/03\/19\/setia-reclamo-el-cierre-de-los-paseos-de-compras-para-prevenir-el-coronavirus\/#primaryimage"},"image":{"@id":"https:\/\/diarioprincipios.com\/index.php\/2020\/03\/19\/setia-reclamo-el-cierre-de-los-paseos-de-compras-para-prevenir-el-coronavirus\/#primaryimage"},"thumbnailUrl":"https:\/\/diarioprincipios.com\/wp-content\/uploads\/2020\/03\/setia-1.jpg","datePublished":"2020-03-19T00:54:03+00:00","dateModified":"2020-03-19T00:54:04+00:00","breadcrumb":{"@id":"https:\/\/diarioprincipios.com\/index.php\/2020\/03\/19\/setia-reclamo-el-cierre-de-los-paseos-de-compras-para-prevenir-el-coronavirus\/#breadcrumb"},"inLanguage":"es","potentialAction":[{"@type":"ReadAction","target":["https:\/\/diarioprincipios.com\/index.php\/2020\/03\/19\/setia-reclamo-el-cierre-de-los-paseos-de-compras-para-prevenir-el-coronavirus\/"]}]},{"@type":"ImageObject","inLanguage":"es","@id":"https:\/\/diarioprincipios.com\/index.php\/2020\/03\/19\/setia-reclamo-el-cierre-de-los-paseos-de-compras-para-prevenir-el-coronavirus\/#primaryimage","url":"https:\/\/diarioprincipios.com\/wp-content\/uploads\/2020\/03\/setia-1.jpg","contentUrl":"https:\/\/diarioprincipios.com\/wp-content\/uploads\/2020\/03\/setia-1.jpg","width":1280,"height":960},{"@type":"BreadcrumbList","@id":"https:\/\/diarioprincipios.com\/index.php\/2020\/03\/19\/setia-reclamo-el-cierre-de-los-paseos-de-compras-para-prevenir-el-coronavirus\/#breadcrumb","itemListElement":[{"@type":"ListItem","position":1,"name":"Portada","item":"https:\/\/diarioprincipios.com\/"},{"@type":"ListItem","position":2,"name":"Setia reclam\u00f3 el cierre de los Paseos de Compras para prevenir el Coronavirus"}]},{"@type":"WebSite","@id":"https:\/\/diarioprincipios.com\/#website","url":"https:\/\/diarioprincipios.com\/","name":"Principios","description":"Principios Diario","publisher":{"@id":"https:\/\/diarioprincipios.com\/#organization"},"potentialAction":[{"@type":"SearchAction","target":{"@type":"EntryPoint","urlTemplate":"https:\/\/diarioprincipios.com\/?s={search_term_string}"},"query-input":{"@type":"PropertyValueSpecification","valueRequired":true,"valueName":"search_term_string"}}],"inLanguage":"es"},{"@type":"Organization","@id":"https:\/\/diarioprincipios.com\/#organization","name":"Principios","url":"https:\/\/diarioprincipios.com\/","logo":{"@type":"ImageObject","inLanguage":"es","@id":"https:\/\/diarioprincipios.com\/#\/schema\/logo\/image\/","url":"https:\/\/diarioprincipios.com\/wp-content\/uploads\/2024\/04\/cropped-www.diarioprincipios.com_-1.png","contentUrl":"https:\/\/diarioprincipios.com\/wp-content\/uploads\/2024\/04\/cropped-www.diarioprincipios.com_-1.png","width":5325,"height":1454,"caption":"Principios"},"image":{"@id":"https:\/\/diarioprincipios.com\/#\/schema\/logo\/image\/"}},{"@type":"Person","@id":"https:\/\/diarioprincipios.com\/#\/schema\/person\/436d5a1fd41a5e250e23ff5a6a7cb080","name":"Hern\u00e1n L\u00f3pez","image":{"@type":"ImageObject","inLanguage":"es","@id":"https:\/\/diarioprincipios.com\/wp-content\/litespeed\/avatar\/11ddfe5610ff3bd100522525b2571f48.jpg?ver=1777048341","url":"https:\/\/diarioprincipios.com\/wp-content\/litespeed\/avatar\/11ddfe5610ff3bd100522525b2571f48.jpg?ver=1777048341","contentUrl":"https:\/\/diarioprincipios.com\/wp-content\/litespeed\/avatar\/11ddfe5610ff3bd100522525b2571f48.jpg?ver=1777048341","caption":"Hern\u00e1n L\u00f3pez"},"url":"https:\/\/diarioprincipios.com\/index.php\/author\/hernan\/"}]}},"jetpack_featured_media_url":"https:\/\/diarioprincipios.com\/wp-content\/uploads\/2020\/03\/setia-1.jpg","_links":{"self":[{"href":"https:\/\/diarioprincipios.com\/index.php\/wp-json\/wp\/v2\/posts\/395","targetHints":{"allow":["GET"]}}],"collection":[{"href":"https:\/\/diarioprincipios.com\/index.php\/wp-json\/wp\/v2\/posts"}],"about":[{"href":"https:\/\/diarioprincipios.com\/index.php\/wp-json\/wp\/v2\/types\/post"}],"author":[{"embeddable":true,"href":"https:\/\/diarioprincipios.com\/index.php\/wp-json\/wp\/v2\/users\/2"}],"replies":[{"embeddable":true,"href":"https:\/\/diarioprincipios.com\/index.php\/wp-json\/wp\/v2\/comments?post=395"}],"version-history":[{"count":1,"href":"https:\/\/diarioprincipios.com\/index.php\/wp-json\/wp\/v2\/posts\/395\/revisions"}],"predecessor-version":[{"id":398,"href":"https:\/\/diarioprincipios.com\/index.php\/wp-json\/wp\/v2\/posts\/395\/revisions\/398"}],"wp:featuredmedia":[{"embeddable":true,"href":"https:\/\/diarioprincipios.com\/index.php\/wp-json\/wp\/v2\/media\/396"}],"wp:attachment":[{"href":"https:\/\/diarioprincipios.com\/index.php\/wp-json\/wp\/v2\/media?parent=395"}],"wp:term":[{"taxonomy":"category","embeddable":true,"href":"https:\/\/diarioprincipios.com\/index.php\/wp-json\/wp\/v2\/categories?post=395"},{"taxonomy":"post_tag","embeddable":true,"href":"https:\/\/diarioprincipios.com\/index.php\/wp-json\/wp\/v2\/tags?post=395"}],"curies":[{"name":"wp","href":"https:\/\/api.w.org\/{rel}","templated":true}]}}