{"id":3927,"date":"2020-07-15T21:26:07","date_gmt":"2020-07-16T00:26:07","guid":{"rendered":"http:\/\/diarioprincipios.com\/?p=3927"},"modified":"2020-07-15T21:26:51","modified_gmt":"2020-07-16T00:26:51","slug":"el-27-de-setiembre-comenzaria-el-campeonato-de-futbol-de-primera-division","status":"publish","type":"post","link":"https:\/\/diarioprincipios.com\/index.php\/2020\/07\/15\/el-27-de-setiembre-comenzaria-el-campeonato-de-futbol-de-primera-division\/","title":{"rendered":"El 27 de Setiembre comenzar\u00eda el Campeonato de F\u00fatbol de Primera Divisi\u00f3n"},"content":{"rendered":"\n<p>La Liga Profesional de F\u00fatbol (LPF) planea estrenar su competencia oficial de primera divisi\u00f3n el domingo 27 de septiembre, vale decir 10 d\u00edas despu\u00e9s de la fecha en que la Conmebol autoriz\u00f3 a los equipos argentinos a volver a competir en la Copa Libertadores, seg\u00fan un boceto elevado por el organismo que conduce Marcelo Tinelli a la AFA.<\/p>\n\n\n\n<p>En este borrador se deja constancia que el regreso a las competencias debe concretarse \u00abdespu\u00e9s de un mes y medio de entrenamientos\u00bb, por lo que tambi\u00e9n tom\u00f3 consistencia el adelanto de ayer respecto de que las pr\u00e1cticas para la LPF y la Primera Nacional se iniciar\u00e1n el lunes 3 de agosto. El certamen durar\u00eda menos de tres meses, hasta un par de d\u00edas antes de Navidad.<\/p>\n\n\n\n<p>Boca Juniors, River Plate, Racing Club, Defensa y Justicia y Tigre deb\u00edan recomenzar a jugar la Libertadores el 15 de septiembre, pero el pedido hecho por estos clubes de una semana de retraso solamente le permiti\u00f3 extenderlo por 48 horas, hasta el jueves 17, por lo que este boceto quiz\u00e1 pueda servir de argumento para volver a la solicitud inicial.<\/p>\n\n\n\n<p>El formato del nuevo torneo tendr\u00eda, seg\u00fan este proyecto, a los 24 equipos de primera divisi\u00f3n divididos en seis grupos de cuatro integrantes que se enfrentar\u00edan de ida y vuelta con una fecha de cl\u00e1sicos. De all\u00ed, los dos primeros de cada zona de 12 componentes se clasificar\u00edan a una denominada Copa &#8216;Principal&#8217;, mientras que los restantes pasar\u00edan a la llamada &#8216;Secundaria&#8217;.<\/p>\n\n\n\n<p>La Copa &#8216;Principal&#8217; contendr\u00eda a sus 12 participantes separados en dos grupos de seis, a rueda \u00fanica y con prioridad de local\u00eda para los mejor ubicados en la fase inicial.<\/p>\n\n\n\n<p>Los dos ganadores de cada zona se enfrentar\u00edan en una final \u00fanica por el t\u00edtulo, el 19 de diciembre, y el vencedor obtendr\u00eda una plaza para la Copa Libertadores 2021.<\/p>\n\n\n\n<p>La Copa &#8216;Secundaria&#8217;, en tanto, la jugar\u00edan los 12 peor ubicados en la fase inicial, que se dividir\u00edan de la misma manera que en la &#8216;Principal&#8217;, conteniendo el mismo sistema de disputa que la anterior.<\/p>\n\n\n\n<p>As\u00ed, los dos primeros de los grupos jugar\u00edan una final por el t\u00edtulo y el ganador enfrentar\u00eda al perdedor de la definici\u00f3n del &#8216;Principal&#8217; por un cupo en la Sudamericana 2022, el 22 de diciembre.<\/p>\n","protected":false},"excerpt":{"rendered":"<p>La Liga Profesional de F\u00fatbol (LPF) planea estrenar su competencia oficial de primera divisi\u00f3n el domingo 27 de septiembre, vale decir 10 d\u00edas despu\u00e9s de la fecha en que la Conmebol autoriz\u00f3 a los equipos argentinos a volver a competir en la Copa Libertadores, seg\u00fan un boceto elevado por el organismo que conduce Marcelo Tinelli&#8230;<\/p>\n","protected":false},"author":2,"featured_media":3928,"comment_status":"open","ping_status":"open","sticky":false,"template":"","format":"standard","meta":{"footnotes":""},"categories":[6],"tags":[],"class_list":["post-3927","post","type-post","status-publish","format-standard","has-post-thumbnail","hentry","category-deportes"],"featured_image_src":"https:\/\/diarioprincipios.com\/wp-content\/uploads\/2020\/07\/1.jpg","blog_images":{"medium":"https:\/\/diarioprincipios.com\/wp-content\/uploads\/2020\/07\/1-300x159.jpg","large":"https:\/\/diarioprincipios.com\/wp-content\/uploads\/2020\/07\/1.jpg"},"ams_acf":[],"yoast_head":"<!-- This site is optimized with the Yoast SEO plugin v27.3 - https:\/\/yoast.com\/product\/yoast-seo-wordpress\/ -->\n<title>El 27 de Setiembre comenzar\u00eda el Campeonato de F\u00fatbol de Primera Divisi\u00f3n - Principios<\/title>\n<meta name=\"robots\" content=\"index, follow, max-snippet:-1, max-image-preview:large, max-video-preview:-1\" \/>\n<link rel=\"canonical\" href=\"https:\/\/diarioprincipios.com\/index.php\/2020\/07\/15\/el-27-de-setiembre-comenzaria-el-campeonato-de-futbol-de-primera-division\/\" \/>\n<meta property=\"og:locale\" content=\"es_ES\" \/>\n<meta property=\"og:type\" content=\"article\" \/>\n<meta property=\"og:title\" content=\"El 27 de Setiembre comenzar\u00eda el Campeonato de F\u00fatbol de Primera Divisi\u00f3n - Principios\" \/>\n<meta property=\"og:description\" content=\"La Liga Profesional de F\u00fatbol (LPF) planea estrenar su competencia oficial de primera divisi\u00f3n el domingo 27 de septiembre, vale decir 10 d\u00edas despu\u00e9s de la fecha en que la Conmebol autoriz\u00f3 a los equipos argentinos a volver a competir en la Copa Libertadores, seg\u00fan un boceto elevado por el organismo que conduce Marcelo Tinelli...\" \/>\n<meta property=\"og:url\" content=\"https:\/\/diarioprincipios.com\/index.php\/2020\/07\/15\/el-27-de-setiembre-comenzaria-el-campeonato-de-futbol-de-primera-division\/\" \/>\n<meta property=\"og:site_name\" content=\"Principios\" \/>\n<meta property=\"article:published_time\" content=\"2020-07-16T00:26:07+00:00\" \/>\n<meta property=\"article:modified_time\" content=\"2020-07-16T00:26:51+00:00\" \/>\n<meta property=\"og:image\" content=\"https:\/\/diarioprincipios.com\/wp-content\/uploads\/2020\/07\/1.jpg\" \/>\n\t<meta property=\"og:image:width\" content=\"1000\" \/>\n\t<meta property=\"og:image:height\" content=\"530\" \/>\n\t<meta property=\"og:image:type\" content=\"image\/jpeg\" \/>\n<meta name=\"author\" content=\"Hern\u00e1n L\u00f3pez\" \/>\n<meta name=\"twitter:card\" content=\"summary_large_image\" \/>\n<meta name=\"twitter:label1\" content=\"Escrito por\" \/>\n\t<meta name=\"twitter:data1\" content=\"Hern\u00e1n L\u00f3pez\" \/>\n\t<meta name=\"twitter:label2\" content=\"Tiempo de lectura\" \/>\n\t<meta name=\"twitter:data2\" content=\"2 minutos\" \/>\n<script type=\"application\/ld+json\" class=\"yoast-schema-graph\">{\"@context\":\"https:\\\/\\\/schema.org\",\"@graph\":[{\"@type\":\"Article\",\"@id\":\"https:\\\/\\\/diarioprincipios.com\\\/index.php\\\/2020\\\/07\\\/15\\\/el-27-de-setiembre-comenzaria-el-campeonato-de-futbol-de-primera-division\\\/#article\",\"isPartOf\":{\"@id\":\"https:\\\/\\\/diarioprincipios.com\\\/index.php\\\/2020\\\/07\\\/15\\\/el-27-de-setiembre-comenzaria-el-campeonato-de-futbol-de-primera-division\\\/\"},\"author\":{\"name\":\"Hern\u00e1n L\u00f3pez\",\"@id\":\"https:\\\/\\\/diarioprincipios.com\\\/#\\\/schema\\\/person\\\/436d5a1fd41a5e250e23ff5a6a7cb080\"},\"headline\":\"El 27 de Setiembre comenzar\u00eda el Campeonato de F\u00fatbol de Primera Divisi\u00f3n\",\"datePublished\":\"2020-07-16T00:26:07+00:00\",\"dateModified\":\"2020-07-16T00:26:51+00:00\",\"mainEntityOfPage\":{\"@id\":\"https:\\\/\\\/diarioprincipios.com\\\/index.php\\\/2020\\\/07\\\/15\\\/el-27-de-setiembre-comenzaria-el-campeonato-de-futbol-de-primera-division\\\/\"},\"wordCount\":406,\"commentCount\":0,\"publisher\":{\"@id\":\"https:\\\/\\\/diarioprincipios.com\\\/#organization\"},\"image\":{\"@id\":\"https:\\\/\\\/diarioprincipios.com\\\/index.php\\\/2020\\\/07\\\/15\\\/el-27-de-setiembre-comenzaria-el-campeonato-de-futbol-de-primera-division\\\/#primaryimage\"},\"thumbnailUrl\":\"https:\\\/\\\/diarioprincipios.com\\\/wp-content\\\/uploads\\\/2020\\\/07\\\/1.jpg\",\"articleSection\":[\"Deportes\"],\"inLanguage\":\"es\",\"potentialAction\":[{\"@type\":\"CommentAction\",\"name\":\"Comment\",\"target\":[\"https:\\\/\\\/diarioprincipios.com\\\/index.php\\\/2020\\\/07\\\/15\\\/el-27-de-setiembre-comenzaria-el-campeonato-de-futbol-de-primera-division\\\/#respond\"]}]},{\"@type\":\"WebPage\",\"@id\":\"https:\\\/\\\/diarioprincipios.com\\\/index.php\\\/2020\\\/07\\\/15\\\/el-27-de-setiembre-comenzaria-el-campeonato-de-futbol-de-primera-division\\\/\",\"url\":\"https:\\\/\\\/diarioprincipios.com\\\/index.php\\\/2020\\\/07\\\/15\\\/el-27-de-setiembre-comenzaria-el-campeonato-de-futbol-de-primera-division\\\/\",\"name\":\"El 27 de Setiembre comenzar\u00eda el Campeonato de F\u00fatbol de Primera Divisi\u00f3n - Principios\",\"isPartOf\":{\"@id\":\"https:\\\/\\\/diarioprincipios.com\\\/#website\"},\"primaryImageOfPage\":{\"@id\":\"https:\\\/\\\/diarioprincipios.com\\\/index.php\\\/2020\\\/07\\\/15\\\/el-27-de-setiembre-comenzaria-el-campeonato-de-futbol-de-primera-division\\\/#primaryimage\"},\"image\":{\"@id\":\"https:\\\/\\\/diarioprincipios.com\\\/index.php\\\/2020\\\/07\\\/15\\\/el-27-de-setiembre-comenzaria-el-campeonato-de-futbol-de-primera-division\\\/#primaryimage\"},\"thumbnailUrl\":\"https:\\\/\\\/diarioprincipios.com\\\/wp-content\\\/uploads\\\/2020\\\/07\\\/1.jpg\",\"datePublished\":\"2020-07-16T00:26:07+00:00\",\"dateModified\":\"2020-07-16T00:26:51+00:00\",\"breadcrumb\":{\"@id\":\"https:\\\/\\\/diarioprincipios.com\\\/index.php\\\/2020\\\/07\\\/15\\\/el-27-de-setiembre-comenzaria-el-campeonato-de-futbol-de-primera-division\\\/#breadcrumb\"},\"inLanguage\":\"es\",\"potentialAction\":[{\"@type\":\"ReadAction\",\"target\":[\"https:\\\/\\\/diarioprincipios.com\\\/index.php\\\/2020\\\/07\\\/15\\\/el-27-de-setiembre-comenzaria-el-campeonato-de-futbol-de-primera-division\\\/\"]}]},{\"@type\":\"ImageObject\",\"inLanguage\":\"es\",\"@id\":\"https:\\\/\\\/diarioprincipios.com\\\/index.php\\\/2020\\\/07\\\/15\\\/el-27-de-setiembre-comenzaria-el-campeonato-de-futbol-de-primera-division\\\/#primaryimage\",\"url\":\"https:\\\/\\\/diarioprincipios.com\\\/wp-content\\\/uploads\\\/2020\\\/07\\\/1.jpg\",\"contentUrl\":\"https:\\\/\\\/diarioprincipios.com\\\/wp-content\\\/uploads\\\/2020\\\/07\\\/1.jpg\",\"width\":1000,\"height\":530},{\"@type\":\"BreadcrumbList\",\"@id\":\"https:\\\/\\\/diarioprincipios.com\\\/index.php\\\/2020\\\/07\\\/15\\\/el-27-de-setiembre-comenzaria-el-campeonato-de-futbol-de-primera-division\\\/#breadcrumb\",\"itemListElement\":[{\"@type\":\"ListItem\",\"position\":1,\"name\":\"Portada\",\"item\":\"https:\\\/\\\/diarioprincipios.com\\\/\"},{\"@type\":\"ListItem\",\"position\":2,\"name\":\"El 27 de Setiembre comenzar\u00eda el Campeonato de F\u00fatbol de Primera Divisi\u00f3n\"}]},{\"@type\":\"WebSite\",\"@id\":\"https:\\\/\\\/diarioprincipios.com\\\/#website\",\"url\":\"https:\\\/\\\/diarioprincipios.com\\\/\",\"name\":\"Principios\",\"description\":\"Principios Diario\",\"publisher\":{\"@id\":\"https:\\\/\\\/diarioprincipios.com\\\/#organization\"},\"potentialAction\":[{\"@type\":\"SearchAction\",\"target\":{\"@type\":\"EntryPoint\",\"urlTemplate\":\"https:\\\/\\\/diarioprincipios.com\\\/?s={search_term_string}\"},\"query-input\":{\"@type\":\"PropertyValueSpecification\",\"valueRequired\":true,\"valueName\":\"search_term_string\"}}],\"inLanguage\":\"es\"},{\"@type\":\"Organization\",\"@id\":\"https:\\\/\\\/diarioprincipios.com\\\/#organization\",\"name\":\"Principios\",\"url\":\"https:\\\/\\\/diarioprincipios.com\\\/\",\"logo\":{\"@type\":\"ImageObject\",\"inLanguage\":\"es\",\"@id\":\"https:\\\/\\\/diarioprincipios.com\\\/#\\\/schema\\\/logo\\\/image\\\/\",\"url\":\"https:\\\/\\\/diarioprincipios.com\\\/wp-content\\\/uploads\\\/2024\\\/04\\\/cropped-www.diarioprincipios.com_-1.png\",\"contentUrl\":\"https:\\\/\\\/diarioprincipios.com\\\/wp-content\\\/uploads\\\/2024\\\/04\\\/cropped-www.diarioprincipios.com_-1.png\",\"width\":5325,\"height\":1454,\"caption\":\"Principios\"},\"image\":{\"@id\":\"https:\\\/\\\/diarioprincipios.com\\\/#\\\/schema\\\/logo\\\/image\\\/\"}},{\"@type\":\"Person\",\"@id\":\"https:\\\/\\\/diarioprincipios.com\\\/#\\\/schema\\\/person\\\/436d5a1fd41a5e250e23ff5a6a7cb080\",\"name\":\"Hern\u00e1n L\u00f3pez\",\"image\":{\"@type\":\"ImageObject\",\"inLanguage\":\"es\",\"@id\":\"https:\\\/\\\/diarioprincipios.com\\\/wp-content\\\/litespeed\\\/avatar\\\/11ddfe5610ff3bd100522525b2571f48.jpg?ver=1777048341\",\"url\":\"https:\\\/\\\/diarioprincipios.com\\\/wp-content\\\/litespeed\\\/avatar\\\/11ddfe5610ff3bd100522525b2571f48.jpg?ver=1777048341\",\"contentUrl\":\"https:\\\/\\\/diarioprincipios.com\\\/wp-content\\\/litespeed\\\/avatar\\\/11ddfe5610ff3bd100522525b2571f48.jpg?ver=1777048341\",\"caption\":\"Hern\u00e1n L\u00f3pez\"},\"url\":\"https:\\\/\\\/diarioprincipios.com\\\/index.php\\\/author\\\/hernan\\\/\"}]}<\/script>\n<!-- \/ Yoast SEO plugin. -->","yoast_head_json":{"title":"El 27 de Setiembre comenzar\u00eda el Campeonato de F\u00fatbol de Primera Divisi\u00f3n - Principios","robots":{"index":"index","follow":"follow","max-snippet":"max-snippet:-1","max-image-preview":"max-image-preview:large","max-video-preview":"max-video-preview:-1"},"canonical":"https:\/\/diarioprincipios.com\/index.php\/2020\/07\/15\/el-27-de-setiembre-comenzaria-el-campeonato-de-futbol-de-primera-division\/","og_locale":"es_ES","og_type":"article","og_title":"El 27 de Setiembre comenzar\u00eda el Campeonato de F\u00fatbol de Primera Divisi\u00f3n - Principios","og_description":"La Liga Profesional de F\u00fatbol (LPF) planea estrenar su competencia oficial de primera divisi\u00f3n el domingo 27 de septiembre, vale decir 10 d\u00edas despu\u00e9s de la fecha en que la Conmebol autoriz\u00f3 a los equipos argentinos a volver a competir en la Copa Libertadores, seg\u00fan un boceto elevado por el organismo que conduce Marcelo Tinelli...","og_url":"https:\/\/diarioprincipios.com\/index.php\/2020\/07\/15\/el-27-de-setiembre-comenzaria-el-campeonato-de-futbol-de-primera-division\/","og_site_name":"Principios","article_published_time":"2020-07-16T00:26:07+00:00","article_modified_time":"2020-07-16T00:26:51+00:00","og_image":[{"width":1000,"height":530,"url":"https:\/\/diarioprincipios.com\/wp-content\/uploads\/2020\/07\/1.jpg","type":"image\/jpeg"}],"author":"Hern\u00e1n L\u00f3pez","twitter_card":"summary_large_image","twitter_misc":{"Escrito por":"Hern\u00e1n L\u00f3pez","Tiempo de lectura":"2 minutos"},"schema":{"@context":"https:\/\/schema.org","@graph":[{"@type":"Article","@id":"https:\/\/diarioprincipios.com\/index.php\/2020\/07\/15\/el-27-de-setiembre-comenzaria-el-campeonato-de-futbol-de-primera-division\/#article","isPartOf":{"@id":"https:\/\/diarioprincipios.com\/index.php\/2020\/07\/15\/el-27-de-setiembre-comenzaria-el-campeonato-de-futbol-de-primera-division\/"},"author":{"name":"Hern\u00e1n L\u00f3pez","@id":"https:\/\/diarioprincipios.com\/#\/schema\/person\/436d5a1fd41a5e250e23ff5a6a7cb080"},"headline":"El 27 de Setiembre comenzar\u00eda el Campeonato de F\u00fatbol de Primera Divisi\u00f3n","datePublished":"2020-07-16T00:26:07+00:00","dateModified":"2020-07-16T00:26:51+00:00","mainEntityOfPage":{"@id":"https:\/\/diarioprincipios.com\/index.php\/2020\/07\/15\/el-27-de-setiembre-comenzaria-el-campeonato-de-futbol-de-primera-division\/"},"wordCount":406,"commentCount":0,"publisher":{"@id":"https:\/\/diarioprincipios.com\/#organization"},"image":{"@id":"https:\/\/diarioprincipios.com\/index.php\/2020\/07\/15\/el-27-de-setiembre-comenzaria-el-campeonato-de-futbol-de-primera-division\/#primaryimage"},"thumbnailUrl":"https:\/\/diarioprincipios.com\/wp-content\/uploads\/2020\/07\/1.jpg","articleSection":["Deportes"],"inLanguage":"es","potentialAction":[{"@type":"CommentAction","name":"Comment","target":["https:\/\/diarioprincipios.com\/index.php\/2020\/07\/15\/el-27-de-setiembre-comenzaria-el-campeonato-de-futbol-de-primera-division\/#respond"]}]},{"@type":"WebPage","@id":"https:\/\/diarioprincipios.com\/index.php\/2020\/07\/15\/el-27-de-setiembre-comenzaria-el-campeonato-de-futbol-de-primera-division\/","url":"https:\/\/diarioprincipios.com\/index.php\/2020\/07\/15\/el-27-de-setiembre-comenzaria-el-campeonato-de-futbol-de-primera-division\/","name":"El 27 de Setiembre comenzar\u00eda el Campeonato de F\u00fatbol de Primera Divisi\u00f3n - Principios","isPartOf":{"@id":"https:\/\/diarioprincipios.com\/#website"},"primaryImageOfPage":{"@id":"https:\/\/diarioprincipios.com\/index.php\/2020\/07\/15\/el-27-de-setiembre-comenzaria-el-campeonato-de-futbol-de-primera-division\/#primaryimage"},"image":{"@id":"https:\/\/diarioprincipios.com\/index.php\/2020\/07\/15\/el-27-de-setiembre-comenzaria-el-campeonato-de-futbol-de-primera-division\/#primaryimage"},"thumbnailUrl":"https:\/\/diarioprincipios.com\/wp-content\/uploads\/2020\/07\/1.jpg","datePublished":"2020-07-16T00:26:07+00:00","dateModified":"2020-07-16T00:26:51+00:00","breadcrumb":{"@id":"https:\/\/diarioprincipios.com\/index.php\/2020\/07\/15\/el-27-de-setiembre-comenzaria-el-campeonato-de-futbol-de-primera-division\/#breadcrumb"},"inLanguage":"es","potentialAction":[{"@type":"ReadAction","target":["https:\/\/diarioprincipios.com\/index.php\/2020\/07\/15\/el-27-de-setiembre-comenzaria-el-campeonato-de-futbol-de-primera-division\/"]}]},{"@type":"ImageObject","inLanguage":"es","@id":"https:\/\/diarioprincipios.com\/index.php\/2020\/07\/15\/el-27-de-setiembre-comenzaria-el-campeonato-de-futbol-de-primera-division\/#primaryimage","url":"https:\/\/diarioprincipios.com\/wp-content\/uploads\/2020\/07\/1.jpg","contentUrl":"https:\/\/diarioprincipios.com\/wp-content\/uploads\/2020\/07\/1.jpg","width":1000,"height":530},{"@type":"BreadcrumbList","@id":"https:\/\/diarioprincipios.com\/index.php\/2020\/07\/15\/el-27-de-setiembre-comenzaria-el-campeonato-de-futbol-de-primera-division\/#breadcrumb","itemListElement":[{"@type":"ListItem","position":1,"name":"Portada","item":"https:\/\/diarioprincipios.com\/"},{"@type":"ListItem","position":2,"name":"El 27 de Setiembre comenzar\u00eda el Campeonato de F\u00fatbol de Primera Divisi\u00f3n"}]},{"@type":"WebSite","@id":"https:\/\/diarioprincipios.com\/#website","url":"https:\/\/diarioprincipios.com\/","name":"Principios","description":"Principios Diario","publisher":{"@id":"https:\/\/diarioprincipios.com\/#organization"},"potentialAction":[{"@type":"SearchAction","target":{"@type":"EntryPoint","urlTemplate":"https:\/\/diarioprincipios.com\/?s={search_term_string}"},"query-input":{"@type":"PropertyValueSpecification","valueRequired":true,"valueName":"search_term_string"}}],"inLanguage":"es"},{"@type":"Organization","@id":"https:\/\/diarioprincipios.com\/#organization","name":"Principios","url":"https:\/\/diarioprincipios.com\/","logo":{"@type":"ImageObject","inLanguage":"es","@id":"https:\/\/diarioprincipios.com\/#\/schema\/logo\/image\/","url":"https:\/\/diarioprincipios.com\/wp-content\/uploads\/2024\/04\/cropped-www.diarioprincipios.com_-1.png","contentUrl":"https:\/\/diarioprincipios.com\/wp-content\/uploads\/2024\/04\/cropped-www.diarioprincipios.com_-1.png","width":5325,"height":1454,"caption":"Principios"},"image":{"@id":"https:\/\/diarioprincipios.com\/#\/schema\/logo\/image\/"}},{"@type":"Person","@id":"https:\/\/diarioprincipios.com\/#\/schema\/person\/436d5a1fd41a5e250e23ff5a6a7cb080","name":"Hern\u00e1n L\u00f3pez","image":{"@type":"ImageObject","inLanguage":"es","@id":"https:\/\/diarioprincipios.com\/wp-content\/litespeed\/avatar\/11ddfe5610ff3bd100522525b2571f48.jpg?ver=1777048341","url":"https:\/\/diarioprincipios.com\/wp-content\/litespeed\/avatar\/11ddfe5610ff3bd100522525b2571f48.jpg?ver=1777048341","contentUrl":"https:\/\/diarioprincipios.com\/wp-content\/litespeed\/avatar\/11ddfe5610ff3bd100522525b2571f48.jpg?ver=1777048341","caption":"Hern\u00e1n L\u00f3pez"},"url":"https:\/\/diarioprincipios.com\/index.php\/author\/hernan\/"}]}},"jetpack_featured_media_url":"https:\/\/diarioprincipios.com\/wp-content\/uploads\/2020\/07\/1.jpg","_links":{"self":[{"href":"https:\/\/diarioprincipios.com\/index.php\/wp-json\/wp\/v2\/posts\/3927","targetHints":{"allow":["GET"]}}],"collection":[{"href":"https:\/\/diarioprincipios.com\/index.php\/wp-json\/wp\/v2\/posts"}],"about":[{"href":"https:\/\/diarioprincipios.com\/index.php\/wp-json\/wp\/v2\/types\/post"}],"author":[{"embeddable":true,"href":"https:\/\/diarioprincipios.com\/index.php\/wp-json\/wp\/v2\/users\/2"}],"replies":[{"embeddable":true,"href":"https:\/\/diarioprincipios.com\/index.php\/wp-json\/wp\/v2\/comments?post=3927"}],"version-history":[{"count":2,"href":"https:\/\/diarioprincipios.com\/index.php\/wp-json\/wp\/v2\/posts\/3927\/revisions"}],"predecessor-version":[{"id":3930,"href":"https:\/\/diarioprincipios.com\/index.php\/wp-json\/wp\/v2\/posts\/3927\/revisions\/3930"}],"wp:featuredmedia":[{"embeddable":true,"href":"https:\/\/diarioprincipios.com\/index.php\/wp-json\/wp\/v2\/media\/3928"}],"wp:attachment":[{"href":"https:\/\/diarioprincipios.com\/index.php\/wp-json\/wp\/v2\/media?parent=3927"}],"wp:term":[{"taxonomy":"category","embeddable":true,"href":"https:\/\/diarioprincipios.com\/index.php\/wp-json\/wp\/v2\/categories?post=3927"},{"taxonomy":"post_tag","embeddable":true,"href":"https:\/\/diarioprincipios.com\/index.php\/wp-json\/wp\/v2\/tags?post=3927"}],"curies":[{"name":"wp","href":"https:\/\/api.w.org\/{rel}","templated":true}]}}