{"id":389,"date":"2020-03-18T20:02:17","date_gmt":"2020-03-18T20:02:17","guid":{"rendered":"http:\/\/diarioprincipios.com\/?p=389"},"modified":"2020-03-18T20:02:19","modified_gmt":"2020-03-18T20:02:19","slug":"evaluan-ampliacion-de-unidad-de-pronta-atencion-en-bernal-oeste","status":"publish","type":"post","link":"https:\/\/diarioprincipios.com\/index.php\/2020\/03\/18\/evaluan-ampliacion-de-unidad-de-pronta-atencion-en-bernal-oeste\/","title":{"rendered":"Evaluan ampliaci\u00f3n de Unidad de Pronta Atenci\u00f3n en Bernal Oeste"},"content":{"rendered":"\n<p>La intendenta de Quilmes, Mayra Mendoza, recibi\u00f3 en la Unidad de Pronta Atenci\u00f3n (UPA) N\u00ba 17 de Quilmes, ubicada en la calle Cabo Sessa al 1400, de Bernal Oeste, al secretario de Obras P\u00fablicas de la Naci\u00f3n, Mart\u00edn Gill y al subsecretario de la cartera nacional, Edgardo Depetri, donde evaluaron la ampliaci\u00f3n del centro de salud en el marco de la pandemia por el coronovirus.<\/p>\n\n\n\n<p>\u201cEstamos abocados a la prevenci\u00f3n y al abordaje de la pandemia del coronavirus. Estamos tomando todas las medidas del caso para evitar la propagaci\u00f3n del virus. En este caso, aqu\u00ed en la UPA N\u00ba 17 de Bernal Oeste, estuvimos con funcionarios Ministerio de Obras P\u00fablicas de la Naci\u00f3n evaluando la posibilidad de poder, en un corto plazo, realizar una ampliaci\u00f3n del centro de salud para tratar la pandemia de coronavirus que hoy estamos atravesando\u201d, asever\u00f3 la Jefa comunal.<\/p>\n\n\n\n<p>Adem\u00e1s, estuvieron presentes en la recorrida el jefe de Gabinete comunal, Alejandro Gandulfo; el secretario de Salud, doctor Jonatan Konfino; la secretaria de Obras P\u00fablicas, Cecilia Soler; el subsecretario del \u00e1rea, Sebasti\u00e1n Garc\u00eda; el titular de la Unidad Ejecutora Especial Temporaria \u201cUnidad de Articulaci\u00f3n Territorial\u201d del Ministerio, Lauro Grande y el director de la UPA N\u00ba 17, el doctor Ariel Sinagra.<\/p>\n","protected":false},"excerpt":{"rendered":"<p>La intendenta de Quilmes, Mayra Mendoza, recibi\u00f3 en la Unidad de Pronta Atenci\u00f3n (UPA) N\u00ba 17 de Quilmes, ubicada en la calle Cabo Sessa al 1400, de Bernal Oeste, al secretario de Obras P\u00fablicas de la Naci\u00f3n, Mart\u00edn Gill y al subsecretario de la cartera nacional, Edgardo Depetri, donde evaluaron la ampliaci\u00f3n del centro de&#8230;<\/p>\n","protected":false},"author":2,"featured_media":390,"comment_status":"open","ping_status":"open","sticky":false,"template":"","format":"standard","meta":{"footnotes":""},"categories":[4],"tags":[],"class_list":["post-389","post","type-post","status-publish","format-standard","has-post-thumbnail","hentry","category-quilmes"],"featured_image_src":"https:\/\/diarioprincipios.com\/wp-content\/uploads\/2020\/03\/IMG-20200318-WA0047-1024x682.jpg","blog_images":{"medium":"https:\/\/diarioprincipios.com\/wp-content\/uploads\/2020\/03\/IMG-20200318-WA0047-300x200.jpg","large":"https:\/\/diarioprincipios.com\/wp-content\/uploads\/2020\/03\/IMG-20200318-WA0047-1024x682.jpg"},"ams_acf":[],"yoast_head":"<!-- This site is optimized with the Yoast SEO plugin v27.3 - https:\/\/yoast.com\/product\/yoast-seo-wordpress\/ -->\n<title>Evaluan ampliaci\u00f3n de Unidad de Pronta Atenci\u00f3n en Bernal Oeste - Principios<\/title>\n<meta name=\"robots\" content=\"index, follow, max-snippet:-1, max-image-preview:large, max-video-preview:-1\" \/>\n<link rel=\"canonical\" href=\"https:\/\/diarioprincipios.com\/index.php\/2020\/03\/18\/evaluan-ampliacion-de-unidad-de-pronta-atencion-en-bernal-oeste\/\" \/>\n<meta property=\"og:locale\" content=\"es_ES\" \/>\n<meta property=\"og:type\" content=\"article\" \/>\n<meta property=\"og:title\" content=\"Evaluan ampliaci\u00f3n de Unidad de Pronta Atenci\u00f3n en Bernal Oeste - Principios\" \/>\n<meta property=\"og:description\" content=\"La intendenta de Quilmes, Mayra Mendoza, recibi\u00f3 en la Unidad de Pronta Atenci\u00f3n (UPA) N\u00ba 17 de Quilmes, ubicada en la calle Cabo Sessa al 1400, de Bernal Oeste, al secretario de Obras P\u00fablicas de la Naci\u00f3n, Mart\u00edn Gill y al subsecretario de la cartera nacional, Edgardo Depetri, donde evaluaron la ampliaci\u00f3n del centro de...\" \/>\n<meta property=\"og:url\" content=\"https:\/\/diarioprincipios.com\/index.php\/2020\/03\/18\/evaluan-ampliacion-de-unidad-de-pronta-atencion-en-bernal-oeste\/\" \/>\n<meta property=\"og:site_name\" content=\"Principios\" \/>\n<meta property=\"article:published_time\" content=\"2020-03-18T20:02:17+00:00\" \/>\n<meta property=\"article:modified_time\" content=\"2020-03-18T20:02:19+00:00\" \/>\n<meta property=\"og:image\" content=\"https:\/\/diarioprincipios.com\/wp-content\/uploads\/2020\/03\/IMG-20200318-WA0047.jpg\" \/>\n\t<meta property=\"og:image:width\" content=\"1280\" \/>\n\t<meta property=\"og:image:height\" content=\"853\" \/>\n\t<meta property=\"og:image:type\" content=\"image\/jpeg\" \/>\n<meta name=\"author\" content=\"Hern\u00e1n L\u00f3pez\" \/>\n<meta name=\"twitter:card\" content=\"summary_large_image\" \/>\n<meta name=\"twitter:label1\" content=\"Escrito por\" \/>\n\t<meta name=\"twitter:data1\" content=\"Hern\u00e1n L\u00f3pez\" \/>\n\t<meta name=\"twitter:label2\" content=\"Tiempo de lectura\" \/>\n\t<meta name=\"twitter:data2\" content=\"1 minuto\" \/>\n<script type=\"application\/ld+json\" class=\"yoast-schema-graph\">{\"@context\":\"https:\\\/\\\/schema.org\",\"@graph\":[{\"@type\":\"Article\",\"@id\":\"https:\\\/\\\/diarioprincipios.com\\\/index.php\\\/2020\\\/03\\\/18\\\/evaluan-ampliacion-de-unidad-de-pronta-atencion-en-bernal-oeste\\\/#article\",\"isPartOf\":{\"@id\":\"https:\\\/\\\/diarioprincipios.com\\\/index.php\\\/2020\\\/03\\\/18\\\/evaluan-ampliacion-de-unidad-de-pronta-atencion-en-bernal-oeste\\\/\"},\"author\":{\"name\":\"Hern\u00e1n L\u00f3pez\",\"@id\":\"https:\\\/\\\/diarioprincipios.com\\\/#\\\/schema\\\/person\\\/436d5a1fd41a5e250e23ff5a6a7cb080\"},\"headline\":\"Evaluan ampliaci\u00f3n de Unidad de Pronta Atenci\u00f3n en Bernal Oeste\",\"datePublished\":\"2020-03-18T20:02:17+00:00\",\"dateModified\":\"2020-03-18T20:02:19+00:00\",\"mainEntityOfPage\":{\"@id\":\"https:\\\/\\\/diarioprincipios.com\\\/index.php\\\/2020\\\/03\\\/18\\\/evaluan-ampliacion-de-unidad-de-pronta-atencion-en-bernal-oeste\\\/\"},\"wordCount\":227,\"commentCount\":0,\"publisher\":{\"@id\":\"https:\\\/\\\/diarioprincipios.com\\\/#organization\"},\"image\":{\"@id\":\"https:\\\/\\\/diarioprincipios.com\\\/index.php\\\/2020\\\/03\\\/18\\\/evaluan-ampliacion-de-unidad-de-pronta-atencion-en-bernal-oeste\\\/#primaryimage\"},\"thumbnailUrl\":\"https:\\\/\\\/diarioprincipios.com\\\/wp-content\\\/uploads\\\/2020\\\/03\\\/IMG-20200318-WA0047.jpg\",\"articleSection\":[\"Quilmes\"],\"inLanguage\":\"es\",\"potentialAction\":[{\"@type\":\"CommentAction\",\"name\":\"Comment\",\"target\":[\"https:\\\/\\\/diarioprincipios.com\\\/index.php\\\/2020\\\/03\\\/18\\\/evaluan-ampliacion-de-unidad-de-pronta-atencion-en-bernal-oeste\\\/#respond\"]}]},{\"@type\":\"WebPage\",\"@id\":\"https:\\\/\\\/diarioprincipios.com\\\/index.php\\\/2020\\\/03\\\/18\\\/evaluan-ampliacion-de-unidad-de-pronta-atencion-en-bernal-oeste\\\/\",\"url\":\"https:\\\/\\\/diarioprincipios.com\\\/index.php\\\/2020\\\/03\\\/18\\\/evaluan-ampliacion-de-unidad-de-pronta-atencion-en-bernal-oeste\\\/\",\"name\":\"Evaluan ampliaci\u00f3n de Unidad de Pronta Atenci\u00f3n en Bernal Oeste - Principios\",\"isPartOf\":{\"@id\":\"https:\\\/\\\/diarioprincipios.com\\\/#website\"},\"primaryImageOfPage\":{\"@id\":\"https:\\\/\\\/diarioprincipios.com\\\/index.php\\\/2020\\\/03\\\/18\\\/evaluan-ampliacion-de-unidad-de-pronta-atencion-en-bernal-oeste\\\/#primaryimage\"},\"image\":{\"@id\":\"https:\\\/\\\/diarioprincipios.com\\\/index.php\\\/2020\\\/03\\\/18\\\/evaluan-ampliacion-de-unidad-de-pronta-atencion-en-bernal-oeste\\\/#primaryimage\"},\"thumbnailUrl\":\"https:\\\/\\\/diarioprincipios.com\\\/wp-content\\\/uploads\\\/2020\\\/03\\\/IMG-20200318-WA0047.jpg\",\"datePublished\":\"2020-03-18T20:02:17+00:00\",\"dateModified\":\"2020-03-18T20:02:19+00:00\",\"breadcrumb\":{\"@id\":\"https:\\\/\\\/diarioprincipios.com\\\/index.php\\\/2020\\\/03\\\/18\\\/evaluan-ampliacion-de-unidad-de-pronta-atencion-en-bernal-oeste\\\/#breadcrumb\"},\"inLanguage\":\"es\",\"potentialAction\":[{\"@type\":\"ReadAction\",\"target\":[\"https:\\\/\\\/diarioprincipios.com\\\/index.php\\\/2020\\\/03\\\/18\\\/evaluan-ampliacion-de-unidad-de-pronta-atencion-en-bernal-oeste\\\/\"]}]},{\"@type\":\"ImageObject\",\"inLanguage\":\"es\",\"@id\":\"https:\\\/\\\/diarioprincipios.com\\\/index.php\\\/2020\\\/03\\\/18\\\/evaluan-ampliacion-de-unidad-de-pronta-atencion-en-bernal-oeste\\\/#primaryimage\",\"url\":\"https:\\\/\\\/diarioprincipios.com\\\/wp-content\\\/uploads\\\/2020\\\/03\\\/IMG-20200318-WA0047.jpg\",\"contentUrl\":\"https:\\\/\\\/diarioprincipios.com\\\/wp-content\\\/uploads\\\/2020\\\/03\\\/IMG-20200318-WA0047.jpg\",\"width\":1280,\"height\":853},{\"@type\":\"BreadcrumbList\",\"@id\":\"https:\\\/\\\/diarioprincipios.com\\\/index.php\\\/2020\\\/03\\\/18\\\/evaluan-ampliacion-de-unidad-de-pronta-atencion-en-bernal-oeste\\\/#breadcrumb\",\"itemListElement\":[{\"@type\":\"ListItem\",\"position\":1,\"name\":\"Portada\",\"item\":\"https:\\\/\\\/diarioprincipios.com\\\/\"},{\"@type\":\"ListItem\",\"position\":2,\"name\":\"Evaluan ampliaci\u00f3n de Unidad de Pronta Atenci\u00f3n en Bernal Oeste\"}]},{\"@type\":\"WebSite\",\"@id\":\"https:\\\/\\\/diarioprincipios.com\\\/#website\",\"url\":\"https:\\\/\\\/diarioprincipios.com\\\/\",\"name\":\"Principios\",\"description\":\"Principios Diario\",\"publisher\":{\"@id\":\"https:\\\/\\\/diarioprincipios.com\\\/#organization\"},\"potentialAction\":[{\"@type\":\"SearchAction\",\"target\":{\"@type\":\"EntryPoint\",\"urlTemplate\":\"https:\\\/\\\/diarioprincipios.com\\\/?s={search_term_string}\"},\"query-input\":{\"@type\":\"PropertyValueSpecification\",\"valueRequired\":true,\"valueName\":\"search_term_string\"}}],\"inLanguage\":\"es\"},{\"@type\":\"Organization\",\"@id\":\"https:\\\/\\\/diarioprincipios.com\\\/#organization\",\"name\":\"Principios\",\"url\":\"https:\\\/\\\/diarioprincipios.com\\\/\",\"logo\":{\"@type\":\"ImageObject\",\"inLanguage\":\"es\",\"@id\":\"https:\\\/\\\/diarioprincipios.com\\\/#\\\/schema\\\/logo\\\/image\\\/\",\"url\":\"https:\\\/\\\/diarioprincipios.com\\\/wp-content\\\/uploads\\\/2024\\\/04\\\/cropped-www.diarioprincipios.com_-1.png\",\"contentUrl\":\"https:\\\/\\\/diarioprincipios.com\\\/wp-content\\\/uploads\\\/2024\\\/04\\\/cropped-www.diarioprincipios.com_-1.png\",\"width\":5325,\"height\":1454,\"caption\":\"Principios\"},\"image\":{\"@id\":\"https:\\\/\\\/diarioprincipios.com\\\/#\\\/schema\\\/logo\\\/image\\\/\"}},{\"@type\":\"Person\",\"@id\":\"https:\\\/\\\/diarioprincipios.com\\\/#\\\/schema\\\/person\\\/436d5a1fd41a5e250e23ff5a6a7cb080\",\"name\":\"Hern\u00e1n L\u00f3pez\",\"image\":{\"@type\":\"ImageObject\",\"inLanguage\":\"es\",\"@id\":\"https:\\\/\\\/diarioprincipios.com\\\/wp-content\\\/litespeed\\\/avatar\\\/11ddfe5610ff3bd100522525b2571f48.jpg?ver=1777048341\",\"url\":\"https:\\\/\\\/diarioprincipios.com\\\/wp-content\\\/litespeed\\\/avatar\\\/11ddfe5610ff3bd100522525b2571f48.jpg?ver=1777048341\",\"contentUrl\":\"https:\\\/\\\/diarioprincipios.com\\\/wp-content\\\/litespeed\\\/avatar\\\/11ddfe5610ff3bd100522525b2571f48.jpg?ver=1777048341\",\"caption\":\"Hern\u00e1n L\u00f3pez\"},\"url\":\"https:\\\/\\\/diarioprincipios.com\\\/index.php\\\/author\\\/hernan\\\/\"}]}<\/script>\n<!-- \/ Yoast SEO plugin. -->","yoast_head_json":{"title":"Evaluan ampliaci\u00f3n de Unidad de Pronta Atenci\u00f3n en Bernal Oeste - Principios","robots":{"index":"index","follow":"follow","max-snippet":"max-snippet:-1","max-image-preview":"max-image-preview:large","max-video-preview":"max-video-preview:-1"},"canonical":"https:\/\/diarioprincipios.com\/index.php\/2020\/03\/18\/evaluan-ampliacion-de-unidad-de-pronta-atencion-en-bernal-oeste\/","og_locale":"es_ES","og_type":"article","og_title":"Evaluan ampliaci\u00f3n de Unidad de Pronta Atenci\u00f3n en Bernal Oeste - Principios","og_description":"La intendenta de Quilmes, Mayra Mendoza, recibi\u00f3 en la Unidad de Pronta Atenci\u00f3n (UPA) N\u00ba 17 de Quilmes, ubicada en la calle Cabo Sessa al 1400, de Bernal Oeste, al secretario de Obras P\u00fablicas de la Naci\u00f3n, Mart\u00edn Gill y al subsecretario de la cartera nacional, Edgardo Depetri, donde evaluaron la ampliaci\u00f3n del centro de...","og_url":"https:\/\/diarioprincipios.com\/index.php\/2020\/03\/18\/evaluan-ampliacion-de-unidad-de-pronta-atencion-en-bernal-oeste\/","og_site_name":"Principios","article_published_time":"2020-03-18T20:02:17+00:00","article_modified_time":"2020-03-18T20:02:19+00:00","og_image":[{"width":1280,"height":853,"url":"https:\/\/diarioprincipios.com\/wp-content\/uploads\/2020\/03\/IMG-20200318-WA0047.jpg","type":"image\/jpeg"}],"author":"Hern\u00e1n L\u00f3pez","twitter_card":"summary_large_image","twitter_misc":{"Escrito por":"Hern\u00e1n L\u00f3pez","Tiempo de lectura":"1 minuto"},"schema":{"@context":"https:\/\/schema.org","@graph":[{"@type":"Article","@id":"https:\/\/diarioprincipios.com\/index.php\/2020\/03\/18\/evaluan-ampliacion-de-unidad-de-pronta-atencion-en-bernal-oeste\/#article","isPartOf":{"@id":"https:\/\/diarioprincipios.com\/index.php\/2020\/03\/18\/evaluan-ampliacion-de-unidad-de-pronta-atencion-en-bernal-oeste\/"},"author":{"name":"Hern\u00e1n L\u00f3pez","@id":"https:\/\/diarioprincipios.com\/#\/schema\/person\/436d5a1fd41a5e250e23ff5a6a7cb080"},"headline":"Evaluan ampliaci\u00f3n de Unidad de Pronta Atenci\u00f3n en Bernal Oeste","datePublished":"2020-03-18T20:02:17+00:00","dateModified":"2020-03-18T20:02:19+00:00","mainEntityOfPage":{"@id":"https:\/\/diarioprincipios.com\/index.php\/2020\/03\/18\/evaluan-ampliacion-de-unidad-de-pronta-atencion-en-bernal-oeste\/"},"wordCount":227,"commentCount":0,"publisher":{"@id":"https:\/\/diarioprincipios.com\/#organization"},"image":{"@id":"https:\/\/diarioprincipios.com\/index.php\/2020\/03\/18\/evaluan-ampliacion-de-unidad-de-pronta-atencion-en-bernal-oeste\/#primaryimage"},"thumbnailUrl":"https:\/\/diarioprincipios.com\/wp-content\/uploads\/2020\/03\/IMG-20200318-WA0047.jpg","articleSection":["Quilmes"],"inLanguage":"es","potentialAction":[{"@type":"CommentAction","name":"Comment","target":["https:\/\/diarioprincipios.com\/index.php\/2020\/03\/18\/evaluan-ampliacion-de-unidad-de-pronta-atencion-en-bernal-oeste\/#respond"]}]},{"@type":"WebPage","@id":"https:\/\/diarioprincipios.com\/index.php\/2020\/03\/18\/evaluan-ampliacion-de-unidad-de-pronta-atencion-en-bernal-oeste\/","url":"https:\/\/diarioprincipios.com\/index.php\/2020\/03\/18\/evaluan-ampliacion-de-unidad-de-pronta-atencion-en-bernal-oeste\/","name":"Evaluan ampliaci\u00f3n de Unidad de Pronta Atenci\u00f3n en Bernal Oeste - Principios","isPartOf":{"@id":"https:\/\/diarioprincipios.com\/#website"},"primaryImageOfPage":{"@id":"https:\/\/diarioprincipios.com\/index.php\/2020\/03\/18\/evaluan-ampliacion-de-unidad-de-pronta-atencion-en-bernal-oeste\/#primaryimage"},"image":{"@id":"https:\/\/diarioprincipios.com\/index.php\/2020\/03\/18\/evaluan-ampliacion-de-unidad-de-pronta-atencion-en-bernal-oeste\/#primaryimage"},"thumbnailUrl":"https:\/\/diarioprincipios.com\/wp-content\/uploads\/2020\/03\/IMG-20200318-WA0047.jpg","datePublished":"2020-03-18T20:02:17+00:00","dateModified":"2020-03-18T20:02:19+00:00","breadcrumb":{"@id":"https:\/\/diarioprincipios.com\/index.php\/2020\/03\/18\/evaluan-ampliacion-de-unidad-de-pronta-atencion-en-bernal-oeste\/#breadcrumb"},"inLanguage":"es","potentialAction":[{"@type":"ReadAction","target":["https:\/\/diarioprincipios.com\/index.php\/2020\/03\/18\/evaluan-ampliacion-de-unidad-de-pronta-atencion-en-bernal-oeste\/"]}]},{"@type":"ImageObject","inLanguage":"es","@id":"https:\/\/diarioprincipios.com\/index.php\/2020\/03\/18\/evaluan-ampliacion-de-unidad-de-pronta-atencion-en-bernal-oeste\/#primaryimage","url":"https:\/\/diarioprincipios.com\/wp-content\/uploads\/2020\/03\/IMG-20200318-WA0047.jpg","contentUrl":"https:\/\/diarioprincipios.com\/wp-content\/uploads\/2020\/03\/IMG-20200318-WA0047.jpg","width":1280,"height":853},{"@type":"BreadcrumbList","@id":"https:\/\/diarioprincipios.com\/index.php\/2020\/03\/18\/evaluan-ampliacion-de-unidad-de-pronta-atencion-en-bernal-oeste\/#breadcrumb","itemListElement":[{"@type":"ListItem","position":1,"name":"Portada","item":"https:\/\/diarioprincipios.com\/"},{"@type":"ListItem","position":2,"name":"Evaluan ampliaci\u00f3n de Unidad de Pronta Atenci\u00f3n en Bernal Oeste"}]},{"@type":"WebSite","@id":"https:\/\/diarioprincipios.com\/#website","url":"https:\/\/diarioprincipios.com\/","name":"Principios","description":"Principios Diario","publisher":{"@id":"https:\/\/diarioprincipios.com\/#organization"},"potentialAction":[{"@type":"SearchAction","target":{"@type":"EntryPoint","urlTemplate":"https:\/\/diarioprincipios.com\/?s={search_term_string}"},"query-input":{"@type":"PropertyValueSpecification","valueRequired":true,"valueName":"search_term_string"}}],"inLanguage":"es"},{"@type":"Organization","@id":"https:\/\/diarioprincipios.com\/#organization","name":"Principios","url":"https:\/\/diarioprincipios.com\/","logo":{"@type":"ImageObject","inLanguage":"es","@id":"https:\/\/diarioprincipios.com\/#\/schema\/logo\/image\/","url":"https:\/\/diarioprincipios.com\/wp-content\/uploads\/2024\/04\/cropped-www.diarioprincipios.com_-1.png","contentUrl":"https:\/\/diarioprincipios.com\/wp-content\/uploads\/2024\/04\/cropped-www.diarioprincipios.com_-1.png","width":5325,"height":1454,"caption":"Principios"},"image":{"@id":"https:\/\/diarioprincipios.com\/#\/schema\/logo\/image\/"}},{"@type":"Person","@id":"https:\/\/diarioprincipios.com\/#\/schema\/person\/436d5a1fd41a5e250e23ff5a6a7cb080","name":"Hern\u00e1n L\u00f3pez","image":{"@type":"ImageObject","inLanguage":"es","@id":"https:\/\/diarioprincipios.com\/wp-content\/litespeed\/avatar\/11ddfe5610ff3bd100522525b2571f48.jpg?ver=1777048341","url":"https:\/\/diarioprincipios.com\/wp-content\/litespeed\/avatar\/11ddfe5610ff3bd100522525b2571f48.jpg?ver=1777048341","contentUrl":"https:\/\/diarioprincipios.com\/wp-content\/litespeed\/avatar\/11ddfe5610ff3bd100522525b2571f48.jpg?ver=1777048341","caption":"Hern\u00e1n L\u00f3pez"},"url":"https:\/\/diarioprincipios.com\/index.php\/author\/hernan\/"}]}},"jetpack_featured_media_url":"https:\/\/diarioprincipios.com\/wp-content\/uploads\/2020\/03\/IMG-20200318-WA0047.jpg","_links":{"self":[{"href":"https:\/\/diarioprincipios.com\/index.php\/wp-json\/wp\/v2\/posts\/389","targetHints":{"allow":["GET"]}}],"collection":[{"href":"https:\/\/diarioprincipios.com\/index.php\/wp-json\/wp\/v2\/posts"}],"about":[{"href":"https:\/\/diarioprincipios.com\/index.php\/wp-json\/wp\/v2\/types\/post"}],"author":[{"embeddable":true,"href":"https:\/\/diarioprincipios.com\/index.php\/wp-json\/wp\/v2\/users\/2"}],"replies":[{"embeddable":true,"href":"https:\/\/diarioprincipios.com\/index.php\/wp-json\/wp\/v2\/comments?post=389"}],"version-history":[{"count":1,"href":"https:\/\/diarioprincipios.com\/index.php\/wp-json\/wp\/v2\/posts\/389\/revisions"}],"predecessor-version":[{"id":391,"href":"https:\/\/diarioprincipios.com\/index.php\/wp-json\/wp\/v2\/posts\/389\/revisions\/391"}],"wp:featuredmedia":[{"embeddable":true,"href":"https:\/\/diarioprincipios.com\/index.php\/wp-json\/wp\/v2\/media\/390"}],"wp:attachment":[{"href":"https:\/\/diarioprincipios.com\/index.php\/wp-json\/wp\/v2\/media?parent=389"}],"wp:term":[{"taxonomy":"category","embeddable":true,"href":"https:\/\/diarioprincipios.com\/index.php\/wp-json\/wp\/v2\/categories?post=389"},{"taxonomy":"post_tag","embeddable":true,"href":"https:\/\/diarioprincipios.com\/index.php\/wp-json\/wp\/v2\/tags?post=389"}],"curies":[{"name":"wp","href":"https:\/\/api.w.org\/{rel}","templated":true}]}}