{"id":3888,"date":"2020-07-14T21:20:24","date_gmt":"2020-07-15T00:20:24","guid":{"rendered":"http:\/\/diarioprincipios.com\/?p=3888"},"modified":"2020-07-14T21:20:28","modified_gmt":"2020-07-15T00:20:28","slug":"invitan-a-los-vecinos-de-berazategui-a-sumarse-a-la-red-de-voluntarios-para-realizar-servicios-comunitarios","status":"publish","type":"post","link":"https:\/\/diarioprincipios.com\/index.php\/2020\/07\/14\/invitan-a-los-vecinos-de-berazategui-a-sumarse-a-la-red-de-voluntarios-para-realizar-servicios-comunitarios\/","title":{"rendered":"Invitan a los vecinos de Berazategui a  sumarse a la Red de Voluntarios para realizar Servicios Comunitarios"},"content":{"rendered":"\n<p><strong>\u00abBerazategui Solidaria\u00bb sigue en marcha en toda la ciudad e invita a los vecinos a donar parte de su tiempo para colaborar en tareas de apoyo log\u00edstico, que implican servicios en organizaciones comunitarias y asistencia en acciones en la v\u00eda p\u00fablica; mantenimiento y reparaci\u00f3n en comedores y merenderos, mediante trabajos de electricidad, pintura y plomer\u00eda; y confecci\u00f3n de tapabocas y prendas de vestir.<\/strong><\/p>\n\n\n\n<p>\u201cEstamos trabajando con varios grupos voluntarios desde hace un tiempo. A medida que se fueron sumando colaboradores y formamos un grupo, arrancamos con las asignaciones de actividades. Uno de los primeros fue el grupo encargado de ayudar con la &#8216;Comunicaci\u00f3n responsable&#8217;; otro se dedic\u00f3 a ayudar en los Centros vacunatorios, otro en la campa\u00f1a \u201cAbrigando Suenos\u201d; y ahora hay un grupo que, mientras todas las actividades contin\u00faan, colabora en las filas de los bancos, brindando una bebida caliente, algo rico, adem\u00e1s de alcohol en gel y acompa\u00f1amiento a la gente que est\u00e1 desde temprano haciendo fila\u201d, explica Salvador Di Meglio, Coordinador del Voluntariado de Berazategui.<\/p>\n\n\n\n<p>Hasta el momento se han sumado alrededor de 70 voluntarios, vecinos y vecinas de diversas localidades de la ciudad. \u201cTambi\u00e9n extendemos la convocatoria para actividades en algunos Puntos Solidarios, especialmente para El Pato\u201d, agrega.<\/p>\n\n\n\n<p>Ante la actual situaci\u00f3n de propagaci\u00f3n del Coronavirus (COVID-19), y de la consecuente medida de aislamiento social, preventivo y obligatorio, es m\u00e1s que nunca necesaria la solidaridad de todos. \u201cTiene que ver con la toma de conciencia sobre la importancia de acompa\u00f1ar en las necesidades mutuas, con una mirada de compromiso solidario. No solo tener la actitud de estar, sino ir y poner el cuerpo; y eso es muy valorable, implica un esfuerzo. Los voluntarios est\u00e1n contentos, se encuentran en su funci\u00f3n, en su rol, comparten sus ideas y hacen propuestas. Esto es muy valorable en esta primera instancia del voluntariado, que propone en este contexto un plus de reconocimiento de parte de los vecinos receptores, por el compromiso y el esfuerzo\u201d.<\/p>\n\n\n\n<p>Las tareas de voluntariado responden a tres ejes: Apoyo log\u00edstico (asistencia a organizaciones comunitarias y acompa\u00f1amiento en filas de bancos), confecci\u00f3n de prendas de abrigo y barbijos, y mantenimiento (trabajos de electricidad, pintura y plomer\u00eda en comedores y merenderos que lo necesiten). Quienes deseen sumarse y participar, deben ingresar a&nbsp;<a rel=\"noreferrer noopener\" target=\"_blank\" href=\"http:\/\/berazategui.gob.ar\/berazateguisolidaria\">berazategui.gob.ar\/berazateguisolidaria<\/a>&nbsp;y completar con sus datos. \u00abEs importante que lean con atenci\u00f3n los puntos a los que se comprometen. Tenemos normas que rigen hoy d\u00eda por protocolo, como ser mayor de 18 a\u00f1os, no ser ni convivir con personas de grupos de riesgo, no presentar alg\u00fan s\u00edntoma compatible con coronavirus ni haber estado vinculado con quien lo haya padecido, y respetar -a la vez- las medidas de higiene y distanciamiento social. Los queremos invitar a que ingresen, conozcan nuestras propuestas y se sumen\u201d, finaliza Di Meglio.<\/p>\n","protected":false},"excerpt":{"rendered":"<p>\u00abBerazategui Solidaria\u00bb sigue en marcha en toda la ciudad e invita a los vecinos a donar parte de su tiempo para colaborar en tareas de apoyo log\u00edstico, que implican servicios en organizaciones comunitarias y asistencia en acciones en la v\u00eda p\u00fablica; mantenimiento y reparaci\u00f3n en comedores y merenderos, mediante trabajos de electricidad, pintura y plomer\u00eda;&#8230;<\/p>\n","protected":false},"author":2,"featured_media":3889,"comment_status":"open","ping_status":"open","sticky":false,"template":"","format":"standard","meta":{"footnotes":""},"categories":[3],"tags":[],"class_list":["post-3888","post","type-post","status-publish","format-standard","has-post-thumbnail","hentry","category-berazategui"],"featured_image_src":"https:\/\/diarioprincipios.com\/wp-content\/uploads\/2020\/07\/INVITAN-A-LOS-VECINOS-DE-BERAZATEGUI-A-SUMARSE-A-LA-RED-DE-VOLUNTARIOS-1-1024x768.jpeg","blog_images":{"medium":"https:\/\/diarioprincipios.com\/wp-content\/uploads\/2020\/07\/INVITAN-A-LOS-VECINOS-DE-BERAZATEGUI-A-SUMARSE-A-LA-RED-DE-VOLUNTARIOS-1-300x225.jpeg","large":"https:\/\/diarioprincipios.com\/wp-content\/uploads\/2020\/07\/INVITAN-A-LOS-VECINOS-DE-BERAZATEGUI-A-SUMARSE-A-LA-RED-DE-VOLUNTARIOS-1-1024x768.jpeg"},"ams_acf":[],"yoast_head":"<!-- This site is optimized with the Yoast SEO plugin v27.3 - https:\/\/yoast.com\/product\/yoast-seo-wordpress\/ -->\n<title>Invitan a los vecinos de Berazategui a sumarse a la Red de Voluntarios para realizar Servicios Comunitarios - Principios<\/title>\n<meta name=\"robots\" content=\"index, follow, max-snippet:-1, max-image-preview:large, max-video-preview:-1\" \/>\n<link rel=\"canonical\" href=\"https:\/\/diarioprincipios.com\/index.php\/2020\/07\/14\/invitan-a-los-vecinos-de-berazategui-a-sumarse-a-la-red-de-voluntarios-para-realizar-servicios-comunitarios\/\" \/>\n<meta property=\"og:locale\" content=\"es_ES\" \/>\n<meta property=\"og:type\" content=\"article\" \/>\n<meta property=\"og:title\" content=\"Invitan a los vecinos de Berazategui a sumarse a la Red de Voluntarios para realizar Servicios Comunitarios - Principios\" \/>\n<meta property=\"og:description\" content=\"\u00abBerazategui Solidaria\u00bb sigue en marcha en toda la ciudad e invita a los vecinos a donar parte de su tiempo para colaborar en tareas de apoyo log\u00edstico, que implican servicios en organizaciones comunitarias y asistencia en acciones en la v\u00eda p\u00fablica; mantenimiento y reparaci\u00f3n en comedores y merenderos, mediante trabajos de electricidad, pintura y plomer\u00eda;...\" \/>\n<meta property=\"og:url\" content=\"https:\/\/diarioprincipios.com\/index.php\/2020\/07\/14\/invitan-a-los-vecinos-de-berazategui-a-sumarse-a-la-red-de-voluntarios-para-realizar-servicios-comunitarios\/\" \/>\n<meta property=\"og:site_name\" content=\"Principios\" \/>\n<meta property=\"article:published_time\" content=\"2020-07-15T00:20:24+00:00\" \/>\n<meta property=\"article:modified_time\" content=\"2020-07-15T00:20:28+00:00\" \/>\n<meta property=\"og:image\" content=\"https:\/\/diarioprincipios.com\/wp-content\/uploads\/2020\/07\/INVITAN-A-LOS-VECINOS-DE-BERAZATEGUI-A-SUMARSE-A-LA-RED-DE-VOLUNTARIOS-1.jpeg\" \/>\n\t<meta property=\"og:image:width\" content=\"1280\" \/>\n\t<meta property=\"og:image:height\" content=\"960\" \/>\n\t<meta property=\"og:image:type\" content=\"image\/jpeg\" \/>\n<meta name=\"author\" content=\"Hern\u00e1n L\u00f3pez\" \/>\n<meta name=\"twitter:card\" content=\"summary_large_image\" \/>\n<meta name=\"twitter:label1\" content=\"Escrito por\" \/>\n\t<meta name=\"twitter:data1\" content=\"Hern\u00e1n L\u00f3pez\" \/>\n\t<meta name=\"twitter:label2\" content=\"Tiempo de lectura\" \/>\n\t<meta name=\"twitter:data2\" content=\"2 minutos\" \/>\n<script type=\"application\/ld+json\" class=\"yoast-schema-graph\">{\"@context\":\"https:\\\/\\\/schema.org\",\"@graph\":[{\"@type\":\"Article\",\"@id\":\"https:\\\/\\\/diarioprincipios.com\\\/index.php\\\/2020\\\/07\\\/14\\\/invitan-a-los-vecinos-de-berazategui-a-sumarse-a-la-red-de-voluntarios-para-realizar-servicios-comunitarios\\\/#article\",\"isPartOf\":{\"@id\":\"https:\\\/\\\/diarioprincipios.com\\\/index.php\\\/2020\\\/07\\\/14\\\/invitan-a-los-vecinos-de-berazategui-a-sumarse-a-la-red-de-voluntarios-para-realizar-servicios-comunitarios\\\/\"},\"author\":{\"name\":\"Hern\u00e1n L\u00f3pez\",\"@id\":\"https:\\\/\\\/diarioprincipios.com\\\/#\\\/schema\\\/person\\\/436d5a1fd41a5e250e23ff5a6a7cb080\"},\"headline\":\"Invitan a los vecinos de Berazategui a sumarse a la Red de Voluntarios para realizar Servicios Comunitarios\",\"datePublished\":\"2020-07-15T00:20:24+00:00\",\"dateModified\":\"2020-07-15T00:20:28+00:00\",\"mainEntityOfPage\":{\"@id\":\"https:\\\/\\\/diarioprincipios.com\\\/index.php\\\/2020\\\/07\\\/14\\\/invitan-a-los-vecinos-de-berazategui-a-sumarse-a-la-red-de-voluntarios-para-realizar-servicios-comunitarios\\\/\"},\"wordCount\":507,\"commentCount\":0,\"publisher\":{\"@id\":\"https:\\\/\\\/diarioprincipios.com\\\/#organization\"},\"image\":{\"@id\":\"https:\\\/\\\/diarioprincipios.com\\\/index.php\\\/2020\\\/07\\\/14\\\/invitan-a-los-vecinos-de-berazategui-a-sumarse-a-la-red-de-voluntarios-para-realizar-servicios-comunitarios\\\/#primaryimage\"},\"thumbnailUrl\":\"https:\\\/\\\/diarioprincipios.com\\\/wp-content\\\/uploads\\\/2020\\\/07\\\/INVITAN-A-LOS-VECINOS-DE-BERAZATEGUI-A-SUMARSE-A-LA-RED-DE-VOLUNTARIOS-1.jpeg\",\"articleSection\":[\"Berazategui\"],\"inLanguage\":\"es\",\"potentialAction\":[{\"@type\":\"CommentAction\",\"name\":\"Comment\",\"target\":[\"https:\\\/\\\/diarioprincipios.com\\\/index.php\\\/2020\\\/07\\\/14\\\/invitan-a-los-vecinos-de-berazategui-a-sumarse-a-la-red-de-voluntarios-para-realizar-servicios-comunitarios\\\/#respond\"]}]},{\"@type\":\"WebPage\",\"@id\":\"https:\\\/\\\/diarioprincipios.com\\\/index.php\\\/2020\\\/07\\\/14\\\/invitan-a-los-vecinos-de-berazategui-a-sumarse-a-la-red-de-voluntarios-para-realizar-servicios-comunitarios\\\/\",\"url\":\"https:\\\/\\\/diarioprincipios.com\\\/index.php\\\/2020\\\/07\\\/14\\\/invitan-a-los-vecinos-de-berazategui-a-sumarse-a-la-red-de-voluntarios-para-realizar-servicios-comunitarios\\\/\",\"name\":\"Invitan a los vecinos de Berazategui a sumarse a la Red de Voluntarios para realizar Servicios Comunitarios - Principios\",\"isPartOf\":{\"@id\":\"https:\\\/\\\/diarioprincipios.com\\\/#website\"},\"primaryImageOfPage\":{\"@id\":\"https:\\\/\\\/diarioprincipios.com\\\/index.php\\\/2020\\\/07\\\/14\\\/invitan-a-los-vecinos-de-berazategui-a-sumarse-a-la-red-de-voluntarios-para-realizar-servicios-comunitarios\\\/#primaryimage\"},\"image\":{\"@id\":\"https:\\\/\\\/diarioprincipios.com\\\/index.php\\\/2020\\\/07\\\/14\\\/invitan-a-los-vecinos-de-berazategui-a-sumarse-a-la-red-de-voluntarios-para-realizar-servicios-comunitarios\\\/#primaryimage\"},\"thumbnailUrl\":\"https:\\\/\\\/diarioprincipios.com\\\/wp-content\\\/uploads\\\/2020\\\/07\\\/INVITAN-A-LOS-VECINOS-DE-BERAZATEGUI-A-SUMARSE-A-LA-RED-DE-VOLUNTARIOS-1.jpeg\",\"datePublished\":\"2020-07-15T00:20:24+00:00\",\"dateModified\":\"2020-07-15T00:20:28+00:00\",\"breadcrumb\":{\"@id\":\"https:\\\/\\\/diarioprincipios.com\\\/index.php\\\/2020\\\/07\\\/14\\\/invitan-a-los-vecinos-de-berazategui-a-sumarse-a-la-red-de-voluntarios-para-realizar-servicios-comunitarios\\\/#breadcrumb\"},\"inLanguage\":\"es\",\"potentialAction\":[{\"@type\":\"ReadAction\",\"target\":[\"https:\\\/\\\/diarioprincipios.com\\\/index.php\\\/2020\\\/07\\\/14\\\/invitan-a-los-vecinos-de-berazategui-a-sumarse-a-la-red-de-voluntarios-para-realizar-servicios-comunitarios\\\/\"]}]},{\"@type\":\"ImageObject\",\"inLanguage\":\"es\",\"@id\":\"https:\\\/\\\/diarioprincipios.com\\\/index.php\\\/2020\\\/07\\\/14\\\/invitan-a-los-vecinos-de-berazategui-a-sumarse-a-la-red-de-voluntarios-para-realizar-servicios-comunitarios\\\/#primaryimage\",\"url\":\"https:\\\/\\\/diarioprincipios.com\\\/wp-content\\\/uploads\\\/2020\\\/07\\\/INVITAN-A-LOS-VECINOS-DE-BERAZATEGUI-A-SUMARSE-A-LA-RED-DE-VOLUNTARIOS-1.jpeg\",\"contentUrl\":\"https:\\\/\\\/diarioprincipios.com\\\/wp-content\\\/uploads\\\/2020\\\/07\\\/INVITAN-A-LOS-VECINOS-DE-BERAZATEGUI-A-SUMARSE-A-LA-RED-DE-VOLUNTARIOS-1.jpeg\",\"width\":1280,\"height\":960},{\"@type\":\"BreadcrumbList\",\"@id\":\"https:\\\/\\\/diarioprincipios.com\\\/index.php\\\/2020\\\/07\\\/14\\\/invitan-a-los-vecinos-de-berazategui-a-sumarse-a-la-red-de-voluntarios-para-realizar-servicios-comunitarios\\\/#breadcrumb\",\"itemListElement\":[{\"@type\":\"ListItem\",\"position\":1,\"name\":\"Portada\",\"item\":\"https:\\\/\\\/diarioprincipios.com\\\/\"},{\"@type\":\"ListItem\",\"position\":2,\"name\":\"Invitan a los vecinos de Berazategui a sumarse a la Red de Voluntarios para realizar Servicios Comunitarios\"}]},{\"@type\":\"WebSite\",\"@id\":\"https:\\\/\\\/diarioprincipios.com\\\/#website\",\"url\":\"https:\\\/\\\/diarioprincipios.com\\\/\",\"name\":\"Principios\",\"description\":\"Principios Diario\",\"publisher\":{\"@id\":\"https:\\\/\\\/diarioprincipios.com\\\/#organization\"},\"potentialAction\":[{\"@type\":\"SearchAction\",\"target\":{\"@type\":\"EntryPoint\",\"urlTemplate\":\"https:\\\/\\\/diarioprincipios.com\\\/?s={search_term_string}\"},\"query-input\":{\"@type\":\"PropertyValueSpecification\",\"valueRequired\":true,\"valueName\":\"search_term_string\"}}],\"inLanguage\":\"es\"},{\"@type\":\"Organization\",\"@id\":\"https:\\\/\\\/diarioprincipios.com\\\/#organization\",\"name\":\"Principios\",\"url\":\"https:\\\/\\\/diarioprincipios.com\\\/\",\"logo\":{\"@type\":\"ImageObject\",\"inLanguage\":\"es\",\"@id\":\"https:\\\/\\\/diarioprincipios.com\\\/#\\\/schema\\\/logo\\\/image\\\/\",\"url\":\"https:\\\/\\\/diarioprincipios.com\\\/wp-content\\\/uploads\\\/2024\\\/04\\\/cropped-www.diarioprincipios.com_-1.png\",\"contentUrl\":\"https:\\\/\\\/diarioprincipios.com\\\/wp-content\\\/uploads\\\/2024\\\/04\\\/cropped-www.diarioprincipios.com_-1.png\",\"width\":5325,\"height\":1454,\"caption\":\"Principios\"},\"image\":{\"@id\":\"https:\\\/\\\/diarioprincipios.com\\\/#\\\/schema\\\/logo\\\/image\\\/\"}},{\"@type\":\"Person\",\"@id\":\"https:\\\/\\\/diarioprincipios.com\\\/#\\\/schema\\\/person\\\/436d5a1fd41a5e250e23ff5a6a7cb080\",\"name\":\"Hern\u00e1n L\u00f3pez\",\"image\":{\"@type\":\"ImageObject\",\"inLanguage\":\"es\",\"@id\":\"https:\\\/\\\/diarioprincipios.com\\\/wp-content\\\/litespeed\\\/avatar\\\/11ddfe5610ff3bd100522525b2571f48.jpg?ver=1777653193\",\"url\":\"https:\\\/\\\/diarioprincipios.com\\\/wp-content\\\/litespeed\\\/avatar\\\/11ddfe5610ff3bd100522525b2571f48.jpg?ver=1777653193\",\"contentUrl\":\"https:\\\/\\\/diarioprincipios.com\\\/wp-content\\\/litespeed\\\/avatar\\\/11ddfe5610ff3bd100522525b2571f48.jpg?ver=1777653193\",\"caption\":\"Hern\u00e1n L\u00f3pez\"},\"url\":\"https:\\\/\\\/diarioprincipios.com\\\/index.php\\\/author\\\/hernan\\\/\"}]}<\/script>\n<!-- \/ Yoast SEO plugin. -->","yoast_head_json":{"title":"Invitan a los vecinos de Berazategui a sumarse a la Red de Voluntarios para realizar Servicios Comunitarios - Principios","robots":{"index":"index","follow":"follow","max-snippet":"max-snippet:-1","max-image-preview":"max-image-preview:large","max-video-preview":"max-video-preview:-1"},"canonical":"https:\/\/diarioprincipios.com\/index.php\/2020\/07\/14\/invitan-a-los-vecinos-de-berazategui-a-sumarse-a-la-red-de-voluntarios-para-realizar-servicios-comunitarios\/","og_locale":"es_ES","og_type":"article","og_title":"Invitan a los vecinos de Berazategui a sumarse a la Red de Voluntarios para realizar Servicios Comunitarios - Principios","og_description":"\u00abBerazategui Solidaria\u00bb sigue en marcha en toda la ciudad e invita a los vecinos a donar parte de su tiempo para colaborar en tareas de apoyo log\u00edstico, que implican servicios en organizaciones comunitarias y asistencia en acciones en la v\u00eda p\u00fablica; mantenimiento y reparaci\u00f3n en comedores y merenderos, mediante trabajos de electricidad, pintura y plomer\u00eda;...","og_url":"https:\/\/diarioprincipios.com\/index.php\/2020\/07\/14\/invitan-a-los-vecinos-de-berazategui-a-sumarse-a-la-red-de-voluntarios-para-realizar-servicios-comunitarios\/","og_site_name":"Principios","article_published_time":"2020-07-15T00:20:24+00:00","article_modified_time":"2020-07-15T00:20:28+00:00","og_image":[{"width":1280,"height":960,"url":"https:\/\/diarioprincipios.com\/wp-content\/uploads\/2020\/07\/INVITAN-A-LOS-VECINOS-DE-BERAZATEGUI-A-SUMARSE-A-LA-RED-DE-VOLUNTARIOS-1.jpeg","type":"image\/jpeg"}],"author":"Hern\u00e1n L\u00f3pez","twitter_card":"summary_large_image","twitter_misc":{"Escrito por":"Hern\u00e1n L\u00f3pez","Tiempo de lectura":"2 minutos"},"schema":{"@context":"https:\/\/schema.org","@graph":[{"@type":"Article","@id":"https:\/\/diarioprincipios.com\/index.php\/2020\/07\/14\/invitan-a-los-vecinos-de-berazategui-a-sumarse-a-la-red-de-voluntarios-para-realizar-servicios-comunitarios\/#article","isPartOf":{"@id":"https:\/\/diarioprincipios.com\/index.php\/2020\/07\/14\/invitan-a-los-vecinos-de-berazategui-a-sumarse-a-la-red-de-voluntarios-para-realizar-servicios-comunitarios\/"},"author":{"name":"Hern\u00e1n L\u00f3pez","@id":"https:\/\/diarioprincipios.com\/#\/schema\/person\/436d5a1fd41a5e250e23ff5a6a7cb080"},"headline":"Invitan a los vecinos de Berazategui a sumarse a la Red de Voluntarios para realizar Servicios Comunitarios","datePublished":"2020-07-15T00:20:24+00:00","dateModified":"2020-07-15T00:20:28+00:00","mainEntityOfPage":{"@id":"https:\/\/diarioprincipios.com\/index.php\/2020\/07\/14\/invitan-a-los-vecinos-de-berazategui-a-sumarse-a-la-red-de-voluntarios-para-realizar-servicios-comunitarios\/"},"wordCount":507,"commentCount":0,"publisher":{"@id":"https:\/\/diarioprincipios.com\/#organization"},"image":{"@id":"https:\/\/diarioprincipios.com\/index.php\/2020\/07\/14\/invitan-a-los-vecinos-de-berazategui-a-sumarse-a-la-red-de-voluntarios-para-realizar-servicios-comunitarios\/#primaryimage"},"thumbnailUrl":"https:\/\/diarioprincipios.com\/wp-content\/uploads\/2020\/07\/INVITAN-A-LOS-VECINOS-DE-BERAZATEGUI-A-SUMARSE-A-LA-RED-DE-VOLUNTARIOS-1.jpeg","articleSection":["Berazategui"],"inLanguage":"es","potentialAction":[{"@type":"CommentAction","name":"Comment","target":["https:\/\/diarioprincipios.com\/index.php\/2020\/07\/14\/invitan-a-los-vecinos-de-berazategui-a-sumarse-a-la-red-de-voluntarios-para-realizar-servicios-comunitarios\/#respond"]}]},{"@type":"WebPage","@id":"https:\/\/diarioprincipios.com\/index.php\/2020\/07\/14\/invitan-a-los-vecinos-de-berazategui-a-sumarse-a-la-red-de-voluntarios-para-realizar-servicios-comunitarios\/","url":"https:\/\/diarioprincipios.com\/index.php\/2020\/07\/14\/invitan-a-los-vecinos-de-berazategui-a-sumarse-a-la-red-de-voluntarios-para-realizar-servicios-comunitarios\/","name":"Invitan a los vecinos de Berazategui a sumarse a la Red de Voluntarios para realizar Servicios Comunitarios - Principios","isPartOf":{"@id":"https:\/\/diarioprincipios.com\/#website"},"primaryImageOfPage":{"@id":"https:\/\/diarioprincipios.com\/index.php\/2020\/07\/14\/invitan-a-los-vecinos-de-berazategui-a-sumarse-a-la-red-de-voluntarios-para-realizar-servicios-comunitarios\/#primaryimage"},"image":{"@id":"https:\/\/diarioprincipios.com\/index.php\/2020\/07\/14\/invitan-a-los-vecinos-de-berazategui-a-sumarse-a-la-red-de-voluntarios-para-realizar-servicios-comunitarios\/#primaryimage"},"thumbnailUrl":"https:\/\/diarioprincipios.com\/wp-content\/uploads\/2020\/07\/INVITAN-A-LOS-VECINOS-DE-BERAZATEGUI-A-SUMARSE-A-LA-RED-DE-VOLUNTARIOS-1.jpeg","datePublished":"2020-07-15T00:20:24+00:00","dateModified":"2020-07-15T00:20:28+00:00","breadcrumb":{"@id":"https:\/\/diarioprincipios.com\/index.php\/2020\/07\/14\/invitan-a-los-vecinos-de-berazategui-a-sumarse-a-la-red-de-voluntarios-para-realizar-servicios-comunitarios\/#breadcrumb"},"inLanguage":"es","potentialAction":[{"@type":"ReadAction","target":["https:\/\/diarioprincipios.com\/index.php\/2020\/07\/14\/invitan-a-los-vecinos-de-berazategui-a-sumarse-a-la-red-de-voluntarios-para-realizar-servicios-comunitarios\/"]}]},{"@type":"ImageObject","inLanguage":"es","@id":"https:\/\/diarioprincipios.com\/index.php\/2020\/07\/14\/invitan-a-los-vecinos-de-berazategui-a-sumarse-a-la-red-de-voluntarios-para-realizar-servicios-comunitarios\/#primaryimage","url":"https:\/\/diarioprincipios.com\/wp-content\/uploads\/2020\/07\/INVITAN-A-LOS-VECINOS-DE-BERAZATEGUI-A-SUMARSE-A-LA-RED-DE-VOLUNTARIOS-1.jpeg","contentUrl":"https:\/\/diarioprincipios.com\/wp-content\/uploads\/2020\/07\/INVITAN-A-LOS-VECINOS-DE-BERAZATEGUI-A-SUMARSE-A-LA-RED-DE-VOLUNTARIOS-1.jpeg","width":1280,"height":960},{"@type":"BreadcrumbList","@id":"https:\/\/diarioprincipios.com\/index.php\/2020\/07\/14\/invitan-a-los-vecinos-de-berazategui-a-sumarse-a-la-red-de-voluntarios-para-realizar-servicios-comunitarios\/#breadcrumb","itemListElement":[{"@type":"ListItem","position":1,"name":"Portada","item":"https:\/\/diarioprincipios.com\/"},{"@type":"ListItem","position":2,"name":"Invitan a los vecinos de Berazategui a sumarse a la Red de Voluntarios para realizar Servicios Comunitarios"}]},{"@type":"WebSite","@id":"https:\/\/diarioprincipios.com\/#website","url":"https:\/\/diarioprincipios.com\/","name":"Principios","description":"Principios Diario","publisher":{"@id":"https:\/\/diarioprincipios.com\/#organization"},"potentialAction":[{"@type":"SearchAction","target":{"@type":"EntryPoint","urlTemplate":"https:\/\/diarioprincipios.com\/?s={search_term_string}"},"query-input":{"@type":"PropertyValueSpecification","valueRequired":true,"valueName":"search_term_string"}}],"inLanguage":"es"},{"@type":"Organization","@id":"https:\/\/diarioprincipios.com\/#organization","name":"Principios","url":"https:\/\/diarioprincipios.com\/","logo":{"@type":"ImageObject","inLanguage":"es","@id":"https:\/\/diarioprincipios.com\/#\/schema\/logo\/image\/","url":"https:\/\/diarioprincipios.com\/wp-content\/uploads\/2024\/04\/cropped-www.diarioprincipios.com_-1.png","contentUrl":"https:\/\/diarioprincipios.com\/wp-content\/uploads\/2024\/04\/cropped-www.diarioprincipios.com_-1.png","width":5325,"height":1454,"caption":"Principios"},"image":{"@id":"https:\/\/diarioprincipios.com\/#\/schema\/logo\/image\/"}},{"@type":"Person","@id":"https:\/\/diarioprincipios.com\/#\/schema\/person\/436d5a1fd41a5e250e23ff5a6a7cb080","name":"Hern\u00e1n L\u00f3pez","image":{"@type":"ImageObject","inLanguage":"es","@id":"https:\/\/diarioprincipios.com\/wp-content\/litespeed\/avatar\/11ddfe5610ff3bd100522525b2571f48.jpg?ver=1777653193","url":"https:\/\/diarioprincipios.com\/wp-content\/litespeed\/avatar\/11ddfe5610ff3bd100522525b2571f48.jpg?ver=1777653193","contentUrl":"https:\/\/diarioprincipios.com\/wp-content\/litespeed\/avatar\/11ddfe5610ff3bd100522525b2571f48.jpg?ver=1777653193","caption":"Hern\u00e1n L\u00f3pez"},"url":"https:\/\/diarioprincipios.com\/index.php\/author\/hernan\/"}]}},"jetpack_featured_media_url":"https:\/\/diarioprincipios.com\/wp-content\/uploads\/2020\/07\/INVITAN-A-LOS-VECINOS-DE-BERAZATEGUI-A-SUMARSE-A-LA-RED-DE-VOLUNTARIOS-1.jpeg","_links":{"self":[{"href":"https:\/\/diarioprincipios.com\/index.php\/wp-json\/wp\/v2\/posts\/3888","targetHints":{"allow":["GET"]}}],"collection":[{"href":"https:\/\/diarioprincipios.com\/index.php\/wp-json\/wp\/v2\/posts"}],"about":[{"href":"https:\/\/diarioprincipios.com\/index.php\/wp-json\/wp\/v2\/types\/post"}],"author":[{"embeddable":true,"href":"https:\/\/diarioprincipios.com\/index.php\/wp-json\/wp\/v2\/users\/2"}],"replies":[{"embeddable":true,"href":"https:\/\/diarioprincipios.com\/index.php\/wp-json\/wp\/v2\/comments?post=3888"}],"version-history":[{"count":1,"href":"https:\/\/diarioprincipios.com\/index.php\/wp-json\/wp\/v2\/posts\/3888\/revisions"}],"predecessor-version":[{"id":3890,"href":"https:\/\/diarioprincipios.com\/index.php\/wp-json\/wp\/v2\/posts\/3888\/revisions\/3890"}],"wp:featuredmedia":[{"embeddable":true,"href":"https:\/\/diarioprincipios.com\/index.php\/wp-json\/wp\/v2\/media\/3889"}],"wp:attachment":[{"href":"https:\/\/diarioprincipios.com\/index.php\/wp-json\/wp\/v2\/media?parent=3888"}],"wp:term":[{"taxonomy":"category","embeddable":true,"href":"https:\/\/diarioprincipios.com\/index.php\/wp-json\/wp\/v2\/categories?post=3888"},{"taxonomy":"post_tag","embeddable":true,"href":"https:\/\/diarioprincipios.com\/index.php\/wp-json\/wp\/v2\/tags?post=3888"}],"curies":[{"name":"wp","href":"https:\/\/api.w.org\/{rel}","templated":true}]}}