{"id":3876,"date":"2020-07-14T12:39:19","date_gmt":"2020-07-14T15:39:19","guid":{"rendered":"http:\/\/diarioprincipios.com\/?p=3876"},"modified":"2020-07-14T12:47:52","modified_gmt":"2020-07-14T15:47:52","slug":"berazategui-informa-sobre-la-nueva-ley-de-alquilres-que-aprobo-el-congreso","status":"publish","type":"post","link":"https:\/\/diarioprincipios.com\/index.php\/2020\/07\/14\/berazategui-informa-sobre-la-nueva-ley-de-alquilres-que-aprobo-el-congreso\/","title":{"rendered":"Berazategui informa sobre la Nueva Ley de Alquilres que aprob\u00f3 el Congreso Nacional"},"content":{"rendered":"\n<p><strong>La Municipalidad de Berazategui, pionera en crear la primera y \u00fanica Oficina de Control Inmobiliario Municipal del pa\u00eds que asesora de forma gratuita a los inquilinos del partido y defiende sus derechos, considera de vital importancia acercar a los vecinos informaci\u00f3n esencial sobre la nueva Ley de Alquileres, que genera cambios en el C\u00f3digo Civil y Comercial de la Naci\u00f3n, y define reglas para los contratos de locaci\u00f3n.<br><\/strong><br>La nueva ley se traduce en los siguientes beneficios:<\/p>\n\n\n\n<p>1. Se deja de aplicar el aumento semestral y la fijaci\u00f3n del precio.<\/p>\n\n\n\n<p>2. El inquilino no pagar\u00e1 las expensas extraordinarias.<\/p>\n\n\n\n<p>3. Se extender\u00e1 el plazo m\u00ednimo del contrato de alquiler a tres a\u00f1os, para tener mayor estabilidad.<\/p>\n\n\n\n<p>4. Se generar\u00e1 un blanqueamiento de todo el mercado inmobiliario. Deber\u00e1n registrarse todos los contratos en la AFIP, con el prop\u00f3sito de que se respeten los derechos de ambas partes.<\/p>\n\n\n\n<p>5. Solo ser\u00e1 necesario abonar un mes de dep\u00f3sito por los tres a\u00f1os de alquiler.<\/p>\n\n\n\n<p>6. Se podr\u00e1n hacer arreglos en el inmueble y descontarlos del pago del alquiler, en los casos en los que el propietario, una vez avisado de los problemas, no los haga.<\/p>\n\n\n\n<p>7. Los inquilinos no abonar\u00e1n las tasas e impuestos (ABL, ARBA, etc). Todo impuesto que grave el inmueble, le corresponde al propietario.<\/p>\n\n\n\n<p>8. Tres meses antes de que caduque el contrato, se deber\u00e1 definir si \u00e9ste se renueva y en qu\u00e9 condiciones.<\/p>\n\n\n\n<p>9. Se crear\u00e1n Organismos de control y defensa de los derechos de los inquilinos en todo el pa\u00eds.<\/p>\n\n\n\n<p>La nueva ley establece que los ajustes ser\u00e1n anuales, a trav\u00e9s de un \u00edndice que contemple en partes iguales la evoluci\u00f3n de inflaci\u00f3n y los salarios. Es decir que los ajustes se realizar\u00e1n en base a criterios objetivos y ya no subjetivos.<\/p>\n\n\n\n<p>Esta regularizaci\u00f3n, sumada a la extensi\u00f3n m\u00ednima de los contratos a tres a\u00f1os, contribuir\u00e1 a generar una mayor estabilidad en el valor de los alquileres.<\/p>\n\n\n\n<p>Otra de las nuevas regularizaciones que plantea la ley es la obligatoriedad de registrar los contratos ante la AFIP. Esto permitir\u00e1 a los inquilinos realizar la deducci\u00f3n para el pago del impuesto a las ganancias, dado que hasta el momento pocos pod\u00edan hacerlo, por el alto grado de informalidad con que accionaba el sector.<\/p>\n\n\n\n<p>Esta medida trae aparejado el requisito de disponer de domicilio electr\u00f3nico como medio de comunicaci\u00f3n entre las partes implicadas.<\/p>\n\n\n\n<p>Esta ley rige desde el 1\u00b0 de julio de 2020, cuando fue reglamentada y publicada en el Bolet\u00edn Oficial.<\/p>\n","protected":false},"excerpt":{"rendered":"<p>La Municipalidad de Berazategui, pionera en crear la primera y \u00fanica Oficina de Control Inmobiliario Municipal del pa\u00eds que asesora de forma gratuita a los inquilinos del partido y defiende sus derechos, considera de vital importancia acercar a los vecinos informaci\u00f3n esencial sobre la nueva Ley de Alquileres, que genera cambios en el C\u00f3digo Civil&#8230;<\/p>\n","protected":false},"author":2,"featured_media":3880,"comment_status":"open","ping_status":"open","sticky":false,"template":"","format":"standard","meta":{"footnotes":""},"categories":[3],"tags":[],"class_list":["post-3876","post","type-post","status-publish","format-standard","has-post-thumbnail","hentry","category-berazategui"],"featured_image_src":"https:\/\/diarioprincipios.com\/wp-content\/uploads\/2020\/07\/1479955817D-1024x768.jpg","blog_images":{"medium":"https:\/\/diarioprincipios.com\/wp-content\/uploads\/2020\/07\/1479955817D-300x225.jpg","large":"https:\/\/diarioprincipios.com\/wp-content\/uploads\/2020\/07\/1479955817D-1024x768.jpg"},"ams_acf":[],"yoast_head":"<!-- This site is optimized with the Yoast SEO plugin v27.3 - https:\/\/yoast.com\/product\/yoast-seo-wordpress\/ -->\n<title>Berazategui informa sobre la Nueva Ley de Alquilres que aprob\u00f3 el Congreso Nacional - Principios<\/title>\n<meta name=\"robots\" content=\"index, follow, max-snippet:-1, max-image-preview:large, max-video-preview:-1\" \/>\n<link rel=\"canonical\" href=\"https:\/\/diarioprincipios.com\/index.php\/2020\/07\/14\/berazategui-informa-sobre-la-nueva-ley-de-alquilres-que-aprobo-el-congreso\/\" \/>\n<meta property=\"og:locale\" content=\"es_ES\" \/>\n<meta property=\"og:type\" content=\"article\" \/>\n<meta property=\"og:title\" content=\"Berazategui informa sobre la Nueva Ley de Alquilres que aprob\u00f3 el Congreso Nacional - Principios\" \/>\n<meta property=\"og:description\" content=\"La Municipalidad de Berazategui, pionera en crear la primera y \u00fanica Oficina de Control Inmobiliario Municipal del pa\u00eds que asesora de forma gratuita a los inquilinos del partido y defiende sus derechos, considera de vital importancia acercar a los vecinos informaci\u00f3n esencial sobre la nueva Ley de Alquileres, que genera cambios en el C\u00f3digo Civil...\" \/>\n<meta property=\"og:url\" content=\"https:\/\/diarioprincipios.com\/index.php\/2020\/07\/14\/berazategui-informa-sobre-la-nueva-ley-de-alquilres-que-aprobo-el-congreso\/\" \/>\n<meta property=\"og:site_name\" content=\"Principios\" \/>\n<meta property=\"article:published_time\" content=\"2020-07-14T15:39:19+00:00\" \/>\n<meta property=\"article:modified_time\" content=\"2020-07-14T15:47:52+00:00\" \/>\n<meta property=\"og:image\" content=\"https:\/\/diarioprincipios.com\/wp-content\/uploads\/2020\/07\/1479955817D.jpg\" \/>\n\t<meta property=\"og:image:width\" content=\"1280\" \/>\n\t<meta property=\"og:image:height\" content=\"960\" \/>\n\t<meta property=\"og:image:type\" content=\"image\/jpeg\" \/>\n<meta name=\"author\" content=\"Hern\u00e1n L\u00f3pez\" \/>\n<meta name=\"twitter:card\" content=\"summary_large_image\" \/>\n<meta name=\"twitter:label1\" content=\"Escrito por\" \/>\n\t<meta name=\"twitter:data1\" content=\"Hern\u00e1n L\u00f3pez\" \/>\n\t<meta name=\"twitter:label2\" content=\"Tiempo de lectura\" \/>\n\t<meta name=\"twitter:data2\" content=\"2 minutos\" \/>\n<script type=\"application\/ld+json\" class=\"yoast-schema-graph\">{\"@context\":\"https:\\\/\\\/schema.org\",\"@graph\":[{\"@type\":\"Article\",\"@id\":\"https:\\\/\\\/diarioprincipios.com\\\/index.php\\\/2020\\\/07\\\/14\\\/berazategui-informa-sobre-la-nueva-ley-de-alquilres-que-aprobo-el-congreso\\\/#article\",\"isPartOf\":{\"@id\":\"https:\\\/\\\/diarioprincipios.com\\\/index.php\\\/2020\\\/07\\\/14\\\/berazategui-informa-sobre-la-nueva-ley-de-alquilres-que-aprobo-el-congreso\\\/\"},\"author\":{\"name\":\"Hern\u00e1n L\u00f3pez\",\"@id\":\"https:\\\/\\\/diarioprincipios.com\\\/#\\\/schema\\\/person\\\/436d5a1fd41a5e250e23ff5a6a7cb080\"},\"headline\":\"Berazategui informa sobre la Nueva Ley de Alquilres que aprob\u00f3 el Congreso Nacional\",\"datePublished\":\"2020-07-14T15:39:19+00:00\",\"dateModified\":\"2020-07-14T15:47:52+00:00\",\"mainEntityOfPage\":{\"@id\":\"https:\\\/\\\/diarioprincipios.com\\\/index.php\\\/2020\\\/07\\\/14\\\/berazategui-informa-sobre-la-nueva-ley-de-alquilres-que-aprobo-el-congreso\\\/\"},\"wordCount\":442,\"commentCount\":0,\"publisher\":{\"@id\":\"https:\\\/\\\/diarioprincipios.com\\\/#organization\"},\"image\":{\"@id\":\"https:\\\/\\\/diarioprincipios.com\\\/index.php\\\/2020\\\/07\\\/14\\\/berazategui-informa-sobre-la-nueva-ley-de-alquilres-que-aprobo-el-congreso\\\/#primaryimage\"},\"thumbnailUrl\":\"https:\\\/\\\/diarioprincipios.com\\\/wp-content\\\/uploads\\\/2020\\\/07\\\/1479955817D.jpg\",\"articleSection\":[\"Berazategui\"],\"inLanguage\":\"es\",\"potentialAction\":[{\"@type\":\"CommentAction\",\"name\":\"Comment\",\"target\":[\"https:\\\/\\\/diarioprincipios.com\\\/index.php\\\/2020\\\/07\\\/14\\\/berazategui-informa-sobre-la-nueva-ley-de-alquilres-que-aprobo-el-congreso\\\/#respond\"]}]},{\"@type\":\"WebPage\",\"@id\":\"https:\\\/\\\/diarioprincipios.com\\\/index.php\\\/2020\\\/07\\\/14\\\/berazategui-informa-sobre-la-nueva-ley-de-alquilres-que-aprobo-el-congreso\\\/\",\"url\":\"https:\\\/\\\/diarioprincipios.com\\\/index.php\\\/2020\\\/07\\\/14\\\/berazategui-informa-sobre-la-nueva-ley-de-alquilres-que-aprobo-el-congreso\\\/\",\"name\":\"Berazategui informa sobre la Nueva Ley de Alquilres que aprob\u00f3 el Congreso Nacional - Principios\",\"isPartOf\":{\"@id\":\"https:\\\/\\\/diarioprincipios.com\\\/#website\"},\"primaryImageOfPage\":{\"@id\":\"https:\\\/\\\/diarioprincipios.com\\\/index.php\\\/2020\\\/07\\\/14\\\/berazategui-informa-sobre-la-nueva-ley-de-alquilres-que-aprobo-el-congreso\\\/#primaryimage\"},\"image\":{\"@id\":\"https:\\\/\\\/diarioprincipios.com\\\/index.php\\\/2020\\\/07\\\/14\\\/berazategui-informa-sobre-la-nueva-ley-de-alquilres-que-aprobo-el-congreso\\\/#primaryimage\"},\"thumbnailUrl\":\"https:\\\/\\\/diarioprincipios.com\\\/wp-content\\\/uploads\\\/2020\\\/07\\\/1479955817D.jpg\",\"datePublished\":\"2020-07-14T15:39:19+00:00\",\"dateModified\":\"2020-07-14T15:47:52+00:00\",\"breadcrumb\":{\"@id\":\"https:\\\/\\\/diarioprincipios.com\\\/index.php\\\/2020\\\/07\\\/14\\\/berazategui-informa-sobre-la-nueva-ley-de-alquilres-que-aprobo-el-congreso\\\/#breadcrumb\"},\"inLanguage\":\"es\",\"potentialAction\":[{\"@type\":\"ReadAction\",\"target\":[\"https:\\\/\\\/diarioprincipios.com\\\/index.php\\\/2020\\\/07\\\/14\\\/berazategui-informa-sobre-la-nueva-ley-de-alquilres-que-aprobo-el-congreso\\\/\"]}]},{\"@type\":\"ImageObject\",\"inLanguage\":\"es\",\"@id\":\"https:\\\/\\\/diarioprincipios.com\\\/index.php\\\/2020\\\/07\\\/14\\\/berazategui-informa-sobre-la-nueva-ley-de-alquilres-que-aprobo-el-congreso\\\/#primaryimage\",\"url\":\"https:\\\/\\\/diarioprincipios.com\\\/wp-content\\\/uploads\\\/2020\\\/07\\\/1479955817D.jpg\",\"contentUrl\":\"https:\\\/\\\/diarioprincipios.com\\\/wp-content\\\/uploads\\\/2020\\\/07\\\/1479955817D.jpg\",\"width\":1280,\"height\":960},{\"@type\":\"BreadcrumbList\",\"@id\":\"https:\\\/\\\/diarioprincipios.com\\\/index.php\\\/2020\\\/07\\\/14\\\/berazategui-informa-sobre-la-nueva-ley-de-alquilres-que-aprobo-el-congreso\\\/#breadcrumb\",\"itemListElement\":[{\"@type\":\"ListItem\",\"position\":1,\"name\":\"Portada\",\"item\":\"https:\\\/\\\/diarioprincipios.com\\\/\"},{\"@type\":\"ListItem\",\"position\":2,\"name\":\"Berazategui informa sobre la Nueva Ley de Alquilres que aprob\u00f3 el Congreso Nacional\"}]},{\"@type\":\"WebSite\",\"@id\":\"https:\\\/\\\/diarioprincipios.com\\\/#website\",\"url\":\"https:\\\/\\\/diarioprincipios.com\\\/\",\"name\":\"Principios\",\"description\":\"Principios Diario\",\"publisher\":{\"@id\":\"https:\\\/\\\/diarioprincipios.com\\\/#organization\"},\"potentialAction\":[{\"@type\":\"SearchAction\",\"target\":{\"@type\":\"EntryPoint\",\"urlTemplate\":\"https:\\\/\\\/diarioprincipios.com\\\/?s={search_term_string}\"},\"query-input\":{\"@type\":\"PropertyValueSpecification\",\"valueRequired\":true,\"valueName\":\"search_term_string\"}}],\"inLanguage\":\"es\"},{\"@type\":\"Organization\",\"@id\":\"https:\\\/\\\/diarioprincipios.com\\\/#organization\",\"name\":\"Principios\",\"url\":\"https:\\\/\\\/diarioprincipios.com\\\/\",\"logo\":{\"@type\":\"ImageObject\",\"inLanguage\":\"es\",\"@id\":\"https:\\\/\\\/diarioprincipios.com\\\/#\\\/schema\\\/logo\\\/image\\\/\",\"url\":\"https:\\\/\\\/diarioprincipios.com\\\/wp-content\\\/uploads\\\/2024\\\/04\\\/cropped-www.diarioprincipios.com_-1.png\",\"contentUrl\":\"https:\\\/\\\/diarioprincipios.com\\\/wp-content\\\/uploads\\\/2024\\\/04\\\/cropped-www.diarioprincipios.com_-1.png\",\"width\":5325,\"height\":1454,\"caption\":\"Principios\"},\"image\":{\"@id\":\"https:\\\/\\\/diarioprincipios.com\\\/#\\\/schema\\\/logo\\\/image\\\/\"}},{\"@type\":\"Person\",\"@id\":\"https:\\\/\\\/diarioprincipios.com\\\/#\\\/schema\\\/person\\\/436d5a1fd41a5e250e23ff5a6a7cb080\",\"name\":\"Hern\u00e1n L\u00f3pez\",\"image\":{\"@type\":\"ImageObject\",\"inLanguage\":\"es\",\"@id\":\"https:\\\/\\\/diarioprincipios.com\\\/wp-content\\\/litespeed\\\/avatar\\\/11ddfe5610ff3bd100522525b2571f48.jpg?ver=1777653193\",\"url\":\"https:\\\/\\\/diarioprincipios.com\\\/wp-content\\\/litespeed\\\/avatar\\\/11ddfe5610ff3bd100522525b2571f48.jpg?ver=1777653193\",\"contentUrl\":\"https:\\\/\\\/diarioprincipios.com\\\/wp-content\\\/litespeed\\\/avatar\\\/11ddfe5610ff3bd100522525b2571f48.jpg?ver=1777653193\",\"caption\":\"Hern\u00e1n L\u00f3pez\"},\"url\":\"https:\\\/\\\/diarioprincipios.com\\\/index.php\\\/author\\\/hernan\\\/\"}]}<\/script>\n<!-- \/ Yoast SEO plugin. -->","yoast_head_json":{"title":"Berazategui informa sobre la Nueva Ley de Alquilres que aprob\u00f3 el Congreso Nacional - Principios","robots":{"index":"index","follow":"follow","max-snippet":"max-snippet:-1","max-image-preview":"max-image-preview:large","max-video-preview":"max-video-preview:-1"},"canonical":"https:\/\/diarioprincipios.com\/index.php\/2020\/07\/14\/berazategui-informa-sobre-la-nueva-ley-de-alquilres-que-aprobo-el-congreso\/","og_locale":"es_ES","og_type":"article","og_title":"Berazategui informa sobre la Nueva Ley de Alquilres que aprob\u00f3 el Congreso Nacional - Principios","og_description":"La Municipalidad de Berazategui, pionera en crear la primera y \u00fanica Oficina de Control Inmobiliario Municipal del pa\u00eds que asesora de forma gratuita a los inquilinos del partido y defiende sus derechos, considera de vital importancia acercar a los vecinos informaci\u00f3n esencial sobre la nueva Ley de Alquileres, que genera cambios en el C\u00f3digo Civil...","og_url":"https:\/\/diarioprincipios.com\/index.php\/2020\/07\/14\/berazategui-informa-sobre-la-nueva-ley-de-alquilres-que-aprobo-el-congreso\/","og_site_name":"Principios","article_published_time":"2020-07-14T15:39:19+00:00","article_modified_time":"2020-07-14T15:47:52+00:00","og_image":[{"width":1280,"height":960,"url":"https:\/\/diarioprincipios.com\/wp-content\/uploads\/2020\/07\/1479955817D.jpg","type":"image\/jpeg"}],"author":"Hern\u00e1n L\u00f3pez","twitter_card":"summary_large_image","twitter_misc":{"Escrito por":"Hern\u00e1n L\u00f3pez","Tiempo de lectura":"2 minutos"},"schema":{"@context":"https:\/\/schema.org","@graph":[{"@type":"Article","@id":"https:\/\/diarioprincipios.com\/index.php\/2020\/07\/14\/berazategui-informa-sobre-la-nueva-ley-de-alquilres-que-aprobo-el-congreso\/#article","isPartOf":{"@id":"https:\/\/diarioprincipios.com\/index.php\/2020\/07\/14\/berazategui-informa-sobre-la-nueva-ley-de-alquilres-que-aprobo-el-congreso\/"},"author":{"name":"Hern\u00e1n L\u00f3pez","@id":"https:\/\/diarioprincipios.com\/#\/schema\/person\/436d5a1fd41a5e250e23ff5a6a7cb080"},"headline":"Berazategui informa sobre la Nueva Ley de Alquilres que aprob\u00f3 el Congreso Nacional","datePublished":"2020-07-14T15:39:19+00:00","dateModified":"2020-07-14T15:47:52+00:00","mainEntityOfPage":{"@id":"https:\/\/diarioprincipios.com\/index.php\/2020\/07\/14\/berazategui-informa-sobre-la-nueva-ley-de-alquilres-que-aprobo-el-congreso\/"},"wordCount":442,"commentCount":0,"publisher":{"@id":"https:\/\/diarioprincipios.com\/#organization"},"image":{"@id":"https:\/\/diarioprincipios.com\/index.php\/2020\/07\/14\/berazategui-informa-sobre-la-nueva-ley-de-alquilres-que-aprobo-el-congreso\/#primaryimage"},"thumbnailUrl":"https:\/\/diarioprincipios.com\/wp-content\/uploads\/2020\/07\/1479955817D.jpg","articleSection":["Berazategui"],"inLanguage":"es","potentialAction":[{"@type":"CommentAction","name":"Comment","target":["https:\/\/diarioprincipios.com\/index.php\/2020\/07\/14\/berazategui-informa-sobre-la-nueva-ley-de-alquilres-que-aprobo-el-congreso\/#respond"]}]},{"@type":"WebPage","@id":"https:\/\/diarioprincipios.com\/index.php\/2020\/07\/14\/berazategui-informa-sobre-la-nueva-ley-de-alquilres-que-aprobo-el-congreso\/","url":"https:\/\/diarioprincipios.com\/index.php\/2020\/07\/14\/berazategui-informa-sobre-la-nueva-ley-de-alquilres-que-aprobo-el-congreso\/","name":"Berazategui informa sobre la Nueva Ley de Alquilres que aprob\u00f3 el Congreso Nacional - Principios","isPartOf":{"@id":"https:\/\/diarioprincipios.com\/#website"},"primaryImageOfPage":{"@id":"https:\/\/diarioprincipios.com\/index.php\/2020\/07\/14\/berazategui-informa-sobre-la-nueva-ley-de-alquilres-que-aprobo-el-congreso\/#primaryimage"},"image":{"@id":"https:\/\/diarioprincipios.com\/index.php\/2020\/07\/14\/berazategui-informa-sobre-la-nueva-ley-de-alquilres-que-aprobo-el-congreso\/#primaryimage"},"thumbnailUrl":"https:\/\/diarioprincipios.com\/wp-content\/uploads\/2020\/07\/1479955817D.jpg","datePublished":"2020-07-14T15:39:19+00:00","dateModified":"2020-07-14T15:47:52+00:00","breadcrumb":{"@id":"https:\/\/diarioprincipios.com\/index.php\/2020\/07\/14\/berazategui-informa-sobre-la-nueva-ley-de-alquilres-que-aprobo-el-congreso\/#breadcrumb"},"inLanguage":"es","potentialAction":[{"@type":"ReadAction","target":["https:\/\/diarioprincipios.com\/index.php\/2020\/07\/14\/berazategui-informa-sobre-la-nueva-ley-de-alquilres-que-aprobo-el-congreso\/"]}]},{"@type":"ImageObject","inLanguage":"es","@id":"https:\/\/diarioprincipios.com\/index.php\/2020\/07\/14\/berazategui-informa-sobre-la-nueva-ley-de-alquilres-que-aprobo-el-congreso\/#primaryimage","url":"https:\/\/diarioprincipios.com\/wp-content\/uploads\/2020\/07\/1479955817D.jpg","contentUrl":"https:\/\/diarioprincipios.com\/wp-content\/uploads\/2020\/07\/1479955817D.jpg","width":1280,"height":960},{"@type":"BreadcrumbList","@id":"https:\/\/diarioprincipios.com\/index.php\/2020\/07\/14\/berazategui-informa-sobre-la-nueva-ley-de-alquilres-que-aprobo-el-congreso\/#breadcrumb","itemListElement":[{"@type":"ListItem","position":1,"name":"Portada","item":"https:\/\/diarioprincipios.com\/"},{"@type":"ListItem","position":2,"name":"Berazategui informa sobre la Nueva Ley de Alquilres que aprob\u00f3 el Congreso Nacional"}]},{"@type":"WebSite","@id":"https:\/\/diarioprincipios.com\/#website","url":"https:\/\/diarioprincipios.com\/","name":"Principios","description":"Principios Diario","publisher":{"@id":"https:\/\/diarioprincipios.com\/#organization"},"potentialAction":[{"@type":"SearchAction","target":{"@type":"EntryPoint","urlTemplate":"https:\/\/diarioprincipios.com\/?s={search_term_string}"},"query-input":{"@type":"PropertyValueSpecification","valueRequired":true,"valueName":"search_term_string"}}],"inLanguage":"es"},{"@type":"Organization","@id":"https:\/\/diarioprincipios.com\/#organization","name":"Principios","url":"https:\/\/diarioprincipios.com\/","logo":{"@type":"ImageObject","inLanguage":"es","@id":"https:\/\/diarioprincipios.com\/#\/schema\/logo\/image\/","url":"https:\/\/diarioprincipios.com\/wp-content\/uploads\/2024\/04\/cropped-www.diarioprincipios.com_-1.png","contentUrl":"https:\/\/diarioprincipios.com\/wp-content\/uploads\/2024\/04\/cropped-www.diarioprincipios.com_-1.png","width":5325,"height":1454,"caption":"Principios"},"image":{"@id":"https:\/\/diarioprincipios.com\/#\/schema\/logo\/image\/"}},{"@type":"Person","@id":"https:\/\/diarioprincipios.com\/#\/schema\/person\/436d5a1fd41a5e250e23ff5a6a7cb080","name":"Hern\u00e1n L\u00f3pez","image":{"@type":"ImageObject","inLanguage":"es","@id":"https:\/\/diarioprincipios.com\/wp-content\/litespeed\/avatar\/11ddfe5610ff3bd100522525b2571f48.jpg?ver=1777653193","url":"https:\/\/diarioprincipios.com\/wp-content\/litespeed\/avatar\/11ddfe5610ff3bd100522525b2571f48.jpg?ver=1777653193","contentUrl":"https:\/\/diarioprincipios.com\/wp-content\/litespeed\/avatar\/11ddfe5610ff3bd100522525b2571f48.jpg?ver=1777653193","caption":"Hern\u00e1n L\u00f3pez"},"url":"https:\/\/diarioprincipios.com\/index.php\/author\/hernan\/"}]}},"jetpack_featured_media_url":"https:\/\/diarioprincipios.com\/wp-content\/uploads\/2020\/07\/1479955817D.jpg","_links":{"self":[{"href":"https:\/\/diarioprincipios.com\/index.php\/wp-json\/wp\/v2\/posts\/3876","targetHints":{"allow":["GET"]}}],"collection":[{"href":"https:\/\/diarioprincipios.com\/index.php\/wp-json\/wp\/v2\/posts"}],"about":[{"href":"https:\/\/diarioprincipios.com\/index.php\/wp-json\/wp\/v2\/types\/post"}],"author":[{"embeddable":true,"href":"https:\/\/diarioprincipios.com\/index.php\/wp-json\/wp\/v2\/users\/2"}],"replies":[{"embeddable":true,"href":"https:\/\/diarioprincipios.com\/index.php\/wp-json\/wp\/v2\/comments?post=3876"}],"version-history":[{"count":2,"href":"https:\/\/diarioprincipios.com\/index.php\/wp-json\/wp\/v2\/posts\/3876\/revisions"}],"predecessor-version":[{"id":3879,"href":"https:\/\/diarioprincipios.com\/index.php\/wp-json\/wp\/v2\/posts\/3876\/revisions\/3879"}],"wp:featuredmedia":[{"embeddable":true,"href":"https:\/\/diarioprincipios.com\/index.php\/wp-json\/wp\/v2\/media\/3880"}],"wp:attachment":[{"href":"https:\/\/diarioprincipios.com\/index.php\/wp-json\/wp\/v2\/media?parent=3876"}],"wp:term":[{"taxonomy":"category","embeddable":true,"href":"https:\/\/diarioprincipios.com\/index.php\/wp-json\/wp\/v2\/categories?post=3876"},{"taxonomy":"post_tag","embeddable":true,"href":"https:\/\/diarioprincipios.com\/index.php\/wp-json\/wp\/v2\/tags?post=3876"}],"curies":[{"name":"wp","href":"https:\/\/api.w.org\/{rel}","templated":true}]}}