{"id":3873,"date":"2020-07-14T12:31:58","date_gmt":"2020-07-14T15:31:58","guid":{"rendered":"http:\/\/diarioprincipios.com\/?p=3873"},"modified":"2020-07-14T12:32:02","modified_gmt":"2020-07-14T15:32:02","slug":"larroque-queremos-bajar-el-nivel-de-restricciones-pero-con-responsabilidad","status":"publish","type":"post","link":"https:\/\/diarioprincipios.com\/index.php\/2020\/07\/14\/larroque-queremos-bajar-el-nivel-de-restricciones-pero-con-responsabilidad\/","title":{"rendered":"Larroque: \u00abQueremos bajar el nivel de restricciones pero con responsabilidad\u00bb"},"content":{"rendered":"\n<p>El ministro de Desarrollo de la Comunidad bonaerense, Andr\u00e9s Larroque, dijo hoy las autoridades buscan \u00abtratar de bajar el nivel de restricciones pero en un marco de responsabilidad\u201d en referencia a la nueva etapa del aislamiento social que comenzar\u00e1 el s\u00e1bado pr\u00f3ximo, tras la actual fase de cuarentena m\u00e1s estricta.<\/p>\n\n\n\n<p>\u00abObviamente que queremos tratar de bajar el nivel de restricciones pero tambi\u00e9n hay que hacerlo en un marco de responsabilidad, escuchando a los que saben\u00bb, respondi\u00f3 el funcionario en declaraciones formuladas a Radio La Red.<\/p>\n\n\n\n<p>En ese marco, detall\u00f3: \u00abUna posibilidad es volver a la situaci\u00f3n que ten\u00edamos antes del 1 (de julio) por ah\u00ed por un tiempo, y, luego, analizar si se puede entrar en una situaci\u00f3n de restricci\u00f3n mayor, pero estamos viendo eso y hay que ser prudentes y escuchar a los especialistas\u201d.<\/p>\n\n\n\n<p>Por otra parte, el funcionario bonaerense indic\u00f3 que \u201csiempre hay miradas relativas porque son jurisdicciones distintas la Ciudad y la Provincia de Buenos Aires pero, m\u00e1s all\u00e1 de eso, hay buena predisposici\u00f3n\u00bb para el trabajo conjunto.<\/p>\n\n\n\n<p>Del mismo modo, valor\u00f3 como \u00abpositiva la reuni\u00f3n entre (el gobernador) Axel (Kicillof) y (el jefe de Gobierno porte\u00f1o, Horacio Rodr\u00edguez) Larreta, as\u00ed que todo bien\u201d.<\/p>\n\n\n\n<p>De esta forma, se refiri\u00f3 al encuentro que mantuvieron ayer ambos en la sede del gobierno porte\u00f1o en el barrio de Parque Patricios.<\/p>\n\n\n\n<p>Asimismo, Larroque analiz\u00f3 que la pandemia genera \u00abun escenario complejo, delicado para la Argentina y el mundo entero\u00bb, y destac\u00f3 la necesidad de \u00abconsolidar la mayor unidad posible frente a algo tan cerrado como es la defensa de la vida\u201d.<\/p>\n\n\n\n<p>En cuanto a las pol\u00edticas oficiales para paliar el impacto social y econ\u00f3mico de la pandemia, dijo que \u201chay una cobertura muy grande en los sectores m\u00e1s necesitados\u00bb.<\/p>\n\n\n\n<p>No obstante, dijo ver \u00abuna situaci\u00f3n m\u00e1s compleja en los sectores medios, que tienen costos fijos importantes y no est\u00e1n teniendo ingresos\u201d.<\/p>\n","protected":false},"excerpt":{"rendered":"<p>El ministro de Desarrollo de la Comunidad bonaerense, Andr\u00e9s Larroque, dijo hoy las autoridades buscan \u00abtratar de bajar el nivel de restricciones pero en un marco de responsabilidad\u201d en referencia a la nueva etapa del aislamiento social que comenzar\u00e1 el s\u00e1bado pr\u00f3ximo, tras la actual fase de cuarentena m\u00e1s estricta. \u00abObviamente que queremos tratar de&#8230;<\/p>\n","protected":false},"author":2,"featured_media":3874,"comment_status":"open","ping_status":"open","sticky":false,"template":"","format":"standard","meta":{"footnotes":""},"categories":[7],"tags":[],"class_list":["post-3873","post","type-post","status-publish","format-standard","has-post-thumbnail","hentry","category-provincia"],"featured_image_src":"https:\/\/diarioprincipios.com\/wp-content\/uploads\/2020\/07\/464963-1024x576.jpg","blog_images":{"medium":"https:\/\/diarioprincipios.com\/wp-content\/uploads\/2020\/07\/464963-300x169.jpg","large":"https:\/\/diarioprincipios.com\/wp-content\/uploads\/2020\/07\/464963-1024x576.jpg"},"ams_acf":[],"yoast_head":"<!-- This site is optimized with the Yoast SEO plugin v27.3 - https:\/\/yoast.com\/product\/yoast-seo-wordpress\/ -->\n<title>Larroque: &quot;Queremos bajar el nivel de restricciones pero con responsabilidad&quot; - Principios<\/title>\n<meta name=\"robots\" content=\"index, follow, max-snippet:-1, max-image-preview:large, max-video-preview:-1\" \/>\n<link rel=\"canonical\" href=\"https:\/\/diarioprincipios.com\/index.php\/2020\/07\/14\/larroque-queremos-bajar-el-nivel-de-restricciones-pero-con-responsabilidad\/\" \/>\n<meta property=\"og:locale\" content=\"es_ES\" \/>\n<meta property=\"og:type\" content=\"article\" \/>\n<meta property=\"og:title\" content=\"Larroque: &quot;Queremos bajar el nivel de restricciones pero con responsabilidad&quot; - Principios\" \/>\n<meta property=\"og:description\" content=\"El ministro de Desarrollo de la Comunidad bonaerense, Andr\u00e9s Larroque, dijo hoy las autoridades buscan \u00abtratar de bajar el nivel de restricciones pero en un marco de responsabilidad\u201d en referencia a la nueva etapa del aislamiento social que comenzar\u00e1 el s\u00e1bado pr\u00f3ximo, tras la actual fase de cuarentena m\u00e1s estricta. \u00abObviamente que queremos tratar de...\" \/>\n<meta property=\"og:url\" content=\"https:\/\/diarioprincipios.com\/index.php\/2020\/07\/14\/larroque-queremos-bajar-el-nivel-de-restricciones-pero-con-responsabilidad\/\" \/>\n<meta property=\"og:site_name\" content=\"Principios\" \/>\n<meta property=\"article:published_time\" content=\"2020-07-14T15:31:58+00:00\" \/>\n<meta property=\"article:modified_time\" content=\"2020-07-14T15:32:02+00:00\" \/>\n<meta property=\"og:image\" content=\"https:\/\/diarioprincipios.com\/wp-content\/uploads\/2020\/07\/464963.jpg\" \/>\n\t<meta property=\"og:image:width\" content=\"1200\" \/>\n\t<meta property=\"og:image:height\" content=\"675\" \/>\n\t<meta property=\"og:image:type\" content=\"image\/jpeg\" \/>\n<meta name=\"author\" content=\"Hern\u00e1n L\u00f3pez\" \/>\n<meta name=\"twitter:card\" content=\"summary_large_image\" \/>\n<meta name=\"twitter:label1\" content=\"Escrito por\" \/>\n\t<meta name=\"twitter:data1\" content=\"Hern\u00e1n L\u00f3pez\" \/>\n\t<meta name=\"twitter:label2\" content=\"Tiempo de lectura\" \/>\n\t<meta name=\"twitter:data2\" content=\"2 minutos\" \/>\n<script type=\"application\/ld+json\" class=\"yoast-schema-graph\">{\"@context\":\"https:\\\/\\\/schema.org\",\"@graph\":[{\"@type\":\"Article\",\"@id\":\"https:\\\/\\\/diarioprincipios.com\\\/index.php\\\/2020\\\/07\\\/14\\\/larroque-queremos-bajar-el-nivel-de-restricciones-pero-con-responsabilidad\\\/#article\",\"isPartOf\":{\"@id\":\"https:\\\/\\\/diarioprincipios.com\\\/index.php\\\/2020\\\/07\\\/14\\\/larroque-queremos-bajar-el-nivel-de-restricciones-pero-con-responsabilidad\\\/\"},\"author\":{\"name\":\"Hern\u00e1n L\u00f3pez\",\"@id\":\"https:\\\/\\\/diarioprincipios.com\\\/#\\\/schema\\\/person\\\/436d5a1fd41a5e250e23ff5a6a7cb080\"},\"headline\":\"Larroque: \u00abQueremos bajar el nivel de restricciones pero con responsabilidad\u00bb\",\"datePublished\":\"2020-07-14T15:31:58+00:00\",\"dateModified\":\"2020-07-14T15:32:02+00:00\",\"mainEntityOfPage\":{\"@id\":\"https:\\\/\\\/diarioprincipios.com\\\/index.php\\\/2020\\\/07\\\/14\\\/larroque-queremos-bajar-el-nivel-de-restricciones-pero-con-responsabilidad\\\/\"},\"wordCount\":340,\"commentCount\":0,\"publisher\":{\"@id\":\"https:\\\/\\\/diarioprincipios.com\\\/#organization\"},\"image\":{\"@id\":\"https:\\\/\\\/diarioprincipios.com\\\/index.php\\\/2020\\\/07\\\/14\\\/larroque-queremos-bajar-el-nivel-de-restricciones-pero-con-responsabilidad\\\/#primaryimage\"},\"thumbnailUrl\":\"https:\\\/\\\/diarioprincipios.com\\\/wp-content\\\/uploads\\\/2020\\\/07\\\/464963.jpg\",\"articleSection\":[\"Provincia\"],\"inLanguage\":\"es\",\"potentialAction\":[{\"@type\":\"CommentAction\",\"name\":\"Comment\",\"target\":[\"https:\\\/\\\/diarioprincipios.com\\\/index.php\\\/2020\\\/07\\\/14\\\/larroque-queremos-bajar-el-nivel-de-restricciones-pero-con-responsabilidad\\\/#respond\"]}]},{\"@type\":\"WebPage\",\"@id\":\"https:\\\/\\\/diarioprincipios.com\\\/index.php\\\/2020\\\/07\\\/14\\\/larroque-queremos-bajar-el-nivel-de-restricciones-pero-con-responsabilidad\\\/\",\"url\":\"https:\\\/\\\/diarioprincipios.com\\\/index.php\\\/2020\\\/07\\\/14\\\/larroque-queremos-bajar-el-nivel-de-restricciones-pero-con-responsabilidad\\\/\",\"name\":\"Larroque: \\\"Queremos bajar el nivel de restricciones pero con responsabilidad\\\" - Principios\",\"isPartOf\":{\"@id\":\"https:\\\/\\\/diarioprincipios.com\\\/#website\"},\"primaryImageOfPage\":{\"@id\":\"https:\\\/\\\/diarioprincipios.com\\\/index.php\\\/2020\\\/07\\\/14\\\/larroque-queremos-bajar-el-nivel-de-restricciones-pero-con-responsabilidad\\\/#primaryimage\"},\"image\":{\"@id\":\"https:\\\/\\\/diarioprincipios.com\\\/index.php\\\/2020\\\/07\\\/14\\\/larroque-queremos-bajar-el-nivel-de-restricciones-pero-con-responsabilidad\\\/#primaryimage\"},\"thumbnailUrl\":\"https:\\\/\\\/diarioprincipios.com\\\/wp-content\\\/uploads\\\/2020\\\/07\\\/464963.jpg\",\"datePublished\":\"2020-07-14T15:31:58+00:00\",\"dateModified\":\"2020-07-14T15:32:02+00:00\",\"breadcrumb\":{\"@id\":\"https:\\\/\\\/diarioprincipios.com\\\/index.php\\\/2020\\\/07\\\/14\\\/larroque-queremos-bajar-el-nivel-de-restricciones-pero-con-responsabilidad\\\/#breadcrumb\"},\"inLanguage\":\"es\",\"potentialAction\":[{\"@type\":\"ReadAction\",\"target\":[\"https:\\\/\\\/diarioprincipios.com\\\/index.php\\\/2020\\\/07\\\/14\\\/larroque-queremos-bajar-el-nivel-de-restricciones-pero-con-responsabilidad\\\/\"]}]},{\"@type\":\"ImageObject\",\"inLanguage\":\"es\",\"@id\":\"https:\\\/\\\/diarioprincipios.com\\\/index.php\\\/2020\\\/07\\\/14\\\/larroque-queremos-bajar-el-nivel-de-restricciones-pero-con-responsabilidad\\\/#primaryimage\",\"url\":\"https:\\\/\\\/diarioprincipios.com\\\/wp-content\\\/uploads\\\/2020\\\/07\\\/464963.jpg\",\"contentUrl\":\"https:\\\/\\\/diarioprincipios.com\\\/wp-content\\\/uploads\\\/2020\\\/07\\\/464963.jpg\",\"width\":1200,\"height\":675},{\"@type\":\"BreadcrumbList\",\"@id\":\"https:\\\/\\\/diarioprincipios.com\\\/index.php\\\/2020\\\/07\\\/14\\\/larroque-queremos-bajar-el-nivel-de-restricciones-pero-con-responsabilidad\\\/#breadcrumb\",\"itemListElement\":[{\"@type\":\"ListItem\",\"position\":1,\"name\":\"Portada\",\"item\":\"https:\\\/\\\/diarioprincipios.com\\\/\"},{\"@type\":\"ListItem\",\"position\":2,\"name\":\"Larroque: \u00abQueremos bajar el nivel de restricciones pero con responsabilidad\u00bb\"}]},{\"@type\":\"WebSite\",\"@id\":\"https:\\\/\\\/diarioprincipios.com\\\/#website\",\"url\":\"https:\\\/\\\/diarioprincipios.com\\\/\",\"name\":\"Principios\",\"description\":\"Principios Diario\",\"publisher\":{\"@id\":\"https:\\\/\\\/diarioprincipios.com\\\/#organization\"},\"potentialAction\":[{\"@type\":\"SearchAction\",\"target\":{\"@type\":\"EntryPoint\",\"urlTemplate\":\"https:\\\/\\\/diarioprincipios.com\\\/?s={search_term_string}\"},\"query-input\":{\"@type\":\"PropertyValueSpecification\",\"valueRequired\":true,\"valueName\":\"search_term_string\"}}],\"inLanguage\":\"es\"},{\"@type\":\"Organization\",\"@id\":\"https:\\\/\\\/diarioprincipios.com\\\/#organization\",\"name\":\"Principios\",\"url\":\"https:\\\/\\\/diarioprincipios.com\\\/\",\"logo\":{\"@type\":\"ImageObject\",\"inLanguage\":\"es\",\"@id\":\"https:\\\/\\\/diarioprincipios.com\\\/#\\\/schema\\\/logo\\\/image\\\/\",\"url\":\"https:\\\/\\\/diarioprincipios.com\\\/wp-content\\\/uploads\\\/2024\\\/04\\\/cropped-www.diarioprincipios.com_-1.png\",\"contentUrl\":\"https:\\\/\\\/diarioprincipios.com\\\/wp-content\\\/uploads\\\/2024\\\/04\\\/cropped-www.diarioprincipios.com_-1.png\",\"width\":5325,\"height\":1454,\"caption\":\"Principios\"},\"image\":{\"@id\":\"https:\\\/\\\/diarioprincipios.com\\\/#\\\/schema\\\/logo\\\/image\\\/\"}},{\"@type\":\"Person\",\"@id\":\"https:\\\/\\\/diarioprincipios.com\\\/#\\\/schema\\\/person\\\/436d5a1fd41a5e250e23ff5a6a7cb080\",\"name\":\"Hern\u00e1n L\u00f3pez\",\"image\":{\"@type\":\"ImageObject\",\"inLanguage\":\"es\",\"@id\":\"https:\\\/\\\/diarioprincipios.com\\\/wp-content\\\/litespeed\\\/avatar\\\/11ddfe5610ff3bd100522525b2571f48.jpg?ver=1777048341\",\"url\":\"https:\\\/\\\/diarioprincipios.com\\\/wp-content\\\/litespeed\\\/avatar\\\/11ddfe5610ff3bd100522525b2571f48.jpg?ver=1777048341\",\"contentUrl\":\"https:\\\/\\\/diarioprincipios.com\\\/wp-content\\\/litespeed\\\/avatar\\\/11ddfe5610ff3bd100522525b2571f48.jpg?ver=1777048341\",\"caption\":\"Hern\u00e1n L\u00f3pez\"},\"url\":\"https:\\\/\\\/diarioprincipios.com\\\/index.php\\\/author\\\/hernan\\\/\"}]}<\/script>\n<!-- \/ Yoast SEO plugin. -->","yoast_head_json":{"title":"Larroque: \"Queremos bajar el nivel de restricciones pero con responsabilidad\" - Principios","robots":{"index":"index","follow":"follow","max-snippet":"max-snippet:-1","max-image-preview":"max-image-preview:large","max-video-preview":"max-video-preview:-1"},"canonical":"https:\/\/diarioprincipios.com\/index.php\/2020\/07\/14\/larroque-queremos-bajar-el-nivel-de-restricciones-pero-con-responsabilidad\/","og_locale":"es_ES","og_type":"article","og_title":"Larroque: \"Queremos bajar el nivel de restricciones pero con responsabilidad\" - Principios","og_description":"El ministro de Desarrollo de la Comunidad bonaerense, Andr\u00e9s Larroque, dijo hoy las autoridades buscan \u00abtratar de bajar el nivel de restricciones pero en un marco de responsabilidad\u201d en referencia a la nueva etapa del aislamiento social que comenzar\u00e1 el s\u00e1bado pr\u00f3ximo, tras la actual fase de cuarentena m\u00e1s estricta. \u00abObviamente que queremos tratar de...","og_url":"https:\/\/diarioprincipios.com\/index.php\/2020\/07\/14\/larroque-queremos-bajar-el-nivel-de-restricciones-pero-con-responsabilidad\/","og_site_name":"Principios","article_published_time":"2020-07-14T15:31:58+00:00","article_modified_time":"2020-07-14T15:32:02+00:00","og_image":[{"width":1200,"height":675,"url":"https:\/\/diarioprincipios.com\/wp-content\/uploads\/2020\/07\/464963.jpg","type":"image\/jpeg"}],"author":"Hern\u00e1n L\u00f3pez","twitter_card":"summary_large_image","twitter_misc":{"Escrito por":"Hern\u00e1n L\u00f3pez","Tiempo de lectura":"2 minutos"},"schema":{"@context":"https:\/\/schema.org","@graph":[{"@type":"Article","@id":"https:\/\/diarioprincipios.com\/index.php\/2020\/07\/14\/larroque-queremos-bajar-el-nivel-de-restricciones-pero-con-responsabilidad\/#article","isPartOf":{"@id":"https:\/\/diarioprincipios.com\/index.php\/2020\/07\/14\/larroque-queremos-bajar-el-nivel-de-restricciones-pero-con-responsabilidad\/"},"author":{"name":"Hern\u00e1n L\u00f3pez","@id":"https:\/\/diarioprincipios.com\/#\/schema\/person\/436d5a1fd41a5e250e23ff5a6a7cb080"},"headline":"Larroque: \u00abQueremos bajar el nivel de restricciones pero con responsabilidad\u00bb","datePublished":"2020-07-14T15:31:58+00:00","dateModified":"2020-07-14T15:32:02+00:00","mainEntityOfPage":{"@id":"https:\/\/diarioprincipios.com\/index.php\/2020\/07\/14\/larroque-queremos-bajar-el-nivel-de-restricciones-pero-con-responsabilidad\/"},"wordCount":340,"commentCount":0,"publisher":{"@id":"https:\/\/diarioprincipios.com\/#organization"},"image":{"@id":"https:\/\/diarioprincipios.com\/index.php\/2020\/07\/14\/larroque-queremos-bajar-el-nivel-de-restricciones-pero-con-responsabilidad\/#primaryimage"},"thumbnailUrl":"https:\/\/diarioprincipios.com\/wp-content\/uploads\/2020\/07\/464963.jpg","articleSection":["Provincia"],"inLanguage":"es","potentialAction":[{"@type":"CommentAction","name":"Comment","target":["https:\/\/diarioprincipios.com\/index.php\/2020\/07\/14\/larroque-queremos-bajar-el-nivel-de-restricciones-pero-con-responsabilidad\/#respond"]}]},{"@type":"WebPage","@id":"https:\/\/diarioprincipios.com\/index.php\/2020\/07\/14\/larroque-queremos-bajar-el-nivel-de-restricciones-pero-con-responsabilidad\/","url":"https:\/\/diarioprincipios.com\/index.php\/2020\/07\/14\/larroque-queremos-bajar-el-nivel-de-restricciones-pero-con-responsabilidad\/","name":"Larroque: \"Queremos bajar el nivel de restricciones pero con responsabilidad\" - Principios","isPartOf":{"@id":"https:\/\/diarioprincipios.com\/#website"},"primaryImageOfPage":{"@id":"https:\/\/diarioprincipios.com\/index.php\/2020\/07\/14\/larroque-queremos-bajar-el-nivel-de-restricciones-pero-con-responsabilidad\/#primaryimage"},"image":{"@id":"https:\/\/diarioprincipios.com\/index.php\/2020\/07\/14\/larroque-queremos-bajar-el-nivel-de-restricciones-pero-con-responsabilidad\/#primaryimage"},"thumbnailUrl":"https:\/\/diarioprincipios.com\/wp-content\/uploads\/2020\/07\/464963.jpg","datePublished":"2020-07-14T15:31:58+00:00","dateModified":"2020-07-14T15:32:02+00:00","breadcrumb":{"@id":"https:\/\/diarioprincipios.com\/index.php\/2020\/07\/14\/larroque-queremos-bajar-el-nivel-de-restricciones-pero-con-responsabilidad\/#breadcrumb"},"inLanguage":"es","potentialAction":[{"@type":"ReadAction","target":["https:\/\/diarioprincipios.com\/index.php\/2020\/07\/14\/larroque-queremos-bajar-el-nivel-de-restricciones-pero-con-responsabilidad\/"]}]},{"@type":"ImageObject","inLanguage":"es","@id":"https:\/\/diarioprincipios.com\/index.php\/2020\/07\/14\/larroque-queremos-bajar-el-nivel-de-restricciones-pero-con-responsabilidad\/#primaryimage","url":"https:\/\/diarioprincipios.com\/wp-content\/uploads\/2020\/07\/464963.jpg","contentUrl":"https:\/\/diarioprincipios.com\/wp-content\/uploads\/2020\/07\/464963.jpg","width":1200,"height":675},{"@type":"BreadcrumbList","@id":"https:\/\/diarioprincipios.com\/index.php\/2020\/07\/14\/larroque-queremos-bajar-el-nivel-de-restricciones-pero-con-responsabilidad\/#breadcrumb","itemListElement":[{"@type":"ListItem","position":1,"name":"Portada","item":"https:\/\/diarioprincipios.com\/"},{"@type":"ListItem","position":2,"name":"Larroque: \u00abQueremos bajar el nivel de restricciones pero con responsabilidad\u00bb"}]},{"@type":"WebSite","@id":"https:\/\/diarioprincipios.com\/#website","url":"https:\/\/diarioprincipios.com\/","name":"Principios","description":"Principios Diario","publisher":{"@id":"https:\/\/diarioprincipios.com\/#organization"},"potentialAction":[{"@type":"SearchAction","target":{"@type":"EntryPoint","urlTemplate":"https:\/\/diarioprincipios.com\/?s={search_term_string}"},"query-input":{"@type":"PropertyValueSpecification","valueRequired":true,"valueName":"search_term_string"}}],"inLanguage":"es"},{"@type":"Organization","@id":"https:\/\/diarioprincipios.com\/#organization","name":"Principios","url":"https:\/\/diarioprincipios.com\/","logo":{"@type":"ImageObject","inLanguage":"es","@id":"https:\/\/diarioprincipios.com\/#\/schema\/logo\/image\/","url":"https:\/\/diarioprincipios.com\/wp-content\/uploads\/2024\/04\/cropped-www.diarioprincipios.com_-1.png","contentUrl":"https:\/\/diarioprincipios.com\/wp-content\/uploads\/2024\/04\/cropped-www.diarioprincipios.com_-1.png","width":5325,"height":1454,"caption":"Principios"},"image":{"@id":"https:\/\/diarioprincipios.com\/#\/schema\/logo\/image\/"}},{"@type":"Person","@id":"https:\/\/diarioprincipios.com\/#\/schema\/person\/436d5a1fd41a5e250e23ff5a6a7cb080","name":"Hern\u00e1n L\u00f3pez","image":{"@type":"ImageObject","inLanguage":"es","@id":"https:\/\/diarioprincipios.com\/wp-content\/litespeed\/avatar\/11ddfe5610ff3bd100522525b2571f48.jpg?ver=1777048341","url":"https:\/\/diarioprincipios.com\/wp-content\/litespeed\/avatar\/11ddfe5610ff3bd100522525b2571f48.jpg?ver=1777048341","contentUrl":"https:\/\/diarioprincipios.com\/wp-content\/litespeed\/avatar\/11ddfe5610ff3bd100522525b2571f48.jpg?ver=1777048341","caption":"Hern\u00e1n L\u00f3pez"},"url":"https:\/\/diarioprincipios.com\/index.php\/author\/hernan\/"}]}},"jetpack_featured_media_url":"https:\/\/diarioprincipios.com\/wp-content\/uploads\/2020\/07\/464963.jpg","_links":{"self":[{"href":"https:\/\/diarioprincipios.com\/index.php\/wp-json\/wp\/v2\/posts\/3873","targetHints":{"allow":["GET"]}}],"collection":[{"href":"https:\/\/diarioprincipios.com\/index.php\/wp-json\/wp\/v2\/posts"}],"about":[{"href":"https:\/\/diarioprincipios.com\/index.php\/wp-json\/wp\/v2\/types\/post"}],"author":[{"embeddable":true,"href":"https:\/\/diarioprincipios.com\/index.php\/wp-json\/wp\/v2\/users\/2"}],"replies":[{"embeddable":true,"href":"https:\/\/diarioprincipios.com\/index.php\/wp-json\/wp\/v2\/comments?post=3873"}],"version-history":[{"count":1,"href":"https:\/\/diarioprincipios.com\/index.php\/wp-json\/wp\/v2\/posts\/3873\/revisions"}],"predecessor-version":[{"id":3875,"href":"https:\/\/diarioprincipios.com\/index.php\/wp-json\/wp\/v2\/posts\/3873\/revisions\/3875"}],"wp:featuredmedia":[{"embeddable":true,"href":"https:\/\/diarioprincipios.com\/index.php\/wp-json\/wp\/v2\/media\/3874"}],"wp:attachment":[{"href":"https:\/\/diarioprincipios.com\/index.php\/wp-json\/wp\/v2\/media?parent=3873"}],"wp:term":[{"taxonomy":"category","embeddable":true,"href":"https:\/\/diarioprincipios.com\/index.php\/wp-json\/wp\/v2\/categories?post=3873"},{"taxonomy":"post_tag","embeddable":true,"href":"https:\/\/diarioprincipios.com\/index.php\/wp-json\/wp\/v2\/tags?post=3873"}],"curies":[{"name":"wp","href":"https:\/\/api.w.org\/{rel}","templated":true}]}}