{"id":3825,"date":"2020-07-13T10:48:54","date_gmt":"2020-07-13T13:48:54","guid":{"rendered":"http:\/\/diarioprincipios.com\/?p=3825"},"modified":"2020-07-13T10:48:57","modified_gmt":"2020-07-13T13:48:57","slug":"kicillof-y-larreta-analizan-a-solas-como-continuara-la-cuarentena-en-el-amba","status":"publish","type":"post","link":"https:\/\/diarioprincipios.com\/index.php\/2020\/07\/13\/kicillof-y-larreta-analizan-a-solas-como-continuara-la-cuarentena-en-el-amba\/","title":{"rendered":"Kicillof y Larreta analizan a solas c\u00f3mo continuar\u00e1 la cuarentena en el AMBA"},"content":{"rendered":"\n<p>El gobernador bonaerense, Axel Kicillof, y el jefe de Gobierno porte\u00f1o, Horacio Rodr\u00edguez Larreta, manten\u00edan esta ma\u00f1ana una reuni\u00f3n a solas para analizar el cuadro de situaci\u00f3n de la pandemia en \u00c1rea Metropolitana de Buenos Aires (AMBA) y acordar la forma en que continuar\u00e1 la cuarentena despu\u00e9s del 17 de julio.<\/p>\n\n\n\n<p>El encuentro comenz\u00f3 pasadas las 9.30 en las oficinas de la sede del Ejecutivo porte\u00f1o del barrio de Parque Patricios, a donde lleg\u00f3 el mandatario provincial proveniente de La Plata.<\/p>\n\n\n\n<p>Voceros del gobernador bonaerense detallaron que ambos mandatarios estudiar\u00e1n si el esquema m\u00e1s r\u00edgido que implementaron desde el 1 de julio dio resultado en cuanto a descenso de casos de Covid-19.<\/p>\n\n\n\n<p>Adem\u00e1s, a\u00f1adieron que comenzar\u00e1n a planificar c\u00f3mo continuar a partir del 17 de julio, cuando finaliza la \u00faltima pr\u00f3rroga del aislamientos social, preventivo y obligatorio.<\/p>\n\n\n\n<p>De ese modo, en la reuni\u00f3n se espera un an\u00e1lisis de las variables y se comenzar\u00e1 a pensar las estrategias y flexibilizaciones a partir del s\u00e1bado 18 para los distritos que componen el AMBA.<\/p>\n\n\n\n<p>Desde el entorno del gobernador Kicillof confiaron hoy a T\u00e9lam que la idea es seguir un \u00abcamino coordinado con la misma estrategia\u00bb junto a las autoridades porte\u00f1as, aunque reconocen que \u00abpodr\u00eda haber algunas medidas diferenciadas que tengan que ver con la idiosincrasia poblacional\u00bb.<\/p>\n\n\n\n<p>Asumen en ese sentido que podr\u00edan haber diferencias en torno a la habilitaci\u00f3n o no de los deportes individuales.<\/p>\n\n\n\n<p>\u00abNosotros somos optimistas con el cumplimiento de la cuarentena, pero cautos a la hora de pensar lo que viene\u00bb, a\u00f1adieron en La Plata.<\/p>\n\n\n\n<p>Desde la Ciudad de Buenos Aires, en tanto, el vicejefe de Gobierno porte\u00f1o, Diego Santilli, adelant\u00f3 que existen ya unos 100 protocolos que podr\u00edan implementarse dentro de un esquema de reactivaci\u00f3n de actividades en el distrito.<\/p>\n\n\n\n<p>\u00abA partir del d\u00eda 18 de julio deber\u00eda empezar a recuperar comercios esenciales o industrias con protocolo y, paulatinamente, ir incorporando otras actividades con protocolo e, incluso la actividad deportiva\u00bb, dijo Santilli en di\u00e1logo con radio La Red.<\/p>\n\n\n\n<p>Santilli habl\u00f3 de incorporaci\u00f3n de actividades \u00abpor d\u00edas\u00bb o \u00abpor semanas\u00bb, con \u00abaperturas parciales\u00bb<\/p>\n","protected":false},"excerpt":{"rendered":"<p>El gobernador bonaerense, Axel Kicillof, y el jefe de Gobierno porte\u00f1o, Horacio Rodr\u00edguez Larreta, manten\u00edan esta ma\u00f1ana una reuni\u00f3n a solas para analizar el cuadro de situaci\u00f3n de la pandemia en \u00c1rea Metropolitana de Buenos Aires (AMBA) y acordar la forma en que continuar\u00e1 la cuarentena despu\u00e9s del 17 de julio. El encuentro comenz\u00f3 pasadas&#8230;<\/p>\n","protected":false},"author":2,"featured_media":3826,"comment_status":"open","ping_status":"open","sticky":false,"template":"","format":"standard","meta":{"footnotes":""},"categories":[10],"tags":[],"class_list":["post-3825","post","type-post","status-publish","format-standard","has-post-thumbnail","hentry","category-nacion"],"featured_image_src":"https:\/\/diarioprincipios.com\/wp-content\/uploads\/2020\/07\/axel-kicillof-y-horacio-rodriguez-larreta-955867-1024x576.jpg","blog_images":{"medium":"https:\/\/diarioprincipios.com\/wp-content\/uploads\/2020\/07\/axel-kicillof-y-horacio-rodriguez-larreta-955867-300x169.jpg","large":"https:\/\/diarioprincipios.com\/wp-content\/uploads\/2020\/07\/axel-kicillof-y-horacio-rodriguez-larreta-955867-1024x576.jpg"},"ams_acf":[],"yoast_head":"<!-- This site is optimized with the Yoast SEO plugin v27.3 - https:\/\/yoast.com\/product\/yoast-seo-wordpress\/ -->\n<title>Kicillof y Larreta analizan a solas c\u00f3mo continuar\u00e1 la cuarentena en el AMBA - Principios<\/title>\n<meta name=\"robots\" content=\"index, follow, max-snippet:-1, max-image-preview:large, max-video-preview:-1\" \/>\n<link rel=\"canonical\" href=\"https:\/\/diarioprincipios.com\/index.php\/2020\/07\/13\/kicillof-y-larreta-analizan-a-solas-como-continuara-la-cuarentena-en-el-amba\/\" \/>\n<meta property=\"og:locale\" content=\"es_ES\" \/>\n<meta property=\"og:type\" content=\"article\" \/>\n<meta property=\"og:title\" content=\"Kicillof y Larreta analizan a solas c\u00f3mo continuar\u00e1 la cuarentena en el AMBA - Principios\" \/>\n<meta property=\"og:description\" content=\"El gobernador bonaerense, Axel Kicillof, y el jefe de Gobierno porte\u00f1o, Horacio Rodr\u00edguez Larreta, manten\u00edan esta ma\u00f1ana una reuni\u00f3n a solas para analizar el cuadro de situaci\u00f3n de la pandemia en \u00c1rea Metropolitana de Buenos Aires (AMBA) y acordar la forma en que continuar\u00e1 la cuarentena despu\u00e9s del 17 de julio. El encuentro comenz\u00f3 pasadas...\" \/>\n<meta property=\"og:url\" content=\"https:\/\/diarioprincipios.com\/index.php\/2020\/07\/13\/kicillof-y-larreta-analizan-a-solas-como-continuara-la-cuarentena-en-el-amba\/\" \/>\n<meta property=\"og:site_name\" content=\"Principios\" \/>\n<meta property=\"article:published_time\" content=\"2020-07-13T13:48:54+00:00\" \/>\n<meta property=\"article:modified_time\" content=\"2020-07-13T13:48:57+00:00\" \/>\n<meta property=\"og:image\" content=\"https:\/\/diarioprincipios.com\/wp-content\/uploads\/2020\/07\/axel-kicillof-y-horacio-rodriguez-larreta-955867.jpg\" \/>\n\t<meta property=\"og:image:width\" content=\"1280\" \/>\n\t<meta property=\"og:image:height\" content=\"720\" \/>\n\t<meta property=\"og:image:type\" content=\"image\/jpeg\" \/>\n<meta name=\"author\" content=\"Hern\u00e1n L\u00f3pez\" \/>\n<meta name=\"twitter:card\" content=\"summary_large_image\" \/>\n<meta name=\"twitter:label1\" content=\"Escrito por\" \/>\n\t<meta name=\"twitter:data1\" content=\"Hern\u00e1n L\u00f3pez\" \/>\n\t<meta name=\"twitter:label2\" content=\"Tiempo de lectura\" \/>\n\t<meta name=\"twitter:data2\" content=\"2 minutos\" \/>\n<script type=\"application\/ld+json\" class=\"yoast-schema-graph\">{\"@context\":\"https:\\\/\\\/schema.org\",\"@graph\":[{\"@type\":\"Article\",\"@id\":\"https:\\\/\\\/diarioprincipios.com\\\/index.php\\\/2020\\\/07\\\/13\\\/kicillof-y-larreta-analizan-a-solas-como-continuara-la-cuarentena-en-el-amba\\\/#article\",\"isPartOf\":{\"@id\":\"https:\\\/\\\/diarioprincipios.com\\\/index.php\\\/2020\\\/07\\\/13\\\/kicillof-y-larreta-analizan-a-solas-como-continuara-la-cuarentena-en-el-amba\\\/\"},\"author\":{\"name\":\"Hern\u00e1n L\u00f3pez\",\"@id\":\"https:\\\/\\\/diarioprincipios.com\\\/#\\\/schema\\\/person\\\/436d5a1fd41a5e250e23ff5a6a7cb080\"},\"headline\":\"Kicillof y Larreta analizan a solas c\u00f3mo continuar\u00e1 la cuarentena en el AMBA\",\"datePublished\":\"2020-07-13T13:48:54+00:00\",\"dateModified\":\"2020-07-13T13:48:57+00:00\",\"mainEntityOfPage\":{\"@id\":\"https:\\\/\\\/diarioprincipios.com\\\/index.php\\\/2020\\\/07\\\/13\\\/kicillof-y-larreta-analizan-a-solas-como-continuara-la-cuarentena-en-el-amba\\\/\"},\"wordCount\":384,\"commentCount\":0,\"publisher\":{\"@id\":\"https:\\\/\\\/diarioprincipios.com\\\/#organization\"},\"image\":{\"@id\":\"https:\\\/\\\/diarioprincipios.com\\\/index.php\\\/2020\\\/07\\\/13\\\/kicillof-y-larreta-analizan-a-solas-como-continuara-la-cuarentena-en-el-amba\\\/#primaryimage\"},\"thumbnailUrl\":\"https:\\\/\\\/diarioprincipios.com\\\/wp-content\\\/uploads\\\/2020\\\/07\\\/axel-kicillof-y-horacio-rodriguez-larreta-955867.jpg\",\"articleSection\":[\"Naci\u00f3n\"],\"inLanguage\":\"es\",\"potentialAction\":[{\"@type\":\"CommentAction\",\"name\":\"Comment\",\"target\":[\"https:\\\/\\\/diarioprincipios.com\\\/index.php\\\/2020\\\/07\\\/13\\\/kicillof-y-larreta-analizan-a-solas-como-continuara-la-cuarentena-en-el-amba\\\/#respond\"]}]},{\"@type\":\"WebPage\",\"@id\":\"https:\\\/\\\/diarioprincipios.com\\\/index.php\\\/2020\\\/07\\\/13\\\/kicillof-y-larreta-analizan-a-solas-como-continuara-la-cuarentena-en-el-amba\\\/\",\"url\":\"https:\\\/\\\/diarioprincipios.com\\\/index.php\\\/2020\\\/07\\\/13\\\/kicillof-y-larreta-analizan-a-solas-como-continuara-la-cuarentena-en-el-amba\\\/\",\"name\":\"Kicillof y Larreta analizan a solas c\u00f3mo continuar\u00e1 la cuarentena en el AMBA - Principios\",\"isPartOf\":{\"@id\":\"https:\\\/\\\/diarioprincipios.com\\\/#website\"},\"primaryImageOfPage\":{\"@id\":\"https:\\\/\\\/diarioprincipios.com\\\/index.php\\\/2020\\\/07\\\/13\\\/kicillof-y-larreta-analizan-a-solas-como-continuara-la-cuarentena-en-el-amba\\\/#primaryimage\"},\"image\":{\"@id\":\"https:\\\/\\\/diarioprincipios.com\\\/index.php\\\/2020\\\/07\\\/13\\\/kicillof-y-larreta-analizan-a-solas-como-continuara-la-cuarentena-en-el-amba\\\/#primaryimage\"},\"thumbnailUrl\":\"https:\\\/\\\/diarioprincipios.com\\\/wp-content\\\/uploads\\\/2020\\\/07\\\/axel-kicillof-y-horacio-rodriguez-larreta-955867.jpg\",\"datePublished\":\"2020-07-13T13:48:54+00:00\",\"dateModified\":\"2020-07-13T13:48:57+00:00\",\"breadcrumb\":{\"@id\":\"https:\\\/\\\/diarioprincipios.com\\\/index.php\\\/2020\\\/07\\\/13\\\/kicillof-y-larreta-analizan-a-solas-como-continuara-la-cuarentena-en-el-amba\\\/#breadcrumb\"},\"inLanguage\":\"es\",\"potentialAction\":[{\"@type\":\"ReadAction\",\"target\":[\"https:\\\/\\\/diarioprincipios.com\\\/index.php\\\/2020\\\/07\\\/13\\\/kicillof-y-larreta-analizan-a-solas-como-continuara-la-cuarentena-en-el-amba\\\/\"]}]},{\"@type\":\"ImageObject\",\"inLanguage\":\"es\",\"@id\":\"https:\\\/\\\/diarioprincipios.com\\\/index.php\\\/2020\\\/07\\\/13\\\/kicillof-y-larreta-analizan-a-solas-como-continuara-la-cuarentena-en-el-amba\\\/#primaryimage\",\"url\":\"https:\\\/\\\/diarioprincipios.com\\\/wp-content\\\/uploads\\\/2020\\\/07\\\/axel-kicillof-y-horacio-rodriguez-larreta-955867.jpg\",\"contentUrl\":\"https:\\\/\\\/diarioprincipios.com\\\/wp-content\\\/uploads\\\/2020\\\/07\\\/axel-kicillof-y-horacio-rodriguez-larreta-955867.jpg\",\"width\":1280,\"height\":720},{\"@type\":\"BreadcrumbList\",\"@id\":\"https:\\\/\\\/diarioprincipios.com\\\/index.php\\\/2020\\\/07\\\/13\\\/kicillof-y-larreta-analizan-a-solas-como-continuara-la-cuarentena-en-el-amba\\\/#breadcrumb\",\"itemListElement\":[{\"@type\":\"ListItem\",\"position\":1,\"name\":\"Portada\",\"item\":\"https:\\\/\\\/diarioprincipios.com\\\/\"},{\"@type\":\"ListItem\",\"position\":2,\"name\":\"Kicillof y Larreta analizan a solas c\u00f3mo continuar\u00e1 la cuarentena en el AMBA\"}]},{\"@type\":\"WebSite\",\"@id\":\"https:\\\/\\\/diarioprincipios.com\\\/#website\",\"url\":\"https:\\\/\\\/diarioprincipios.com\\\/\",\"name\":\"Principios\",\"description\":\"Principios Diario\",\"publisher\":{\"@id\":\"https:\\\/\\\/diarioprincipios.com\\\/#organization\"},\"potentialAction\":[{\"@type\":\"SearchAction\",\"target\":{\"@type\":\"EntryPoint\",\"urlTemplate\":\"https:\\\/\\\/diarioprincipios.com\\\/?s={search_term_string}\"},\"query-input\":{\"@type\":\"PropertyValueSpecification\",\"valueRequired\":true,\"valueName\":\"search_term_string\"}}],\"inLanguage\":\"es\"},{\"@type\":\"Organization\",\"@id\":\"https:\\\/\\\/diarioprincipios.com\\\/#organization\",\"name\":\"Principios\",\"url\":\"https:\\\/\\\/diarioprincipios.com\\\/\",\"logo\":{\"@type\":\"ImageObject\",\"inLanguage\":\"es\",\"@id\":\"https:\\\/\\\/diarioprincipios.com\\\/#\\\/schema\\\/logo\\\/image\\\/\",\"url\":\"https:\\\/\\\/diarioprincipios.com\\\/wp-content\\\/uploads\\\/2024\\\/04\\\/cropped-www.diarioprincipios.com_-1.png\",\"contentUrl\":\"https:\\\/\\\/diarioprincipios.com\\\/wp-content\\\/uploads\\\/2024\\\/04\\\/cropped-www.diarioprincipios.com_-1.png\",\"width\":5325,\"height\":1454,\"caption\":\"Principios\"},\"image\":{\"@id\":\"https:\\\/\\\/diarioprincipios.com\\\/#\\\/schema\\\/logo\\\/image\\\/\"}},{\"@type\":\"Person\",\"@id\":\"https:\\\/\\\/diarioprincipios.com\\\/#\\\/schema\\\/person\\\/436d5a1fd41a5e250e23ff5a6a7cb080\",\"name\":\"Hern\u00e1n L\u00f3pez\",\"image\":{\"@type\":\"ImageObject\",\"inLanguage\":\"es\",\"@id\":\"https:\\\/\\\/diarioprincipios.com\\\/wp-content\\\/litespeed\\\/avatar\\\/11ddfe5610ff3bd100522525b2571f48.jpg?ver=1777048341\",\"url\":\"https:\\\/\\\/diarioprincipios.com\\\/wp-content\\\/litespeed\\\/avatar\\\/11ddfe5610ff3bd100522525b2571f48.jpg?ver=1777048341\",\"contentUrl\":\"https:\\\/\\\/diarioprincipios.com\\\/wp-content\\\/litespeed\\\/avatar\\\/11ddfe5610ff3bd100522525b2571f48.jpg?ver=1777048341\",\"caption\":\"Hern\u00e1n L\u00f3pez\"},\"url\":\"https:\\\/\\\/diarioprincipios.com\\\/index.php\\\/author\\\/hernan\\\/\"}]}<\/script>\n<!-- \/ Yoast SEO plugin. -->","yoast_head_json":{"title":"Kicillof y Larreta analizan a solas c\u00f3mo continuar\u00e1 la cuarentena en el AMBA - Principios","robots":{"index":"index","follow":"follow","max-snippet":"max-snippet:-1","max-image-preview":"max-image-preview:large","max-video-preview":"max-video-preview:-1"},"canonical":"https:\/\/diarioprincipios.com\/index.php\/2020\/07\/13\/kicillof-y-larreta-analizan-a-solas-como-continuara-la-cuarentena-en-el-amba\/","og_locale":"es_ES","og_type":"article","og_title":"Kicillof y Larreta analizan a solas c\u00f3mo continuar\u00e1 la cuarentena en el AMBA - Principios","og_description":"El gobernador bonaerense, Axel Kicillof, y el jefe de Gobierno porte\u00f1o, Horacio Rodr\u00edguez Larreta, manten\u00edan esta ma\u00f1ana una reuni\u00f3n a solas para analizar el cuadro de situaci\u00f3n de la pandemia en \u00c1rea Metropolitana de Buenos Aires (AMBA) y acordar la forma en que continuar\u00e1 la cuarentena despu\u00e9s del 17 de julio. El encuentro comenz\u00f3 pasadas...","og_url":"https:\/\/diarioprincipios.com\/index.php\/2020\/07\/13\/kicillof-y-larreta-analizan-a-solas-como-continuara-la-cuarentena-en-el-amba\/","og_site_name":"Principios","article_published_time":"2020-07-13T13:48:54+00:00","article_modified_time":"2020-07-13T13:48:57+00:00","og_image":[{"width":1280,"height":720,"url":"https:\/\/diarioprincipios.com\/wp-content\/uploads\/2020\/07\/axel-kicillof-y-horacio-rodriguez-larreta-955867.jpg","type":"image\/jpeg"}],"author":"Hern\u00e1n L\u00f3pez","twitter_card":"summary_large_image","twitter_misc":{"Escrito por":"Hern\u00e1n L\u00f3pez","Tiempo de lectura":"2 minutos"},"schema":{"@context":"https:\/\/schema.org","@graph":[{"@type":"Article","@id":"https:\/\/diarioprincipios.com\/index.php\/2020\/07\/13\/kicillof-y-larreta-analizan-a-solas-como-continuara-la-cuarentena-en-el-amba\/#article","isPartOf":{"@id":"https:\/\/diarioprincipios.com\/index.php\/2020\/07\/13\/kicillof-y-larreta-analizan-a-solas-como-continuara-la-cuarentena-en-el-amba\/"},"author":{"name":"Hern\u00e1n L\u00f3pez","@id":"https:\/\/diarioprincipios.com\/#\/schema\/person\/436d5a1fd41a5e250e23ff5a6a7cb080"},"headline":"Kicillof y Larreta analizan a solas c\u00f3mo continuar\u00e1 la cuarentena en el AMBA","datePublished":"2020-07-13T13:48:54+00:00","dateModified":"2020-07-13T13:48:57+00:00","mainEntityOfPage":{"@id":"https:\/\/diarioprincipios.com\/index.php\/2020\/07\/13\/kicillof-y-larreta-analizan-a-solas-como-continuara-la-cuarentena-en-el-amba\/"},"wordCount":384,"commentCount":0,"publisher":{"@id":"https:\/\/diarioprincipios.com\/#organization"},"image":{"@id":"https:\/\/diarioprincipios.com\/index.php\/2020\/07\/13\/kicillof-y-larreta-analizan-a-solas-como-continuara-la-cuarentena-en-el-amba\/#primaryimage"},"thumbnailUrl":"https:\/\/diarioprincipios.com\/wp-content\/uploads\/2020\/07\/axel-kicillof-y-horacio-rodriguez-larreta-955867.jpg","articleSection":["Naci\u00f3n"],"inLanguage":"es","potentialAction":[{"@type":"CommentAction","name":"Comment","target":["https:\/\/diarioprincipios.com\/index.php\/2020\/07\/13\/kicillof-y-larreta-analizan-a-solas-como-continuara-la-cuarentena-en-el-amba\/#respond"]}]},{"@type":"WebPage","@id":"https:\/\/diarioprincipios.com\/index.php\/2020\/07\/13\/kicillof-y-larreta-analizan-a-solas-como-continuara-la-cuarentena-en-el-amba\/","url":"https:\/\/diarioprincipios.com\/index.php\/2020\/07\/13\/kicillof-y-larreta-analizan-a-solas-como-continuara-la-cuarentena-en-el-amba\/","name":"Kicillof y Larreta analizan a solas c\u00f3mo continuar\u00e1 la cuarentena en el AMBA - Principios","isPartOf":{"@id":"https:\/\/diarioprincipios.com\/#website"},"primaryImageOfPage":{"@id":"https:\/\/diarioprincipios.com\/index.php\/2020\/07\/13\/kicillof-y-larreta-analizan-a-solas-como-continuara-la-cuarentena-en-el-amba\/#primaryimage"},"image":{"@id":"https:\/\/diarioprincipios.com\/index.php\/2020\/07\/13\/kicillof-y-larreta-analizan-a-solas-como-continuara-la-cuarentena-en-el-amba\/#primaryimage"},"thumbnailUrl":"https:\/\/diarioprincipios.com\/wp-content\/uploads\/2020\/07\/axel-kicillof-y-horacio-rodriguez-larreta-955867.jpg","datePublished":"2020-07-13T13:48:54+00:00","dateModified":"2020-07-13T13:48:57+00:00","breadcrumb":{"@id":"https:\/\/diarioprincipios.com\/index.php\/2020\/07\/13\/kicillof-y-larreta-analizan-a-solas-como-continuara-la-cuarentena-en-el-amba\/#breadcrumb"},"inLanguage":"es","potentialAction":[{"@type":"ReadAction","target":["https:\/\/diarioprincipios.com\/index.php\/2020\/07\/13\/kicillof-y-larreta-analizan-a-solas-como-continuara-la-cuarentena-en-el-amba\/"]}]},{"@type":"ImageObject","inLanguage":"es","@id":"https:\/\/diarioprincipios.com\/index.php\/2020\/07\/13\/kicillof-y-larreta-analizan-a-solas-como-continuara-la-cuarentena-en-el-amba\/#primaryimage","url":"https:\/\/diarioprincipios.com\/wp-content\/uploads\/2020\/07\/axel-kicillof-y-horacio-rodriguez-larreta-955867.jpg","contentUrl":"https:\/\/diarioprincipios.com\/wp-content\/uploads\/2020\/07\/axel-kicillof-y-horacio-rodriguez-larreta-955867.jpg","width":1280,"height":720},{"@type":"BreadcrumbList","@id":"https:\/\/diarioprincipios.com\/index.php\/2020\/07\/13\/kicillof-y-larreta-analizan-a-solas-como-continuara-la-cuarentena-en-el-amba\/#breadcrumb","itemListElement":[{"@type":"ListItem","position":1,"name":"Portada","item":"https:\/\/diarioprincipios.com\/"},{"@type":"ListItem","position":2,"name":"Kicillof y Larreta analizan a solas c\u00f3mo continuar\u00e1 la cuarentena en el AMBA"}]},{"@type":"WebSite","@id":"https:\/\/diarioprincipios.com\/#website","url":"https:\/\/diarioprincipios.com\/","name":"Principios","description":"Principios Diario","publisher":{"@id":"https:\/\/diarioprincipios.com\/#organization"},"potentialAction":[{"@type":"SearchAction","target":{"@type":"EntryPoint","urlTemplate":"https:\/\/diarioprincipios.com\/?s={search_term_string}"},"query-input":{"@type":"PropertyValueSpecification","valueRequired":true,"valueName":"search_term_string"}}],"inLanguage":"es"},{"@type":"Organization","@id":"https:\/\/diarioprincipios.com\/#organization","name":"Principios","url":"https:\/\/diarioprincipios.com\/","logo":{"@type":"ImageObject","inLanguage":"es","@id":"https:\/\/diarioprincipios.com\/#\/schema\/logo\/image\/","url":"https:\/\/diarioprincipios.com\/wp-content\/uploads\/2024\/04\/cropped-www.diarioprincipios.com_-1.png","contentUrl":"https:\/\/diarioprincipios.com\/wp-content\/uploads\/2024\/04\/cropped-www.diarioprincipios.com_-1.png","width":5325,"height":1454,"caption":"Principios"},"image":{"@id":"https:\/\/diarioprincipios.com\/#\/schema\/logo\/image\/"}},{"@type":"Person","@id":"https:\/\/diarioprincipios.com\/#\/schema\/person\/436d5a1fd41a5e250e23ff5a6a7cb080","name":"Hern\u00e1n L\u00f3pez","image":{"@type":"ImageObject","inLanguage":"es","@id":"https:\/\/diarioprincipios.com\/wp-content\/litespeed\/avatar\/11ddfe5610ff3bd100522525b2571f48.jpg?ver=1777048341","url":"https:\/\/diarioprincipios.com\/wp-content\/litespeed\/avatar\/11ddfe5610ff3bd100522525b2571f48.jpg?ver=1777048341","contentUrl":"https:\/\/diarioprincipios.com\/wp-content\/litespeed\/avatar\/11ddfe5610ff3bd100522525b2571f48.jpg?ver=1777048341","caption":"Hern\u00e1n L\u00f3pez"},"url":"https:\/\/diarioprincipios.com\/index.php\/author\/hernan\/"}]}},"jetpack_featured_media_url":"https:\/\/diarioprincipios.com\/wp-content\/uploads\/2020\/07\/axel-kicillof-y-horacio-rodriguez-larreta-955867.jpg","_links":{"self":[{"href":"https:\/\/diarioprincipios.com\/index.php\/wp-json\/wp\/v2\/posts\/3825","targetHints":{"allow":["GET"]}}],"collection":[{"href":"https:\/\/diarioprincipios.com\/index.php\/wp-json\/wp\/v2\/posts"}],"about":[{"href":"https:\/\/diarioprincipios.com\/index.php\/wp-json\/wp\/v2\/types\/post"}],"author":[{"embeddable":true,"href":"https:\/\/diarioprincipios.com\/index.php\/wp-json\/wp\/v2\/users\/2"}],"replies":[{"embeddable":true,"href":"https:\/\/diarioprincipios.com\/index.php\/wp-json\/wp\/v2\/comments?post=3825"}],"version-history":[{"count":1,"href":"https:\/\/diarioprincipios.com\/index.php\/wp-json\/wp\/v2\/posts\/3825\/revisions"}],"predecessor-version":[{"id":3827,"href":"https:\/\/diarioprincipios.com\/index.php\/wp-json\/wp\/v2\/posts\/3825\/revisions\/3827"}],"wp:featuredmedia":[{"embeddable":true,"href":"https:\/\/diarioprincipios.com\/index.php\/wp-json\/wp\/v2\/media\/3826"}],"wp:attachment":[{"href":"https:\/\/diarioprincipios.com\/index.php\/wp-json\/wp\/v2\/media?parent=3825"}],"wp:term":[{"taxonomy":"category","embeddable":true,"href":"https:\/\/diarioprincipios.com\/index.php\/wp-json\/wp\/v2\/categories?post=3825"},{"taxonomy":"post_tag","embeddable":true,"href":"https:\/\/diarioprincipios.com\/index.php\/wp-json\/wp\/v2\/tags?post=3825"}],"curies":[{"name":"wp","href":"https:\/\/api.w.org\/{rel}","templated":true}]}}